{"id":3448,"date":"2020-08-28T19:10:42","date_gmt":"2020-08-28T19:10:42","guid":{"rendered":"https:\/\/noti-america.com\/site\/repdom\/?p=3448"},"modified":"2020-08-28T19:10:42","modified_gmt":"2020-08-28T19:10:42","slug":"anderson-hernandez-anuncia-su-retiro-del-beisbol","status":"publish","type":"post","link":"https:\/\/noti-america.com\/site\/repdom\/2020\/08\/28\/anderson-hernandez-anuncia-su-retiro-del-beisbol\/","title":{"rendered":"Anderson Hern\u00e1ndez anuncia su retiro del b\u00e9isbol"},"content":{"rendered":"<div class=\"video-container\"><iframe loading=\"lazy\" title=\"Anderson Hern\u00e1ndez retira del b\u00e9isbol profesional.\" width=\"500\" height=\"281\" src=\"https:\/\/www.youtube.com\/embed\/RitNFtXa9zM?feature=oembed&#038;wmode=opaque\" frameborder=\"0\" allow=\"accelerometer; autoplay; clipboard-write; encrypted-media; gyroscope; picture-in-picture; web-share\" referrerpolicy=\"strict-origin-when-cross-origin\" allowfullscreen><\/iframe><\/div>\n<p style=\"text-align: justify\">El veterano infielder Anderson Hern\u00e1ndez dijo adi\u00f3s b\u00e9isbol luego de 16 temporadas en el b\u00e9isbol invernal dominicano, jugando con los Tigres del Licey y las Estrellas Orientales, respectivamente.<\/p>\n<p style=\"text-align: justify\">A trav\u00e9s del story de su cuenta de Instagram, El Menor, como es conocido popularmente entre la afici\u00f3n beisbol\u00edstica, expres\u00f3 lo siguiente: \u00abHoy he tomado la decisi\u00f3n de retirarme del b\u00e9isbol, le doy gracias a Dios por permitirme culminar 20 a\u00f1os de pelota profesional. Gracias a todos mis fan\u00e1ticos por el inmenso apoyo, gracias Tigres del Licey y Estrellas Orientales por la oportunidad brindada, por permitirme ser parte de sus filas, se despide El Menor\u00bb.<\/p>\n<p><img loading=\"lazy\" decoding=\"async\" class=\"alignnone size-medium wp-image-3449\" src=\"https:\/\/noti-america.com\/site\/repdom\/wp-content\/uploads\/sites\/6\/2020\/08\/Story-169x300.jpg\" alt=\"\" width=\"169\" height=\"300\" srcset=\"https:\/\/noti-america.com\/site\/repdom\/wp-content\/uploads\/sites\/6\/2020\/08\/Story-169x300.jpg 169w, https:\/\/noti-america.com\/site\/repdom\/wp-content\/uploads\/sites\/6\/2020\/08\/Story-576x1024.jpg 576w, https:\/\/noti-america.com\/site\/repdom\/wp-content\/uploads\/sites\/6\/2020\/08\/Story-768x1365.jpg 768w, https:\/\/noti-america.com\/site\/repdom\/wp-content\/uploads\/sites\/6\/2020\/08\/Story-864x1536.jpg 864w, https:\/\/noti-america.com\/site\/repdom\/wp-content\/uploads\/sites\/6\/2020\/08\/Story.jpg 1152w\" sizes=\"auto, (max-width: 169px) 100vw, 169px\" \/><\/p>\n<p style=\"text-align: justify\">Cabe destacar que Hern\u00e1ndez milit\u00f3 16 temporadas en la LIDOM con los Tigres del Licey y las Estrellas Orientales, bateando para .267, con 504 hits, 82 dobles, 23 triples, 9 cuadrangulares y 183 carreras remolcadas, adem\u00e1s de ganar el premio Novato del A\u00f1o en la temporada 2005-06, contribuyendo al campeonato obtenido por los felinos en esa campa\u00f1a, donde junto a Erick Aybar, se gan\u00f3 el mote de \u00abEl Menor\u00bb por su juego r\u00e1pido y bateo oportuno, adem\u00e1s de su defensa en la intermedia.<\/p>\n<p style=\"text-align: justify\">Obtuvo tambi\u00e9n el premio de Jugador M\u00e1s Valioso de la Serie Final del 2005-06 y de la Serie Final del 2008-09. En los playoffs de la LIDOM, Hern\u00e1ndez tuvo promedio de .304, con 206 hits, 31 dobles, 9 triples, 5 vuelacercas y 69 carreras empujadas.<\/p>\n<p style=\"text-align: justify\">En las Grandes Ligas jug\u00f3 por espacio de 6 temporadas con los Mets de Nueva York, Nacionales de Washington, Indios de Cleveland y Astros de Houston, bateando para .241, 155 hits, 25 dobles, 5 triples, 4 jonrones, 60 impulsadas y 10 bases robadas.<\/p>\n","protected":false},"excerpt":{"rendered":"<p>El veterano infielder Anderson Hern\u00e1ndez dijo adi\u00f3s b\u00e9isbol luego de 16 temporadas en el b\u00e9isbol invernal dominicano, jugando con los Tigres del Licey y las Estrellas Orientales, respectivamente. A trav\u00e9s del story de su&#46;&#46;&#46;<\/p>\n","protected":false},"author":89,"featured_media":3450,"comment_status":"open","ping_status":"open","sticky":false,"template":"","format":"standard","meta":{"_acf_changed":false,"rop_custom_images_group":[],"rop_custom_messages_group":[],"rop_publish_now":"initial","rop_publish_now_accounts":[],"rop_publish_now_history":[],"rop_publish_now_status":"pending","footnotes":""},"categories":[16],"tags":[295,119,235,158,221,122,127,217,123,296,148],"class_list":["post-3448","post","type-post","status-publish","format-standard","has-post-thumbnail","hentry","category-deportes","tag-anderson-hernandez","tag-beisbol-dominicano","tag-cleveland-indians","tag-estrellas-orientales","tag-houston-astros","tag-liga-dominicana-de-beisbol-profesional","tag-major-league-baseball","tag-new-york-mets","tag-peloteros-dominicanos","tag-tigres-del-licey","tag-washington-nationals"],"acf":[],"yoast_head":"<!-- This site is optimized with the Yoast SEO Premium plugin v24.9 (Yoast SEO v27.2) - https:\/\/yoast.com\/product\/yoast-seo-premium-wordpress\/ -->\n<title>Anderson Hern\u00e1ndez anuncia su retiro del b\u00e9isbol - Rep. Dominicana | Noti-America.com<\/title>\n<meta name=\"robots\" content=\"index, follow, max-snippet:-1, max-image-preview:large, max-video-preview:-1\" \/>\n<link rel=\"canonical\" href=\"https:\/\/noti-america.com\/site\/repdom\/2020\/08\/28\/anderson-hernandez-anuncia-su-retiro-del-beisbol\/\" \/>\n<meta property=\"og:locale\" content=\"es_ES\" \/>\n<meta property=\"og:type\" content=\"article\" \/>\n<meta property=\"og:title\" content=\"Anderson Hern\u00e1ndez anuncia su retiro del b\u00e9isbol\" \/>\n<meta property=\"og:description\" content=\"El veterano infielder Anderson Hern\u00e1ndez dijo adi\u00f3s b\u00e9isbol luego de 16 temporadas en el b\u00e9isbol invernal dominicano, jugando con los Tigres del Licey y las Estrellas Orientales, respectivamente. A trav\u00e9s del story de su&#046;&#046;&#046;\" \/>\n<meta property=\"og:url\" content=\"https:\/\/noti-america.com\/site\/repdom\/2020\/08\/28\/anderson-hernandez-anuncia-su-retiro-del-beisbol\/\" \/>\n<meta property=\"og:site_name\" content=\"Rep. Dominicana | Noti-America.com\" \/>\n<meta property=\"article:published_time\" content=\"2020-08-28T19:10:42+00:00\" \/>\n<meta property=\"og:image\" content=\"https:\/\/noti-america.com\/site\/repdom\/wp-content\/uploads\/sites\/6\/2020\/08\/Anderson-Hernandez.jpg\" \/>\n\t<meta property=\"og:image:width\" content=\"1408\" \/>\n\t<meta property=\"og:image:height\" content=\"1056\" \/>\n\t<meta property=\"og:image:type\" content=\"image\/jpeg\" \/>\n<meta name=\"author\" content=\"Ad\u00e1n Soriano\" \/>\n<meta name=\"twitter:card\" content=\"summary_large_image\" \/>\n<meta name=\"twitter:creator\" content=\"@adansoriano\" \/>\n<meta name=\"twitter:label1\" content=\"Escrito por\" \/>\n\t<meta name=\"twitter:data1\" content=\"Ad\u00e1n Soriano\" \/>\n\t<meta name=\"twitter:label2\" content=\"Tiempo estimado de lectura\" \/>\n\t<meta name=\"twitter:data2\" content=\"1 minuto\" \/>\n<script type=\"application\/ld+json\" class=\"yoast-schema-graph\">{\"@context\":\"https:\/\/schema.org\",\"@graph\":[{\"@type\":\"Article\",\"@id\":\"https:\/\/noti-america.com\/site\/repdom\/2020\/08\/28\/anderson-hernandez-anuncia-su-retiro-del-beisbol\/#article\",\"isPartOf\":{\"@id\":\"https:\/\/noti-america.com\/site\/repdom\/2020\/08\/28\/anderson-hernandez-anuncia-su-retiro-del-beisbol\/\"},\"author\":{\"name\":\"Ad\u00e1n Soriano\",\"@id\":\"https:\/\/noti-america.com\/site\/repdom\/#\/schema\/person\/fd0092c1530d275fabaa5cffcbc2b976\"},\"headline\":\"Anderson Hern\u00e1ndez anuncia su retiro del b\u00e9isbol\",\"datePublished\":\"2020-08-28T19:10:42+00:00\",\"mainEntityOfPage\":{\"@id\":\"https:\/\/noti-america.com\/site\/repdom\/2020\/08\/28\/anderson-hernandez-anuncia-su-retiro-del-beisbol\/\"},\"wordCount\":288,\"commentCount\":0,\"publisher\":{\"@id\":\"https:\/\/noti-america.com\/site\/repdom\/#organization\"},\"image\":{\"@id\":\"https:\/\/noti-america.com\/site\/repdom\/2020\/08\/28\/anderson-hernandez-anuncia-su-retiro-del-beisbol\/#primaryimage\"},\"thumbnailUrl\":\"https:\/\/noti-america.com\/site\/repdom\/wp-content\/uploads\/sites\/6\/2020\/08\/Anderson-Hernandez.jpg\",\"keywords\":[\"Anderson Hern\u00e1ndez\",\"B\u00e9isbol Dominicano\",\"Cleveland Indians\",\"Estrellas Orientales\",\"Houston Astros\",\"Liga Dominicana de B\u00e9isbol Profesional\",\"Major League Baseball\",\"New York Mets\",\"Peloteros Dominicanos\",\"Tigres del Licey\",\"Washington Nationals\"],\"articleSection\":[\"Deportes\"],\"inLanguage\":\"es\",\"potentialAction\":[{\"@type\":\"CommentAction\",\"name\":\"Comment\",\"target\":[\"https:\/\/noti-america.com\/site\/repdom\/2020\/08\/28\/anderson-hernandez-anuncia-su-retiro-del-beisbol\/#respond\"]}]},{\"@type\":\"WebPage\",\"@id\":\"https:\/\/noti-america.com\/site\/repdom\/2020\/08\/28\/anderson-hernandez-anuncia-su-retiro-del-beisbol\/\",\"url\":\"https:\/\/noti-america.com\/site\/repdom\/2020\/08\/28\/anderson-hernandez-anuncia-su-retiro-del-beisbol\/\",\"name\":\"Anderson Hern\u00e1ndez anuncia su retiro del b\u00e9isbol - Rep. Dominicana | Noti-America.com\",\"isPartOf\":{\"@id\":\"https:\/\/noti-america.com\/site\/repdom\/#website\"},\"primaryImageOfPage\":{\"@id\":\"https:\/\/noti-america.com\/site\/repdom\/2020\/08\/28\/anderson-hernandez-anuncia-su-retiro-del-beisbol\/#primaryimage\"},\"image\":{\"@id\":\"https:\/\/noti-america.com\/site\/repdom\/2020\/08\/28\/anderson-hernandez-anuncia-su-retiro-del-beisbol\/#primaryimage\"},\"thumbnailUrl\":\"https:\/\/noti-america.com\/site\/repdom\/wp-content\/uploads\/sites\/6\/2020\/08\/Anderson-Hernandez.jpg\",\"datePublished\":\"2020-08-28T19:10:42+00:00\",\"breadcrumb\":{\"@id\":\"https:\/\/noti-america.com\/site\/repdom\/2020\/08\/28\/anderson-hernandez-anuncia-su-retiro-del-beisbol\/#breadcrumb\"},\"inLanguage\":\"es\",\"potentialAction\":[{\"@type\":\"ReadAction\",\"target\":[\"https:\/\/noti-america.com\/site\/repdom\/2020\/08\/28\/anderson-hernandez-anuncia-su-retiro-del-beisbol\/\"]}]},{\"@type\":\"ImageObject\",\"inLanguage\":\"es\",\"@id\":\"https:\/\/noti-america.com\/site\/repdom\/2020\/08\/28\/anderson-hernandez-anuncia-su-retiro-del-beisbol\/#primaryimage\",\"url\":\"https:\/\/noti-america.com\/site\/repdom\/wp-content\/uploads\/sites\/6\/2020\/08\/Anderson-Hernandez.jpg\",\"contentUrl\":\"https:\/\/noti-america.com\/site\/repdom\/wp-content\/uploads\/sites\/6\/2020\/08\/Anderson-Hernandez.jpg\",\"width\":1408,\"height\":1056},{\"@type\":\"BreadcrumbList\",\"@id\":\"https:\/\/noti-america.com\/site\/repdom\/2020\/08\/28\/anderson-hernandez-anuncia-su-retiro-del-beisbol\/#breadcrumb\",\"itemListElement\":[{\"@type\":\"ListItem\",\"position\":1,\"name\":\"Portada\",\"item\":\"https:\/\/noti-america.com\/site\/repdom\/\"},{\"@type\":\"ListItem\",\"position\":2,\"name\":\"Anderson Hern\u00e1ndez anuncia su retiro del b\u00e9isbol\"}]},{\"@type\":\"WebSite\",\"@id\":\"https:\/\/noti-america.com\/site\/repdom\/#website\",\"url\":\"https:\/\/noti-america.com\/site\/repdom\/\",\"name\":\"Rep. Dominicana | Noti-America.com\",\"description\":\"\",\"publisher\":{\"@id\":\"https:\/\/noti-america.com\/site\/repdom\/#organization\"},\"potentialAction\":[{\"@type\":\"SearchAction\",\"target\":{\"@type\":\"EntryPoint\",\"urlTemplate\":\"https:\/\/noti-america.com\/site\/repdom\/?s={search_term_string}\"},\"query-input\":{\"@type\":\"PropertyValueSpecification\",\"valueRequired\":true,\"valueName\":\"search_term_string\"}}],\"inLanguage\":\"es\"},{\"@type\":\"Organization\",\"@id\":\"https:\/\/noti-america.com\/site\/repdom\/#organization\",\"name\":\"Noti-America LLC | Rep\u00fablica Dominicana\",\"url\":\"https:\/\/noti-america.com\/site\/repdom\/\",\"logo\":{\"@type\":\"ImageObject\",\"inLanguage\":\"es\",\"@id\":\"https:\/\/noti-america.com\/site\/repdom\/#\/schema\/logo\/image\/\",\"url\":\"https:\/\/noti-america.com\/site\/repdom\/wp-content\/uploads\/sites\/6\/2020\/07\/LogoNA-4x3-1.jpg\",\"contentUrl\":\"https:\/\/noti-america.com\/site\/repdom\/wp-content\/uploads\/sites\/6\/2020\/07\/LogoNA-4x3-1.jpg\",\"width\":1236,\"height\":1080,\"caption\":\"Noti-America LLC | Rep\u00fablica Dominicana\"},\"image\":{\"@id\":\"https:\/\/noti-america.com\/site\/repdom\/#\/schema\/logo\/image\/\"}},{\"@type\":\"Person\",\"@id\":\"https:\/\/noti-america.com\/site\/repdom\/#\/schema\/person\/fd0092c1530d275fabaa5cffcbc2b976\",\"name\":\"Ad\u00e1n Soriano\",\"image\":{\"@type\":\"ImageObject\",\"inLanguage\":\"es\",\"@id\":\"https:\/\/secure.gravatar.com\/avatar\/ecf97ff3aee7ff9efdae670d7e976f3e7e8acc1077e510d73707999a8bfd4467?s=96&d=mm&r=g\",\"url\":\"https:\/\/secure.gravatar.com\/avatar\/ecf97ff3aee7ff9efdae670d7e976f3e7e8acc1077e510d73707999a8bfd4467?s=96&d=mm&r=g\",\"contentUrl\":\"https:\/\/secure.gravatar.com\/avatar\/ecf97ff3aee7ff9efdae670d7e976f3e7e8acc1077e510d73707999a8bfd4467?s=96&d=mm&r=g\",\"caption\":\"Ad\u00e1n Soriano\"},\"description\":\"Soy cronista deportivo con 10 a\u00f1os de experiencia en varios espacios, y conduzco el podcast deportivo llamado Mezcla Deportiva\",\"sameAs\":[\"https:\/\/x.com\/adansoriano\"],\"url\":\"https:\/\/noti-america.com\/site\/repdom\/author\/asoriano\/\"}]}<\/script>\n<!-- \/ Yoast SEO Premium plugin. -->","yoast_head_json":{"title":"Anderson Hern\u00e1ndez anuncia su retiro del b\u00e9isbol - Rep. Dominicana | Noti-America.com","robots":{"index":"index","follow":"follow","max-snippet":"max-snippet:-1","max-image-preview":"max-image-preview:large","max-video-preview":"max-video-preview:-1"},"canonical":"https:\/\/noti-america.com\/site\/repdom\/2020\/08\/28\/anderson-hernandez-anuncia-su-retiro-del-beisbol\/","og_locale":"es_ES","og_type":"article","og_title":"Anderson Hern\u00e1ndez anuncia su retiro del b\u00e9isbol","og_description":"El veterano infielder Anderson Hern\u00e1ndez dijo adi\u00f3s b\u00e9isbol luego de 16 temporadas en el b\u00e9isbol invernal dominicano, jugando con los Tigres del Licey y las Estrellas Orientales, respectivamente. A trav\u00e9s del story de su&#46;&#46;&#46;","og_url":"https:\/\/noti-america.com\/site\/repdom\/2020\/08\/28\/anderson-hernandez-anuncia-su-retiro-del-beisbol\/","og_site_name":"Rep. Dominicana | Noti-America.com","article_published_time":"2020-08-28T19:10:42+00:00","og_image":[{"width":1408,"height":1056,"url":"https:\/\/noti-america.com\/site\/repdom\/wp-content\/uploads\/sites\/6\/2020\/08\/Anderson-Hernandez.jpg","type":"image\/jpeg"}],"author":"Ad\u00e1n Soriano","twitter_card":"summary_large_image","twitter_creator":"@adansoriano","twitter_misc":{"Escrito por":"Ad\u00e1n Soriano","Tiempo estimado de lectura":"1 minuto"},"schema":{"@context":"https:\/\/schema.org","@graph":[{"@type":"Article","@id":"https:\/\/noti-america.com\/site\/repdom\/2020\/08\/28\/anderson-hernandez-anuncia-su-retiro-del-beisbol\/#article","isPartOf":{"@id":"https:\/\/noti-america.com\/site\/repdom\/2020\/08\/28\/anderson-hernandez-anuncia-su-retiro-del-beisbol\/"},"author":{"name":"Ad\u00e1n Soriano","@id":"https:\/\/noti-america.com\/site\/repdom\/#\/schema\/person\/fd0092c1530d275fabaa5cffcbc2b976"},"headline":"Anderson Hern\u00e1ndez anuncia su retiro del b\u00e9isbol","datePublished":"2020-08-28T19:10:42+00:00","mainEntityOfPage":{"@id":"https:\/\/noti-america.com\/site\/repdom\/2020\/08\/28\/anderson-hernandez-anuncia-su-retiro-del-beisbol\/"},"wordCount":288,"commentCount":0,"publisher":{"@id":"https:\/\/noti-america.com\/site\/repdom\/#organization"},"image":{"@id":"https:\/\/noti-america.com\/site\/repdom\/2020\/08\/28\/anderson-hernandez-anuncia-su-retiro-del-beisbol\/#primaryimage"},"thumbnailUrl":"https:\/\/noti-america.com\/site\/repdom\/wp-content\/uploads\/sites\/6\/2020\/08\/Anderson-Hernandez.jpg","keywords":["Anderson Hern\u00e1ndez","B\u00e9isbol Dominicano","Cleveland Indians","Estrellas Orientales","Houston Astros","Liga Dominicana de B\u00e9isbol Profesional","Major League Baseball","New York Mets","Peloteros Dominicanos","Tigres del Licey","Washington Nationals"],"articleSection":["Deportes"],"inLanguage":"es","potentialAction":[{"@type":"CommentAction","name":"Comment","target":["https:\/\/noti-america.com\/site\/repdom\/2020\/08\/28\/anderson-hernandez-anuncia-su-retiro-del-beisbol\/#respond"]}]},{"@type":"WebPage","@id":"https:\/\/noti-america.com\/site\/repdom\/2020\/08\/28\/anderson-hernandez-anuncia-su-retiro-del-beisbol\/","url":"https:\/\/noti-america.com\/site\/repdom\/2020\/08\/28\/anderson-hernandez-anuncia-su-retiro-del-beisbol\/","name":"Anderson Hern\u00e1ndez anuncia su retiro del b\u00e9isbol - Rep. Dominicana | Noti-America.com","isPartOf":{"@id":"https:\/\/noti-america.com\/site\/repdom\/#website"},"primaryImageOfPage":{"@id":"https:\/\/noti-america.com\/site\/repdom\/2020\/08\/28\/anderson-hernandez-anuncia-su-retiro-del-beisbol\/#primaryimage"},"image":{"@id":"https:\/\/noti-america.com\/site\/repdom\/2020\/08\/28\/anderson-hernandez-anuncia-su-retiro-del-beisbol\/#primaryimage"},"thumbnailUrl":"https:\/\/noti-america.com\/site\/repdom\/wp-content\/uploads\/sites\/6\/2020\/08\/Anderson-Hernandez.jpg","datePublished":"2020-08-28T19:10:42+00:00","breadcrumb":{"@id":"https:\/\/noti-america.com\/site\/repdom\/2020\/08\/28\/anderson-hernandez-anuncia-su-retiro-del-beisbol\/#breadcrumb"},"inLanguage":"es","potentialAction":[{"@type":"ReadAction","target":["https:\/\/noti-america.com\/site\/repdom\/2020\/08\/28\/anderson-hernandez-anuncia-su-retiro-del-beisbol\/"]}]},{"@type":"ImageObject","inLanguage":"es","@id":"https:\/\/noti-america.com\/site\/repdom\/2020\/08\/28\/anderson-hernandez-anuncia-su-retiro-del-beisbol\/#primaryimage","url":"https:\/\/noti-america.com\/site\/repdom\/wp-content\/uploads\/sites\/6\/2020\/08\/Anderson-Hernandez.jpg","contentUrl":"https:\/\/noti-america.com\/site\/repdom\/wp-content\/uploads\/sites\/6\/2020\/08\/Anderson-Hernandez.jpg","width":1408,"height":1056},{"@type":"BreadcrumbList","@id":"https:\/\/noti-america.com\/site\/repdom\/2020\/08\/28\/anderson-hernandez-anuncia-su-retiro-del-beisbol\/#breadcrumb","itemListElement":[{"@type":"ListItem","position":1,"name":"Portada","item":"https:\/\/noti-america.com\/site\/repdom\/"},{"@type":"ListItem","position":2,"name":"Anderson Hern\u00e1ndez anuncia su retiro del b\u00e9isbol"}]},{"@type":"WebSite","@id":"https:\/\/noti-america.com\/site\/repdom\/#website","url":"https:\/\/noti-america.com\/site\/repdom\/","name":"Rep. Dominicana | Noti-America.com","description":"","publisher":{"@id":"https:\/\/noti-america.com\/site\/repdom\/#organization"},"potentialAction":[{"@type":"SearchAction","target":{"@type":"EntryPoint","urlTemplate":"https:\/\/noti-america.com\/site\/repdom\/?s={search_term_string}"},"query-input":{"@type":"PropertyValueSpecification","valueRequired":true,"valueName":"search_term_string"}}],"inLanguage":"es"},{"@type":"Organization","@id":"https:\/\/noti-america.com\/site\/repdom\/#organization","name":"Noti-America LLC | Rep\u00fablica Dominicana","url":"https:\/\/noti-america.com\/site\/repdom\/","logo":{"@type":"ImageObject","inLanguage":"es","@id":"https:\/\/noti-america.com\/site\/repdom\/#\/schema\/logo\/image\/","url":"https:\/\/noti-america.com\/site\/repdom\/wp-content\/uploads\/sites\/6\/2020\/07\/LogoNA-4x3-1.jpg","contentUrl":"https:\/\/noti-america.com\/site\/repdom\/wp-content\/uploads\/sites\/6\/2020\/07\/LogoNA-4x3-1.jpg","width":1236,"height":1080,"caption":"Noti-America LLC | Rep\u00fablica Dominicana"},"image":{"@id":"https:\/\/noti-america.com\/site\/repdom\/#\/schema\/logo\/image\/"}},{"@type":"Person","@id":"https:\/\/noti-america.com\/site\/repdom\/#\/schema\/person\/fd0092c1530d275fabaa5cffcbc2b976","name":"Ad\u00e1n Soriano","image":{"@type":"ImageObject","inLanguage":"es","@id":"https:\/\/secure.gravatar.com\/avatar\/ecf97ff3aee7ff9efdae670d7e976f3e7e8acc1077e510d73707999a8bfd4467?s=96&d=mm&r=g","url":"https:\/\/secure.gravatar.com\/avatar\/ecf97ff3aee7ff9efdae670d7e976f3e7e8acc1077e510d73707999a8bfd4467?s=96&d=mm&r=g","contentUrl":"https:\/\/secure.gravatar.com\/avatar\/ecf97ff3aee7ff9efdae670d7e976f3e7e8acc1077e510d73707999a8bfd4467?s=96&d=mm&r=g","caption":"Ad\u00e1n Soriano"},"description":"Soy cronista deportivo con 10 a\u00f1os de experiencia en varios espacios, y conduzco el podcast deportivo llamado Mezcla Deportiva","sameAs":["https:\/\/x.com\/adansoriano"],"url":"https:\/\/noti-america.com\/site\/repdom\/author\/asoriano\/"}]}},"_links":{"self":[{"href":"https:\/\/noti-america.com\/site\/repdom\/wp-json\/wp\/v2\/posts\/3448","targetHints":{"allow":["GET"]}}],"collection":[{"href":"https:\/\/noti-america.com\/site\/repdom\/wp-json\/wp\/v2\/posts"}],"about":[{"href":"https:\/\/noti-america.com\/site\/repdom\/wp-json\/wp\/v2\/types\/post"}],"author":[{"embeddable":true,"href":"https:\/\/noti-america.com\/site\/repdom\/wp-json\/wp\/v2\/users\/89"}],"replies":[{"embeddable":true,"href":"https:\/\/noti-america.com\/site\/repdom\/wp-json\/wp\/v2\/comments?post=3448"}],"version-history":[{"count":1,"href":"https:\/\/noti-america.com\/site\/repdom\/wp-json\/wp\/v2\/posts\/3448\/revisions"}],"predecessor-version":[{"id":3451,"href":"https:\/\/noti-america.com\/site\/repdom\/wp-json\/wp\/v2\/posts\/3448\/revisions\/3451"}],"wp:featuredmedia":[{"embeddable":true,"href":"https:\/\/noti-america.com\/site\/repdom\/wp-json\/wp\/v2\/media\/3450"}],"wp:attachment":[{"href":"https:\/\/noti-america.com\/site\/repdom\/wp-json\/wp\/v2\/media?parent=3448"}],"wp:term":[{"taxonomy":"category","embeddable":true,"href":"https:\/\/noti-america.com\/site\/repdom\/wp-json\/wp\/v2\/categories?post=3448"},{"taxonomy":"post_tag","embeddable":true,"href":"https:\/\/noti-america.com\/site\/repdom\/wp-json\/wp\/v2\/tags?post=3448"}],"curies":[{"name":"wp","href":"https:\/\/api.w.org\/{rel}","templated":true}]}}