{"id":34052,"date":"2025-07-31T13:03:40","date_gmt":"2025-07-31T13:03:40","guid":{"rendered":"https:\/\/noti-america.com\/site\/repdom\/?p=34052"},"modified":"2025-07-31T13:06:23","modified_gmt":"2025-07-31T13:06:23","slug":"elpaditv-regresa-a-la-television-abierta-y-define-pautas-para-coberturas-y-especiales","status":"publish","type":"post","link":"https:\/\/noti-america.com\/site\/repdom\/2025\/07\/31\/elpaditv-regresa-a-la-television-abierta-y-define-pautas-para-coberturas-y-especiales\/","title":{"rendered":"ELPADITV regresa a la televisi\u00f3n abierta y define pautas para coberturas y especiales"},"content":{"rendered":"<p data-start=\"239\" data-end=\"514\">NOTI-AMERICA.COM <em>|\u00a0<\/em>REP\u00daBLICA DOMINICANA<\/p>\n<p style=\"text-align: justify\" data-start=\"239\" data-end=\"514\">SANTO DOMINGO &#8211; El espacio deportivo ELPADITV anunci\u00f3 su regreso oficial a la televisi\u00f3n abierta, retomando su formato f\u00edsico desde los estudios de N16 (Canal 16) y SDTV 24 (Canal 24), luego de un per\u00edodo de producci\u00f3n digital a trav\u00e9s de su canal de YouTube.<\/p>\n<p style=\"text-align: justify\" data-start=\"516\" data-end=\"740\">El programa se transmitir\u00e1 en vivo de lunes a viernes, de 12:00 p.m. a 1:00 p.m. por N16, mientras que en SDTV 24 se retransmitir\u00e1 el contenido original de Noticias 16, de lunes a jueves, de 4:00 p.m. a 5:00 p.m.<\/p>\n<p style=\"text-align: justify\" data-start=\"742\" data-end=\"941\">N16 est\u00e1 disponible por televisi\u00f3n por cable y abierta a nivel nacional, adem\u00e1s de su p\u00e1gina web oficial. Por su parte, SDTV 24 puede sintonizarse en Canal 24 de cable y UHF 69 por se\u00f1al abierta.<\/p>\n<h3 style=\"text-align: justify\" data-start=\"948\" data-end=\"984\"><strong>Una nueva etapa para el proyecto<\/strong><\/h3>\n<p style=\"text-align: justify\" data-start=\"986\" data-end=\"1160\">Este regreso al estudio representa un paso importante para la consolidaci\u00f3n del contenido deportivo local, aportando mayor estructura, calidad y dinamismo a cada entrega.<\/p>\n<p style=\"text-align: justify\" data-start=\"986\" data-end=\"1160\">\u201cVolver al formato f\u00edsico es un compromiso renovado con nuestra audiencia, con el contenido profesional y con todos los colegas que forman parte del ecosistema deportivo del pa\u00eds\u201d, expres\u00f3 la direcci\u00f3n de ELPADITV.<\/p>\n<h3 style=\"text-align: justify\" data-start=\"1385\" data-end=\"1420\"><strong>Nuevos lineamientos editoriales<\/strong><\/h3>\n<p style=\"text-align: justify\" data-start=\"1422\" data-end=\"1749\">A partir del 1ro de agosto de 2025, ELPADITV implementar\u00e1 nuevos lineamientos para la gesti\u00f3n de coberturas especiales y publicaciones externas. Toda solicitud de cobertura fuera del contenido previamente planificado, as\u00ed como la publicaci\u00f3n de notas de prensa o colaboraciones externas, tendr\u00e1 un costo asociado.<\/p>\n<p style=\"text-align: justify\" data-start=\"1751\" data-end=\"1779\">Esta pol\u00edtica aplicar\u00e1 para:<\/p>\n<ul style=\"text-align: justify\" data-start=\"1781\" data-end=\"1911\">\n<li data-start=\"1781\" data-end=\"1825\">\n<p data-start=\"1783\" data-end=\"1825\">Redes sociales oficiales de ELPADITV<\/p>\n<\/li>\n<li data-start=\"1826\" data-end=\"1877\">\n<p data-start=\"1828\" data-end=\"1877\">Transmisiones televisivas por N16 y SDTV 24<\/p>\n<\/li>\n<li data-start=\"1878\" data-end=\"1911\">\n<p data-start=\"1880\" data-end=\"1911\">Sitio web oficial del medio<\/p>\n<\/li>\n<\/ul>\n<p style=\"text-align: justify\" data-start=\"1913\" data-end=\"2055\">Esta medida busca garantizar la sostenibilidad del proyecto, optimizar recursos y mantener los est\u00e1ndares de calidad en la producci\u00f3n.<\/p>\n<h3 style=\"text-align: justify\" data-start=\"2062\" data-end=\"2097\"><strong>Equipo de conducci\u00f3n y contacto<\/strong><\/h3>\n<p style=\"text-align: justify\" data-start=\"2099\" data-end=\"2264\">Los talentos principales del espacio son Rafael Padilla (CEO), Jos\u00e9 Ortega y Jeremys Medrano, y pr\u00f3ximamente se anunciar\u00e1n nuevas integraciones al staff.<\/p>\n<p style=\"text-align: justify\" data-start=\"2266\" data-end=\"2442\">Para m\u00e1s informaci\u00f3n sobre publicaciones o coordinaciones de cobertura, los interesados pueden escribir al correo: <a class=\"cursor-pointer\" rel=\"noopener\" data-start=\"2383\" data-end=\"2401\">elpaditv@gmail.com<\/a> o llamar al tel\u00e9fono 809-402-5095.<\/p>\n<p style=\"text-align: justify\" data-start=\"2444\" data-end=\"2569\">Asimismo, todas las plataformas digitales est\u00e1n disponibles en:<br data-start=\"2507\" data-end=\"2510\" \/>\ud83d\udd17 <a class=\"\" href=\"https:\/\/linktr.ee\/elpaditv\" target=\"_new\" rel=\"noopener\" data-start=\"2513\" data-end=\"2569\">https:\/\/linktr.ee\/elpaditv<\/a><\/p>\n","protected":false},"excerpt":{"rendered":"<p>NOTI-AMERICA.COM |\u00a0REP\u00daBLICA DOMINICANA SANTO DOMINGO &#8211; El espacio deportivo ELPADITV anunci\u00f3 su regreso oficial a la televisi\u00f3n abierta, retomando su formato f\u00edsico desde los estudios de N16 (Canal 16) y SDTV 24 (Canal 24),&#46;&#46;&#46;<\/p>\n","protected":false},"author":89,"featured_media":34053,"comment_status":"open","ping_status":"open","sticky":false,"template":"","format":"standard","meta":{"_acf_changed":false,"rop_custom_images_group":[],"rop_custom_messages_group":[],"rop_publish_now":"initial","rop_publish_now_accounts":[],"rop_publish_now_history":[],"rop_publish_now_status":"pending","footnotes":""},"categories":[168],"tags":[4264,2891],"class_list":["post-34052","post","type-post","status-publish","format-standard","has-post-thumbnail","hentry","category-entretenimiento","tag-elpaditv","tag-periodismo-deportivo"],"acf":[],"yoast_head":"<!-- This site is optimized with the Yoast SEO Premium plugin v24.9 (Yoast SEO v27.2) - https:\/\/yoast.com\/product\/yoast-seo-premium-wordpress\/ -->\n<title>ELPADITV regresa a la televisi\u00f3n abierta y define pautas para coberturas y especiales - Rep. Dominicana | Noti-America.com<\/title>\n<meta name=\"robots\" content=\"index, follow, max-snippet:-1, max-image-preview:large, max-video-preview:-1\" \/>\n<link rel=\"canonical\" href=\"https:\/\/noti-america.com\/site\/repdom\/2025\/07\/31\/elpaditv-regresa-a-la-television-abierta-y-define-pautas-para-coberturas-y-especiales\/\" \/>\n<meta property=\"og:locale\" content=\"es_ES\" \/>\n<meta property=\"og:type\" content=\"article\" \/>\n<meta property=\"og:title\" content=\"ELPADITV regresa a la televisi\u00f3n abierta y define pautas para coberturas y especiales\" \/>\n<meta property=\"og:description\" content=\"NOTI-AMERICA.COM |\u00a0REP\u00daBLICA DOMINICANA SANTO DOMINGO &#8211; El espacio deportivo ELPADITV anunci\u00f3 su regreso oficial a la televisi\u00f3n abierta, retomando su formato f\u00edsico desde los estudios de N16 (Canal 16) y SDTV 24 (Canal 24),&#046;&#046;&#046;\" \/>\n<meta property=\"og:url\" content=\"https:\/\/noti-america.com\/site\/repdom\/2025\/07\/31\/elpaditv-regresa-a-la-television-abierta-y-define-pautas-para-coberturas-y-especiales\/\" \/>\n<meta property=\"og:site_name\" content=\"Rep. Dominicana | Noti-America.com\" \/>\n<meta property=\"article:published_time\" content=\"2025-07-31T13:03:40+00:00\" \/>\n<meta property=\"article:modified_time\" content=\"2025-07-31T13:06:23+00:00\" \/>\n<meta property=\"og:image\" content=\"https:\/\/noti-america.com\/site\/repdom\/wp-content\/uploads\/sites\/6\/2025\/07\/WhatsApp-Image-2025-07-30-at-10.43.43-PM.jpeg\" \/>\n\t<meta property=\"og:image:width\" content=\"1080\" \/>\n\t<meta property=\"og:image:height\" content=\"1350\" \/>\n\t<meta property=\"og:image:type\" content=\"image\/jpeg\" \/>\n<meta name=\"author\" content=\"Ad\u00e1n Soriano\" \/>\n<meta name=\"twitter:card\" content=\"summary_large_image\" \/>\n<meta name=\"twitter:creator\" content=\"@adansoriano\" \/>\n<meta name=\"twitter:label1\" content=\"Escrito por\" \/>\n\t<meta name=\"twitter:data1\" content=\"Ad\u00e1n Soriano\" \/>\n\t<meta name=\"twitter:label2\" content=\"Tiempo estimado de lectura\" \/>\n\t<meta name=\"twitter:data2\" content=\"2 minutos\" \/>\n<script type=\"application\/ld+json\" class=\"yoast-schema-graph\">{\"@context\":\"https:\/\/schema.org\",\"@graph\":[{\"@type\":\"Article\",\"@id\":\"https:\/\/noti-america.com\/site\/repdom\/2025\/07\/31\/elpaditv-regresa-a-la-television-abierta-y-define-pautas-para-coberturas-y-especiales\/#article\",\"isPartOf\":{\"@id\":\"https:\/\/noti-america.com\/site\/repdom\/2025\/07\/31\/elpaditv-regresa-a-la-television-abierta-y-define-pautas-para-coberturas-y-especiales\/\"},\"author\":{\"name\":\"Ad\u00e1n Soriano\",\"@id\":\"https:\/\/noti-america.com\/site\/repdom\/#\/schema\/person\/fd0092c1530d275fabaa5cffcbc2b976\"},\"headline\":\"ELPADITV regresa a la televisi\u00f3n abierta y define pautas para coberturas y especiales\",\"datePublished\":\"2025-07-31T13:03:40+00:00\",\"dateModified\":\"2025-07-31T13:06:23+00:00\",\"mainEntityOfPage\":{\"@id\":\"https:\/\/noti-america.com\/site\/repdom\/2025\/07\/31\/elpaditv-regresa-a-la-television-abierta-y-define-pautas-para-coberturas-y-especiales\/\"},\"wordCount\":370,\"commentCount\":0,\"publisher\":{\"@id\":\"https:\/\/noti-america.com\/site\/repdom\/#organization\"},\"image\":{\"@id\":\"https:\/\/noti-america.com\/site\/repdom\/2025\/07\/31\/elpaditv-regresa-a-la-television-abierta-y-define-pautas-para-coberturas-y-especiales\/#primaryimage\"},\"thumbnailUrl\":\"https:\/\/noti-america.com\/site\/repdom\/wp-content\/uploads\/sites\/6\/2025\/07\/WhatsApp-Image-2025-07-30-at-10.43.43-PM.jpeg\",\"keywords\":[\"ELPADITV\",\"Periodismo Deportivo\"],\"articleSection\":[\"Entretenimiento\"],\"inLanguage\":\"es\",\"potentialAction\":[{\"@type\":\"CommentAction\",\"name\":\"Comment\",\"target\":[\"https:\/\/noti-america.com\/site\/repdom\/2025\/07\/31\/elpaditv-regresa-a-la-television-abierta-y-define-pautas-para-coberturas-y-especiales\/#respond\"]}]},{\"@type\":\"WebPage\",\"@id\":\"https:\/\/noti-america.com\/site\/repdom\/2025\/07\/31\/elpaditv-regresa-a-la-television-abierta-y-define-pautas-para-coberturas-y-especiales\/\",\"url\":\"https:\/\/noti-america.com\/site\/repdom\/2025\/07\/31\/elpaditv-regresa-a-la-television-abierta-y-define-pautas-para-coberturas-y-especiales\/\",\"name\":\"ELPADITV regresa a la televisi\u00f3n abierta y define pautas para coberturas y especiales - Rep. Dominicana | Noti-America.com\",\"isPartOf\":{\"@id\":\"https:\/\/noti-america.com\/site\/repdom\/#website\"},\"primaryImageOfPage\":{\"@id\":\"https:\/\/noti-america.com\/site\/repdom\/2025\/07\/31\/elpaditv-regresa-a-la-television-abierta-y-define-pautas-para-coberturas-y-especiales\/#primaryimage\"},\"image\":{\"@id\":\"https:\/\/noti-america.com\/site\/repdom\/2025\/07\/31\/elpaditv-regresa-a-la-television-abierta-y-define-pautas-para-coberturas-y-especiales\/#primaryimage\"},\"thumbnailUrl\":\"https:\/\/noti-america.com\/site\/repdom\/wp-content\/uploads\/sites\/6\/2025\/07\/WhatsApp-Image-2025-07-30-at-10.43.43-PM.jpeg\",\"datePublished\":\"2025-07-31T13:03:40+00:00\",\"dateModified\":\"2025-07-31T13:06:23+00:00\",\"breadcrumb\":{\"@id\":\"https:\/\/noti-america.com\/site\/repdom\/2025\/07\/31\/elpaditv-regresa-a-la-television-abierta-y-define-pautas-para-coberturas-y-especiales\/#breadcrumb\"},\"inLanguage\":\"es\",\"potentialAction\":[{\"@type\":\"ReadAction\",\"target\":[\"https:\/\/noti-america.com\/site\/repdom\/2025\/07\/31\/elpaditv-regresa-a-la-television-abierta-y-define-pautas-para-coberturas-y-especiales\/\"]}]},{\"@type\":\"ImageObject\",\"inLanguage\":\"es\",\"@id\":\"https:\/\/noti-america.com\/site\/repdom\/2025\/07\/31\/elpaditv-regresa-a-la-television-abierta-y-define-pautas-para-coberturas-y-especiales\/#primaryimage\",\"url\":\"https:\/\/noti-america.com\/site\/repdom\/wp-content\/uploads\/sites\/6\/2025\/07\/WhatsApp-Image-2025-07-30-at-10.43.43-PM.jpeg\",\"contentUrl\":\"https:\/\/noti-america.com\/site\/repdom\/wp-content\/uploads\/sites\/6\/2025\/07\/WhatsApp-Image-2025-07-30-at-10.43.43-PM.jpeg\",\"width\":1080,\"height\":1350},{\"@type\":\"BreadcrumbList\",\"@id\":\"https:\/\/noti-america.com\/site\/repdom\/2025\/07\/31\/elpaditv-regresa-a-la-television-abierta-y-define-pautas-para-coberturas-y-especiales\/#breadcrumb\",\"itemListElement\":[{\"@type\":\"ListItem\",\"position\":1,\"name\":\"Portada\",\"item\":\"https:\/\/noti-america.com\/site\/repdom\/\"},{\"@type\":\"ListItem\",\"position\":2,\"name\":\"ELPADITV regresa a la televisi\u00f3n abierta y define pautas para coberturas y especiales\"}]},{\"@type\":\"WebSite\",\"@id\":\"https:\/\/noti-america.com\/site\/repdom\/#website\",\"url\":\"https:\/\/noti-america.com\/site\/repdom\/\",\"name\":\"Rep. Dominicana | Noti-America.com\",\"description\":\"\",\"publisher\":{\"@id\":\"https:\/\/noti-america.com\/site\/repdom\/#organization\"},\"potentialAction\":[{\"@type\":\"SearchAction\",\"target\":{\"@type\":\"EntryPoint\",\"urlTemplate\":\"https:\/\/noti-america.com\/site\/repdom\/?s={search_term_string}\"},\"query-input\":{\"@type\":\"PropertyValueSpecification\",\"valueRequired\":true,\"valueName\":\"search_term_string\"}}],\"inLanguage\":\"es\"},{\"@type\":\"Organization\",\"@id\":\"https:\/\/noti-america.com\/site\/repdom\/#organization\",\"name\":\"Noti-America LLC | Rep\u00fablica Dominicana\",\"url\":\"https:\/\/noti-america.com\/site\/repdom\/\",\"logo\":{\"@type\":\"ImageObject\",\"inLanguage\":\"es\",\"@id\":\"https:\/\/noti-america.com\/site\/repdom\/#\/schema\/logo\/image\/\",\"url\":\"https:\/\/noti-america.com\/site\/repdom\/wp-content\/uploads\/sites\/6\/2020\/07\/LogoNA-4x3-1.jpg\",\"contentUrl\":\"https:\/\/noti-america.com\/site\/repdom\/wp-content\/uploads\/sites\/6\/2020\/07\/LogoNA-4x3-1.jpg\",\"width\":1236,\"height\":1080,\"caption\":\"Noti-America LLC | Rep\u00fablica Dominicana\"},\"image\":{\"@id\":\"https:\/\/noti-america.com\/site\/repdom\/#\/schema\/logo\/image\/\"}},{\"@type\":\"Person\",\"@id\":\"https:\/\/noti-america.com\/site\/repdom\/#\/schema\/person\/fd0092c1530d275fabaa5cffcbc2b976\",\"name\":\"Ad\u00e1n Soriano\",\"image\":{\"@type\":\"ImageObject\",\"inLanguage\":\"es\",\"@id\":\"https:\/\/secure.gravatar.com\/avatar\/ecf97ff3aee7ff9efdae670d7e976f3e7e8acc1077e510d73707999a8bfd4467?s=96&d=mm&r=g\",\"url\":\"https:\/\/secure.gravatar.com\/avatar\/ecf97ff3aee7ff9efdae670d7e976f3e7e8acc1077e510d73707999a8bfd4467?s=96&d=mm&r=g\",\"contentUrl\":\"https:\/\/secure.gravatar.com\/avatar\/ecf97ff3aee7ff9efdae670d7e976f3e7e8acc1077e510d73707999a8bfd4467?s=96&d=mm&r=g\",\"caption\":\"Ad\u00e1n Soriano\"},\"description\":\"Soy cronista deportivo con 10 a\u00f1os de experiencia en varios espacios, y conduzco el podcast deportivo llamado Mezcla Deportiva\",\"sameAs\":[\"https:\/\/x.com\/adansoriano\"],\"url\":\"https:\/\/noti-america.com\/site\/repdom\/author\/asoriano\/\"}]}<\/script>\n<!-- \/ Yoast SEO Premium plugin. -->","yoast_head_json":{"title":"ELPADITV regresa a la televisi\u00f3n abierta y define pautas para coberturas y especiales - Rep. Dominicana | Noti-America.com","robots":{"index":"index","follow":"follow","max-snippet":"max-snippet:-1","max-image-preview":"max-image-preview:large","max-video-preview":"max-video-preview:-1"},"canonical":"https:\/\/noti-america.com\/site\/repdom\/2025\/07\/31\/elpaditv-regresa-a-la-television-abierta-y-define-pautas-para-coberturas-y-especiales\/","og_locale":"es_ES","og_type":"article","og_title":"ELPADITV regresa a la televisi\u00f3n abierta y define pautas para coberturas y especiales","og_description":"NOTI-AMERICA.COM |\u00a0REP\u00daBLICA DOMINICANA SANTO DOMINGO &#8211; El espacio deportivo ELPADITV anunci\u00f3 su regreso oficial a la televisi\u00f3n abierta, retomando su formato f\u00edsico desde los estudios de N16 (Canal 16) y SDTV 24 (Canal 24),&#46;&#46;&#46;","og_url":"https:\/\/noti-america.com\/site\/repdom\/2025\/07\/31\/elpaditv-regresa-a-la-television-abierta-y-define-pautas-para-coberturas-y-especiales\/","og_site_name":"Rep. Dominicana | Noti-America.com","article_published_time":"2025-07-31T13:03:40+00:00","article_modified_time":"2025-07-31T13:06:23+00:00","og_image":[{"width":1080,"height":1350,"url":"https:\/\/noti-america.com\/site\/repdom\/wp-content\/uploads\/sites\/6\/2025\/07\/WhatsApp-Image-2025-07-30-at-10.43.43-PM.jpeg","type":"image\/jpeg"}],"author":"Ad\u00e1n Soriano","twitter_card":"summary_large_image","twitter_creator":"@adansoriano","twitter_misc":{"Escrito por":"Ad\u00e1n Soriano","Tiempo estimado de lectura":"2 minutos"},"schema":{"@context":"https:\/\/schema.org","@graph":[{"@type":"Article","@id":"https:\/\/noti-america.com\/site\/repdom\/2025\/07\/31\/elpaditv-regresa-a-la-television-abierta-y-define-pautas-para-coberturas-y-especiales\/#article","isPartOf":{"@id":"https:\/\/noti-america.com\/site\/repdom\/2025\/07\/31\/elpaditv-regresa-a-la-television-abierta-y-define-pautas-para-coberturas-y-especiales\/"},"author":{"name":"Ad\u00e1n Soriano","@id":"https:\/\/noti-america.com\/site\/repdom\/#\/schema\/person\/fd0092c1530d275fabaa5cffcbc2b976"},"headline":"ELPADITV regresa a la televisi\u00f3n abierta y define pautas para coberturas y especiales","datePublished":"2025-07-31T13:03:40+00:00","dateModified":"2025-07-31T13:06:23+00:00","mainEntityOfPage":{"@id":"https:\/\/noti-america.com\/site\/repdom\/2025\/07\/31\/elpaditv-regresa-a-la-television-abierta-y-define-pautas-para-coberturas-y-especiales\/"},"wordCount":370,"commentCount":0,"publisher":{"@id":"https:\/\/noti-america.com\/site\/repdom\/#organization"},"image":{"@id":"https:\/\/noti-america.com\/site\/repdom\/2025\/07\/31\/elpaditv-regresa-a-la-television-abierta-y-define-pautas-para-coberturas-y-especiales\/#primaryimage"},"thumbnailUrl":"https:\/\/noti-america.com\/site\/repdom\/wp-content\/uploads\/sites\/6\/2025\/07\/WhatsApp-Image-2025-07-30-at-10.43.43-PM.jpeg","keywords":["ELPADITV","Periodismo Deportivo"],"articleSection":["Entretenimiento"],"inLanguage":"es","potentialAction":[{"@type":"CommentAction","name":"Comment","target":["https:\/\/noti-america.com\/site\/repdom\/2025\/07\/31\/elpaditv-regresa-a-la-television-abierta-y-define-pautas-para-coberturas-y-especiales\/#respond"]}]},{"@type":"WebPage","@id":"https:\/\/noti-america.com\/site\/repdom\/2025\/07\/31\/elpaditv-regresa-a-la-television-abierta-y-define-pautas-para-coberturas-y-especiales\/","url":"https:\/\/noti-america.com\/site\/repdom\/2025\/07\/31\/elpaditv-regresa-a-la-television-abierta-y-define-pautas-para-coberturas-y-especiales\/","name":"ELPADITV regresa a la televisi\u00f3n abierta y define pautas para coberturas y especiales - Rep. Dominicana | Noti-America.com","isPartOf":{"@id":"https:\/\/noti-america.com\/site\/repdom\/#website"},"primaryImageOfPage":{"@id":"https:\/\/noti-america.com\/site\/repdom\/2025\/07\/31\/elpaditv-regresa-a-la-television-abierta-y-define-pautas-para-coberturas-y-especiales\/#primaryimage"},"image":{"@id":"https:\/\/noti-america.com\/site\/repdom\/2025\/07\/31\/elpaditv-regresa-a-la-television-abierta-y-define-pautas-para-coberturas-y-especiales\/#primaryimage"},"thumbnailUrl":"https:\/\/noti-america.com\/site\/repdom\/wp-content\/uploads\/sites\/6\/2025\/07\/WhatsApp-Image-2025-07-30-at-10.43.43-PM.jpeg","datePublished":"2025-07-31T13:03:40+00:00","dateModified":"2025-07-31T13:06:23+00:00","breadcrumb":{"@id":"https:\/\/noti-america.com\/site\/repdom\/2025\/07\/31\/elpaditv-regresa-a-la-television-abierta-y-define-pautas-para-coberturas-y-especiales\/#breadcrumb"},"inLanguage":"es","potentialAction":[{"@type":"ReadAction","target":["https:\/\/noti-america.com\/site\/repdom\/2025\/07\/31\/elpaditv-regresa-a-la-television-abierta-y-define-pautas-para-coberturas-y-especiales\/"]}]},{"@type":"ImageObject","inLanguage":"es","@id":"https:\/\/noti-america.com\/site\/repdom\/2025\/07\/31\/elpaditv-regresa-a-la-television-abierta-y-define-pautas-para-coberturas-y-especiales\/#primaryimage","url":"https:\/\/noti-america.com\/site\/repdom\/wp-content\/uploads\/sites\/6\/2025\/07\/WhatsApp-Image-2025-07-30-at-10.43.43-PM.jpeg","contentUrl":"https:\/\/noti-america.com\/site\/repdom\/wp-content\/uploads\/sites\/6\/2025\/07\/WhatsApp-Image-2025-07-30-at-10.43.43-PM.jpeg","width":1080,"height":1350},{"@type":"BreadcrumbList","@id":"https:\/\/noti-america.com\/site\/repdom\/2025\/07\/31\/elpaditv-regresa-a-la-television-abierta-y-define-pautas-para-coberturas-y-especiales\/#breadcrumb","itemListElement":[{"@type":"ListItem","position":1,"name":"Portada","item":"https:\/\/noti-america.com\/site\/repdom\/"},{"@type":"ListItem","position":2,"name":"ELPADITV regresa a la televisi\u00f3n abierta y define pautas para coberturas y especiales"}]},{"@type":"WebSite","@id":"https:\/\/noti-america.com\/site\/repdom\/#website","url":"https:\/\/noti-america.com\/site\/repdom\/","name":"Rep. Dominicana | Noti-America.com","description":"","publisher":{"@id":"https:\/\/noti-america.com\/site\/repdom\/#organization"},"potentialAction":[{"@type":"SearchAction","target":{"@type":"EntryPoint","urlTemplate":"https:\/\/noti-america.com\/site\/repdom\/?s={search_term_string}"},"query-input":{"@type":"PropertyValueSpecification","valueRequired":true,"valueName":"search_term_string"}}],"inLanguage":"es"},{"@type":"Organization","@id":"https:\/\/noti-america.com\/site\/repdom\/#organization","name":"Noti-America LLC | Rep\u00fablica Dominicana","url":"https:\/\/noti-america.com\/site\/repdom\/","logo":{"@type":"ImageObject","inLanguage":"es","@id":"https:\/\/noti-america.com\/site\/repdom\/#\/schema\/logo\/image\/","url":"https:\/\/noti-america.com\/site\/repdom\/wp-content\/uploads\/sites\/6\/2020\/07\/LogoNA-4x3-1.jpg","contentUrl":"https:\/\/noti-america.com\/site\/repdom\/wp-content\/uploads\/sites\/6\/2020\/07\/LogoNA-4x3-1.jpg","width":1236,"height":1080,"caption":"Noti-America LLC | Rep\u00fablica Dominicana"},"image":{"@id":"https:\/\/noti-america.com\/site\/repdom\/#\/schema\/logo\/image\/"}},{"@type":"Person","@id":"https:\/\/noti-america.com\/site\/repdom\/#\/schema\/person\/fd0092c1530d275fabaa5cffcbc2b976","name":"Ad\u00e1n Soriano","image":{"@type":"ImageObject","inLanguage":"es","@id":"https:\/\/secure.gravatar.com\/avatar\/ecf97ff3aee7ff9efdae670d7e976f3e7e8acc1077e510d73707999a8bfd4467?s=96&d=mm&r=g","url":"https:\/\/secure.gravatar.com\/avatar\/ecf97ff3aee7ff9efdae670d7e976f3e7e8acc1077e510d73707999a8bfd4467?s=96&d=mm&r=g","contentUrl":"https:\/\/secure.gravatar.com\/avatar\/ecf97ff3aee7ff9efdae670d7e976f3e7e8acc1077e510d73707999a8bfd4467?s=96&d=mm&r=g","caption":"Ad\u00e1n Soriano"},"description":"Soy cronista deportivo con 10 a\u00f1os de experiencia en varios espacios, y conduzco el podcast deportivo llamado Mezcla Deportiva","sameAs":["https:\/\/x.com\/adansoriano"],"url":"https:\/\/noti-america.com\/site\/repdom\/author\/asoriano\/"}]}},"_links":{"self":[{"href":"https:\/\/noti-america.com\/site\/repdom\/wp-json\/wp\/v2\/posts\/34052","targetHints":{"allow":["GET"]}}],"collection":[{"href":"https:\/\/noti-america.com\/site\/repdom\/wp-json\/wp\/v2\/posts"}],"about":[{"href":"https:\/\/noti-america.com\/site\/repdom\/wp-json\/wp\/v2\/types\/post"}],"author":[{"embeddable":true,"href":"https:\/\/noti-america.com\/site\/repdom\/wp-json\/wp\/v2\/users\/89"}],"replies":[{"embeddable":true,"href":"https:\/\/noti-america.com\/site\/repdom\/wp-json\/wp\/v2\/comments?post=34052"}],"version-history":[{"count":2,"href":"https:\/\/noti-america.com\/site\/repdom\/wp-json\/wp\/v2\/posts\/34052\/revisions"}],"predecessor-version":[{"id":34055,"href":"https:\/\/noti-america.com\/site\/repdom\/wp-json\/wp\/v2\/posts\/34052\/revisions\/34055"}],"wp:featuredmedia":[{"embeddable":true,"href":"https:\/\/noti-america.com\/site\/repdom\/wp-json\/wp\/v2\/media\/34053"}],"wp:attachment":[{"href":"https:\/\/noti-america.com\/site\/repdom\/wp-json\/wp\/v2\/media?parent=34052"}],"wp:term":[{"taxonomy":"category","embeddable":true,"href":"https:\/\/noti-america.com\/site\/repdom\/wp-json\/wp\/v2\/categories?post=34052"},{"taxonomy":"post_tag","embeddable":true,"href":"https:\/\/noti-america.com\/site\/repdom\/wp-json\/wp\/v2\/tags?post=34052"}],"curies":[{"name":"wp","href":"https:\/\/api.w.org\/{rel}","templated":true}]}}