{"id":33881,"date":"2025-07-21T16:25:27","date_gmt":"2025-07-21T16:25:27","guid":{"rendered":"https:\/\/noti-america.com\/site\/repdom\/?p=33881"},"modified":"2025-07-21T16:25:27","modified_gmt":"2025-07-21T16:25:27","slug":"franklin-nogueras-jr-conquista-el-latinoamericano-mx-open","status":"publish","type":"post","link":"https:\/\/noti-america.com\/site\/repdom\/2025\/07\/21\/franklin-nogueras-jr-conquista-el-latinoamericano-mx-open\/","title":{"rendered":"Franklin Nogueras Jr. conquista el Latinoamericano MX Open"},"content":{"rendered":"<p>NOTI-AMERICA.COM <em>|\u00a0<\/em>REP\u00daBLICA DOMINICANA<\/p>\n<p style=\"text-align: justify\" data-start=\"343\" data-end=\"727\">COROCITO, Jarabacoa &#8211; El piloto dominicano Franklin Nogueras Jr. se consagr\u00f3 campe\u00f3n del Latinoamericano de Motocross MX Open, celebrado el pasado domingo en la moderna pista Corocito MX Park. En la destacada participaci\u00f3n dominicana, tambi\u00e9n sobresalieron Darnell Lantigua y Jeffrye Taveras, quienes finalizaron en la quinta y sexta posici\u00f3n, respectivamente.<\/p>\n<h4 style=\"text-align: justify\" data-start=\"729\" data-end=\"759\"><strong>Dominio total en la pista<\/strong><\/h4>\n<p style=\"text-align: justify\" data-start=\"761\" data-end=\"1084\">La primera manga fue un espect\u00e1culo de velocidad y emoci\u00f3n. Nogueras Jr. lider\u00f3 con firmeza durante los 30 minutos de competencia, manteni\u00e9ndose al frente incluso cuando el boliviano Marco Antezana, campe\u00f3n defensor, presion\u00f3 intensamente en las \u00faltimas tres vueltas. Finalmente, Nogueras cruz\u00f3 la meta en primer lugar.<\/p>\n<p style=\"text-align: justify\" data-start=\"1086\" data-end=\"1441\">En la segunda manga, Nogueras arranc\u00f3 en tercera posici\u00f3n y, con estrategia y precisi\u00f3n, escal\u00f3 hasta el segundo lugar, posici\u00f3n que mantuvo hasta el final. Esta actuaci\u00f3n le permiti\u00f3 acumular 47 puntos, suficientes para proclamarse campe\u00f3n absoluto del evento. El chileno Hardy Mu\u00f1oz gan\u00f3 esa segunda manga y finaliz\u00f3 como subcampe\u00f3n general.<\/p>\n<h4 style=\"text-align: justify\" data-start=\"1443\" data-end=\"1482\"><strong>Participaci\u00f3n dominicana destacada<\/strong><\/h4>\n<p style=\"text-align: justify\" data-start=\"1484\" data-end=\"1788\">Adem\u00e1s del t\u00edtulo de Nogueras Jr., el piloto Darnell Lantigua tuvo una destacada actuaci\u00f3n que lo coloc\u00f3 en el quinto lugar general, mientras que Jeffrye Taveras logr\u00f3 una meritoria octava posici\u00f3n. Otros dominicanos que compitieron fueron Luis Mart\u00ednez (16\u00ba) y Francisco Rodr\u00edguez (17\u00ba).<\/p>\n<h4 style=\"text-align: justify\" data-start=\"1790\" data-end=\"1816\"><strong>Resultados generales:<\/strong><\/h4>\n<ol style=\"text-align: justify\" data-start=\"1818\" data-end=\"2157\">\n<li data-start=\"1818\" data-end=\"1858\">\n<p data-start=\"1821\" data-end=\"1858\">Franklin Nogueras Jr. (Rep\u00fablica Dominicana) \u2013 47 pts<\/p>\n<\/li>\n<li data-start=\"1859\" data-end=\"1892\">\n<p data-start=\"1862\" data-end=\"1892\">Hardy Mu\u00f1oz (Chile) \u2013 45 pts<\/p>\n<\/li>\n<li data-start=\"1893\" data-end=\"1931\">\n<p data-start=\"1896\" data-end=\"1931\">Marco Antezana (Bolivia) \u2013 42 pts<\/p>\n<\/li>\n<li data-start=\"1932\" data-end=\"1972\">\n<p data-start=\"1935\" data-end=\"1972\">Carlos Badiali (Venezuela) \u2013 33 pts<\/p>\n<\/li>\n<li data-start=\"1973\" data-end=\"2008\">\n<p data-start=\"1976\" data-end=\"2008\">Darnell Lantigua (Rep\u00fablica Dominicana) \u2013 31 pts<\/p>\n<\/li>\n<li data-start=\"2009\" data-end=\"2048\">\n<p data-start=\"2012\" data-end=\"2048\">Yarod Vargas (Costa Rica) \u2013 28 pts<\/p>\n<\/li>\n<li data-start=\"2049\" data-end=\"2083\">\n<p data-start=\"2052\" data-end=\"2083\">Jeffrye Taveras (Rep\u00fablica Dominicana) \u2013 26 pts<\/p>\n<\/li>\n<li data-start=\"2084\" data-end=\"2117\">\n<p data-start=\"2088\" data-end=\"2117\">Luis Mart\u00ednez (Rep\u00fablica Dominicana) \u2013 12 pts<\/p>\n<\/li>\n<li data-start=\"2118\" data-end=\"2157\">\n<p data-start=\"2122\" data-end=\"2157\">Francisco Rodr\u00edguez (Rep\u00fablica Dominicana) \u2013 11 pts<\/p>\n<\/li>\n<\/ol>\n<h3 style=\"text-align: justify\" data-start=\"2164\" data-end=\"2208\"><strong>Homenaje p\u00f3stumo a Pedro Venturo Markoch<\/strong><\/h3>\n<p><img loading=\"lazy\" decoding=\"async\" class=\"alignnone size-medium wp-image-33882\" src=\"https:\/\/noti-america.com\/site\/repdom\/wp-content\/uploads\/sites\/6\/2025\/07\/Entrega-de-reconocimiento-a-familiares-de-Pedro-Venturo-Markoch-300x169.jpeg\" alt=\"\" width=\"300\" height=\"169\" srcset=\"https:\/\/noti-america.com\/site\/repdom\/wp-content\/uploads\/sites\/6\/2025\/07\/Entrega-de-reconocimiento-a-familiares-de-Pedro-Venturo-Markoch-300x169.jpeg 300w, https:\/\/noti-america.com\/site\/repdom\/wp-content\/uploads\/sites\/6\/2025\/07\/Entrega-de-reconocimiento-a-familiares-de-Pedro-Venturo-Markoch-1024x576.jpeg 1024w, https:\/\/noti-america.com\/site\/repdom\/wp-content\/uploads\/sites\/6\/2025\/07\/Entrega-de-reconocimiento-a-familiares-de-Pedro-Venturo-Markoch-768x432.jpeg 768w, https:\/\/noti-america.com\/site\/repdom\/wp-content\/uploads\/sites\/6\/2025\/07\/Entrega-de-reconocimiento-a-familiares-de-Pedro-Venturo-Markoch.jpeg 1427w\" sizes=\"auto, (max-width: 300px) 100vw, 300px\" \/><\/p>\n<p style=\"text-align: justify\" data-start=\"2210\" data-end=\"2459\">Antes del inicio de las competencias, se realiz\u00f3 una ceremonia de apertura dedicada al fallecido presidente de FIM Latinoam\u00e9rica, Pedro Venturo Markoch. Las delegaciones y autoridades desfilaron hasta el centro de la pista para rendirle tributo.<\/p>\n<p style=\"text-align: justify\" data-start=\"2461\" data-end=\"2751\">Durante el acto, Carlos Finke Brugal, presidente de la Federaci\u00f3n Dominicana de Motociclismo (FDM), y Diego Campos, vicepresidente, entregaron una placa de reconocimiento a los hijos del homenajeado: el actual presidente de FIM\/LA, Pedro Venturo, y su hermano Ricky Venturo.<\/p>\n<p style=\"text-align: justify\" data-start=\"2753\" data-end=\"3140\">El himno nacional fue interpretado por la Banda de M\u00fasica del Ej\u00e9rcito Nacional. En la parte protocolar intervinieron el propio Pedro Venturo, Finke Brugal, Vicente Fern\u00e1ndez (presidente del comit\u00e9 organizador local), y Damaris Su\u00e1rez, ejecutiva de la comisi\u00f3n de damas de la FDM. Tambi\u00e9n se entreg\u00f3 un pergamino conmemorativo con gr\u00e1ficas alusivas a la vida y legado de Markoch.<\/p>\n<h3 style=\"text-align: justify\" data-start=\"3147\" data-end=\"3184\"><strong>Apoyo institucional y empresarial<\/strong><\/h3>\n<p style=\"text-align: justify\" data-start=\"3186\" data-end=\"3512\">El evento cont\u00f3 con el respaldo del Ministerio de Deportes, encabezado por el ministro Kelvin Cruz, as\u00ed como el patrocinio de importantes empresas como Pancho Motors, Caf\u00e9 Monte Alto, Credi Meta, Yayo Motors, Transporte Mora &amp; Le\u00f3n, Pinal Dorado Padel, Esquina Rico, Ferreter\u00eda Los Mello, Tejas Roser, entre otras.<\/p>\n","protected":false},"excerpt":{"rendered":"<p>NOTI-AMERICA.COM |\u00a0REP\u00daBLICA DOMINICANA COROCITO, Jarabacoa &#8211; El piloto dominicano Franklin Nogueras Jr. se consagr\u00f3 campe\u00f3n del Latinoamericano de Motocross MX Open, celebrado el pasado domingo en la moderna pista Corocito MX Park. En la&#46;&#46;&#46;<\/p>\n","protected":false},"author":89,"featured_media":33883,"comment_status":"open","ping_status":"open","sticky":false,"template":"","format":"standard","meta":{"_acf_changed":false,"rop_custom_images_group":[],"rop_custom_messages_group":[],"rop_publish_now":"initial","rop_publish_now_accounts":[],"rop_publish_now_history":[],"rop_publish_now_status":"pending","footnotes":""},"categories":[16],"tags":[3816,403,1805],"class_list":["post-33881","post","type-post","status-publish","format-standard","has-post-thumbnail","hentry","category-deportes","tag-campeonato-latinoamericano-de-motocross-mx-open","tag-federacion-dominicana-de-motociclismo","tag-franklin-nogueras"],"acf":[],"yoast_head":"<!-- This site is optimized with the Yoast SEO Premium plugin v24.9 (Yoast SEO v27.2) - https:\/\/yoast.com\/product\/yoast-seo-premium-wordpress\/ -->\n<title>Franklin Nogueras Jr. conquista el Latinoamericano MX Open - Rep. Dominicana | Noti-America.com<\/title>\n<meta name=\"robots\" content=\"index, follow, max-snippet:-1, max-image-preview:large, max-video-preview:-1\" \/>\n<link rel=\"canonical\" href=\"https:\/\/noti-america.com\/site\/repdom\/2025\/07\/21\/franklin-nogueras-jr-conquista-el-latinoamericano-mx-open\/\" \/>\n<meta property=\"og:locale\" content=\"es_ES\" \/>\n<meta property=\"og:type\" content=\"article\" \/>\n<meta property=\"og:title\" content=\"Franklin Nogueras Jr. conquista el Latinoamericano MX Open\" \/>\n<meta property=\"og:description\" content=\"NOTI-AMERICA.COM |\u00a0REP\u00daBLICA DOMINICANA COROCITO, Jarabacoa &#8211; El piloto dominicano Franklin Nogueras Jr. se consagr\u00f3 campe\u00f3n del Latinoamericano de Motocross MX Open, celebrado el pasado domingo en la moderna pista Corocito MX Park. En la&#046;&#046;&#046;\" \/>\n<meta property=\"og:url\" content=\"https:\/\/noti-america.com\/site\/repdom\/2025\/07\/21\/franklin-nogueras-jr-conquista-el-latinoamericano-mx-open\/\" \/>\n<meta property=\"og:site_name\" content=\"Rep. Dominicana | Noti-America.com\" \/>\n<meta property=\"article:published_time\" content=\"2025-07-21T16:25:27+00:00\" \/>\n<meta property=\"og:image\" content=\"https:\/\/noti-america.com\/site\/repdom\/wp-content\/uploads\/sites\/6\/2025\/07\/Ganadores-del-Latinoamericano-de-Motocross-MX-Open-2025.jpeg\" \/>\n\t<meta property=\"og:image:width\" content=\"1706\" \/>\n\t<meta property=\"og:image:height\" content=\"949\" \/>\n\t<meta property=\"og:image:type\" content=\"image\/jpeg\" \/>\n<meta name=\"author\" content=\"Ad\u00e1n Soriano\" \/>\n<meta name=\"twitter:card\" content=\"summary_large_image\" \/>\n<meta name=\"twitter:creator\" content=\"@adansoriano\" \/>\n<meta name=\"twitter:label1\" content=\"Escrito por\" \/>\n\t<meta name=\"twitter:data1\" content=\"Ad\u00e1n Soriano\" \/>\n\t<meta name=\"twitter:label2\" content=\"Tiempo estimado de lectura\" \/>\n\t<meta name=\"twitter:data2\" content=\"3 minutos\" \/>\n<script type=\"application\/ld+json\" class=\"yoast-schema-graph\">{\"@context\":\"https:\/\/schema.org\",\"@graph\":[{\"@type\":\"Article\",\"@id\":\"https:\/\/noti-america.com\/site\/repdom\/2025\/07\/21\/franklin-nogueras-jr-conquista-el-latinoamericano-mx-open\/#article\",\"isPartOf\":{\"@id\":\"https:\/\/noti-america.com\/site\/repdom\/2025\/07\/21\/franklin-nogueras-jr-conquista-el-latinoamericano-mx-open\/\"},\"author\":{\"name\":\"Ad\u00e1n Soriano\",\"@id\":\"https:\/\/noti-america.com\/site\/repdom\/#\/schema\/person\/fd0092c1530d275fabaa5cffcbc2b976\"},\"headline\":\"Franklin Nogueras Jr. conquista el Latinoamericano MX Open\",\"datePublished\":\"2025-07-21T16:25:27+00:00\",\"mainEntityOfPage\":{\"@id\":\"https:\/\/noti-america.com\/site\/repdom\/2025\/07\/21\/franklin-nogueras-jr-conquista-el-latinoamericano-mx-open\/\"},\"wordCount\":491,\"commentCount\":0,\"publisher\":{\"@id\":\"https:\/\/noti-america.com\/site\/repdom\/#organization\"},\"image\":{\"@id\":\"https:\/\/noti-america.com\/site\/repdom\/2025\/07\/21\/franklin-nogueras-jr-conquista-el-latinoamericano-mx-open\/#primaryimage\"},\"thumbnailUrl\":\"https:\/\/noti-america.com\/site\/repdom\/wp-content\/uploads\/sites\/6\/2025\/07\/Ganadores-del-Latinoamericano-de-Motocross-MX-Open-2025.jpeg\",\"keywords\":[\"Campeonato Latinoamericano de Motocross MX Open\",\"Federaci\u00f3n Dominicana de Motociclismo\",\"Franklin Nogueras\"],\"articleSection\":[\"Deportes\"],\"inLanguage\":\"es\",\"potentialAction\":[{\"@type\":\"CommentAction\",\"name\":\"Comment\",\"target\":[\"https:\/\/noti-america.com\/site\/repdom\/2025\/07\/21\/franklin-nogueras-jr-conquista-el-latinoamericano-mx-open\/#respond\"]}]},{\"@type\":\"WebPage\",\"@id\":\"https:\/\/noti-america.com\/site\/repdom\/2025\/07\/21\/franklin-nogueras-jr-conquista-el-latinoamericano-mx-open\/\",\"url\":\"https:\/\/noti-america.com\/site\/repdom\/2025\/07\/21\/franklin-nogueras-jr-conquista-el-latinoamericano-mx-open\/\",\"name\":\"Franklin Nogueras Jr. conquista el Latinoamericano MX Open - Rep. Dominicana | Noti-America.com\",\"isPartOf\":{\"@id\":\"https:\/\/noti-america.com\/site\/repdom\/#website\"},\"primaryImageOfPage\":{\"@id\":\"https:\/\/noti-america.com\/site\/repdom\/2025\/07\/21\/franklin-nogueras-jr-conquista-el-latinoamericano-mx-open\/#primaryimage\"},\"image\":{\"@id\":\"https:\/\/noti-america.com\/site\/repdom\/2025\/07\/21\/franklin-nogueras-jr-conquista-el-latinoamericano-mx-open\/#primaryimage\"},\"thumbnailUrl\":\"https:\/\/noti-america.com\/site\/repdom\/wp-content\/uploads\/sites\/6\/2025\/07\/Ganadores-del-Latinoamericano-de-Motocross-MX-Open-2025.jpeg\",\"datePublished\":\"2025-07-21T16:25:27+00:00\",\"breadcrumb\":{\"@id\":\"https:\/\/noti-america.com\/site\/repdom\/2025\/07\/21\/franklin-nogueras-jr-conquista-el-latinoamericano-mx-open\/#breadcrumb\"},\"inLanguage\":\"es\",\"potentialAction\":[{\"@type\":\"ReadAction\",\"target\":[\"https:\/\/noti-america.com\/site\/repdom\/2025\/07\/21\/franklin-nogueras-jr-conquista-el-latinoamericano-mx-open\/\"]}]},{\"@type\":\"ImageObject\",\"inLanguage\":\"es\",\"@id\":\"https:\/\/noti-america.com\/site\/repdom\/2025\/07\/21\/franklin-nogueras-jr-conquista-el-latinoamericano-mx-open\/#primaryimage\",\"url\":\"https:\/\/noti-america.com\/site\/repdom\/wp-content\/uploads\/sites\/6\/2025\/07\/Ganadores-del-Latinoamericano-de-Motocross-MX-Open-2025.jpeg\",\"contentUrl\":\"https:\/\/noti-america.com\/site\/repdom\/wp-content\/uploads\/sites\/6\/2025\/07\/Ganadores-del-Latinoamericano-de-Motocross-MX-Open-2025.jpeg\",\"width\":1706,\"height\":949},{\"@type\":\"BreadcrumbList\",\"@id\":\"https:\/\/noti-america.com\/site\/repdom\/2025\/07\/21\/franklin-nogueras-jr-conquista-el-latinoamericano-mx-open\/#breadcrumb\",\"itemListElement\":[{\"@type\":\"ListItem\",\"position\":1,\"name\":\"Portada\",\"item\":\"https:\/\/noti-america.com\/site\/repdom\/\"},{\"@type\":\"ListItem\",\"position\":2,\"name\":\"Franklin Nogueras Jr. conquista el Latinoamericano MX Open\"}]},{\"@type\":\"WebSite\",\"@id\":\"https:\/\/noti-america.com\/site\/repdom\/#website\",\"url\":\"https:\/\/noti-america.com\/site\/repdom\/\",\"name\":\"Rep. Dominicana | Noti-America.com\",\"description\":\"\",\"publisher\":{\"@id\":\"https:\/\/noti-america.com\/site\/repdom\/#organization\"},\"potentialAction\":[{\"@type\":\"SearchAction\",\"target\":{\"@type\":\"EntryPoint\",\"urlTemplate\":\"https:\/\/noti-america.com\/site\/repdom\/?s={search_term_string}\"},\"query-input\":{\"@type\":\"PropertyValueSpecification\",\"valueRequired\":true,\"valueName\":\"search_term_string\"}}],\"inLanguage\":\"es\"},{\"@type\":\"Organization\",\"@id\":\"https:\/\/noti-america.com\/site\/repdom\/#organization\",\"name\":\"Noti-America LLC | Rep\u00fablica Dominicana\",\"url\":\"https:\/\/noti-america.com\/site\/repdom\/\",\"logo\":{\"@type\":\"ImageObject\",\"inLanguage\":\"es\",\"@id\":\"https:\/\/noti-america.com\/site\/repdom\/#\/schema\/logo\/image\/\",\"url\":\"https:\/\/noti-america.com\/site\/repdom\/wp-content\/uploads\/sites\/6\/2020\/07\/LogoNA-4x3-1.jpg\",\"contentUrl\":\"https:\/\/noti-america.com\/site\/repdom\/wp-content\/uploads\/sites\/6\/2020\/07\/LogoNA-4x3-1.jpg\",\"width\":1236,\"height\":1080,\"caption\":\"Noti-America LLC | Rep\u00fablica Dominicana\"},\"image\":{\"@id\":\"https:\/\/noti-america.com\/site\/repdom\/#\/schema\/logo\/image\/\"}},{\"@type\":\"Person\",\"@id\":\"https:\/\/noti-america.com\/site\/repdom\/#\/schema\/person\/fd0092c1530d275fabaa5cffcbc2b976\",\"name\":\"Ad\u00e1n Soriano\",\"image\":{\"@type\":\"ImageObject\",\"inLanguage\":\"es\",\"@id\":\"https:\/\/secure.gravatar.com\/avatar\/ecf97ff3aee7ff9efdae670d7e976f3e7e8acc1077e510d73707999a8bfd4467?s=96&d=mm&r=g\",\"url\":\"https:\/\/secure.gravatar.com\/avatar\/ecf97ff3aee7ff9efdae670d7e976f3e7e8acc1077e510d73707999a8bfd4467?s=96&d=mm&r=g\",\"contentUrl\":\"https:\/\/secure.gravatar.com\/avatar\/ecf97ff3aee7ff9efdae670d7e976f3e7e8acc1077e510d73707999a8bfd4467?s=96&d=mm&r=g\",\"caption\":\"Ad\u00e1n Soriano\"},\"description\":\"Soy cronista deportivo con 10 a\u00f1os de experiencia en varios espacios, y conduzco el podcast deportivo llamado Mezcla Deportiva\",\"sameAs\":[\"https:\/\/x.com\/adansoriano\"],\"url\":\"https:\/\/noti-america.com\/site\/repdom\/author\/asoriano\/\"}]}<\/script>\n<!-- \/ Yoast SEO Premium plugin. -->","yoast_head_json":{"title":"Franklin Nogueras Jr. conquista el Latinoamericano MX Open - Rep. Dominicana | Noti-America.com","robots":{"index":"index","follow":"follow","max-snippet":"max-snippet:-1","max-image-preview":"max-image-preview:large","max-video-preview":"max-video-preview:-1"},"canonical":"https:\/\/noti-america.com\/site\/repdom\/2025\/07\/21\/franklin-nogueras-jr-conquista-el-latinoamericano-mx-open\/","og_locale":"es_ES","og_type":"article","og_title":"Franklin Nogueras Jr. conquista el Latinoamericano MX Open","og_description":"NOTI-AMERICA.COM |\u00a0REP\u00daBLICA DOMINICANA COROCITO, Jarabacoa &#8211; El piloto dominicano Franklin Nogueras Jr. se consagr\u00f3 campe\u00f3n del Latinoamericano de Motocross MX Open, celebrado el pasado domingo en la moderna pista Corocito MX Park. En la&#46;&#46;&#46;","og_url":"https:\/\/noti-america.com\/site\/repdom\/2025\/07\/21\/franklin-nogueras-jr-conquista-el-latinoamericano-mx-open\/","og_site_name":"Rep. Dominicana | Noti-America.com","article_published_time":"2025-07-21T16:25:27+00:00","og_image":[{"width":1706,"height":949,"url":"https:\/\/noti-america.com\/site\/repdom\/wp-content\/uploads\/sites\/6\/2025\/07\/Ganadores-del-Latinoamericano-de-Motocross-MX-Open-2025.jpeg","type":"image\/jpeg"}],"author":"Ad\u00e1n Soriano","twitter_card":"summary_large_image","twitter_creator":"@adansoriano","twitter_misc":{"Escrito por":"Ad\u00e1n Soriano","Tiempo estimado de lectura":"3 minutos"},"schema":{"@context":"https:\/\/schema.org","@graph":[{"@type":"Article","@id":"https:\/\/noti-america.com\/site\/repdom\/2025\/07\/21\/franklin-nogueras-jr-conquista-el-latinoamericano-mx-open\/#article","isPartOf":{"@id":"https:\/\/noti-america.com\/site\/repdom\/2025\/07\/21\/franklin-nogueras-jr-conquista-el-latinoamericano-mx-open\/"},"author":{"name":"Ad\u00e1n Soriano","@id":"https:\/\/noti-america.com\/site\/repdom\/#\/schema\/person\/fd0092c1530d275fabaa5cffcbc2b976"},"headline":"Franklin Nogueras Jr. conquista el Latinoamericano MX Open","datePublished":"2025-07-21T16:25:27+00:00","mainEntityOfPage":{"@id":"https:\/\/noti-america.com\/site\/repdom\/2025\/07\/21\/franklin-nogueras-jr-conquista-el-latinoamericano-mx-open\/"},"wordCount":491,"commentCount":0,"publisher":{"@id":"https:\/\/noti-america.com\/site\/repdom\/#organization"},"image":{"@id":"https:\/\/noti-america.com\/site\/repdom\/2025\/07\/21\/franklin-nogueras-jr-conquista-el-latinoamericano-mx-open\/#primaryimage"},"thumbnailUrl":"https:\/\/noti-america.com\/site\/repdom\/wp-content\/uploads\/sites\/6\/2025\/07\/Ganadores-del-Latinoamericano-de-Motocross-MX-Open-2025.jpeg","keywords":["Campeonato Latinoamericano de Motocross MX Open","Federaci\u00f3n Dominicana de Motociclismo","Franklin Nogueras"],"articleSection":["Deportes"],"inLanguage":"es","potentialAction":[{"@type":"CommentAction","name":"Comment","target":["https:\/\/noti-america.com\/site\/repdom\/2025\/07\/21\/franklin-nogueras-jr-conquista-el-latinoamericano-mx-open\/#respond"]}]},{"@type":"WebPage","@id":"https:\/\/noti-america.com\/site\/repdom\/2025\/07\/21\/franklin-nogueras-jr-conquista-el-latinoamericano-mx-open\/","url":"https:\/\/noti-america.com\/site\/repdom\/2025\/07\/21\/franklin-nogueras-jr-conquista-el-latinoamericano-mx-open\/","name":"Franklin Nogueras Jr. conquista el Latinoamericano MX Open - Rep. Dominicana | Noti-America.com","isPartOf":{"@id":"https:\/\/noti-america.com\/site\/repdom\/#website"},"primaryImageOfPage":{"@id":"https:\/\/noti-america.com\/site\/repdom\/2025\/07\/21\/franklin-nogueras-jr-conquista-el-latinoamericano-mx-open\/#primaryimage"},"image":{"@id":"https:\/\/noti-america.com\/site\/repdom\/2025\/07\/21\/franklin-nogueras-jr-conquista-el-latinoamericano-mx-open\/#primaryimage"},"thumbnailUrl":"https:\/\/noti-america.com\/site\/repdom\/wp-content\/uploads\/sites\/6\/2025\/07\/Ganadores-del-Latinoamericano-de-Motocross-MX-Open-2025.jpeg","datePublished":"2025-07-21T16:25:27+00:00","breadcrumb":{"@id":"https:\/\/noti-america.com\/site\/repdom\/2025\/07\/21\/franklin-nogueras-jr-conquista-el-latinoamericano-mx-open\/#breadcrumb"},"inLanguage":"es","potentialAction":[{"@type":"ReadAction","target":["https:\/\/noti-america.com\/site\/repdom\/2025\/07\/21\/franklin-nogueras-jr-conquista-el-latinoamericano-mx-open\/"]}]},{"@type":"ImageObject","inLanguage":"es","@id":"https:\/\/noti-america.com\/site\/repdom\/2025\/07\/21\/franklin-nogueras-jr-conquista-el-latinoamericano-mx-open\/#primaryimage","url":"https:\/\/noti-america.com\/site\/repdom\/wp-content\/uploads\/sites\/6\/2025\/07\/Ganadores-del-Latinoamericano-de-Motocross-MX-Open-2025.jpeg","contentUrl":"https:\/\/noti-america.com\/site\/repdom\/wp-content\/uploads\/sites\/6\/2025\/07\/Ganadores-del-Latinoamericano-de-Motocross-MX-Open-2025.jpeg","width":1706,"height":949},{"@type":"BreadcrumbList","@id":"https:\/\/noti-america.com\/site\/repdom\/2025\/07\/21\/franklin-nogueras-jr-conquista-el-latinoamericano-mx-open\/#breadcrumb","itemListElement":[{"@type":"ListItem","position":1,"name":"Portada","item":"https:\/\/noti-america.com\/site\/repdom\/"},{"@type":"ListItem","position":2,"name":"Franklin Nogueras Jr. conquista el Latinoamericano MX Open"}]},{"@type":"WebSite","@id":"https:\/\/noti-america.com\/site\/repdom\/#website","url":"https:\/\/noti-america.com\/site\/repdom\/","name":"Rep. Dominicana | Noti-America.com","description":"","publisher":{"@id":"https:\/\/noti-america.com\/site\/repdom\/#organization"},"potentialAction":[{"@type":"SearchAction","target":{"@type":"EntryPoint","urlTemplate":"https:\/\/noti-america.com\/site\/repdom\/?s={search_term_string}"},"query-input":{"@type":"PropertyValueSpecification","valueRequired":true,"valueName":"search_term_string"}}],"inLanguage":"es"},{"@type":"Organization","@id":"https:\/\/noti-america.com\/site\/repdom\/#organization","name":"Noti-America LLC | Rep\u00fablica Dominicana","url":"https:\/\/noti-america.com\/site\/repdom\/","logo":{"@type":"ImageObject","inLanguage":"es","@id":"https:\/\/noti-america.com\/site\/repdom\/#\/schema\/logo\/image\/","url":"https:\/\/noti-america.com\/site\/repdom\/wp-content\/uploads\/sites\/6\/2020\/07\/LogoNA-4x3-1.jpg","contentUrl":"https:\/\/noti-america.com\/site\/repdom\/wp-content\/uploads\/sites\/6\/2020\/07\/LogoNA-4x3-1.jpg","width":1236,"height":1080,"caption":"Noti-America LLC | Rep\u00fablica Dominicana"},"image":{"@id":"https:\/\/noti-america.com\/site\/repdom\/#\/schema\/logo\/image\/"}},{"@type":"Person","@id":"https:\/\/noti-america.com\/site\/repdom\/#\/schema\/person\/fd0092c1530d275fabaa5cffcbc2b976","name":"Ad\u00e1n Soriano","image":{"@type":"ImageObject","inLanguage":"es","@id":"https:\/\/secure.gravatar.com\/avatar\/ecf97ff3aee7ff9efdae670d7e976f3e7e8acc1077e510d73707999a8bfd4467?s=96&d=mm&r=g","url":"https:\/\/secure.gravatar.com\/avatar\/ecf97ff3aee7ff9efdae670d7e976f3e7e8acc1077e510d73707999a8bfd4467?s=96&d=mm&r=g","contentUrl":"https:\/\/secure.gravatar.com\/avatar\/ecf97ff3aee7ff9efdae670d7e976f3e7e8acc1077e510d73707999a8bfd4467?s=96&d=mm&r=g","caption":"Ad\u00e1n Soriano"},"description":"Soy cronista deportivo con 10 a\u00f1os de experiencia en varios espacios, y conduzco el podcast deportivo llamado Mezcla Deportiva","sameAs":["https:\/\/x.com\/adansoriano"],"url":"https:\/\/noti-america.com\/site\/repdom\/author\/asoriano\/"}]}},"_links":{"self":[{"href":"https:\/\/noti-america.com\/site\/repdom\/wp-json\/wp\/v2\/posts\/33881","targetHints":{"allow":["GET"]}}],"collection":[{"href":"https:\/\/noti-america.com\/site\/repdom\/wp-json\/wp\/v2\/posts"}],"about":[{"href":"https:\/\/noti-america.com\/site\/repdom\/wp-json\/wp\/v2\/types\/post"}],"author":[{"embeddable":true,"href":"https:\/\/noti-america.com\/site\/repdom\/wp-json\/wp\/v2\/users\/89"}],"replies":[{"embeddable":true,"href":"https:\/\/noti-america.com\/site\/repdom\/wp-json\/wp\/v2\/comments?post=33881"}],"version-history":[{"count":2,"href":"https:\/\/noti-america.com\/site\/repdom\/wp-json\/wp\/v2\/posts\/33881\/revisions"}],"predecessor-version":[{"id":33885,"href":"https:\/\/noti-america.com\/site\/repdom\/wp-json\/wp\/v2\/posts\/33881\/revisions\/33885"}],"wp:featuredmedia":[{"embeddable":true,"href":"https:\/\/noti-america.com\/site\/repdom\/wp-json\/wp\/v2\/media\/33883"}],"wp:attachment":[{"href":"https:\/\/noti-america.com\/site\/repdom\/wp-json\/wp\/v2\/media?parent=33881"}],"wp:term":[{"taxonomy":"category","embeddable":true,"href":"https:\/\/noti-america.com\/site\/repdom\/wp-json\/wp\/v2\/categories?post=33881"},{"taxonomy":"post_tag","embeddable":true,"href":"https:\/\/noti-america.com\/site\/repdom\/wp-json\/wp\/v2\/tags?post=33881"}],"curies":[{"name":"wp","href":"https:\/\/api.w.org\/{rel}","templated":true}]}}