{"id":3345,"date":"2020-08-25T19:59:34","date_gmt":"2020-08-25T19:59:34","guid":{"rendered":"https:\/\/noti-america.com\/site\/repdom\/?p=3345"},"modified":"2020-08-25T19:59:34","modified_gmt":"2020-08-25T19:59:34","slug":"roberto-cid-debuta-triunfante-en-italia","status":"publish","type":"post","link":"https:\/\/noti-america.com\/site\/repdom\/2020\/08\/25\/roberto-cid-debuta-triunfante-en-italia\/","title":{"rendered":"Roberto Cid debuta triunfante en Italia"},"content":{"rendered":"<blockquote class=\"twitter-tweet\" data-width=\"500\" data-dnt=\"true\">\n<p lang=\"es\" dir=\"ltr\">\ud83d\udde3\ufe0fRoberto Cid avanza\ud83c\udfbe<\/p>\n<p>La raqueta No. 1 del pa\u00eds, <a href=\"https:\/\/twitter.com\/robcidsubervi?ref_src=twsrc%5Etfw\">@robcidsubervi<\/a>, avanz\u00f3 a octavos del <a href=\"https:\/\/twitter.com\/hashtag\/TriesteChallenge?src=hash&amp;ref_src=twsrc%5Etfw\">#TriesteChallenge<\/a> ATP, tras el retiro de Geoffrey Blancaneaux en el segundo set.<\/p>\n<p>En ese momento, el dominicano ganaba 6-4; 2-0.<\/p>\n<p>\u00a1<a href=\"https:\/\/twitter.com\/hashtag\/OrgulloDominicano?src=hash&amp;ref_src=twsrc%5Etfw\">#OrgulloDominicano<\/a> \ud83c\udde9\ud83c\uddf4\ud83d\udc4f!<a href=\"https:\/\/twitter.com\/hashtag\/Colimdo?src=hash&amp;ref_src=twsrc%5Etfw\">#Colimdo<\/a> <a href=\"https:\/\/twitter.com\/hashtag\/COD?src=hash&amp;ref_src=twsrc%5Etfw\">#COD<\/a> <a href=\"https:\/\/t.co\/VIqL69Q9JI\">pic.twitter.com\/VIqL69Q9JI<\/a><\/p>\n<p>&mdash; Comit\u00e9 Ol\u00edmpico Dominicano (@COLIMDO) <a href=\"https:\/\/twitter.com\/COLIMDO\/status\/1298225103810027520?ref_src=twsrc%5Etfw\">August 25, 2020<\/a><\/p><\/blockquote>\n<p><script async src=\"https:\/\/platform.twitter.com\/widgets.js\" charset=\"utf-8\"><\/script><\/p>\n<p dir=\"ltr\" style=\"text-align: justify\">SANTO DOMINGO &#8211; La primera raqueta nacional, Roberto Cid, retorn\u00f3 este martes al circuito profesional de la ATP en Trieste, Italia, con una victoria sobre el franc\u00e9s Geoffrey Blancaneaux quien se retir\u00f3 por dolores de espalda cuando el dominicano lideraba el marcador 6-4, 2-0.<\/p>\n<p dir=\"ltr\" style=\"text-align: justify\">Cid domin\u00f3 de principio a fin los 56 minutos por los que extendi\u00f3 el encuentro de primera ronda, cometiendo apenas una doble falta y pocos errores no forzados en general.<\/p>\n<p dir=\"ltr\" style=\"text-align: justify\">Por momentos Blancaneaux, proveniente de la clasificaci\u00f3n no pod\u00eda seguir el ritmo del partido, por lo que opt\u00f3 por retirarse en el segundo parcial.<\/p>\n<p dir=\"ltr\" style=\"text-align: justify\">Pese a que su juego estuvo regular, el triple medallista Centroamericano y del Caribe sali\u00f3 de la cancha inmediatamente a entrenar para \u201ccorregir algunas cositas\u201d con su coach.<\/p>\n<p dir=\"ltr\" style=\"text-align: justify\">\u201cS\u00ed, jugu\u00e9 bien, pero toca seguir mejorando y ajustando\u201d, consider\u00f3 Cid, que no jugaba un partido oficial desde marzo en Bolivia.<\/p>\n<p dir=\"ltr\" style=\"text-align: justify\">El tenista dominicano de mejor ranking en la ATP sum\u00f3 ocho puntos para la clasificaci\u00f3n mundial y gan\u00f3 su pase a segunda ronda donde enfrentar\u00e1 al italiano Riccardo Bonadio, actual 408 del mundo, un rival al que nunca ha enfrentado y tambi\u00e9n proveniente de la clasificaci\u00f3n.<\/p>\n<p dir=\"ltr\" style=\"text-align: justify\">Cid, quien la pr\u00f3xima semana cumplir\u00e1 27 a\u00f1os, volver\u00e1 a cancha este mi\u00e9rcoles, pero en la modalidad de dobles junto al argentino Facundo Mena, con quien enfrentar\u00e1 al espa\u00f1ol Mario Vilella y al argentino Andrea Collarini, encuentro pautado para el segundo turno de una jornada que inicia a las 5:30 de la ma\u00f1ana, hora dominicana.<\/p>\n<p dir=\"ltr\" style=\"text-align: justify\"><strong>Fuente: Michael Monegro<\/strong><\/p>\n","protected":false},"excerpt":{"rendered":"<p>\ud83d\udde3\ufe0fRoberto Cid avanza\ud83c\udfbe La raqueta No. 1 del pa\u00eds, @robcidsubervi, avanz\u00f3 a octavos del #TriesteChallenge ATP, tras el retiro de Geoffrey Blancaneaux en el segundo set. En ese momento, el dominicano ganaba 6-4; 2-0.&#46;&#46;&#46;<\/p>\n","protected":false},"author":89,"featured_media":3349,"comment_status":"open","ping_status":"open","sticky":false,"template":"","format":"standard","meta":{"_acf_changed":false,"rop_custom_images_group":[],"rop_custom_messages_group":[],"rop_publish_now":"initial","rop_publish_now_accounts":[],"rop_publish_now_history":[],"rop_publish_now_status":"pending","footnotes":""},"categories":[16],"tags":[285,284],"class_list":["post-3345","post","type-post","status-publish","format-standard","has-post-thumbnail","hentry","category-deportes","tag-atp-triestre-challenge","tag-roberto-cid"],"acf":[],"yoast_head":"<!-- This site is optimized with the Yoast SEO Premium plugin v24.9 (Yoast SEO v27.2) - https:\/\/yoast.com\/product\/yoast-seo-premium-wordpress\/ -->\n<title>Roberto Cid debuta triunfante en Italia - Rep. Dominicana | Noti-America.com<\/title>\n<meta name=\"robots\" content=\"index, follow, max-snippet:-1, max-image-preview:large, max-video-preview:-1\" \/>\n<link rel=\"canonical\" href=\"https:\/\/noti-america.com\/site\/repdom\/2020\/08\/25\/roberto-cid-debuta-triunfante-en-italia\/\" \/>\n<meta property=\"og:locale\" content=\"es_ES\" \/>\n<meta property=\"og:type\" content=\"article\" \/>\n<meta property=\"og:title\" content=\"Roberto Cid debuta triunfante en Italia\" \/>\n<meta property=\"og:description\" content=\"\ud83d\udde3\ufe0fRoberto Cid avanza\ud83c\udfbe La raqueta No. 1 del pa\u00eds, @robcidsubervi, avanz\u00f3 a octavos del #TriesteChallenge ATP, tras el retiro de Geoffrey Blancaneaux en el segundo set. En ese momento, el dominicano ganaba 6-4; 2-0.&#046;&#046;&#046;\" \/>\n<meta property=\"og:url\" content=\"https:\/\/noti-america.com\/site\/repdom\/2020\/08\/25\/roberto-cid-debuta-triunfante-en-italia\/\" \/>\n<meta property=\"og:site_name\" content=\"Rep. Dominicana | Noti-America.com\" \/>\n<meta property=\"article:published_time\" content=\"2020-08-25T19:59:34+00:00\" \/>\n<meta property=\"og:image\" content=\"https:\/\/noti-america.com\/site\/repdom\/wp-content\/uploads\/sites\/6\/2020\/08\/Roberto-Cid.jpg\" \/>\n\t<meta property=\"og:image:width\" content=\"1280\" \/>\n\t<meta property=\"og:image:height\" content=\"881\" \/>\n\t<meta property=\"og:image:type\" content=\"image\/jpeg\" \/>\n<meta name=\"author\" content=\"Ad\u00e1n Soriano\" \/>\n<meta name=\"twitter:card\" content=\"summary_large_image\" \/>\n<meta name=\"twitter:creator\" content=\"@adansoriano\" \/>\n<meta name=\"twitter:label1\" content=\"Escrito por\" \/>\n\t<meta name=\"twitter:data1\" content=\"Ad\u00e1n Soriano\" \/>\n\t<meta name=\"twitter:label2\" content=\"Tiempo estimado de lectura\" \/>\n\t<meta name=\"twitter:data2\" content=\"1 minuto\" \/>\n<script type=\"application\/ld+json\" class=\"yoast-schema-graph\">{\"@context\":\"https:\/\/schema.org\",\"@graph\":[{\"@type\":\"Article\",\"@id\":\"https:\/\/noti-america.com\/site\/repdom\/2020\/08\/25\/roberto-cid-debuta-triunfante-en-italia\/#article\",\"isPartOf\":{\"@id\":\"https:\/\/noti-america.com\/site\/repdom\/2020\/08\/25\/roberto-cid-debuta-triunfante-en-italia\/\"},\"author\":{\"name\":\"Ad\u00e1n Soriano\",\"@id\":\"https:\/\/noti-america.com\/site\/repdom\/#\/schema\/person\/fd0092c1530d275fabaa5cffcbc2b976\"},\"headline\":\"Roberto Cid debuta triunfante en Italia\",\"datePublished\":\"2020-08-25T19:59:34+00:00\",\"mainEntityOfPage\":{\"@id\":\"https:\/\/noti-america.com\/site\/repdom\/2020\/08\/25\/roberto-cid-debuta-triunfante-en-italia\/\"},\"wordCount\":270,\"commentCount\":0,\"publisher\":{\"@id\":\"https:\/\/noti-america.com\/site\/repdom\/#organization\"},\"image\":{\"@id\":\"https:\/\/noti-america.com\/site\/repdom\/2020\/08\/25\/roberto-cid-debuta-triunfante-en-italia\/#primaryimage\"},\"thumbnailUrl\":\"https:\/\/noti-america.com\/site\/repdom\/wp-content\/uploads\/sites\/6\/2020\/08\/Roberto-Cid.jpg\",\"keywords\":[\"ATP Triestre Challenge\",\"Roberto Cid\"],\"articleSection\":[\"Deportes\"],\"inLanguage\":\"es\",\"potentialAction\":[{\"@type\":\"CommentAction\",\"name\":\"Comment\",\"target\":[\"https:\/\/noti-america.com\/site\/repdom\/2020\/08\/25\/roberto-cid-debuta-triunfante-en-italia\/#respond\"]}]},{\"@type\":\"WebPage\",\"@id\":\"https:\/\/noti-america.com\/site\/repdom\/2020\/08\/25\/roberto-cid-debuta-triunfante-en-italia\/\",\"url\":\"https:\/\/noti-america.com\/site\/repdom\/2020\/08\/25\/roberto-cid-debuta-triunfante-en-italia\/\",\"name\":\"Roberto Cid debuta triunfante en Italia - Rep. Dominicana | Noti-America.com\",\"isPartOf\":{\"@id\":\"https:\/\/noti-america.com\/site\/repdom\/#website\"},\"primaryImageOfPage\":{\"@id\":\"https:\/\/noti-america.com\/site\/repdom\/2020\/08\/25\/roberto-cid-debuta-triunfante-en-italia\/#primaryimage\"},\"image\":{\"@id\":\"https:\/\/noti-america.com\/site\/repdom\/2020\/08\/25\/roberto-cid-debuta-triunfante-en-italia\/#primaryimage\"},\"thumbnailUrl\":\"https:\/\/noti-america.com\/site\/repdom\/wp-content\/uploads\/sites\/6\/2020\/08\/Roberto-Cid.jpg\",\"datePublished\":\"2020-08-25T19:59:34+00:00\",\"breadcrumb\":{\"@id\":\"https:\/\/noti-america.com\/site\/repdom\/2020\/08\/25\/roberto-cid-debuta-triunfante-en-italia\/#breadcrumb\"},\"inLanguage\":\"es\",\"potentialAction\":[{\"@type\":\"ReadAction\",\"target\":[\"https:\/\/noti-america.com\/site\/repdom\/2020\/08\/25\/roberto-cid-debuta-triunfante-en-italia\/\"]}]},{\"@type\":\"ImageObject\",\"inLanguage\":\"es\",\"@id\":\"https:\/\/noti-america.com\/site\/repdom\/2020\/08\/25\/roberto-cid-debuta-triunfante-en-italia\/#primaryimage\",\"url\":\"https:\/\/noti-america.com\/site\/repdom\/wp-content\/uploads\/sites\/6\/2020\/08\/Roberto-Cid.jpg\",\"contentUrl\":\"https:\/\/noti-america.com\/site\/repdom\/wp-content\/uploads\/sites\/6\/2020\/08\/Roberto-Cid.jpg\",\"width\":1280,\"height\":881},{\"@type\":\"BreadcrumbList\",\"@id\":\"https:\/\/noti-america.com\/site\/repdom\/2020\/08\/25\/roberto-cid-debuta-triunfante-en-italia\/#breadcrumb\",\"itemListElement\":[{\"@type\":\"ListItem\",\"position\":1,\"name\":\"Portada\",\"item\":\"https:\/\/noti-america.com\/site\/repdom\/\"},{\"@type\":\"ListItem\",\"position\":2,\"name\":\"Roberto Cid debuta triunfante en Italia\"}]},{\"@type\":\"WebSite\",\"@id\":\"https:\/\/noti-america.com\/site\/repdom\/#website\",\"url\":\"https:\/\/noti-america.com\/site\/repdom\/\",\"name\":\"Rep. Dominicana | Noti-America.com\",\"description\":\"\",\"publisher\":{\"@id\":\"https:\/\/noti-america.com\/site\/repdom\/#organization\"},\"potentialAction\":[{\"@type\":\"SearchAction\",\"target\":{\"@type\":\"EntryPoint\",\"urlTemplate\":\"https:\/\/noti-america.com\/site\/repdom\/?s={search_term_string}\"},\"query-input\":{\"@type\":\"PropertyValueSpecification\",\"valueRequired\":true,\"valueName\":\"search_term_string\"}}],\"inLanguage\":\"es\"},{\"@type\":\"Organization\",\"@id\":\"https:\/\/noti-america.com\/site\/repdom\/#organization\",\"name\":\"Noti-America LLC | Rep\u00fablica Dominicana\",\"url\":\"https:\/\/noti-america.com\/site\/repdom\/\",\"logo\":{\"@type\":\"ImageObject\",\"inLanguage\":\"es\",\"@id\":\"https:\/\/noti-america.com\/site\/repdom\/#\/schema\/logo\/image\/\",\"url\":\"https:\/\/noti-america.com\/site\/repdom\/wp-content\/uploads\/sites\/6\/2020\/07\/LogoNA-4x3-1.jpg\",\"contentUrl\":\"https:\/\/noti-america.com\/site\/repdom\/wp-content\/uploads\/sites\/6\/2020\/07\/LogoNA-4x3-1.jpg\",\"width\":1236,\"height\":1080,\"caption\":\"Noti-America LLC | Rep\u00fablica Dominicana\"},\"image\":{\"@id\":\"https:\/\/noti-america.com\/site\/repdom\/#\/schema\/logo\/image\/\"}},{\"@type\":\"Person\",\"@id\":\"https:\/\/noti-america.com\/site\/repdom\/#\/schema\/person\/fd0092c1530d275fabaa5cffcbc2b976\",\"name\":\"Ad\u00e1n Soriano\",\"image\":{\"@type\":\"ImageObject\",\"inLanguage\":\"es\",\"@id\":\"https:\/\/secure.gravatar.com\/avatar\/ecf97ff3aee7ff9efdae670d7e976f3e7e8acc1077e510d73707999a8bfd4467?s=96&d=mm&r=g\",\"url\":\"https:\/\/secure.gravatar.com\/avatar\/ecf97ff3aee7ff9efdae670d7e976f3e7e8acc1077e510d73707999a8bfd4467?s=96&d=mm&r=g\",\"contentUrl\":\"https:\/\/secure.gravatar.com\/avatar\/ecf97ff3aee7ff9efdae670d7e976f3e7e8acc1077e510d73707999a8bfd4467?s=96&d=mm&r=g\",\"caption\":\"Ad\u00e1n Soriano\"},\"description\":\"Soy cronista deportivo con 10 a\u00f1os de experiencia en varios espacios, y conduzco el podcast deportivo llamado Mezcla Deportiva\",\"sameAs\":[\"https:\/\/x.com\/adansoriano\"],\"url\":\"https:\/\/noti-america.com\/site\/repdom\/author\/asoriano\/\"}]}<\/script>\n<!-- \/ Yoast SEO Premium plugin. -->","yoast_head_json":{"title":"Roberto Cid debuta triunfante en Italia - Rep. Dominicana | Noti-America.com","robots":{"index":"index","follow":"follow","max-snippet":"max-snippet:-1","max-image-preview":"max-image-preview:large","max-video-preview":"max-video-preview:-1"},"canonical":"https:\/\/noti-america.com\/site\/repdom\/2020\/08\/25\/roberto-cid-debuta-triunfante-en-italia\/","og_locale":"es_ES","og_type":"article","og_title":"Roberto Cid debuta triunfante en Italia","og_description":"\ud83d\udde3\ufe0fRoberto Cid avanza\ud83c\udfbe La raqueta No. 1 del pa\u00eds, @robcidsubervi, avanz\u00f3 a octavos del #TriesteChallenge ATP, tras el retiro de Geoffrey Blancaneaux en el segundo set. En ese momento, el dominicano ganaba 6-4; 2-0.&#46;&#46;&#46;","og_url":"https:\/\/noti-america.com\/site\/repdom\/2020\/08\/25\/roberto-cid-debuta-triunfante-en-italia\/","og_site_name":"Rep. Dominicana | Noti-America.com","article_published_time":"2020-08-25T19:59:34+00:00","og_image":[{"width":1280,"height":881,"url":"https:\/\/noti-america.com\/site\/repdom\/wp-content\/uploads\/sites\/6\/2020\/08\/Roberto-Cid.jpg","type":"image\/jpeg"}],"author":"Ad\u00e1n Soriano","twitter_card":"summary_large_image","twitter_creator":"@adansoriano","twitter_misc":{"Escrito por":"Ad\u00e1n Soriano","Tiempo estimado de lectura":"1 minuto"},"schema":{"@context":"https:\/\/schema.org","@graph":[{"@type":"Article","@id":"https:\/\/noti-america.com\/site\/repdom\/2020\/08\/25\/roberto-cid-debuta-triunfante-en-italia\/#article","isPartOf":{"@id":"https:\/\/noti-america.com\/site\/repdom\/2020\/08\/25\/roberto-cid-debuta-triunfante-en-italia\/"},"author":{"name":"Ad\u00e1n Soriano","@id":"https:\/\/noti-america.com\/site\/repdom\/#\/schema\/person\/fd0092c1530d275fabaa5cffcbc2b976"},"headline":"Roberto Cid debuta triunfante en Italia","datePublished":"2020-08-25T19:59:34+00:00","mainEntityOfPage":{"@id":"https:\/\/noti-america.com\/site\/repdom\/2020\/08\/25\/roberto-cid-debuta-triunfante-en-italia\/"},"wordCount":270,"commentCount":0,"publisher":{"@id":"https:\/\/noti-america.com\/site\/repdom\/#organization"},"image":{"@id":"https:\/\/noti-america.com\/site\/repdom\/2020\/08\/25\/roberto-cid-debuta-triunfante-en-italia\/#primaryimage"},"thumbnailUrl":"https:\/\/noti-america.com\/site\/repdom\/wp-content\/uploads\/sites\/6\/2020\/08\/Roberto-Cid.jpg","keywords":["ATP Triestre Challenge","Roberto Cid"],"articleSection":["Deportes"],"inLanguage":"es","potentialAction":[{"@type":"CommentAction","name":"Comment","target":["https:\/\/noti-america.com\/site\/repdom\/2020\/08\/25\/roberto-cid-debuta-triunfante-en-italia\/#respond"]}]},{"@type":"WebPage","@id":"https:\/\/noti-america.com\/site\/repdom\/2020\/08\/25\/roberto-cid-debuta-triunfante-en-italia\/","url":"https:\/\/noti-america.com\/site\/repdom\/2020\/08\/25\/roberto-cid-debuta-triunfante-en-italia\/","name":"Roberto Cid debuta triunfante en Italia - Rep. Dominicana | Noti-America.com","isPartOf":{"@id":"https:\/\/noti-america.com\/site\/repdom\/#website"},"primaryImageOfPage":{"@id":"https:\/\/noti-america.com\/site\/repdom\/2020\/08\/25\/roberto-cid-debuta-triunfante-en-italia\/#primaryimage"},"image":{"@id":"https:\/\/noti-america.com\/site\/repdom\/2020\/08\/25\/roberto-cid-debuta-triunfante-en-italia\/#primaryimage"},"thumbnailUrl":"https:\/\/noti-america.com\/site\/repdom\/wp-content\/uploads\/sites\/6\/2020\/08\/Roberto-Cid.jpg","datePublished":"2020-08-25T19:59:34+00:00","breadcrumb":{"@id":"https:\/\/noti-america.com\/site\/repdom\/2020\/08\/25\/roberto-cid-debuta-triunfante-en-italia\/#breadcrumb"},"inLanguage":"es","potentialAction":[{"@type":"ReadAction","target":["https:\/\/noti-america.com\/site\/repdom\/2020\/08\/25\/roberto-cid-debuta-triunfante-en-italia\/"]}]},{"@type":"ImageObject","inLanguage":"es","@id":"https:\/\/noti-america.com\/site\/repdom\/2020\/08\/25\/roberto-cid-debuta-triunfante-en-italia\/#primaryimage","url":"https:\/\/noti-america.com\/site\/repdom\/wp-content\/uploads\/sites\/6\/2020\/08\/Roberto-Cid.jpg","contentUrl":"https:\/\/noti-america.com\/site\/repdom\/wp-content\/uploads\/sites\/6\/2020\/08\/Roberto-Cid.jpg","width":1280,"height":881},{"@type":"BreadcrumbList","@id":"https:\/\/noti-america.com\/site\/repdom\/2020\/08\/25\/roberto-cid-debuta-triunfante-en-italia\/#breadcrumb","itemListElement":[{"@type":"ListItem","position":1,"name":"Portada","item":"https:\/\/noti-america.com\/site\/repdom\/"},{"@type":"ListItem","position":2,"name":"Roberto Cid debuta triunfante en Italia"}]},{"@type":"WebSite","@id":"https:\/\/noti-america.com\/site\/repdom\/#website","url":"https:\/\/noti-america.com\/site\/repdom\/","name":"Rep. Dominicana | Noti-America.com","description":"","publisher":{"@id":"https:\/\/noti-america.com\/site\/repdom\/#organization"},"potentialAction":[{"@type":"SearchAction","target":{"@type":"EntryPoint","urlTemplate":"https:\/\/noti-america.com\/site\/repdom\/?s={search_term_string}"},"query-input":{"@type":"PropertyValueSpecification","valueRequired":true,"valueName":"search_term_string"}}],"inLanguage":"es"},{"@type":"Organization","@id":"https:\/\/noti-america.com\/site\/repdom\/#organization","name":"Noti-America LLC | Rep\u00fablica Dominicana","url":"https:\/\/noti-america.com\/site\/repdom\/","logo":{"@type":"ImageObject","inLanguage":"es","@id":"https:\/\/noti-america.com\/site\/repdom\/#\/schema\/logo\/image\/","url":"https:\/\/noti-america.com\/site\/repdom\/wp-content\/uploads\/sites\/6\/2020\/07\/LogoNA-4x3-1.jpg","contentUrl":"https:\/\/noti-america.com\/site\/repdom\/wp-content\/uploads\/sites\/6\/2020\/07\/LogoNA-4x3-1.jpg","width":1236,"height":1080,"caption":"Noti-America LLC | Rep\u00fablica Dominicana"},"image":{"@id":"https:\/\/noti-america.com\/site\/repdom\/#\/schema\/logo\/image\/"}},{"@type":"Person","@id":"https:\/\/noti-america.com\/site\/repdom\/#\/schema\/person\/fd0092c1530d275fabaa5cffcbc2b976","name":"Ad\u00e1n Soriano","image":{"@type":"ImageObject","inLanguage":"es","@id":"https:\/\/secure.gravatar.com\/avatar\/ecf97ff3aee7ff9efdae670d7e976f3e7e8acc1077e510d73707999a8bfd4467?s=96&d=mm&r=g","url":"https:\/\/secure.gravatar.com\/avatar\/ecf97ff3aee7ff9efdae670d7e976f3e7e8acc1077e510d73707999a8bfd4467?s=96&d=mm&r=g","contentUrl":"https:\/\/secure.gravatar.com\/avatar\/ecf97ff3aee7ff9efdae670d7e976f3e7e8acc1077e510d73707999a8bfd4467?s=96&d=mm&r=g","caption":"Ad\u00e1n Soriano"},"description":"Soy cronista deportivo con 10 a\u00f1os de experiencia en varios espacios, y conduzco el podcast deportivo llamado Mezcla Deportiva","sameAs":["https:\/\/x.com\/adansoriano"],"url":"https:\/\/noti-america.com\/site\/repdom\/author\/asoriano\/"}]}},"_links":{"self":[{"href":"https:\/\/noti-america.com\/site\/repdom\/wp-json\/wp\/v2\/posts\/3345","targetHints":{"allow":["GET"]}}],"collection":[{"href":"https:\/\/noti-america.com\/site\/repdom\/wp-json\/wp\/v2\/posts"}],"about":[{"href":"https:\/\/noti-america.com\/site\/repdom\/wp-json\/wp\/v2\/types\/post"}],"author":[{"embeddable":true,"href":"https:\/\/noti-america.com\/site\/repdom\/wp-json\/wp\/v2\/users\/89"}],"replies":[{"embeddable":true,"href":"https:\/\/noti-america.com\/site\/repdom\/wp-json\/wp\/v2\/comments?post=3345"}],"version-history":[{"count":1,"href":"https:\/\/noti-america.com\/site\/repdom\/wp-json\/wp\/v2\/posts\/3345\/revisions"}],"predecessor-version":[{"id":3350,"href":"https:\/\/noti-america.com\/site\/repdom\/wp-json\/wp\/v2\/posts\/3345\/revisions\/3350"}],"wp:featuredmedia":[{"embeddable":true,"href":"https:\/\/noti-america.com\/site\/repdom\/wp-json\/wp\/v2\/media\/3349"}],"wp:attachment":[{"href":"https:\/\/noti-america.com\/site\/repdom\/wp-json\/wp\/v2\/media?parent=3345"}],"wp:term":[{"taxonomy":"category","embeddable":true,"href":"https:\/\/noti-america.com\/site\/repdom\/wp-json\/wp\/v2\/categories?post=3345"},{"taxonomy":"post_tag","embeddable":true,"href":"https:\/\/noti-america.com\/site\/repdom\/wp-json\/wp\/v2\/tags?post=3345"}],"curies":[{"name":"wp","href":"https:\/\/api.w.org\/{rel}","templated":true}]}}