{"id":3318,"date":"2020-08-24T22:36:42","date_gmt":"2020-08-24T22:36:42","guid":{"rendered":"https:\/\/noti-america.com\/site\/repdom\/?p=3318"},"modified":"2020-08-24T22:36:42","modified_gmt":"2020-08-24T22:36:42","slug":"ano-escolar-iniciara-el-2-de-noviembre-de-manera-virtual","status":"publish","type":"post","link":"https:\/\/noti-america.com\/site\/repdom\/2020\/08\/24\/ano-escolar-iniciara-el-2-de-noviembre-de-manera-virtual\/","title":{"rendered":"A\u00f1o escolar iniciar\u00e1 el 2 de noviembre de manera virtual"},"content":{"rendered":"<p>El ministro de Educaci\u00f3n, Roberto Furcal anunci\u00f3 hoy que el inicio del a\u00f1o escolar ser\u00e1 el d\u00eda 2 de noviembre.<\/p>\n<p>Las clases iniciaran bajo una combinaci\u00f3n de la modalidad de educaci\u00f3n a distancia, en conocimiento de que regresar a los planteles escolares representa un riesgo en la salud de los ni\u00f1os y sus familiares debido al Covid19, se\u00f1al\u00f3 Furcal<\/p>\n<p>Durante la rueda de prensa realizada por una comitiva del gobierno central,\u00a0 el funcionario dijo que el pr\u00f3ximo 18 de septiembre se\u00a0 impartir\u00e1 una capacitaci\u00f3n especial a los maestros sobre el uso de\u00a0 la tecnolog\u00eda, seg\u00fan est\u00e1 contemplado en el plan nacional, para comenzar la docencia en medio de la pandemia del coronavirus.<\/p>\n<p>Adem\u00e1s, inform\u00f3 que los estudiantes que hayan recibido su tablet o lapto, y ya dispongan de acceso, recibir\u00e1n docencia v\u00eda internet, mientras que los dem\u00e1s lo har\u00e1n a trav\u00e9s de la televisi\u00f3n y radio, hasta que puedan ser dotados de equipos.<\/p>\n<p>Para garantizar la accesibilidad al internet, el educador inform\u00f3 que el gobierno esta consensuando un acuerdo con las compa\u00f1\u00edas proveedoras de este servicio en el pa\u00eds.<\/p>\n<p>Asimismo, solicit\u00f3 el apoyo y la colaboraci\u00f3n de la familia, es decir, padres, madres y tutores, para que este proceso se lleve a cabo de manera satisfactoria.<\/p>\n<p>El ministro tambi\u00e9n dijo que para lograr los objetivos educacionales previsto para este a\u00f1o, se extender\u00e1 el calendario escolar por 45 d\u00edas \u00a0m\u00e1s de lo acostumbrado.<\/p>\n<p>El anuncio fue realizado en el sal\u00f3n las Cari\u00e1tides del Palacio Nacional, en un acto que cont\u00f3 con la presencia del presidente Luis Abinader; la primera dama, Raquel Arbaje; la vicepresidenta Raquel Pe\u00f1a y el ministro de Educaci\u00f3n, Roberto Furcal y distintos \u00a0actores del sector escolar a nivel nacional.<\/p>\n<p><strong>Ann\u00e9 Cruz<\/strong><\/p>\n<p>(Img.-A.)<\/p>\n<p>&nbsp;<\/p>\n","protected":false},"excerpt":{"rendered":"<p>El ministro de Educaci\u00f3n, Roberto Furcal anunci\u00f3 hoy que el inicio del a\u00f1o escolar ser\u00e1 el d\u00eda 2 de noviembre. Las clases iniciaran bajo una combinaci\u00f3n de la modalidad de educaci\u00f3n a distancia, en&#46;&#46;&#46;<\/p>\n","protected":false},"author":99,"featured_media":3319,"comment_status":"open","ping_status":"open","sticky":false,"template":"","format":"gallery","meta":{"_acf_changed":false,"rop_custom_images_group":[],"rop_custom_messages_group":[],"rop_publish_now":"initial","rop_publish_now_accounts":[],"rop_publish_now_history":[],"rop_publish_now_status":"pending","footnotes":""},"categories":[10],"tags":[],"class_list":["post-3318","post","type-post","status-publish","format-gallery","has-post-thumbnail","hentry","category-actualidad","post_format-post-format-gallery"],"acf":[],"yoast_head":"<!-- This site is optimized with the Yoast SEO Premium plugin v24.9 (Yoast SEO v27.2) - https:\/\/yoast.com\/product\/yoast-seo-premium-wordpress\/ -->\n<title>A\u00f1o escolar iniciar\u00e1 el 2 de noviembre de manera virtual - Rep. Dominicana | Noti-America.com<\/title>\n<meta name=\"robots\" content=\"index, follow, max-snippet:-1, max-image-preview:large, max-video-preview:-1\" \/>\n<link rel=\"canonical\" href=\"https:\/\/noti-america.com\/site\/repdom\/2020\/08\/24\/ano-escolar-iniciara-el-2-de-noviembre-de-manera-virtual\/\" \/>\n<meta property=\"og:locale\" content=\"es_ES\" \/>\n<meta property=\"og:type\" content=\"article\" \/>\n<meta property=\"og:title\" content=\"A\u00f1o escolar iniciar\u00e1 el 2 de noviembre de manera virtual\" \/>\n<meta property=\"og:description\" content=\"El ministro de Educaci\u00f3n, Roberto Furcal anunci\u00f3 hoy que el inicio del a\u00f1o escolar ser\u00e1 el d\u00eda 2 de noviembre. Las clases iniciaran bajo una combinaci\u00f3n de la modalidad de educaci\u00f3n a distancia, en&#046;&#046;&#046;\" \/>\n<meta property=\"og:url\" content=\"https:\/\/noti-america.com\/site\/repdom\/2020\/08\/24\/ano-escolar-iniciara-el-2-de-noviembre-de-manera-virtual\/\" \/>\n<meta property=\"og:site_name\" content=\"Rep. Dominicana | Noti-America.com\" \/>\n<meta property=\"article:published_time\" content=\"2020-08-24T22:36:42+00:00\" \/>\n<meta property=\"og:image\" content=\"https:\/\/noti-america.com\/site\/repdom\/wp-content\/uploads\/sites\/6\/2020\/08\/Ano-escolar-comenzara-de-forma-virtual-750x375-1.jpg\" \/>\n\t<meta property=\"og:image:width\" content=\"750\" \/>\n\t<meta property=\"og:image:height\" content=\"375\" \/>\n\t<meta property=\"og:image:type\" content=\"image\/jpeg\" \/>\n<meta name=\"author\" content=\"Ann\u00e9 Cruz\" \/>\n<meta name=\"twitter:card\" content=\"summary_large_image\" \/>\n<meta name=\"twitter:label1\" content=\"Escrito por\" \/>\n\t<meta name=\"twitter:data1\" content=\"Ann\u00e9 Cruz\" \/>\n\t<meta name=\"twitter:label2\" content=\"Tiempo estimado de lectura\" \/>\n\t<meta name=\"twitter:data2\" content=\"2 minutos\" \/>\n<script type=\"application\/ld+json\" class=\"yoast-schema-graph\">{\"@context\":\"https:\/\/schema.org\",\"@graph\":[{\"@type\":\"Article\",\"@id\":\"https:\/\/noti-america.com\/site\/repdom\/2020\/08\/24\/ano-escolar-iniciara-el-2-de-noviembre-de-manera-virtual\/#article\",\"isPartOf\":{\"@id\":\"https:\/\/noti-america.com\/site\/repdom\/2020\/08\/24\/ano-escolar-iniciara-el-2-de-noviembre-de-manera-virtual\/\"},\"author\":{\"name\":\"Ann\u00e9 Cruz\",\"@id\":\"https:\/\/noti-america.com\/site\/repdom\/#\/schema\/person\/01b6a5fcca2b30bc220da2842f0b6060\"},\"headline\":\"A\u00f1o escolar iniciar\u00e1 el 2 de noviembre de manera virtual\",\"datePublished\":\"2020-08-24T22:36:42+00:00\",\"mainEntityOfPage\":{\"@id\":\"https:\/\/noti-america.com\/site\/repdom\/2020\/08\/24\/ano-escolar-iniciara-el-2-de-noviembre-de-manera-virtual\/\"},\"wordCount\":322,\"commentCount\":0,\"publisher\":{\"@id\":\"https:\/\/noti-america.com\/site\/repdom\/#organization\"},\"image\":{\"@id\":\"https:\/\/noti-america.com\/site\/repdom\/2020\/08\/24\/ano-escolar-iniciara-el-2-de-noviembre-de-manera-virtual\/#primaryimage\"},\"thumbnailUrl\":\"https:\/\/noti-america.com\/site\/repdom\/wp-content\/uploads\/sites\/6\/2020\/08\/Ano-escolar-comenzara-de-forma-virtual-750x375-1.jpg\",\"articleSection\":[\"Actualidad\"],\"inLanguage\":\"es\",\"potentialAction\":[{\"@type\":\"CommentAction\",\"name\":\"Comment\",\"target\":[\"https:\/\/noti-america.com\/site\/repdom\/2020\/08\/24\/ano-escolar-iniciara-el-2-de-noviembre-de-manera-virtual\/#respond\"]}]},{\"@type\":\"WebPage\",\"@id\":\"https:\/\/noti-america.com\/site\/repdom\/2020\/08\/24\/ano-escolar-iniciara-el-2-de-noviembre-de-manera-virtual\/\",\"url\":\"https:\/\/noti-america.com\/site\/repdom\/2020\/08\/24\/ano-escolar-iniciara-el-2-de-noviembre-de-manera-virtual\/\",\"name\":\"A\u00f1o escolar iniciar\u00e1 el 2 de noviembre de manera virtual - Rep. Dominicana | Noti-America.com\",\"isPartOf\":{\"@id\":\"https:\/\/noti-america.com\/site\/repdom\/#website\"},\"primaryImageOfPage\":{\"@id\":\"https:\/\/noti-america.com\/site\/repdom\/2020\/08\/24\/ano-escolar-iniciara-el-2-de-noviembre-de-manera-virtual\/#primaryimage\"},\"image\":{\"@id\":\"https:\/\/noti-america.com\/site\/repdom\/2020\/08\/24\/ano-escolar-iniciara-el-2-de-noviembre-de-manera-virtual\/#primaryimage\"},\"thumbnailUrl\":\"https:\/\/noti-america.com\/site\/repdom\/wp-content\/uploads\/sites\/6\/2020\/08\/Ano-escolar-comenzara-de-forma-virtual-750x375-1.jpg\",\"datePublished\":\"2020-08-24T22:36:42+00:00\",\"breadcrumb\":{\"@id\":\"https:\/\/noti-america.com\/site\/repdom\/2020\/08\/24\/ano-escolar-iniciara-el-2-de-noviembre-de-manera-virtual\/#breadcrumb\"},\"inLanguage\":\"es\",\"potentialAction\":[{\"@type\":\"ReadAction\",\"target\":[\"https:\/\/noti-america.com\/site\/repdom\/2020\/08\/24\/ano-escolar-iniciara-el-2-de-noviembre-de-manera-virtual\/\"]}]},{\"@type\":\"ImageObject\",\"inLanguage\":\"es\",\"@id\":\"https:\/\/noti-america.com\/site\/repdom\/2020\/08\/24\/ano-escolar-iniciara-el-2-de-noviembre-de-manera-virtual\/#primaryimage\",\"url\":\"https:\/\/noti-america.com\/site\/repdom\/wp-content\/uploads\/sites\/6\/2020\/08\/Ano-escolar-comenzara-de-forma-virtual-750x375-1.jpg\",\"contentUrl\":\"https:\/\/noti-america.com\/site\/repdom\/wp-content\/uploads\/sites\/6\/2020\/08\/Ano-escolar-comenzara-de-forma-virtual-750x375-1.jpg\",\"width\":750,\"height\":375},{\"@type\":\"BreadcrumbList\",\"@id\":\"https:\/\/noti-america.com\/site\/repdom\/2020\/08\/24\/ano-escolar-iniciara-el-2-de-noviembre-de-manera-virtual\/#breadcrumb\",\"itemListElement\":[{\"@type\":\"ListItem\",\"position\":1,\"name\":\"Portada\",\"item\":\"https:\/\/noti-america.com\/site\/repdom\/\"},{\"@type\":\"ListItem\",\"position\":2,\"name\":\"A\u00f1o escolar iniciar\u00e1 el 2 de noviembre de manera virtual\"}]},{\"@type\":\"WebSite\",\"@id\":\"https:\/\/noti-america.com\/site\/repdom\/#website\",\"url\":\"https:\/\/noti-america.com\/site\/repdom\/\",\"name\":\"Rep. Dominicana | Noti-America.com\",\"description\":\"\",\"publisher\":{\"@id\":\"https:\/\/noti-america.com\/site\/repdom\/#organization\"},\"potentialAction\":[{\"@type\":\"SearchAction\",\"target\":{\"@type\":\"EntryPoint\",\"urlTemplate\":\"https:\/\/noti-america.com\/site\/repdom\/?s={search_term_string}\"},\"query-input\":{\"@type\":\"PropertyValueSpecification\",\"valueRequired\":true,\"valueName\":\"search_term_string\"}}],\"inLanguage\":\"es\"},{\"@type\":\"Organization\",\"@id\":\"https:\/\/noti-america.com\/site\/repdom\/#organization\",\"name\":\"Noti-America LLC | Rep\u00fablica Dominicana\",\"url\":\"https:\/\/noti-america.com\/site\/repdom\/\",\"logo\":{\"@type\":\"ImageObject\",\"inLanguage\":\"es\",\"@id\":\"https:\/\/noti-america.com\/site\/repdom\/#\/schema\/logo\/image\/\",\"url\":\"https:\/\/noti-america.com\/site\/repdom\/wp-content\/uploads\/sites\/6\/2020\/07\/LogoNA-4x3-1.jpg\",\"contentUrl\":\"https:\/\/noti-america.com\/site\/repdom\/wp-content\/uploads\/sites\/6\/2020\/07\/LogoNA-4x3-1.jpg\",\"width\":1236,\"height\":1080,\"caption\":\"Noti-America LLC | Rep\u00fablica Dominicana\"},\"image\":{\"@id\":\"https:\/\/noti-america.com\/site\/repdom\/#\/schema\/logo\/image\/\"}},{\"@type\":\"Person\",\"@id\":\"https:\/\/noti-america.com\/site\/repdom\/#\/schema\/person\/01b6a5fcca2b30bc220da2842f0b6060\",\"name\":\"Ann\u00e9 Cruz\",\"image\":{\"@type\":\"ImageObject\",\"inLanguage\":\"es\",\"@id\":\"https:\/\/secure.gravatar.com\/avatar\/f5aaeb3fd16b65f7d601dd99d7f1dcaaf7065ea361b219976bcf5d43d0980e1b?s=96&d=mm&r=g\",\"url\":\"https:\/\/secure.gravatar.com\/avatar\/f5aaeb3fd16b65f7d601dd99d7f1dcaaf7065ea361b219976bcf5d43d0980e1b?s=96&d=mm&r=g\",\"contentUrl\":\"https:\/\/secure.gravatar.com\/avatar\/f5aaeb3fd16b65f7d601dd99d7f1dcaaf7065ea361b219976bcf5d43d0980e1b?s=96&d=mm&r=g\",\"caption\":\"Ann\u00e9 Cruz\"},\"description\":\"Emprendedora, publirrelacionista y periodista especializada en Comunicaci\u00f3n Pol\u00edtica e Institucional.\",\"url\":\"https:\/\/noti-america.com\/site\/repdom\/author\/adelacruz\/\"}]}<\/script>\n<!-- \/ Yoast SEO Premium plugin. -->","yoast_head_json":{"title":"A\u00f1o escolar iniciar\u00e1 el 2 de noviembre de manera virtual - Rep. Dominicana | Noti-America.com","robots":{"index":"index","follow":"follow","max-snippet":"max-snippet:-1","max-image-preview":"max-image-preview:large","max-video-preview":"max-video-preview:-1"},"canonical":"https:\/\/noti-america.com\/site\/repdom\/2020\/08\/24\/ano-escolar-iniciara-el-2-de-noviembre-de-manera-virtual\/","og_locale":"es_ES","og_type":"article","og_title":"A\u00f1o escolar iniciar\u00e1 el 2 de noviembre de manera virtual","og_description":"El ministro de Educaci\u00f3n, Roberto Furcal anunci\u00f3 hoy que el inicio del a\u00f1o escolar ser\u00e1 el d\u00eda 2 de noviembre. Las clases iniciaran bajo una combinaci\u00f3n de la modalidad de educaci\u00f3n a distancia, en&#46;&#46;&#46;","og_url":"https:\/\/noti-america.com\/site\/repdom\/2020\/08\/24\/ano-escolar-iniciara-el-2-de-noviembre-de-manera-virtual\/","og_site_name":"Rep. Dominicana | Noti-America.com","article_published_time":"2020-08-24T22:36:42+00:00","og_image":[{"width":750,"height":375,"url":"https:\/\/noti-america.com\/site\/repdom\/wp-content\/uploads\/sites\/6\/2020\/08\/Ano-escolar-comenzara-de-forma-virtual-750x375-1.jpg","type":"image\/jpeg"}],"author":"Ann\u00e9 Cruz","twitter_card":"summary_large_image","twitter_misc":{"Escrito por":"Ann\u00e9 Cruz","Tiempo estimado de lectura":"2 minutos"},"schema":{"@context":"https:\/\/schema.org","@graph":[{"@type":"Article","@id":"https:\/\/noti-america.com\/site\/repdom\/2020\/08\/24\/ano-escolar-iniciara-el-2-de-noviembre-de-manera-virtual\/#article","isPartOf":{"@id":"https:\/\/noti-america.com\/site\/repdom\/2020\/08\/24\/ano-escolar-iniciara-el-2-de-noviembre-de-manera-virtual\/"},"author":{"name":"Ann\u00e9 Cruz","@id":"https:\/\/noti-america.com\/site\/repdom\/#\/schema\/person\/01b6a5fcca2b30bc220da2842f0b6060"},"headline":"A\u00f1o escolar iniciar\u00e1 el 2 de noviembre de manera virtual","datePublished":"2020-08-24T22:36:42+00:00","mainEntityOfPage":{"@id":"https:\/\/noti-america.com\/site\/repdom\/2020\/08\/24\/ano-escolar-iniciara-el-2-de-noviembre-de-manera-virtual\/"},"wordCount":322,"commentCount":0,"publisher":{"@id":"https:\/\/noti-america.com\/site\/repdom\/#organization"},"image":{"@id":"https:\/\/noti-america.com\/site\/repdom\/2020\/08\/24\/ano-escolar-iniciara-el-2-de-noviembre-de-manera-virtual\/#primaryimage"},"thumbnailUrl":"https:\/\/noti-america.com\/site\/repdom\/wp-content\/uploads\/sites\/6\/2020\/08\/Ano-escolar-comenzara-de-forma-virtual-750x375-1.jpg","articleSection":["Actualidad"],"inLanguage":"es","potentialAction":[{"@type":"CommentAction","name":"Comment","target":["https:\/\/noti-america.com\/site\/repdom\/2020\/08\/24\/ano-escolar-iniciara-el-2-de-noviembre-de-manera-virtual\/#respond"]}]},{"@type":"WebPage","@id":"https:\/\/noti-america.com\/site\/repdom\/2020\/08\/24\/ano-escolar-iniciara-el-2-de-noviembre-de-manera-virtual\/","url":"https:\/\/noti-america.com\/site\/repdom\/2020\/08\/24\/ano-escolar-iniciara-el-2-de-noviembre-de-manera-virtual\/","name":"A\u00f1o escolar iniciar\u00e1 el 2 de noviembre de manera virtual - Rep. Dominicana | Noti-America.com","isPartOf":{"@id":"https:\/\/noti-america.com\/site\/repdom\/#website"},"primaryImageOfPage":{"@id":"https:\/\/noti-america.com\/site\/repdom\/2020\/08\/24\/ano-escolar-iniciara-el-2-de-noviembre-de-manera-virtual\/#primaryimage"},"image":{"@id":"https:\/\/noti-america.com\/site\/repdom\/2020\/08\/24\/ano-escolar-iniciara-el-2-de-noviembre-de-manera-virtual\/#primaryimage"},"thumbnailUrl":"https:\/\/noti-america.com\/site\/repdom\/wp-content\/uploads\/sites\/6\/2020\/08\/Ano-escolar-comenzara-de-forma-virtual-750x375-1.jpg","datePublished":"2020-08-24T22:36:42+00:00","breadcrumb":{"@id":"https:\/\/noti-america.com\/site\/repdom\/2020\/08\/24\/ano-escolar-iniciara-el-2-de-noviembre-de-manera-virtual\/#breadcrumb"},"inLanguage":"es","potentialAction":[{"@type":"ReadAction","target":["https:\/\/noti-america.com\/site\/repdom\/2020\/08\/24\/ano-escolar-iniciara-el-2-de-noviembre-de-manera-virtual\/"]}]},{"@type":"ImageObject","inLanguage":"es","@id":"https:\/\/noti-america.com\/site\/repdom\/2020\/08\/24\/ano-escolar-iniciara-el-2-de-noviembre-de-manera-virtual\/#primaryimage","url":"https:\/\/noti-america.com\/site\/repdom\/wp-content\/uploads\/sites\/6\/2020\/08\/Ano-escolar-comenzara-de-forma-virtual-750x375-1.jpg","contentUrl":"https:\/\/noti-america.com\/site\/repdom\/wp-content\/uploads\/sites\/6\/2020\/08\/Ano-escolar-comenzara-de-forma-virtual-750x375-1.jpg","width":750,"height":375},{"@type":"BreadcrumbList","@id":"https:\/\/noti-america.com\/site\/repdom\/2020\/08\/24\/ano-escolar-iniciara-el-2-de-noviembre-de-manera-virtual\/#breadcrumb","itemListElement":[{"@type":"ListItem","position":1,"name":"Portada","item":"https:\/\/noti-america.com\/site\/repdom\/"},{"@type":"ListItem","position":2,"name":"A\u00f1o escolar iniciar\u00e1 el 2 de noviembre de manera virtual"}]},{"@type":"WebSite","@id":"https:\/\/noti-america.com\/site\/repdom\/#website","url":"https:\/\/noti-america.com\/site\/repdom\/","name":"Rep. Dominicana | Noti-America.com","description":"","publisher":{"@id":"https:\/\/noti-america.com\/site\/repdom\/#organization"},"potentialAction":[{"@type":"SearchAction","target":{"@type":"EntryPoint","urlTemplate":"https:\/\/noti-america.com\/site\/repdom\/?s={search_term_string}"},"query-input":{"@type":"PropertyValueSpecification","valueRequired":true,"valueName":"search_term_string"}}],"inLanguage":"es"},{"@type":"Organization","@id":"https:\/\/noti-america.com\/site\/repdom\/#organization","name":"Noti-America LLC | Rep\u00fablica Dominicana","url":"https:\/\/noti-america.com\/site\/repdom\/","logo":{"@type":"ImageObject","inLanguage":"es","@id":"https:\/\/noti-america.com\/site\/repdom\/#\/schema\/logo\/image\/","url":"https:\/\/noti-america.com\/site\/repdom\/wp-content\/uploads\/sites\/6\/2020\/07\/LogoNA-4x3-1.jpg","contentUrl":"https:\/\/noti-america.com\/site\/repdom\/wp-content\/uploads\/sites\/6\/2020\/07\/LogoNA-4x3-1.jpg","width":1236,"height":1080,"caption":"Noti-America LLC | Rep\u00fablica Dominicana"},"image":{"@id":"https:\/\/noti-america.com\/site\/repdom\/#\/schema\/logo\/image\/"}},{"@type":"Person","@id":"https:\/\/noti-america.com\/site\/repdom\/#\/schema\/person\/01b6a5fcca2b30bc220da2842f0b6060","name":"Ann\u00e9 Cruz","image":{"@type":"ImageObject","inLanguage":"es","@id":"https:\/\/secure.gravatar.com\/avatar\/f5aaeb3fd16b65f7d601dd99d7f1dcaaf7065ea361b219976bcf5d43d0980e1b?s=96&d=mm&r=g","url":"https:\/\/secure.gravatar.com\/avatar\/f5aaeb3fd16b65f7d601dd99d7f1dcaaf7065ea361b219976bcf5d43d0980e1b?s=96&d=mm&r=g","contentUrl":"https:\/\/secure.gravatar.com\/avatar\/f5aaeb3fd16b65f7d601dd99d7f1dcaaf7065ea361b219976bcf5d43d0980e1b?s=96&d=mm&r=g","caption":"Ann\u00e9 Cruz"},"description":"Emprendedora, publirrelacionista y periodista especializada en Comunicaci\u00f3n Pol\u00edtica e Institucional.","url":"https:\/\/noti-america.com\/site\/repdom\/author\/adelacruz\/"}]}},"_links":{"self":[{"href":"https:\/\/noti-america.com\/site\/repdom\/wp-json\/wp\/v2\/posts\/3318","targetHints":{"allow":["GET"]}}],"collection":[{"href":"https:\/\/noti-america.com\/site\/repdom\/wp-json\/wp\/v2\/posts"}],"about":[{"href":"https:\/\/noti-america.com\/site\/repdom\/wp-json\/wp\/v2\/types\/post"}],"author":[{"embeddable":true,"href":"https:\/\/noti-america.com\/site\/repdom\/wp-json\/wp\/v2\/users\/99"}],"replies":[{"embeddable":true,"href":"https:\/\/noti-america.com\/site\/repdom\/wp-json\/wp\/v2\/comments?post=3318"}],"version-history":[{"count":1,"href":"https:\/\/noti-america.com\/site\/repdom\/wp-json\/wp\/v2\/posts\/3318\/revisions"}],"predecessor-version":[{"id":3320,"href":"https:\/\/noti-america.com\/site\/repdom\/wp-json\/wp\/v2\/posts\/3318\/revisions\/3320"}],"wp:featuredmedia":[{"embeddable":true,"href":"https:\/\/noti-america.com\/site\/repdom\/wp-json\/wp\/v2\/media\/3319"}],"wp:attachment":[{"href":"https:\/\/noti-america.com\/site\/repdom\/wp-json\/wp\/v2\/media?parent=3318"}],"wp:term":[{"taxonomy":"category","embeddable":true,"href":"https:\/\/noti-america.com\/site\/repdom\/wp-json\/wp\/v2\/categories?post=3318"},{"taxonomy":"post_tag","embeddable":true,"href":"https:\/\/noti-america.com\/site\/repdom\/wp-json\/wp\/v2\/tags?post=3318"}],"curies":[{"name":"wp","href":"https:\/\/api.w.org\/{rel}","templated":true}]}}