{"id":33064,"date":"2025-05-27T04:33:35","date_gmt":"2025-05-27T04:33:35","guid":{"rendered":"https:\/\/noti-america.com\/site\/repdom\/?p=33064"},"modified":"2025-05-27T04:33:35","modified_gmt":"2025-05-27T04:33:35","slug":"lorena-aurelluk-representa-a-paraguay-en-el-women-economic-forum-republica-dominicana-2025-con-una-inspiradora-ponencia-sobre-liderazgo-y-sostenibilidad","status":"publish","type":"post","link":"https:\/\/noti-america.com\/site\/repdom\/2025\/05\/27\/lorena-aurelluk-representa-a-paraguay-en-el-women-economic-forum-republica-dominicana-2025-con-una-inspiradora-ponencia-sobre-liderazgo-y-sostenibilidad\/","title":{"rendered":"Lorena Aurelluk representa a Paraguay en el Women Economic Forum Rep\u00fablica Dominicana 2025 con una inspiradora ponencia sobre liderazgo y sostenibilidad"},"content":{"rendered":"<p><strong>Noti-Am\u00e9rica Rep\u00fablica Dominicana<\/strong><br \/>\n<strong>Santo Domingo,RD<\/strong><\/p>\n<p>&nbsp;<\/p>\n<p style=\"text-align: justify\" data-start=\"360\" data-end=\"885\">La destacada conferencista y l\u00edder social <strong data-start=\"441\" data-end=\"460\">Lorena Aurelluk<\/strong> particip\u00f3 en la cuarta edici\u00f3n del <strong data-start=\"496\" data-end=\"547\">Women Economic Forum (WEF) Rep\u00fablica Dominicana<\/strong>, celebrada de manera virtual bajo el lema <strong data-start=\"590\" data-end=\"621\">\u201cEmpoderamiento del Futuro\u201d<\/strong>. Representando a Paraguay, Aurelluk ofreci\u00f3 la aclamada ponencia titulada <strong data-start=\"696\" data-end=\"768\">\u00abFormar, Liderar, Transformar: El camino hacia un futuro sostenible\u00bb<\/strong>, en la que comparti\u00f3 su visi\u00f3n y experiencia sobre la construcci\u00f3n de un liderazgo transformador con impacto global.<\/p>\n<p style=\"text-align: justify\" data-start=\"887\" data-end=\"1223\">El WEF es una plataforma internacional de alto nivel que promueve el empoderamiento femenino, el liderazgo con prop\u00f3sito y la colaboraci\u00f3n global. En esta edici\u00f3n, participaron destacadas voces del \u00e1mbito empresarial, acad\u00e9mico y social de Am\u00e9rica Latina y el mundo, consolidando su compromiso con la equidad y el desarrollo sostenible.<\/p>\n<p style=\"text-align: justify\" data-start=\"1225\" data-end=\"1572\">Durante su intervenci\u00f3n, <strong data-start=\"1250\" data-end=\"1269\">Lorena Aurelluk<\/strong> subray\u00f3 la importancia de la formaci\u00f3n continua, el liderazgo con conciencia social y la transformaci\u00f3n colectiva como pilares esenciales para enfrentar los desaf\u00edos del siglo XXI. \u201cNo podemos construir un futuro sostenible sin l\u00edderes comprometidos con la inclusi\u00f3n, la \u00e9tica y la innovaci\u00f3n\u201d, afirm\u00f3.<\/p>\n<p style=\"text-align: justify\" data-start=\"1574\" data-end=\"1832\">Con una trayectoria marcada por su dedicaci\u00f3n a proyectos de impacto en educaci\u00f3n, desarrollo comunitario y sostenibilidad, Aurelluk ha sido reconocida como una voz clave en la regi\u00f3n por su capacidad de movilizar acciones concretas hacia un cambio positivo.<\/p>\n<p style=\"text-align: justify\" data-start=\"1834\" data-end=\"2098\">Su participaci\u00f3n en el WEF Rep\u00fablica Dominicana reafirma el rol protag\u00f3nico de las mujeres en escenarios internacionales, impulsando el di\u00e1logo, la cooperaci\u00f3n y la transformaci\u00f3n desde una perspectiva global y con ra\u00edces profundamente latinoamericanas.<\/p>\n<p>Instagram @lorenaaurelluk<\/p>\n","protected":false},"excerpt":{"rendered":"<p>Noti-Am\u00e9rica Rep\u00fablica Dominicana Santo Domingo,RD &nbsp; La destacada conferencista y l\u00edder social Lorena Aurelluk particip\u00f3 en la cuarta edici\u00f3n del Women Economic Forum (WEF) Rep\u00fablica Dominicana, celebrada de manera virtual bajo el lema \u201cEmpoderamiento&#46;&#46;&#46;<\/p>\n","protected":false},"author":87,"featured_media":33065,"comment_status":"open","ping_status":"open","sticky":false,"template":"","format":"image","meta":{"_acf_changed":false,"rop_custom_images_group":[],"rop_custom_messages_group":[],"rop_publish_now":"initial","rop_publish_now_accounts":[],"rop_publish_now_history":[],"rop_publish_now_status":"pending","footnotes":""},"categories":[163,4],"tags":[],"class_list":["post-33064","post","type-post","status-publish","format-image","has-post-thumbnail","hentry","category-empresarios","category-internacionales","post_format-post-format-image"],"acf":[],"yoast_head":"<!-- This site is optimized with the Yoast SEO Premium plugin v24.9 (Yoast SEO v27.2) - https:\/\/yoast.com\/product\/yoast-seo-premium-wordpress\/ -->\n<title>Lorena Aurelluk representa a Paraguay en el Women Economic Forum Rep\u00fablica Dominicana 2025 con una inspiradora ponencia sobre liderazgo y sostenibilidad - Rep. Dominicana | Noti-America.com<\/title>\n<meta name=\"robots\" content=\"index, follow, max-snippet:-1, max-image-preview:large, max-video-preview:-1\" \/>\n<link rel=\"canonical\" href=\"https:\/\/noti-america.com\/site\/repdom\/2025\/05\/27\/lorena-aurelluk-representa-a-paraguay-en-el-women-economic-forum-republica-dominicana-2025-con-una-inspiradora-ponencia-sobre-liderazgo-y-sostenibilidad\/\" \/>\n<meta property=\"og:locale\" content=\"es_ES\" \/>\n<meta property=\"og:type\" content=\"article\" \/>\n<meta property=\"og:title\" content=\"Lorena Aurelluk representa a Paraguay en el Women Economic Forum Rep\u00fablica Dominicana 2025 con una inspiradora ponencia sobre liderazgo y sostenibilidad\" \/>\n<meta property=\"og:description\" content=\"Noti-Am\u00e9rica Rep\u00fablica Dominicana Santo Domingo,RD &nbsp; La destacada conferencista y l\u00edder social Lorena Aurelluk particip\u00f3 en la cuarta edici\u00f3n del Women Economic Forum (WEF) Rep\u00fablica Dominicana, celebrada de manera virtual bajo el lema \u201cEmpoderamiento&#046;&#046;&#046;\" \/>\n<meta property=\"og:url\" content=\"https:\/\/noti-america.com\/site\/repdom\/2025\/05\/27\/lorena-aurelluk-representa-a-paraguay-en-el-women-economic-forum-republica-dominicana-2025-con-una-inspiradora-ponencia-sobre-liderazgo-y-sostenibilidad\/\" \/>\n<meta property=\"og:site_name\" content=\"Rep. Dominicana | Noti-America.com\" \/>\n<meta property=\"article:published_time\" content=\"2025-05-27T04:33:35+00:00\" \/>\n<meta property=\"og:image\" content=\"https:\/\/noti-america.com\/site\/repdom\/wp-content\/uploads\/sites\/6\/2025\/05\/IMG__17___1_-removebg-preview.png\" \/>\n\t<meta property=\"og:image:width\" content=\"408\" \/>\n\t<meta property=\"og:image:height\" content=\"612\" \/>\n\t<meta property=\"og:image:type\" content=\"image\/png\" \/>\n<meta name=\"author\" content=\"CAMH\" \/>\n<meta name=\"twitter:card\" content=\"summary_large_image\" \/>\n<meta name=\"twitter:label1\" content=\"Escrito por\" \/>\n\t<meta name=\"twitter:data1\" content=\"CAMH\" \/>\n\t<meta name=\"twitter:label2\" content=\"Tiempo estimado de lectura\" \/>\n\t<meta name=\"twitter:data2\" content=\"2 minutos\" \/>\n<script type=\"application\/ld+json\" class=\"yoast-schema-graph\">{\"@context\":\"https:\/\/schema.org\",\"@graph\":[{\"@type\":\"Article\",\"@id\":\"https:\/\/noti-america.com\/site\/repdom\/2025\/05\/27\/lorena-aurelluk-representa-a-paraguay-en-el-women-economic-forum-republica-dominicana-2025-con-una-inspiradora-ponencia-sobre-liderazgo-y-sostenibilidad\/#article\",\"isPartOf\":{\"@id\":\"https:\/\/noti-america.com\/site\/repdom\/2025\/05\/27\/lorena-aurelluk-representa-a-paraguay-en-el-women-economic-forum-republica-dominicana-2025-con-una-inspiradora-ponencia-sobre-liderazgo-y-sostenibilidad\/\"},\"author\":{\"name\":\"CAMH\",\"@id\":\"https:\/\/noti-america.com\/site\/repdom\/#\/schema\/person\/e13880b4308eea6926b271284605ef72\"},\"headline\":\"Lorena Aurelluk representa a Paraguay en el Women Economic Forum Rep\u00fablica Dominicana 2025 con una inspiradora ponencia sobre liderazgo y sostenibilidad\",\"datePublished\":\"2025-05-27T04:33:35+00:00\",\"mainEntityOfPage\":{\"@id\":\"https:\/\/noti-america.com\/site\/repdom\/2025\/05\/27\/lorena-aurelluk-representa-a-paraguay-en-el-women-economic-forum-republica-dominicana-2025-con-una-inspiradora-ponencia-sobre-liderazgo-y-sostenibilidad\/\"},\"wordCount\":297,\"commentCount\":0,\"publisher\":{\"@id\":\"https:\/\/noti-america.com\/site\/repdom\/#organization\"},\"image\":{\"@id\":\"https:\/\/noti-america.com\/site\/repdom\/2025\/05\/27\/lorena-aurelluk-representa-a-paraguay-en-el-women-economic-forum-republica-dominicana-2025-con-una-inspiradora-ponencia-sobre-liderazgo-y-sostenibilidad\/#primaryimage\"},\"thumbnailUrl\":\"https:\/\/noti-america.com\/site\/repdom\/wp-content\/uploads\/sites\/6\/2025\/05\/IMG__17___1_-removebg-preview.png\",\"articleSection\":[\"Empresarios\",\"Internacionales\"],\"inLanguage\":\"es\",\"potentialAction\":[{\"@type\":\"CommentAction\",\"name\":\"Comment\",\"target\":[\"https:\/\/noti-america.com\/site\/repdom\/2025\/05\/27\/lorena-aurelluk-representa-a-paraguay-en-el-women-economic-forum-republica-dominicana-2025-con-una-inspiradora-ponencia-sobre-liderazgo-y-sostenibilidad\/#respond\"]}]},{\"@type\":\"WebPage\",\"@id\":\"https:\/\/noti-america.com\/site\/repdom\/2025\/05\/27\/lorena-aurelluk-representa-a-paraguay-en-el-women-economic-forum-republica-dominicana-2025-con-una-inspiradora-ponencia-sobre-liderazgo-y-sostenibilidad\/\",\"url\":\"https:\/\/noti-america.com\/site\/repdom\/2025\/05\/27\/lorena-aurelluk-representa-a-paraguay-en-el-women-economic-forum-republica-dominicana-2025-con-una-inspiradora-ponencia-sobre-liderazgo-y-sostenibilidad\/\",\"name\":\"Lorena Aurelluk representa a Paraguay en el Women Economic Forum Rep\u00fablica Dominicana 2025 con una inspiradora ponencia sobre liderazgo y sostenibilidad - Rep. Dominicana | Noti-America.com\",\"isPartOf\":{\"@id\":\"https:\/\/noti-america.com\/site\/repdom\/#website\"},\"primaryImageOfPage\":{\"@id\":\"https:\/\/noti-america.com\/site\/repdom\/2025\/05\/27\/lorena-aurelluk-representa-a-paraguay-en-el-women-economic-forum-republica-dominicana-2025-con-una-inspiradora-ponencia-sobre-liderazgo-y-sostenibilidad\/#primaryimage\"},\"image\":{\"@id\":\"https:\/\/noti-america.com\/site\/repdom\/2025\/05\/27\/lorena-aurelluk-representa-a-paraguay-en-el-women-economic-forum-republica-dominicana-2025-con-una-inspiradora-ponencia-sobre-liderazgo-y-sostenibilidad\/#primaryimage\"},\"thumbnailUrl\":\"https:\/\/noti-america.com\/site\/repdom\/wp-content\/uploads\/sites\/6\/2025\/05\/IMG__17___1_-removebg-preview.png\",\"datePublished\":\"2025-05-27T04:33:35+00:00\",\"breadcrumb\":{\"@id\":\"https:\/\/noti-america.com\/site\/repdom\/2025\/05\/27\/lorena-aurelluk-representa-a-paraguay-en-el-women-economic-forum-republica-dominicana-2025-con-una-inspiradora-ponencia-sobre-liderazgo-y-sostenibilidad\/#breadcrumb\"},\"inLanguage\":\"es\",\"potentialAction\":[{\"@type\":\"ReadAction\",\"target\":[\"https:\/\/noti-america.com\/site\/repdom\/2025\/05\/27\/lorena-aurelluk-representa-a-paraguay-en-el-women-economic-forum-republica-dominicana-2025-con-una-inspiradora-ponencia-sobre-liderazgo-y-sostenibilidad\/\"]}]},{\"@type\":\"ImageObject\",\"inLanguage\":\"es\",\"@id\":\"https:\/\/noti-america.com\/site\/repdom\/2025\/05\/27\/lorena-aurelluk-representa-a-paraguay-en-el-women-economic-forum-republica-dominicana-2025-con-una-inspiradora-ponencia-sobre-liderazgo-y-sostenibilidad\/#primaryimage\",\"url\":\"https:\/\/noti-america.com\/site\/repdom\/wp-content\/uploads\/sites\/6\/2025\/05\/IMG__17___1_-removebg-preview.png\",\"contentUrl\":\"https:\/\/noti-america.com\/site\/repdom\/wp-content\/uploads\/sites\/6\/2025\/05\/IMG__17___1_-removebg-preview.png\",\"width\":408,\"height\":612},{\"@type\":\"BreadcrumbList\",\"@id\":\"https:\/\/noti-america.com\/site\/repdom\/2025\/05\/27\/lorena-aurelluk-representa-a-paraguay-en-el-women-economic-forum-republica-dominicana-2025-con-una-inspiradora-ponencia-sobre-liderazgo-y-sostenibilidad\/#breadcrumb\",\"itemListElement\":[{\"@type\":\"ListItem\",\"position\":1,\"name\":\"Portada\",\"item\":\"https:\/\/noti-america.com\/site\/repdom\/\"},{\"@type\":\"ListItem\",\"position\":2,\"name\":\"Lorena Aurelluk representa a Paraguay en el Women Economic Forum Rep\u00fablica Dominicana 2025 con una inspiradora ponencia sobre liderazgo y sostenibilidad\"}]},{\"@type\":\"WebSite\",\"@id\":\"https:\/\/noti-america.com\/site\/repdom\/#website\",\"url\":\"https:\/\/noti-america.com\/site\/repdom\/\",\"name\":\"Rep. Dominicana | Noti-America.com\",\"description\":\"\",\"publisher\":{\"@id\":\"https:\/\/noti-america.com\/site\/repdom\/#organization\"},\"potentialAction\":[{\"@type\":\"SearchAction\",\"target\":{\"@type\":\"EntryPoint\",\"urlTemplate\":\"https:\/\/noti-america.com\/site\/repdom\/?s={search_term_string}\"},\"query-input\":{\"@type\":\"PropertyValueSpecification\",\"valueRequired\":true,\"valueName\":\"search_term_string\"}}],\"inLanguage\":\"es\"},{\"@type\":\"Organization\",\"@id\":\"https:\/\/noti-america.com\/site\/repdom\/#organization\",\"name\":\"Noti-America LLC | Rep\u00fablica Dominicana\",\"url\":\"https:\/\/noti-america.com\/site\/repdom\/\",\"logo\":{\"@type\":\"ImageObject\",\"inLanguage\":\"es\",\"@id\":\"https:\/\/noti-america.com\/site\/repdom\/#\/schema\/logo\/image\/\",\"url\":\"https:\/\/noti-america.com\/site\/repdom\/wp-content\/uploads\/sites\/6\/2020\/07\/LogoNA-4x3-1.jpg\",\"contentUrl\":\"https:\/\/noti-america.com\/site\/repdom\/wp-content\/uploads\/sites\/6\/2020\/07\/LogoNA-4x3-1.jpg\",\"width\":1236,\"height\":1080,\"caption\":\"Noti-America LLC | Rep\u00fablica Dominicana\"},\"image\":{\"@id\":\"https:\/\/noti-america.com\/site\/repdom\/#\/schema\/logo\/image\/\"}},{\"@type\":\"Person\",\"@id\":\"https:\/\/noti-america.com\/site\/repdom\/#\/schema\/person\/e13880b4308eea6926b271284605ef72\",\"name\":\"CAMH\",\"image\":{\"@type\":\"ImageObject\",\"inLanguage\":\"es\",\"@id\":\"https:\/\/secure.gravatar.com\/avatar\/82aa99c723cbed2b304797bc218a5542b5a94d7f5d0ba3b39650aef53c28ecf5?s=96&d=mm&r=g\",\"url\":\"https:\/\/secure.gravatar.com\/avatar\/82aa99c723cbed2b304797bc218a5542b5a94d7f5d0ba3b39650aef53c28ecf5?s=96&d=mm&r=g\",\"contentUrl\":\"https:\/\/secure.gravatar.com\/avatar\/82aa99c723cbed2b304797bc218a5542b5a94d7f5d0ba3b39650aef53c28ecf5?s=96&d=mm&r=g\",\"caption\":\"CAMH\"},\"url\":\"https:\/\/noti-america.com\/site\/repdom\/author\/cmitchell\/\"}]}<\/script>\n<!-- \/ Yoast SEO Premium plugin. -->","yoast_head_json":{"title":"Lorena Aurelluk representa a Paraguay en el Women Economic Forum Rep\u00fablica Dominicana 2025 con una inspiradora ponencia sobre liderazgo y sostenibilidad - Rep. Dominicana | Noti-America.com","robots":{"index":"index","follow":"follow","max-snippet":"max-snippet:-1","max-image-preview":"max-image-preview:large","max-video-preview":"max-video-preview:-1"},"canonical":"https:\/\/noti-america.com\/site\/repdom\/2025\/05\/27\/lorena-aurelluk-representa-a-paraguay-en-el-women-economic-forum-republica-dominicana-2025-con-una-inspiradora-ponencia-sobre-liderazgo-y-sostenibilidad\/","og_locale":"es_ES","og_type":"article","og_title":"Lorena Aurelluk representa a Paraguay en el Women Economic Forum Rep\u00fablica Dominicana 2025 con una inspiradora ponencia sobre liderazgo y sostenibilidad","og_description":"Noti-Am\u00e9rica Rep\u00fablica Dominicana Santo Domingo,RD &nbsp; La destacada conferencista y l\u00edder social Lorena Aurelluk particip\u00f3 en la cuarta edici\u00f3n del Women Economic Forum (WEF) Rep\u00fablica Dominicana, celebrada de manera virtual bajo el lema \u201cEmpoderamiento&#46;&#46;&#46;","og_url":"https:\/\/noti-america.com\/site\/repdom\/2025\/05\/27\/lorena-aurelluk-representa-a-paraguay-en-el-women-economic-forum-republica-dominicana-2025-con-una-inspiradora-ponencia-sobre-liderazgo-y-sostenibilidad\/","og_site_name":"Rep. Dominicana | Noti-America.com","article_published_time":"2025-05-27T04:33:35+00:00","og_image":[{"width":408,"height":612,"url":"https:\/\/noti-america.com\/site\/repdom\/wp-content\/uploads\/sites\/6\/2025\/05\/IMG__17___1_-removebg-preview.png","type":"image\/png"}],"author":"CAMH","twitter_card":"summary_large_image","twitter_misc":{"Escrito por":"CAMH","Tiempo estimado de lectura":"2 minutos"},"schema":{"@context":"https:\/\/schema.org","@graph":[{"@type":"Article","@id":"https:\/\/noti-america.com\/site\/repdom\/2025\/05\/27\/lorena-aurelluk-representa-a-paraguay-en-el-women-economic-forum-republica-dominicana-2025-con-una-inspiradora-ponencia-sobre-liderazgo-y-sostenibilidad\/#article","isPartOf":{"@id":"https:\/\/noti-america.com\/site\/repdom\/2025\/05\/27\/lorena-aurelluk-representa-a-paraguay-en-el-women-economic-forum-republica-dominicana-2025-con-una-inspiradora-ponencia-sobre-liderazgo-y-sostenibilidad\/"},"author":{"name":"CAMH","@id":"https:\/\/noti-america.com\/site\/repdom\/#\/schema\/person\/e13880b4308eea6926b271284605ef72"},"headline":"Lorena Aurelluk representa a Paraguay en el Women Economic Forum Rep\u00fablica Dominicana 2025 con una inspiradora ponencia sobre liderazgo y sostenibilidad","datePublished":"2025-05-27T04:33:35+00:00","mainEntityOfPage":{"@id":"https:\/\/noti-america.com\/site\/repdom\/2025\/05\/27\/lorena-aurelluk-representa-a-paraguay-en-el-women-economic-forum-republica-dominicana-2025-con-una-inspiradora-ponencia-sobre-liderazgo-y-sostenibilidad\/"},"wordCount":297,"commentCount":0,"publisher":{"@id":"https:\/\/noti-america.com\/site\/repdom\/#organization"},"image":{"@id":"https:\/\/noti-america.com\/site\/repdom\/2025\/05\/27\/lorena-aurelluk-representa-a-paraguay-en-el-women-economic-forum-republica-dominicana-2025-con-una-inspiradora-ponencia-sobre-liderazgo-y-sostenibilidad\/#primaryimage"},"thumbnailUrl":"https:\/\/noti-america.com\/site\/repdom\/wp-content\/uploads\/sites\/6\/2025\/05\/IMG__17___1_-removebg-preview.png","articleSection":["Empresarios","Internacionales"],"inLanguage":"es","potentialAction":[{"@type":"CommentAction","name":"Comment","target":["https:\/\/noti-america.com\/site\/repdom\/2025\/05\/27\/lorena-aurelluk-representa-a-paraguay-en-el-women-economic-forum-republica-dominicana-2025-con-una-inspiradora-ponencia-sobre-liderazgo-y-sostenibilidad\/#respond"]}]},{"@type":"WebPage","@id":"https:\/\/noti-america.com\/site\/repdom\/2025\/05\/27\/lorena-aurelluk-representa-a-paraguay-en-el-women-economic-forum-republica-dominicana-2025-con-una-inspiradora-ponencia-sobre-liderazgo-y-sostenibilidad\/","url":"https:\/\/noti-america.com\/site\/repdom\/2025\/05\/27\/lorena-aurelluk-representa-a-paraguay-en-el-women-economic-forum-republica-dominicana-2025-con-una-inspiradora-ponencia-sobre-liderazgo-y-sostenibilidad\/","name":"Lorena Aurelluk representa a Paraguay en el Women Economic Forum Rep\u00fablica Dominicana 2025 con una inspiradora ponencia sobre liderazgo y sostenibilidad - Rep. Dominicana | Noti-America.com","isPartOf":{"@id":"https:\/\/noti-america.com\/site\/repdom\/#website"},"primaryImageOfPage":{"@id":"https:\/\/noti-america.com\/site\/repdom\/2025\/05\/27\/lorena-aurelluk-representa-a-paraguay-en-el-women-economic-forum-republica-dominicana-2025-con-una-inspiradora-ponencia-sobre-liderazgo-y-sostenibilidad\/#primaryimage"},"image":{"@id":"https:\/\/noti-america.com\/site\/repdom\/2025\/05\/27\/lorena-aurelluk-representa-a-paraguay-en-el-women-economic-forum-republica-dominicana-2025-con-una-inspiradora-ponencia-sobre-liderazgo-y-sostenibilidad\/#primaryimage"},"thumbnailUrl":"https:\/\/noti-america.com\/site\/repdom\/wp-content\/uploads\/sites\/6\/2025\/05\/IMG__17___1_-removebg-preview.png","datePublished":"2025-05-27T04:33:35+00:00","breadcrumb":{"@id":"https:\/\/noti-america.com\/site\/repdom\/2025\/05\/27\/lorena-aurelluk-representa-a-paraguay-en-el-women-economic-forum-republica-dominicana-2025-con-una-inspiradora-ponencia-sobre-liderazgo-y-sostenibilidad\/#breadcrumb"},"inLanguage":"es","potentialAction":[{"@type":"ReadAction","target":["https:\/\/noti-america.com\/site\/repdom\/2025\/05\/27\/lorena-aurelluk-representa-a-paraguay-en-el-women-economic-forum-republica-dominicana-2025-con-una-inspiradora-ponencia-sobre-liderazgo-y-sostenibilidad\/"]}]},{"@type":"ImageObject","inLanguage":"es","@id":"https:\/\/noti-america.com\/site\/repdom\/2025\/05\/27\/lorena-aurelluk-representa-a-paraguay-en-el-women-economic-forum-republica-dominicana-2025-con-una-inspiradora-ponencia-sobre-liderazgo-y-sostenibilidad\/#primaryimage","url":"https:\/\/noti-america.com\/site\/repdom\/wp-content\/uploads\/sites\/6\/2025\/05\/IMG__17___1_-removebg-preview.png","contentUrl":"https:\/\/noti-america.com\/site\/repdom\/wp-content\/uploads\/sites\/6\/2025\/05\/IMG__17___1_-removebg-preview.png","width":408,"height":612},{"@type":"BreadcrumbList","@id":"https:\/\/noti-america.com\/site\/repdom\/2025\/05\/27\/lorena-aurelluk-representa-a-paraguay-en-el-women-economic-forum-republica-dominicana-2025-con-una-inspiradora-ponencia-sobre-liderazgo-y-sostenibilidad\/#breadcrumb","itemListElement":[{"@type":"ListItem","position":1,"name":"Portada","item":"https:\/\/noti-america.com\/site\/repdom\/"},{"@type":"ListItem","position":2,"name":"Lorena Aurelluk representa a Paraguay en el Women Economic Forum Rep\u00fablica Dominicana 2025 con una inspiradora ponencia sobre liderazgo y sostenibilidad"}]},{"@type":"WebSite","@id":"https:\/\/noti-america.com\/site\/repdom\/#website","url":"https:\/\/noti-america.com\/site\/repdom\/","name":"Rep. Dominicana | Noti-America.com","description":"","publisher":{"@id":"https:\/\/noti-america.com\/site\/repdom\/#organization"},"potentialAction":[{"@type":"SearchAction","target":{"@type":"EntryPoint","urlTemplate":"https:\/\/noti-america.com\/site\/repdom\/?s={search_term_string}"},"query-input":{"@type":"PropertyValueSpecification","valueRequired":true,"valueName":"search_term_string"}}],"inLanguage":"es"},{"@type":"Organization","@id":"https:\/\/noti-america.com\/site\/repdom\/#organization","name":"Noti-America LLC | Rep\u00fablica Dominicana","url":"https:\/\/noti-america.com\/site\/repdom\/","logo":{"@type":"ImageObject","inLanguage":"es","@id":"https:\/\/noti-america.com\/site\/repdom\/#\/schema\/logo\/image\/","url":"https:\/\/noti-america.com\/site\/repdom\/wp-content\/uploads\/sites\/6\/2020\/07\/LogoNA-4x3-1.jpg","contentUrl":"https:\/\/noti-america.com\/site\/repdom\/wp-content\/uploads\/sites\/6\/2020\/07\/LogoNA-4x3-1.jpg","width":1236,"height":1080,"caption":"Noti-America LLC | Rep\u00fablica Dominicana"},"image":{"@id":"https:\/\/noti-america.com\/site\/repdom\/#\/schema\/logo\/image\/"}},{"@type":"Person","@id":"https:\/\/noti-america.com\/site\/repdom\/#\/schema\/person\/e13880b4308eea6926b271284605ef72","name":"CAMH","image":{"@type":"ImageObject","inLanguage":"es","@id":"https:\/\/secure.gravatar.com\/avatar\/82aa99c723cbed2b304797bc218a5542b5a94d7f5d0ba3b39650aef53c28ecf5?s=96&d=mm&r=g","url":"https:\/\/secure.gravatar.com\/avatar\/82aa99c723cbed2b304797bc218a5542b5a94d7f5d0ba3b39650aef53c28ecf5?s=96&d=mm&r=g","contentUrl":"https:\/\/secure.gravatar.com\/avatar\/82aa99c723cbed2b304797bc218a5542b5a94d7f5d0ba3b39650aef53c28ecf5?s=96&d=mm&r=g","caption":"CAMH"},"url":"https:\/\/noti-america.com\/site\/repdom\/author\/cmitchell\/"}]}},"_links":{"self":[{"href":"https:\/\/noti-america.com\/site\/repdom\/wp-json\/wp\/v2\/posts\/33064","targetHints":{"allow":["GET"]}}],"collection":[{"href":"https:\/\/noti-america.com\/site\/repdom\/wp-json\/wp\/v2\/posts"}],"about":[{"href":"https:\/\/noti-america.com\/site\/repdom\/wp-json\/wp\/v2\/types\/post"}],"author":[{"embeddable":true,"href":"https:\/\/noti-america.com\/site\/repdom\/wp-json\/wp\/v2\/users\/87"}],"replies":[{"embeddable":true,"href":"https:\/\/noti-america.com\/site\/repdom\/wp-json\/wp\/v2\/comments?post=33064"}],"version-history":[{"count":1,"href":"https:\/\/noti-america.com\/site\/repdom\/wp-json\/wp\/v2\/posts\/33064\/revisions"}],"predecessor-version":[{"id":33066,"href":"https:\/\/noti-america.com\/site\/repdom\/wp-json\/wp\/v2\/posts\/33064\/revisions\/33066"}],"wp:featuredmedia":[{"embeddable":true,"href":"https:\/\/noti-america.com\/site\/repdom\/wp-json\/wp\/v2\/media\/33065"}],"wp:attachment":[{"href":"https:\/\/noti-america.com\/site\/repdom\/wp-json\/wp\/v2\/media?parent=33064"}],"wp:term":[{"taxonomy":"category","embeddable":true,"href":"https:\/\/noti-america.com\/site\/repdom\/wp-json\/wp\/v2\/categories?post=33064"},{"taxonomy":"post_tag","embeddable":true,"href":"https:\/\/noti-america.com\/site\/repdom\/wp-json\/wp\/v2\/tags?post=33064"}],"curies":[{"name":"wp","href":"https:\/\/api.w.org\/{rel}","templated":true}]}}