{"id":32813,"date":"2025-04-30T20:53:29","date_gmt":"2025-04-30T20:53:29","guid":{"rendered":"https:\/\/noti-america.com\/site\/repdom\/?p=32813"},"modified":"2025-04-30T20:53:29","modified_gmt":"2025-04-30T20:53:29","slug":"omar-fernandez-hay-dinero-lo-que-falta-es-voluntad-para-apoyar-a-las-familias-con-autismo","status":"publish","type":"post","link":"https:\/\/noti-america.com\/site\/repdom\/2025\/04\/30\/omar-fernandez-hay-dinero-lo-que-falta-es-voluntad-para-apoyar-a-las-familias-con-autismo\/","title":{"rendered":"Omar Fern\u00e1ndez: \u201cHay dinero, lo que falta es voluntad para apoyar a las familias con autismo"},"content":{"rendered":"<p><img loading=\"lazy\" decoding=\"async\" class=\"alignnone size-medium wp-image-32814\" src=\"https:\/\/noti-america.com\/site\/repdom\/wp-content\/uploads\/sites\/6\/2025\/04\/a1b70c35-504b-4469-be42-e4d5adb7e881-225x300.jpeg\" alt=\"\" width=\"225\" height=\"300\" srcset=\"https:\/\/noti-america.com\/site\/repdom\/wp-content\/uploads\/sites\/6\/2025\/04\/a1b70c35-504b-4469-be42-e4d5adb7e881-225x300.jpeg 225w, https:\/\/noti-america.com\/site\/repdom\/wp-content\/uploads\/sites\/6\/2025\/04\/a1b70c35-504b-4469-be42-e4d5adb7e881-768x1024.jpeg 768w, https:\/\/noti-america.com\/site\/repdom\/wp-content\/uploads\/sites\/6\/2025\/04\/a1b70c35-504b-4469-be42-e4d5adb7e881.jpeg 960w\" sizes=\"auto, (max-width: 225px) 100vw, 225px\" \/><\/p>\n<p>&nbsp;<\/p>\n<p>_Presupuesto de Educaci\u00f3n supera los RD$300 mil millones, pero la inclusi\u00f3n sigue rezagada_<\/p>\n<p><strong>Santo Domingo, R.D.<\/strong> \u2013* El senador por el Distrito Nacional, Omar Fern\u00e1ndez, afirm\u00f3 que en Rep\u00fablica Dominicana existen los recursos econ\u00f3micos necesarios para brindar mayor respaldo a las familias con miembros dentro del espectro autista, se\u00f1alando que la falta de atenci\u00f3n no responde a un tema presupuestario, sino de voluntad y priorizaci\u00f3n.<\/p>\n<p>Durante su participaci\u00f3n en Azul Podcast, conducido por Sharmin D\u00edaz, Liondy Ozoria y Jhon Wayne, el legislador destac\u00f3 que el presupuesto del Ministerio de Educaci\u00f3n para el presente a\u00f1o supera los RD$300 mil millones, lo cual representa el 4% del Producto Interno Bruto (PIB), y sin embargo, la partida destinada a inclusi\u00f3n sigue siendo \u201c\u00ednfima\u201d frente a la creciente demanda en las escuelas p\u00fablicas y colegios privados.<\/p>\n<p>\u201cSi hay m\u00e1s de RD$300 mil millones para Educaci\u00f3n, \u00bfc\u00f3mo es posible que el \u00e1rea de inclusi\u00f3n reciba tan poco, cuando cada vez hay m\u00e1s estudiantes diagnosticados con autismo en las aulas?\u201d, cuestion\u00f3 Fern\u00e1ndez, al tiempo que reiter\u00f3 su compromiso con una agenda legislativa que priorice la atenci\u00f3n integral a esta poblaci\u00f3n.<\/p>\n<p>El senador abog\u00f3 por una pol\u00edtica p\u00fablica coherente, que contemple formaci\u00f3n docente, acompa\u00f1amiento terap\u00e9utico y adecuaciones curriculares para garantizar una educaci\u00f3n inclusiva y de calidad, conforme a los derechos de los ni\u00f1os, ni\u00f1as y adolescentes neurodivergentes.<\/p>\n<p>\u201cEste pa\u00eds necesita abrir los ojos: la inclusi\u00f3n no es caridad, es justicia\u201d, enfatiz\u00f3.<\/p>\n<p>La entrevista completa puede visualizarse en el canal de YouTube de Azul Podcast, donde el legislador tambi\u00e9n comparti\u00f3 reflexiones personales y propuestas para construir una sociedad m\u00e1s equitativa.<\/p>\n<p>&nbsp;<\/p>\n<p>.<\/p>\n","protected":false},"excerpt":{"rendered":"<p>&nbsp; _Presupuesto de Educaci\u00f3n supera los RD$300 mil millones, pero la inclusi\u00f3n sigue rezagada_ Santo Domingo, R.D. \u2013* El senador por el Distrito Nacional, Omar Fern\u00e1ndez, afirm\u00f3 que en Rep\u00fablica Dominicana existen los recursos&#46;&#46;&#46;<\/p>\n","protected":false},"author":96,"featured_media":32814,"comment_status":"open","ping_status":"open","sticky":false,"template":"","format":"standard","meta":{"_acf_changed":false,"rop_custom_images_group":[],"rop_custom_messages_group":[],"rop_publish_now":"initial","rop_publish_now_accounts":[],"rop_publish_now_history":[],"rop_publish_now_status":"pending","footnotes":""},"categories":[10],"tags":[],"class_list":["post-32813","post","type-post","status-publish","format-standard","has-post-thumbnail","hentry","category-actualidad"],"acf":[],"yoast_head":"<!-- This site is optimized with the Yoast SEO Premium plugin v24.9 (Yoast SEO v27.2) - https:\/\/yoast.com\/product\/yoast-seo-premium-wordpress\/ -->\n<title>Omar Fern\u00e1ndez: \u201cHay dinero, lo que falta es voluntad para apoyar a las familias con autismo - Rep. Dominicana | Noti-America.com<\/title>\n<meta name=\"robots\" content=\"index, follow, max-snippet:-1, max-image-preview:large, max-video-preview:-1\" \/>\n<link rel=\"canonical\" href=\"https:\/\/noti-america.com\/site\/repdom\/2025\/04\/30\/omar-fernandez-hay-dinero-lo-que-falta-es-voluntad-para-apoyar-a-las-familias-con-autismo\/\" \/>\n<meta property=\"og:locale\" content=\"es_ES\" \/>\n<meta property=\"og:type\" content=\"article\" \/>\n<meta property=\"og:title\" content=\"Omar Fern\u00e1ndez: \u201cHay dinero, lo que falta es voluntad para apoyar a las familias con autismo\" \/>\n<meta property=\"og:description\" content=\"&nbsp; _Presupuesto de Educaci\u00f3n supera los RD$300 mil millones, pero la inclusi\u00f3n sigue rezagada_ Santo Domingo, R.D. \u2013* El senador por el Distrito Nacional, Omar Fern\u00e1ndez, afirm\u00f3 que en Rep\u00fablica Dominicana existen los recursos&#046;&#046;&#046;\" \/>\n<meta property=\"og:url\" content=\"https:\/\/noti-america.com\/site\/repdom\/2025\/04\/30\/omar-fernandez-hay-dinero-lo-que-falta-es-voluntad-para-apoyar-a-las-familias-con-autismo\/\" \/>\n<meta property=\"og:site_name\" content=\"Rep. Dominicana | Noti-America.com\" \/>\n<meta property=\"article:author\" content=\"https:\/\/www.facebook.com\/share\/1HVE1qCqVk\/?mibextid=wwXIfr\" \/>\n<meta property=\"article:published_time\" content=\"2025-04-30T20:53:29+00:00\" \/>\n<meta property=\"og:image\" content=\"https:\/\/noti-america.com\/site\/repdom\/wp-content\/uploads\/sites\/6\/2025\/04\/a1b70c35-504b-4469-be42-e4d5adb7e881.jpeg\" \/>\n\t<meta property=\"og:image:width\" content=\"960\" \/>\n\t<meta property=\"og:image:height\" content=\"1280\" \/>\n\t<meta property=\"og:image:type\" content=\"image\/jpeg\" \/>\n<meta name=\"author\" content=\"Miguel Ramirez\" \/>\n<meta name=\"twitter:card\" content=\"summary_large_image\" \/>\n<meta name=\"twitter:label1\" content=\"Escrito por\" \/>\n\t<meta name=\"twitter:data1\" content=\"Miguel Ramirez\" \/>\n\t<meta name=\"twitter:label2\" content=\"Tiempo estimado de lectura\" \/>\n\t<meta name=\"twitter:data2\" content=\"2 minutos\" \/>\n<script type=\"application\/ld+json\" class=\"yoast-schema-graph\">{\"@context\":\"https:\/\/schema.org\",\"@graph\":[{\"@type\":\"Article\",\"@id\":\"https:\/\/noti-america.com\/site\/repdom\/2025\/04\/30\/omar-fernandez-hay-dinero-lo-que-falta-es-voluntad-para-apoyar-a-las-familias-con-autismo\/#article\",\"isPartOf\":{\"@id\":\"https:\/\/noti-america.com\/site\/repdom\/2025\/04\/30\/omar-fernandez-hay-dinero-lo-que-falta-es-voluntad-para-apoyar-a-las-familias-con-autismo\/\"},\"author\":{\"name\":\"Miguel Ramirez\",\"@id\":\"https:\/\/noti-america.com\/site\/repdom\/#\/schema\/person\/8027db7d71a0328e6e4474fa188c6fb3\"},\"headline\":\"Omar Fern\u00e1ndez: \u201cHay dinero, lo que falta es voluntad para apoyar a las familias con autismo\",\"datePublished\":\"2025-04-30T20:53:29+00:00\",\"mainEntityOfPage\":{\"@id\":\"https:\/\/noti-america.com\/site\/repdom\/2025\/04\/30\/omar-fernandez-hay-dinero-lo-que-falta-es-voluntad-para-apoyar-a-las-familias-con-autismo\/\"},\"wordCount\":314,\"commentCount\":0,\"publisher\":{\"@id\":\"https:\/\/noti-america.com\/site\/repdom\/#organization\"},\"image\":{\"@id\":\"https:\/\/noti-america.com\/site\/repdom\/2025\/04\/30\/omar-fernandez-hay-dinero-lo-que-falta-es-voluntad-para-apoyar-a-las-familias-con-autismo\/#primaryimage\"},\"thumbnailUrl\":\"https:\/\/noti-america.com\/site\/repdom\/wp-content\/uploads\/sites\/6\/2025\/04\/a1b70c35-504b-4469-be42-e4d5adb7e881.jpeg\",\"articleSection\":[\"Actualidad\"],\"inLanguage\":\"es\",\"potentialAction\":[{\"@type\":\"CommentAction\",\"name\":\"Comment\",\"target\":[\"https:\/\/noti-america.com\/site\/repdom\/2025\/04\/30\/omar-fernandez-hay-dinero-lo-que-falta-es-voluntad-para-apoyar-a-las-familias-con-autismo\/#respond\"]}]},{\"@type\":\"WebPage\",\"@id\":\"https:\/\/noti-america.com\/site\/repdom\/2025\/04\/30\/omar-fernandez-hay-dinero-lo-que-falta-es-voluntad-para-apoyar-a-las-familias-con-autismo\/\",\"url\":\"https:\/\/noti-america.com\/site\/repdom\/2025\/04\/30\/omar-fernandez-hay-dinero-lo-que-falta-es-voluntad-para-apoyar-a-las-familias-con-autismo\/\",\"name\":\"Omar Fern\u00e1ndez: \u201cHay dinero, lo que falta es voluntad para apoyar a las familias con autismo - Rep. Dominicana | Noti-America.com\",\"isPartOf\":{\"@id\":\"https:\/\/noti-america.com\/site\/repdom\/#website\"},\"primaryImageOfPage\":{\"@id\":\"https:\/\/noti-america.com\/site\/repdom\/2025\/04\/30\/omar-fernandez-hay-dinero-lo-que-falta-es-voluntad-para-apoyar-a-las-familias-con-autismo\/#primaryimage\"},\"image\":{\"@id\":\"https:\/\/noti-america.com\/site\/repdom\/2025\/04\/30\/omar-fernandez-hay-dinero-lo-que-falta-es-voluntad-para-apoyar-a-las-familias-con-autismo\/#primaryimage\"},\"thumbnailUrl\":\"https:\/\/noti-america.com\/site\/repdom\/wp-content\/uploads\/sites\/6\/2025\/04\/a1b70c35-504b-4469-be42-e4d5adb7e881.jpeg\",\"datePublished\":\"2025-04-30T20:53:29+00:00\",\"breadcrumb\":{\"@id\":\"https:\/\/noti-america.com\/site\/repdom\/2025\/04\/30\/omar-fernandez-hay-dinero-lo-que-falta-es-voluntad-para-apoyar-a-las-familias-con-autismo\/#breadcrumb\"},\"inLanguage\":\"es\",\"potentialAction\":[{\"@type\":\"ReadAction\",\"target\":[\"https:\/\/noti-america.com\/site\/repdom\/2025\/04\/30\/omar-fernandez-hay-dinero-lo-que-falta-es-voluntad-para-apoyar-a-las-familias-con-autismo\/\"]}]},{\"@type\":\"ImageObject\",\"inLanguage\":\"es\",\"@id\":\"https:\/\/noti-america.com\/site\/repdom\/2025\/04\/30\/omar-fernandez-hay-dinero-lo-que-falta-es-voluntad-para-apoyar-a-las-familias-con-autismo\/#primaryimage\",\"url\":\"https:\/\/noti-america.com\/site\/repdom\/wp-content\/uploads\/sites\/6\/2025\/04\/a1b70c35-504b-4469-be42-e4d5adb7e881.jpeg\",\"contentUrl\":\"https:\/\/noti-america.com\/site\/repdom\/wp-content\/uploads\/sites\/6\/2025\/04\/a1b70c35-504b-4469-be42-e4d5adb7e881.jpeg\",\"width\":960,\"height\":1280},{\"@type\":\"BreadcrumbList\",\"@id\":\"https:\/\/noti-america.com\/site\/repdom\/2025\/04\/30\/omar-fernandez-hay-dinero-lo-que-falta-es-voluntad-para-apoyar-a-las-familias-con-autismo\/#breadcrumb\",\"itemListElement\":[{\"@type\":\"ListItem\",\"position\":1,\"name\":\"Portada\",\"item\":\"https:\/\/noti-america.com\/site\/repdom\/\"},{\"@type\":\"ListItem\",\"position\":2,\"name\":\"Omar Fern\u00e1ndez: \u201cHay dinero, lo que falta es voluntad para apoyar a las familias con autismo\"}]},{\"@type\":\"WebSite\",\"@id\":\"https:\/\/noti-america.com\/site\/repdom\/#website\",\"url\":\"https:\/\/noti-america.com\/site\/repdom\/\",\"name\":\"Rep. Dominicana | Noti-America.com\",\"description\":\"\",\"publisher\":{\"@id\":\"https:\/\/noti-america.com\/site\/repdom\/#organization\"},\"potentialAction\":[{\"@type\":\"SearchAction\",\"target\":{\"@type\":\"EntryPoint\",\"urlTemplate\":\"https:\/\/noti-america.com\/site\/repdom\/?s={search_term_string}\"},\"query-input\":{\"@type\":\"PropertyValueSpecification\",\"valueRequired\":true,\"valueName\":\"search_term_string\"}}],\"inLanguage\":\"es\"},{\"@type\":\"Organization\",\"@id\":\"https:\/\/noti-america.com\/site\/repdom\/#organization\",\"name\":\"Noti-America LLC | Rep\u00fablica Dominicana\",\"url\":\"https:\/\/noti-america.com\/site\/repdom\/\",\"logo\":{\"@type\":\"ImageObject\",\"inLanguage\":\"es\",\"@id\":\"https:\/\/noti-america.com\/site\/repdom\/#\/schema\/logo\/image\/\",\"url\":\"https:\/\/noti-america.com\/site\/repdom\/wp-content\/uploads\/sites\/6\/2020\/07\/LogoNA-4x3-1.jpg\",\"contentUrl\":\"https:\/\/noti-america.com\/site\/repdom\/wp-content\/uploads\/sites\/6\/2020\/07\/LogoNA-4x3-1.jpg\",\"width\":1236,\"height\":1080,\"caption\":\"Noti-America LLC | Rep\u00fablica Dominicana\"},\"image\":{\"@id\":\"https:\/\/noti-america.com\/site\/repdom\/#\/schema\/logo\/image\/\"}},{\"@type\":\"Person\",\"@id\":\"https:\/\/noti-america.com\/site\/repdom\/#\/schema\/person\/8027db7d71a0328e6e4474fa188c6fb3\",\"name\":\"Miguel Ramirez\",\"image\":{\"@type\":\"ImageObject\",\"inLanguage\":\"es\",\"@id\":\"https:\/\/secure.gravatar.com\/avatar\/41a78fb2cdab3e2dc5831d3591f1dab499ed0c22acc464195b09f37c2b3ac2cf?s=96&d=mm&r=g\",\"url\":\"https:\/\/secure.gravatar.com\/avatar\/41a78fb2cdab3e2dc5831d3591f1dab499ed0c22acc464195b09f37c2b3ac2cf?s=96&d=mm&r=g\",\"contentUrl\":\"https:\/\/secure.gravatar.com\/avatar\/41a78fb2cdab3e2dc5831d3591f1dab499ed0c22acc464195b09f37c2b3ac2cf?s=96&d=mm&r=g\",\"caption\":\"Miguel Ramirez\"},\"description\":\"Locutor y periodista digital y coach comunicaci\u00f3n\",\"sameAs\":[\"https:\/\/www.facebook.com\/share\/1HVE1qCqVk\/?mibextid=wwXIfr\"],\"url\":\"https:\/\/noti-america.com\/site\/repdom\/author\/mramirez\/\"}]}<\/script>\n<!-- \/ Yoast SEO Premium plugin. -->","yoast_head_json":{"title":"Omar Fern\u00e1ndez: \u201cHay dinero, lo que falta es voluntad para apoyar a las familias con autismo - Rep. Dominicana | Noti-America.com","robots":{"index":"index","follow":"follow","max-snippet":"max-snippet:-1","max-image-preview":"max-image-preview:large","max-video-preview":"max-video-preview:-1"},"canonical":"https:\/\/noti-america.com\/site\/repdom\/2025\/04\/30\/omar-fernandez-hay-dinero-lo-que-falta-es-voluntad-para-apoyar-a-las-familias-con-autismo\/","og_locale":"es_ES","og_type":"article","og_title":"Omar Fern\u00e1ndez: \u201cHay dinero, lo que falta es voluntad para apoyar a las familias con autismo","og_description":"&nbsp; _Presupuesto de Educaci\u00f3n supera los RD$300 mil millones, pero la inclusi\u00f3n sigue rezagada_ Santo Domingo, R.D. \u2013* El senador por el Distrito Nacional, Omar Fern\u00e1ndez, afirm\u00f3 que en Rep\u00fablica Dominicana existen los recursos&#46;&#46;&#46;","og_url":"https:\/\/noti-america.com\/site\/repdom\/2025\/04\/30\/omar-fernandez-hay-dinero-lo-que-falta-es-voluntad-para-apoyar-a-las-familias-con-autismo\/","og_site_name":"Rep. Dominicana | Noti-America.com","article_author":"https:\/\/www.facebook.com\/share\/1HVE1qCqVk\/?mibextid=wwXIfr","article_published_time":"2025-04-30T20:53:29+00:00","og_image":[{"width":960,"height":1280,"url":"https:\/\/noti-america.com\/site\/repdom\/wp-content\/uploads\/sites\/6\/2025\/04\/a1b70c35-504b-4469-be42-e4d5adb7e881.jpeg","type":"image\/jpeg"}],"author":"Miguel Ramirez","twitter_card":"summary_large_image","twitter_misc":{"Escrito por":"Miguel Ramirez","Tiempo estimado de lectura":"2 minutos"},"schema":{"@context":"https:\/\/schema.org","@graph":[{"@type":"Article","@id":"https:\/\/noti-america.com\/site\/repdom\/2025\/04\/30\/omar-fernandez-hay-dinero-lo-que-falta-es-voluntad-para-apoyar-a-las-familias-con-autismo\/#article","isPartOf":{"@id":"https:\/\/noti-america.com\/site\/repdom\/2025\/04\/30\/omar-fernandez-hay-dinero-lo-que-falta-es-voluntad-para-apoyar-a-las-familias-con-autismo\/"},"author":{"name":"Miguel Ramirez","@id":"https:\/\/noti-america.com\/site\/repdom\/#\/schema\/person\/8027db7d71a0328e6e4474fa188c6fb3"},"headline":"Omar Fern\u00e1ndez: \u201cHay dinero, lo que falta es voluntad para apoyar a las familias con autismo","datePublished":"2025-04-30T20:53:29+00:00","mainEntityOfPage":{"@id":"https:\/\/noti-america.com\/site\/repdom\/2025\/04\/30\/omar-fernandez-hay-dinero-lo-que-falta-es-voluntad-para-apoyar-a-las-familias-con-autismo\/"},"wordCount":314,"commentCount":0,"publisher":{"@id":"https:\/\/noti-america.com\/site\/repdom\/#organization"},"image":{"@id":"https:\/\/noti-america.com\/site\/repdom\/2025\/04\/30\/omar-fernandez-hay-dinero-lo-que-falta-es-voluntad-para-apoyar-a-las-familias-con-autismo\/#primaryimage"},"thumbnailUrl":"https:\/\/noti-america.com\/site\/repdom\/wp-content\/uploads\/sites\/6\/2025\/04\/a1b70c35-504b-4469-be42-e4d5adb7e881.jpeg","articleSection":["Actualidad"],"inLanguage":"es","potentialAction":[{"@type":"CommentAction","name":"Comment","target":["https:\/\/noti-america.com\/site\/repdom\/2025\/04\/30\/omar-fernandez-hay-dinero-lo-que-falta-es-voluntad-para-apoyar-a-las-familias-con-autismo\/#respond"]}]},{"@type":"WebPage","@id":"https:\/\/noti-america.com\/site\/repdom\/2025\/04\/30\/omar-fernandez-hay-dinero-lo-que-falta-es-voluntad-para-apoyar-a-las-familias-con-autismo\/","url":"https:\/\/noti-america.com\/site\/repdom\/2025\/04\/30\/omar-fernandez-hay-dinero-lo-que-falta-es-voluntad-para-apoyar-a-las-familias-con-autismo\/","name":"Omar Fern\u00e1ndez: \u201cHay dinero, lo que falta es voluntad para apoyar a las familias con autismo - Rep. Dominicana | Noti-America.com","isPartOf":{"@id":"https:\/\/noti-america.com\/site\/repdom\/#website"},"primaryImageOfPage":{"@id":"https:\/\/noti-america.com\/site\/repdom\/2025\/04\/30\/omar-fernandez-hay-dinero-lo-que-falta-es-voluntad-para-apoyar-a-las-familias-con-autismo\/#primaryimage"},"image":{"@id":"https:\/\/noti-america.com\/site\/repdom\/2025\/04\/30\/omar-fernandez-hay-dinero-lo-que-falta-es-voluntad-para-apoyar-a-las-familias-con-autismo\/#primaryimage"},"thumbnailUrl":"https:\/\/noti-america.com\/site\/repdom\/wp-content\/uploads\/sites\/6\/2025\/04\/a1b70c35-504b-4469-be42-e4d5adb7e881.jpeg","datePublished":"2025-04-30T20:53:29+00:00","breadcrumb":{"@id":"https:\/\/noti-america.com\/site\/repdom\/2025\/04\/30\/omar-fernandez-hay-dinero-lo-que-falta-es-voluntad-para-apoyar-a-las-familias-con-autismo\/#breadcrumb"},"inLanguage":"es","potentialAction":[{"@type":"ReadAction","target":["https:\/\/noti-america.com\/site\/repdom\/2025\/04\/30\/omar-fernandez-hay-dinero-lo-que-falta-es-voluntad-para-apoyar-a-las-familias-con-autismo\/"]}]},{"@type":"ImageObject","inLanguage":"es","@id":"https:\/\/noti-america.com\/site\/repdom\/2025\/04\/30\/omar-fernandez-hay-dinero-lo-que-falta-es-voluntad-para-apoyar-a-las-familias-con-autismo\/#primaryimage","url":"https:\/\/noti-america.com\/site\/repdom\/wp-content\/uploads\/sites\/6\/2025\/04\/a1b70c35-504b-4469-be42-e4d5adb7e881.jpeg","contentUrl":"https:\/\/noti-america.com\/site\/repdom\/wp-content\/uploads\/sites\/6\/2025\/04\/a1b70c35-504b-4469-be42-e4d5adb7e881.jpeg","width":960,"height":1280},{"@type":"BreadcrumbList","@id":"https:\/\/noti-america.com\/site\/repdom\/2025\/04\/30\/omar-fernandez-hay-dinero-lo-que-falta-es-voluntad-para-apoyar-a-las-familias-con-autismo\/#breadcrumb","itemListElement":[{"@type":"ListItem","position":1,"name":"Portada","item":"https:\/\/noti-america.com\/site\/repdom\/"},{"@type":"ListItem","position":2,"name":"Omar Fern\u00e1ndez: \u201cHay dinero, lo que falta es voluntad para apoyar a las familias con autismo"}]},{"@type":"WebSite","@id":"https:\/\/noti-america.com\/site\/repdom\/#website","url":"https:\/\/noti-america.com\/site\/repdom\/","name":"Rep. Dominicana | Noti-America.com","description":"","publisher":{"@id":"https:\/\/noti-america.com\/site\/repdom\/#organization"},"potentialAction":[{"@type":"SearchAction","target":{"@type":"EntryPoint","urlTemplate":"https:\/\/noti-america.com\/site\/repdom\/?s={search_term_string}"},"query-input":{"@type":"PropertyValueSpecification","valueRequired":true,"valueName":"search_term_string"}}],"inLanguage":"es"},{"@type":"Organization","@id":"https:\/\/noti-america.com\/site\/repdom\/#organization","name":"Noti-America LLC | Rep\u00fablica Dominicana","url":"https:\/\/noti-america.com\/site\/repdom\/","logo":{"@type":"ImageObject","inLanguage":"es","@id":"https:\/\/noti-america.com\/site\/repdom\/#\/schema\/logo\/image\/","url":"https:\/\/noti-america.com\/site\/repdom\/wp-content\/uploads\/sites\/6\/2020\/07\/LogoNA-4x3-1.jpg","contentUrl":"https:\/\/noti-america.com\/site\/repdom\/wp-content\/uploads\/sites\/6\/2020\/07\/LogoNA-4x3-1.jpg","width":1236,"height":1080,"caption":"Noti-America LLC | Rep\u00fablica Dominicana"},"image":{"@id":"https:\/\/noti-america.com\/site\/repdom\/#\/schema\/logo\/image\/"}},{"@type":"Person","@id":"https:\/\/noti-america.com\/site\/repdom\/#\/schema\/person\/8027db7d71a0328e6e4474fa188c6fb3","name":"Miguel Ramirez","image":{"@type":"ImageObject","inLanguage":"es","@id":"https:\/\/secure.gravatar.com\/avatar\/41a78fb2cdab3e2dc5831d3591f1dab499ed0c22acc464195b09f37c2b3ac2cf?s=96&d=mm&r=g","url":"https:\/\/secure.gravatar.com\/avatar\/41a78fb2cdab3e2dc5831d3591f1dab499ed0c22acc464195b09f37c2b3ac2cf?s=96&d=mm&r=g","contentUrl":"https:\/\/secure.gravatar.com\/avatar\/41a78fb2cdab3e2dc5831d3591f1dab499ed0c22acc464195b09f37c2b3ac2cf?s=96&d=mm&r=g","caption":"Miguel Ramirez"},"description":"Locutor y periodista digital y coach comunicaci\u00f3n","sameAs":["https:\/\/www.facebook.com\/share\/1HVE1qCqVk\/?mibextid=wwXIfr"],"url":"https:\/\/noti-america.com\/site\/repdom\/author\/mramirez\/"}]}},"_links":{"self":[{"href":"https:\/\/noti-america.com\/site\/repdom\/wp-json\/wp\/v2\/posts\/32813","targetHints":{"allow":["GET"]}}],"collection":[{"href":"https:\/\/noti-america.com\/site\/repdom\/wp-json\/wp\/v2\/posts"}],"about":[{"href":"https:\/\/noti-america.com\/site\/repdom\/wp-json\/wp\/v2\/types\/post"}],"author":[{"embeddable":true,"href":"https:\/\/noti-america.com\/site\/repdom\/wp-json\/wp\/v2\/users\/96"}],"replies":[{"embeddable":true,"href":"https:\/\/noti-america.com\/site\/repdom\/wp-json\/wp\/v2\/comments?post=32813"}],"version-history":[{"count":1,"href":"https:\/\/noti-america.com\/site\/repdom\/wp-json\/wp\/v2\/posts\/32813\/revisions"}],"predecessor-version":[{"id":32817,"href":"https:\/\/noti-america.com\/site\/repdom\/wp-json\/wp\/v2\/posts\/32813\/revisions\/32817"}],"wp:featuredmedia":[{"embeddable":true,"href":"https:\/\/noti-america.com\/site\/repdom\/wp-json\/wp\/v2\/media\/32814"}],"wp:attachment":[{"href":"https:\/\/noti-america.com\/site\/repdom\/wp-json\/wp\/v2\/media?parent=32813"}],"wp:term":[{"taxonomy":"category","embeddable":true,"href":"https:\/\/noti-america.com\/site\/repdom\/wp-json\/wp\/v2\/categories?post=32813"},{"taxonomy":"post_tag","embeddable":true,"href":"https:\/\/noti-america.com\/site\/repdom\/wp-json\/wp\/v2\/tags?post=32813"}],"curies":[{"name":"wp","href":"https:\/\/api.w.org\/{rel}","templated":true}]}}