{"id":32336,"date":"2025-03-30T01:36:05","date_gmt":"2025-03-30T01:36:05","guid":{"rendered":"https:\/\/noti-america.com\/site\/repdom\/2025\/03\/30\/la-asociacion-ministerial-mujeres-admirables-ammad-celebro-con-gran-exito-su-admirable-day-2\/"},"modified":"2025-03-30T01:36:05","modified_gmt":"2025-03-30T01:36:05","slug":"la-asociacion-ministerial-mujeres-admirables-ammad-celebro-con-gran-exito-su-admirable-day-2","status":"publish","type":"post","link":"https:\/\/noti-america.com\/site\/repdom\/2025\/03\/30\/la-asociacion-ministerial-mujeres-admirables-ammad-celebro-con-gran-exito-su-admirable-day-2\/","title":{"rendered":"La Asociaci\u00f3n Ministerial Mujeres Admirables (AMMAD) celebr\u00f3 con gran \u00e9xito su Admirable Day"},"content":{"rendered":"<p><img loading=\"lazy\" decoding=\"async\" class=\"alignnone size-medium wp-image-32335\" src=\"https:\/\/noti-america.com\/site\/repdom\/wp-content\/uploads\/sites\/6\/2025\/03\/IMG_3134-300x201.jpeg\" alt=\"\" width=\"300\" height=\"201\" srcset=\"https:\/\/noti-america.com\/site\/repdom\/wp-content\/uploads\/sites\/6\/2025\/03\/IMG_3134-300x201.jpeg 300w, https:\/\/noti-america.com\/site\/repdom\/wp-content\/uploads\/sites\/6\/2025\/03\/IMG_3134-1024x685.jpeg 1024w, https:\/\/noti-america.com\/site\/repdom\/wp-content\/uploads\/sites\/6\/2025\/03\/IMG_3134-768x514.jpeg 768w, https:\/\/noti-america.com\/site\/repdom\/wp-content\/uploads\/sites\/6\/2025\/03\/IMG_3134-272x182.jpeg 272w, https:\/\/noti-america.com\/site\/repdom\/wp-content\/uploads\/sites\/6\/2025\/03\/IMG_3134.jpeg 1179w\" sizes=\"auto, (max-width: 300px) 100vw, 300px\" \/><\/p>\n<p><strong>La Asociaci\u00f3n Ministerial Mujeres Admirables (AMMAD) celebr\u00f3 con gran \u00e9xito su Admirable Day, un evento especial en el marco de su s\u00e9ptimo aniversario.<\/strong> La actividad tuvo lugar en Arroyo Hondo Dolphin Garden, donde miembros, invitadas especiales y personalidades del staff se dieron cita para compartir un d\u00eda de alegr\u00eda, reflexi\u00f3n y gratitud.<\/p>\n<p>El evento cont\u00f3 con la presencia de distinguidas pastoras y l\u00edderes, entre ellas la pastora y coach Indhira Cid, la destacada comunicadora y empresaria Digna Paulino, la destacada jueza Ana Lee Florimon , Lissy Rom\u00e1n , entre otras.<\/p>\n<p>Uno de los momentos m\u00e1s esperados fue el gran sorteo, donde se entregaron atractivos premios como una estad\u00eda en un resort, una cena para dos personas, un pasad\u00eda , una licuadora, una tostadora y una cafetera. Los asistentes tambi\u00e9n disfrutaron de din\u00e1micas interactivas, snacks y un exquisito buffet, en un ambiente de hermandad y celebraci\u00f3n.<\/p>\n<p>Durante la jornada, se conmemoraron los cumplea\u00f1os del mes, sorprendiendo de manera especial a la presidenta de AMMAD, Kenia Montero, quien recibi\u00f3 con gratitud las muestras de cari\u00f1o. En su intervenci\u00f3n, Montero agradeci\u00f3 a los presentes y realiz\u00f3 un recuento de las actividades desarrolladas durante el a\u00f1o, destacando los logros alcanzados y anunciando con entusiasmo el pr\u00f3ximo Workshop Tour y la Conferencia Mujer Admirable: Visi\u00f3n, Expansi\u00f3n y Prop\u00f3sito, que tendr\u00e1 lugar en Bogot\u00e1.<\/p>\n<p>Asimismo, en un importante anuncio, Kenia Montero oficializ\u00f3 la apertura de la membres\u00eda AMMAD, invitando a todas las mujeres que deseen ser parte de esta comunidad a sumarse a la misi\u00f3n de impactar y transformar vidas.<\/p>\n<p>Para m\u00e1s detalles, las interesadas pueden comunicarse al 829-854-5016 o seguir las redes sociales de @mujeresadmirablesrd y @keniamonterom.<\/p>\n<p>&nbsp;<\/p>\n<p>&nbsp;<\/p>\n<p>.<\/p>\n","protected":false},"excerpt":{"rendered":"<p>La Asociaci\u00f3n Ministerial Mujeres Admirables (AMMAD) celebr\u00f3 con gran \u00e9xito su Admirable Day, un evento especial en el marco de su s\u00e9ptimo aniversario. La actividad tuvo lugar en Arroyo Hondo Dolphin Garden, donde miembros,&#46;&#46;&#46;<\/p>\n","protected":false},"author":96,"featured_media":32337,"comment_status":"open","ping_status":"open","sticky":false,"template":"","format":"standard","meta":{"_acf_changed":false,"rop_custom_images_group":[],"rop_custom_messages_group":[],"rop_publish_now":"initial","rop_publish_now_accounts":[],"rop_publish_now_history":[],"rop_publish_now_status":"pending","footnotes":""},"categories":[366],"tags":[],"class_list":["post-32336","post","type-post","status-publish","format-standard","has-post-thumbnail","hentry","category-sociales"],"acf":[],"yoast_head":"<!-- This site is optimized with the Yoast SEO Premium plugin v24.9 (Yoast SEO v27.2) - https:\/\/yoast.com\/product\/yoast-seo-premium-wordpress\/ -->\n<title>La Asociaci\u00f3n Ministerial Mujeres Admirables (AMMAD) celebr\u00f3 con gran \u00e9xito su Admirable Day - Rep. Dominicana | Noti-America.com<\/title>\n<meta name=\"robots\" content=\"index, follow, max-snippet:-1, max-image-preview:large, max-video-preview:-1\" \/>\n<link rel=\"canonical\" href=\"https:\/\/noti-america.com\/site\/repdom\/2025\/03\/30\/la-asociacion-ministerial-mujeres-admirables-ammad-celebro-con-gran-exito-su-admirable-day-2\/\" \/>\n<meta property=\"og:locale\" content=\"es_ES\" \/>\n<meta property=\"og:type\" content=\"article\" \/>\n<meta property=\"og:title\" content=\"La Asociaci\u00f3n Ministerial Mujeres Admirables (AMMAD) celebr\u00f3 con gran \u00e9xito su Admirable Day\" \/>\n<meta property=\"og:description\" content=\"La Asociaci\u00f3n Ministerial Mujeres Admirables (AMMAD) celebr\u00f3 con gran \u00e9xito su Admirable Day, un evento especial en el marco de su s\u00e9ptimo aniversario. La actividad tuvo lugar en Arroyo Hondo Dolphin Garden, donde miembros,&#046;&#046;&#046;\" \/>\n<meta property=\"og:url\" content=\"https:\/\/noti-america.com\/site\/repdom\/2025\/03\/30\/la-asociacion-ministerial-mujeres-admirables-ammad-celebro-con-gran-exito-su-admirable-day-2\/\" \/>\n<meta property=\"og:site_name\" content=\"Rep. Dominicana | Noti-America.com\" \/>\n<meta property=\"article:author\" content=\"https:\/\/www.facebook.com\/share\/1HVE1qCqVk\/?mibextid=wwXIfr\" \/>\n<meta property=\"article:published_time\" content=\"2025-03-30T01:36:05+00:00\" \/>\n<meta property=\"og:image\" content=\"https:\/\/noti-america.com\/site\/repdom\/wp-content\/uploads\/sites\/6\/2025\/03\/IMG_3134.jpeg\" \/>\n\t<meta property=\"og:image:width\" content=\"1179\" \/>\n\t<meta property=\"og:image:height\" content=\"789\" \/>\n\t<meta property=\"og:image:type\" content=\"image\/jpeg\" \/>\n<meta name=\"author\" content=\"Miguel Ramirez\" \/>\n<meta name=\"twitter:card\" content=\"summary_large_image\" \/>\n<meta name=\"twitter:label1\" content=\"Escrito por\" \/>\n\t<meta name=\"twitter:data1\" content=\"Miguel Ramirez\" \/>\n\t<meta name=\"twitter:label2\" content=\"Tiempo estimado de lectura\" \/>\n\t<meta name=\"twitter:data2\" content=\"1 minuto\" \/>\n<script type=\"application\/ld+json\" class=\"yoast-schema-graph\">{\"@context\":\"https:\/\/schema.org\",\"@graph\":[{\"@type\":\"Article\",\"@id\":\"https:\/\/noti-america.com\/site\/repdom\/2025\/03\/30\/la-asociacion-ministerial-mujeres-admirables-ammad-celebro-con-gran-exito-su-admirable-day-2\/#article\",\"isPartOf\":{\"@id\":\"https:\/\/noti-america.com\/site\/repdom\/2025\/03\/30\/la-asociacion-ministerial-mujeres-admirables-ammad-celebro-con-gran-exito-su-admirable-day-2\/\"},\"author\":{\"name\":\"Miguel Ramirez\",\"@id\":\"https:\/\/noti-america.com\/site\/repdom\/#\/schema\/person\/8027db7d71a0328e6e4474fa188c6fb3\"},\"headline\":\"La Asociaci\u00f3n Ministerial Mujeres Admirables (AMMAD) celebr\u00f3 con gran \u00e9xito su Admirable Day\",\"datePublished\":\"2025-03-30T01:36:05+00:00\",\"mainEntityOfPage\":{\"@id\":\"https:\/\/noti-america.com\/site\/repdom\/2025\/03\/30\/la-asociacion-ministerial-mujeres-admirables-ammad-celebro-con-gran-exito-su-admirable-day-2\/\"},\"wordCount\":310,\"commentCount\":0,\"publisher\":{\"@id\":\"https:\/\/noti-america.com\/site\/repdom\/#organization\"},\"image\":{\"@id\":\"https:\/\/noti-america.com\/site\/repdom\/2025\/03\/30\/la-asociacion-ministerial-mujeres-admirables-ammad-celebro-con-gran-exito-su-admirable-day-2\/#primaryimage\"},\"thumbnailUrl\":\"https:\/\/noti-america.com\/site\/repdom\/wp-content\/uploads\/sites\/6\/2025\/03\/IMG_3134.jpeg\",\"articleSection\":[\"Sociales\"],\"inLanguage\":\"es\",\"potentialAction\":[{\"@type\":\"CommentAction\",\"name\":\"Comment\",\"target\":[\"https:\/\/noti-america.com\/site\/repdom\/2025\/03\/30\/la-asociacion-ministerial-mujeres-admirables-ammad-celebro-con-gran-exito-su-admirable-day-2\/#respond\"]}]},{\"@type\":\"WebPage\",\"@id\":\"https:\/\/noti-america.com\/site\/repdom\/2025\/03\/30\/la-asociacion-ministerial-mujeres-admirables-ammad-celebro-con-gran-exito-su-admirable-day-2\/\",\"url\":\"https:\/\/noti-america.com\/site\/repdom\/2025\/03\/30\/la-asociacion-ministerial-mujeres-admirables-ammad-celebro-con-gran-exito-su-admirable-day-2\/\",\"name\":\"La Asociaci\u00f3n Ministerial Mujeres Admirables (AMMAD) celebr\u00f3 con gran \u00e9xito su Admirable Day - Rep. Dominicana | Noti-America.com\",\"isPartOf\":{\"@id\":\"https:\/\/noti-america.com\/site\/repdom\/#website\"},\"primaryImageOfPage\":{\"@id\":\"https:\/\/noti-america.com\/site\/repdom\/2025\/03\/30\/la-asociacion-ministerial-mujeres-admirables-ammad-celebro-con-gran-exito-su-admirable-day-2\/#primaryimage\"},\"image\":{\"@id\":\"https:\/\/noti-america.com\/site\/repdom\/2025\/03\/30\/la-asociacion-ministerial-mujeres-admirables-ammad-celebro-con-gran-exito-su-admirable-day-2\/#primaryimage\"},\"thumbnailUrl\":\"https:\/\/noti-america.com\/site\/repdom\/wp-content\/uploads\/sites\/6\/2025\/03\/IMG_3134.jpeg\",\"datePublished\":\"2025-03-30T01:36:05+00:00\",\"breadcrumb\":{\"@id\":\"https:\/\/noti-america.com\/site\/repdom\/2025\/03\/30\/la-asociacion-ministerial-mujeres-admirables-ammad-celebro-con-gran-exito-su-admirable-day-2\/#breadcrumb\"},\"inLanguage\":\"es\",\"potentialAction\":[{\"@type\":\"ReadAction\",\"target\":[\"https:\/\/noti-america.com\/site\/repdom\/2025\/03\/30\/la-asociacion-ministerial-mujeres-admirables-ammad-celebro-con-gran-exito-su-admirable-day-2\/\"]}]},{\"@type\":\"ImageObject\",\"inLanguage\":\"es\",\"@id\":\"https:\/\/noti-america.com\/site\/repdom\/2025\/03\/30\/la-asociacion-ministerial-mujeres-admirables-ammad-celebro-con-gran-exito-su-admirable-day-2\/#primaryimage\",\"url\":\"https:\/\/noti-america.com\/site\/repdom\/wp-content\/uploads\/sites\/6\/2025\/03\/IMG_3134.jpeg\",\"contentUrl\":\"https:\/\/noti-america.com\/site\/repdom\/wp-content\/uploads\/sites\/6\/2025\/03\/IMG_3134.jpeg\",\"width\":1179,\"height\":789},{\"@type\":\"BreadcrumbList\",\"@id\":\"https:\/\/noti-america.com\/site\/repdom\/2025\/03\/30\/la-asociacion-ministerial-mujeres-admirables-ammad-celebro-con-gran-exito-su-admirable-day-2\/#breadcrumb\",\"itemListElement\":[{\"@type\":\"ListItem\",\"position\":1,\"name\":\"Portada\",\"item\":\"https:\/\/noti-america.com\/site\/repdom\/\"},{\"@type\":\"ListItem\",\"position\":2,\"name\":\"La Asociaci\u00f3n Ministerial Mujeres Admirables (AMMAD) celebr\u00f3 con gran \u00e9xito su Admirable Day\"}]},{\"@type\":\"WebSite\",\"@id\":\"https:\/\/noti-america.com\/site\/repdom\/#website\",\"url\":\"https:\/\/noti-america.com\/site\/repdom\/\",\"name\":\"Rep. Dominicana | Noti-America.com\",\"description\":\"\",\"publisher\":{\"@id\":\"https:\/\/noti-america.com\/site\/repdom\/#organization\"},\"potentialAction\":[{\"@type\":\"SearchAction\",\"target\":{\"@type\":\"EntryPoint\",\"urlTemplate\":\"https:\/\/noti-america.com\/site\/repdom\/?s={search_term_string}\"},\"query-input\":{\"@type\":\"PropertyValueSpecification\",\"valueRequired\":true,\"valueName\":\"search_term_string\"}}],\"inLanguage\":\"es\"},{\"@type\":\"Organization\",\"@id\":\"https:\/\/noti-america.com\/site\/repdom\/#organization\",\"name\":\"Noti-America LLC | Rep\u00fablica Dominicana\",\"url\":\"https:\/\/noti-america.com\/site\/repdom\/\",\"logo\":{\"@type\":\"ImageObject\",\"inLanguage\":\"es\",\"@id\":\"https:\/\/noti-america.com\/site\/repdom\/#\/schema\/logo\/image\/\",\"url\":\"https:\/\/noti-america.com\/site\/repdom\/wp-content\/uploads\/sites\/6\/2020\/07\/LogoNA-4x3-1.jpg\",\"contentUrl\":\"https:\/\/noti-america.com\/site\/repdom\/wp-content\/uploads\/sites\/6\/2020\/07\/LogoNA-4x3-1.jpg\",\"width\":1236,\"height\":1080,\"caption\":\"Noti-America LLC | Rep\u00fablica Dominicana\"},\"image\":{\"@id\":\"https:\/\/noti-america.com\/site\/repdom\/#\/schema\/logo\/image\/\"}},{\"@type\":\"Person\",\"@id\":\"https:\/\/noti-america.com\/site\/repdom\/#\/schema\/person\/8027db7d71a0328e6e4474fa188c6fb3\",\"name\":\"Miguel Ramirez\",\"image\":{\"@type\":\"ImageObject\",\"inLanguage\":\"es\",\"@id\":\"https:\/\/secure.gravatar.com\/avatar\/41a78fb2cdab3e2dc5831d3591f1dab499ed0c22acc464195b09f37c2b3ac2cf?s=96&d=mm&r=g\",\"url\":\"https:\/\/secure.gravatar.com\/avatar\/41a78fb2cdab3e2dc5831d3591f1dab499ed0c22acc464195b09f37c2b3ac2cf?s=96&d=mm&r=g\",\"contentUrl\":\"https:\/\/secure.gravatar.com\/avatar\/41a78fb2cdab3e2dc5831d3591f1dab499ed0c22acc464195b09f37c2b3ac2cf?s=96&d=mm&r=g\",\"caption\":\"Miguel Ramirez\"},\"description\":\"Locutor y periodista digital y coach comunicaci\u00f3n\",\"sameAs\":[\"https:\/\/www.facebook.com\/share\/1HVE1qCqVk\/?mibextid=wwXIfr\"],\"url\":\"https:\/\/noti-america.com\/site\/repdom\/author\/mramirez\/\"}]}<\/script>\n<!-- \/ Yoast SEO Premium plugin. -->","yoast_head_json":{"title":"La Asociaci\u00f3n Ministerial Mujeres Admirables (AMMAD) celebr\u00f3 con gran \u00e9xito su Admirable Day - Rep. Dominicana | Noti-America.com","robots":{"index":"index","follow":"follow","max-snippet":"max-snippet:-1","max-image-preview":"max-image-preview:large","max-video-preview":"max-video-preview:-1"},"canonical":"https:\/\/noti-america.com\/site\/repdom\/2025\/03\/30\/la-asociacion-ministerial-mujeres-admirables-ammad-celebro-con-gran-exito-su-admirable-day-2\/","og_locale":"es_ES","og_type":"article","og_title":"La Asociaci\u00f3n Ministerial Mujeres Admirables (AMMAD) celebr\u00f3 con gran \u00e9xito su Admirable Day","og_description":"La Asociaci\u00f3n Ministerial Mujeres Admirables (AMMAD) celebr\u00f3 con gran \u00e9xito su Admirable Day, un evento especial en el marco de su s\u00e9ptimo aniversario. La actividad tuvo lugar en Arroyo Hondo Dolphin Garden, donde miembros,&#46;&#46;&#46;","og_url":"https:\/\/noti-america.com\/site\/repdom\/2025\/03\/30\/la-asociacion-ministerial-mujeres-admirables-ammad-celebro-con-gran-exito-su-admirable-day-2\/","og_site_name":"Rep. Dominicana | Noti-America.com","article_author":"https:\/\/www.facebook.com\/share\/1HVE1qCqVk\/?mibextid=wwXIfr","article_published_time":"2025-03-30T01:36:05+00:00","og_image":[{"width":1179,"height":789,"url":"https:\/\/noti-america.com\/site\/repdom\/wp-content\/uploads\/sites\/6\/2025\/03\/IMG_3134.jpeg","type":"image\/jpeg"}],"author":"Miguel Ramirez","twitter_card":"summary_large_image","twitter_misc":{"Escrito por":"Miguel Ramirez","Tiempo estimado de lectura":"1 minuto"},"schema":{"@context":"https:\/\/schema.org","@graph":[{"@type":"Article","@id":"https:\/\/noti-america.com\/site\/repdom\/2025\/03\/30\/la-asociacion-ministerial-mujeres-admirables-ammad-celebro-con-gran-exito-su-admirable-day-2\/#article","isPartOf":{"@id":"https:\/\/noti-america.com\/site\/repdom\/2025\/03\/30\/la-asociacion-ministerial-mujeres-admirables-ammad-celebro-con-gran-exito-su-admirable-day-2\/"},"author":{"name":"Miguel Ramirez","@id":"https:\/\/noti-america.com\/site\/repdom\/#\/schema\/person\/8027db7d71a0328e6e4474fa188c6fb3"},"headline":"La Asociaci\u00f3n Ministerial Mujeres Admirables (AMMAD) celebr\u00f3 con gran \u00e9xito su Admirable Day","datePublished":"2025-03-30T01:36:05+00:00","mainEntityOfPage":{"@id":"https:\/\/noti-america.com\/site\/repdom\/2025\/03\/30\/la-asociacion-ministerial-mujeres-admirables-ammad-celebro-con-gran-exito-su-admirable-day-2\/"},"wordCount":310,"commentCount":0,"publisher":{"@id":"https:\/\/noti-america.com\/site\/repdom\/#organization"},"image":{"@id":"https:\/\/noti-america.com\/site\/repdom\/2025\/03\/30\/la-asociacion-ministerial-mujeres-admirables-ammad-celebro-con-gran-exito-su-admirable-day-2\/#primaryimage"},"thumbnailUrl":"https:\/\/noti-america.com\/site\/repdom\/wp-content\/uploads\/sites\/6\/2025\/03\/IMG_3134.jpeg","articleSection":["Sociales"],"inLanguage":"es","potentialAction":[{"@type":"CommentAction","name":"Comment","target":["https:\/\/noti-america.com\/site\/repdom\/2025\/03\/30\/la-asociacion-ministerial-mujeres-admirables-ammad-celebro-con-gran-exito-su-admirable-day-2\/#respond"]}]},{"@type":"WebPage","@id":"https:\/\/noti-america.com\/site\/repdom\/2025\/03\/30\/la-asociacion-ministerial-mujeres-admirables-ammad-celebro-con-gran-exito-su-admirable-day-2\/","url":"https:\/\/noti-america.com\/site\/repdom\/2025\/03\/30\/la-asociacion-ministerial-mujeres-admirables-ammad-celebro-con-gran-exito-su-admirable-day-2\/","name":"La Asociaci\u00f3n Ministerial Mujeres Admirables (AMMAD) celebr\u00f3 con gran \u00e9xito su Admirable Day - Rep. Dominicana | Noti-America.com","isPartOf":{"@id":"https:\/\/noti-america.com\/site\/repdom\/#website"},"primaryImageOfPage":{"@id":"https:\/\/noti-america.com\/site\/repdom\/2025\/03\/30\/la-asociacion-ministerial-mujeres-admirables-ammad-celebro-con-gran-exito-su-admirable-day-2\/#primaryimage"},"image":{"@id":"https:\/\/noti-america.com\/site\/repdom\/2025\/03\/30\/la-asociacion-ministerial-mujeres-admirables-ammad-celebro-con-gran-exito-su-admirable-day-2\/#primaryimage"},"thumbnailUrl":"https:\/\/noti-america.com\/site\/repdom\/wp-content\/uploads\/sites\/6\/2025\/03\/IMG_3134.jpeg","datePublished":"2025-03-30T01:36:05+00:00","breadcrumb":{"@id":"https:\/\/noti-america.com\/site\/repdom\/2025\/03\/30\/la-asociacion-ministerial-mujeres-admirables-ammad-celebro-con-gran-exito-su-admirable-day-2\/#breadcrumb"},"inLanguage":"es","potentialAction":[{"@type":"ReadAction","target":["https:\/\/noti-america.com\/site\/repdom\/2025\/03\/30\/la-asociacion-ministerial-mujeres-admirables-ammad-celebro-con-gran-exito-su-admirable-day-2\/"]}]},{"@type":"ImageObject","inLanguage":"es","@id":"https:\/\/noti-america.com\/site\/repdom\/2025\/03\/30\/la-asociacion-ministerial-mujeres-admirables-ammad-celebro-con-gran-exito-su-admirable-day-2\/#primaryimage","url":"https:\/\/noti-america.com\/site\/repdom\/wp-content\/uploads\/sites\/6\/2025\/03\/IMG_3134.jpeg","contentUrl":"https:\/\/noti-america.com\/site\/repdom\/wp-content\/uploads\/sites\/6\/2025\/03\/IMG_3134.jpeg","width":1179,"height":789},{"@type":"BreadcrumbList","@id":"https:\/\/noti-america.com\/site\/repdom\/2025\/03\/30\/la-asociacion-ministerial-mujeres-admirables-ammad-celebro-con-gran-exito-su-admirable-day-2\/#breadcrumb","itemListElement":[{"@type":"ListItem","position":1,"name":"Portada","item":"https:\/\/noti-america.com\/site\/repdom\/"},{"@type":"ListItem","position":2,"name":"La Asociaci\u00f3n Ministerial Mujeres Admirables (AMMAD) celebr\u00f3 con gran \u00e9xito su Admirable Day"}]},{"@type":"WebSite","@id":"https:\/\/noti-america.com\/site\/repdom\/#website","url":"https:\/\/noti-america.com\/site\/repdom\/","name":"Rep. Dominicana | Noti-America.com","description":"","publisher":{"@id":"https:\/\/noti-america.com\/site\/repdom\/#organization"},"potentialAction":[{"@type":"SearchAction","target":{"@type":"EntryPoint","urlTemplate":"https:\/\/noti-america.com\/site\/repdom\/?s={search_term_string}"},"query-input":{"@type":"PropertyValueSpecification","valueRequired":true,"valueName":"search_term_string"}}],"inLanguage":"es"},{"@type":"Organization","@id":"https:\/\/noti-america.com\/site\/repdom\/#organization","name":"Noti-America LLC | Rep\u00fablica Dominicana","url":"https:\/\/noti-america.com\/site\/repdom\/","logo":{"@type":"ImageObject","inLanguage":"es","@id":"https:\/\/noti-america.com\/site\/repdom\/#\/schema\/logo\/image\/","url":"https:\/\/noti-america.com\/site\/repdom\/wp-content\/uploads\/sites\/6\/2020\/07\/LogoNA-4x3-1.jpg","contentUrl":"https:\/\/noti-america.com\/site\/repdom\/wp-content\/uploads\/sites\/6\/2020\/07\/LogoNA-4x3-1.jpg","width":1236,"height":1080,"caption":"Noti-America LLC | Rep\u00fablica Dominicana"},"image":{"@id":"https:\/\/noti-america.com\/site\/repdom\/#\/schema\/logo\/image\/"}},{"@type":"Person","@id":"https:\/\/noti-america.com\/site\/repdom\/#\/schema\/person\/8027db7d71a0328e6e4474fa188c6fb3","name":"Miguel Ramirez","image":{"@type":"ImageObject","inLanguage":"es","@id":"https:\/\/secure.gravatar.com\/avatar\/41a78fb2cdab3e2dc5831d3591f1dab499ed0c22acc464195b09f37c2b3ac2cf?s=96&d=mm&r=g","url":"https:\/\/secure.gravatar.com\/avatar\/41a78fb2cdab3e2dc5831d3591f1dab499ed0c22acc464195b09f37c2b3ac2cf?s=96&d=mm&r=g","contentUrl":"https:\/\/secure.gravatar.com\/avatar\/41a78fb2cdab3e2dc5831d3591f1dab499ed0c22acc464195b09f37c2b3ac2cf?s=96&d=mm&r=g","caption":"Miguel Ramirez"},"description":"Locutor y periodista digital y coach comunicaci\u00f3n","sameAs":["https:\/\/www.facebook.com\/share\/1HVE1qCqVk\/?mibextid=wwXIfr"],"url":"https:\/\/noti-america.com\/site\/repdom\/author\/mramirez\/"}]}},"_links":{"self":[{"href":"https:\/\/noti-america.com\/site\/repdom\/wp-json\/wp\/v2\/posts\/32336","targetHints":{"allow":["GET"]}}],"collection":[{"href":"https:\/\/noti-america.com\/site\/repdom\/wp-json\/wp\/v2\/posts"}],"about":[{"href":"https:\/\/noti-america.com\/site\/repdom\/wp-json\/wp\/v2\/types\/post"}],"author":[{"embeddable":true,"href":"https:\/\/noti-america.com\/site\/repdom\/wp-json\/wp\/v2\/users\/96"}],"replies":[{"embeddable":true,"href":"https:\/\/noti-america.com\/site\/repdom\/wp-json\/wp\/v2\/comments?post=32336"}],"version-history":[{"count":0,"href":"https:\/\/noti-america.com\/site\/repdom\/wp-json\/wp\/v2\/posts\/32336\/revisions"}],"wp:featuredmedia":[{"embeddable":true,"href":"https:\/\/noti-america.com\/site\/repdom\/wp-json\/wp\/v2\/media\/32337"}],"wp:attachment":[{"href":"https:\/\/noti-america.com\/site\/repdom\/wp-json\/wp\/v2\/media?parent=32336"}],"wp:term":[{"taxonomy":"category","embeddable":true,"href":"https:\/\/noti-america.com\/site\/repdom\/wp-json\/wp\/v2\/categories?post=32336"},{"taxonomy":"post_tag","embeddable":true,"href":"https:\/\/noti-america.com\/site\/repdom\/wp-json\/wp\/v2\/tags?post=32336"}],"curies":[{"name":"wp","href":"https:\/\/api.w.org\/{rel}","templated":true}]}}