{"id":32266,"date":"2025-03-25T12:13:30","date_gmt":"2025-03-25T12:13:30","guid":{"rendered":"https:\/\/noti-america.com\/site\/repdom\/?p=32266"},"modified":"2025-03-25T12:13:30","modified_gmt":"2025-03-25T12:13:30","slug":"disenos-de-cynthia-matos-by-dlora-para-nominados-a-premios-soberano-2025","status":"publish","type":"post","link":"https:\/\/noti-america.com\/site\/repdom\/2025\/03\/25\/disenos-de-cynthia-matos-by-dlora-para-nominados-a-premios-soberano-2025\/","title":{"rendered":"Dise\u00f1os de Cynthia Matos By D\u2019Lora para nominados a Premios Soberano 2025"},"content":{"rendered":"<p><img loading=\"lazy\" decoding=\"async\" class=\"alignnone size-medium wp-image-32267\" src=\"https:\/\/noti-america.com\/site\/repdom\/wp-content\/uploads\/sites\/6\/2025\/03\/ff4b8162-8846-4b6e-8a3f-9f931441ee3a-249x300.jpeg\" alt=\"\" width=\"249\" height=\"300\" srcset=\"https:\/\/noti-america.com\/site\/repdom\/wp-content\/uploads\/sites\/6\/2025\/03\/ff4b8162-8846-4b6e-8a3f-9f931441ee3a-249x300.jpeg 249w, https:\/\/noti-america.com\/site\/repdom\/wp-content\/uploads\/sites\/6\/2025\/03\/ff4b8162-8846-4b6e-8a3f-9f931441ee3a-849x1024.jpeg 849w, https:\/\/noti-america.com\/site\/repdom\/wp-content\/uploads\/sites\/6\/2025\/03\/ff4b8162-8846-4b6e-8a3f-9f931441ee3a-768x927.jpeg 768w, https:\/\/noti-america.com\/site\/repdom\/wp-content\/uploads\/sites\/6\/2025\/03\/ff4b8162-8846-4b6e-8a3f-9f931441ee3a.jpeg 1080w\" sizes=\"auto, (max-width: 249px) 100vw, 249px\" \/><\/p>\n<p>&nbsp;<\/p>\n<p>&nbsp;<\/p>\n<p>Santo Domingo, 24 de marzo de 2025. \u2013 La reconocida dise\u00f1adora de moda puertorrique\u00f1a, Cynthia Matos, se enorgullece en anunciar que vestir\u00e1 a destacados artistas nominados para la pr\u00f3xima edici\u00f3n de los Premios Soberano 2025. Con su marca, Cynthia Matos By D\u2019Lora, la dise\u00f1adora se ha ganado un lugar prominente en la industria de la moda, fusionando la herencia cultural puertorrique\u00f1a con tendencias contempor\u00e1neas.<\/p>\n<p>Este a\u00f1o, los artistas Lomiiel y Baby Drums lucir\u00e1n exclusivos dise\u00f1os de Matos durante la ceremonia. Cada traje ha sido cuidadosamente creado para reflejar no solo la esencia de los artistas, sino tambi\u00e9n una visi\u00f3n contempor\u00e1nea y audaz de la moda.<\/p>\n<p>*Traje de Lomiiel:*<br \/>\nEl traje dise\u00f1ado para Lomiiel es una pieza \u00fanica que combina un estilo retro futurista, confeccionado en una tela negra liquid que aporta un brillo excepcional. Inspirado en la matriz, este traje cargo destaca por su originalidad y vanguardismo, haciendo eco de la personalidad audaz del artista.<\/p>\n<p>*Traje de Baby Drums:*<br \/>\nPor su parte, el dise\u00f1o para Baby Drums incorpora un estilo futurista con un corte que evoca un viaje del pasado al presente. Con un impactante color azul cobrizo, este traje promete ser un espect\u00e1culo visual que reflejar\u00e1 la energ\u00eda y creatividad del artista en el escenario.<\/p>\n<p>Cynthia Matos, quien reside en Nueva York, ha sido aclamada por su habilidad de capturar la esencia de la cultura puertorrique\u00f1a en sus dise\u00f1os, al tiempo que abraza las tendencias globales de la moda. Su participaci\u00f3n en los Premios Soberano 2025 es un testimonio de su compromiso con la innovaci\u00f3n y la celebraci\u00f3n de la identidad cultural.<\/p>\n<p>&nbsp;<\/p>\n<p>&nbsp;<\/p>\n<p>.<\/p>\n","protected":false},"excerpt":{"rendered":"<p>&nbsp; &nbsp; Santo Domingo, 24 de marzo de 2025. \u2013 La reconocida dise\u00f1adora de moda puertorrique\u00f1a, Cynthia Matos, se enorgullece en anunciar que vestir\u00e1 a destacados artistas nominados para la pr\u00f3xima edici\u00f3n de los&#46;&#46;&#46;<\/p>\n","protected":false},"author":96,"featured_media":32267,"comment_status":"open","ping_status":"open","sticky":false,"template":"","format":"standard","meta":{"_acf_changed":false,"rop_custom_images_group":[],"rop_custom_messages_group":[],"rop_publish_now":"initial","rop_publish_now_accounts":[],"rop_publish_now_history":[],"rop_publish_now_status":"pending","footnotes":""},"categories":[10],"tags":[],"class_list":["post-32266","post","type-post","status-publish","format-standard","has-post-thumbnail","hentry","category-actualidad"],"acf":[],"yoast_head":"<!-- This site is optimized with the Yoast SEO Premium plugin v24.9 (Yoast SEO v27.2) - https:\/\/yoast.com\/product\/yoast-seo-premium-wordpress\/ -->\n<title>Dise\u00f1os de Cynthia Matos By D\u2019Lora para nominados a Premios Soberano 2025 - Rep. Dominicana | Noti-America.com<\/title>\n<meta name=\"robots\" content=\"index, follow, max-snippet:-1, max-image-preview:large, max-video-preview:-1\" \/>\n<link rel=\"canonical\" href=\"https:\/\/noti-america.com\/site\/repdom\/2025\/03\/25\/disenos-de-cynthia-matos-by-dlora-para-nominados-a-premios-soberano-2025\/\" \/>\n<meta property=\"og:locale\" content=\"es_ES\" \/>\n<meta property=\"og:type\" content=\"article\" \/>\n<meta property=\"og:title\" content=\"Dise\u00f1os de Cynthia Matos By D\u2019Lora para nominados a Premios Soberano 2025\" \/>\n<meta property=\"og:description\" content=\"&nbsp; &nbsp; Santo Domingo, 24 de marzo de 2025. \u2013 La reconocida dise\u00f1adora de moda puertorrique\u00f1a, Cynthia Matos, se enorgullece en anunciar que vestir\u00e1 a destacados artistas nominados para la pr\u00f3xima edici\u00f3n de los&#046;&#046;&#046;\" \/>\n<meta property=\"og:url\" content=\"https:\/\/noti-america.com\/site\/repdom\/2025\/03\/25\/disenos-de-cynthia-matos-by-dlora-para-nominados-a-premios-soberano-2025\/\" \/>\n<meta property=\"og:site_name\" content=\"Rep. Dominicana | Noti-America.com\" \/>\n<meta property=\"article:author\" content=\"https:\/\/www.facebook.com\/share\/1HVE1qCqVk\/?mibextid=wwXIfr\" \/>\n<meta property=\"article:published_time\" content=\"2025-03-25T12:13:30+00:00\" \/>\n<meta property=\"og:image\" content=\"https:\/\/noti-america.com\/site\/repdom\/wp-content\/uploads\/sites\/6\/2025\/03\/ff4b8162-8846-4b6e-8a3f-9f931441ee3a.jpeg\" \/>\n\t<meta property=\"og:image:width\" content=\"1080\" \/>\n\t<meta property=\"og:image:height\" content=\"1303\" \/>\n\t<meta property=\"og:image:type\" content=\"image\/jpeg\" \/>\n<meta name=\"author\" content=\"Miguel Ramirez\" \/>\n<meta name=\"twitter:card\" content=\"summary_large_image\" \/>\n<meta name=\"twitter:label1\" content=\"Escrito por\" \/>\n\t<meta name=\"twitter:data1\" content=\"Miguel Ramirez\" \/>\n\t<meta name=\"twitter:label2\" content=\"Tiempo estimado de lectura\" \/>\n\t<meta name=\"twitter:data2\" content=\"2 minutos\" \/>\n<script type=\"application\/ld+json\" class=\"yoast-schema-graph\">{\"@context\":\"https:\/\/schema.org\",\"@graph\":[{\"@type\":\"Article\",\"@id\":\"https:\/\/noti-america.com\/site\/repdom\/2025\/03\/25\/disenos-de-cynthia-matos-by-dlora-para-nominados-a-premios-soberano-2025\/#article\",\"isPartOf\":{\"@id\":\"https:\/\/noti-america.com\/site\/repdom\/2025\/03\/25\/disenos-de-cynthia-matos-by-dlora-para-nominados-a-premios-soberano-2025\/\"},\"author\":{\"name\":\"Miguel Ramirez\",\"@id\":\"https:\/\/noti-america.com\/site\/repdom\/#\/schema\/person\/8027db7d71a0328e6e4474fa188c6fb3\"},\"headline\":\"Dise\u00f1os de Cynthia Matos By D\u2019Lora para nominados a Premios Soberano 2025\",\"datePublished\":\"2025-03-25T12:13:30+00:00\",\"mainEntityOfPage\":{\"@id\":\"https:\/\/noti-america.com\/site\/repdom\/2025\/03\/25\/disenos-de-cynthia-matos-by-dlora-para-nominados-a-premios-soberano-2025\/\"},\"wordCount\":298,\"commentCount\":0,\"publisher\":{\"@id\":\"https:\/\/noti-america.com\/site\/repdom\/#organization\"},\"image\":{\"@id\":\"https:\/\/noti-america.com\/site\/repdom\/2025\/03\/25\/disenos-de-cynthia-matos-by-dlora-para-nominados-a-premios-soberano-2025\/#primaryimage\"},\"thumbnailUrl\":\"https:\/\/noti-america.com\/site\/repdom\/wp-content\/uploads\/sites\/6\/2025\/03\/ff4b8162-8846-4b6e-8a3f-9f931441ee3a.jpeg\",\"articleSection\":[\"Actualidad\"],\"inLanguage\":\"es\",\"potentialAction\":[{\"@type\":\"CommentAction\",\"name\":\"Comment\",\"target\":[\"https:\/\/noti-america.com\/site\/repdom\/2025\/03\/25\/disenos-de-cynthia-matos-by-dlora-para-nominados-a-premios-soberano-2025\/#respond\"]}]},{\"@type\":\"WebPage\",\"@id\":\"https:\/\/noti-america.com\/site\/repdom\/2025\/03\/25\/disenos-de-cynthia-matos-by-dlora-para-nominados-a-premios-soberano-2025\/\",\"url\":\"https:\/\/noti-america.com\/site\/repdom\/2025\/03\/25\/disenos-de-cynthia-matos-by-dlora-para-nominados-a-premios-soberano-2025\/\",\"name\":\"Dise\u00f1os de Cynthia Matos By D\u2019Lora para nominados a Premios Soberano 2025 - Rep. Dominicana | Noti-America.com\",\"isPartOf\":{\"@id\":\"https:\/\/noti-america.com\/site\/repdom\/#website\"},\"primaryImageOfPage\":{\"@id\":\"https:\/\/noti-america.com\/site\/repdom\/2025\/03\/25\/disenos-de-cynthia-matos-by-dlora-para-nominados-a-premios-soberano-2025\/#primaryimage\"},\"image\":{\"@id\":\"https:\/\/noti-america.com\/site\/repdom\/2025\/03\/25\/disenos-de-cynthia-matos-by-dlora-para-nominados-a-premios-soberano-2025\/#primaryimage\"},\"thumbnailUrl\":\"https:\/\/noti-america.com\/site\/repdom\/wp-content\/uploads\/sites\/6\/2025\/03\/ff4b8162-8846-4b6e-8a3f-9f931441ee3a.jpeg\",\"datePublished\":\"2025-03-25T12:13:30+00:00\",\"breadcrumb\":{\"@id\":\"https:\/\/noti-america.com\/site\/repdom\/2025\/03\/25\/disenos-de-cynthia-matos-by-dlora-para-nominados-a-premios-soberano-2025\/#breadcrumb\"},\"inLanguage\":\"es\",\"potentialAction\":[{\"@type\":\"ReadAction\",\"target\":[\"https:\/\/noti-america.com\/site\/repdom\/2025\/03\/25\/disenos-de-cynthia-matos-by-dlora-para-nominados-a-premios-soberano-2025\/\"]}]},{\"@type\":\"ImageObject\",\"inLanguage\":\"es\",\"@id\":\"https:\/\/noti-america.com\/site\/repdom\/2025\/03\/25\/disenos-de-cynthia-matos-by-dlora-para-nominados-a-premios-soberano-2025\/#primaryimage\",\"url\":\"https:\/\/noti-america.com\/site\/repdom\/wp-content\/uploads\/sites\/6\/2025\/03\/ff4b8162-8846-4b6e-8a3f-9f931441ee3a.jpeg\",\"contentUrl\":\"https:\/\/noti-america.com\/site\/repdom\/wp-content\/uploads\/sites\/6\/2025\/03\/ff4b8162-8846-4b6e-8a3f-9f931441ee3a.jpeg\",\"width\":1080,\"height\":1303},{\"@type\":\"BreadcrumbList\",\"@id\":\"https:\/\/noti-america.com\/site\/repdom\/2025\/03\/25\/disenos-de-cynthia-matos-by-dlora-para-nominados-a-premios-soberano-2025\/#breadcrumb\",\"itemListElement\":[{\"@type\":\"ListItem\",\"position\":1,\"name\":\"Portada\",\"item\":\"https:\/\/noti-america.com\/site\/repdom\/\"},{\"@type\":\"ListItem\",\"position\":2,\"name\":\"Dise\u00f1os de Cynthia Matos By D\u2019Lora para nominados a Premios Soberano 2025\"}]},{\"@type\":\"WebSite\",\"@id\":\"https:\/\/noti-america.com\/site\/repdom\/#website\",\"url\":\"https:\/\/noti-america.com\/site\/repdom\/\",\"name\":\"Rep. Dominicana | Noti-America.com\",\"description\":\"\",\"publisher\":{\"@id\":\"https:\/\/noti-america.com\/site\/repdom\/#organization\"},\"potentialAction\":[{\"@type\":\"SearchAction\",\"target\":{\"@type\":\"EntryPoint\",\"urlTemplate\":\"https:\/\/noti-america.com\/site\/repdom\/?s={search_term_string}\"},\"query-input\":{\"@type\":\"PropertyValueSpecification\",\"valueRequired\":true,\"valueName\":\"search_term_string\"}}],\"inLanguage\":\"es\"},{\"@type\":\"Organization\",\"@id\":\"https:\/\/noti-america.com\/site\/repdom\/#organization\",\"name\":\"Noti-America LLC | Rep\u00fablica Dominicana\",\"url\":\"https:\/\/noti-america.com\/site\/repdom\/\",\"logo\":{\"@type\":\"ImageObject\",\"inLanguage\":\"es\",\"@id\":\"https:\/\/noti-america.com\/site\/repdom\/#\/schema\/logo\/image\/\",\"url\":\"https:\/\/noti-america.com\/site\/repdom\/wp-content\/uploads\/sites\/6\/2020\/07\/LogoNA-4x3-1.jpg\",\"contentUrl\":\"https:\/\/noti-america.com\/site\/repdom\/wp-content\/uploads\/sites\/6\/2020\/07\/LogoNA-4x3-1.jpg\",\"width\":1236,\"height\":1080,\"caption\":\"Noti-America LLC | Rep\u00fablica Dominicana\"},\"image\":{\"@id\":\"https:\/\/noti-america.com\/site\/repdom\/#\/schema\/logo\/image\/\"}},{\"@type\":\"Person\",\"@id\":\"https:\/\/noti-america.com\/site\/repdom\/#\/schema\/person\/8027db7d71a0328e6e4474fa188c6fb3\",\"name\":\"Miguel Ramirez\",\"image\":{\"@type\":\"ImageObject\",\"inLanguage\":\"es\",\"@id\":\"https:\/\/secure.gravatar.com\/avatar\/41a78fb2cdab3e2dc5831d3591f1dab499ed0c22acc464195b09f37c2b3ac2cf?s=96&d=mm&r=g\",\"url\":\"https:\/\/secure.gravatar.com\/avatar\/41a78fb2cdab3e2dc5831d3591f1dab499ed0c22acc464195b09f37c2b3ac2cf?s=96&d=mm&r=g\",\"contentUrl\":\"https:\/\/secure.gravatar.com\/avatar\/41a78fb2cdab3e2dc5831d3591f1dab499ed0c22acc464195b09f37c2b3ac2cf?s=96&d=mm&r=g\",\"caption\":\"Miguel Ramirez\"},\"description\":\"Locutor y periodista digital y coach comunicaci\u00f3n\",\"sameAs\":[\"https:\/\/www.facebook.com\/share\/1HVE1qCqVk\/?mibextid=wwXIfr\"],\"url\":\"https:\/\/noti-america.com\/site\/repdom\/author\/mramirez\/\"}]}<\/script>\n<!-- \/ Yoast SEO Premium plugin. -->","yoast_head_json":{"title":"Dise\u00f1os de Cynthia Matos By D\u2019Lora para nominados a Premios Soberano 2025 - Rep. Dominicana | Noti-America.com","robots":{"index":"index","follow":"follow","max-snippet":"max-snippet:-1","max-image-preview":"max-image-preview:large","max-video-preview":"max-video-preview:-1"},"canonical":"https:\/\/noti-america.com\/site\/repdom\/2025\/03\/25\/disenos-de-cynthia-matos-by-dlora-para-nominados-a-premios-soberano-2025\/","og_locale":"es_ES","og_type":"article","og_title":"Dise\u00f1os de Cynthia Matos By D\u2019Lora para nominados a Premios Soberano 2025","og_description":"&nbsp; &nbsp; Santo Domingo, 24 de marzo de 2025. \u2013 La reconocida dise\u00f1adora de moda puertorrique\u00f1a, Cynthia Matos, se enorgullece en anunciar que vestir\u00e1 a destacados artistas nominados para la pr\u00f3xima edici\u00f3n de los&#46;&#46;&#46;","og_url":"https:\/\/noti-america.com\/site\/repdom\/2025\/03\/25\/disenos-de-cynthia-matos-by-dlora-para-nominados-a-premios-soberano-2025\/","og_site_name":"Rep. Dominicana | Noti-America.com","article_author":"https:\/\/www.facebook.com\/share\/1HVE1qCqVk\/?mibextid=wwXIfr","article_published_time":"2025-03-25T12:13:30+00:00","og_image":[{"width":1080,"height":1303,"url":"https:\/\/noti-america.com\/site\/repdom\/wp-content\/uploads\/sites\/6\/2025\/03\/ff4b8162-8846-4b6e-8a3f-9f931441ee3a.jpeg","type":"image\/jpeg"}],"author":"Miguel Ramirez","twitter_card":"summary_large_image","twitter_misc":{"Escrito por":"Miguel Ramirez","Tiempo estimado de lectura":"2 minutos"},"schema":{"@context":"https:\/\/schema.org","@graph":[{"@type":"Article","@id":"https:\/\/noti-america.com\/site\/repdom\/2025\/03\/25\/disenos-de-cynthia-matos-by-dlora-para-nominados-a-premios-soberano-2025\/#article","isPartOf":{"@id":"https:\/\/noti-america.com\/site\/repdom\/2025\/03\/25\/disenos-de-cynthia-matos-by-dlora-para-nominados-a-premios-soberano-2025\/"},"author":{"name":"Miguel Ramirez","@id":"https:\/\/noti-america.com\/site\/repdom\/#\/schema\/person\/8027db7d71a0328e6e4474fa188c6fb3"},"headline":"Dise\u00f1os de Cynthia Matos By D\u2019Lora para nominados a Premios Soberano 2025","datePublished":"2025-03-25T12:13:30+00:00","mainEntityOfPage":{"@id":"https:\/\/noti-america.com\/site\/repdom\/2025\/03\/25\/disenos-de-cynthia-matos-by-dlora-para-nominados-a-premios-soberano-2025\/"},"wordCount":298,"commentCount":0,"publisher":{"@id":"https:\/\/noti-america.com\/site\/repdom\/#organization"},"image":{"@id":"https:\/\/noti-america.com\/site\/repdom\/2025\/03\/25\/disenos-de-cynthia-matos-by-dlora-para-nominados-a-premios-soberano-2025\/#primaryimage"},"thumbnailUrl":"https:\/\/noti-america.com\/site\/repdom\/wp-content\/uploads\/sites\/6\/2025\/03\/ff4b8162-8846-4b6e-8a3f-9f931441ee3a.jpeg","articleSection":["Actualidad"],"inLanguage":"es","potentialAction":[{"@type":"CommentAction","name":"Comment","target":["https:\/\/noti-america.com\/site\/repdom\/2025\/03\/25\/disenos-de-cynthia-matos-by-dlora-para-nominados-a-premios-soberano-2025\/#respond"]}]},{"@type":"WebPage","@id":"https:\/\/noti-america.com\/site\/repdom\/2025\/03\/25\/disenos-de-cynthia-matos-by-dlora-para-nominados-a-premios-soberano-2025\/","url":"https:\/\/noti-america.com\/site\/repdom\/2025\/03\/25\/disenos-de-cynthia-matos-by-dlora-para-nominados-a-premios-soberano-2025\/","name":"Dise\u00f1os de Cynthia Matos By D\u2019Lora para nominados a Premios Soberano 2025 - Rep. Dominicana | Noti-America.com","isPartOf":{"@id":"https:\/\/noti-america.com\/site\/repdom\/#website"},"primaryImageOfPage":{"@id":"https:\/\/noti-america.com\/site\/repdom\/2025\/03\/25\/disenos-de-cynthia-matos-by-dlora-para-nominados-a-premios-soberano-2025\/#primaryimage"},"image":{"@id":"https:\/\/noti-america.com\/site\/repdom\/2025\/03\/25\/disenos-de-cynthia-matos-by-dlora-para-nominados-a-premios-soberano-2025\/#primaryimage"},"thumbnailUrl":"https:\/\/noti-america.com\/site\/repdom\/wp-content\/uploads\/sites\/6\/2025\/03\/ff4b8162-8846-4b6e-8a3f-9f931441ee3a.jpeg","datePublished":"2025-03-25T12:13:30+00:00","breadcrumb":{"@id":"https:\/\/noti-america.com\/site\/repdom\/2025\/03\/25\/disenos-de-cynthia-matos-by-dlora-para-nominados-a-premios-soberano-2025\/#breadcrumb"},"inLanguage":"es","potentialAction":[{"@type":"ReadAction","target":["https:\/\/noti-america.com\/site\/repdom\/2025\/03\/25\/disenos-de-cynthia-matos-by-dlora-para-nominados-a-premios-soberano-2025\/"]}]},{"@type":"ImageObject","inLanguage":"es","@id":"https:\/\/noti-america.com\/site\/repdom\/2025\/03\/25\/disenos-de-cynthia-matos-by-dlora-para-nominados-a-premios-soberano-2025\/#primaryimage","url":"https:\/\/noti-america.com\/site\/repdom\/wp-content\/uploads\/sites\/6\/2025\/03\/ff4b8162-8846-4b6e-8a3f-9f931441ee3a.jpeg","contentUrl":"https:\/\/noti-america.com\/site\/repdom\/wp-content\/uploads\/sites\/6\/2025\/03\/ff4b8162-8846-4b6e-8a3f-9f931441ee3a.jpeg","width":1080,"height":1303},{"@type":"BreadcrumbList","@id":"https:\/\/noti-america.com\/site\/repdom\/2025\/03\/25\/disenos-de-cynthia-matos-by-dlora-para-nominados-a-premios-soberano-2025\/#breadcrumb","itemListElement":[{"@type":"ListItem","position":1,"name":"Portada","item":"https:\/\/noti-america.com\/site\/repdom\/"},{"@type":"ListItem","position":2,"name":"Dise\u00f1os de Cynthia Matos By D\u2019Lora para nominados a Premios Soberano 2025"}]},{"@type":"WebSite","@id":"https:\/\/noti-america.com\/site\/repdom\/#website","url":"https:\/\/noti-america.com\/site\/repdom\/","name":"Rep. Dominicana | Noti-America.com","description":"","publisher":{"@id":"https:\/\/noti-america.com\/site\/repdom\/#organization"},"potentialAction":[{"@type":"SearchAction","target":{"@type":"EntryPoint","urlTemplate":"https:\/\/noti-america.com\/site\/repdom\/?s={search_term_string}"},"query-input":{"@type":"PropertyValueSpecification","valueRequired":true,"valueName":"search_term_string"}}],"inLanguage":"es"},{"@type":"Organization","@id":"https:\/\/noti-america.com\/site\/repdom\/#organization","name":"Noti-America LLC | Rep\u00fablica Dominicana","url":"https:\/\/noti-america.com\/site\/repdom\/","logo":{"@type":"ImageObject","inLanguage":"es","@id":"https:\/\/noti-america.com\/site\/repdom\/#\/schema\/logo\/image\/","url":"https:\/\/noti-america.com\/site\/repdom\/wp-content\/uploads\/sites\/6\/2020\/07\/LogoNA-4x3-1.jpg","contentUrl":"https:\/\/noti-america.com\/site\/repdom\/wp-content\/uploads\/sites\/6\/2020\/07\/LogoNA-4x3-1.jpg","width":1236,"height":1080,"caption":"Noti-America LLC | Rep\u00fablica Dominicana"},"image":{"@id":"https:\/\/noti-america.com\/site\/repdom\/#\/schema\/logo\/image\/"}},{"@type":"Person","@id":"https:\/\/noti-america.com\/site\/repdom\/#\/schema\/person\/8027db7d71a0328e6e4474fa188c6fb3","name":"Miguel Ramirez","image":{"@type":"ImageObject","inLanguage":"es","@id":"https:\/\/secure.gravatar.com\/avatar\/41a78fb2cdab3e2dc5831d3591f1dab499ed0c22acc464195b09f37c2b3ac2cf?s=96&d=mm&r=g","url":"https:\/\/secure.gravatar.com\/avatar\/41a78fb2cdab3e2dc5831d3591f1dab499ed0c22acc464195b09f37c2b3ac2cf?s=96&d=mm&r=g","contentUrl":"https:\/\/secure.gravatar.com\/avatar\/41a78fb2cdab3e2dc5831d3591f1dab499ed0c22acc464195b09f37c2b3ac2cf?s=96&d=mm&r=g","caption":"Miguel Ramirez"},"description":"Locutor y periodista digital y coach comunicaci\u00f3n","sameAs":["https:\/\/www.facebook.com\/share\/1HVE1qCqVk\/?mibextid=wwXIfr"],"url":"https:\/\/noti-america.com\/site\/repdom\/author\/mramirez\/"}]}},"_links":{"self":[{"href":"https:\/\/noti-america.com\/site\/repdom\/wp-json\/wp\/v2\/posts\/32266","targetHints":{"allow":["GET"]}}],"collection":[{"href":"https:\/\/noti-america.com\/site\/repdom\/wp-json\/wp\/v2\/posts"}],"about":[{"href":"https:\/\/noti-america.com\/site\/repdom\/wp-json\/wp\/v2\/types\/post"}],"author":[{"embeddable":true,"href":"https:\/\/noti-america.com\/site\/repdom\/wp-json\/wp\/v2\/users\/96"}],"replies":[{"embeddable":true,"href":"https:\/\/noti-america.com\/site\/repdom\/wp-json\/wp\/v2\/comments?post=32266"}],"version-history":[{"count":1,"href":"https:\/\/noti-america.com\/site\/repdom\/wp-json\/wp\/v2\/posts\/32266\/revisions"}],"predecessor-version":[{"id":32270,"href":"https:\/\/noti-america.com\/site\/repdom\/wp-json\/wp\/v2\/posts\/32266\/revisions\/32270"}],"wp:featuredmedia":[{"embeddable":true,"href":"https:\/\/noti-america.com\/site\/repdom\/wp-json\/wp\/v2\/media\/32267"}],"wp:attachment":[{"href":"https:\/\/noti-america.com\/site\/repdom\/wp-json\/wp\/v2\/media?parent=32266"}],"wp:term":[{"taxonomy":"category","embeddable":true,"href":"https:\/\/noti-america.com\/site\/repdom\/wp-json\/wp\/v2\/categories?post=32266"},{"taxonomy":"post_tag","embeddable":true,"href":"https:\/\/noti-america.com\/site\/repdom\/wp-json\/wp\/v2\/tags?post=32266"}],"curies":[{"name":"wp","href":"https:\/\/api.w.org\/{rel}","templated":true}]}}