{"id":3201,"date":"2020-08-22T04:50:22","date_gmt":"2020-08-22T04:50:22","guid":{"rendered":"https:\/\/noti-america.com\/site\/repdom\/?p=3201"},"modified":"2020-08-22T05:17:41","modified_gmt":"2020-08-22T05:17:41","slug":"gobierno-dispone-medidas-preventivas-ante-paso-tormenta-laura-22-provincias-en-alerta","status":"publish","type":"post","link":"https:\/\/noti-america.com\/site\/repdom\/2020\/08\/22\/gobierno-dispone-medidas-preventivas-ante-paso-tormenta-laura-22-provincias-en-alerta\/","title":{"rendered":"Gobierno dispone medidas preventivas ante paso tormenta Laura; 22 provincias en alerta"},"content":{"rendered":"<div class=\"page\" title=\"Page 1\">\n<div class=\"layoutArea\">\n<div class=\"column\">\n<p style=\"text-align: justify\">El presidente Luis Abinader dispuso evacuaciones preventivas obligatorias en aquellas zonas vulnerables que pudieran ser afectadas por las inundaciones generadas por las lluvias ante el fen\u00f3meno.<\/p>\n<p style=\"text-align: justify\">En un encuentro encabezado\u00a0 por el mandatario con la Comisi\u00f3n Nacional de Emergencias, tambi\u00e9n se dispuso alerta para 22 provincias, debido a los posibles efectos que podr\u00eda causar la tormenta, que estar\u00eda pasando por territorio dominicano este s\u00e1bado.<\/p>\n<p style=\"text-align: justify\">En ese sentido, el Centro de Operaciones de Emergencias (COE) emiti\u00f3 alerta roja para La Altagracia, Saman\u00e1, San Pedro de Macor\u00eds, Hato Mayor, El Seibo, Puerto Plata, Monte Cristi, Espaillat y Mar\u00eda Trinidad S\u00e1nchez.<\/p>\n<p style=\"text-align: justify\">Mientras que en alerta amarilla se mantienen San Cristo\u0301bal, Monte Plata, Sa\u0301nchez Rami\u0301rez, La Romana y la provincia Duarte.<\/p>\n<p style=\"text-align: justify\">En tanto que, en verde esta El Distrito Nacional, Dajabo\u0301n, Hermanas Mirabal, Santiago, Prov. Santo Domingo, Monsen\u0303or Nouel, La Vega y San Jose\u0301 de Ocoa.<\/p>\n<\/div>\n<\/div>\n<\/div>\n<div class=\"page\" title=\"Page 2\">\n<div class=\"layoutArea\" style=\"text-align: justify\">\n<div class=\"column\">\n<p>De su parte el director del COE, General de Brigada Juan Manuel Me\u0301ndez Garci\u0301a aseguro\u0301 que ya fueron instruidas las instituciones responsables de hacer evacuaciones a proceder de manera preventiva y, de forma obligatoria si fuera necesario, tomando encuentra el protocolo de bioseguridad para el covid-19, en las zonas de mayor Riegos.<\/p>\n<\/div>\n<\/div>\n<div class=\"layoutArea\">\n<div class=\"column\">\n<p style=\"text-align: justify\">Me\u0301ndez Garci\u0301a puntualizo\u0301 adema\u0301s que El Ministerio de Defensa se mantiene en comunicacio\u0301n permanente con la Direccio\u0301n del Centro de Operaciones de Emergencias, y Activo\u0301 el Plan Rela\u0301mpago en su Fase II.<\/p>\n<p style=\"text-align: justify\">El director del organismo llamo\u0301 a la poblacio\u0301n a seguir los boletines informativos que la institucio\u0301n emite y pidio\u0301 a la ciudadani\u0301a colaborar con las autoridades en esta nueva amenaza que enfrentan los dominicanos.<\/p>\n<p style=\"text-align: justify\">Mas informaci\u00f3n <a href=\"https:\/\/www.coe.gob.do\/index.php\/noticias\/item\/359-coe-eleva-9-provincias-a-alerta-roja-entidades-activan-plan-de-contingencia\">https:\/\/www.coe.gob.do\/index.php\/noticias\/item\/359-coe-eleva-9-provincias-a-alerta-roja-entidades-activan-plan-de-contingencia<\/a><\/p>\n<\/div>\n<\/div>\n<\/div>\n","protected":false},"excerpt":{"rendered":"<p>El presidente Luis Abinader dispuso evacuaciones preventivas obligatorias en aquellas zonas vulnerables que pudieran ser afectadas por las inundaciones generadas por las lluvias ante el fen\u00f3meno. En un encuentro encabezado\u00a0 por el mandatario con&#46;&#46;&#46;<\/p>\n","protected":false},"author":99,"featured_media":3209,"comment_status":"open","ping_status":"open","sticky":false,"template":"","format":"gallery","meta":{"_acf_changed":false,"rop_custom_images_group":[],"rop_custom_messages_group":[],"rop_publish_now":"initial","rop_publish_now_accounts":[],"rop_publish_now_history":[],"rop_publish_now_status":"pending","footnotes":""},"categories":[1],"tags":[],"class_list":["post-3201","post","type-post","status-publish","format-gallery","has-post-thumbnail","hentry","category-uncategorized","post_format-post-format-gallery"],"acf":[],"yoast_head":"<!-- This site is optimized with the Yoast SEO Premium plugin v24.9 (Yoast SEO v27.2) - https:\/\/yoast.com\/product\/yoast-seo-premium-wordpress\/ -->\n<title>Gobierno dispone medidas preventivas ante paso tormenta Laura; 22 provincias en alerta - Rep. Dominicana | Noti-America.com<\/title>\n<meta name=\"robots\" content=\"index, follow, max-snippet:-1, max-image-preview:large, max-video-preview:-1\" \/>\n<link rel=\"canonical\" href=\"https:\/\/noti-america.com\/site\/repdom\/2020\/08\/22\/gobierno-dispone-medidas-preventivas-ante-paso-tormenta-laura-22-provincias-en-alerta\/\" \/>\n<meta property=\"og:locale\" content=\"es_ES\" \/>\n<meta property=\"og:type\" content=\"article\" \/>\n<meta property=\"og:title\" content=\"Gobierno dispone medidas preventivas ante paso tormenta Laura; 22 provincias en alerta\" \/>\n<meta property=\"og:description\" content=\"El presidente Luis Abinader dispuso evacuaciones preventivas obligatorias en aquellas zonas vulnerables que pudieran ser afectadas por las inundaciones generadas por las lluvias ante el fen\u00f3meno. En un encuentro encabezado\u00a0 por el mandatario con&#046;&#046;&#046;\" \/>\n<meta property=\"og:url\" content=\"https:\/\/noti-america.com\/site\/repdom\/2020\/08\/22\/gobierno-dispone-medidas-preventivas-ante-paso-tormenta-laura-22-provincias-en-alerta\/\" \/>\n<meta property=\"og:site_name\" content=\"Rep. Dominicana | Noti-America.com\" \/>\n<meta property=\"article:published_time\" content=\"2020-08-22T04:50:22+00:00\" \/>\n<meta property=\"article:modified_time\" content=\"2020-08-22T05:17:41+00:00\" \/>\n<meta property=\"og:image\" content=\"https:\/\/noti-america.com\/site\/repdom\/wp-content\/uploads\/sites\/6\/2020\/08\/IMG_20200821_234735-12.jpg\" \/>\n\t<meta property=\"og:image:width\" content=\"540\" \/>\n\t<meta property=\"og:image:height\" content=\"669\" \/>\n\t<meta property=\"og:image:type\" content=\"image\/jpeg\" \/>\n<meta name=\"author\" content=\"Ann\u00e9 Cruz\" \/>\n<meta name=\"twitter:card\" content=\"summary_large_image\" \/>\n<meta name=\"twitter:label1\" content=\"Escrito por\" \/>\n\t<meta name=\"twitter:data1\" content=\"Ann\u00e9 Cruz\" \/>\n\t<meta name=\"twitter:label2\" content=\"Tiempo estimado de lectura\" \/>\n\t<meta name=\"twitter:data2\" content=\"1 minuto\" \/>\n<script type=\"application\/ld+json\" class=\"yoast-schema-graph\">{\"@context\":\"https:\/\/schema.org\",\"@graph\":[{\"@type\":\"Article\",\"@id\":\"https:\/\/noti-america.com\/site\/repdom\/2020\/08\/22\/gobierno-dispone-medidas-preventivas-ante-paso-tormenta-laura-22-provincias-en-alerta\/#article\",\"isPartOf\":{\"@id\":\"https:\/\/noti-america.com\/site\/repdom\/2020\/08\/22\/gobierno-dispone-medidas-preventivas-ante-paso-tormenta-laura-22-provincias-en-alerta\/\"},\"author\":{\"name\":\"Ann\u00e9 Cruz\",\"@id\":\"https:\/\/noti-america.com\/site\/repdom\/#\/schema\/person\/01b6a5fcca2b30bc220da2842f0b6060\"},\"headline\":\"Gobierno dispone medidas preventivas ante paso tormenta Laura; 22 provincias en alerta\",\"datePublished\":\"2020-08-22T04:50:22+00:00\",\"dateModified\":\"2020-08-22T05:17:41+00:00\",\"mainEntityOfPage\":{\"@id\":\"https:\/\/noti-america.com\/site\/repdom\/2020\/08\/22\/gobierno-dispone-medidas-preventivas-ante-paso-tormenta-laura-22-provincias-en-alerta\/\"},\"wordCount\":309,\"commentCount\":0,\"publisher\":{\"@id\":\"https:\/\/noti-america.com\/site\/repdom\/#organization\"},\"image\":{\"@id\":\"https:\/\/noti-america.com\/site\/repdom\/2020\/08\/22\/gobierno-dispone-medidas-preventivas-ante-paso-tormenta-laura-22-provincias-en-alerta\/#primaryimage\"},\"thumbnailUrl\":\"https:\/\/noti-america.com\/site\/repdom\/wp-content\/uploads\/sites\/6\/2020\/08\/IMG_20200821_234735-12.jpg\",\"articleSection\":[\"Uncategorized\"],\"inLanguage\":\"es\",\"potentialAction\":[{\"@type\":\"CommentAction\",\"name\":\"Comment\",\"target\":[\"https:\/\/noti-america.com\/site\/repdom\/2020\/08\/22\/gobierno-dispone-medidas-preventivas-ante-paso-tormenta-laura-22-provincias-en-alerta\/#respond\"]}]},{\"@type\":\"WebPage\",\"@id\":\"https:\/\/noti-america.com\/site\/repdom\/2020\/08\/22\/gobierno-dispone-medidas-preventivas-ante-paso-tormenta-laura-22-provincias-en-alerta\/\",\"url\":\"https:\/\/noti-america.com\/site\/repdom\/2020\/08\/22\/gobierno-dispone-medidas-preventivas-ante-paso-tormenta-laura-22-provincias-en-alerta\/\",\"name\":\"Gobierno dispone medidas preventivas ante paso tormenta Laura; 22 provincias en alerta - Rep. Dominicana | Noti-America.com\",\"isPartOf\":{\"@id\":\"https:\/\/noti-america.com\/site\/repdom\/#website\"},\"primaryImageOfPage\":{\"@id\":\"https:\/\/noti-america.com\/site\/repdom\/2020\/08\/22\/gobierno-dispone-medidas-preventivas-ante-paso-tormenta-laura-22-provincias-en-alerta\/#primaryimage\"},\"image\":{\"@id\":\"https:\/\/noti-america.com\/site\/repdom\/2020\/08\/22\/gobierno-dispone-medidas-preventivas-ante-paso-tormenta-laura-22-provincias-en-alerta\/#primaryimage\"},\"thumbnailUrl\":\"https:\/\/noti-america.com\/site\/repdom\/wp-content\/uploads\/sites\/6\/2020\/08\/IMG_20200821_234735-12.jpg\",\"datePublished\":\"2020-08-22T04:50:22+00:00\",\"dateModified\":\"2020-08-22T05:17:41+00:00\",\"breadcrumb\":{\"@id\":\"https:\/\/noti-america.com\/site\/repdom\/2020\/08\/22\/gobierno-dispone-medidas-preventivas-ante-paso-tormenta-laura-22-provincias-en-alerta\/#breadcrumb\"},\"inLanguage\":\"es\",\"potentialAction\":[{\"@type\":\"ReadAction\",\"target\":[\"https:\/\/noti-america.com\/site\/repdom\/2020\/08\/22\/gobierno-dispone-medidas-preventivas-ante-paso-tormenta-laura-22-provincias-en-alerta\/\"]}]},{\"@type\":\"ImageObject\",\"inLanguage\":\"es\",\"@id\":\"https:\/\/noti-america.com\/site\/repdom\/2020\/08\/22\/gobierno-dispone-medidas-preventivas-ante-paso-tormenta-laura-22-provincias-en-alerta\/#primaryimage\",\"url\":\"https:\/\/noti-america.com\/site\/repdom\/wp-content\/uploads\/sites\/6\/2020\/08\/IMG_20200821_234735-12.jpg\",\"contentUrl\":\"https:\/\/noti-america.com\/site\/repdom\/wp-content\/uploads\/sites\/6\/2020\/08\/IMG_20200821_234735-12.jpg\",\"width\":540,\"height\":669},{\"@type\":\"BreadcrumbList\",\"@id\":\"https:\/\/noti-america.com\/site\/repdom\/2020\/08\/22\/gobierno-dispone-medidas-preventivas-ante-paso-tormenta-laura-22-provincias-en-alerta\/#breadcrumb\",\"itemListElement\":[{\"@type\":\"ListItem\",\"position\":1,\"name\":\"Portada\",\"item\":\"https:\/\/noti-america.com\/site\/repdom\/\"},{\"@type\":\"ListItem\",\"position\":2,\"name\":\"Gobierno dispone medidas preventivas ante paso tormenta Laura; 22 provincias en alerta\"}]},{\"@type\":\"WebSite\",\"@id\":\"https:\/\/noti-america.com\/site\/repdom\/#website\",\"url\":\"https:\/\/noti-america.com\/site\/repdom\/\",\"name\":\"Rep. Dominicana | Noti-America.com\",\"description\":\"\",\"publisher\":{\"@id\":\"https:\/\/noti-america.com\/site\/repdom\/#organization\"},\"potentialAction\":[{\"@type\":\"SearchAction\",\"target\":{\"@type\":\"EntryPoint\",\"urlTemplate\":\"https:\/\/noti-america.com\/site\/repdom\/?s={search_term_string}\"},\"query-input\":{\"@type\":\"PropertyValueSpecification\",\"valueRequired\":true,\"valueName\":\"search_term_string\"}}],\"inLanguage\":\"es\"},{\"@type\":\"Organization\",\"@id\":\"https:\/\/noti-america.com\/site\/repdom\/#organization\",\"name\":\"Noti-America LLC | Rep\u00fablica Dominicana\",\"url\":\"https:\/\/noti-america.com\/site\/repdom\/\",\"logo\":{\"@type\":\"ImageObject\",\"inLanguage\":\"es\",\"@id\":\"https:\/\/noti-america.com\/site\/repdom\/#\/schema\/logo\/image\/\",\"url\":\"https:\/\/noti-america.com\/site\/repdom\/wp-content\/uploads\/sites\/6\/2020\/07\/LogoNA-4x3-1.jpg\",\"contentUrl\":\"https:\/\/noti-america.com\/site\/repdom\/wp-content\/uploads\/sites\/6\/2020\/07\/LogoNA-4x3-1.jpg\",\"width\":1236,\"height\":1080,\"caption\":\"Noti-America LLC | Rep\u00fablica Dominicana\"},\"image\":{\"@id\":\"https:\/\/noti-america.com\/site\/repdom\/#\/schema\/logo\/image\/\"}},{\"@type\":\"Person\",\"@id\":\"https:\/\/noti-america.com\/site\/repdom\/#\/schema\/person\/01b6a5fcca2b30bc220da2842f0b6060\",\"name\":\"Ann\u00e9 Cruz\",\"image\":{\"@type\":\"ImageObject\",\"inLanguage\":\"es\",\"@id\":\"https:\/\/secure.gravatar.com\/avatar\/f5aaeb3fd16b65f7d601dd99d7f1dcaaf7065ea361b219976bcf5d43d0980e1b?s=96&d=mm&r=g\",\"url\":\"https:\/\/secure.gravatar.com\/avatar\/f5aaeb3fd16b65f7d601dd99d7f1dcaaf7065ea361b219976bcf5d43d0980e1b?s=96&d=mm&r=g\",\"contentUrl\":\"https:\/\/secure.gravatar.com\/avatar\/f5aaeb3fd16b65f7d601dd99d7f1dcaaf7065ea361b219976bcf5d43d0980e1b?s=96&d=mm&r=g\",\"caption\":\"Ann\u00e9 Cruz\"},\"description\":\"Emprendedora, publirrelacionista y periodista especializada en Comunicaci\u00f3n Pol\u00edtica e Institucional.\",\"url\":\"https:\/\/noti-america.com\/site\/repdom\/author\/adelacruz\/\"}]}<\/script>\n<!-- \/ Yoast SEO Premium plugin. -->","yoast_head_json":{"title":"Gobierno dispone medidas preventivas ante paso tormenta Laura; 22 provincias en alerta - Rep. Dominicana | Noti-America.com","robots":{"index":"index","follow":"follow","max-snippet":"max-snippet:-1","max-image-preview":"max-image-preview:large","max-video-preview":"max-video-preview:-1"},"canonical":"https:\/\/noti-america.com\/site\/repdom\/2020\/08\/22\/gobierno-dispone-medidas-preventivas-ante-paso-tormenta-laura-22-provincias-en-alerta\/","og_locale":"es_ES","og_type":"article","og_title":"Gobierno dispone medidas preventivas ante paso tormenta Laura; 22 provincias en alerta","og_description":"El presidente Luis Abinader dispuso evacuaciones preventivas obligatorias en aquellas zonas vulnerables que pudieran ser afectadas por las inundaciones generadas por las lluvias ante el fen\u00f3meno. En un encuentro encabezado\u00a0 por el mandatario con&#46;&#46;&#46;","og_url":"https:\/\/noti-america.com\/site\/repdom\/2020\/08\/22\/gobierno-dispone-medidas-preventivas-ante-paso-tormenta-laura-22-provincias-en-alerta\/","og_site_name":"Rep. Dominicana | Noti-America.com","article_published_time":"2020-08-22T04:50:22+00:00","article_modified_time":"2020-08-22T05:17:41+00:00","og_image":[{"width":540,"height":669,"url":"https:\/\/noti-america.com\/site\/repdom\/wp-content\/uploads\/sites\/6\/2020\/08\/IMG_20200821_234735-12.jpg","type":"image\/jpeg"}],"author":"Ann\u00e9 Cruz","twitter_card":"summary_large_image","twitter_misc":{"Escrito por":"Ann\u00e9 Cruz","Tiempo estimado de lectura":"1 minuto"},"schema":{"@context":"https:\/\/schema.org","@graph":[{"@type":"Article","@id":"https:\/\/noti-america.com\/site\/repdom\/2020\/08\/22\/gobierno-dispone-medidas-preventivas-ante-paso-tormenta-laura-22-provincias-en-alerta\/#article","isPartOf":{"@id":"https:\/\/noti-america.com\/site\/repdom\/2020\/08\/22\/gobierno-dispone-medidas-preventivas-ante-paso-tormenta-laura-22-provincias-en-alerta\/"},"author":{"name":"Ann\u00e9 Cruz","@id":"https:\/\/noti-america.com\/site\/repdom\/#\/schema\/person\/01b6a5fcca2b30bc220da2842f0b6060"},"headline":"Gobierno dispone medidas preventivas ante paso tormenta Laura; 22 provincias en alerta","datePublished":"2020-08-22T04:50:22+00:00","dateModified":"2020-08-22T05:17:41+00:00","mainEntityOfPage":{"@id":"https:\/\/noti-america.com\/site\/repdom\/2020\/08\/22\/gobierno-dispone-medidas-preventivas-ante-paso-tormenta-laura-22-provincias-en-alerta\/"},"wordCount":309,"commentCount":0,"publisher":{"@id":"https:\/\/noti-america.com\/site\/repdom\/#organization"},"image":{"@id":"https:\/\/noti-america.com\/site\/repdom\/2020\/08\/22\/gobierno-dispone-medidas-preventivas-ante-paso-tormenta-laura-22-provincias-en-alerta\/#primaryimage"},"thumbnailUrl":"https:\/\/noti-america.com\/site\/repdom\/wp-content\/uploads\/sites\/6\/2020\/08\/IMG_20200821_234735-12.jpg","articleSection":["Uncategorized"],"inLanguage":"es","potentialAction":[{"@type":"CommentAction","name":"Comment","target":["https:\/\/noti-america.com\/site\/repdom\/2020\/08\/22\/gobierno-dispone-medidas-preventivas-ante-paso-tormenta-laura-22-provincias-en-alerta\/#respond"]}]},{"@type":"WebPage","@id":"https:\/\/noti-america.com\/site\/repdom\/2020\/08\/22\/gobierno-dispone-medidas-preventivas-ante-paso-tormenta-laura-22-provincias-en-alerta\/","url":"https:\/\/noti-america.com\/site\/repdom\/2020\/08\/22\/gobierno-dispone-medidas-preventivas-ante-paso-tormenta-laura-22-provincias-en-alerta\/","name":"Gobierno dispone medidas preventivas ante paso tormenta Laura; 22 provincias en alerta - Rep. Dominicana | Noti-America.com","isPartOf":{"@id":"https:\/\/noti-america.com\/site\/repdom\/#website"},"primaryImageOfPage":{"@id":"https:\/\/noti-america.com\/site\/repdom\/2020\/08\/22\/gobierno-dispone-medidas-preventivas-ante-paso-tormenta-laura-22-provincias-en-alerta\/#primaryimage"},"image":{"@id":"https:\/\/noti-america.com\/site\/repdom\/2020\/08\/22\/gobierno-dispone-medidas-preventivas-ante-paso-tormenta-laura-22-provincias-en-alerta\/#primaryimage"},"thumbnailUrl":"https:\/\/noti-america.com\/site\/repdom\/wp-content\/uploads\/sites\/6\/2020\/08\/IMG_20200821_234735-12.jpg","datePublished":"2020-08-22T04:50:22+00:00","dateModified":"2020-08-22T05:17:41+00:00","breadcrumb":{"@id":"https:\/\/noti-america.com\/site\/repdom\/2020\/08\/22\/gobierno-dispone-medidas-preventivas-ante-paso-tormenta-laura-22-provincias-en-alerta\/#breadcrumb"},"inLanguage":"es","potentialAction":[{"@type":"ReadAction","target":["https:\/\/noti-america.com\/site\/repdom\/2020\/08\/22\/gobierno-dispone-medidas-preventivas-ante-paso-tormenta-laura-22-provincias-en-alerta\/"]}]},{"@type":"ImageObject","inLanguage":"es","@id":"https:\/\/noti-america.com\/site\/repdom\/2020\/08\/22\/gobierno-dispone-medidas-preventivas-ante-paso-tormenta-laura-22-provincias-en-alerta\/#primaryimage","url":"https:\/\/noti-america.com\/site\/repdom\/wp-content\/uploads\/sites\/6\/2020\/08\/IMG_20200821_234735-12.jpg","contentUrl":"https:\/\/noti-america.com\/site\/repdom\/wp-content\/uploads\/sites\/6\/2020\/08\/IMG_20200821_234735-12.jpg","width":540,"height":669},{"@type":"BreadcrumbList","@id":"https:\/\/noti-america.com\/site\/repdom\/2020\/08\/22\/gobierno-dispone-medidas-preventivas-ante-paso-tormenta-laura-22-provincias-en-alerta\/#breadcrumb","itemListElement":[{"@type":"ListItem","position":1,"name":"Portada","item":"https:\/\/noti-america.com\/site\/repdom\/"},{"@type":"ListItem","position":2,"name":"Gobierno dispone medidas preventivas ante paso tormenta Laura; 22 provincias en alerta"}]},{"@type":"WebSite","@id":"https:\/\/noti-america.com\/site\/repdom\/#website","url":"https:\/\/noti-america.com\/site\/repdom\/","name":"Rep. Dominicana | Noti-America.com","description":"","publisher":{"@id":"https:\/\/noti-america.com\/site\/repdom\/#organization"},"potentialAction":[{"@type":"SearchAction","target":{"@type":"EntryPoint","urlTemplate":"https:\/\/noti-america.com\/site\/repdom\/?s={search_term_string}"},"query-input":{"@type":"PropertyValueSpecification","valueRequired":true,"valueName":"search_term_string"}}],"inLanguage":"es"},{"@type":"Organization","@id":"https:\/\/noti-america.com\/site\/repdom\/#organization","name":"Noti-America LLC | Rep\u00fablica Dominicana","url":"https:\/\/noti-america.com\/site\/repdom\/","logo":{"@type":"ImageObject","inLanguage":"es","@id":"https:\/\/noti-america.com\/site\/repdom\/#\/schema\/logo\/image\/","url":"https:\/\/noti-america.com\/site\/repdom\/wp-content\/uploads\/sites\/6\/2020\/07\/LogoNA-4x3-1.jpg","contentUrl":"https:\/\/noti-america.com\/site\/repdom\/wp-content\/uploads\/sites\/6\/2020\/07\/LogoNA-4x3-1.jpg","width":1236,"height":1080,"caption":"Noti-America LLC | Rep\u00fablica Dominicana"},"image":{"@id":"https:\/\/noti-america.com\/site\/repdom\/#\/schema\/logo\/image\/"}},{"@type":"Person","@id":"https:\/\/noti-america.com\/site\/repdom\/#\/schema\/person\/01b6a5fcca2b30bc220da2842f0b6060","name":"Ann\u00e9 Cruz","image":{"@type":"ImageObject","inLanguage":"es","@id":"https:\/\/secure.gravatar.com\/avatar\/f5aaeb3fd16b65f7d601dd99d7f1dcaaf7065ea361b219976bcf5d43d0980e1b?s=96&d=mm&r=g","url":"https:\/\/secure.gravatar.com\/avatar\/f5aaeb3fd16b65f7d601dd99d7f1dcaaf7065ea361b219976bcf5d43d0980e1b?s=96&d=mm&r=g","contentUrl":"https:\/\/secure.gravatar.com\/avatar\/f5aaeb3fd16b65f7d601dd99d7f1dcaaf7065ea361b219976bcf5d43d0980e1b?s=96&d=mm&r=g","caption":"Ann\u00e9 Cruz"},"description":"Emprendedora, publirrelacionista y periodista especializada en Comunicaci\u00f3n Pol\u00edtica e Institucional.","url":"https:\/\/noti-america.com\/site\/repdom\/author\/adelacruz\/"}]}},"_links":{"self":[{"href":"https:\/\/noti-america.com\/site\/repdom\/wp-json\/wp\/v2\/posts\/3201","targetHints":{"allow":["GET"]}}],"collection":[{"href":"https:\/\/noti-america.com\/site\/repdom\/wp-json\/wp\/v2\/posts"}],"about":[{"href":"https:\/\/noti-america.com\/site\/repdom\/wp-json\/wp\/v2\/types\/post"}],"author":[{"embeddable":true,"href":"https:\/\/noti-america.com\/site\/repdom\/wp-json\/wp\/v2\/users\/99"}],"replies":[{"embeddable":true,"href":"https:\/\/noti-america.com\/site\/repdom\/wp-json\/wp\/v2\/comments?post=3201"}],"version-history":[{"count":1,"href":"https:\/\/noti-america.com\/site\/repdom\/wp-json\/wp\/v2\/posts\/3201\/revisions"}],"predecessor-version":[{"id":3202,"href":"https:\/\/noti-america.com\/site\/repdom\/wp-json\/wp\/v2\/posts\/3201\/revisions\/3202"}],"wp:featuredmedia":[{"embeddable":true,"href":"https:\/\/noti-america.com\/site\/repdom\/wp-json\/wp\/v2\/media\/3209"}],"wp:attachment":[{"href":"https:\/\/noti-america.com\/site\/repdom\/wp-json\/wp\/v2\/media?parent=3201"}],"wp:term":[{"taxonomy":"category","embeddable":true,"href":"https:\/\/noti-america.com\/site\/repdom\/wp-json\/wp\/v2\/categories?post=3201"},{"taxonomy":"post_tag","embeddable":true,"href":"https:\/\/noti-america.com\/site\/repdom\/wp-json\/wp\/v2\/tags?post=3201"}],"curies":[{"name":"wp","href":"https:\/\/api.w.org\/{rel}","templated":true}]}}