{"id":31997,"date":"2025-03-09T20:19:53","date_gmt":"2025-03-09T20:19:53","guid":{"rendered":"https:\/\/noti-america.com\/site\/repdom\/2025\/03\/09\/buenas-tardes-necesito-de-su-colaboracion-para-la-publicacion-2\/"},"modified":"2025-03-09T20:19:53","modified_gmt":"2025-03-09T20:19:53","slug":"buenas-tardes-necesito-de-su-colaboracion-para-la-publicacion-2","status":"publish","type":"post","link":"https:\/\/noti-america.com\/site\/repdom\/2025\/03\/09\/buenas-tardes-necesito-de-su-colaboracion-para-la-publicacion-2\/","title":{"rendered":"Buenas tardes, necesito de su colaboraci\u00f3n para la publicaci\u00f3n."},"content":{"rendered":"<p><img loading=\"lazy\" decoding=\"async\" class=\"alignnone size-medium wp-image-31995\" src=\"https:\/\/noti-america.com\/site\/repdom\/wp-content\/uploads\/sites\/6\/2025\/03\/110ae8ec-cc1b-47e3-a1ea-b63e99f81adc-300x225.jpeg\" alt=\"\" width=\"300\" height=\"225\" srcset=\"https:\/\/noti-america.com\/site\/repdom\/wp-content\/uploads\/sites\/6\/2025\/03\/110ae8ec-cc1b-47e3-a1ea-b63e99f81adc-300x225.jpeg 300w, https:\/\/noti-america.com\/site\/repdom\/wp-content\/uploads\/sites\/6\/2025\/03\/110ae8ec-cc1b-47e3-a1ea-b63e99f81adc-1024x768.jpeg 1024w, https:\/\/noti-america.com\/site\/repdom\/wp-content\/uploads\/sites\/6\/2025\/03\/110ae8ec-cc1b-47e3-a1ea-b63e99f81adc-768x576.jpeg 768w, https:\/\/noti-america.com\/site\/repdom\/wp-content\/uploads\/sites\/6\/2025\/03\/110ae8ec-cc1b-47e3-a1ea-b63e99f81adc-1536x1152.jpeg 1536w, https:\/\/noti-america.com\/site\/repdom\/wp-content\/uploads\/sites\/6\/2025\/03\/110ae8ec-cc1b-47e3-a1ea-b63e99f81adc.jpeg 1600w\" sizes=\"auto, (max-width: 300px) 100vw, 300px\" \/><\/p>\n<p>Por Janet B\u00e1ez<\/p>\n<p>La Organizaci\u00f3n \u201cL\u00edderes Comunitarios por el Bien Social\u201d Celebr\u00f3 el Encuentro \u201cMUJER CUENTA TU HISTORIA\u201d en Conmemoraci\u00f3n del D\u00eda Internacional de la Mujer<\/p>\n<p>Santo Domingo Este. \u2013 La organizaci\u00f3n \u201cL\u00edderes Comunitarios por el Bien Social\u201d se complace en anunciar la exitosa celebraci\u00f3n del Encuentro \u201cMUJER CUENTA TU HISTORIA\u201d, un evento especial en honor al D\u00eda Internacional de la Mujer. Este significativo encuentro tuvo lugar en el sal\u00f3n San Juan de la Parroquia San Vicente de Pa\u00fal, congregando a mujeres de diversas comunidades, incluyendo Vietnam, Juan Pablo II, Barrio Puerto Rico, San Antonio, Katanga y La Barquita Vieja.<\/p>\n<p>Con gran entusiasmo, Joel Blanco, organizador del evento y l\u00edder comunitario, comparti\u00f3 que la motivaci\u00f3n detr\u00e1s de esta actividad fue reconocer a las mujeres que contribuyen significativamente a nuestra comunidad, aunque a menudo son desconocidas fuera de su sector. \u00abEstas hero\u00ednas escondidas merecen ser celebradas y valoradas. A trav\u00e9s de este reconocimiento, buscamos dar visibilidad a nuestras hero\u00ednas an\u00f3nimas y agradecerles por su dedicaci\u00f3n y esfuerzo en construir un entorno mejor para todos\u00bb, expres\u00f3 Blanco.<\/p>\n<p><img loading=\"lazy\" decoding=\"async\" class=\"alignnone size-medium wp-image-31996\" src=\"https:\/\/noti-america.com\/site\/repdom\/wp-content\/uploads\/sites\/6\/2025\/03\/eca18f71-acd5-4caf-8e01-03e92af48d6c-300x225.jpeg\" alt=\"\" width=\"300\" height=\"225\" srcset=\"https:\/\/noti-america.com\/site\/repdom\/wp-content\/uploads\/sites\/6\/2025\/03\/eca18f71-acd5-4caf-8e01-03e92af48d6c-300x225.jpeg 300w, https:\/\/noti-america.com\/site\/repdom\/wp-content\/uploads\/sites\/6\/2025\/03\/eca18f71-acd5-4caf-8e01-03e92af48d6c-1024x768.jpeg 1024w, https:\/\/noti-america.com\/site\/repdom\/wp-content\/uploads\/sites\/6\/2025\/03\/eca18f71-acd5-4caf-8e01-03e92af48d6c-768x576.jpeg 768w, https:\/\/noti-america.com\/site\/repdom\/wp-content\/uploads\/sites\/6\/2025\/03\/eca18f71-acd5-4caf-8e01-03e92af48d6c.jpeg 1156w\" sizes=\"auto, (max-width: 300px) 100vw, 300px\" \/><\/p>\n<p>El encuentro ofreci\u00f3 un espacio enriquecedor para que las mujeres compartieran sus experiencias, relatos y luchas, destacando la importancia de su voz en nuestra sociedad. En un ambiente de empoderamiento y solidaridad, celebramos las historias \u00fanicas que cada mujer aport\u00f3, subrayando su papel fundamental en el desarrollo comunitario.<\/p>\n<p>Durante el evento, se realiz\u00f3 un reconocimiento especial a varias mujeres destacadas por su dedicaci\u00f3n y esfuerzo en pro del bienestar de sus comunidades. Las homenajeadas incluyeron:<\/p>\n<p>Albida Lebr\u00f3n Ogando, Licda. Mar\u00eda Segura S\u00e1nchez, Ana Mercedes Acosta Felicita S\u00e1nchez (Do\u00f1a Blanca), Nelis Antonia Polanco,. Josefa Soto ,Miguelina de la Rosa ,Fredes Vinda Ma\u00f1\u00f3n Mota, Julia Flores, Julia Drullard, Josefina S\u00e1nchez, Mirope Hern\u00e1ndez Hern\u00e1ndez, Dolores Magdalena Toribio,<br \/>\nMarcelina Hern\u00e1ndez Luna y Se\u00f1ora Rosal\u00eda Amparo Bello (Do\u00f1a Thelma) Reconocimiento p\u00f3stumo por sus grandes aportes a la sociedad y esta comunidad.<\/p>\n<p>Este evento no solo honr\u00f3 a estas valientes mujeres, sino que tambi\u00e9n inspir\u00f3 a futuras generaciones al crear un legado de fuerza y resiliencia. Al contar nuestras historias, contribuimos a un cambio positivo y promovemos una cultura de respeto e igualdad.<\/p>\n<p>Agradecemos sinceramente a todos los asistentes por su valiosa presencia y apoyo en este significativo evento.<\/p>\n<p>La destacada activista y conferencista Josefina S\u00e1nchez ofreci\u00f3 una inspiradora charla sobre \u00abEl Rol de la Mujer en la Sociedad Dominicana\u00bb. Durante su intervenci\u00f3n, destac\u00f3 la importancia de reconocer y valorar las contribuciones de las mujeres en todos los \u00e1mbitos: social, econ\u00f3mico y pol\u00edtico. Resalt\u00f3 que, a pesar de los avances logrados en las \u00faltimas d\u00e9cadas, a\u00fan persisten obst\u00e1culos significativos que limitan el pleno desarrollo y la participaci\u00f3n activa de las mujeres en nuestra sociedad.<\/p>\n<p>\u00abEs fundamental empoderar a las mujeres y garantizar que sus voces sean escuchadas. Juntas podemos construir un futuro mejor\u00bb, concluy\u00f3 Josefina S\u00e1nchez al finalizar su presentaci\u00f3n.<\/p>\n<p>&nbsp;<\/p>\n<p>.<\/p>\n","protected":false},"excerpt":{"rendered":"<p>Por Janet B\u00e1ez La Organizaci\u00f3n \u201cL\u00edderes Comunitarios por el Bien Social\u201d Celebr\u00f3 el Encuentro \u201cMUJER CUENTA TU HISTORIA\u201d en Conmemoraci\u00f3n del D\u00eda Internacional de la Mujer Santo Domingo Este. \u2013 La organizaci\u00f3n \u201cL\u00edderes Comunitarios&#46;&#46;&#46;<\/p>\n","protected":false},"author":96,"featured_media":0,"comment_status":"open","ping_status":"open","sticky":false,"template":"","format":"standard","meta":{"_acf_changed":false,"rop_custom_images_group":[],"rop_custom_messages_group":[],"rop_publish_now":"initial","rop_publish_now_accounts":[],"rop_publish_now_history":[],"rop_publish_now_status":"pending","footnotes":""},"categories":[366],"tags":[],"class_list":["post-31997","post","type-post","status-publish","format-standard","hentry","category-sociales"],"acf":[],"yoast_head":"<!-- This site is optimized with the Yoast SEO Premium plugin v24.9 (Yoast SEO v27.2) - https:\/\/yoast.com\/product\/yoast-seo-premium-wordpress\/ -->\n<title>Buenas tardes, necesito de su colaboraci\u00f3n para la publicaci\u00f3n. - Rep. Dominicana | Noti-America.com<\/title>\n<meta name=\"robots\" content=\"index, follow, max-snippet:-1, max-image-preview:large, max-video-preview:-1\" \/>\n<link rel=\"canonical\" href=\"https:\/\/noti-america.com\/site\/repdom\/2025\/03\/09\/buenas-tardes-necesito-de-su-colaboracion-para-la-publicacion-2\/\" \/>\n<meta property=\"og:locale\" content=\"es_ES\" \/>\n<meta property=\"og:type\" content=\"article\" \/>\n<meta property=\"og:title\" content=\"Buenas tardes, necesito de su colaboraci\u00f3n para la publicaci\u00f3n.\" \/>\n<meta property=\"og:description\" content=\"Por Janet B\u00e1ez La Organizaci\u00f3n \u201cL\u00edderes Comunitarios por el Bien Social\u201d Celebr\u00f3 el Encuentro \u201cMUJER CUENTA TU HISTORIA\u201d en Conmemoraci\u00f3n del D\u00eda Internacional de la Mujer Santo Domingo Este. \u2013 La organizaci\u00f3n \u201cL\u00edderes Comunitarios&#046;&#046;&#046;\" \/>\n<meta property=\"og:url\" content=\"https:\/\/noti-america.com\/site\/repdom\/2025\/03\/09\/buenas-tardes-necesito-de-su-colaboracion-para-la-publicacion-2\/\" \/>\n<meta property=\"og:site_name\" content=\"Rep. Dominicana | Noti-America.com\" \/>\n<meta property=\"article:author\" content=\"https:\/\/www.facebook.com\/share\/1HVE1qCqVk\/?mibextid=wwXIfr\" \/>\n<meta property=\"article:published_time\" content=\"2025-03-09T20:19:53+00:00\" \/>\n<meta property=\"og:image\" content=\"https:\/\/noti-america.com\/site\/repdom\/wp-content\/uploads\/sites\/6\/2025\/03\/110ae8ec-cc1b-47e3-a1ea-b63e99f81adc.jpeg\" \/>\n\t<meta property=\"og:image:width\" content=\"1600\" \/>\n\t<meta property=\"og:image:height\" content=\"1200\" \/>\n\t<meta property=\"og:image:type\" content=\"image\/jpeg\" \/>\n<meta name=\"author\" content=\"Miguel Ramirez\" \/>\n<meta name=\"twitter:card\" content=\"summary_large_image\" \/>\n<meta name=\"twitter:label1\" content=\"Escrito por\" \/>\n\t<meta name=\"twitter:data1\" content=\"Miguel Ramirez\" \/>\n\t<meta name=\"twitter:label2\" content=\"Tiempo estimado de lectura\" \/>\n\t<meta name=\"twitter:data2\" content=\"3 minutos\" \/>\n<script type=\"application\/ld+json\" class=\"yoast-schema-graph\">{\"@context\":\"https:\/\/schema.org\",\"@graph\":[{\"@type\":\"Article\",\"@id\":\"https:\/\/noti-america.com\/site\/repdom\/2025\/03\/09\/buenas-tardes-necesito-de-su-colaboracion-para-la-publicacion-2\/#article\",\"isPartOf\":{\"@id\":\"https:\/\/noti-america.com\/site\/repdom\/2025\/03\/09\/buenas-tardes-necesito-de-su-colaboracion-para-la-publicacion-2\/\"},\"author\":{\"name\":\"Miguel Ramirez\",\"@id\":\"https:\/\/noti-america.com\/site\/repdom\/#\/schema\/person\/8027db7d71a0328e6e4474fa188c6fb3\"},\"headline\":\"Buenas tardes, necesito de su colaboraci\u00f3n para la publicaci\u00f3n.\",\"datePublished\":\"2025-03-09T20:19:53+00:00\",\"mainEntityOfPage\":{\"@id\":\"https:\/\/noti-america.com\/site\/repdom\/2025\/03\/09\/buenas-tardes-necesito-de-su-colaboracion-para-la-publicacion-2\/\"},\"wordCount\":525,\"commentCount\":0,\"publisher\":{\"@id\":\"https:\/\/noti-america.com\/site\/repdom\/#organization\"},\"image\":{\"@id\":\"https:\/\/noti-america.com\/site\/repdom\/2025\/03\/09\/buenas-tardes-necesito-de-su-colaboracion-para-la-publicacion-2\/#primaryimage\"},\"thumbnailUrl\":\"https:\/\/noti-america.com\/site\/repdom\/wp-content\/uploads\/sites\/6\/2025\/03\/110ae8ec-cc1b-47e3-a1ea-b63e99f81adc-300x225.jpeg\",\"articleSection\":[\"Sociales\"],\"inLanguage\":\"es\",\"potentialAction\":[{\"@type\":\"CommentAction\",\"name\":\"Comment\",\"target\":[\"https:\/\/noti-america.com\/site\/repdom\/2025\/03\/09\/buenas-tardes-necesito-de-su-colaboracion-para-la-publicacion-2\/#respond\"]}]},{\"@type\":\"WebPage\",\"@id\":\"https:\/\/noti-america.com\/site\/repdom\/2025\/03\/09\/buenas-tardes-necesito-de-su-colaboracion-para-la-publicacion-2\/\",\"url\":\"https:\/\/noti-america.com\/site\/repdom\/2025\/03\/09\/buenas-tardes-necesito-de-su-colaboracion-para-la-publicacion-2\/\",\"name\":\"Buenas tardes, necesito de su colaboraci\u00f3n para la publicaci\u00f3n. - Rep. Dominicana | Noti-America.com\",\"isPartOf\":{\"@id\":\"https:\/\/noti-america.com\/site\/repdom\/#website\"},\"primaryImageOfPage\":{\"@id\":\"https:\/\/noti-america.com\/site\/repdom\/2025\/03\/09\/buenas-tardes-necesito-de-su-colaboracion-para-la-publicacion-2\/#primaryimage\"},\"image\":{\"@id\":\"https:\/\/noti-america.com\/site\/repdom\/2025\/03\/09\/buenas-tardes-necesito-de-su-colaboracion-para-la-publicacion-2\/#primaryimage\"},\"thumbnailUrl\":\"https:\/\/noti-america.com\/site\/repdom\/wp-content\/uploads\/sites\/6\/2025\/03\/110ae8ec-cc1b-47e3-a1ea-b63e99f81adc-300x225.jpeg\",\"datePublished\":\"2025-03-09T20:19:53+00:00\",\"breadcrumb\":{\"@id\":\"https:\/\/noti-america.com\/site\/repdom\/2025\/03\/09\/buenas-tardes-necesito-de-su-colaboracion-para-la-publicacion-2\/#breadcrumb\"},\"inLanguage\":\"es\",\"potentialAction\":[{\"@type\":\"ReadAction\",\"target\":[\"https:\/\/noti-america.com\/site\/repdom\/2025\/03\/09\/buenas-tardes-necesito-de-su-colaboracion-para-la-publicacion-2\/\"]}]},{\"@type\":\"ImageObject\",\"inLanguage\":\"es\",\"@id\":\"https:\/\/noti-america.com\/site\/repdom\/2025\/03\/09\/buenas-tardes-necesito-de-su-colaboracion-para-la-publicacion-2\/#primaryimage\",\"url\":\"https:\/\/noti-america.com\/site\/repdom\/wp-content\/uploads\/sites\/6\/2025\/03\/110ae8ec-cc1b-47e3-a1ea-b63e99f81adc.jpeg\",\"contentUrl\":\"https:\/\/noti-america.com\/site\/repdom\/wp-content\/uploads\/sites\/6\/2025\/03\/110ae8ec-cc1b-47e3-a1ea-b63e99f81adc.jpeg\",\"width\":1600,\"height\":1200},{\"@type\":\"BreadcrumbList\",\"@id\":\"https:\/\/noti-america.com\/site\/repdom\/2025\/03\/09\/buenas-tardes-necesito-de-su-colaboracion-para-la-publicacion-2\/#breadcrumb\",\"itemListElement\":[{\"@type\":\"ListItem\",\"position\":1,\"name\":\"Portada\",\"item\":\"https:\/\/noti-america.com\/site\/repdom\/\"},{\"@type\":\"ListItem\",\"position\":2,\"name\":\"Buenas tardes, necesito de su colaboraci\u00f3n para la publicaci\u00f3n.\"}]},{\"@type\":\"WebSite\",\"@id\":\"https:\/\/noti-america.com\/site\/repdom\/#website\",\"url\":\"https:\/\/noti-america.com\/site\/repdom\/\",\"name\":\"Rep. Dominicana | Noti-America.com\",\"description\":\"\",\"publisher\":{\"@id\":\"https:\/\/noti-america.com\/site\/repdom\/#organization\"},\"potentialAction\":[{\"@type\":\"SearchAction\",\"target\":{\"@type\":\"EntryPoint\",\"urlTemplate\":\"https:\/\/noti-america.com\/site\/repdom\/?s={search_term_string}\"},\"query-input\":{\"@type\":\"PropertyValueSpecification\",\"valueRequired\":true,\"valueName\":\"search_term_string\"}}],\"inLanguage\":\"es\"},{\"@type\":\"Organization\",\"@id\":\"https:\/\/noti-america.com\/site\/repdom\/#organization\",\"name\":\"Noti-America LLC | Rep\u00fablica Dominicana\",\"url\":\"https:\/\/noti-america.com\/site\/repdom\/\",\"logo\":{\"@type\":\"ImageObject\",\"inLanguage\":\"es\",\"@id\":\"https:\/\/noti-america.com\/site\/repdom\/#\/schema\/logo\/image\/\",\"url\":\"https:\/\/noti-america.com\/site\/repdom\/wp-content\/uploads\/sites\/6\/2020\/07\/LogoNA-4x3-1.jpg\",\"contentUrl\":\"https:\/\/noti-america.com\/site\/repdom\/wp-content\/uploads\/sites\/6\/2020\/07\/LogoNA-4x3-1.jpg\",\"width\":1236,\"height\":1080,\"caption\":\"Noti-America LLC | Rep\u00fablica Dominicana\"},\"image\":{\"@id\":\"https:\/\/noti-america.com\/site\/repdom\/#\/schema\/logo\/image\/\"}},{\"@type\":\"Person\",\"@id\":\"https:\/\/noti-america.com\/site\/repdom\/#\/schema\/person\/8027db7d71a0328e6e4474fa188c6fb3\",\"name\":\"Miguel Ramirez\",\"image\":{\"@type\":\"ImageObject\",\"inLanguage\":\"es\",\"@id\":\"https:\/\/secure.gravatar.com\/avatar\/41a78fb2cdab3e2dc5831d3591f1dab499ed0c22acc464195b09f37c2b3ac2cf?s=96&d=mm&r=g\",\"url\":\"https:\/\/secure.gravatar.com\/avatar\/41a78fb2cdab3e2dc5831d3591f1dab499ed0c22acc464195b09f37c2b3ac2cf?s=96&d=mm&r=g\",\"contentUrl\":\"https:\/\/secure.gravatar.com\/avatar\/41a78fb2cdab3e2dc5831d3591f1dab499ed0c22acc464195b09f37c2b3ac2cf?s=96&d=mm&r=g\",\"caption\":\"Miguel Ramirez\"},\"description\":\"Locutor y periodista digital y coach comunicaci\u00f3n\",\"sameAs\":[\"https:\/\/www.facebook.com\/share\/1HVE1qCqVk\/?mibextid=wwXIfr\"],\"url\":\"https:\/\/noti-america.com\/site\/repdom\/author\/mramirez\/\"}]}<\/script>\n<!-- \/ Yoast SEO Premium plugin. -->","yoast_head_json":{"title":"Buenas tardes, necesito de su colaboraci\u00f3n para la publicaci\u00f3n. - Rep. Dominicana | Noti-America.com","robots":{"index":"index","follow":"follow","max-snippet":"max-snippet:-1","max-image-preview":"max-image-preview:large","max-video-preview":"max-video-preview:-1"},"canonical":"https:\/\/noti-america.com\/site\/repdom\/2025\/03\/09\/buenas-tardes-necesito-de-su-colaboracion-para-la-publicacion-2\/","og_locale":"es_ES","og_type":"article","og_title":"Buenas tardes, necesito de su colaboraci\u00f3n para la publicaci\u00f3n.","og_description":"Por Janet B\u00e1ez La Organizaci\u00f3n \u201cL\u00edderes Comunitarios por el Bien Social\u201d Celebr\u00f3 el Encuentro \u201cMUJER CUENTA TU HISTORIA\u201d en Conmemoraci\u00f3n del D\u00eda Internacional de la Mujer Santo Domingo Este. \u2013 La organizaci\u00f3n \u201cL\u00edderes Comunitarios&#46;&#46;&#46;","og_url":"https:\/\/noti-america.com\/site\/repdom\/2025\/03\/09\/buenas-tardes-necesito-de-su-colaboracion-para-la-publicacion-2\/","og_site_name":"Rep. Dominicana | Noti-America.com","article_author":"https:\/\/www.facebook.com\/share\/1HVE1qCqVk\/?mibextid=wwXIfr","article_published_time":"2025-03-09T20:19:53+00:00","og_image":[{"width":1600,"height":1200,"url":"https:\/\/noti-america.com\/site\/repdom\/wp-content\/uploads\/sites\/6\/2025\/03\/110ae8ec-cc1b-47e3-a1ea-b63e99f81adc.jpeg","type":"image\/jpeg"}],"author":"Miguel Ramirez","twitter_card":"summary_large_image","twitter_misc":{"Escrito por":"Miguel Ramirez","Tiempo estimado de lectura":"3 minutos"},"schema":{"@context":"https:\/\/schema.org","@graph":[{"@type":"Article","@id":"https:\/\/noti-america.com\/site\/repdom\/2025\/03\/09\/buenas-tardes-necesito-de-su-colaboracion-para-la-publicacion-2\/#article","isPartOf":{"@id":"https:\/\/noti-america.com\/site\/repdom\/2025\/03\/09\/buenas-tardes-necesito-de-su-colaboracion-para-la-publicacion-2\/"},"author":{"name":"Miguel Ramirez","@id":"https:\/\/noti-america.com\/site\/repdom\/#\/schema\/person\/8027db7d71a0328e6e4474fa188c6fb3"},"headline":"Buenas tardes, necesito de su colaboraci\u00f3n para la publicaci\u00f3n.","datePublished":"2025-03-09T20:19:53+00:00","mainEntityOfPage":{"@id":"https:\/\/noti-america.com\/site\/repdom\/2025\/03\/09\/buenas-tardes-necesito-de-su-colaboracion-para-la-publicacion-2\/"},"wordCount":525,"commentCount":0,"publisher":{"@id":"https:\/\/noti-america.com\/site\/repdom\/#organization"},"image":{"@id":"https:\/\/noti-america.com\/site\/repdom\/2025\/03\/09\/buenas-tardes-necesito-de-su-colaboracion-para-la-publicacion-2\/#primaryimage"},"thumbnailUrl":"https:\/\/noti-america.com\/site\/repdom\/wp-content\/uploads\/sites\/6\/2025\/03\/110ae8ec-cc1b-47e3-a1ea-b63e99f81adc-300x225.jpeg","articleSection":["Sociales"],"inLanguage":"es","potentialAction":[{"@type":"CommentAction","name":"Comment","target":["https:\/\/noti-america.com\/site\/repdom\/2025\/03\/09\/buenas-tardes-necesito-de-su-colaboracion-para-la-publicacion-2\/#respond"]}]},{"@type":"WebPage","@id":"https:\/\/noti-america.com\/site\/repdom\/2025\/03\/09\/buenas-tardes-necesito-de-su-colaboracion-para-la-publicacion-2\/","url":"https:\/\/noti-america.com\/site\/repdom\/2025\/03\/09\/buenas-tardes-necesito-de-su-colaboracion-para-la-publicacion-2\/","name":"Buenas tardes, necesito de su colaboraci\u00f3n para la publicaci\u00f3n. - Rep. Dominicana | Noti-America.com","isPartOf":{"@id":"https:\/\/noti-america.com\/site\/repdom\/#website"},"primaryImageOfPage":{"@id":"https:\/\/noti-america.com\/site\/repdom\/2025\/03\/09\/buenas-tardes-necesito-de-su-colaboracion-para-la-publicacion-2\/#primaryimage"},"image":{"@id":"https:\/\/noti-america.com\/site\/repdom\/2025\/03\/09\/buenas-tardes-necesito-de-su-colaboracion-para-la-publicacion-2\/#primaryimage"},"thumbnailUrl":"https:\/\/noti-america.com\/site\/repdom\/wp-content\/uploads\/sites\/6\/2025\/03\/110ae8ec-cc1b-47e3-a1ea-b63e99f81adc-300x225.jpeg","datePublished":"2025-03-09T20:19:53+00:00","breadcrumb":{"@id":"https:\/\/noti-america.com\/site\/repdom\/2025\/03\/09\/buenas-tardes-necesito-de-su-colaboracion-para-la-publicacion-2\/#breadcrumb"},"inLanguage":"es","potentialAction":[{"@type":"ReadAction","target":["https:\/\/noti-america.com\/site\/repdom\/2025\/03\/09\/buenas-tardes-necesito-de-su-colaboracion-para-la-publicacion-2\/"]}]},{"@type":"ImageObject","inLanguage":"es","@id":"https:\/\/noti-america.com\/site\/repdom\/2025\/03\/09\/buenas-tardes-necesito-de-su-colaboracion-para-la-publicacion-2\/#primaryimage","url":"https:\/\/noti-america.com\/site\/repdom\/wp-content\/uploads\/sites\/6\/2025\/03\/110ae8ec-cc1b-47e3-a1ea-b63e99f81adc.jpeg","contentUrl":"https:\/\/noti-america.com\/site\/repdom\/wp-content\/uploads\/sites\/6\/2025\/03\/110ae8ec-cc1b-47e3-a1ea-b63e99f81adc.jpeg","width":1600,"height":1200},{"@type":"BreadcrumbList","@id":"https:\/\/noti-america.com\/site\/repdom\/2025\/03\/09\/buenas-tardes-necesito-de-su-colaboracion-para-la-publicacion-2\/#breadcrumb","itemListElement":[{"@type":"ListItem","position":1,"name":"Portada","item":"https:\/\/noti-america.com\/site\/repdom\/"},{"@type":"ListItem","position":2,"name":"Buenas tardes, necesito de su colaboraci\u00f3n para la publicaci\u00f3n."}]},{"@type":"WebSite","@id":"https:\/\/noti-america.com\/site\/repdom\/#website","url":"https:\/\/noti-america.com\/site\/repdom\/","name":"Rep. Dominicana | Noti-America.com","description":"","publisher":{"@id":"https:\/\/noti-america.com\/site\/repdom\/#organization"},"potentialAction":[{"@type":"SearchAction","target":{"@type":"EntryPoint","urlTemplate":"https:\/\/noti-america.com\/site\/repdom\/?s={search_term_string}"},"query-input":{"@type":"PropertyValueSpecification","valueRequired":true,"valueName":"search_term_string"}}],"inLanguage":"es"},{"@type":"Organization","@id":"https:\/\/noti-america.com\/site\/repdom\/#organization","name":"Noti-America LLC | Rep\u00fablica Dominicana","url":"https:\/\/noti-america.com\/site\/repdom\/","logo":{"@type":"ImageObject","inLanguage":"es","@id":"https:\/\/noti-america.com\/site\/repdom\/#\/schema\/logo\/image\/","url":"https:\/\/noti-america.com\/site\/repdom\/wp-content\/uploads\/sites\/6\/2020\/07\/LogoNA-4x3-1.jpg","contentUrl":"https:\/\/noti-america.com\/site\/repdom\/wp-content\/uploads\/sites\/6\/2020\/07\/LogoNA-4x3-1.jpg","width":1236,"height":1080,"caption":"Noti-America LLC | Rep\u00fablica Dominicana"},"image":{"@id":"https:\/\/noti-america.com\/site\/repdom\/#\/schema\/logo\/image\/"}},{"@type":"Person","@id":"https:\/\/noti-america.com\/site\/repdom\/#\/schema\/person\/8027db7d71a0328e6e4474fa188c6fb3","name":"Miguel Ramirez","image":{"@type":"ImageObject","inLanguage":"es","@id":"https:\/\/secure.gravatar.com\/avatar\/41a78fb2cdab3e2dc5831d3591f1dab499ed0c22acc464195b09f37c2b3ac2cf?s=96&d=mm&r=g","url":"https:\/\/secure.gravatar.com\/avatar\/41a78fb2cdab3e2dc5831d3591f1dab499ed0c22acc464195b09f37c2b3ac2cf?s=96&d=mm&r=g","contentUrl":"https:\/\/secure.gravatar.com\/avatar\/41a78fb2cdab3e2dc5831d3591f1dab499ed0c22acc464195b09f37c2b3ac2cf?s=96&d=mm&r=g","caption":"Miguel Ramirez"},"description":"Locutor y periodista digital y coach comunicaci\u00f3n","sameAs":["https:\/\/www.facebook.com\/share\/1HVE1qCqVk\/?mibextid=wwXIfr"],"url":"https:\/\/noti-america.com\/site\/repdom\/author\/mramirez\/"}]}},"_links":{"self":[{"href":"https:\/\/noti-america.com\/site\/repdom\/wp-json\/wp\/v2\/posts\/31997","targetHints":{"allow":["GET"]}}],"collection":[{"href":"https:\/\/noti-america.com\/site\/repdom\/wp-json\/wp\/v2\/posts"}],"about":[{"href":"https:\/\/noti-america.com\/site\/repdom\/wp-json\/wp\/v2\/types\/post"}],"author":[{"embeddable":true,"href":"https:\/\/noti-america.com\/site\/repdom\/wp-json\/wp\/v2\/users\/96"}],"replies":[{"embeddable":true,"href":"https:\/\/noti-america.com\/site\/repdom\/wp-json\/wp\/v2\/comments?post=31997"}],"version-history":[{"count":0,"href":"https:\/\/noti-america.com\/site\/repdom\/wp-json\/wp\/v2\/posts\/31997\/revisions"}],"wp:attachment":[{"href":"https:\/\/noti-america.com\/site\/repdom\/wp-json\/wp\/v2\/media?parent=31997"}],"wp:term":[{"taxonomy":"category","embeddable":true,"href":"https:\/\/noti-america.com\/site\/repdom\/wp-json\/wp\/v2\/categories?post=31997"},{"taxonomy":"post_tag","embeddable":true,"href":"https:\/\/noti-america.com\/site\/repdom\/wp-json\/wp\/v2\/tags?post=31997"}],"curies":[{"name":"wp","href":"https:\/\/api.w.org\/{rel}","templated":true}]}}