{"id":31722,"date":"2025-02-13T22:47:07","date_gmt":"2025-02-13T22:47:07","guid":{"rendered":"https:\/\/noti-america.com\/site\/repdom\/?p=31722"},"modified":"2025-02-13T22:47:07","modified_gmt":"2025-02-13T22:47:07","slug":"instituto-postal-dominicano-y-efemerides-patrias-ponen-en-circulacion-emision-postal-alusiva-al-himno-nacional-dominicano","status":"publish","type":"post","link":"https:\/\/noti-america.com\/site\/repdom\/2025\/02\/13\/instituto-postal-dominicano-y-efemerides-patrias-ponen-en-circulacion-emision-postal-alusiva-al-himno-nacional-dominicano\/","title":{"rendered":"Instituto Postal Dominicano y Efem\u00e9rides Patrias ponen en circulaci\u00f3n emisi\u00f3n postal alusiva al Himno Nacional Dominicano"},"content":{"rendered":"<p><img loading=\"lazy\" decoding=\"async\" class=\"alignnone size-medium wp-image-31724\" src=\"https:\/\/noti-america.com\/site\/repdom\/wp-content\/uploads\/sites\/6\/2025\/02\/c97941b7-6959-4191-95a5-a40f7eafa069-300x200.jpeg\" alt=\"\" width=\"300\" height=\"200\" srcset=\"https:\/\/noti-america.com\/site\/repdom\/wp-content\/uploads\/sites\/6\/2025\/02\/c97941b7-6959-4191-95a5-a40f7eafa069-300x200.jpeg 300w, https:\/\/noti-america.com\/site\/repdom\/wp-content\/uploads\/sites\/6\/2025\/02\/c97941b7-6959-4191-95a5-a40f7eafa069-1024x682.jpeg 1024w, https:\/\/noti-america.com\/site\/repdom\/wp-content\/uploads\/sites\/6\/2025\/02\/c97941b7-6959-4191-95a5-a40f7eafa069-768x512.jpeg 768w, https:\/\/noti-america.com\/site\/repdom\/wp-content\/uploads\/sites\/6\/2025\/02\/c97941b7-6959-4191-95a5-a40f7eafa069-1536x1023.jpeg 1536w, https:\/\/noti-america.com\/site\/repdom\/wp-content\/uploads\/sites\/6\/2025\/02\/c97941b7-6959-4191-95a5-a40f7eafa069-272x182.jpeg 272w, https:\/\/noti-america.com\/site\/repdom\/wp-content\/uploads\/sites\/6\/2025\/02\/c97941b7-6959-4191-95a5-a40f7eafa069.jpeg 1600w\" sizes=\"auto, (max-width: 300px) 100vw, 300px\" \/><\/p>\n<p>&nbsp;<\/p>\n<p>&nbsp;<\/p>\n<p><strong>Santo Domingo.- El Instituto Postal Dominicano (Inposdom),<\/strong> en conjunto con la Comisi\u00f3n Permanente de Efem\u00e9rides Patrias y la Sociedad Filat\u00e9lica Dominicana, pusieron en circulaci\u00f3n una emisi\u00f3n postal en honor al Himno Nacional Dominicano, con el objetivo de inmortalizar en sellos postales las palabras que han marcado la identidad de la naci\u00f3n.<\/p>\n<p>&nbsp;<\/p>\n<p>El acto celebrado en la Casa de la Moneda y en \u201cMarco del Mes de la Patria 2025\u201d, cont\u00f3 con la presencia del presidente de la Comisi\u00f3n Permanente de Efem\u00e9rides Patrias, Juan Pablo Uribe; Atallah Lluberes, directora del Departamento Filat\u00e9lico de Inposdom, y el presidente de la Sociedad Filat\u00e9lica Dominicana, Alejandro Vignieri, as\u00ed como distinguidas personalidades del \u00e1mbito cultural y patri\u00f3tico del pa\u00eds.<\/p>\n<p><img loading=\"lazy\" decoding=\"async\" class=\"alignnone size-medium wp-image-31723\" src=\"https:\/\/noti-america.com\/site\/repdom\/wp-content\/uploads\/sites\/6\/2025\/02\/4034513c-9bf0-47d1-b8da-2bc9fdeb295f-300x169.jpeg\" alt=\"\" width=\"300\" height=\"169\" srcset=\"https:\/\/noti-america.com\/site\/repdom\/wp-content\/uploads\/sites\/6\/2025\/02\/4034513c-9bf0-47d1-b8da-2bc9fdeb295f-300x169.jpeg 300w, https:\/\/noti-america.com\/site\/repdom\/wp-content\/uploads\/sites\/6\/2025\/02\/4034513c-9bf0-47d1-b8da-2bc9fdeb295f-1024x576.jpeg 1024w, https:\/\/noti-america.com\/site\/repdom\/wp-content\/uploads\/sites\/6\/2025\/02\/4034513c-9bf0-47d1-b8da-2bc9fdeb295f-768x432.jpeg 768w, https:\/\/noti-america.com\/site\/repdom\/wp-content\/uploads\/sites\/6\/2025\/02\/4034513c-9bf0-47d1-b8da-2bc9fdeb295f.jpeg 1280w\" sizes=\"auto, (max-width: 300px) 100vw, 300px\" \/><\/p>\n<p>El Himno Nacional Dominicano, escrito por Emilio Prud\u2019Homme y musicalizado por el maestro Jos\u00e9 Reyes en 1883, es un s\u00edmbolo de soberan\u00eda y orgullo nacional. Esta emisi\u00f3n postal, compuesta por 24,000 ejemplares en 12 dise\u00f1os diferentes, rinde homenaje a este s\u00edmbolo patrio, con cada sello dedicado a una estrofa del himno.<\/p>\n<p>Juan Pablo Uribe, al ofrecer las palabras centrales del acto destac\u00f3 que este era el momento justo para poner en circulaci\u00f3n esta estampa del sello que funge y ritualiza el respeto patrio por uno de nuestros tres s\u00edmbolos de la dominicanidad, el canto a la Patria.<\/p>\n<p><img loading=\"lazy\" decoding=\"async\" class=\"alignnone size-medium wp-image-31725\" src=\"https:\/\/noti-america.com\/site\/repdom\/wp-content\/uploads\/sites\/6\/2025\/02\/af71e5a0-b647-4758-84e6-2a915ca0d15a-300x204.jpeg\" alt=\"\" width=\"300\" height=\"204\" srcset=\"https:\/\/noti-america.com\/site\/repdom\/wp-content\/uploads\/sites\/6\/2025\/02\/af71e5a0-b647-4758-84e6-2a915ca0d15a-300x204.jpeg 300w, https:\/\/noti-america.com\/site\/repdom\/wp-content\/uploads\/sites\/6\/2025\/02\/af71e5a0-b647-4758-84e6-2a915ca0d15a-1024x695.jpeg 1024w, https:\/\/noti-america.com\/site\/repdom\/wp-content\/uploads\/sites\/6\/2025\/02\/af71e5a0-b647-4758-84e6-2a915ca0d15a-768x521.jpeg 768w, https:\/\/noti-america.com\/site\/repdom\/wp-content\/uploads\/sites\/6\/2025\/02\/af71e5a0-b647-4758-84e6-2a915ca0d15a-1536x1043.jpeg 1536w, https:\/\/noti-america.com\/site\/repdom\/wp-content\/uploads\/sites\/6\/2025\/02\/af71e5a0-b647-4758-84e6-2a915ca0d15a.jpeg 1600w\" sizes=\"auto, (max-width: 300px) 100vw, 300px\" \/><\/p>\n<p>Uribe aprovech\u00f3 la ocasi\u00f3n para hacer un llamado a las autoridades educativas a rescatar la ense\u00f1anza en los estudiantes y en este sentido agreg\u00f3: \u201cEs importante para no perder nuestra identidad volver a retomar la ense\u00f1anza de la historia dominicana en detalle dentro del curr\u00edculo escolar dominicano, no de manera gen\u00e9rica, sino poner en espec\u00edfico las caracter\u00edsticas de c\u00f3mo se conform\u00f3 la naci\u00f3n dominicana hasta el siglo XX, con todos sus acontecimientos gloriosos y sus grandes batallas\u201d.<\/p>\n<p>El presidente de Efem\u00e9rides Patrias, durante su discurso rememor\u00f3 la historia de c\u00f3mo la naci\u00f3n dominicana logr\u00f3 constituir el Himno Nacional, un s\u00edmbolo que se toc\u00f3 por primera vez el 17 de agosto de 1883,<\/p>\n<p>Uribe, quien desglos\u00f3 cada estrofa del Himno Nacional, contando y rimando su simbolog\u00eda y conceptualizaci\u00f3n, fue categ\u00f3rico al decir que la Comisi\u00f3n Permanente de Efem\u00e9rides Patrias, sugiere de retomar la propuesta de que la asignatura de \u201cMoral y C\u00edvica\u201d sea incorporada nuevamente en el curr\u00edculo escolar, afirmando que los valores patrios son los valores de la familia y los valores de la familia fortalecen los patrios.<\/p>\n<p>Finalmente, Juan pablo Uribe expres\u00f3 su gratitud al INPOSDOM y a la Sociedad Filat\u00e9lica Dominicana por su continuo apoyo a la preservaci\u00f3n de la memoria hist\u00f3rica, a la vez que reiter\u00f3 la necesidad de fortalecer la ense\u00f1anza de la materia \u00abMoral y C\u00edvica\u00bb en el sistema educativo nacional.<\/p>\n<p>Durante su intervenci\u00f3n, Atala Lluberes, describi\u00f3 las caracter\u00edsticas de la emisi\u00f3n postal que consta de 24 mil ejemplares en 12 estampillas. Dijo que es la primera emisi\u00f3n del 2025 y que en cada vi\u00f1eta se aprecian las estrofas del Himno Nacional Dominicano. Afirm\u00f3 que \u201clos sellos postales son testigos de nuestra historia y embajadores de nuestra identidad. Con esta emisi\u00f3n, reafirmamos nuestro compromiso con los valores que nos definen como naci\u00f3n, asegurando que la grandeza de nuestro himno siga viajando por el mundo, conectando a los dominicanos con su legado\u201d.<\/p>\n<p>El INPOSDOM contin\u00faa promoviendo la cultura y el patriotismo a trav\u00e9s de la filatelia, destacando en cada emisi\u00f3n la riqueza hist\u00f3rica y los s\u00edmbolos nacionales de la Rep\u00fablica Dominicana.<\/p>\n<p><strong>Sobre el Himno Nacional Dominicano<\/strong><\/p>\n<p>El Himno Nacional Dominicano es uno de los tres s\u00edmbolos patrios de la Rep\u00fablica Dominicana, junto a la bandera y el escudo nacional. Su letra fue escrita por Emilio Prud\u2019Homme y la m\u00fasica compuesta por el maestro Jos\u00e9 Reyes en 1883. Fue interpretado por primera vez el 17 de agosto de 1883 en la Respetable Logia Esperanza No. 9, ubicada en la actual Zona Colonial.<\/p>\n<p>Compuesto por 12 estrofas, aunque oficialmente solo se interpretan las primeras cuatro, su letra refleja el esp\u00edritu de lucha y la determinaci\u00f3n del pueblo dominicano en la defensa de su libertad y soberan\u00eda.<\/p>\n<p>En 1934, el Congreso Nacional lo declar\u00f3 oficialmente Himno Nacional, destacando que ya hab\u00eda sido adoptado por el pueblo dominicano como expresi\u00f3n de su identidad y patriotismo.<\/p>\n<p>Desde entonces, es entonado en actos c\u00edvicos, oficiales y solemnes, reafirmando su papel como s\u00edmbolo de unidad y orgullo nacional.<\/p>\n<p>&nbsp;<\/p>\n","protected":false},"excerpt":{"rendered":"<p>&nbsp; &nbsp; Santo Domingo.- El Instituto Postal Dominicano (Inposdom), en conjunto con la Comisi\u00f3n Permanente de Efem\u00e9rides Patrias y la Sociedad Filat\u00e9lica Dominicana, pusieron en circulaci\u00f3n una emisi\u00f3n postal en honor al Himno Nacional&#46;&#46;&#46;<\/p>\n","protected":false},"author":96,"featured_media":31724,"comment_status":"open","ping_status":"open","sticky":false,"template":"","format":"standard","meta":{"_acf_changed":false,"rop_custom_images_group":[],"rop_custom_messages_group":[],"rop_publish_now":"initial","rop_publish_now_accounts":[],"rop_publish_now_history":[],"rop_publish_now_status":"pending","footnotes":""},"categories":[366],"tags":[],"class_list":["post-31722","post","type-post","status-publish","format-standard","has-post-thumbnail","hentry","category-sociales"],"acf":[],"yoast_head":"<!-- This site is optimized with the Yoast SEO Premium plugin v24.9 (Yoast SEO v27.2) - https:\/\/yoast.com\/product\/yoast-seo-premium-wordpress\/ -->\n<title>Instituto Postal Dominicano y Efem\u00e9rides Patrias ponen en circulaci\u00f3n emisi\u00f3n postal alusiva al Himno Nacional Dominicano - Rep. Dominicana | Noti-America.com<\/title>\n<meta name=\"robots\" content=\"index, follow, max-snippet:-1, max-image-preview:large, max-video-preview:-1\" \/>\n<link rel=\"canonical\" href=\"https:\/\/noti-america.com\/site\/repdom\/2025\/02\/13\/instituto-postal-dominicano-y-efemerides-patrias-ponen-en-circulacion-emision-postal-alusiva-al-himno-nacional-dominicano\/\" \/>\n<meta property=\"og:locale\" content=\"es_ES\" \/>\n<meta property=\"og:type\" content=\"article\" \/>\n<meta property=\"og:title\" content=\"Instituto Postal Dominicano y Efem\u00e9rides Patrias ponen en circulaci\u00f3n emisi\u00f3n postal alusiva al Himno Nacional Dominicano\" \/>\n<meta property=\"og:description\" content=\"&nbsp; &nbsp; Santo Domingo.- El Instituto Postal Dominicano (Inposdom), en conjunto con la Comisi\u00f3n Permanente de Efem\u00e9rides Patrias y la Sociedad Filat\u00e9lica Dominicana, pusieron en circulaci\u00f3n una emisi\u00f3n postal en honor al Himno Nacional&#046;&#046;&#046;\" \/>\n<meta property=\"og:url\" content=\"https:\/\/noti-america.com\/site\/repdom\/2025\/02\/13\/instituto-postal-dominicano-y-efemerides-patrias-ponen-en-circulacion-emision-postal-alusiva-al-himno-nacional-dominicano\/\" \/>\n<meta property=\"og:site_name\" content=\"Rep. Dominicana | Noti-America.com\" \/>\n<meta property=\"article:author\" content=\"https:\/\/www.facebook.com\/share\/1HVE1qCqVk\/?mibextid=wwXIfr\" \/>\n<meta property=\"article:published_time\" content=\"2025-02-13T22:47:07+00:00\" \/>\n<meta property=\"og:image\" content=\"https:\/\/noti-america.com\/site\/repdom\/wp-content\/uploads\/sites\/6\/2025\/02\/c97941b7-6959-4191-95a5-a40f7eafa069.jpeg\" \/>\n\t<meta property=\"og:image:width\" content=\"1600\" \/>\n\t<meta property=\"og:image:height\" content=\"1066\" \/>\n\t<meta property=\"og:image:type\" content=\"image\/jpeg\" \/>\n<meta name=\"author\" content=\"Miguel Ramirez\" \/>\n<meta name=\"twitter:card\" content=\"summary_large_image\" \/>\n<meta name=\"twitter:label1\" content=\"Escrito por\" \/>\n\t<meta name=\"twitter:data1\" content=\"Miguel Ramirez\" \/>\n\t<meta name=\"twitter:label2\" content=\"Tiempo estimado de lectura\" \/>\n\t<meta name=\"twitter:data2\" content=\"5 minutos\" \/>\n<script type=\"application\/ld+json\" class=\"yoast-schema-graph\">{\"@context\":\"https:\/\/schema.org\",\"@graph\":[{\"@type\":\"Article\",\"@id\":\"https:\/\/noti-america.com\/site\/repdom\/2025\/02\/13\/instituto-postal-dominicano-y-efemerides-patrias-ponen-en-circulacion-emision-postal-alusiva-al-himno-nacional-dominicano\/#article\",\"isPartOf\":{\"@id\":\"https:\/\/noti-america.com\/site\/repdom\/2025\/02\/13\/instituto-postal-dominicano-y-efemerides-patrias-ponen-en-circulacion-emision-postal-alusiva-al-himno-nacional-dominicano\/\"},\"author\":{\"name\":\"Miguel Ramirez\",\"@id\":\"https:\/\/noti-america.com\/site\/repdom\/#\/schema\/person\/8027db7d71a0328e6e4474fa188c6fb3\"},\"headline\":\"Instituto Postal Dominicano y Efem\u00e9rides Patrias ponen en circulaci\u00f3n emisi\u00f3n postal alusiva al Himno Nacional Dominicano\",\"datePublished\":\"2025-02-13T22:47:07+00:00\",\"mainEntityOfPage\":{\"@id\":\"https:\/\/noti-america.com\/site\/repdom\/2025\/02\/13\/instituto-postal-dominicano-y-efemerides-patrias-ponen-en-circulacion-emision-postal-alusiva-al-himno-nacional-dominicano\/\"},\"wordCount\":784,\"commentCount\":0,\"publisher\":{\"@id\":\"https:\/\/noti-america.com\/site\/repdom\/#organization\"},\"image\":{\"@id\":\"https:\/\/noti-america.com\/site\/repdom\/2025\/02\/13\/instituto-postal-dominicano-y-efemerides-patrias-ponen-en-circulacion-emision-postal-alusiva-al-himno-nacional-dominicano\/#primaryimage\"},\"thumbnailUrl\":\"https:\/\/noti-america.com\/site\/repdom\/wp-content\/uploads\/sites\/6\/2025\/02\/c97941b7-6959-4191-95a5-a40f7eafa069.jpeg\",\"articleSection\":[\"Sociales\"],\"inLanguage\":\"es\",\"potentialAction\":[{\"@type\":\"CommentAction\",\"name\":\"Comment\",\"target\":[\"https:\/\/noti-america.com\/site\/repdom\/2025\/02\/13\/instituto-postal-dominicano-y-efemerides-patrias-ponen-en-circulacion-emision-postal-alusiva-al-himno-nacional-dominicano\/#respond\"]}]},{\"@type\":\"WebPage\",\"@id\":\"https:\/\/noti-america.com\/site\/repdom\/2025\/02\/13\/instituto-postal-dominicano-y-efemerides-patrias-ponen-en-circulacion-emision-postal-alusiva-al-himno-nacional-dominicano\/\",\"url\":\"https:\/\/noti-america.com\/site\/repdom\/2025\/02\/13\/instituto-postal-dominicano-y-efemerides-patrias-ponen-en-circulacion-emision-postal-alusiva-al-himno-nacional-dominicano\/\",\"name\":\"Instituto Postal Dominicano y Efem\u00e9rides Patrias ponen en circulaci\u00f3n emisi\u00f3n postal alusiva al Himno Nacional Dominicano - Rep. Dominicana | Noti-America.com\",\"isPartOf\":{\"@id\":\"https:\/\/noti-america.com\/site\/repdom\/#website\"},\"primaryImageOfPage\":{\"@id\":\"https:\/\/noti-america.com\/site\/repdom\/2025\/02\/13\/instituto-postal-dominicano-y-efemerides-patrias-ponen-en-circulacion-emision-postal-alusiva-al-himno-nacional-dominicano\/#primaryimage\"},\"image\":{\"@id\":\"https:\/\/noti-america.com\/site\/repdom\/2025\/02\/13\/instituto-postal-dominicano-y-efemerides-patrias-ponen-en-circulacion-emision-postal-alusiva-al-himno-nacional-dominicano\/#primaryimage\"},\"thumbnailUrl\":\"https:\/\/noti-america.com\/site\/repdom\/wp-content\/uploads\/sites\/6\/2025\/02\/c97941b7-6959-4191-95a5-a40f7eafa069.jpeg\",\"datePublished\":\"2025-02-13T22:47:07+00:00\",\"breadcrumb\":{\"@id\":\"https:\/\/noti-america.com\/site\/repdom\/2025\/02\/13\/instituto-postal-dominicano-y-efemerides-patrias-ponen-en-circulacion-emision-postal-alusiva-al-himno-nacional-dominicano\/#breadcrumb\"},\"inLanguage\":\"es\",\"potentialAction\":[{\"@type\":\"ReadAction\",\"target\":[\"https:\/\/noti-america.com\/site\/repdom\/2025\/02\/13\/instituto-postal-dominicano-y-efemerides-patrias-ponen-en-circulacion-emision-postal-alusiva-al-himno-nacional-dominicano\/\"]}]},{\"@type\":\"ImageObject\",\"inLanguage\":\"es\",\"@id\":\"https:\/\/noti-america.com\/site\/repdom\/2025\/02\/13\/instituto-postal-dominicano-y-efemerides-patrias-ponen-en-circulacion-emision-postal-alusiva-al-himno-nacional-dominicano\/#primaryimage\",\"url\":\"https:\/\/noti-america.com\/site\/repdom\/wp-content\/uploads\/sites\/6\/2025\/02\/c97941b7-6959-4191-95a5-a40f7eafa069.jpeg\",\"contentUrl\":\"https:\/\/noti-america.com\/site\/repdom\/wp-content\/uploads\/sites\/6\/2025\/02\/c97941b7-6959-4191-95a5-a40f7eafa069.jpeg\",\"width\":1600,\"height\":1066},{\"@type\":\"BreadcrumbList\",\"@id\":\"https:\/\/noti-america.com\/site\/repdom\/2025\/02\/13\/instituto-postal-dominicano-y-efemerides-patrias-ponen-en-circulacion-emision-postal-alusiva-al-himno-nacional-dominicano\/#breadcrumb\",\"itemListElement\":[{\"@type\":\"ListItem\",\"position\":1,\"name\":\"Portada\",\"item\":\"https:\/\/noti-america.com\/site\/repdom\/\"},{\"@type\":\"ListItem\",\"position\":2,\"name\":\"Instituto Postal Dominicano y Efem\u00e9rides Patrias ponen en circulaci\u00f3n emisi\u00f3n postal alusiva al Himno Nacional Dominicano\"}]},{\"@type\":\"WebSite\",\"@id\":\"https:\/\/noti-america.com\/site\/repdom\/#website\",\"url\":\"https:\/\/noti-america.com\/site\/repdom\/\",\"name\":\"Rep. Dominicana | Noti-America.com\",\"description\":\"\",\"publisher\":{\"@id\":\"https:\/\/noti-america.com\/site\/repdom\/#organization\"},\"potentialAction\":[{\"@type\":\"SearchAction\",\"target\":{\"@type\":\"EntryPoint\",\"urlTemplate\":\"https:\/\/noti-america.com\/site\/repdom\/?s={search_term_string}\"},\"query-input\":{\"@type\":\"PropertyValueSpecification\",\"valueRequired\":true,\"valueName\":\"search_term_string\"}}],\"inLanguage\":\"es\"},{\"@type\":\"Organization\",\"@id\":\"https:\/\/noti-america.com\/site\/repdom\/#organization\",\"name\":\"Noti-America LLC | Rep\u00fablica Dominicana\",\"url\":\"https:\/\/noti-america.com\/site\/repdom\/\",\"logo\":{\"@type\":\"ImageObject\",\"inLanguage\":\"es\",\"@id\":\"https:\/\/noti-america.com\/site\/repdom\/#\/schema\/logo\/image\/\",\"url\":\"https:\/\/noti-america.com\/site\/repdom\/wp-content\/uploads\/sites\/6\/2020\/07\/LogoNA-4x3-1.jpg\",\"contentUrl\":\"https:\/\/noti-america.com\/site\/repdom\/wp-content\/uploads\/sites\/6\/2020\/07\/LogoNA-4x3-1.jpg\",\"width\":1236,\"height\":1080,\"caption\":\"Noti-America LLC | Rep\u00fablica Dominicana\"},\"image\":{\"@id\":\"https:\/\/noti-america.com\/site\/repdom\/#\/schema\/logo\/image\/\"}},{\"@type\":\"Person\",\"@id\":\"https:\/\/noti-america.com\/site\/repdom\/#\/schema\/person\/8027db7d71a0328e6e4474fa188c6fb3\",\"name\":\"Miguel Ramirez\",\"image\":{\"@type\":\"ImageObject\",\"inLanguage\":\"es\",\"@id\":\"https:\/\/secure.gravatar.com\/avatar\/41a78fb2cdab3e2dc5831d3591f1dab499ed0c22acc464195b09f37c2b3ac2cf?s=96&d=mm&r=g\",\"url\":\"https:\/\/secure.gravatar.com\/avatar\/41a78fb2cdab3e2dc5831d3591f1dab499ed0c22acc464195b09f37c2b3ac2cf?s=96&d=mm&r=g\",\"contentUrl\":\"https:\/\/secure.gravatar.com\/avatar\/41a78fb2cdab3e2dc5831d3591f1dab499ed0c22acc464195b09f37c2b3ac2cf?s=96&d=mm&r=g\",\"caption\":\"Miguel Ramirez\"},\"description\":\"Locutor y periodista digital y coach comunicaci\u00f3n\",\"sameAs\":[\"https:\/\/www.facebook.com\/share\/1HVE1qCqVk\/?mibextid=wwXIfr\"],\"url\":\"https:\/\/noti-america.com\/site\/repdom\/author\/mramirez\/\"}]}<\/script>\n<!-- \/ Yoast SEO Premium plugin. -->","yoast_head_json":{"title":"Instituto Postal Dominicano y Efem\u00e9rides Patrias ponen en circulaci\u00f3n emisi\u00f3n postal alusiva al Himno Nacional Dominicano - Rep. Dominicana | Noti-America.com","robots":{"index":"index","follow":"follow","max-snippet":"max-snippet:-1","max-image-preview":"max-image-preview:large","max-video-preview":"max-video-preview:-1"},"canonical":"https:\/\/noti-america.com\/site\/repdom\/2025\/02\/13\/instituto-postal-dominicano-y-efemerides-patrias-ponen-en-circulacion-emision-postal-alusiva-al-himno-nacional-dominicano\/","og_locale":"es_ES","og_type":"article","og_title":"Instituto Postal Dominicano y Efem\u00e9rides Patrias ponen en circulaci\u00f3n emisi\u00f3n postal alusiva al Himno Nacional Dominicano","og_description":"&nbsp; &nbsp; Santo Domingo.- El Instituto Postal Dominicano (Inposdom), en conjunto con la Comisi\u00f3n Permanente de Efem\u00e9rides Patrias y la Sociedad Filat\u00e9lica Dominicana, pusieron en circulaci\u00f3n una emisi\u00f3n postal en honor al Himno Nacional&#46;&#46;&#46;","og_url":"https:\/\/noti-america.com\/site\/repdom\/2025\/02\/13\/instituto-postal-dominicano-y-efemerides-patrias-ponen-en-circulacion-emision-postal-alusiva-al-himno-nacional-dominicano\/","og_site_name":"Rep. Dominicana | Noti-America.com","article_author":"https:\/\/www.facebook.com\/share\/1HVE1qCqVk\/?mibextid=wwXIfr","article_published_time":"2025-02-13T22:47:07+00:00","og_image":[{"width":1600,"height":1066,"url":"https:\/\/noti-america.com\/site\/repdom\/wp-content\/uploads\/sites\/6\/2025\/02\/c97941b7-6959-4191-95a5-a40f7eafa069.jpeg","type":"image\/jpeg"}],"author":"Miguel Ramirez","twitter_card":"summary_large_image","twitter_misc":{"Escrito por":"Miguel Ramirez","Tiempo estimado de lectura":"5 minutos"},"schema":{"@context":"https:\/\/schema.org","@graph":[{"@type":"Article","@id":"https:\/\/noti-america.com\/site\/repdom\/2025\/02\/13\/instituto-postal-dominicano-y-efemerides-patrias-ponen-en-circulacion-emision-postal-alusiva-al-himno-nacional-dominicano\/#article","isPartOf":{"@id":"https:\/\/noti-america.com\/site\/repdom\/2025\/02\/13\/instituto-postal-dominicano-y-efemerides-patrias-ponen-en-circulacion-emision-postal-alusiva-al-himno-nacional-dominicano\/"},"author":{"name":"Miguel Ramirez","@id":"https:\/\/noti-america.com\/site\/repdom\/#\/schema\/person\/8027db7d71a0328e6e4474fa188c6fb3"},"headline":"Instituto Postal Dominicano y Efem\u00e9rides Patrias ponen en circulaci\u00f3n emisi\u00f3n postal alusiva al Himno Nacional Dominicano","datePublished":"2025-02-13T22:47:07+00:00","mainEntityOfPage":{"@id":"https:\/\/noti-america.com\/site\/repdom\/2025\/02\/13\/instituto-postal-dominicano-y-efemerides-patrias-ponen-en-circulacion-emision-postal-alusiva-al-himno-nacional-dominicano\/"},"wordCount":784,"commentCount":0,"publisher":{"@id":"https:\/\/noti-america.com\/site\/repdom\/#organization"},"image":{"@id":"https:\/\/noti-america.com\/site\/repdom\/2025\/02\/13\/instituto-postal-dominicano-y-efemerides-patrias-ponen-en-circulacion-emision-postal-alusiva-al-himno-nacional-dominicano\/#primaryimage"},"thumbnailUrl":"https:\/\/noti-america.com\/site\/repdom\/wp-content\/uploads\/sites\/6\/2025\/02\/c97941b7-6959-4191-95a5-a40f7eafa069.jpeg","articleSection":["Sociales"],"inLanguage":"es","potentialAction":[{"@type":"CommentAction","name":"Comment","target":["https:\/\/noti-america.com\/site\/repdom\/2025\/02\/13\/instituto-postal-dominicano-y-efemerides-patrias-ponen-en-circulacion-emision-postal-alusiva-al-himno-nacional-dominicano\/#respond"]}]},{"@type":"WebPage","@id":"https:\/\/noti-america.com\/site\/repdom\/2025\/02\/13\/instituto-postal-dominicano-y-efemerides-patrias-ponen-en-circulacion-emision-postal-alusiva-al-himno-nacional-dominicano\/","url":"https:\/\/noti-america.com\/site\/repdom\/2025\/02\/13\/instituto-postal-dominicano-y-efemerides-patrias-ponen-en-circulacion-emision-postal-alusiva-al-himno-nacional-dominicano\/","name":"Instituto Postal Dominicano y Efem\u00e9rides Patrias ponen en circulaci\u00f3n emisi\u00f3n postal alusiva al Himno Nacional Dominicano - Rep. Dominicana | Noti-America.com","isPartOf":{"@id":"https:\/\/noti-america.com\/site\/repdom\/#website"},"primaryImageOfPage":{"@id":"https:\/\/noti-america.com\/site\/repdom\/2025\/02\/13\/instituto-postal-dominicano-y-efemerides-patrias-ponen-en-circulacion-emision-postal-alusiva-al-himno-nacional-dominicano\/#primaryimage"},"image":{"@id":"https:\/\/noti-america.com\/site\/repdom\/2025\/02\/13\/instituto-postal-dominicano-y-efemerides-patrias-ponen-en-circulacion-emision-postal-alusiva-al-himno-nacional-dominicano\/#primaryimage"},"thumbnailUrl":"https:\/\/noti-america.com\/site\/repdom\/wp-content\/uploads\/sites\/6\/2025\/02\/c97941b7-6959-4191-95a5-a40f7eafa069.jpeg","datePublished":"2025-02-13T22:47:07+00:00","breadcrumb":{"@id":"https:\/\/noti-america.com\/site\/repdom\/2025\/02\/13\/instituto-postal-dominicano-y-efemerides-patrias-ponen-en-circulacion-emision-postal-alusiva-al-himno-nacional-dominicano\/#breadcrumb"},"inLanguage":"es","potentialAction":[{"@type":"ReadAction","target":["https:\/\/noti-america.com\/site\/repdom\/2025\/02\/13\/instituto-postal-dominicano-y-efemerides-patrias-ponen-en-circulacion-emision-postal-alusiva-al-himno-nacional-dominicano\/"]}]},{"@type":"ImageObject","inLanguage":"es","@id":"https:\/\/noti-america.com\/site\/repdom\/2025\/02\/13\/instituto-postal-dominicano-y-efemerides-patrias-ponen-en-circulacion-emision-postal-alusiva-al-himno-nacional-dominicano\/#primaryimage","url":"https:\/\/noti-america.com\/site\/repdom\/wp-content\/uploads\/sites\/6\/2025\/02\/c97941b7-6959-4191-95a5-a40f7eafa069.jpeg","contentUrl":"https:\/\/noti-america.com\/site\/repdom\/wp-content\/uploads\/sites\/6\/2025\/02\/c97941b7-6959-4191-95a5-a40f7eafa069.jpeg","width":1600,"height":1066},{"@type":"BreadcrumbList","@id":"https:\/\/noti-america.com\/site\/repdom\/2025\/02\/13\/instituto-postal-dominicano-y-efemerides-patrias-ponen-en-circulacion-emision-postal-alusiva-al-himno-nacional-dominicano\/#breadcrumb","itemListElement":[{"@type":"ListItem","position":1,"name":"Portada","item":"https:\/\/noti-america.com\/site\/repdom\/"},{"@type":"ListItem","position":2,"name":"Instituto Postal Dominicano y Efem\u00e9rides Patrias ponen en circulaci\u00f3n emisi\u00f3n postal alusiva al Himno Nacional Dominicano"}]},{"@type":"WebSite","@id":"https:\/\/noti-america.com\/site\/repdom\/#website","url":"https:\/\/noti-america.com\/site\/repdom\/","name":"Rep. Dominicana | Noti-America.com","description":"","publisher":{"@id":"https:\/\/noti-america.com\/site\/repdom\/#organization"},"potentialAction":[{"@type":"SearchAction","target":{"@type":"EntryPoint","urlTemplate":"https:\/\/noti-america.com\/site\/repdom\/?s={search_term_string}"},"query-input":{"@type":"PropertyValueSpecification","valueRequired":true,"valueName":"search_term_string"}}],"inLanguage":"es"},{"@type":"Organization","@id":"https:\/\/noti-america.com\/site\/repdom\/#organization","name":"Noti-America LLC | Rep\u00fablica Dominicana","url":"https:\/\/noti-america.com\/site\/repdom\/","logo":{"@type":"ImageObject","inLanguage":"es","@id":"https:\/\/noti-america.com\/site\/repdom\/#\/schema\/logo\/image\/","url":"https:\/\/noti-america.com\/site\/repdom\/wp-content\/uploads\/sites\/6\/2020\/07\/LogoNA-4x3-1.jpg","contentUrl":"https:\/\/noti-america.com\/site\/repdom\/wp-content\/uploads\/sites\/6\/2020\/07\/LogoNA-4x3-1.jpg","width":1236,"height":1080,"caption":"Noti-America LLC | Rep\u00fablica Dominicana"},"image":{"@id":"https:\/\/noti-america.com\/site\/repdom\/#\/schema\/logo\/image\/"}},{"@type":"Person","@id":"https:\/\/noti-america.com\/site\/repdom\/#\/schema\/person\/8027db7d71a0328e6e4474fa188c6fb3","name":"Miguel Ramirez","image":{"@type":"ImageObject","inLanguage":"es","@id":"https:\/\/secure.gravatar.com\/avatar\/41a78fb2cdab3e2dc5831d3591f1dab499ed0c22acc464195b09f37c2b3ac2cf?s=96&d=mm&r=g","url":"https:\/\/secure.gravatar.com\/avatar\/41a78fb2cdab3e2dc5831d3591f1dab499ed0c22acc464195b09f37c2b3ac2cf?s=96&d=mm&r=g","contentUrl":"https:\/\/secure.gravatar.com\/avatar\/41a78fb2cdab3e2dc5831d3591f1dab499ed0c22acc464195b09f37c2b3ac2cf?s=96&d=mm&r=g","caption":"Miguel Ramirez"},"description":"Locutor y periodista digital y coach comunicaci\u00f3n","sameAs":["https:\/\/www.facebook.com\/share\/1HVE1qCqVk\/?mibextid=wwXIfr"],"url":"https:\/\/noti-america.com\/site\/repdom\/author\/mramirez\/"}]}},"_links":{"self":[{"href":"https:\/\/noti-america.com\/site\/repdom\/wp-json\/wp\/v2\/posts\/31722","targetHints":{"allow":["GET"]}}],"collection":[{"href":"https:\/\/noti-america.com\/site\/repdom\/wp-json\/wp\/v2\/posts"}],"about":[{"href":"https:\/\/noti-america.com\/site\/repdom\/wp-json\/wp\/v2\/types\/post"}],"author":[{"embeddable":true,"href":"https:\/\/noti-america.com\/site\/repdom\/wp-json\/wp\/v2\/users\/96"}],"replies":[{"embeddable":true,"href":"https:\/\/noti-america.com\/site\/repdom\/wp-json\/wp\/v2\/comments?post=31722"}],"version-history":[{"count":1,"href":"https:\/\/noti-america.com\/site\/repdom\/wp-json\/wp\/v2\/posts\/31722\/revisions"}],"predecessor-version":[{"id":31728,"href":"https:\/\/noti-america.com\/site\/repdom\/wp-json\/wp\/v2\/posts\/31722\/revisions\/31728"}],"wp:featuredmedia":[{"embeddable":true,"href":"https:\/\/noti-america.com\/site\/repdom\/wp-json\/wp\/v2\/media\/31724"}],"wp:attachment":[{"href":"https:\/\/noti-america.com\/site\/repdom\/wp-json\/wp\/v2\/media?parent=31722"}],"wp:term":[{"taxonomy":"category","embeddable":true,"href":"https:\/\/noti-america.com\/site\/repdom\/wp-json\/wp\/v2\/categories?post=31722"},{"taxonomy":"post_tag","embeddable":true,"href":"https:\/\/noti-america.com\/site\/repdom\/wp-json\/wp\/v2\/tags?post=31722"}],"curies":[{"name":"wp","href":"https:\/\/api.w.org\/{rel}","templated":true}]}}