{"id":3147,"date":"2020-08-21T11:58:54","date_gmt":"2020-08-21T11:58:54","guid":{"rendered":"https:\/\/noti-america.com\/site\/repdom\/?p=3147"},"modified":"2020-08-21T11:58:54","modified_gmt":"2020-08-21T11:58:54","slug":"confirman-caso-de-peste-negra-en-california-estados-unidos","status":"publish","type":"post","link":"https:\/\/noti-america.com\/site\/repdom\/2020\/08\/21\/confirman-caso-de-peste-negra-en-california-estados-unidos\/","title":{"rendered":"\u00abConfirman Caso de Peste Negra en California, Estados Unidos\u00bb"},"content":{"rendered":"<p style=\"text-align: justify\"><strong>NOTI-AMERICA (REPUBLICA DOMINICANA)<\/strong><\/p>\n<p style=\"text-align: justify\"><strong>CAlIFORNIA, EE.UU_\u00a0<\/strong>Un habitante de California dio positivo para peste negra, lo que marca el primer caso humano de la enfermedad en este estado estadounidense en cinco a\u00f1os, seg\u00fan funcionarios de salud, asegura &#8216;CBS News&#8217;.<\/p>\n<p style=\"text-align: justify\">El caso fue confirmado el lunes 17 de agosto en el \u00e1rea de South Lake Tahoe, se inform\u00f3 en un comunicado del\u00a0Departamento de Salud y Servicios Humanos, del condado de El Dorado\u00a0(EDC).<br \/>\nEl paciente pudo haber sido mordido por una pulga infectada mientras paseaba a su perro en el \u00e1rea de Tahoe Keys o a lo largo del corredor del r\u00edo Truckee.<br \/>\n(Tambi\u00e9n puede leer:\u00a0Foto de gigantesca \u00e1guila arp\u00eda al lado de un hombre se vuelve viral)<br \/>\nSeg\u00fan &#8216;Live Science&#8217;, en el comunicado,\u00a0la doctora\u00a0 Nancy Williams, oficial de salud p\u00fablica del condado de El Dorado, dijo que\u00a0\u00abes importante que las personas tomen precauciones para s\u00ed mismas y sus\u00a0mascotas\u00a0cuando est\u00e9n al aire libre, especialmente al caminar, hacer senderismo o acampar en \u00e1reas donde hay roedores salvajes.\u00a0Los casos humanos de peste son extremadamente raros, pero pueden ser muy graves\u00bb.<\/p>\n<p style=\"text-align: justify\">La peste est\u00e1 presente de forma natural en muchas partes de California, incluidas las \u00e1reas de mayor elevaci\u00f3n del condado de El Dorado,\u00a0Actualmente, el paciente se est\u00e1 recuperando en casa bajo el cuidado de m\u00e9dicos profesionales.<\/p>\n<p style=\"text-align: justify\">Seg\u00fan &#8216;National Geographic&#8217;, la enfermedad es causada por una bacteria llamada Yersinia pestis que afecta a las ratas y a otros roedores. Esta se transmite a trav\u00e9s de los par\u00e1sitos que viven en esos animales, en especial las pulgas, las cuales infectan a los humanos con su picadura.<br \/>\nLa &#8216;BBC&#8217;\u00a0agreg\u00f3 que la peste negra en Europa, en el siglo XIII,\u00a0cobr\u00f3 la vida de 12 millones de personas.<br \/>\nLa infecci\u00f3n todav\u00eda se presenta en la actualidad, aunque\u00a0es relativamente rara y generalmente se puede tratar con antibi\u00f3ticos comunes.\u00a0En Estados Unidos se producen, aproximadamente, siete casos de peste cada a\u00f1o, seg\u00fan los\u00a0Centros para el Control y la Prevenci\u00f3n de Enfermedades (CDC).<br \/>\nLos \u00faltimos casos conocidos de peste en California ocurrieron en 2015,\u00a0en dos visitantes del Parque Nacional Yosemite.<\/p>\n<p style=\"text-align: justify\">Live Science&#8217; tambi\u00e9n manifest\u00f3 que varios factores pueden influir en cu\u00e1ndo y d\u00f3nde aparecen los casos de peste, incluido el comportamiento de personas y los roedores. Asimismo, influyen los patrones clim\u00e1ticos, ya que\u00a0las temperaturas m\u00e1s c\u00e1lidas son favorables para la actividad de las pulgas.<br \/>\nPara prevenir las infecciones se debe evitar el contacto con roedores salvajes, mantener a las mascotas alejadas de las madrigueras de los roedores y\u00a0con correa cuando est\u00e1n afuera, y usar pantalones largos y repelente de insectos para reducir la exposici\u00f3n a las pulgas.<br \/>\nLa &#8216;BBC&#8217; se\u00f1al\u00f3 que,\u00a0en julio de este a\u00f1o, tambi\u00e9n\u00a0se present\u00f3 un caso de peste bub\u00f3nica en China, cuesti\u00f3n que puso a las autoridades de la zona en alerta m\u00e1xima. El paciente fue un un pastor de Bayannur, en la regi\u00f3n aut\u00f3noma de Mongolia Interior.<\/p>\n<p style=\"text-align: justify\">Fuente: Tendencias.com<\/p>\n<p style=\"text-align: justify\">Redes Personales:<\/p>\n<p style=\"text-align: justify\">Intagram_ @cersocastillo<\/p>\n<p style=\"text-align: justify\">Facebook_ Cerso Felipe Castillo Carri\u00f3n<\/p>\n","protected":false},"excerpt":{"rendered":"<p>NOTI-AMERICA (REPUBLICA DOMINICANA) CAlIFORNIA, EE.UU_\u00a0Un habitante de California dio positivo para peste negra, lo que marca el primer caso humano de la enfermedad en este estado estadounidense en cinco a\u00f1os, seg\u00fan funcionarios de salud,&#46;&#46;&#46;<\/p>\n","protected":false},"author":90,"featured_media":3148,"comment_status":"open","ping_status":"open","sticky":false,"template":"","format":"gallery","meta":{"_acf_changed":false,"rop_custom_images_group":[],"rop_custom_messages_group":[],"rop_publish_now":"initial","rop_publish_now_accounts":[],"rop_publish_now_history":[],"rop_publish_now_status":"pending","footnotes":""},"categories":[4],"tags":[],"class_list":["post-3147","post","type-post","status-publish","format-gallery","has-post-thumbnail","hentry","category-internacionales","post_format-post-format-gallery"],"acf":[],"yoast_head":"<!-- This site is optimized with the Yoast SEO Premium plugin v24.9 (Yoast SEO v27.2) - https:\/\/yoast.com\/product\/yoast-seo-premium-wordpress\/ -->\n<title>&quot;Confirman Caso de Peste Negra en California, Estados Unidos&quot; - Rep. Dominicana | Noti-America.com<\/title>\n<meta name=\"robots\" content=\"index, follow, max-snippet:-1, max-image-preview:large, max-video-preview:-1\" \/>\n<link rel=\"canonical\" href=\"https:\/\/noti-america.com\/site\/repdom\/2020\/08\/21\/confirman-caso-de-peste-negra-en-california-estados-unidos\/\" \/>\n<meta property=\"og:locale\" content=\"es_ES\" \/>\n<meta property=\"og:type\" content=\"article\" \/>\n<meta property=\"og:title\" content=\"&quot;Confirman Caso de Peste Negra en California, Estados Unidos&quot;\" \/>\n<meta property=\"og:description\" content=\"NOTI-AMERICA (REPUBLICA DOMINICANA) CAlIFORNIA, EE.UU_\u00a0Un habitante de California dio positivo para peste negra, lo que marca el primer caso humano de la enfermedad en este estado estadounidense en cinco a\u00f1os, seg\u00fan funcionarios de salud,&#046;&#046;&#046;\" \/>\n<meta property=\"og:url\" content=\"https:\/\/noti-america.com\/site\/repdom\/2020\/08\/21\/confirman-caso-de-peste-negra-en-california-estados-unidos\/\" \/>\n<meta property=\"og:site_name\" content=\"Rep. Dominicana | Noti-America.com\" \/>\n<meta property=\"article:published_time\" content=\"2020-08-21T11:58:54+00:00\" \/>\n<meta property=\"og:image\" content=\"https:\/\/noti-america.com\/site\/repdom\/wp-content\/uploads\/sites\/6\/2020\/08\/5e31a870577f2.jpeg\" \/>\n\t<meta property=\"og:image:width\" content=\"640\" \/>\n\t<meta property=\"og:image:height\" content=\"428\" \/>\n\t<meta property=\"og:image:type\" content=\"image\/jpeg\" \/>\n<meta name=\"author\" content=\"Cerso Castillo\" \/>\n<meta name=\"twitter:card\" content=\"summary_large_image\" \/>\n<meta name=\"twitter:label1\" content=\"Escrito por\" \/>\n\t<meta name=\"twitter:data1\" content=\"Cerso Castillo\" \/>\n\t<meta name=\"twitter:label2\" content=\"Tiempo estimado de lectura\" \/>\n\t<meta name=\"twitter:data2\" content=\"3 minutos\" \/>\n<script type=\"application\/ld+json\" class=\"yoast-schema-graph\">{\"@context\":\"https:\/\/schema.org\",\"@graph\":[{\"@type\":\"Article\",\"@id\":\"https:\/\/noti-america.com\/site\/repdom\/2020\/08\/21\/confirman-caso-de-peste-negra-en-california-estados-unidos\/#article\",\"isPartOf\":{\"@id\":\"https:\/\/noti-america.com\/site\/repdom\/2020\/08\/21\/confirman-caso-de-peste-negra-en-california-estados-unidos\/\"},\"author\":{\"name\":\"Cerso Castillo\",\"@id\":\"https:\/\/noti-america.com\/site\/repdom\/#\/schema\/person\/408e10184d87f571c50942f1d952011d\"},\"headline\":\"\u00abConfirman Caso de Peste Negra en California, Estados Unidos\u00bb\",\"datePublished\":\"2020-08-21T11:58:54+00:00\",\"mainEntityOfPage\":{\"@id\":\"https:\/\/noti-america.com\/site\/repdom\/2020\/08\/21\/confirman-caso-de-peste-negra-en-california-estados-unidos\/\"},\"wordCount\":541,\"commentCount\":0,\"publisher\":{\"@id\":\"https:\/\/noti-america.com\/site\/repdom\/#organization\"},\"image\":{\"@id\":\"https:\/\/noti-america.com\/site\/repdom\/2020\/08\/21\/confirman-caso-de-peste-negra-en-california-estados-unidos\/#primaryimage\"},\"thumbnailUrl\":\"https:\/\/noti-america.com\/site\/repdom\/wp-content\/uploads\/sites\/6\/2020\/08\/5e31a870577f2.jpeg\",\"articleSection\":[\"Internacionales\"],\"inLanguage\":\"es\",\"potentialAction\":[{\"@type\":\"CommentAction\",\"name\":\"Comment\",\"target\":[\"https:\/\/noti-america.com\/site\/repdom\/2020\/08\/21\/confirman-caso-de-peste-negra-en-california-estados-unidos\/#respond\"]}]},{\"@type\":\"WebPage\",\"@id\":\"https:\/\/noti-america.com\/site\/repdom\/2020\/08\/21\/confirman-caso-de-peste-negra-en-california-estados-unidos\/\",\"url\":\"https:\/\/noti-america.com\/site\/repdom\/2020\/08\/21\/confirman-caso-de-peste-negra-en-california-estados-unidos\/\",\"name\":\"\\\"Confirman Caso de Peste Negra en California, Estados Unidos\\\" - Rep. Dominicana | Noti-America.com\",\"isPartOf\":{\"@id\":\"https:\/\/noti-america.com\/site\/repdom\/#website\"},\"primaryImageOfPage\":{\"@id\":\"https:\/\/noti-america.com\/site\/repdom\/2020\/08\/21\/confirman-caso-de-peste-negra-en-california-estados-unidos\/#primaryimage\"},\"image\":{\"@id\":\"https:\/\/noti-america.com\/site\/repdom\/2020\/08\/21\/confirman-caso-de-peste-negra-en-california-estados-unidos\/#primaryimage\"},\"thumbnailUrl\":\"https:\/\/noti-america.com\/site\/repdom\/wp-content\/uploads\/sites\/6\/2020\/08\/5e31a870577f2.jpeg\",\"datePublished\":\"2020-08-21T11:58:54+00:00\",\"breadcrumb\":{\"@id\":\"https:\/\/noti-america.com\/site\/repdom\/2020\/08\/21\/confirman-caso-de-peste-negra-en-california-estados-unidos\/#breadcrumb\"},\"inLanguage\":\"es\",\"potentialAction\":[{\"@type\":\"ReadAction\",\"target\":[\"https:\/\/noti-america.com\/site\/repdom\/2020\/08\/21\/confirman-caso-de-peste-negra-en-california-estados-unidos\/\"]}]},{\"@type\":\"ImageObject\",\"inLanguage\":\"es\",\"@id\":\"https:\/\/noti-america.com\/site\/repdom\/2020\/08\/21\/confirman-caso-de-peste-negra-en-california-estados-unidos\/#primaryimage\",\"url\":\"https:\/\/noti-america.com\/site\/repdom\/wp-content\/uploads\/sites\/6\/2020\/08\/5e31a870577f2.jpeg\",\"contentUrl\":\"https:\/\/noti-america.com\/site\/repdom\/wp-content\/uploads\/sites\/6\/2020\/08\/5e31a870577f2.jpeg\",\"width\":640,\"height\":428},{\"@type\":\"BreadcrumbList\",\"@id\":\"https:\/\/noti-america.com\/site\/repdom\/2020\/08\/21\/confirman-caso-de-peste-negra-en-california-estados-unidos\/#breadcrumb\",\"itemListElement\":[{\"@type\":\"ListItem\",\"position\":1,\"name\":\"Portada\",\"item\":\"https:\/\/noti-america.com\/site\/repdom\/\"},{\"@type\":\"ListItem\",\"position\":2,\"name\":\"\u00abConfirman Caso de Peste Negra en California, Estados Unidos\u00bb\"}]},{\"@type\":\"WebSite\",\"@id\":\"https:\/\/noti-america.com\/site\/repdom\/#website\",\"url\":\"https:\/\/noti-america.com\/site\/repdom\/\",\"name\":\"Rep. Dominicana | Noti-America.com\",\"description\":\"\",\"publisher\":{\"@id\":\"https:\/\/noti-america.com\/site\/repdom\/#organization\"},\"potentialAction\":[{\"@type\":\"SearchAction\",\"target\":{\"@type\":\"EntryPoint\",\"urlTemplate\":\"https:\/\/noti-america.com\/site\/repdom\/?s={search_term_string}\"},\"query-input\":{\"@type\":\"PropertyValueSpecification\",\"valueRequired\":true,\"valueName\":\"search_term_string\"}}],\"inLanguage\":\"es\"},{\"@type\":\"Organization\",\"@id\":\"https:\/\/noti-america.com\/site\/repdom\/#organization\",\"name\":\"Noti-America LLC | Rep\u00fablica Dominicana\",\"url\":\"https:\/\/noti-america.com\/site\/repdom\/\",\"logo\":{\"@type\":\"ImageObject\",\"inLanguage\":\"es\",\"@id\":\"https:\/\/noti-america.com\/site\/repdom\/#\/schema\/logo\/image\/\",\"url\":\"https:\/\/noti-america.com\/site\/repdom\/wp-content\/uploads\/sites\/6\/2020\/07\/LogoNA-4x3-1.jpg\",\"contentUrl\":\"https:\/\/noti-america.com\/site\/repdom\/wp-content\/uploads\/sites\/6\/2020\/07\/LogoNA-4x3-1.jpg\",\"width\":1236,\"height\":1080,\"caption\":\"Noti-America LLC | Rep\u00fablica Dominicana\"},\"image\":{\"@id\":\"https:\/\/noti-america.com\/site\/repdom\/#\/schema\/logo\/image\/\"}},{\"@type\":\"Person\",\"@id\":\"https:\/\/noti-america.com\/site\/repdom\/#\/schema\/person\/408e10184d87f571c50942f1d952011d\",\"name\":\"Cerso Castillo\",\"image\":{\"@type\":\"ImageObject\",\"inLanguage\":\"es\",\"@id\":\"https:\/\/secure.gravatar.com\/avatar\/cdbd3acf34ce68a34b34df99954821070986715ab3e264b63c5395bd1ddd529d?s=96&d=mm&r=g\",\"url\":\"https:\/\/secure.gravatar.com\/avatar\/cdbd3acf34ce68a34b34df99954821070986715ab3e264b63c5395bd1ddd529d?s=96&d=mm&r=g\",\"contentUrl\":\"https:\/\/secure.gravatar.com\/avatar\/cdbd3acf34ce68a34b34df99954821070986715ab3e264b63c5395bd1ddd529d?s=96&d=mm&r=g\",\"caption\":\"Cerso Castillo\"},\"description\":\"Comunicador &amp; Periodista, Locutor, Maestro de Ceremonias, Animador, Orador, Dominio Escenico, Productor de Tv &amp; Radio, Lider Consejero de Camp., Mentor Honorifico, Coach Comunicacional, Manejo de Paq. De Office, Dominio del Portugues, manejo del Ingles Intermedio &amp; Productor General del Programa Digital Conexi\u00f3n Sin Limites RD.\",\"sameAs\":[\"https:\/\/www.facebook.com\/conexionsinlimitesrd\/\"],\"url\":\"https:\/\/noti-america.com\/site\/repdom\/author\/ccastillo\/\"}]}<\/script>\n<!-- \/ Yoast SEO Premium plugin. -->","yoast_head_json":{"title":"\"Confirman Caso de Peste Negra en California, Estados Unidos\" - Rep. Dominicana | Noti-America.com","robots":{"index":"index","follow":"follow","max-snippet":"max-snippet:-1","max-image-preview":"max-image-preview:large","max-video-preview":"max-video-preview:-1"},"canonical":"https:\/\/noti-america.com\/site\/repdom\/2020\/08\/21\/confirman-caso-de-peste-negra-en-california-estados-unidos\/","og_locale":"es_ES","og_type":"article","og_title":"\"Confirman Caso de Peste Negra en California, Estados Unidos\"","og_description":"NOTI-AMERICA (REPUBLICA DOMINICANA) CAlIFORNIA, EE.UU_\u00a0Un habitante de California dio positivo para peste negra, lo que marca el primer caso humano de la enfermedad en este estado estadounidense en cinco a\u00f1os, seg\u00fan funcionarios de salud,&#46;&#46;&#46;","og_url":"https:\/\/noti-america.com\/site\/repdom\/2020\/08\/21\/confirman-caso-de-peste-negra-en-california-estados-unidos\/","og_site_name":"Rep. Dominicana | Noti-America.com","article_published_time":"2020-08-21T11:58:54+00:00","og_image":[{"width":640,"height":428,"url":"https:\/\/noti-america.com\/site\/repdom\/wp-content\/uploads\/sites\/6\/2020\/08\/5e31a870577f2.jpeg","type":"image\/jpeg"}],"author":"Cerso Castillo","twitter_card":"summary_large_image","twitter_misc":{"Escrito por":"Cerso Castillo","Tiempo estimado de lectura":"3 minutos"},"schema":{"@context":"https:\/\/schema.org","@graph":[{"@type":"Article","@id":"https:\/\/noti-america.com\/site\/repdom\/2020\/08\/21\/confirman-caso-de-peste-negra-en-california-estados-unidos\/#article","isPartOf":{"@id":"https:\/\/noti-america.com\/site\/repdom\/2020\/08\/21\/confirman-caso-de-peste-negra-en-california-estados-unidos\/"},"author":{"name":"Cerso Castillo","@id":"https:\/\/noti-america.com\/site\/repdom\/#\/schema\/person\/408e10184d87f571c50942f1d952011d"},"headline":"\u00abConfirman Caso de Peste Negra en California, Estados Unidos\u00bb","datePublished":"2020-08-21T11:58:54+00:00","mainEntityOfPage":{"@id":"https:\/\/noti-america.com\/site\/repdom\/2020\/08\/21\/confirman-caso-de-peste-negra-en-california-estados-unidos\/"},"wordCount":541,"commentCount":0,"publisher":{"@id":"https:\/\/noti-america.com\/site\/repdom\/#organization"},"image":{"@id":"https:\/\/noti-america.com\/site\/repdom\/2020\/08\/21\/confirman-caso-de-peste-negra-en-california-estados-unidos\/#primaryimage"},"thumbnailUrl":"https:\/\/noti-america.com\/site\/repdom\/wp-content\/uploads\/sites\/6\/2020\/08\/5e31a870577f2.jpeg","articleSection":["Internacionales"],"inLanguage":"es","potentialAction":[{"@type":"CommentAction","name":"Comment","target":["https:\/\/noti-america.com\/site\/repdom\/2020\/08\/21\/confirman-caso-de-peste-negra-en-california-estados-unidos\/#respond"]}]},{"@type":"WebPage","@id":"https:\/\/noti-america.com\/site\/repdom\/2020\/08\/21\/confirman-caso-de-peste-negra-en-california-estados-unidos\/","url":"https:\/\/noti-america.com\/site\/repdom\/2020\/08\/21\/confirman-caso-de-peste-negra-en-california-estados-unidos\/","name":"\"Confirman Caso de Peste Negra en California, Estados Unidos\" - Rep. Dominicana | Noti-America.com","isPartOf":{"@id":"https:\/\/noti-america.com\/site\/repdom\/#website"},"primaryImageOfPage":{"@id":"https:\/\/noti-america.com\/site\/repdom\/2020\/08\/21\/confirman-caso-de-peste-negra-en-california-estados-unidos\/#primaryimage"},"image":{"@id":"https:\/\/noti-america.com\/site\/repdom\/2020\/08\/21\/confirman-caso-de-peste-negra-en-california-estados-unidos\/#primaryimage"},"thumbnailUrl":"https:\/\/noti-america.com\/site\/repdom\/wp-content\/uploads\/sites\/6\/2020\/08\/5e31a870577f2.jpeg","datePublished":"2020-08-21T11:58:54+00:00","breadcrumb":{"@id":"https:\/\/noti-america.com\/site\/repdom\/2020\/08\/21\/confirman-caso-de-peste-negra-en-california-estados-unidos\/#breadcrumb"},"inLanguage":"es","potentialAction":[{"@type":"ReadAction","target":["https:\/\/noti-america.com\/site\/repdom\/2020\/08\/21\/confirman-caso-de-peste-negra-en-california-estados-unidos\/"]}]},{"@type":"ImageObject","inLanguage":"es","@id":"https:\/\/noti-america.com\/site\/repdom\/2020\/08\/21\/confirman-caso-de-peste-negra-en-california-estados-unidos\/#primaryimage","url":"https:\/\/noti-america.com\/site\/repdom\/wp-content\/uploads\/sites\/6\/2020\/08\/5e31a870577f2.jpeg","contentUrl":"https:\/\/noti-america.com\/site\/repdom\/wp-content\/uploads\/sites\/6\/2020\/08\/5e31a870577f2.jpeg","width":640,"height":428},{"@type":"BreadcrumbList","@id":"https:\/\/noti-america.com\/site\/repdom\/2020\/08\/21\/confirman-caso-de-peste-negra-en-california-estados-unidos\/#breadcrumb","itemListElement":[{"@type":"ListItem","position":1,"name":"Portada","item":"https:\/\/noti-america.com\/site\/repdom\/"},{"@type":"ListItem","position":2,"name":"\u00abConfirman Caso de Peste Negra en California, Estados Unidos\u00bb"}]},{"@type":"WebSite","@id":"https:\/\/noti-america.com\/site\/repdom\/#website","url":"https:\/\/noti-america.com\/site\/repdom\/","name":"Rep. Dominicana | Noti-America.com","description":"","publisher":{"@id":"https:\/\/noti-america.com\/site\/repdom\/#organization"},"potentialAction":[{"@type":"SearchAction","target":{"@type":"EntryPoint","urlTemplate":"https:\/\/noti-america.com\/site\/repdom\/?s={search_term_string}"},"query-input":{"@type":"PropertyValueSpecification","valueRequired":true,"valueName":"search_term_string"}}],"inLanguage":"es"},{"@type":"Organization","@id":"https:\/\/noti-america.com\/site\/repdom\/#organization","name":"Noti-America LLC | Rep\u00fablica Dominicana","url":"https:\/\/noti-america.com\/site\/repdom\/","logo":{"@type":"ImageObject","inLanguage":"es","@id":"https:\/\/noti-america.com\/site\/repdom\/#\/schema\/logo\/image\/","url":"https:\/\/noti-america.com\/site\/repdom\/wp-content\/uploads\/sites\/6\/2020\/07\/LogoNA-4x3-1.jpg","contentUrl":"https:\/\/noti-america.com\/site\/repdom\/wp-content\/uploads\/sites\/6\/2020\/07\/LogoNA-4x3-1.jpg","width":1236,"height":1080,"caption":"Noti-America LLC | Rep\u00fablica Dominicana"},"image":{"@id":"https:\/\/noti-america.com\/site\/repdom\/#\/schema\/logo\/image\/"}},{"@type":"Person","@id":"https:\/\/noti-america.com\/site\/repdom\/#\/schema\/person\/408e10184d87f571c50942f1d952011d","name":"Cerso Castillo","image":{"@type":"ImageObject","inLanguage":"es","@id":"https:\/\/secure.gravatar.com\/avatar\/cdbd3acf34ce68a34b34df99954821070986715ab3e264b63c5395bd1ddd529d?s=96&d=mm&r=g","url":"https:\/\/secure.gravatar.com\/avatar\/cdbd3acf34ce68a34b34df99954821070986715ab3e264b63c5395bd1ddd529d?s=96&d=mm&r=g","contentUrl":"https:\/\/secure.gravatar.com\/avatar\/cdbd3acf34ce68a34b34df99954821070986715ab3e264b63c5395bd1ddd529d?s=96&d=mm&r=g","caption":"Cerso Castillo"},"description":"Comunicador &amp; Periodista, Locutor, Maestro de Ceremonias, Animador, Orador, Dominio Escenico, Productor de Tv &amp; Radio, Lider Consejero de Camp., Mentor Honorifico, Coach Comunicacional, Manejo de Paq. De Office, Dominio del Portugues, manejo del Ingles Intermedio &amp; Productor General del Programa Digital Conexi\u00f3n Sin Limites RD.","sameAs":["https:\/\/www.facebook.com\/conexionsinlimitesrd\/"],"url":"https:\/\/noti-america.com\/site\/repdom\/author\/ccastillo\/"}]}},"_links":{"self":[{"href":"https:\/\/noti-america.com\/site\/repdom\/wp-json\/wp\/v2\/posts\/3147","targetHints":{"allow":["GET"]}}],"collection":[{"href":"https:\/\/noti-america.com\/site\/repdom\/wp-json\/wp\/v2\/posts"}],"about":[{"href":"https:\/\/noti-america.com\/site\/repdom\/wp-json\/wp\/v2\/types\/post"}],"author":[{"embeddable":true,"href":"https:\/\/noti-america.com\/site\/repdom\/wp-json\/wp\/v2\/users\/90"}],"replies":[{"embeddable":true,"href":"https:\/\/noti-america.com\/site\/repdom\/wp-json\/wp\/v2\/comments?post=3147"}],"version-history":[{"count":2,"href":"https:\/\/noti-america.com\/site\/repdom\/wp-json\/wp\/v2\/posts\/3147\/revisions"}],"predecessor-version":[{"id":3152,"href":"https:\/\/noti-america.com\/site\/repdom\/wp-json\/wp\/v2\/posts\/3147\/revisions\/3152"}],"wp:featuredmedia":[{"embeddable":true,"href":"https:\/\/noti-america.com\/site\/repdom\/wp-json\/wp\/v2\/media\/3148"}],"wp:attachment":[{"href":"https:\/\/noti-america.com\/site\/repdom\/wp-json\/wp\/v2\/media?parent=3147"}],"wp:term":[{"taxonomy":"category","embeddable":true,"href":"https:\/\/noti-america.com\/site\/repdom\/wp-json\/wp\/v2\/categories?post=3147"},{"taxonomy":"post_tag","embeddable":true,"href":"https:\/\/noti-america.com\/site\/repdom\/wp-json\/wp\/v2\/tags?post=3147"}],"curies":[{"name":"wp","href":"https:\/\/api.w.org\/{rel}","templated":true}]}}