{"id":31408,"date":"2025-01-20T21:01:16","date_gmt":"2025-01-20T21:01:16","guid":{"rendered":"https:\/\/noti-america.com\/site\/repdom\/?p=31408"},"modified":"2025-01-20T21:01:16","modified_gmt":"2025-01-20T21:01:16","slug":"periodista-francisca-maria-jimenez-recibe-prestigiosos-reconocimientos-internacionales","status":"publish","type":"post","link":"https:\/\/noti-america.com\/site\/repdom\/2025\/01\/20\/periodista-francisca-maria-jimenez-recibe-prestigiosos-reconocimientos-internacionales\/","title":{"rendered":"Periodista Francisca Mar\u00eda Jim\u00e9nez recibe prestigiosos reconocimientos internacionales"},"content":{"rendered":"<p><img loading=\"lazy\" decoding=\"async\" class=\"alignnone size-medium wp-image-31409\" src=\"https:\/\/noti-america.com\/site\/repdom\/wp-content\/uploads\/sites\/6\/2025\/01\/1bdae7dc-dd11-491d-bf0f-a436ee2f0bd1-214x300.jpeg\" alt=\"\" width=\"214\" height=\"300\" srcset=\"https:\/\/noti-america.com\/site\/repdom\/wp-content\/uploads\/sites\/6\/2025\/01\/1bdae7dc-dd11-491d-bf0f-a436ee2f0bd1-214x300.jpeg 214w, https:\/\/noti-america.com\/site\/repdom\/wp-content\/uploads\/sites\/6\/2025\/01\/1bdae7dc-dd11-491d-bf0f-a436ee2f0bd1-730x1024.jpeg 730w, https:\/\/noti-america.com\/site\/repdom\/wp-content\/uploads\/sites\/6\/2025\/01\/1bdae7dc-dd11-491d-bf0f-a436ee2f0bd1-768x1077.jpeg 768w, https:\/\/noti-america.com\/site\/repdom\/wp-content\/uploads\/sites\/6\/2025\/01\/1bdae7dc-dd11-491d-bf0f-a436ee2f0bd1-1095x1536.jpeg 1095w, https:\/\/noti-america.com\/site\/repdom\/wp-content\/uploads\/sites\/6\/2025\/01\/1bdae7dc-dd11-491d-bf0f-a436ee2f0bd1.jpeg 1141w\" sizes=\"auto, (max-width: 214px) 100vw, 214px\" \/><\/p>\n<p>&nbsp;<\/p>\n<p>La destacada periodista Francisca Mar\u00eda Jim\u00e9nez ha sido honrada con dos prestigiosos premios internacionales que consolidan su sobresaliente trayectoria en el periodismo digital de entretenimiento.<\/p>\n<p>Jim\u00e9nez ha sido galardonada con el Reconocimiento Internacional Awards Ditokado KF 2025, otorgado por Abigail Tobar, reconocida CEO, productora y directora de medios internacionales. Este prestigioso premio, que se entrega anualmente, celebra a los profesionales que han realizado contribuciones significativas a la industria medi\u00e1tica. Este reconocimiento subraya el compromiso de Francisca con la excelencia y la innovaci\u00f3n en el periodismo digital.<\/p>\n<p>Adem\u00e1s, recibi\u00f3 un reconocimiento especial en los Bell\u00edsima Music Awards, de manos de Francisco Hierro y Gloribel Henr\u00edquez, representantes de la emisora neoyorquina Bell\u00edsima Musical FM. Este homenaje destaca su notable aporte al periodismo a trav\u00e9s del portal digital HerreraF\u00e1randula.net y a la industria musical, reafirmando su papel como referente en la creaci\u00f3n de contenido de calidad.<\/p>\n<p>Licenciada en Comunicaci\u00f3n Social y Periodismo y pr\u00f3xima a culminar su Maestr\u00eda en Comunicaci\u00f3n Estrat\u00e9gica y Relaciones P\u00fablicas, Francisca Mar\u00eda Jim\u00e9nez ha liderado con \u00e9xito el crecimiento de HerreraF\u00e1randula.net, un portal que se ha destacado por su enfoque \u00e9tico, su compromiso con la verdad y su capacidad de adaptarse a las tendencias tecnol\u00f3gicas.<\/p>\n<p>\u201cEstos reconocimientos no solo representan un logro personal, sino tambi\u00e9n un tributo al trabajo en equipo y a la visi\u00f3n de transformar el periodismo digital en un espacio de integridad y calidad\u201d, expres\u00f3 Francisca durante su discurso de agradecimiento.<\/p>\n<p>Asimismo, reafirm\u00f3 su compromiso de continuar impulsando el desarrollo del periodismo digital y el arte.<\/p>\n<p>Estos galardones marcan un importante hito en la carrera de Francisca Mar\u00eda Jim\u00e9nez, subrayando su impacto positivo en la industria y consolid\u00e1ndola como una l\u00edder en el periodismo digital de entretenimiento.<\/p>\n<p>&nbsp;<\/p>\n<p>.<\/p>\n","protected":false},"excerpt":{"rendered":"<p>&nbsp; La destacada periodista Francisca Mar\u00eda Jim\u00e9nez ha sido honrada con dos prestigiosos premios internacionales que consolidan su sobresaliente trayectoria en el periodismo digital de entretenimiento. Jim\u00e9nez ha sido galardonada con el Reconocimiento Internacional&#46;&#46;&#46;<\/p>\n","protected":false},"author":96,"featured_media":0,"comment_status":"open","ping_status":"open","sticky":false,"template":"","format":"standard","meta":{"_acf_changed":false,"rop_custom_images_group":[],"rop_custom_messages_group":[],"rop_publish_now":"initial","rop_publish_now_accounts":[],"rop_publish_now_history":[],"rop_publish_now_status":"pending","footnotes":""},"categories":[8],"tags":[],"class_list":["post-31408","post","type-post","status-publish","format-standard","hentry","category-arte-y-espectaculos"],"acf":[],"yoast_head":"<!-- This site is optimized with the Yoast SEO Premium plugin v24.9 (Yoast SEO v27.2) - https:\/\/yoast.com\/product\/yoast-seo-premium-wordpress\/ -->\n<title>Periodista Francisca Mar\u00eda Jim\u00e9nez recibe prestigiosos reconocimientos internacionales - Rep. Dominicana | Noti-America.com<\/title>\n<meta name=\"robots\" content=\"index, follow, max-snippet:-1, max-image-preview:large, max-video-preview:-1\" \/>\n<link rel=\"canonical\" href=\"https:\/\/noti-america.com\/site\/repdom\/2025\/01\/20\/periodista-francisca-maria-jimenez-recibe-prestigiosos-reconocimientos-internacionales\/\" \/>\n<meta property=\"og:locale\" content=\"es_ES\" \/>\n<meta property=\"og:type\" content=\"article\" \/>\n<meta property=\"og:title\" content=\"Periodista Francisca Mar\u00eda Jim\u00e9nez recibe prestigiosos reconocimientos internacionales\" \/>\n<meta property=\"og:description\" content=\"&nbsp; La destacada periodista Francisca Mar\u00eda Jim\u00e9nez ha sido honrada con dos prestigiosos premios internacionales que consolidan su sobresaliente trayectoria en el periodismo digital de entretenimiento. Jim\u00e9nez ha sido galardonada con el Reconocimiento Internacional&#046;&#046;&#046;\" \/>\n<meta property=\"og:url\" content=\"https:\/\/noti-america.com\/site\/repdom\/2025\/01\/20\/periodista-francisca-maria-jimenez-recibe-prestigiosos-reconocimientos-internacionales\/\" \/>\n<meta property=\"og:site_name\" content=\"Rep. Dominicana | Noti-America.com\" \/>\n<meta property=\"article:author\" content=\"https:\/\/www.facebook.com\/share\/1HVE1qCqVk\/?mibextid=wwXIfr\" \/>\n<meta property=\"article:published_time\" content=\"2025-01-20T21:01:16+00:00\" \/>\n<meta property=\"og:image\" content=\"https:\/\/noti-america.com\/site\/repdom\/wp-content\/uploads\/sites\/6\/2025\/01\/1bdae7dc-dd11-491d-bf0f-a436ee2f0bd1.jpeg\" \/>\n\t<meta property=\"og:image:width\" content=\"1141\" \/>\n\t<meta property=\"og:image:height\" content=\"1600\" \/>\n\t<meta property=\"og:image:type\" content=\"image\/jpeg\" \/>\n<meta name=\"author\" content=\"Miguel Ramirez\" \/>\n<meta name=\"twitter:card\" content=\"summary_large_image\" \/>\n<meta name=\"twitter:label1\" content=\"Escrito por\" \/>\n\t<meta name=\"twitter:data1\" content=\"Miguel Ramirez\" \/>\n\t<meta name=\"twitter:label2\" content=\"Tiempo estimado de lectura\" \/>\n\t<meta name=\"twitter:data2\" content=\"2 minutos\" \/>\n<script type=\"application\/ld+json\" class=\"yoast-schema-graph\">{\"@context\":\"https:\/\/schema.org\",\"@graph\":[{\"@type\":\"Article\",\"@id\":\"https:\/\/noti-america.com\/site\/repdom\/2025\/01\/20\/periodista-francisca-maria-jimenez-recibe-prestigiosos-reconocimientos-internacionales\/#article\",\"isPartOf\":{\"@id\":\"https:\/\/noti-america.com\/site\/repdom\/2025\/01\/20\/periodista-francisca-maria-jimenez-recibe-prestigiosos-reconocimientos-internacionales\/\"},\"author\":{\"name\":\"Miguel Ramirez\",\"@id\":\"https:\/\/noti-america.com\/site\/repdom\/#\/schema\/person\/8027db7d71a0328e6e4474fa188c6fb3\"},\"headline\":\"Periodista Francisca Mar\u00eda Jim\u00e9nez recibe prestigiosos reconocimientos internacionales\",\"datePublished\":\"2025-01-20T21:01:16+00:00\",\"mainEntityOfPage\":{\"@id\":\"https:\/\/noti-america.com\/site\/repdom\/2025\/01\/20\/periodista-francisca-maria-jimenez-recibe-prestigiosos-reconocimientos-internacionales\/\"},\"wordCount\":322,\"commentCount\":0,\"publisher\":{\"@id\":\"https:\/\/noti-america.com\/site\/repdom\/#organization\"},\"image\":{\"@id\":\"https:\/\/noti-america.com\/site\/repdom\/2025\/01\/20\/periodista-francisca-maria-jimenez-recibe-prestigiosos-reconocimientos-internacionales\/#primaryimage\"},\"thumbnailUrl\":\"https:\/\/noti-america.com\/site\/repdom\/wp-content\/uploads\/sites\/6\/2025\/01\/1bdae7dc-dd11-491d-bf0f-a436ee2f0bd1-214x300.jpeg\",\"articleSection\":[\"Arte y Espect\u00e1culos\"],\"inLanguage\":\"es\",\"potentialAction\":[{\"@type\":\"CommentAction\",\"name\":\"Comment\",\"target\":[\"https:\/\/noti-america.com\/site\/repdom\/2025\/01\/20\/periodista-francisca-maria-jimenez-recibe-prestigiosos-reconocimientos-internacionales\/#respond\"]}]},{\"@type\":\"WebPage\",\"@id\":\"https:\/\/noti-america.com\/site\/repdom\/2025\/01\/20\/periodista-francisca-maria-jimenez-recibe-prestigiosos-reconocimientos-internacionales\/\",\"url\":\"https:\/\/noti-america.com\/site\/repdom\/2025\/01\/20\/periodista-francisca-maria-jimenez-recibe-prestigiosos-reconocimientos-internacionales\/\",\"name\":\"Periodista Francisca Mar\u00eda Jim\u00e9nez recibe prestigiosos reconocimientos internacionales - Rep. Dominicana | Noti-America.com\",\"isPartOf\":{\"@id\":\"https:\/\/noti-america.com\/site\/repdom\/#website\"},\"primaryImageOfPage\":{\"@id\":\"https:\/\/noti-america.com\/site\/repdom\/2025\/01\/20\/periodista-francisca-maria-jimenez-recibe-prestigiosos-reconocimientos-internacionales\/#primaryimage\"},\"image\":{\"@id\":\"https:\/\/noti-america.com\/site\/repdom\/2025\/01\/20\/periodista-francisca-maria-jimenez-recibe-prestigiosos-reconocimientos-internacionales\/#primaryimage\"},\"thumbnailUrl\":\"https:\/\/noti-america.com\/site\/repdom\/wp-content\/uploads\/sites\/6\/2025\/01\/1bdae7dc-dd11-491d-bf0f-a436ee2f0bd1-214x300.jpeg\",\"datePublished\":\"2025-01-20T21:01:16+00:00\",\"breadcrumb\":{\"@id\":\"https:\/\/noti-america.com\/site\/repdom\/2025\/01\/20\/periodista-francisca-maria-jimenez-recibe-prestigiosos-reconocimientos-internacionales\/#breadcrumb\"},\"inLanguage\":\"es\",\"potentialAction\":[{\"@type\":\"ReadAction\",\"target\":[\"https:\/\/noti-america.com\/site\/repdom\/2025\/01\/20\/periodista-francisca-maria-jimenez-recibe-prestigiosos-reconocimientos-internacionales\/\"]}]},{\"@type\":\"ImageObject\",\"inLanguage\":\"es\",\"@id\":\"https:\/\/noti-america.com\/site\/repdom\/2025\/01\/20\/periodista-francisca-maria-jimenez-recibe-prestigiosos-reconocimientos-internacionales\/#primaryimage\",\"url\":\"https:\/\/noti-america.com\/site\/repdom\/wp-content\/uploads\/sites\/6\/2025\/01\/1bdae7dc-dd11-491d-bf0f-a436ee2f0bd1.jpeg\",\"contentUrl\":\"https:\/\/noti-america.com\/site\/repdom\/wp-content\/uploads\/sites\/6\/2025\/01\/1bdae7dc-dd11-491d-bf0f-a436ee2f0bd1.jpeg\",\"width\":1141,\"height\":1600},{\"@type\":\"BreadcrumbList\",\"@id\":\"https:\/\/noti-america.com\/site\/repdom\/2025\/01\/20\/periodista-francisca-maria-jimenez-recibe-prestigiosos-reconocimientos-internacionales\/#breadcrumb\",\"itemListElement\":[{\"@type\":\"ListItem\",\"position\":1,\"name\":\"Portada\",\"item\":\"https:\/\/noti-america.com\/site\/repdom\/\"},{\"@type\":\"ListItem\",\"position\":2,\"name\":\"Periodista Francisca Mar\u00eda Jim\u00e9nez recibe prestigiosos reconocimientos internacionales\"}]},{\"@type\":\"WebSite\",\"@id\":\"https:\/\/noti-america.com\/site\/repdom\/#website\",\"url\":\"https:\/\/noti-america.com\/site\/repdom\/\",\"name\":\"Rep. Dominicana | Noti-America.com\",\"description\":\"\",\"publisher\":{\"@id\":\"https:\/\/noti-america.com\/site\/repdom\/#organization\"},\"potentialAction\":[{\"@type\":\"SearchAction\",\"target\":{\"@type\":\"EntryPoint\",\"urlTemplate\":\"https:\/\/noti-america.com\/site\/repdom\/?s={search_term_string}\"},\"query-input\":{\"@type\":\"PropertyValueSpecification\",\"valueRequired\":true,\"valueName\":\"search_term_string\"}}],\"inLanguage\":\"es\"},{\"@type\":\"Organization\",\"@id\":\"https:\/\/noti-america.com\/site\/repdom\/#organization\",\"name\":\"Noti-America LLC | Rep\u00fablica Dominicana\",\"url\":\"https:\/\/noti-america.com\/site\/repdom\/\",\"logo\":{\"@type\":\"ImageObject\",\"inLanguage\":\"es\",\"@id\":\"https:\/\/noti-america.com\/site\/repdom\/#\/schema\/logo\/image\/\",\"url\":\"https:\/\/noti-america.com\/site\/repdom\/wp-content\/uploads\/sites\/6\/2020\/07\/LogoNA-4x3-1.jpg\",\"contentUrl\":\"https:\/\/noti-america.com\/site\/repdom\/wp-content\/uploads\/sites\/6\/2020\/07\/LogoNA-4x3-1.jpg\",\"width\":1236,\"height\":1080,\"caption\":\"Noti-America LLC | Rep\u00fablica Dominicana\"},\"image\":{\"@id\":\"https:\/\/noti-america.com\/site\/repdom\/#\/schema\/logo\/image\/\"}},{\"@type\":\"Person\",\"@id\":\"https:\/\/noti-america.com\/site\/repdom\/#\/schema\/person\/8027db7d71a0328e6e4474fa188c6fb3\",\"name\":\"Miguel Ramirez\",\"image\":{\"@type\":\"ImageObject\",\"inLanguage\":\"es\",\"@id\":\"https:\/\/secure.gravatar.com\/avatar\/41a78fb2cdab3e2dc5831d3591f1dab499ed0c22acc464195b09f37c2b3ac2cf?s=96&d=mm&r=g\",\"url\":\"https:\/\/secure.gravatar.com\/avatar\/41a78fb2cdab3e2dc5831d3591f1dab499ed0c22acc464195b09f37c2b3ac2cf?s=96&d=mm&r=g\",\"contentUrl\":\"https:\/\/secure.gravatar.com\/avatar\/41a78fb2cdab3e2dc5831d3591f1dab499ed0c22acc464195b09f37c2b3ac2cf?s=96&d=mm&r=g\",\"caption\":\"Miguel Ramirez\"},\"description\":\"Locutor y periodista digital y coach comunicaci\u00f3n\",\"sameAs\":[\"https:\/\/www.facebook.com\/share\/1HVE1qCqVk\/?mibextid=wwXIfr\"],\"url\":\"https:\/\/noti-america.com\/site\/repdom\/author\/mramirez\/\"}]}<\/script>\n<!-- \/ Yoast SEO Premium plugin. -->","yoast_head_json":{"title":"Periodista Francisca Mar\u00eda Jim\u00e9nez recibe prestigiosos reconocimientos internacionales - Rep. Dominicana | Noti-America.com","robots":{"index":"index","follow":"follow","max-snippet":"max-snippet:-1","max-image-preview":"max-image-preview:large","max-video-preview":"max-video-preview:-1"},"canonical":"https:\/\/noti-america.com\/site\/repdom\/2025\/01\/20\/periodista-francisca-maria-jimenez-recibe-prestigiosos-reconocimientos-internacionales\/","og_locale":"es_ES","og_type":"article","og_title":"Periodista Francisca Mar\u00eda Jim\u00e9nez recibe prestigiosos reconocimientos internacionales","og_description":"&nbsp; La destacada periodista Francisca Mar\u00eda Jim\u00e9nez ha sido honrada con dos prestigiosos premios internacionales que consolidan su sobresaliente trayectoria en el periodismo digital de entretenimiento. Jim\u00e9nez ha sido galardonada con el Reconocimiento Internacional&#46;&#46;&#46;","og_url":"https:\/\/noti-america.com\/site\/repdom\/2025\/01\/20\/periodista-francisca-maria-jimenez-recibe-prestigiosos-reconocimientos-internacionales\/","og_site_name":"Rep. Dominicana | Noti-America.com","article_author":"https:\/\/www.facebook.com\/share\/1HVE1qCqVk\/?mibextid=wwXIfr","article_published_time":"2025-01-20T21:01:16+00:00","og_image":[{"width":1141,"height":1600,"url":"https:\/\/noti-america.com\/site\/repdom\/wp-content\/uploads\/sites\/6\/2025\/01\/1bdae7dc-dd11-491d-bf0f-a436ee2f0bd1.jpeg","type":"image\/jpeg"}],"author":"Miguel Ramirez","twitter_card":"summary_large_image","twitter_misc":{"Escrito por":"Miguel Ramirez","Tiempo estimado de lectura":"2 minutos"},"schema":{"@context":"https:\/\/schema.org","@graph":[{"@type":"Article","@id":"https:\/\/noti-america.com\/site\/repdom\/2025\/01\/20\/periodista-francisca-maria-jimenez-recibe-prestigiosos-reconocimientos-internacionales\/#article","isPartOf":{"@id":"https:\/\/noti-america.com\/site\/repdom\/2025\/01\/20\/periodista-francisca-maria-jimenez-recibe-prestigiosos-reconocimientos-internacionales\/"},"author":{"name":"Miguel Ramirez","@id":"https:\/\/noti-america.com\/site\/repdom\/#\/schema\/person\/8027db7d71a0328e6e4474fa188c6fb3"},"headline":"Periodista Francisca Mar\u00eda Jim\u00e9nez recibe prestigiosos reconocimientos internacionales","datePublished":"2025-01-20T21:01:16+00:00","mainEntityOfPage":{"@id":"https:\/\/noti-america.com\/site\/repdom\/2025\/01\/20\/periodista-francisca-maria-jimenez-recibe-prestigiosos-reconocimientos-internacionales\/"},"wordCount":322,"commentCount":0,"publisher":{"@id":"https:\/\/noti-america.com\/site\/repdom\/#organization"},"image":{"@id":"https:\/\/noti-america.com\/site\/repdom\/2025\/01\/20\/periodista-francisca-maria-jimenez-recibe-prestigiosos-reconocimientos-internacionales\/#primaryimage"},"thumbnailUrl":"https:\/\/noti-america.com\/site\/repdom\/wp-content\/uploads\/sites\/6\/2025\/01\/1bdae7dc-dd11-491d-bf0f-a436ee2f0bd1-214x300.jpeg","articleSection":["Arte y Espect\u00e1culos"],"inLanguage":"es","potentialAction":[{"@type":"CommentAction","name":"Comment","target":["https:\/\/noti-america.com\/site\/repdom\/2025\/01\/20\/periodista-francisca-maria-jimenez-recibe-prestigiosos-reconocimientos-internacionales\/#respond"]}]},{"@type":"WebPage","@id":"https:\/\/noti-america.com\/site\/repdom\/2025\/01\/20\/periodista-francisca-maria-jimenez-recibe-prestigiosos-reconocimientos-internacionales\/","url":"https:\/\/noti-america.com\/site\/repdom\/2025\/01\/20\/periodista-francisca-maria-jimenez-recibe-prestigiosos-reconocimientos-internacionales\/","name":"Periodista Francisca Mar\u00eda Jim\u00e9nez recibe prestigiosos reconocimientos internacionales - Rep. Dominicana | Noti-America.com","isPartOf":{"@id":"https:\/\/noti-america.com\/site\/repdom\/#website"},"primaryImageOfPage":{"@id":"https:\/\/noti-america.com\/site\/repdom\/2025\/01\/20\/periodista-francisca-maria-jimenez-recibe-prestigiosos-reconocimientos-internacionales\/#primaryimage"},"image":{"@id":"https:\/\/noti-america.com\/site\/repdom\/2025\/01\/20\/periodista-francisca-maria-jimenez-recibe-prestigiosos-reconocimientos-internacionales\/#primaryimage"},"thumbnailUrl":"https:\/\/noti-america.com\/site\/repdom\/wp-content\/uploads\/sites\/6\/2025\/01\/1bdae7dc-dd11-491d-bf0f-a436ee2f0bd1-214x300.jpeg","datePublished":"2025-01-20T21:01:16+00:00","breadcrumb":{"@id":"https:\/\/noti-america.com\/site\/repdom\/2025\/01\/20\/periodista-francisca-maria-jimenez-recibe-prestigiosos-reconocimientos-internacionales\/#breadcrumb"},"inLanguage":"es","potentialAction":[{"@type":"ReadAction","target":["https:\/\/noti-america.com\/site\/repdom\/2025\/01\/20\/periodista-francisca-maria-jimenez-recibe-prestigiosos-reconocimientos-internacionales\/"]}]},{"@type":"ImageObject","inLanguage":"es","@id":"https:\/\/noti-america.com\/site\/repdom\/2025\/01\/20\/periodista-francisca-maria-jimenez-recibe-prestigiosos-reconocimientos-internacionales\/#primaryimage","url":"https:\/\/noti-america.com\/site\/repdom\/wp-content\/uploads\/sites\/6\/2025\/01\/1bdae7dc-dd11-491d-bf0f-a436ee2f0bd1.jpeg","contentUrl":"https:\/\/noti-america.com\/site\/repdom\/wp-content\/uploads\/sites\/6\/2025\/01\/1bdae7dc-dd11-491d-bf0f-a436ee2f0bd1.jpeg","width":1141,"height":1600},{"@type":"BreadcrumbList","@id":"https:\/\/noti-america.com\/site\/repdom\/2025\/01\/20\/periodista-francisca-maria-jimenez-recibe-prestigiosos-reconocimientos-internacionales\/#breadcrumb","itemListElement":[{"@type":"ListItem","position":1,"name":"Portada","item":"https:\/\/noti-america.com\/site\/repdom\/"},{"@type":"ListItem","position":2,"name":"Periodista Francisca Mar\u00eda Jim\u00e9nez recibe prestigiosos reconocimientos internacionales"}]},{"@type":"WebSite","@id":"https:\/\/noti-america.com\/site\/repdom\/#website","url":"https:\/\/noti-america.com\/site\/repdom\/","name":"Rep. Dominicana | Noti-America.com","description":"","publisher":{"@id":"https:\/\/noti-america.com\/site\/repdom\/#organization"},"potentialAction":[{"@type":"SearchAction","target":{"@type":"EntryPoint","urlTemplate":"https:\/\/noti-america.com\/site\/repdom\/?s={search_term_string}"},"query-input":{"@type":"PropertyValueSpecification","valueRequired":true,"valueName":"search_term_string"}}],"inLanguage":"es"},{"@type":"Organization","@id":"https:\/\/noti-america.com\/site\/repdom\/#organization","name":"Noti-America LLC | Rep\u00fablica Dominicana","url":"https:\/\/noti-america.com\/site\/repdom\/","logo":{"@type":"ImageObject","inLanguage":"es","@id":"https:\/\/noti-america.com\/site\/repdom\/#\/schema\/logo\/image\/","url":"https:\/\/noti-america.com\/site\/repdom\/wp-content\/uploads\/sites\/6\/2020\/07\/LogoNA-4x3-1.jpg","contentUrl":"https:\/\/noti-america.com\/site\/repdom\/wp-content\/uploads\/sites\/6\/2020\/07\/LogoNA-4x3-1.jpg","width":1236,"height":1080,"caption":"Noti-America LLC | Rep\u00fablica Dominicana"},"image":{"@id":"https:\/\/noti-america.com\/site\/repdom\/#\/schema\/logo\/image\/"}},{"@type":"Person","@id":"https:\/\/noti-america.com\/site\/repdom\/#\/schema\/person\/8027db7d71a0328e6e4474fa188c6fb3","name":"Miguel Ramirez","image":{"@type":"ImageObject","inLanguage":"es","@id":"https:\/\/secure.gravatar.com\/avatar\/41a78fb2cdab3e2dc5831d3591f1dab499ed0c22acc464195b09f37c2b3ac2cf?s=96&d=mm&r=g","url":"https:\/\/secure.gravatar.com\/avatar\/41a78fb2cdab3e2dc5831d3591f1dab499ed0c22acc464195b09f37c2b3ac2cf?s=96&d=mm&r=g","contentUrl":"https:\/\/secure.gravatar.com\/avatar\/41a78fb2cdab3e2dc5831d3591f1dab499ed0c22acc464195b09f37c2b3ac2cf?s=96&d=mm&r=g","caption":"Miguel Ramirez"},"description":"Locutor y periodista digital y coach comunicaci\u00f3n","sameAs":["https:\/\/www.facebook.com\/share\/1HVE1qCqVk\/?mibextid=wwXIfr"],"url":"https:\/\/noti-america.com\/site\/repdom\/author\/mramirez\/"}]}},"_links":{"self":[{"href":"https:\/\/noti-america.com\/site\/repdom\/wp-json\/wp\/v2\/posts\/31408","targetHints":{"allow":["GET"]}}],"collection":[{"href":"https:\/\/noti-america.com\/site\/repdom\/wp-json\/wp\/v2\/posts"}],"about":[{"href":"https:\/\/noti-america.com\/site\/repdom\/wp-json\/wp\/v2\/types\/post"}],"author":[{"embeddable":true,"href":"https:\/\/noti-america.com\/site\/repdom\/wp-json\/wp\/v2\/users\/96"}],"replies":[{"embeddable":true,"href":"https:\/\/noti-america.com\/site\/repdom\/wp-json\/wp\/v2\/comments?post=31408"}],"version-history":[{"count":1,"href":"https:\/\/noti-america.com\/site\/repdom\/wp-json\/wp\/v2\/posts\/31408\/revisions"}],"predecessor-version":[{"id":31411,"href":"https:\/\/noti-america.com\/site\/repdom\/wp-json\/wp\/v2\/posts\/31408\/revisions\/31411"}],"wp:attachment":[{"href":"https:\/\/noti-america.com\/site\/repdom\/wp-json\/wp\/v2\/media?parent=31408"}],"wp:term":[{"taxonomy":"category","embeddable":true,"href":"https:\/\/noti-america.com\/site\/repdom\/wp-json\/wp\/v2\/categories?post=31408"},{"taxonomy":"post_tag","embeddable":true,"href":"https:\/\/noti-america.com\/site\/repdom\/wp-json\/wp\/v2\/tags?post=31408"}],"curies":[{"name":"wp","href":"https:\/\/api.w.org\/{rel}","templated":true}]}}