{"id":31094,"date":"2024-12-18T11:01:36","date_gmt":"2024-12-18T11:01:36","guid":{"rendered":"https:\/\/noti-america.com\/site\/repdom\/2024\/12\/18\/rafael-perez-lanza-su-segundo-libro-y-consolida-su-ministerio-profetico-internacional-2\/"},"modified":"2024-12-18T11:01:36","modified_gmt":"2024-12-18T11:01:36","slug":"rafael-perez-lanza-su-segundo-libro-y-consolida-su-ministerio-profetico-internacional-2","status":"publish","type":"post","link":"https:\/\/noti-america.com\/site\/repdom\/2024\/12\/18\/rafael-perez-lanza-su-segundo-libro-y-consolida-su-ministerio-profetico-internacional-2\/","title":{"rendered":"Rafael P\u00e9rez lanza su segundo libro y consolida su ministerio prof\u00e9tico internacional"},"content":{"rendered":"<p>&nbsp;<\/p>\n<p><img loading=\"lazy\" decoding=\"async\" class=\"alignnone size-medium wp-image-31091\" src=\"https:\/\/noti-america.com\/site\/repdom\/wp-content\/uploads\/sites\/6\/2024\/12\/f2ab01e0-3e7f-4e29-b71d-3c6485b984a4-240x300.jpeg\" alt=\"\" width=\"240\" height=\"300\" srcset=\"https:\/\/noti-america.com\/site\/repdom\/wp-content\/uploads\/sites\/6\/2024\/12\/f2ab01e0-3e7f-4e29-b71d-3c6485b984a4-240x300.jpeg 240w, https:\/\/noti-america.com\/site\/repdom\/wp-content\/uploads\/sites\/6\/2024\/12\/f2ab01e0-3e7f-4e29-b71d-3c6485b984a4-819x1024.jpeg 819w, https:\/\/noti-america.com\/site\/repdom\/wp-content\/uploads\/sites\/6\/2024\/12\/f2ab01e0-3e7f-4e29-b71d-3c6485b984a4-768x960.jpeg 768w, https:\/\/noti-america.com\/site\/repdom\/wp-content\/uploads\/sites\/6\/2024\/12\/f2ab01e0-3e7f-4e29-b71d-3c6485b984a4-1229x1536.jpeg 1229w, https:\/\/noti-america.com\/site\/repdom\/wp-content\/uploads\/sites\/6\/2024\/12\/f2ab01e0-3e7f-4e29-b71d-3c6485b984a4.jpeg 1638w\" sizes=\"auto, (max-width: 240px) 100vw, 240px\" \/><\/p>\n<p>\u00abEl profeta de origen dominicano lanza su segundo libro donde explora la vida de uno de los ministerios m\u00e1s emblem\u00e1ticos a nivel cristiano\u00bb<\/p>\n<p>&nbsp;<\/p>\n<p>Miami, FL. El profeta y predicador de origen dominicano radicado en Estados Unidos, Rafael P\u00e9rez lanza su segunda obra literaria, resaltando uno de los ministerios de mayor controversia a trav\u00e9s de los tiempos, el ministerio prof\u00e9tico con su m\u00e1s reciente alumbramiento como escritor: \u00abLa Vida de un Profeta\u00bb.<\/p>\n<p>\u00abLa Vida de un Profeta\u00bb es un libro creado con el fin de ser una herramienta para todo aquel que fue ungido como profeta, y quien le interese ciertos temas prof\u00e9ticos. Con este libro, el destacado predicador internacional consolida su carrera como escritor y su compromiso ministerial, plasmando las vicisitudes, desaf\u00edos y pruebas que todo profeta vive a lo largo de su vida en el ejercicio de este oficio espiritual.<\/p>\n<p><img loading=\"lazy\" decoding=\"async\" class=\"alignnone size-medium wp-image-31092\" src=\"https:\/\/noti-america.com\/site\/repdom\/wp-content\/uploads\/sites\/6\/2024\/12\/1feb9103-2f4a-49b2-8cdb-2997b6bb1cdc-181x300.jpeg\" alt=\"\" width=\"181\" height=\"300\" srcset=\"https:\/\/noti-america.com\/site\/repdom\/wp-content\/uploads\/sites\/6\/2024\/12\/1feb9103-2f4a-49b2-8cdb-2997b6bb1cdc-181x300.jpeg 181w, https:\/\/noti-america.com\/site\/repdom\/wp-content\/uploads\/sites\/6\/2024\/12\/1feb9103-2f4a-49b2-8cdb-2997b6bb1cdc-618x1024.jpeg 618w, https:\/\/noti-america.com\/site\/repdom\/wp-content\/uploads\/sites\/6\/2024\/12\/1feb9103-2f4a-49b2-8cdb-2997b6bb1cdc-768x1273.jpeg 768w, https:\/\/noti-america.com\/site\/repdom\/wp-content\/uploads\/sites\/6\/2024\/12\/1feb9103-2f4a-49b2-8cdb-2997b6bb1cdc-927x1536.jpeg 927w, https:\/\/noti-america.com\/site\/repdom\/wp-content\/uploads\/sites\/6\/2024\/12\/1feb9103-2f4a-49b2-8cdb-2997b6bb1cdc.jpeg 1236w\" sizes=\"auto, (max-width: 181px) 100vw, 181px\" \/><\/p>\n<p>\u00abDios marc\u00f3 mi vida teniendo experiencias espirituales desde mi juventud hasta ahora. Motivo por lo que nace en mi coraz\u00f3n este libro titulado, \u201cla vida de un profeta\u201d &#8211; afirma el destacado predicador.<\/p>\n<p>En tal sentido, P\u00e9rez afirma que, por medio de este, Dios le dar\u00e1 al lector, herramientas espirituales, para que como persona ungida conozcan el valor que tiene el ministerio entregado. Adem\u00e1s, aprender\u00e1 c\u00f3mo manejar los dep\u00f3sitos de Dios para el ejercicio prof\u00e9tico. A trav\u00e9s del contenido desarrollado en \u00abla Vida de un Profeta\u00bb, quienes deseen educarse y alinearse a ciertos principios b\u00edblicos en muchas de \u00e1reas de la vida ministerial, podr\u00e1n recibir t\u00e9cnicas, conceptos pr\u00e1cticos para contribuir a un crecimiento integral y alcanzar m\u00e1s personas.<\/p>\n<p><img loading=\"lazy\" decoding=\"async\" class=\"alignnone size-medium wp-image-31093\" src=\"https:\/\/noti-america.com\/site\/repdom\/wp-content\/uploads\/sites\/6\/2024\/12\/bc99c99b-dae1-4037-be59-a6f7afe23203-300x200.jpeg\" alt=\"\" width=\"300\" height=\"200\" srcset=\"https:\/\/noti-america.com\/site\/repdom\/wp-content\/uploads\/sites\/6\/2024\/12\/bc99c99b-dae1-4037-be59-a6f7afe23203-300x200.jpeg 300w, https:\/\/noti-america.com\/site\/repdom\/wp-content\/uploads\/sites\/6\/2024\/12\/bc99c99b-dae1-4037-be59-a6f7afe23203-1024x683.jpeg 1024w, https:\/\/noti-america.com\/site\/repdom\/wp-content\/uploads\/sites\/6\/2024\/12\/bc99c99b-dae1-4037-be59-a6f7afe23203-768x512.jpeg 768w, https:\/\/noti-america.com\/site\/repdom\/wp-content\/uploads\/sites\/6\/2024\/12\/bc99c99b-dae1-4037-be59-a6f7afe23203-1536x1024.jpeg 1536w, https:\/\/noti-america.com\/site\/repdom\/wp-content\/uploads\/sites\/6\/2024\/12\/bc99c99b-dae1-4037-be59-a6f7afe23203-272x182.jpeg 272w, https:\/\/noti-america.com\/site\/repdom\/wp-content\/uploads\/sites\/6\/2024\/12\/bc99c99b-dae1-4037-be59-a6f7afe23203.jpeg 2048w\" sizes=\"auto, (max-width: 300px) 100vw, 300px\" \/><\/p>\n<p>&nbsp;<\/p>\n<p>\u00bfQui\u00e9n es Rafael P\u00e9rez?<\/p>\n<p>Nacido en Rep\u00fablica Dominicana, espec\u00edficamente en el Barrio \u00abValiente\u00bb, de La Caleta en Santo Domingo Este. Formado en el \u00e1rea de la Psicolog\u00eda General y Teolog\u00eda. Desde hace varios a\u00f1os y por medio de varios proyectos, ha impactado la sociedad tanto en Rep\u00fablica Dominicana como en los Estados Unidos. En su primer libro \u00abJuventud con Prop\u00f3sito\u00bb, aborda temas trascendentales como los desaf\u00edos que todo joven cristiano vive en la actualidad para cumplir con su llamado.<\/p>\n<p>Vive en la actualidad en la ciudad de Miami, FL. Predicando la Palabra de Jes\u00fas en todo el territorio de Norteam\u00e9rica y en al menos siete pa\u00edses alrededor del mundo. Es el l\u00edder principal del Ministerio de Formaci\u00f3n Prof\u00e9tica \u00abJerem\u00edas 1:5\u00bb, ministerio especializado en capacitar personas, en el \u00e1rea de la psicolog\u00eda y temas teol\u00f3gicos. Desde muy temprana edad, P\u00e9rez ha ense\u00f1ado y formado a diversos l\u00edderes cristianos. Impactando a j\u00f3venes por las ense\u00f1anzas impartidas y la poderosa manifestaci\u00f3n del poder divino de Dios por medio de su ministerio.<\/p>\n<p>Rafael tambi\u00e9n es evangelista y comparte algunas de sus ense\u00f1anzas en sus redes sociales y en aquellos ministerios interesados en recibir de los dep\u00f3sitos de Dios en este joven y sus dos obras publicadas por lo que extiende invitaci\u00f3n a escribirle al correo: ministrorafaelperes@gmail.com. Tambi\u00e9n puede contactar al n\u00famero m\u00f3vil: 978-873-8855. El nuevo libro se encuentra disponible en Amazon:<\/p>\n<p>\u25aa\ufe0e La Vida de un Profeta: https:\/\/a.co\/d\/3bUbs8K<\/p>\n<p>\u25aa\ufe0e Juventud con Prop\u00f3sito: https:\/\/a.co\/d\/hn9Fqtt<\/p>\n<p>Fuente: Equipo Min. Form. Prof\u00e9tica \u00abJerem\u00edas 1:5\u00bb<\/p>\n<p>&nbsp;<\/p>\n<p>&nbsp;<\/p>\n<p>&nbsp;<\/p>\n<p>.<\/p>\n<p>&nbsp;<\/p>\n<p>&nbsp;<\/p>\n","protected":false},"excerpt":{"rendered":"<p>&nbsp; \u00abEl profeta de origen dominicano lanza su segundo libro donde explora la vida de uno de los ministerios m\u00e1s emblem\u00e1ticos a nivel cristiano\u00bb &nbsp; Miami, FL. El profeta y predicador de origen dominicano&#46;&#46;&#46;<\/p>\n","protected":false},"author":96,"featured_media":31095,"comment_status":"open","ping_status":"open","sticky":false,"template":"","format":"standard","meta":{"_acf_changed":false,"rop_custom_images_group":[],"rop_custom_messages_group":[],"rop_publish_now":"initial","rop_publish_now_accounts":[],"rop_publish_now_history":[],"rop_publish_now_status":"pending","footnotes":""},"categories":[10],"tags":[],"class_list":["post-31094","post","type-post","status-publish","format-standard","has-post-thumbnail","hentry","category-actualidad"],"acf":[],"yoast_head":"<!-- This site is optimized with the Yoast SEO Premium plugin v24.9 (Yoast SEO v27.2) - https:\/\/yoast.com\/product\/yoast-seo-premium-wordpress\/ -->\n<title>Rafael P\u00e9rez lanza su segundo libro y consolida su ministerio prof\u00e9tico internacional - Rep. Dominicana | Noti-America.com<\/title>\n<meta name=\"robots\" content=\"index, follow, max-snippet:-1, max-image-preview:large, max-video-preview:-1\" \/>\n<link rel=\"canonical\" href=\"https:\/\/noti-america.com\/site\/repdom\/2024\/12\/18\/rafael-perez-lanza-su-segundo-libro-y-consolida-su-ministerio-profetico-internacional-2\/\" \/>\n<meta property=\"og:locale\" content=\"es_ES\" \/>\n<meta property=\"og:type\" content=\"article\" \/>\n<meta property=\"og:title\" content=\"Rafael P\u00e9rez lanza su segundo libro y consolida su ministerio prof\u00e9tico internacional\" \/>\n<meta property=\"og:description\" content=\"&nbsp; \u00abEl profeta de origen dominicano lanza su segundo libro donde explora la vida de uno de los ministerios m\u00e1s emblem\u00e1ticos a nivel cristiano\u00bb &nbsp; Miami, FL. El profeta y predicador de origen dominicano&#046;&#046;&#046;\" \/>\n<meta property=\"og:url\" content=\"https:\/\/noti-america.com\/site\/repdom\/2024\/12\/18\/rafael-perez-lanza-su-segundo-libro-y-consolida-su-ministerio-profetico-internacional-2\/\" \/>\n<meta property=\"og:site_name\" content=\"Rep. Dominicana | Noti-America.com\" \/>\n<meta property=\"article:author\" content=\"https:\/\/www.facebook.com\/share\/1HVE1qCqVk\/?mibextid=wwXIfr\" \/>\n<meta property=\"article:published_time\" content=\"2024-12-18T11:01:36+00:00\" \/>\n<meta property=\"og:image\" content=\"https:\/\/noti-america.com\/site\/repdom\/wp-content\/uploads\/sites\/6\/2024\/12\/1feb9103-2f4a-49b2-8cdb-2997b6bb1cdc.jpeg\" \/>\n\t<meta property=\"og:image:width\" content=\"1236\" \/>\n\t<meta property=\"og:image:height\" content=\"2048\" \/>\n\t<meta property=\"og:image:type\" content=\"image\/jpeg\" \/>\n<meta name=\"author\" content=\"Miguel Ramirez\" \/>\n<meta name=\"twitter:card\" content=\"summary_large_image\" \/>\n<meta name=\"twitter:label1\" content=\"Escrito por\" \/>\n\t<meta name=\"twitter:data1\" content=\"Miguel Ramirez\" \/>\n\t<meta name=\"twitter:label2\" content=\"Tiempo estimado de lectura\" \/>\n\t<meta name=\"twitter:data2\" content=\"3 minutos\" \/>\n<script type=\"application\/ld+json\" class=\"yoast-schema-graph\">{\"@context\":\"https:\/\/schema.org\",\"@graph\":[{\"@type\":\"Article\",\"@id\":\"https:\/\/noti-america.com\/site\/repdom\/2024\/12\/18\/rafael-perez-lanza-su-segundo-libro-y-consolida-su-ministerio-profetico-internacional-2\/#article\",\"isPartOf\":{\"@id\":\"https:\/\/noti-america.com\/site\/repdom\/2024\/12\/18\/rafael-perez-lanza-su-segundo-libro-y-consolida-su-ministerio-profetico-internacional-2\/\"},\"author\":{\"name\":\"Miguel Ramirez\",\"@id\":\"https:\/\/noti-america.com\/site\/repdom\/#\/schema\/person\/8027db7d71a0328e6e4474fa188c6fb3\"},\"headline\":\"Rafael P\u00e9rez lanza su segundo libro y consolida su ministerio prof\u00e9tico internacional\",\"datePublished\":\"2024-12-18T11:01:36+00:00\",\"mainEntityOfPage\":{\"@id\":\"https:\/\/noti-america.com\/site\/repdom\/2024\/12\/18\/rafael-perez-lanza-su-segundo-libro-y-consolida-su-ministerio-profetico-internacional-2\/\"},\"wordCount\":591,\"commentCount\":0,\"publisher\":{\"@id\":\"https:\/\/noti-america.com\/site\/repdom\/#organization\"},\"image\":{\"@id\":\"https:\/\/noti-america.com\/site\/repdom\/2024\/12\/18\/rafael-perez-lanza-su-segundo-libro-y-consolida-su-ministerio-profetico-internacional-2\/#primaryimage\"},\"thumbnailUrl\":\"https:\/\/noti-america.com\/site\/repdom\/wp-content\/uploads\/sites\/6\/2024\/12\/1feb9103-2f4a-49b2-8cdb-2997b6bb1cdc.jpeg\",\"articleSection\":[\"Actualidad\"],\"inLanguage\":\"es\",\"potentialAction\":[{\"@type\":\"CommentAction\",\"name\":\"Comment\",\"target\":[\"https:\/\/noti-america.com\/site\/repdom\/2024\/12\/18\/rafael-perez-lanza-su-segundo-libro-y-consolida-su-ministerio-profetico-internacional-2\/#respond\"]}]},{\"@type\":\"WebPage\",\"@id\":\"https:\/\/noti-america.com\/site\/repdom\/2024\/12\/18\/rafael-perez-lanza-su-segundo-libro-y-consolida-su-ministerio-profetico-internacional-2\/\",\"url\":\"https:\/\/noti-america.com\/site\/repdom\/2024\/12\/18\/rafael-perez-lanza-su-segundo-libro-y-consolida-su-ministerio-profetico-internacional-2\/\",\"name\":\"Rafael P\u00e9rez lanza su segundo libro y consolida su ministerio prof\u00e9tico internacional - Rep. Dominicana | Noti-America.com\",\"isPartOf\":{\"@id\":\"https:\/\/noti-america.com\/site\/repdom\/#website\"},\"primaryImageOfPage\":{\"@id\":\"https:\/\/noti-america.com\/site\/repdom\/2024\/12\/18\/rafael-perez-lanza-su-segundo-libro-y-consolida-su-ministerio-profetico-internacional-2\/#primaryimage\"},\"image\":{\"@id\":\"https:\/\/noti-america.com\/site\/repdom\/2024\/12\/18\/rafael-perez-lanza-su-segundo-libro-y-consolida-su-ministerio-profetico-internacional-2\/#primaryimage\"},\"thumbnailUrl\":\"https:\/\/noti-america.com\/site\/repdom\/wp-content\/uploads\/sites\/6\/2024\/12\/1feb9103-2f4a-49b2-8cdb-2997b6bb1cdc.jpeg\",\"datePublished\":\"2024-12-18T11:01:36+00:00\",\"breadcrumb\":{\"@id\":\"https:\/\/noti-america.com\/site\/repdom\/2024\/12\/18\/rafael-perez-lanza-su-segundo-libro-y-consolida-su-ministerio-profetico-internacional-2\/#breadcrumb\"},\"inLanguage\":\"es\",\"potentialAction\":[{\"@type\":\"ReadAction\",\"target\":[\"https:\/\/noti-america.com\/site\/repdom\/2024\/12\/18\/rafael-perez-lanza-su-segundo-libro-y-consolida-su-ministerio-profetico-internacional-2\/\"]}]},{\"@type\":\"ImageObject\",\"inLanguage\":\"es\",\"@id\":\"https:\/\/noti-america.com\/site\/repdom\/2024\/12\/18\/rafael-perez-lanza-su-segundo-libro-y-consolida-su-ministerio-profetico-internacional-2\/#primaryimage\",\"url\":\"https:\/\/noti-america.com\/site\/repdom\/wp-content\/uploads\/sites\/6\/2024\/12\/1feb9103-2f4a-49b2-8cdb-2997b6bb1cdc.jpeg\",\"contentUrl\":\"https:\/\/noti-america.com\/site\/repdom\/wp-content\/uploads\/sites\/6\/2024\/12\/1feb9103-2f4a-49b2-8cdb-2997b6bb1cdc.jpeg\",\"width\":1236,\"height\":2048},{\"@type\":\"BreadcrumbList\",\"@id\":\"https:\/\/noti-america.com\/site\/repdom\/2024\/12\/18\/rafael-perez-lanza-su-segundo-libro-y-consolida-su-ministerio-profetico-internacional-2\/#breadcrumb\",\"itemListElement\":[{\"@type\":\"ListItem\",\"position\":1,\"name\":\"Portada\",\"item\":\"https:\/\/noti-america.com\/site\/repdom\/\"},{\"@type\":\"ListItem\",\"position\":2,\"name\":\"Rafael P\u00e9rez lanza su segundo libro y consolida su ministerio prof\u00e9tico internacional\"}]},{\"@type\":\"WebSite\",\"@id\":\"https:\/\/noti-america.com\/site\/repdom\/#website\",\"url\":\"https:\/\/noti-america.com\/site\/repdom\/\",\"name\":\"Rep. Dominicana | Noti-America.com\",\"description\":\"\",\"publisher\":{\"@id\":\"https:\/\/noti-america.com\/site\/repdom\/#organization\"},\"potentialAction\":[{\"@type\":\"SearchAction\",\"target\":{\"@type\":\"EntryPoint\",\"urlTemplate\":\"https:\/\/noti-america.com\/site\/repdom\/?s={search_term_string}\"},\"query-input\":{\"@type\":\"PropertyValueSpecification\",\"valueRequired\":true,\"valueName\":\"search_term_string\"}}],\"inLanguage\":\"es\"},{\"@type\":\"Organization\",\"@id\":\"https:\/\/noti-america.com\/site\/repdom\/#organization\",\"name\":\"Noti-America LLC | Rep\u00fablica Dominicana\",\"url\":\"https:\/\/noti-america.com\/site\/repdom\/\",\"logo\":{\"@type\":\"ImageObject\",\"inLanguage\":\"es\",\"@id\":\"https:\/\/noti-america.com\/site\/repdom\/#\/schema\/logo\/image\/\",\"url\":\"https:\/\/noti-america.com\/site\/repdom\/wp-content\/uploads\/sites\/6\/2020\/07\/LogoNA-4x3-1.jpg\",\"contentUrl\":\"https:\/\/noti-america.com\/site\/repdom\/wp-content\/uploads\/sites\/6\/2020\/07\/LogoNA-4x3-1.jpg\",\"width\":1236,\"height\":1080,\"caption\":\"Noti-America LLC | Rep\u00fablica Dominicana\"},\"image\":{\"@id\":\"https:\/\/noti-america.com\/site\/repdom\/#\/schema\/logo\/image\/\"}},{\"@type\":\"Person\",\"@id\":\"https:\/\/noti-america.com\/site\/repdom\/#\/schema\/person\/8027db7d71a0328e6e4474fa188c6fb3\",\"name\":\"Miguel Ramirez\",\"image\":{\"@type\":\"ImageObject\",\"inLanguage\":\"es\",\"@id\":\"https:\/\/secure.gravatar.com\/avatar\/41a78fb2cdab3e2dc5831d3591f1dab499ed0c22acc464195b09f37c2b3ac2cf?s=96&d=mm&r=g\",\"url\":\"https:\/\/secure.gravatar.com\/avatar\/41a78fb2cdab3e2dc5831d3591f1dab499ed0c22acc464195b09f37c2b3ac2cf?s=96&d=mm&r=g\",\"contentUrl\":\"https:\/\/secure.gravatar.com\/avatar\/41a78fb2cdab3e2dc5831d3591f1dab499ed0c22acc464195b09f37c2b3ac2cf?s=96&d=mm&r=g\",\"caption\":\"Miguel Ramirez\"},\"description\":\"Locutor y periodista digital y coach comunicaci\u00f3n\",\"sameAs\":[\"https:\/\/www.facebook.com\/share\/1HVE1qCqVk\/?mibextid=wwXIfr\"],\"url\":\"https:\/\/noti-america.com\/site\/repdom\/author\/mramirez\/\"}]}<\/script>\n<!-- \/ Yoast SEO Premium plugin. -->","yoast_head_json":{"title":"Rafael P\u00e9rez lanza su segundo libro y consolida su ministerio prof\u00e9tico internacional - Rep. Dominicana | Noti-America.com","robots":{"index":"index","follow":"follow","max-snippet":"max-snippet:-1","max-image-preview":"max-image-preview:large","max-video-preview":"max-video-preview:-1"},"canonical":"https:\/\/noti-america.com\/site\/repdom\/2024\/12\/18\/rafael-perez-lanza-su-segundo-libro-y-consolida-su-ministerio-profetico-internacional-2\/","og_locale":"es_ES","og_type":"article","og_title":"Rafael P\u00e9rez lanza su segundo libro y consolida su ministerio prof\u00e9tico internacional","og_description":"&nbsp; \u00abEl profeta de origen dominicano lanza su segundo libro donde explora la vida de uno de los ministerios m\u00e1s emblem\u00e1ticos a nivel cristiano\u00bb &nbsp; Miami, FL. El profeta y predicador de origen dominicano&#46;&#46;&#46;","og_url":"https:\/\/noti-america.com\/site\/repdom\/2024\/12\/18\/rafael-perez-lanza-su-segundo-libro-y-consolida-su-ministerio-profetico-internacional-2\/","og_site_name":"Rep. Dominicana | Noti-America.com","article_author":"https:\/\/www.facebook.com\/share\/1HVE1qCqVk\/?mibextid=wwXIfr","article_published_time":"2024-12-18T11:01:36+00:00","og_image":[{"width":1236,"height":2048,"url":"https:\/\/noti-america.com\/site\/repdom\/wp-content\/uploads\/sites\/6\/2024\/12\/1feb9103-2f4a-49b2-8cdb-2997b6bb1cdc.jpeg","type":"image\/jpeg"}],"author":"Miguel Ramirez","twitter_card":"summary_large_image","twitter_misc":{"Escrito por":"Miguel Ramirez","Tiempo estimado de lectura":"3 minutos"},"schema":{"@context":"https:\/\/schema.org","@graph":[{"@type":"Article","@id":"https:\/\/noti-america.com\/site\/repdom\/2024\/12\/18\/rafael-perez-lanza-su-segundo-libro-y-consolida-su-ministerio-profetico-internacional-2\/#article","isPartOf":{"@id":"https:\/\/noti-america.com\/site\/repdom\/2024\/12\/18\/rafael-perez-lanza-su-segundo-libro-y-consolida-su-ministerio-profetico-internacional-2\/"},"author":{"name":"Miguel Ramirez","@id":"https:\/\/noti-america.com\/site\/repdom\/#\/schema\/person\/8027db7d71a0328e6e4474fa188c6fb3"},"headline":"Rafael P\u00e9rez lanza su segundo libro y consolida su ministerio prof\u00e9tico internacional","datePublished":"2024-12-18T11:01:36+00:00","mainEntityOfPage":{"@id":"https:\/\/noti-america.com\/site\/repdom\/2024\/12\/18\/rafael-perez-lanza-su-segundo-libro-y-consolida-su-ministerio-profetico-internacional-2\/"},"wordCount":591,"commentCount":0,"publisher":{"@id":"https:\/\/noti-america.com\/site\/repdom\/#organization"},"image":{"@id":"https:\/\/noti-america.com\/site\/repdom\/2024\/12\/18\/rafael-perez-lanza-su-segundo-libro-y-consolida-su-ministerio-profetico-internacional-2\/#primaryimage"},"thumbnailUrl":"https:\/\/noti-america.com\/site\/repdom\/wp-content\/uploads\/sites\/6\/2024\/12\/1feb9103-2f4a-49b2-8cdb-2997b6bb1cdc.jpeg","articleSection":["Actualidad"],"inLanguage":"es","potentialAction":[{"@type":"CommentAction","name":"Comment","target":["https:\/\/noti-america.com\/site\/repdom\/2024\/12\/18\/rafael-perez-lanza-su-segundo-libro-y-consolida-su-ministerio-profetico-internacional-2\/#respond"]}]},{"@type":"WebPage","@id":"https:\/\/noti-america.com\/site\/repdom\/2024\/12\/18\/rafael-perez-lanza-su-segundo-libro-y-consolida-su-ministerio-profetico-internacional-2\/","url":"https:\/\/noti-america.com\/site\/repdom\/2024\/12\/18\/rafael-perez-lanza-su-segundo-libro-y-consolida-su-ministerio-profetico-internacional-2\/","name":"Rafael P\u00e9rez lanza su segundo libro y consolida su ministerio prof\u00e9tico internacional - Rep. Dominicana | Noti-America.com","isPartOf":{"@id":"https:\/\/noti-america.com\/site\/repdom\/#website"},"primaryImageOfPage":{"@id":"https:\/\/noti-america.com\/site\/repdom\/2024\/12\/18\/rafael-perez-lanza-su-segundo-libro-y-consolida-su-ministerio-profetico-internacional-2\/#primaryimage"},"image":{"@id":"https:\/\/noti-america.com\/site\/repdom\/2024\/12\/18\/rafael-perez-lanza-su-segundo-libro-y-consolida-su-ministerio-profetico-internacional-2\/#primaryimage"},"thumbnailUrl":"https:\/\/noti-america.com\/site\/repdom\/wp-content\/uploads\/sites\/6\/2024\/12\/1feb9103-2f4a-49b2-8cdb-2997b6bb1cdc.jpeg","datePublished":"2024-12-18T11:01:36+00:00","breadcrumb":{"@id":"https:\/\/noti-america.com\/site\/repdom\/2024\/12\/18\/rafael-perez-lanza-su-segundo-libro-y-consolida-su-ministerio-profetico-internacional-2\/#breadcrumb"},"inLanguage":"es","potentialAction":[{"@type":"ReadAction","target":["https:\/\/noti-america.com\/site\/repdom\/2024\/12\/18\/rafael-perez-lanza-su-segundo-libro-y-consolida-su-ministerio-profetico-internacional-2\/"]}]},{"@type":"ImageObject","inLanguage":"es","@id":"https:\/\/noti-america.com\/site\/repdom\/2024\/12\/18\/rafael-perez-lanza-su-segundo-libro-y-consolida-su-ministerio-profetico-internacional-2\/#primaryimage","url":"https:\/\/noti-america.com\/site\/repdom\/wp-content\/uploads\/sites\/6\/2024\/12\/1feb9103-2f4a-49b2-8cdb-2997b6bb1cdc.jpeg","contentUrl":"https:\/\/noti-america.com\/site\/repdom\/wp-content\/uploads\/sites\/6\/2024\/12\/1feb9103-2f4a-49b2-8cdb-2997b6bb1cdc.jpeg","width":1236,"height":2048},{"@type":"BreadcrumbList","@id":"https:\/\/noti-america.com\/site\/repdom\/2024\/12\/18\/rafael-perez-lanza-su-segundo-libro-y-consolida-su-ministerio-profetico-internacional-2\/#breadcrumb","itemListElement":[{"@type":"ListItem","position":1,"name":"Portada","item":"https:\/\/noti-america.com\/site\/repdom\/"},{"@type":"ListItem","position":2,"name":"Rafael P\u00e9rez lanza su segundo libro y consolida su ministerio prof\u00e9tico internacional"}]},{"@type":"WebSite","@id":"https:\/\/noti-america.com\/site\/repdom\/#website","url":"https:\/\/noti-america.com\/site\/repdom\/","name":"Rep. Dominicana | Noti-America.com","description":"","publisher":{"@id":"https:\/\/noti-america.com\/site\/repdom\/#organization"},"potentialAction":[{"@type":"SearchAction","target":{"@type":"EntryPoint","urlTemplate":"https:\/\/noti-america.com\/site\/repdom\/?s={search_term_string}"},"query-input":{"@type":"PropertyValueSpecification","valueRequired":true,"valueName":"search_term_string"}}],"inLanguage":"es"},{"@type":"Organization","@id":"https:\/\/noti-america.com\/site\/repdom\/#organization","name":"Noti-America LLC | Rep\u00fablica Dominicana","url":"https:\/\/noti-america.com\/site\/repdom\/","logo":{"@type":"ImageObject","inLanguage":"es","@id":"https:\/\/noti-america.com\/site\/repdom\/#\/schema\/logo\/image\/","url":"https:\/\/noti-america.com\/site\/repdom\/wp-content\/uploads\/sites\/6\/2020\/07\/LogoNA-4x3-1.jpg","contentUrl":"https:\/\/noti-america.com\/site\/repdom\/wp-content\/uploads\/sites\/6\/2020\/07\/LogoNA-4x3-1.jpg","width":1236,"height":1080,"caption":"Noti-America LLC | Rep\u00fablica Dominicana"},"image":{"@id":"https:\/\/noti-america.com\/site\/repdom\/#\/schema\/logo\/image\/"}},{"@type":"Person","@id":"https:\/\/noti-america.com\/site\/repdom\/#\/schema\/person\/8027db7d71a0328e6e4474fa188c6fb3","name":"Miguel Ramirez","image":{"@type":"ImageObject","inLanguage":"es","@id":"https:\/\/secure.gravatar.com\/avatar\/41a78fb2cdab3e2dc5831d3591f1dab499ed0c22acc464195b09f37c2b3ac2cf?s=96&d=mm&r=g","url":"https:\/\/secure.gravatar.com\/avatar\/41a78fb2cdab3e2dc5831d3591f1dab499ed0c22acc464195b09f37c2b3ac2cf?s=96&d=mm&r=g","contentUrl":"https:\/\/secure.gravatar.com\/avatar\/41a78fb2cdab3e2dc5831d3591f1dab499ed0c22acc464195b09f37c2b3ac2cf?s=96&d=mm&r=g","caption":"Miguel Ramirez"},"description":"Locutor y periodista digital y coach comunicaci\u00f3n","sameAs":["https:\/\/www.facebook.com\/share\/1HVE1qCqVk\/?mibextid=wwXIfr"],"url":"https:\/\/noti-america.com\/site\/repdom\/author\/mramirez\/"}]}},"_links":{"self":[{"href":"https:\/\/noti-america.com\/site\/repdom\/wp-json\/wp\/v2\/posts\/31094","targetHints":{"allow":["GET"]}}],"collection":[{"href":"https:\/\/noti-america.com\/site\/repdom\/wp-json\/wp\/v2\/posts"}],"about":[{"href":"https:\/\/noti-america.com\/site\/repdom\/wp-json\/wp\/v2\/types\/post"}],"author":[{"embeddable":true,"href":"https:\/\/noti-america.com\/site\/repdom\/wp-json\/wp\/v2\/users\/96"}],"replies":[{"embeddable":true,"href":"https:\/\/noti-america.com\/site\/repdom\/wp-json\/wp\/v2\/comments?post=31094"}],"version-history":[{"count":0,"href":"https:\/\/noti-america.com\/site\/repdom\/wp-json\/wp\/v2\/posts\/31094\/revisions"}],"wp:featuredmedia":[{"embeddable":true,"href":"https:\/\/noti-america.com\/site\/repdom\/wp-json\/wp\/v2\/media\/31095"}],"wp:attachment":[{"href":"https:\/\/noti-america.com\/site\/repdom\/wp-json\/wp\/v2\/media?parent=31094"}],"wp:term":[{"taxonomy":"category","embeddable":true,"href":"https:\/\/noti-america.com\/site\/repdom\/wp-json\/wp\/v2\/categories?post=31094"},{"taxonomy":"post_tag","embeddable":true,"href":"https:\/\/noti-america.com\/site\/repdom\/wp-json\/wp\/v2\/tags?post=31094"}],"curies":[{"name":"wp","href":"https:\/\/api.w.org\/{rel}","templated":true}]}}