{"id":31067,"date":"2024-12-13T21:25:35","date_gmt":"2024-12-13T21:25:35","guid":{"rendered":"https:\/\/noti-america.com\/site\/repdom\/2024\/12\/13\/grey-padilla-lanza-su-agenda-empresaria-con-proposito-2025-2\/"},"modified":"2024-12-13T21:25:35","modified_gmt":"2024-12-13T21:25:35","slug":"grey-padilla-lanza-su-agenda-empresaria-con-proposito-2025-2","status":"publish","type":"post","link":"https:\/\/noti-america.com\/site\/repdom\/2024\/12\/13\/grey-padilla-lanza-su-agenda-empresaria-con-proposito-2025-2\/","title":{"rendered":"Grey Padilla lanza su agenda \u00abEmpresaria con Prop\u00f3sito 2025\u00bb"},"content":{"rendered":"<p><img loading=\"lazy\" decoding=\"async\" class=\"alignnone size-medium wp-image-31063\" src=\"https:\/\/noti-america.com\/site\/repdom\/wp-content\/uploads\/sites\/6\/2024\/12\/dcc5283d-183a-4afc-8e91-5f60f5436cf9-240x300.jpeg\" alt=\"\" width=\"240\" height=\"300\" srcset=\"https:\/\/noti-america.com\/site\/repdom\/wp-content\/uploads\/sites\/6\/2024\/12\/dcc5283d-183a-4afc-8e91-5f60f5436cf9-240x300.jpeg 240w, https:\/\/noti-america.com\/site\/repdom\/wp-content\/uploads\/sites\/6\/2024\/12\/dcc5283d-183a-4afc-8e91-5f60f5436cf9-818x1024.jpeg 818w, https:\/\/noti-america.com\/site\/repdom\/wp-content\/uploads\/sites\/6\/2024\/12\/dcc5283d-183a-4afc-8e91-5f60f5436cf9-768x961.jpeg 768w, https:\/\/noti-america.com\/site\/repdom\/wp-content\/uploads\/sites\/6\/2024\/12\/dcc5283d-183a-4afc-8e91-5f60f5436cf9.jpeg 1023w\" sizes=\"auto, (max-width: 240px) 100vw, 240px\" \/><\/p>\n<p>Admirable Group Agency Comunicado de Prensa<\/p>\n<p><strong>Santo Domingo, 12 de diciembre del 2024.<\/strong> La influyente empresaria y fashion blogger, <strong>Grey Padilla,<\/strong> ha dado un paso m\u00e1s en su trayectoria al presentar su agenda, \u00ab<strong>Empresaria con Prop\u00f3sito 2025&#8243;.<\/strong> Esta herramienta, dise\u00f1ada especialmente para mujeres, se posiciona como un compa\u00f1ero indispensable para organizar el a\u00f1o de forma estrat\u00e9gica y alcanzar tanto metas profesionales como personales.<\/p>\n<p>M\u00e1s que una agenda, una gu\u00eda hacia el \u00e9xito, Padilla, reconocida por su estilo de vida equilibrado y su mensaje inspirador, ha creado una agenda que va m\u00e1s all\u00e1 de la simple organizaci\u00f3n. \u00abEmpresaria con Prop\u00f3sito 2025\u00bb combina elementos pr\u00e1cticos como planificadores mensuales y semanales con secciones dedicadas al crecimiento personal y espiritual. A trav\u00e9s de reflexiones, citas inspiradoras y ejercicios pr\u00e1cticos, la agenda impulsa a las mujeres a descubrir su prop\u00f3sito y a tomar acci\u00f3n para lograrlo.<\/p>\n<p><img loading=\"lazy\" decoding=\"async\" class=\"alignnone size-medium wp-image-31065\" src=\"https:\/\/noti-america.com\/site\/repdom\/wp-content\/uploads\/sites\/6\/2024\/12\/407e4373-1365-4523-9afb-6c9f63a8a209-226x300.jpeg\" alt=\"\" width=\"226\" height=\"300\" srcset=\"https:\/\/noti-america.com\/site\/repdom\/wp-content\/uploads\/sites\/6\/2024\/12\/407e4373-1365-4523-9afb-6c9f63a8a209-226x300.jpeg 226w, https:\/\/noti-america.com\/site\/repdom\/wp-content\/uploads\/sites\/6\/2024\/12\/407e4373-1365-4523-9afb-6c9f63a8a209-771x1024.jpeg 771w, https:\/\/noti-america.com\/site\/repdom\/wp-content\/uploads\/sites\/6\/2024\/12\/407e4373-1365-4523-9afb-6c9f63a8a209-768x1020.jpeg 768w, https:\/\/noti-america.com\/site\/repdom\/wp-content\/uploads\/sites\/6\/2024\/12\/407e4373-1365-4523-9afb-6c9f63a8a209.jpeg 964w\" sizes=\"auto, (max-width: 226px) 100vw, 226px\" \/><br \/>\nCaracter\u00edsticas destacadas de la agenda:<br \/>\n\u2022 Planificaci\u00f3n integral: Organiza tu a\u00f1o, tus proyectos y tus metas de manera efectiva.<br \/>\n\u2022 Desarrollo personal: Incluye secciones para reflexionar sobre tus valores, fortalezas y<br \/>\n\u00e1reas de mejora.<br \/>\n\u2022 Espiritualidad: Conecta con tu interior a trav\u00e9s de citas inspiradoras y reflexiones que<br \/>\nte ayudar\u00e1n a encontrar tu prop\u00f3sito.<\/p>\n<p><img loading=\"lazy\" decoding=\"async\" class=\"alignnone size-medium wp-image-31064\" src=\"https:\/\/noti-america.com\/site\/repdom\/wp-content\/uploads\/sites\/6\/2024\/12\/3a7b29f0-b3fc-4cc6-b237-c92378e3f715-300x207.jpeg\" alt=\"\" width=\"300\" height=\"207\" srcset=\"https:\/\/noti-america.com\/site\/repdom\/wp-content\/uploads\/sites\/6\/2024\/12\/3a7b29f0-b3fc-4cc6-b237-c92378e3f715-300x207.jpeg 300w, https:\/\/noti-america.com\/site\/repdom\/wp-content\/uploads\/sites\/6\/2024\/12\/3a7b29f0-b3fc-4cc6-b237-c92378e3f715-1024x707.jpeg 1024w, https:\/\/noti-america.com\/site\/repdom\/wp-content\/uploads\/sites\/6\/2024\/12\/3a7b29f0-b3fc-4cc6-b237-c92378e3f715-768x530.jpeg 768w, https:\/\/noti-america.com\/site\/repdom\/wp-content\/uploads\/sites\/6\/2024\/12\/3a7b29f0-b3fc-4cc6-b237-c92378e3f715.jpeg 1280w\" sizes=\"auto, (max-width: 300px) 100vw, 300px\" \/><br \/>\n\u2022 Dise\u00f1o elegante y funcional: Perfecta para llevarla contigo a donde quiera que vayas. \u2022<br \/>\n\u00bfPor qu\u00e9 esta agenda es diferente? En un mundo cada vez m\u00e1s acelerado, las mujeres buscan herramientas que les permitan encontrar un equilibrio entre su vida profesional y personal. \u00abEmpresaria con Prop\u00f3sito 2025\u00bb ofrece esa gu\u00eda, proporcionando un espacio seguro para reflexionar, planificar y crecer.<br \/>\nLa agenda \u00abEmpresaria con Prop\u00f3sito 2025\u00bb ya est\u00e1 disponible para su compra en Grey Centro Comercial y en un intimo acto de lanzamiento en Grey Caf\u00e9, se anunci\u00f3 un evento exclusivo para las primeras 200 personas en adquirirlas el cual sera anunciado en las redes sociales de Grey Padilla para enero 2025.<br \/>\nAcerca de Grey Padilla:<\/p>\n<p><img loading=\"lazy\" decoding=\"async\" class=\"alignnone size-medium wp-image-31066\" src=\"https:\/\/noti-america.com\/site\/repdom\/wp-content\/uploads\/sites\/6\/2024\/12\/bb9025e1-8e9b-45d3-83a4-78e7a3b21d56-200x300.jpeg\" alt=\"\" width=\"200\" height=\"300\" srcset=\"https:\/\/noti-america.com\/site\/repdom\/wp-content\/uploads\/sites\/6\/2024\/12\/bb9025e1-8e9b-45d3-83a4-78e7a3b21d56-200x300.jpeg 200w, https:\/\/noti-america.com\/site\/repdom\/wp-content\/uploads\/sites\/6\/2024\/12\/bb9025e1-8e9b-45d3-83a4-78e7a3b21d56-682x1024.jpeg 682w, https:\/\/noti-america.com\/site\/repdom\/wp-content\/uploads\/sites\/6\/2024\/12\/bb9025e1-8e9b-45d3-83a4-78e7a3b21d56-768x1152.jpeg 768w, https:\/\/noti-america.com\/site\/repdom\/wp-content\/uploads\/sites\/6\/2024\/12\/bb9025e1-8e9b-45d3-83a4-78e7a3b21d56.jpeg 853w\" sizes=\"auto, (max-width: 200px) 100vw, 200px\" \/><br \/>\nCon m\u00e1s de 18 a\u00f1os de experiencia, Grey se ha consolidado como una marca l\u00edder en el mercado dominicano, ofreciendo una oportunidad a que cientos de emprendedores encuentren en ella una gran aliada, ademas es la creadora de la ropa deportiva de alta calidad y fajas moldeadoras con su nombre. Nuestro compromiso con la innovaci\u00f3n y la satisfacci\u00f3n del cliente nos ha permitido crecer y expandirnos, llegando a m\u00e1s personas y transformando la forma en que vestimos.<br \/>\nAngela Rodriguez<br \/>\nRR. PP. | MC | LOCUTORA @angelarodriguez.rd @admirableagenygroup Angela.r1590@gmail.com +1 809.771.4440<\/p>\n<p>&nbsp;<\/p>\n<p>&nbsp;<\/p>\n<p>&nbsp;<\/p>\n<p>.<\/p>\n","protected":false},"excerpt":{"rendered":"<p>Admirable Group Agency Comunicado de Prensa Santo Domingo, 12 de diciembre del 2024. La influyente empresaria y fashion blogger, Grey Padilla, ha dado un paso m\u00e1s en su trayectoria al presentar su agenda, \u00abEmpresaria&#46;&#46;&#46;<\/p>\n","protected":false},"author":96,"featured_media":0,"comment_status":"open","ping_status":"open","sticky":false,"template":"","format":"standard","meta":{"_acf_changed":false,"rop_custom_images_group":[],"rop_custom_messages_group":[],"rop_publish_now":"initial","rop_publish_now_accounts":[],"rop_publish_now_history":[],"rop_publish_now_status":"pending","footnotes":""},"categories":[163],"tags":[],"class_list":["post-31067","post","type-post","status-publish","format-standard","hentry","category-empresarios"],"acf":[],"yoast_head":"<!-- This site is optimized with the Yoast SEO Premium plugin v24.9 (Yoast SEO v27.2) - https:\/\/yoast.com\/product\/yoast-seo-premium-wordpress\/ -->\n<title>Grey Padilla lanza su agenda \u00abEmpresaria con Prop\u00f3sito 2025\u00bb - Rep. Dominicana | Noti-America.com<\/title>\n<meta name=\"robots\" content=\"index, follow, max-snippet:-1, max-image-preview:large, max-video-preview:-1\" \/>\n<link rel=\"canonical\" href=\"https:\/\/noti-america.com\/site\/repdom\/2024\/12\/13\/grey-padilla-lanza-su-agenda-empresaria-con-proposito-2025-2\/\" \/>\n<meta property=\"og:locale\" content=\"es_ES\" \/>\n<meta property=\"og:type\" content=\"article\" \/>\n<meta property=\"og:title\" content=\"Grey Padilla lanza su agenda \u00abEmpresaria con Prop\u00f3sito 2025\u00bb\" \/>\n<meta property=\"og:description\" content=\"Admirable Group Agency Comunicado de Prensa Santo Domingo, 12 de diciembre del 2024. La influyente empresaria y fashion blogger, Grey Padilla, ha dado un paso m\u00e1s en su trayectoria al presentar su agenda, \u00abEmpresaria&#046;&#046;&#046;\" \/>\n<meta property=\"og:url\" content=\"https:\/\/noti-america.com\/site\/repdom\/2024\/12\/13\/grey-padilla-lanza-su-agenda-empresaria-con-proposito-2025-2\/\" \/>\n<meta property=\"og:site_name\" content=\"Rep. Dominicana | Noti-America.com\" \/>\n<meta property=\"article:author\" content=\"https:\/\/www.facebook.com\/share\/1HVE1qCqVk\/?mibextid=wwXIfr\" \/>\n<meta property=\"article:published_time\" content=\"2024-12-13T21:25:35+00:00\" \/>\n<meta property=\"og:image\" content=\"https:\/\/noti-america.com\/site\/repdom\/wp-content\/uploads\/sites\/6\/2024\/12\/dcc5283d-183a-4afc-8e91-5f60f5436cf9.jpeg\" \/>\n\t<meta property=\"og:image:width\" content=\"1023\" \/>\n\t<meta property=\"og:image:height\" content=\"1280\" \/>\n\t<meta property=\"og:image:type\" content=\"image\/jpeg\" \/>\n<meta name=\"author\" content=\"Miguel Ramirez\" \/>\n<meta name=\"twitter:card\" content=\"summary_large_image\" \/>\n<meta name=\"twitter:label1\" content=\"Escrito por\" \/>\n\t<meta name=\"twitter:data1\" content=\"Miguel Ramirez\" \/>\n\t<meta name=\"twitter:label2\" content=\"Tiempo estimado de lectura\" \/>\n\t<meta name=\"twitter:data2\" content=\"2 minutos\" \/>\n<script type=\"application\/ld+json\" class=\"yoast-schema-graph\">{\"@context\":\"https:\/\/schema.org\",\"@graph\":[{\"@type\":\"Article\",\"@id\":\"https:\/\/noti-america.com\/site\/repdom\/2024\/12\/13\/grey-padilla-lanza-su-agenda-empresaria-con-proposito-2025-2\/#article\",\"isPartOf\":{\"@id\":\"https:\/\/noti-america.com\/site\/repdom\/2024\/12\/13\/grey-padilla-lanza-su-agenda-empresaria-con-proposito-2025-2\/\"},\"author\":{\"name\":\"Miguel Ramirez\",\"@id\":\"https:\/\/noti-america.com\/site\/repdom\/#\/schema\/person\/8027db7d71a0328e6e4474fa188c6fb3\"},\"headline\":\"Grey Padilla lanza su agenda \u00abEmpresaria con Prop\u00f3sito 2025\u00bb\",\"datePublished\":\"2024-12-13T21:25:35+00:00\",\"mainEntityOfPage\":{\"@id\":\"https:\/\/noti-america.com\/site\/repdom\/2024\/12\/13\/grey-padilla-lanza-su-agenda-empresaria-con-proposito-2025-2\/\"},\"wordCount\":432,\"commentCount\":0,\"publisher\":{\"@id\":\"https:\/\/noti-america.com\/site\/repdom\/#organization\"},\"image\":{\"@id\":\"https:\/\/noti-america.com\/site\/repdom\/2024\/12\/13\/grey-padilla-lanza-su-agenda-empresaria-con-proposito-2025-2\/#primaryimage\"},\"thumbnailUrl\":\"https:\/\/noti-america.com\/site\/repdom\/wp-content\/uploads\/sites\/6\/2024\/12\/dcc5283d-183a-4afc-8e91-5f60f5436cf9-240x300.jpeg\",\"articleSection\":[\"Empresarios\"],\"inLanguage\":\"es\",\"potentialAction\":[{\"@type\":\"CommentAction\",\"name\":\"Comment\",\"target\":[\"https:\/\/noti-america.com\/site\/repdom\/2024\/12\/13\/grey-padilla-lanza-su-agenda-empresaria-con-proposito-2025-2\/#respond\"]}]},{\"@type\":\"WebPage\",\"@id\":\"https:\/\/noti-america.com\/site\/repdom\/2024\/12\/13\/grey-padilla-lanza-su-agenda-empresaria-con-proposito-2025-2\/\",\"url\":\"https:\/\/noti-america.com\/site\/repdom\/2024\/12\/13\/grey-padilla-lanza-su-agenda-empresaria-con-proposito-2025-2\/\",\"name\":\"Grey Padilla lanza su agenda \u00abEmpresaria con Prop\u00f3sito 2025\u00bb - Rep. Dominicana | Noti-America.com\",\"isPartOf\":{\"@id\":\"https:\/\/noti-america.com\/site\/repdom\/#website\"},\"primaryImageOfPage\":{\"@id\":\"https:\/\/noti-america.com\/site\/repdom\/2024\/12\/13\/grey-padilla-lanza-su-agenda-empresaria-con-proposito-2025-2\/#primaryimage\"},\"image\":{\"@id\":\"https:\/\/noti-america.com\/site\/repdom\/2024\/12\/13\/grey-padilla-lanza-su-agenda-empresaria-con-proposito-2025-2\/#primaryimage\"},\"thumbnailUrl\":\"https:\/\/noti-america.com\/site\/repdom\/wp-content\/uploads\/sites\/6\/2024\/12\/dcc5283d-183a-4afc-8e91-5f60f5436cf9-240x300.jpeg\",\"datePublished\":\"2024-12-13T21:25:35+00:00\",\"breadcrumb\":{\"@id\":\"https:\/\/noti-america.com\/site\/repdom\/2024\/12\/13\/grey-padilla-lanza-su-agenda-empresaria-con-proposito-2025-2\/#breadcrumb\"},\"inLanguage\":\"es\",\"potentialAction\":[{\"@type\":\"ReadAction\",\"target\":[\"https:\/\/noti-america.com\/site\/repdom\/2024\/12\/13\/grey-padilla-lanza-su-agenda-empresaria-con-proposito-2025-2\/\"]}]},{\"@type\":\"ImageObject\",\"inLanguage\":\"es\",\"@id\":\"https:\/\/noti-america.com\/site\/repdom\/2024\/12\/13\/grey-padilla-lanza-su-agenda-empresaria-con-proposito-2025-2\/#primaryimage\",\"url\":\"https:\/\/noti-america.com\/site\/repdom\/wp-content\/uploads\/sites\/6\/2024\/12\/dcc5283d-183a-4afc-8e91-5f60f5436cf9.jpeg\",\"contentUrl\":\"https:\/\/noti-america.com\/site\/repdom\/wp-content\/uploads\/sites\/6\/2024\/12\/dcc5283d-183a-4afc-8e91-5f60f5436cf9.jpeg\",\"width\":1023,\"height\":1280},{\"@type\":\"BreadcrumbList\",\"@id\":\"https:\/\/noti-america.com\/site\/repdom\/2024\/12\/13\/grey-padilla-lanza-su-agenda-empresaria-con-proposito-2025-2\/#breadcrumb\",\"itemListElement\":[{\"@type\":\"ListItem\",\"position\":1,\"name\":\"Portada\",\"item\":\"https:\/\/noti-america.com\/site\/repdom\/\"},{\"@type\":\"ListItem\",\"position\":2,\"name\":\"Grey Padilla lanza su agenda \u00abEmpresaria con Prop\u00f3sito 2025\u00bb\"}]},{\"@type\":\"WebSite\",\"@id\":\"https:\/\/noti-america.com\/site\/repdom\/#website\",\"url\":\"https:\/\/noti-america.com\/site\/repdom\/\",\"name\":\"Rep. Dominicana | Noti-America.com\",\"description\":\"\",\"publisher\":{\"@id\":\"https:\/\/noti-america.com\/site\/repdom\/#organization\"},\"potentialAction\":[{\"@type\":\"SearchAction\",\"target\":{\"@type\":\"EntryPoint\",\"urlTemplate\":\"https:\/\/noti-america.com\/site\/repdom\/?s={search_term_string}\"},\"query-input\":{\"@type\":\"PropertyValueSpecification\",\"valueRequired\":true,\"valueName\":\"search_term_string\"}}],\"inLanguage\":\"es\"},{\"@type\":\"Organization\",\"@id\":\"https:\/\/noti-america.com\/site\/repdom\/#organization\",\"name\":\"Noti-America LLC | Rep\u00fablica Dominicana\",\"url\":\"https:\/\/noti-america.com\/site\/repdom\/\",\"logo\":{\"@type\":\"ImageObject\",\"inLanguage\":\"es\",\"@id\":\"https:\/\/noti-america.com\/site\/repdom\/#\/schema\/logo\/image\/\",\"url\":\"https:\/\/noti-america.com\/site\/repdom\/wp-content\/uploads\/sites\/6\/2020\/07\/LogoNA-4x3-1.jpg\",\"contentUrl\":\"https:\/\/noti-america.com\/site\/repdom\/wp-content\/uploads\/sites\/6\/2020\/07\/LogoNA-4x3-1.jpg\",\"width\":1236,\"height\":1080,\"caption\":\"Noti-America LLC | Rep\u00fablica Dominicana\"},\"image\":{\"@id\":\"https:\/\/noti-america.com\/site\/repdom\/#\/schema\/logo\/image\/\"}},{\"@type\":\"Person\",\"@id\":\"https:\/\/noti-america.com\/site\/repdom\/#\/schema\/person\/8027db7d71a0328e6e4474fa188c6fb3\",\"name\":\"Miguel Ramirez\",\"image\":{\"@type\":\"ImageObject\",\"inLanguage\":\"es\",\"@id\":\"https:\/\/secure.gravatar.com\/avatar\/41a78fb2cdab3e2dc5831d3591f1dab499ed0c22acc464195b09f37c2b3ac2cf?s=96&d=mm&r=g\",\"url\":\"https:\/\/secure.gravatar.com\/avatar\/41a78fb2cdab3e2dc5831d3591f1dab499ed0c22acc464195b09f37c2b3ac2cf?s=96&d=mm&r=g\",\"contentUrl\":\"https:\/\/secure.gravatar.com\/avatar\/41a78fb2cdab3e2dc5831d3591f1dab499ed0c22acc464195b09f37c2b3ac2cf?s=96&d=mm&r=g\",\"caption\":\"Miguel Ramirez\"},\"description\":\"Locutor y periodista digital y coach comunicaci\u00f3n\",\"sameAs\":[\"https:\/\/www.facebook.com\/share\/1HVE1qCqVk\/?mibextid=wwXIfr\"],\"url\":\"https:\/\/noti-america.com\/site\/repdom\/author\/mramirez\/\"}]}<\/script>\n<!-- \/ Yoast SEO Premium plugin. -->","yoast_head_json":{"title":"Grey Padilla lanza su agenda \u00abEmpresaria con Prop\u00f3sito 2025\u00bb - Rep. Dominicana | Noti-America.com","robots":{"index":"index","follow":"follow","max-snippet":"max-snippet:-1","max-image-preview":"max-image-preview:large","max-video-preview":"max-video-preview:-1"},"canonical":"https:\/\/noti-america.com\/site\/repdom\/2024\/12\/13\/grey-padilla-lanza-su-agenda-empresaria-con-proposito-2025-2\/","og_locale":"es_ES","og_type":"article","og_title":"Grey Padilla lanza su agenda \u00abEmpresaria con Prop\u00f3sito 2025\u00bb","og_description":"Admirable Group Agency Comunicado de Prensa Santo Domingo, 12 de diciembre del 2024. La influyente empresaria y fashion blogger, Grey Padilla, ha dado un paso m\u00e1s en su trayectoria al presentar su agenda, \u00abEmpresaria&#46;&#46;&#46;","og_url":"https:\/\/noti-america.com\/site\/repdom\/2024\/12\/13\/grey-padilla-lanza-su-agenda-empresaria-con-proposito-2025-2\/","og_site_name":"Rep. Dominicana | Noti-America.com","article_author":"https:\/\/www.facebook.com\/share\/1HVE1qCqVk\/?mibextid=wwXIfr","article_published_time":"2024-12-13T21:25:35+00:00","og_image":[{"width":1023,"height":1280,"url":"https:\/\/noti-america.com\/site\/repdom\/wp-content\/uploads\/sites\/6\/2024\/12\/dcc5283d-183a-4afc-8e91-5f60f5436cf9.jpeg","type":"image\/jpeg"}],"author":"Miguel Ramirez","twitter_card":"summary_large_image","twitter_misc":{"Escrito por":"Miguel Ramirez","Tiempo estimado de lectura":"2 minutos"},"schema":{"@context":"https:\/\/schema.org","@graph":[{"@type":"Article","@id":"https:\/\/noti-america.com\/site\/repdom\/2024\/12\/13\/grey-padilla-lanza-su-agenda-empresaria-con-proposito-2025-2\/#article","isPartOf":{"@id":"https:\/\/noti-america.com\/site\/repdom\/2024\/12\/13\/grey-padilla-lanza-su-agenda-empresaria-con-proposito-2025-2\/"},"author":{"name":"Miguel Ramirez","@id":"https:\/\/noti-america.com\/site\/repdom\/#\/schema\/person\/8027db7d71a0328e6e4474fa188c6fb3"},"headline":"Grey Padilla lanza su agenda \u00abEmpresaria con Prop\u00f3sito 2025\u00bb","datePublished":"2024-12-13T21:25:35+00:00","mainEntityOfPage":{"@id":"https:\/\/noti-america.com\/site\/repdom\/2024\/12\/13\/grey-padilla-lanza-su-agenda-empresaria-con-proposito-2025-2\/"},"wordCount":432,"commentCount":0,"publisher":{"@id":"https:\/\/noti-america.com\/site\/repdom\/#organization"},"image":{"@id":"https:\/\/noti-america.com\/site\/repdom\/2024\/12\/13\/grey-padilla-lanza-su-agenda-empresaria-con-proposito-2025-2\/#primaryimage"},"thumbnailUrl":"https:\/\/noti-america.com\/site\/repdom\/wp-content\/uploads\/sites\/6\/2024\/12\/dcc5283d-183a-4afc-8e91-5f60f5436cf9-240x300.jpeg","articleSection":["Empresarios"],"inLanguage":"es","potentialAction":[{"@type":"CommentAction","name":"Comment","target":["https:\/\/noti-america.com\/site\/repdom\/2024\/12\/13\/grey-padilla-lanza-su-agenda-empresaria-con-proposito-2025-2\/#respond"]}]},{"@type":"WebPage","@id":"https:\/\/noti-america.com\/site\/repdom\/2024\/12\/13\/grey-padilla-lanza-su-agenda-empresaria-con-proposito-2025-2\/","url":"https:\/\/noti-america.com\/site\/repdom\/2024\/12\/13\/grey-padilla-lanza-su-agenda-empresaria-con-proposito-2025-2\/","name":"Grey Padilla lanza su agenda \u00abEmpresaria con Prop\u00f3sito 2025\u00bb - Rep. Dominicana | Noti-America.com","isPartOf":{"@id":"https:\/\/noti-america.com\/site\/repdom\/#website"},"primaryImageOfPage":{"@id":"https:\/\/noti-america.com\/site\/repdom\/2024\/12\/13\/grey-padilla-lanza-su-agenda-empresaria-con-proposito-2025-2\/#primaryimage"},"image":{"@id":"https:\/\/noti-america.com\/site\/repdom\/2024\/12\/13\/grey-padilla-lanza-su-agenda-empresaria-con-proposito-2025-2\/#primaryimage"},"thumbnailUrl":"https:\/\/noti-america.com\/site\/repdom\/wp-content\/uploads\/sites\/6\/2024\/12\/dcc5283d-183a-4afc-8e91-5f60f5436cf9-240x300.jpeg","datePublished":"2024-12-13T21:25:35+00:00","breadcrumb":{"@id":"https:\/\/noti-america.com\/site\/repdom\/2024\/12\/13\/grey-padilla-lanza-su-agenda-empresaria-con-proposito-2025-2\/#breadcrumb"},"inLanguage":"es","potentialAction":[{"@type":"ReadAction","target":["https:\/\/noti-america.com\/site\/repdom\/2024\/12\/13\/grey-padilla-lanza-su-agenda-empresaria-con-proposito-2025-2\/"]}]},{"@type":"ImageObject","inLanguage":"es","@id":"https:\/\/noti-america.com\/site\/repdom\/2024\/12\/13\/grey-padilla-lanza-su-agenda-empresaria-con-proposito-2025-2\/#primaryimage","url":"https:\/\/noti-america.com\/site\/repdom\/wp-content\/uploads\/sites\/6\/2024\/12\/dcc5283d-183a-4afc-8e91-5f60f5436cf9.jpeg","contentUrl":"https:\/\/noti-america.com\/site\/repdom\/wp-content\/uploads\/sites\/6\/2024\/12\/dcc5283d-183a-4afc-8e91-5f60f5436cf9.jpeg","width":1023,"height":1280},{"@type":"BreadcrumbList","@id":"https:\/\/noti-america.com\/site\/repdom\/2024\/12\/13\/grey-padilla-lanza-su-agenda-empresaria-con-proposito-2025-2\/#breadcrumb","itemListElement":[{"@type":"ListItem","position":1,"name":"Portada","item":"https:\/\/noti-america.com\/site\/repdom\/"},{"@type":"ListItem","position":2,"name":"Grey Padilla lanza su agenda \u00abEmpresaria con Prop\u00f3sito 2025\u00bb"}]},{"@type":"WebSite","@id":"https:\/\/noti-america.com\/site\/repdom\/#website","url":"https:\/\/noti-america.com\/site\/repdom\/","name":"Rep. Dominicana | Noti-America.com","description":"","publisher":{"@id":"https:\/\/noti-america.com\/site\/repdom\/#organization"},"potentialAction":[{"@type":"SearchAction","target":{"@type":"EntryPoint","urlTemplate":"https:\/\/noti-america.com\/site\/repdom\/?s={search_term_string}"},"query-input":{"@type":"PropertyValueSpecification","valueRequired":true,"valueName":"search_term_string"}}],"inLanguage":"es"},{"@type":"Organization","@id":"https:\/\/noti-america.com\/site\/repdom\/#organization","name":"Noti-America LLC | Rep\u00fablica Dominicana","url":"https:\/\/noti-america.com\/site\/repdom\/","logo":{"@type":"ImageObject","inLanguage":"es","@id":"https:\/\/noti-america.com\/site\/repdom\/#\/schema\/logo\/image\/","url":"https:\/\/noti-america.com\/site\/repdom\/wp-content\/uploads\/sites\/6\/2020\/07\/LogoNA-4x3-1.jpg","contentUrl":"https:\/\/noti-america.com\/site\/repdom\/wp-content\/uploads\/sites\/6\/2020\/07\/LogoNA-4x3-1.jpg","width":1236,"height":1080,"caption":"Noti-America LLC | Rep\u00fablica Dominicana"},"image":{"@id":"https:\/\/noti-america.com\/site\/repdom\/#\/schema\/logo\/image\/"}},{"@type":"Person","@id":"https:\/\/noti-america.com\/site\/repdom\/#\/schema\/person\/8027db7d71a0328e6e4474fa188c6fb3","name":"Miguel Ramirez","image":{"@type":"ImageObject","inLanguage":"es","@id":"https:\/\/secure.gravatar.com\/avatar\/41a78fb2cdab3e2dc5831d3591f1dab499ed0c22acc464195b09f37c2b3ac2cf?s=96&d=mm&r=g","url":"https:\/\/secure.gravatar.com\/avatar\/41a78fb2cdab3e2dc5831d3591f1dab499ed0c22acc464195b09f37c2b3ac2cf?s=96&d=mm&r=g","contentUrl":"https:\/\/secure.gravatar.com\/avatar\/41a78fb2cdab3e2dc5831d3591f1dab499ed0c22acc464195b09f37c2b3ac2cf?s=96&d=mm&r=g","caption":"Miguel Ramirez"},"description":"Locutor y periodista digital y coach comunicaci\u00f3n","sameAs":["https:\/\/www.facebook.com\/share\/1HVE1qCqVk\/?mibextid=wwXIfr"],"url":"https:\/\/noti-america.com\/site\/repdom\/author\/mramirez\/"}]}},"_links":{"self":[{"href":"https:\/\/noti-america.com\/site\/repdom\/wp-json\/wp\/v2\/posts\/31067","targetHints":{"allow":["GET"]}}],"collection":[{"href":"https:\/\/noti-america.com\/site\/repdom\/wp-json\/wp\/v2\/posts"}],"about":[{"href":"https:\/\/noti-america.com\/site\/repdom\/wp-json\/wp\/v2\/types\/post"}],"author":[{"embeddable":true,"href":"https:\/\/noti-america.com\/site\/repdom\/wp-json\/wp\/v2\/users\/96"}],"replies":[{"embeddable":true,"href":"https:\/\/noti-america.com\/site\/repdom\/wp-json\/wp\/v2\/comments?post=31067"}],"version-history":[{"count":0,"href":"https:\/\/noti-america.com\/site\/repdom\/wp-json\/wp\/v2\/posts\/31067\/revisions"}],"wp:attachment":[{"href":"https:\/\/noti-america.com\/site\/repdom\/wp-json\/wp\/v2\/media?parent=31067"}],"wp:term":[{"taxonomy":"category","embeddable":true,"href":"https:\/\/noti-america.com\/site\/repdom\/wp-json\/wp\/v2\/categories?post=31067"},{"taxonomy":"post_tag","embeddable":true,"href":"https:\/\/noti-america.com\/site\/repdom\/wp-json\/wp\/v2\/tags?post=31067"}],"curies":[{"name":"wp","href":"https:\/\/api.w.org\/{rel}","templated":true}]}}