{"id":30928,"date":"2024-12-04T21:19:11","date_gmt":"2024-12-04T21:19:11","guid":{"rendered":"https:\/\/noti-america.com\/site\/repdom\/?p=30928"},"modified":"2024-12-04T21:19:11","modified_gmt":"2024-12-04T21:19:11","slug":"jairon-high-hizo-historia-en-santo-domingo-con-afroking-the-concert","status":"publish","type":"post","link":"https:\/\/noti-america.com\/site\/repdom\/2024\/12\/04\/jairon-high-hizo-historia-en-santo-domingo-con-afroking-the-concert\/","title":{"rendered":"Jairon High hizo historia en Santo Domingo con Afroking: The Concert"},"content":{"rendered":"<p>&nbsp;<\/p>\n<p>&nbsp;<\/p>\n<p>&nbsp;<\/p>\n<p><img loading=\"lazy\" decoding=\"async\" class=\"alignnone size-medium wp-image-30929\" src=\"https:\/\/noti-america.com\/site\/repdom\/wp-content\/uploads\/sites\/6\/2024\/12\/3c5665d0-8c90-40e0-8361-8f837aaa49f9-200x300.jpeg\" alt=\"\" width=\"200\" height=\"300\" srcset=\"https:\/\/noti-america.com\/site\/repdom\/wp-content\/uploads\/sites\/6\/2024\/12\/3c5665d0-8c90-40e0-8361-8f837aaa49f9-200x300.jpeg 200w, https:\/\/noti-america.com\/site\/repdom\/wp-content\/uploads\/sites\/6\/2024\/12\/3c5665d0-8c90-40e0-8361-8f837aaa49f9-683x1024.jpeg 683w, https:\/\/noti-america.com\/site\/repdom\/wp-content\/uploads\/sites\/6\/2024\/12\/3c5665d0-8c90-40e0-8361-8f837aaa49f9-768x1151.jpeg 768w, https:\/\/noti-america.com\/site\/repdom\/wp-content\/uploads\/sites\/6\/2024\/12\/3c5665d0-8c90-40e0-8361-8f837aaa49f9.jpeg 854w\" sizes=\"auto, (max-width: 200px) 100vw, 200px\" \/><\/p>\n<p>&nbsp;<\/p>\n<p>Santo Domingo, R. D. El artista cristiano Jairon High protagoniz\u00f3 una noche inolvidable en el Pabell\u00f3n de Karate del Centro Ol\u00edmpico Juan Pablo Duarte, donde casi 2,500 personas se dieron cita para disfrutar de Afroking: The Concert.<\/p>\n<p>En un despliegue de talento, energ\u00eda y espiritualidad, el evento fusion\u00f3 m\u00fasica urbana con mensajes de fe, impactando a todos los asistentes.<\/p>\n<p><img loading=\"lazy\" decoding=\"async\" class=\"alignnone size-medium wp-image-30931\" src=\"https:\/\/noti-america.com\/site\/repdom\/wp-content\/uploads\/sites\/6\/2024\/12\/0659af03-5595-4d3a-9cd8-77543de0824c-300x200.jpeg\" alt=\"\" width=\"300\" height=\"200\" srcset=\"https:\/\/noti-america.com\/site\/repdom\/wp-content\/uploads\/sites\/6\/2024\/12\/0659af03-5595-4d3a-9cd8-77543de0824c-300x200.jpeg 300w, https:\/\/noti-america.com\/site\/repdom\/wp-content\/uploads\/sites\/6\/2024\/12\/0659af03-5595-4d3a-9cd8-77543de0824c-1024x683.jpeg 1024w, https:\/\/noti-america.com\/site\/repdom\/wp-content\/uploads\/sites\/6\/2024\/12\/0659af03-5595-4d3a-9cd8-77543de0824c-768x512.jpeg 768w, https:\/\/noti-america.com\/site\/repdom\/wp-content\/uploads\/sites\/6\/2024\/12\/0659af03-5595-4d3a-9cd8-77543de0824c-272x182.jpeg 272w, https:\/\/noti-america.com\/site\/repdom\/wp-content\/uploads\/sites\/6\/2024\/12\/0659af03-5595-4d3a-9cd8-77543de0824c.jpeg 1280w\" sizes=\"auto, (max-width: 300px) 100vw, 300px\" \/><\/p>\n<p>La velada estuvo llena de momentos memorables gracias a la participaci\u00f3n de destacados artistas invitados, como Jay Kalyl, Travy Joe, Lizzy Parra, Ander Bock y Albert Miliano, quienes elevaron el concierto a otro nivel con sus actuaciones. Cada uno de ellos aport\u00f3 su estilo \u00fanico, creando una atm\u00f3sfera vibrante y profundamente espiritual.<\/p>\n<p>\u201cEste concierto no s\u00f3lo fue una celebraci\u00f3n de m\u00fasica y cultura, sino un recordatorio de que Dios puede transformar vidas en cualquier lugar y a trav\u00e9s de cualquier ritmo,\u201d expres\u00f3 Jairon High, visiblemente emocionado tras concluir su presentaci\u00f3n.<\/p>\n<p><img loading=\"lazy\" decoding=\"async\" class=\"alignnone size-medium wp-image-30932\" src=\"https:\/\/noti-america.com\/site\/repdom\/wp-content\/uploads\/sites\/6\/2024\/12\/0e306611-ef73-41b7-95bb-58415625c20c-300x200.jpeg\" alt=\"\" width=\"300\" height=\"200\" srcset=\"https:\/\/noti-america.com\/site\/repdom\/wp-content\/uploads\/sites\/6\/2024\/12\/0e306611-ef73-41b7-95bb-58415625c20c-300x200.jpeg 300w, https:\/\/noti-america.com\/site\/repdom\/wp-content\/uploads\/sites\/6\/2024\/12\/0e306611-ef73-41b7-95bb-58415625c20c-1024x683.jpeg 1024w, https:\/\/noti-america.com\/site\/repdom\/wp-content\/uploads\/sites\/6\/2024\/12\/0e306611-ef73-41b7-95bb-58415625c20c-768x512.jpeg 768w, https:\/\/noti-america.com\/site\/repdom\/wp-content\/uploads\/sites\/6\/2024\/12\/0e306611-ef73-41b7-95bb-58415625c20c-272x182.jpeg 272w, https:\/\/noti-america.com\/site\/repdom\/wp-content\/uploads\/sites\/6\/2024\/12\/0e306611-ef73-41b7-95bb-58415625c20c.jpeg 1280w\" sizes=\"auto, (max-width: 300px) 100vw, 300px\" \/><\/p>\n<p>Aceptaron a Jes\u00fas<\/p>\n<p>Un momento especial de la noche ocurri\u00f3 cuando alrededor de 16 j\u00f3venes aceptaron a Jes\u00fas en sus vidas, marcando un punto importante del evento y reafirmando el prop\u00f3sito transformador de la m\u00fasica urbana .<\/p>\n<p>Sobre la producci\u00f3n<\/p>\n<p><img loading=\"lazy\" decoding=\"async\" class=\"alignnone size-medium wp-image-30930\" src=\"https:\/\/noti-america.com\/site\/repdom\/wp-content\/uploads\/sites\/6\/2024\/12\/f54b5090-4ec1-436b-8f05-43ddc1a84838-200x300.jpeg\" alt=\"\" width=\"200\" height=\"300\" srcset=\"https:\/\/noti-america.com\/site\/repdom\/wp-content\/uploads\/sites\/6\/2024\/12\/f54b5090-4ec1-436b-8f05-43ddc1a84838-200x300.jpeg 200w, https:\/\/noti-america.com\/site\/repdom\/wp-content\/uploads\/sites\/6\/2024\/12\/f54b5090-4ec1-436b-8f05-43ddc1a84838-683x1024.jpeg 683w, https:\/\/noti-america.com\/site\/repdom\/wp-content\/uploads\/sites\/6\/2024\/12\/f54b5090-4ec1-436b-8f05-43ddc1a84838-768x1151.jpeg 768w, https:\/\/noti-america.com\/site\/repdom\/wp-content\/uploads\/sites\/6\/2024\/12\/f54b5090-4ec1-436b-8f05-43ddc1a84838.jpeg 854w\" sizes=\"auto, (max-width: 200px) 100vw, 200px\" \/><\/p>\n<p>El p\u00fablico disfrut\u00f3 de un espect\u00e1culo de alta calidad, con un escenario impactante, un dise\u00f1o de luces cautivador y una selecci\u00f3n musical que conect\u00f3 corazones y almas. La mezcla de ritmos afrocaribe\u00f1os y urbanos dej\u00f3 una huella profunda, posicionando a Afroking: The Concert como un evento hist\u00f3rico en la escena musical cristiana.<\/p>\n<p>Con este concierto, Jairon High y sus invitados no s\u00f3lo demostraron su excelencia art\u00edstica, sino tambi\u00e9n su compromiso de llevar un mensaje de amor, esperanza y transformaci\u00f3n espiritual a trav\u00e9s de la m\u00fasica.<\/p>\n<p>&nbsp;<\/p>\n<p>.<\/p>\n","protected":false},"excerpt":{"rendered":"<p>&nbsp; &nbsp; &nbsp; &nbsp; Santo Domingo, R. D. El artista cristiano Jairon High protagoniz\u00f3 una noche inolvidable en el Pabell\u00f3n de Karate del Centro Ol\u00edmpico Juan Pablo Duarte, donde casi 2,500 personas se dieron&#46;&#46;&#46;<\/p>\n","protected":false},"author":96,"featured_media":30930,"comment_status":"open","ping_status":"open","sticky":false,"template":"","format":"standard","meta":{"_acf_changed":false,"rop_custom_images_group":[],"rop_custom_messages_group":[],"rop_publish_now":"initial","rop_publish_now_accounts":[],"rop_publish_now_history":[],"rop_publish_now_status":"pending","footnotes":""},"categories":[8],"tags":[],"class_list":["post-30928","post","type-post","status-publish","format-standard","has-post-thumbnail","hentry","category-arte-y-espectaculos"],"acf":[],"yoast_head":"<!-- This site is optimized with the Yoast SEO Premium plugin v24.9 (Yoast SEO v27.2) - https:\/\/yoast.com\/product\/yoast-seo-premium-wordpress\/ -->\n<title>Jairon High hizo historia en Santo Domingo con Afroking: The Concert - Rep. Dominicana | Noti-America.com<\/title>\n<meta name=\"robots\" content=\"index, follow, max-snippet:-1, max-image-preview:large, max-video-preview:-1\" \/>\n<link rel=\"canonical\" href=\"https:\/\/noti-america.com\/site\/repdom\/2024\/12\/04\/jairon-high-hizo-historia-en-santo-domingo-con-afroking-the-concert\/\" \/>\n<meta property=\"og:locale\" content=\"es_ES\" \/>\n<meta property=\"og:type\" content=\"article\" \/>\n<meta property=\"og:title\" content=\"Jairon High hizo historia en Santo Domingo con Afroking: The Concert\" \/>\n<meta property=\"og:description\" content=\"&nbsp; &nbsp; &nbsp; &nbsp; Santo Domingo, R. D. El artista cristiano Jairon High protagoniz\u00f3 una noche inolvidable en el Pabell\u00f3n de Karate del Centro Ol\u00edmpico Juan Pablo Duarte, donde casi 2,500 personas se dieron&#046;&#046;&#046;\" \/>\n<meta property=\"og:url\" content=\"https:\/\/noti-america.com\/site\/repdom\/2024\/12\/04\/jairon-high-hizo-historia-en-santo-domingo-con-afroking-the-concert\/\" \/>\n<meta property=\"og:site_name\" content=\"Rep. Dominicana | Noti-America.com\" \/>\n<meta property=\"article:author\" content=\"https:\/\/www.facebook.com\/share\/1HVE1qCqVk\/?mibextid=wwXIfr\" \/>\n<meta property=\"article:published_time\" content=\"2024-12-04T21:19:11+00:00\" \/>\n<meta property=\"og:image\" content=\"https:\/\/noti-america.com\/site\/repdom\/wp-content\/uploads\/sites\/6\/2024\/12\/f54b5090-4ec1-436b-8f05-43ddc1a84838.jpeg\" \/>\n\t<meta property=\"og:image:width\" content=\"854\" \/>\n\t<meta property=\"og:image:height\" content=\"1280\" \/>\n\t<meta property=\"og:image:type\" content=\"image\/jpeg\" \/>\n<meta name=\"author\" content=\"Miguel Ramirez\" \/>\n<meta name=\"twitter:card\" content=\"summary_large_image\" \/>\n<meta name=\"twitter:label1\" content=\"Escrito por\" \/>\n\t<meta name=\"twitter:data1\" content=\"Miguel Ramirez\" \/>\n\t<meta name=\"twitter:label2\" content=\"Tiempo estimado de lectura\" \/>\n\t<meta name=\"twitter:data2\" content=\"3 minutos\" \/>\n<script type=\"application\/ld+json\" class=\"yoast-schema-graph\">{\"@context\":\"https:\/\/schema.org\",\"@graph\":[{\"@type\":\"Article\",\"@id\":\"https:\/\/noti-america.com\/site\/repdom\/2024\/12\/04\/jairon-high-hizo-historia-en-santo-domingo-con-afroking-the-concert\/#article\",\"isPartOf\":{\"@id\":\"https:\/\/noti-america.com\/site\/repdom\/2024\/12\/04\/jairon-high-hizo-historia-en-santo-domingo-con-afroking-the-concert\/\"},\"author\":{\"name\":\"Miguel Ramirez\",\"@id\":\"https:\/\/noti-america.com\/site\/repdom\/#\/schema\/person\/8027db7d71a0328e6e4474fa188c6fb3\"},\"headline\":\"Jairon High hizo historia en Santo Domingo con Afroking: The Concert\",\"datePublished\":\"2024-12-04T21:19:11+00:00\",\"mainEntityOfPage\":{\"@id\":\"https:\/\/noti-america.com\/site\/repdom\/2024\/12\/04\/jairon-high-hizo-historia-en-santo-domingo-con-afroking-the-concert\/\"},\"wordCount\":316,\"commentCount\":0,\"publisher\":{\"@id\":\"https:\/\/noti-america.com\/site\/repdom\/#organization\"},\"image\":{\"@id\":\"https:\/\/noti-america.com\/site\/repdom\/2024\/12\/04\/jairon-high-hizo-historia-en-santo-domingo-con-afroking-the-concert\/#primaryimage\"},\"thumbnailUrl\":\"https:\/\/noti-america.com\/site\/repdom\/wp-content\/uploads\/sites\/6\/2024\/12\/f54b5090-4ec1-436b-8f05-43ddc1a84838.jpeg\",\"articleSection\":[\"Arte y Espect\u00e1culos\"],\"inLanguage\":\"es\",\"potentialAction\":[{\"@type\":\"CommentAction\",\"name\":\"Comment\",\"target\":[\"https:\/\/noti-america.com\/site\/repdom\/2024\/12\/04\/jairon-high-hizo-historia-en-santo-domingo-con-afroking-the-concert\/#respond\"]}]},{\"@type\":\"WebPage\",\"@id\":\"https:\/\/noti-america.com\/site\/repdom\/2024\/12\/04\/jairon-high-hizo-historia-en-santo-domingo-con-afroking-the-concert\/\",\"url\":\"https:\/\/noti-america.com\/site\/repdom\/2024\/12\/04\/jairon-high-hizo-historia-en-santo-domingo-con-afroking-the-concert\/\",\"name\":\"Jairon High hizo historia en Santo Domingo con Afroking: The Concert - Rep. Dominicana | Noti-America.com\",\"isPartOf\":{\"@id\":\"https:\/\/noti-america.com\/site\/repdom\/#website\"},\"primaryImageOfPage\":{\"@id\":\"https:\/\/noti-america.com\/site\/repdom\/2024\/12\/04\/jairon-high-hizo-historia-en-santo-domingo-con-afroking-the-concert\/#primaryimage\"},\"image\":{\"@id\":\"https:\/\/noti-america.com\/site\/repdom\/2024\/12\/04\/jairon-high-hizo-historia-en-santo-domingo-con-afroking-the-concert\/#primaryimage\"},\"thumbnailUrl\":\"https:\/\/noti-america.com\/site\/repdom\/wp-content\/uploads\/sites\/6\/2024\/12\/f54b5090-4ec1-436b-8f05-43ddc1a84838.jpeg\",\"datePublished\":\"2024-12-04T21:19:11+00:00\",\"breadcrumb\":{\"@id\":\"https:\/\/noti-america.com\/site\/repdom\/2024\/12\/04\/jairon-high-hizo-historia-en-santo-domingo-con-afroking-the-concert\/#breadcrumb\"},\"inLanguage\":\"es\",\"potentialAction\":[{\"@type\":\"ReadAction\",\"target\":[\"https:\/\/noti-america.com\/site\/repdom\/2024\/12\/04\/jairon-high-hizo-historia-en-santo-domingo-con-afroking-the-concert\/\"]}]},{\"@type\":\"ImageObject\",\"inLanguage\":\"es\",\"@id\":\"https:\/\/noti-america.com\/site\/repdom\/2024\/12\/04\/jairon-high-hizo-historia-en-santo-domingo-con-afroking-the-concert\/#primaryimage\",\"url\":\"https:\/\/noti-america.com\/site\/repdom\/wp-content\/uploads\/sites\/6\/2024\/12\/f54b5090-4ec1-436b-8f05-43ddc1a84838.jpeg\",\"contentUrl\":\"https:\/\/noti-america.com\/site\/repdom\/wp-content\/uploads\/sites\/6\/2024\/12\/f54b5090-4ec1-436b-8f05-43ddc1a84838.jpeg\",\"width\":854,\"height\":1280},{\"@type\":\"BreadcrumbList\",\"@id\":\"https:\/\/noti-america.com\/site\/repdom\/2024\/12\/04\/jairon-high-hizo-historia-en-santo-domingo-con-afroking-the-concert\/#breadcrumb\",\"itemListElement\":[{\"@type\":\"ListItem\",\"position\":1,\"name\":\"Portada\",\"item\":\"https:\/\/noti-america.com\/site\/repdom\/\"},{\"@type\":\"ListItem\",\"position\":2,\"name\":\"Jairon High hizo historia en Santo Domingo con Afroking: The Concert\"}]},{\"@type\":\"WebSite\",\"@id\":\"https:\/\/noti-america.com\/site\/repdom\/#website\",\"url\":\"https:\/\/noti-america.com\/site\/repdom\/\",\"name\":\"Rep. Dominicana | Noti-America.com\",\"description\":\"\",\"publisher\":{\"@id\":\"https:\/\/noti-america.com\/site\/repdom\/#organization\"},\"potentialAction\":[{\"@type\":\"SearchAction\",\"target\":{\"@type\":\"EntryPoint\",\"urlTemplate\":\"https:\/\/noti-america.com\/site\/repdom\/?s={search_term_string}\"},\"query-input\":{\"@type\":\"PropertyValueSpecification\",\"valueRequired\":true,\"valueName\":\"search_term_string\"}}],\"inLanguage\":\"es\"},{\"@type\":\"Organization\",\"@id\":\"https:\/\/noti-america.com\/site\/repdom\/#organization\",\"name\":\"Noti-America LLC | Rep\u00fablica Dominicana\",\"url\":\"https:\/\/noti-america.com\/site\/repdom\/\",\"logo\":{\"@type\":\"ImageObject\",\"inLanguage\":\"es\",\"@id\":\"https:\/\/noti-america.com\/site\/repdom\/#\/schema\/logo\/image\/\",\"url\":\"https:\/\/noti-america.com\/site\/repdom\/wp-content\/uploads\/sites\/6\/2020\/07\/LogoNA-4x3-1.jpg\",\"contentUrl\":\"https:\/\/noti-america.com\/site\/repdom\/wp-content\/uploads\/sites\/6\/2020\/07\/LogoNA-4x3-1.jpg\",\"width\":1236,\"height\":1080,\"caption\":\"Noti-America LLC | Rep\u00fablica Dominicana\"},\"image\":{\"@id\":\"https:\/\/noti-america.com\/site\/repdom\/#\/schema\/logo\/image\/\"}},{\"@type\":\"Person\",\"@id\":\"https:\/\/noti-america.com\/site\/repdom\/#\/schema\/person\/8027db7d71a0328e6e4474fa188c6fb3\",\"name\":\"Miguel Ramirez\",\"image\":{\"@type\":\"ImageObject\",\"inLanguage\":\"es\",\"@id\":\"https:\/\/secure.gravatar.com\/avatar\/41a78fb2cdab3e2dc5831d3591f1dab499ed0c22acc464195b09f37c2b3ac2cf?s=96&d=mm&r=g\",\"url\":\"https:\/\/secure.gravatar.com\/avatar\/41a78fb2cdab3e2dc5831d3591f1dab499ed0c22acc464195b09f37c2b3ac2cf?s=96&d=mm&r=g\",\"contentUrl\":\"https:\/\/secure.gravatar.com\/avatar\/41a78fb2cdab3e2dc5831d3591f1dab499ed0c22acc464195b09f37c2b3ac2cf?s=96&d=mm&r=g\",\"caption\":\"Miguel Ramirez\"},\"description\":\"Locutor y periodista digital y coach comunicaci\u00f3n\",\"sameAs\":[\"https:\/\/www.facebook.com\/share\/1HVE1qCqVk\/?mibextid=wwXIfr\"],\"url\":\"https:\/\/noti-america.com\/site\/repdom\/author\/mramirez\/\"}]}<\/script>\n<!-- \/ Yoast SEO Premium plugin. -->","yoast_head_json":{"title":"Jairon High hizo historia en Santo Domingo con Afroking: The Concert - Rep. Dominicana | Noti-America.com","robots":{"index":"index","follow":"follow","max-snippet":"max-snippet:-1","max-image-preview":"max-image-preview:large","max-video-preview":"max-video-preview:-1"},"canonical":"https:\/\/noti-america.com\/site\/repdom\/2024\/12\/04\/jairon-high-hizo-historia-en-santo-domingo-con-afroking-the-concert\/","og_locale":"es_ES","og_type":"article","og_title":"Jairon High hizo historia en Santo Domingo con Afroking: The Concert","og_description":"&nbsp; &nbsp; &nbsp; &nbsp; Santo Domingo, R. D. El artista cristiano Jairon High protagoniz\u00f3 una noche inolvidable en el Pabell\u00f3n de Karate del Centro Ol\u00edmpico Juan Pablo Duarte, donde casi 2,500 personas se dieron&#46;&#46;&#46;","og_url":"https:\/\/noti-america.com\/site\/repdom\/2024\/12\/04\/jairon-high-hizo-historia-en-santo-domingo-con-afroking-the-concert\/","og_site_name":"Rep. Dominicana | Noti-America.com","article_author":"https:\/\/www.facebook.com\/share\/1HVE1qCqVk\/?mibextid=wwXIfr","article_published_time":"2024-12-04T21:19:11+00:00","og_image":[{"width":854,"height":1280,"url":"https:\/\/noti-america.com\/site\/repdom\/wp-content\/uploads\/sites\/6\/2024\/12\/f54b5090-4ec1-436b-8f05-43ddc1a84838.jpeg","type":"image\/jpeg"}],"author":"Miguel Ramirez","twitter_card":"summary_large_image","twitter_misc":{"Escrito por":"Miguel Ramirez","Tiempo estimado de lectura":"3 minutos"},"schema":{"@context":"https:\/\/schema.org","@graph":[{"@type":"Article","@id":"https:\/\/noti-america.com\/site\/repdom\/2024\/12\/04\/jairon-high-hizo-historia-en-santo-domingo-con-afroking-the-concert\/#article","isPartOf":{"@id":"https:\/\/noti-america.com\/site\/repdom\/2024\/12\/04\/jairon-high-hizo-historia-en-santo-domingo-con-afroking-the-concert\/"},"author":{"name":"Miguel Ramirez","@id":"https:\/\/noti-america.com\/site\/repdom\/#\/schema\/person\/8027db7d71a0328e6e4474fa188c6fb3"},"headline":"Jairon High hizo historia en Santo Domingo con Afroking: The Concert","datePublished":"2024-12-04T21:19:11+00:00","mainEntityOfPage":{"@id":"https:\/\/noti-america.com\/site\/repdom\/2024\/12\/04\/jairon-high-hizo-historia-en-santo-domingo-con-afroking-the-concert\/"},"wordCount":316,"commentCount":0,"publisher":{"@id":"https:\/\/noti-america.com\/site\/repdom\/#organization"},"image":{"@id":"https:\/\/noti-america.com\/site\/repdom\/2024\/12\/04\/jairon-high-hizo-historia-en-santo-domingo-con-afroking-the-concert\/#primaryimage"},"thumbnailUrl":"https:\/\/noti-america.com\/site\/repdom\/wp-content\/uploads\/sites\/6\/2024\/12\/f54b5090-4ec1-436b-8f05-43ddc1a84838.jpeg","articleSection":["Arte y Espect\u00e1culos"],"inLanguage":"es","potentialAction":[{"@type":"CommentAction","name":"Comment","target":["https:\/\/noti-america.com\/site\/repdom\/2024\/12\/04\/jairon-high-hizo-historia-en-santo-domingo-con-afroking-the-concert\/#respond"]}]},{"@type":"WebPage","@id":"https:\/\/noti-america.com\/site\/repdom\/2024\/12\/04\/jairon-high-hizo-historia-en-santo-domingo-con-afroking-the-concert\/","url":"https:\/\/noti-america.com\/site\/repdom\/2024\/12\/04\/jairon-high-hizo-historia-en-santo-domingo-con-afroking-the-concert\/","name":"Jairon High hizo historia en Santo Domingo con Afroking: The Concert - Rep. Dominicana | Noti-America.com","isPartOf":{"@id":"https:\/\/noti-america.com\/site\/repdom\/#website"},"primaryImageOfPage":{"@id":"https:\/\/noti-america.com\/site\/repdom\/2024\/12\/04\/jairon-high-hizo-historia-en-santo-domingo-con-afroking-the-concert\/#primaryimage"},"image":{"@id":"https:\/\/noti-america.com\/site\/repdom\/2024\/12\/04\/jairon-high-hizo-historia-en-santo-domingo-con-afroking-the-concert\/#primaryimage"},"thumbnailUrl":"https:\/\/noti-america.com\/site\/repdom\/wp-content\/uploads\/sites\/6\/2024\/12\/f54b5090-4ec1-436b-8f05-43ddc1a84838.jpeg","datePublished":"2024-12-04T21:19:11+00:00","breadcrumb":{"@id":"https:\/\/noti-america.com\/site\/repdom\/2024\/12\/04\/jairon-high-hizo-historia-en-santo-domingo-con-afroking-the-concert\/#breadcrumb"},"inLanguage":"es","potentialAction":[{"@type":"ReadAction","target":["https:\/\/noti-america.com\/site\/repdom\/2024\/12\/04\/jairon-high-hizo-historia-en-santo-domingo-con-afroking-the-concert\/"]}]},{"@type":"ImageObject","inLanguage":"es","@id":"https:\/\/noti-america.com\/site\/repdom\/2024\/12\/04\/jairon-high-hizo-historia-en-santo-domingo-con-afroking-the-concert\/#primaryimage","url":"https:\/\/noti-america.com\/site\/repdom\/wp-content\/uploads\/sites\/6\/2024\/12\/f54b5090-4ec1-436b-8f05-43ddc1a84838.jpeg","contentUrl":"https:\/\/noti-america.com\/site\/repdom\/wp-content\/uploads\/sites\/6\/2024\/12\/f54b5090-4ec1-436b-8f05-43ddc1a84838.jpeg","width":854,"height":1280},{"@type":"BreadcrumbList","@id":"https:\/\/noti-america.com\/site\/repdom\/2024\/12\/04\/jairon-high-hizo-historia-en-santo-domingo-con-afroking-the-concert\/#breadcrumb","itemListElement":[{"@type":"ListItem","position":1,"name":"Portada","item":"https:\/\/noti-america.com\/site\/repdom\/"},{"@type":"ListItem","position":2,"name":"Jairon High hizo historia en Santo Domingo con Afroking: The Concert"}]},{"@type":"WebSite","@id":"https:\/\/noti-america.com\/site\/repdom\/#website","url":"https:\/\/noti-america.com\/site\/repdom\/","name":"Rep. Dominicana | Noti-America.com","description":"","publisher":{"@id":"https:\/\/noti-america.com\/site\/repdom\/#organization"},"potentialAction":[{"@type":"SearchAction","target":{"@type":"EntryPoint","urlTemplate":"https:\/\/noti-america.com\/site\/repdom\/?s={search_term_string}"},"query-input":{"@type":"PropertyValueSpecification","valueRequired":true,"valueName":"search_term_string"}}],"inLanguage":"es"},{"@type":"Organization","@id":"https:\/\/noti-america.com\/site\/repdom\/#organization","name":"Noti-America LLC | Rep\u00fablica Dominicana","url":"https:\/\/noti-america.com\/site\/repdom\/","logo":{"@type":"ImageObject","inLanguage":"es","@id":"https:\/\/noti-america.com\/site\/repdom\/#\/schema\/logo\/image\/","url":"https:\/\/noti-america.com\/site\/repdom\/wp-content\/uploads\/sites\/6\/2020\/07\/LogoNA-4x3-1.jpg","contentUrl":"https:\/\/noti-america.com\/site\/repdom\/wp-content\/uploads\/sites\/6\/2020\/07\/LogoNA-4x3-1.jpg","width":1236,"height":1080,"caption":"Noti-America LLC | Rep\u00fablica Dominicana"},"image":{"@id":"https:\/\/noti-america.com\/site\/repdom\/#\/schema\/logo\/image\/"}},{"@type":"Person","@id":"https:\/\/noti-america.com\/site\/repdom\/#\/schema\/person\/8027db7d71a0328e6e4474fa188c6fb3","name":"Miguel Ramirez","image":{"@type":"ImageObject","inLanguage":"es","@id":"https:\/\/secure.gravatar.com\/avatar\/41a78fb2cdab3e2dc5831d3591f1dab499ed0c22acc464195b09f37c2b3ac2cf?s=96&d=mm&r=g","url":"https:\/\/secure.gravatar.com\/avatar\/41a78fb2cdab3e2dc5831d3591f1dab499ed0c22acc464195b09f37c2b3ac2cf?s=96&d=mm&r=g","contentUrl":"https:\/\/secure.gravatar.com\/avatar\/41a78fb2cdab3e2dc5831d3591f1dab499ed0c22acc464195b09f37c2b3ac2cf?s=96&d=mm&r=g","caption":"Miguel Ramirez"},"description":"Locutor y periodista digital y coach comunicaci\u00f3n","sameAs":["https:\/\/www.facebook.com\/share\/1HVE1qCqVk\/?mibextid=wwXIfr"],"url":"https:\/\/noti-america.com\/site\/repdom\/author\/mramirez\/"}]}},"_links":{"self":[{"href":"https:\/\/noti-america.com\/site\/repdom\/wp-json\/wp\/v2\/posts\/30928","targetHints":{"allow":["GET"]}}],"collection":[{"href":"https:\/\/noti-america.com\/site\/repdom\/wp-json\/wp\/v2\/posts"}],"about":[{"href":"https:\/\/noti-america.com\/site\/repdom\/wp-json\/wp\/v2\/types\/post"}],"author":[{"embeddable":true,"href":"https:\/\/noti-america.com\/site\/repdom\/wp-json\/wp\/v2\/users\/96"}],"replies":[{"embeddable":true,"href":"https:\/\/noti-america.com\/site\/repdom\/wp-json\/wp\/v2\/comments?post=30928"}],"version-history":[{"count":1,"href":"https:\/\/noti-america.com\/site\/repdom\/wp-json\/wp\/v2\/posts\/30928\/revisions"}],"predecessor-version":[{"id":30935,"href":"https:\/\/noti-america.com\/site\/repdom\/wp-json\/wp\/v2\/posts\/30928\/revisions\/30935"}],"wp:featuredmedia":[{"embeddable":true,"href":"https:\/\/noti-america.com\/site\/repdom\/wp-json\/wp\/v2\/media\/30930"}],"wp:attachment":[{"href":"https:\/\/noti-america.com\/site\/repdom\/wp-json\/wp\/v2\/media?parent=30928"}],"wp:term":[{"taxonomy":"category","embeddable":true,"href":"https:\/\/noti-america.com\/site\/repdom\/wp-json\/wp\/v2\/categories?post=30928"},{"taxonomy":"post_tag","embeddable":true,"href":"https:\/\/noti-america.com\/site\/repdom\/wp-json\/wp\/v2\/tags?post=30928"}],"curies":[{"name":"wp","href":"https:\/\/api.w.org\/{rel}","templated":true}]}}