{"id":3082,"date":"2020-08-18T10:31:24","date_gmt":"2020-08-18T10:31:24","guid":{"rendered":"https:\/\/noti-america.com\/site\/repdom\/?p=3082"},"modified":"2020-08-18T10:31:24","modified_gmt":"2020-08-18T10:31:24","slug":"david-collado-asume-como-ministro-de-turismo-y-realiza-cambios-de-inmediato","status":"publish","type":"post","link":"https:\/\/noti-america.com\/site\/repdom\/2020\/08\/18\/david-collado-asume-como-ministro-de-turismo-y-realiza-cambios-de-inmediato\/","title":{"rendered":"David Collado asume como ministro de Turismo y realiza cambios de inmediato"},"content":{"rendered":"<p style=\"text-align: justify\">David Collado asumi\u00f3 ayer lunes como nuevo titular del Ministerio de Turismo y minutos despu\u00e9s hizo sus primeras designaciones en departamentos de esa instituci\u00f3n. Collado lleg\u00f3 a la sede del Ministerio acompa\u00f1ado de varios de sus m\u00e1s cercanos colaboradores.<\/p>\n<p style=\"text-align: justify\">La transici\u00f3n se llev\u00f3 a cabo en un ambiente distendido y de cooperaci\u00f3n. Poco despu\u00e9s, Collado anunci\u00f3 la designaci\u00f3n de Kai Schoenhals como director del Consejo de Fomento Tur\u00edstico (Confotur), y de\u00a0 Shaney Pe\u00f1a como directora de la Direcci\u00f3n de Planificaci\u00f3n y Proyectos.<\/p>\n<p style=\"text-align: justify\">De igual modo,\u00a0 inform\u00f3 que Am\u00edn Abel ser\u00e1 coordinador de la Unidad Ejecutora del Programa Integral de Ciudad Colonial del Banco Interamericano de Desarrollo (BID). Asimismo, el ministro de Turismo efectu\u00f3 una reuni\u00f3n de planificaci\u00f3n para el Comit\u00e9 Ejecutor de Infraestructuras en Zonas Tur\u00edsticas (Ceiztur), junto al nuevo director, Sixto Brea, y la representante del Programa de las Naciones Unidas para el Desarrollo en Rep\u00fablica Dominicana (PNUD), Inka Mattila.<\/p>\n<p style=\"text-align: justify\">Informo que el PNUD har\u00e1 su acompa\u00f1amiento en el proceso de las licitaciones y contrataciones que realice Turismo.<\/p>\n<p style=\"text-align: justify\">Desde que el presidente Luis Abinader anunci\u00f3 su designaci\u00f3n en el Ministerio de Turismo, Collado, en colaboraci\u00f3n con el ministro saliente Francisco Javier Garc\u00eda, inici\u00f3 una amplia agenda de trabajo que incluy\u00f3 reuniones con importantes actores del sector, que tendr\u00e1n un papel preponderante en el relanzamiento del sector.<\/p>\n<p style=\"text-align: justify\">Tambi\u00e9n celebr\u00f3 encuentros con\u00a0 empresarios y due\u00f1os de cadenas hoteleras en Estados Unidos y Espa\u00f1a.<\/p>\n<p style=\"text-align: justify\">Collado fue presidente de la Comisi\u00f3n de Turismo de la C\u00e1mara de Diputados y alcalde del Distrito Nacional.<\/p>\n<p style=\"text-align: justify\"><strong>MITUR.<\/strong><\/p>\n","protected":false},"excerpt":{"rendered":"<p>David Collado asumi\u00f3 ayer lunes como nuevo titular del Ministerio de Turismo y minutos despu\u00e9s hizo sus primeras designaciones en departamentos de esa instituci\u00f3n. Collado lleg\u00f3 a la sede del Ministerio acompa\u00f1ado de varios&#46;&#46;&#46;<\/p>\n","protected":false},"author":99,"featured_media":3083,"comment_status":"open","ping_status":"open","sticky":false,"template":"","format":"gallery","meta":{"_acf_changed":false,"rop_custom_images_group":[],"rop_custom_messages_group":[],"rop_publish_now":"initial","rop_publish_now_accounts":[],"rop_publish_now_history":[],"rop_publish_now_status":"pending","footnotes":""},"categories":[3],"tags":[],"class_list":["post-3082","post","type-post","status-publish","format-gallery","has-post-thumbnail","hentry","category-politica","post_format-post-format-gallery"],"acf":[],"yoast_head":"<!-- This site is optimized with the Yoast SEO Premium plugin v24.9 (Yoast SEO v27.2) - https:\/\/yoast.com\/product\/yoast-seo-premium-wordpress\/ -->\n<title>David Collado asume como ministro de Turismo y realiza cambios de inmediato - Rep. Dominicana | Noti-America.com<\/title>\n<meta name=\"robots\" content=\"index, follow, max-snippet:-1, max-image-preview:large, max-video-preview:-1\" \/>\n<link rel=\"canonical\" href=\"https:\/\/noti-america.com\/site\/repdom\/2020\/08\/18\/david-collado-asume-como-ministro-de-turismo-y-realiza-cambios-de-inmediato\/\" \/>\n<meta property=\"og:locale\" content=\"es_ES\" \/>\n<meta property=\"og:type\" content=\"article\" \/>\n<meta property=\"og:title\" content=\"David Collado asume como ministro de Turismo y realiza cambios de inmediato\" \/>\n<meta property=\"og:description\" content=\"David Collado asumi\u00f3 ayer lunes como nuevo titular del Ministerio de Turismo y minutos despu\u00e9s hizo sus primeras designaciones en departamentos de esa instituci\u00f3n. Collado lleg\u00f3 a la sede del Ministerio acompa\u00f1ado de varios&#046;&#046;&#046;\" \/>\n<meta property=\"og:url\" content=\"https:\/\/noti-america.com\/site\/repdom\/2020\/08\/18\/david-collado-asume-como-ministro-de-turismo-y-realiza-cambios-de-inmediato\/\" \/>\n<meta property=\"og:site_name\" content=\"Rep. Dominicana | Noti-America.com\" \/>\n<meta property=\"article:published_time\" content=\"2020-08-18T10:31:24+00:00\" \/>\n<meta property=\"og:image\" content=\"https:\/\/noti-america.com\/site\/repdom\/wp-content\/uploads\/sites\/6\/2020\/08\/descarga.jpg\" \/>\n\t<meta property=\"og:image:width\" content=\"329\" \/>\n\t<meta property=\"og:image:height\" content=\"153\" \/>\n\t<meta property=\"og:image:type\" content=\"image\/jpeg\" \/>\n<meta name=\"author\" content=\"Ann\u00e9 Cruz\" \/>\n<meta name=\"twitter:card\" content=\"summary_large_image\" \/>\n<meta name=\"twitter:label1\" content=\"Escrito por\" \/>\n\t<meta name=\"twitter:data1\" content=\"Ann\u00e9 Cruz\" \/>\n\t<meta name=\"twitter:label2\" content=\"Tiempo estimado de lectura\" \/>\n\t<meta name=\"twitter:data2\" content=\"1 minuto\" \/>\n<script type=\"application\/ld+json\" class=\"yoast-schema-graph\">{\"@context\":\"https:\/\/schema.org\",\"@graph\":[{\"@type\":\"Article\",\"@id\":\"https:\/\/noti-america.com\/site\/repdom\/2020\/08\/18\/david-collado-asume-como-ministro-de-turismo-y-realiza-cambios-de-inmediato\/#article\",\"isPartOf\":{\"@id\":\"https:\/\/noti-america.com\/site\/repdom\/2020\/08\/18\/david-collado-asume-como-ministro-de-turismo-y-realiza-cambios-de-inmediato\/\"},\"author\":{\"name\":\"Ann\u00e9 Cruz\",\"@id\":\"https:\/\/noti-america.com\/site\/repdom\/#\/schema\/person\/01b6a5fcca2b30bc220da2842f0b6060\"},\"headline\":\"David Collado asume como ministro de Turismo y realiza cambios de inmediato\",\"datePublished\":\"2020-08-18T10:31:24+00:00\",\"mainEntityOfPage\":{\"@id\":\"https:\/\/noti-america.com\/site\/repdom\/2020\/08\/18\/david-collado-asume-como-ministro-de-turismo-y-realiza-cambios-de-inmediato\/\"},\"wordCount\":290,\"commentCount\":0,\"publisher\":{\"@id\":\"https:\/\/noti-america.com\/site\/repdom\/#organization\"},\"image\":{\"@id\":\"https:\/\/noti-america.com\/site\/repdom\/2020\/08\/18\/david-collado-asume-como-ministro-de-turismo-y-realiza-cambios-de-inmediato\/#primaryimage\"},\"thumbnailUrl\":\"https:\/\/noti-america.com\/site\/repdom\/wp-content\/uploads\/sites\/6\/2020\/08\/descarga.jpg\",\"articleSection\":[\"Pol\u00edtica\"],\"inLanguage\":\"es\",\"potentialAction\":[{\"@type\":\"CommentAction\",\"name\":\"Comment\",\"target\":[\"https:\/\/noti-america.com\/site\/repdom\/2020\/08\/18\/david-collado-asume-como-ministro-de-turismo-y-realiza-cambios-de-inmediato\/#respond\"]}]},{\"@type\":\"WebPage\",\"@id\":\"https:\/\/noti-america.com\/site\/repdom\/2020\/08\/18\/david-collado-asume-como-ministro-de-turismo-y-realiza-cambios-de-inmediato\/\",\"url\":\"https:\/\/noti-america.com\/site\/repdom\/2020\/08\/18\/david-collado-asume-como-ministro-de-turismo-y-realiza-cambios-de-inmediato\/\",\"name\":\"David Collado asume como ministro de Turismo y realiza cambios de inmediato - Rep. Dominicana | Noti-America.com\",\"isPartOf\":{\"@id\":\"https:\/\/noti-america.com\/site\/repdom\/#website\"},\"primaryImageOfPage\":{\"@id\":\"https:\/\/noti-america.com\/site\/repdom\/2020\/08\/18\/david-collado-asume-como-ministro-de-turismo-y-realiza-cambios-de-inmediato\/#primaryimage\"},\"image\":{\"@id\":\"https:\/\/noti-america.com\/site\/repdom\/2020\/08\/18\/david-collado-asume-como-ministro-de-turismo-y-realiza-cambios-de-inmediato\/#primaryimage\"},\"thumbnailUrl\":\"https:\/\/noti-america.com\/site\/repdom\/wp-content\/uploads\/sites\/6\/2020\/08\/descarga.jpg\",\"datePublished\":\"2020-08-18T10:31:24+00:00\",\"breadcrumb\":{\"@id\":\"https:\/\/noti-america.com\/site\/repdom\/2020\/08\/18\/david-collado-asume-como-ministro-de-turismo-y-realiza-cambios-de-inmediato\/#breadcrumb\"},\"inLanguage\":\"es\",\"potentialAction\":[{\"@type\":\"ReadAction\",\"target\":[\"https:\/\/noti-america.com\/site\/repdom\/2020\/08\/18\/david-collado-asume-como-ministro-de-turismo-y-realiza-cambios-de-inmediato\/\"]}]},{\"@type\":\"ImageObject\",\"inLanguage\":\"es\",\"@id\":\"https:\/\/noti-america.com\/site\/repdom\/2020\/08\/18\/david-collado-asume-como-ministro-de-turismo-y-realiza-cambios-de-inmediato\/#primaryimage\",\"url\":\"https:\/\/noti-america.com\/site\/repdom\/wp-content\/uploads\/sites\/6\/2020\/08\/descarga.jpg\",\"contentUrl\":\"https:\/\/noti-america.com\/site\/repdom\/wp-content\/uploads\/sites\/6\/2020\/08\/descarga.jpg\",\"width\":329,\"height\":153},{\"@type\":\"BreadcrumbList\",\"@id\":\"https:\/\/noti-america.com\/site\/repdom\/2020\/08\/18\/david-collado-asume-como-ministro-de-turismo-y-realiza-cambios-de-inmediato\/#breadcrumb\",\"itemListElement\":[{\"@type\":\"ListItem\",\"position\":1,\"name\":\"Portada\",\"item\":\"https:\/\/noti-america.com\/site\/repdom\/\"},{\"@type\":\"ListItem\",\"position\":2,\"name\":\"David Collado asume como ministro de Turismo y realiza cambios de inmediato\"}]},{\"@type\":\"WebSite\",\"@id\":\"https:\/\/noti-america.com\/site\/repdom\/#website\",\"url\":\"https:\/\/noti-america.com\/site\/repdom\/\",\"name\":\"Rep. Dominicana | Noti-America.com\",\"description\":\"\",\"publisher\":{\"@id\":\"https:\/\/noti-america.com\/site\/repdom\/#organization\"},\"potentialAction\":[{\"@type\":\"SearchAction\",\"target\":{\"@type\":\"EntryPoint\",\"urlTemplate\":\"https:\/\/noti-america.com\/site\/repdom\/?s={search_term_string}\"},\"query-input\":{\"@type\":\"PropertyValueSpecification\",\"valueRequired\":true,\"valueName\":\"search_term_string\"}}],\"inLanguage\":\"es\"},{\"@type\":\"Organization\",\"@id\":\"https:\/\/noti-america.com\/site\/repdom\/#organization\",\"name\":\"Noti-America LLC | Rep\u00fablica Dominicana\",\"url\":\"https:\/\/noti-america.com\/site\/repdom\/\",\"logo\":{\"@type\":\"ImageObject\",\"inLanguage\":\"es\",\"@id\":\"https:\/\/noti-america.com\/site\/repdom\/#\/schema\/logo\/image\/\",\"url\":\"https:\/\/noti-america.com\/site\/repdom\/wp-content\/uploads\/sites\/6\/2020\/07\/LogoNA-4x3-1.jpg\",\"contentUrl\":\"https:\/\/noti-america.com\/site\/repdom\/wp-content\/uploads\/sites\/6\/2020\/07\/LogoNA-4x3-1.jpg\",\"width\":1236,\"height\":1080,\"caption\":\"Noti-America LLC | Rep\u00fablica Dominicana\"},\"image\":{\"@id\":\"https:\/\/noti-america.com\/site\/repdom\/#\/schema\/logo\/image\/\"}},{\"@type\":\"Person\",\"@id\":\"https:\/\/noti-america.com\/site\/repdom\/#\/schema\/person\/01b6a5fcca2b30bc220da2842f0b6060\",\"name\":\"Ann\u00e9 Cruz\",\"image\":{\"@type\":\"ImageObject\",\"inLanguage\":\"es\",\"@id\":\"https:\/\/secure.gravatar.com\/avatar\/f5aaeb3fd16b65f7d601dd99d7f1dcaaf7065ea361b219976bcf5d43d0980e1b?s=96&d=mm&r=g\",\"url\":\"https:\/\/secure.gravatar.com\/avatar\/f5aaeb3fd16b65f7d601dd99d7f1dcaaf7065ea361b219976bcf5d43d0980e1b?s=96&d=mm&r=g\",\"contentUrl\":\"https:\/\/secure.gravatar.com\/avatar\/f5aaeb3fd16b65f7d601dd99d7f1dcaaf7065ea361b219976bcf5d43d0980e1b?s=96&d=mm&r=g\",\"caption\":\"Ann\u00e9 Cruz\"},\"description\":\"Emprendedora, publirrelacionista y periodista especializada en Comunicaci\u00f3n Pol\u00edtica e Institucional.\",\"url\":\"https:\/\/noti-america.com\/site\/repdom\/author\/adelacruz\/\"}]}<\/script>\n<!-- \/ Yoast SEO Premium plugin. -->","yoast_head_json":{"title":"David Collado asume como ministro de Turismo y realiza cambios de inmediato - Rep. Dominicana | Noti-America.com","robots":{"index":"index","follow":"follow","max-snippet":"max-snippet:-1","max-image-preview":"max-image-preview:large","max-video-preview":"max-video-preview:-1"},"canonical":"https:\/\/noti-america.com\/site\/repdom\/2020\/08\/18\/david-collado-asume-como-ministro-de-turismo-y-realiza-cambios-de-inmediato\/","og_locale":"es_ES","og_type":"article","og_title":"David Collado asume como ministro de Turismo y realiza cambios de inmediato","og_description":"David Collado asumi\u00f3 ayer lunes como nuevo titular del Ministerio de Turismo y minutos despu\u00e9s hizo sus primeras designaciones en departamentos de esa instituci\u00f3n. Collado lleg\u00f3 a la sede del Ministerio acompa\u00f1ado de varios&#46;&#46;&#46;","og_url":"https:\/\/noti-america.com\/site\/repdom\/2020\/08\/18\/david-collado-asume-como-ministro-de-turismo-y-realiza-cambios-de-inmediato\/","og_site_name":"Rep. Dominicana | Noti-America.com","article_published_time":"2020-08-18T10:31:24+00:00","og_image":[{"width":329,"height":153,"url":"https:\/\/noti-america.com\/site\/repdom\/wp-content\/uploads\/sites\/6\/2020\/08\/descarga.jpg","type":"image\/jpeg"}],"author":"Ann\u00e9 Cruz","twitter_card":"summary_large_image","twitter_misc":{"Escrito por":"Ann\u00e9 Cruz","Tiempo estimado de lectura":"1 minuto"},"schema":{"@context":"https:\/\/schema.org","@graph":[{"@type":"Article","@id":"https:\/\/noti-america.com\/site\/repdom\/2020\/08\/18\/david-collado-asume-como-ministro-de-turismo-y-realiza-cambios-de-inmediato\/#article","isPartOf":{"@id":"https:\/\/noti-america.com\/site\/repdom\/2020\/08\/18\/david-collado-asume-como-ministro-de-turismo-y-realiza-cambios-de-inmediato\/"},"author":{"name":"Ann\u00e9 Cruz","@id":"https:\/\/noti-america.com\/site\/repdom\/#\/schema\/person\/01b6a5fcca2b30bc220da2842f0b6060"},"headline":"David Collado asume como ministro de Turismo y realiza cambios de inmediato","datePublished":"2020-08-18T10:31:24+00:00","mainEntityOfPage":{"@id":"https:\/\/noti-america.com\/site\/repdom\/2020\/08\/18\/david-collado-asume-como-ministro-de-turismo-y-realiza-cambios-de-inmediato\/"},"wordCount":290,"commentCount":0,"publisher":{"@id":"https:\/\/noti-america.com\/site\/repdom\/#organization"},"image":{"@id":"https:\/\/noti-america.com\/site\/repdom\/2020\/08\/18\/david-collado-asume-como-ministro-de-turismo-y-realiza-cambios-de-inmediato\/#primaryimage"},"thumbnailUrl":"https:\/\/noti-america.com\/site\/repdom\/wp-content\/uploads\/sites\/6\/2020\/08\/descarga.jpg","articleSection":["Pol\u00edtica"],"inLanguage":"es","potentialAction":[{"@type":"CommentAction","name":"Comment","target":["https:\/\/noti-america.com\/site\/repdom\/2020\/08\/18\/david-collado-asume-como-ministro-de-turismo-y-realiza-cambios-de-inmediato\/#respond"]}]},{"@type":"WebPage","@id":"https:\/\/noti-america.com\/site\/repdom\/2020\/08\/18\/david-collado-asume-como-ministro-de-turismo-y-realiza-cambios-de-inmediato\/","url":"https:\/\/noti-america.com\/site\/repdom\/2020\/08\/18\/david-collado-asume-como-ministro-de-turismo-y-realiza-cambios-de-inmediato\/","name":"David Collado asume como ministro de Turismo y realiza cambios de inmediato - Rep. Dominicana | Noti-America.com","isPartOf":{"@id":"https:\/\/noti-america.com\/site\/repdom\/#website"},"primaryImageOfPage":{"@id":"https:\/\/noti-america.com\/site\/repdom\/2020\/08\/18\/david-collado-asume-como-ministro-de-turismo-y-realiza-cambios-de-inmediato\/#primaryimage"},"image":{"@id":"https:\/\/noti-america.com\/site\/repdom\/2020\/08\/18\/david-collado-asume-como-ministro-de-turismo-y-realiza-cambios-de-inmediato\/#primaryimage"},"thumbnailUrl":"https:\/\/noti-america.com\/site\/repdom\/wp-content\/uploads\/sites\/6\/2020\/08\/descarga.jpg","datePublished":"2020-08-18T10:31:24+00:00","breadcrumb":{"@id":"https:\/\/noti-america.com\/site\/repdom\/2020\/08\/18\/david-collado-asume-como-ministro-de-turismo-y-realiza-cambios-de-inmediato\/#breadcrumb"},"inLanguage":"es","potentialAction":[{"@type":"ReadAction","target":["https:\/\/noti-america.com\/site\/repdom\/2020\/08\/18\/david-collado-asume-como-ministro-de-turismo-y-realiza-cambios-de-inmediato\/"]}]},{"@type":"ImageObject","inLanguage":"es","@id":"https:\/\/noti-america.com\/site\/repdom\/2020\/08\/18\/david-collado-asume-como-ministro-de-turismo-y-realiza-cambios-de-inmediato\/#primaryimage","url":"https:\/\/noti-america.com\/site\/repdom\/wp-content\/uploads\/sites\/6\/2020\/08\/descarga.jpg","contentUrl":"https:\/\/noti-america.com\/site\/repdom\/wp-content\/uploads\/sites\/6\/2020\/08\/descarga.jpg","width":329,"height":153},{"@type":"BreadcrumbList","@id":"https:\/\/noti-america.com\/site\/repdom\/2020\/08\/18\/david-collado-asume-como-ministro-de-turismo-y-realiza-cambios-de-inmediato\/#breadcrumb","itemListElement":[{"@type":"ListItem","position":1,"name":"Portada","item":"https:\/\/noti-america.com\/site\/repdom\/"},{"@type":"ListItem","position":2,"name":"David Collado asume como ministro de Turismo y realiza cambios de inmediato"}]},{"@type":"WebSite","@id":"https:\/\/noti-america.com\/site\/repdom\/#website","url":"https:\/\/noti-america.com\/site\/repdom\/","name":"Rep. Dominicana | Noti-America.com","description":"","publisher":{"@id":"https:\/\/noti-america.com\/site\/repdom\/#organization"},"potentialAction":[{"@type":"SearchAction","target":{"@type":"EntryPoint","urlTemplate":"https:\/\/noti-america.com\/site\/repdom\/?s={search_term_string}"},"query-input":{"@type":"PropertyValueSpecification","valueRequired":true,"valueName":"search_term_string"}}],"inLanguage":"es"},{"@type":"Organization","@id":"https:\/\/noti-america.com\/site\/repdom\/#organization","name":"Noti-America LLC | Rep\u00fablica Dominicana","url":"https:\/\/noti-america.com\/site\/repdom\/","logo":{"@type":"ImageObject","inLanguage":"es","@id":"https:\/\/noti-america.com\/site\/repdom\/#\/schema\/logo\/image\/","url":"https:\/\/noti-america.com\/site\/repdom\/wp-content\/uploads\/sites\/6\/2020\/07\/LogoNA-4x3-1.jpg","contentUrl":"https:\/\/noti-america.com\/site\/repdom\/wp-content\/uploads\/sites\/6\/2020\/07\/LogoNA-4x3-1.jpg","width":1236,"height":1080,"caption":"Noti-America LLC | Rep\u00fablica Dominicana"},"image":{"@id":"https:\/\/noti-america.com\/site\/repdom\/#\/schema\/logo\/image\/"}},{"@type":"Person","@id":"https:\/\/noti-america.com\/site\/repdom\/#\/schema\/person\/01b6a5fcca2b30bc220da2842f0b6060","name":"Ann\u00e9 Cruz","image":{"@type":"ImageObject","inLanguage":"es","@id":"https:\/\/secure.gravatar.com\/avatar\/f5aaeb3fd16b65f7d601dd99d7f1dcaaf7065ea361b219976bcf5d43d0980e1b?s=96&d=mm&r=g","url":"https:\/\/secure.gravatar.com\/avatar\/f5aaeb3fd16b65f7d601dd99d7f1dcaaf7065ea361b219976bcf5d43d0980e1b?s=96&d=mm&r=g","contentUrl":"https:\/\/secure.gravatar.com\/avatar\/f5aaeb3fd16b65f7d601dd99d7f1dcaaf7065ea361b219976bcf5d43d0980e1b?s=96&d=mm&r=g","caption":"Ann\u00e9 Cruz"},"description":"Emprendedora, publirrelacionista y periodista especializada en Comunicaci\u00f3n Pol\u00edtica e Institucional.","url":"https:\/\/noti-america.com\/site\/repdom\/author\/adelacruz\/"}]}},"_links":{"self":[{"href":"https:\/\/noti-america.com\/site\/repdom\/wp-json\/wp\/v2\/posts\/3082","targetHints":{"allow":["GET"]}}],"collection":[{"href":"https:\/\/noti-america.com\/site\/repdom\/wp-json\/wp\/v2\/posts"}],"about":[{"href":"https:\/\/noti-america.com\/site\/repdom\/wp-json\/wp\/v2\/types\/post"}],"author":[{"embeddable":true,"href":"https:\/\/noti-america.com\/site\/repdom\/wp-json\/wp\/v2\/users\/99"}],"replies":[{"embeddable":true,"href":"https:\/\/noti-america.com\/site\/repdom\/wp-json\/wp\/v2\/comments?post=3082"}],"version-history":[{"count":1,"href":"https:\/\/noti-america.com\/site\/repdom\/wp-json\/wp\/v2\/posts\/3082\/revisions"}],"predecessor-version":[{"id":3084,"href":"https:\/\/noti-america.com\/site\/repdom\/wp-json\/wp\/v2\/posts\/3082\/revisions\/3084"}],"wp:featuredmedia":[{"embeddable":true,"href":"https:\/\/noti-america.com\/site\/repdom\/wp-json\/wp\/v2\/media\/3083"}],"wp:attachment":[{"href":"https:\/\/noti-america.com\/site\/repdom\/wp-json\/wp\/v2\/media?parent=3082"}],"wp:term":[{"taxonomy":"category","embeddable":true,"href":"https:\/\/noti-america.com\/site\/repdom\/wp-json\/wp\/v2\/categories?post=3082"},{"taxonomy":"post_tag","embeddable":true,"href":"https:\/\/noti-america.com\/site\/repdom\/wp-json\/wp\/v2\/tags?post=3082"}],"curies":[{"name":"wp","href":"https:\/\/api.w.org\/{rel}","templated":true}]}}