{"id":30767,"date":"2024-11-29T01:27:41","date_gmt":"2024-11-29T01:27:41","guid":{"rendered":"https:\/\/noti-america.com\/site\/repdom\/?p=30767"},"modified":"2024-11-29T01:29:32","modified_gmt":"2024-11-29T01:29:32","slug":"en-la-celebracion-de-la-semana-del-emprendimiento-organizada-por-gew-republica-dominicana-y-pyhex-work-coworking-se-realizo-el-lanzamiento-oficial-de-m-marketeras-comunidad-emprendedorauna-red-de-ap","status":"publish","type":"post","link":"https:\/\/noti-america.com\/site\/repdom\/2024\/11\/29\/en-la-celebracion-de-la-semana-del-emprendimiento-organizada-por-gew-republica-dominicana-y-pyhex-work-coworking-se-realizo-el-lanzamiento-oficial-de-m-marketeras-comunidad-emprendedorauna-red-de-ap\/","title":{"rendered":"M Marketeras Comunidad Emprendedora se lanza oficialmente en Rep\u00fablica Dominicana durante la Semana del Emprendimiento"},"content":{"rendered":"<p><strong>Noti-Am\u00e9rica Rep\u00fablica Dominicana<\/strong><br \/>\n<strong>Santo Domingo,RD<\/strong><\/p>\n<p>&nbsp;<\/p>\n<p style=\"text-align: justify\">En el marco de la Semana del Emprendimiento organizada por GEW Rep\u00fablica Dominicana y Pyhex Work Coworking, se llev\u00f3 a cabo el lanzamiento oficial de <strong>M Marketeras Comunidad Emprendedora<\/strong>, una red de apoyo gratuita e inclusiva que busca fortalecer los v\u00ednculos entre mujeres emprendedoras en el pa\u00eds.<\/p>\n<p style=\"text-align: justify\">El evento, celebrado el pasado viernes 22 de noviembre, destac\u00f3 el poder transformador del emprendimiento femenino, reconociendo la trayectoria y aportes de mujeres l\u00edderes en sus respectivas \u00e1reas.<\/p>\n<p style=\"text-align: justify\">Entre los momentos m\u00e1s significativos de la jornada, se reconoci\u00f3 a <strong>Luisa Feliz<\/strong>, pionera del turismo gastron\u00f3mico en Rep\u00fablica Dominicana, como <strong>Personaje EME (Empoderada Mujer Exitosa)<\/strong>. Su invaluable contribuci\u00f3n al fomento de la cultura culinaria dominicana, a trav\u00e9s de m\u00e1s de 25 a\u00f1os de eventos innovadores que resaltan las riquezas gastron\u00f3micas regionales, fue celebrada como un ejemplo de liderazgo y dedicaci\u00f3n.<\/p>\n<p style=\"text-align: justify\">Adem\u00e1s, el evento sirvi\u00f3 para enaltecer la labor de destacadas emprendedoras y empresarias del pa\u00eds, tales como <strong>Rommy Grull\u00f3n, Leticia Centuri\u00f3n, Alejandra Ort\u00edz, Sugey De Jes\u00fas, Bianna Pe\u00f1a<\/strong> y <strong>Lisa Encarnaci\u00f3n<\/strong>, quienes han dejado una huella significativa en sus comunidades y sectores de trabajo.<\/p>\n<p style=\"text-align: justify\">La jornada incluy\u00f3 conversatorios enriquecedores sobre los desaf\u00edos y oportunidades en el ecosistema emprendedor, as\u00ed como un animado mercado de emprendedoras, que ofreci\u00f3 una plataforma para la exposici\u00f3n y venta de productos y servicios creados por mujeres dominicanas.<\/p>\n<p style=\"text-align: justify\"><strong>M Marketeras Comunidad Emprendedora<\/strong> se posiciona como un espacio de inspiraci\u00f3n, colaboraci\u00f3n y crecimiento para mujeres que buscan desarrollar su potencial emprendedor, en un entorno que promueve la inclusi\u00f3n y el apoyo mutuo.<\/p>\n<p><b>Instagram @mmarketerasrd<\/b><\/p>\n","protected":false},"excerpt":{"rendered":"<p>Noti-Am\u00e9rica Rep\u00fablica Dominicana Santo Domingo,RD &nbsp; En el marco de la Semana del Emprendimiento organizada por GEW Rep\u00fablica Dominicana y Pyhex Work Coworking, se llev\u00f3 a cabo el lanzamiento oficial de M Marketeras Comunidad&#46;&#46;&#46;<\/p>\n","protected":false},"author":87,"featured_media":30769,"comment_status":"open","ping_status":"open","sticky":false,"template":"","format":"gallery","meta":{"_acf_changed":false,"rop_custom_images_group":[],"rop_custom_messages_group":[],"rop_publish_now":"initial","rop_publish_now_accounts":[],"rop_publish_now_history":[],"rop_publish_now_status":"pending","footnotes":""},"categories":[277,162],"tags":[],"class_list":["post-30767","post","type-post","status-publish","format-gallery","has-post-thumbnail","hentry","category-acturalidad","category-emprendimiento","post_format-post-format-gallery"],"acf":[],"yoast_head":"<!-- This site is optimized with the Yoast SEO Premium plugin v24.9 (Yoast SEO v27.2) - https:\/\/yoast.com\/product\/yoast-seo-premium-wordpress\/ -->\n<title>M Marketeras Comunidad Emprendedora se lanza oficialmente en Rep\u00fablica Dominicana durante la Semana del Emprendimiento - Rep. Dominicana | Noti-America.com<\/title>\n<meta name=\"robots\" content=\"index, follow, max-snippet:-1, max-image-preview:large, max-video-preview:-1\" \/>\n<link rel=\"canonical\" href=\"https:\/\/noti-america.com\/site\/repdom\/2024\/11\/29\/en-la-celebracion-de-la-semana-del-emprendimiento-organizada-por-gew-republica-dominicana-y-pyhex-work-coworking-se-realizo-el-lanzamiento-oficial-de-m-marketeras-comunidad-emprendedorauna-red-de-ap\/\" \/>\n<meta property=\"og:locale\" content=\"es_ES\" \/>\n<meta property=\"og:type\" content=\"article\" \/>\n<meta property=\"og:title\" content=\"M Marketeras Comunidad Emprendedora se lanza oficialmente en Rep\u00fablica Dominicana durante la Semana del Emprendimiento\" \/>\n<meta property=\"og:description\" content=\"Noti-Am\u00e9rica Rep\u00fablica Dominicana Santo Domingo,RD &nbsp; En el marco de la Semana del Emprendimiento organizada por GEW Rep\u00fablica Dominicana y Pyhex Work Coworking, se llev\u00f3 a cabo el lanzamiento oficial de M Marketeras Comunidad&#046;&#046;&#046;\" \/>\n<meta property=\"og:url\" content=\"https:\/\/noti-america.com\/site\/repdom\/2024\/11\/29\/en-la-celebracion-de-la-semana-del-emprendimiento-organizada-por-gew-republica-dominicana-y-pyhex-work-coworking-se-realizo-el-lanzamiento-oficial-de-m-marketeras-comunidad-emprendedorauna-red-de-ap\/\" \/>\n<meta property=\"og:site_name\" content=\"Rep. Dominicana | Noti-America.com\" \/>\n<meta property=\"article:published_time\" content=\"2024-11-29T01:27:41+00:00\" \/>\n<meta property=\"article:modified_time\" content=\"2024-11-29T01:29:32+00:00\" \/>\n<meta property=\"og:image\" content=\"https:\/\/noti-america.com\/site\/repdom\/wp-content\/uploads\/sites\/6\/2024\/11\/3f39a03-1f3e-40ac-938d-c4a6f2e66b86.png\" \/>\n\t<meta property=\"og:image:width\" content=\"720\" \/>\n\t<meta property=\"og:image:height\" content=\"897\" \/>\n\t<meta property=\"og:image:type\" content=\"image\/png\" \/>\n<meta name=\"author\" content=\"CAMH\" \/>\n<meta name=\"twitter:card\" content=\"summary_large_image\" \/>\n<meta name=\"twitter:label1\" content=\"Escrito por\" \/>\n\t<meta name=\"twitter:data1\" content=\"CAMH\" \/>\n\t<meta name=\"twitter:label2\" content=\"Tiempo estimado de lectura\" \/>\n\t<meta name=\"twitter:data2\" content=\"2 minutos\" \/>\n<script type=\"application\/ld+json\" class=\"yoast-schema-graph\">{\"@context\":\"https:\/\/schema.org\",\"@graph\":[{\"@type\":\"Article\",\"@id\":\"https:\/\/noti-america.com\/site\/repdom\/2024\/11\/29\/en-la-celebracion-de-la-semana-del-emprendimiento-organizada-por-gew-republica-dominicana-y-pyhex-work-coworking-se-realizo-el-lanzamiento-oficial-de-m-marketeras-comunidad-emprendedorauna-red-de-ap\/#article\",\"isPartOf\":{\"@id\":\"https:\/\/noti-america.com\/site\/repdom\/2024\/11\/29\/en-la-celebracion-de-la-semana-del-emprendimiento-organizada-por-gew-republica-dominicana-y-pyhex-work-coworking-se-realizo-el-lanzamiento-oficial-de-m-marketeras-comunidad-emprendedorauna-red-de-ap\/\"},\"author\":{\"name\":\"CAMH\",\"@id\":\"https:\/\/noti-america.com\/site\/repdom\/#\/schema\/person\/e13880b4308eea6926b271284605ef72\"},\"headline\":\"M Marketeras Comunidad Emprendedora se lanza oficialmente en Rep\u00fablica Dominicana durante la Semana del Emprendimiento\",\"datePublished\":\"2024-11-29T01:27:41+00:00\",\"dateModified\":\"2024-11-29T01:29:32+00:00\",\"mainEntityOfPage\":{\"@id\":\"https:\/\/noti-america.com\/site\/repdom\/2024\/11\/29\/en-la-celebracion-de-la-semana-del-emprendimiento-organizada-por-gew-republica-dominicana-y-pyhex-work-coworking-se-realizo-el-lanzamiento-oficial-de-m-marketeras-comunidad-emprendedorauna-red-de-ap\/\"},\"wordCount\":302,\"commentCount\":0,\"publisher\":{\"@id\":\"https:\/\/noti-america.com\/site\/repdom\/#organization\"},\"image\":{\"@id\":\"https:\/\/noti-america.com\/site\/repdom\/2024\/11\/29\/en-la-celebracion-de-la-semana-del-emprendimiento-organizada-por-gew-republica-dominicana-y-pyhex-work-coworking-se-realizo-el-lanzamiento-oficial-de-m-marketeras-comunidad-emprendedorauna-red-de-ap\/#primaryimage\"},\"thumbnailUrl\":\"https:\/\/noti-america.com\/site\/repdom\/wp-content\/uploads\/sites\/6\/2024\/11\/3f39a03-1f3e-40ac-938d-c4a6f2e66b86.png\",\"articleSection\":[\"Actualidad\",\"Emprendimiento\"],\"inLanguage\":\"es\",\"potentialAction\":[{\"@type\":\"CommentAction\",\"name\":\"Comment\",\"target\":[\"https:\/\/noti-america.com\/site\/repdom\/2024\/11\/29\/en-la-celebracion-de-la-semana-del-emprendimiento-organizada-por-gew-republica-dominicana-y-pyhex-work-coworking-se-realizo-el-lanzamiento-oficial-de-m-marketeras-comunidad-emprendedorauna-red-de-ap\/#respond\"]}]},{\"@type\":\"WebPage\",\"@id\":\"https:\/\/noti-america.com\/site\/repdom\/2024\/11\/29\/en-la-celebracion-de-la-semana-del-emprendimiento-organizada-por-gew-republica-dominicana-y-pyhex-work-coworking-se-realizo-el-lanzamiento-oficial-de-m-marketeras-comunidad-emprendedorauna-red-de-ap\/\",\"url\":\"https:\/\/noti-america.com\/site\/repdom\/2024\/11\/29\/en-la-celebracion-de-la-semana-del-emprendimiento-organizada-por-gew-republica-dominicana-y-pyhex-work-coworking-se-realizo-el-lanzamiento-oficial-de-m-marketeras-comunidad-emprendedorauna-red-de-ap\/\",\"name\":\"M Marketeras Comunidad Emprendedora se lanza oficialmente en Rep\u00fablica Dominicana durante la Semana del Emprendimiento - Rep. Dominicana | Noti-America.com\",\"isPartOf\":{\"@id\":\"https:\/\/noti-america.com\/site\/repdom\/#website\"},\"primaryImageOfPage\":{\"@id\":\"https:\/\/noti-america.com\/site\/repdom\/2024\/11\/29\/en-la-celebracion-de-la-semana-del-emprendimiento-organizada-por-gew-republica-dominicana-y-pyhex-work-coworking-se-realizo-el-lanzamiento-oficial-de-m-marketeras-comunidad-emprendedorauna-red-de-ap\/#primaryimage\"},\"image\":{\"@id\":\"https:\/\/noti-america.com\/site\/repdom\/2024\/11\/29\/en-la-celebracion-de-la-semana-del-emprendimiento-organizada-por-gew-republica-dominicana-y-pyhex-work-coworking-se-realizo-el-lanzamiento-oficial-de-m-marketeras-comunidad-emprendedorauna-red-de-ap\/#primaryimage\"},\"thumbnailUrl\":\"https:\/\/noti-america.com\/site\/repdom\/wp-content\/uploads\/sites\/6\/2024\/11\/3f39a03-1f3e-40ac-938d-c4a6f2e66b86.png\",\"datePublished\":\"2024-11-29T01:27:41+00:00\",\"dateModified\":\"2024-11-29T01:29:32+00:00\",\"breadcrumb\":{\"@id\":\"https:\/\/noti-america.com\/site\/repdom\/2024\/11\/29\/en-la-celebracion-de-la-semana-del-emprendimiento-organizada-por-gew-republica-dominicana-y-pyhex-work-coworking-se-realizo-el-lanzamiento-oficial-de-m-marketeras-comunidad-emprendedorauna-red-de-ap\/#breadcrumb\"},\"inLanguage\":\"es\",\"potentialAction\":[{\"@type\":\"ReadAction\",\"target\":[\"https:\/\/noti-america.com\/site\/repdom\/2024\/11\/29\/en-la-celebracion-de-la-semana-del-emprendimiento-organizada-por-gew-republica-dominicana-y-pyhex-work-coworking-se-realizo-el-lanzamiento-oficial-de-m-marketeras-comunidad-emprendedorauna-red-de-ap\/\"]}]},{\"@type\":\"ImageObject\",\"inLanguage\":\"es\",\"@id\":\"https:\/\/noti-america.com\/site\/repdom\/2024\/11\/29\/en-la-celebracion-de-la-semana-del-emprendimiento-organizada-por-gew-republica-dominicana-y-pyhex-work-coworking-se-realizo-el-lanzamiento-oficial-de-m-marketeras-comunidad-emprendedorauna-red-de-ap\/#primaryimage\",\"url\":\"https:\/\/noti-america.com\/site\/repdom\/wp-content\/uploads\/sites\/6\/2024\/11\/3f39a03-1f3e-40ac-938d-c4a6f2e66b86.png\",\"contentUrl\":\"https:\/\/noti-america.com\/site\/repdom\/wp-content\/uploads\/sites\/6\/2024\/11\/3f39a03-1f3e-40ac-938d-c4a6f2e66b86.png\",\"width\":720,\"height\":897},{\"@type\":\"BreadcrumbList\",\"@id\":\"https:\/\/noti-america.com\/site\/repdom\/2024\/11\/29\/en-la-celebracion-de-la-semana-del-emprendimiento-organizada-por-gew-republica-dominicana-y-pyhex-work-coworking-se-realizo-el-lanzamiento-oficial-de-m-marketeras-comunidad-emprendedorauna-red-de-ap\/#breadcrumb\",\"itemListElement\":[{\"@type\":\"ListItem\",\"position\":1,\"name\":\"Portada\",\"item\":\"https:\/\/noti-america.com\/site\/repdom\/\"},{\"@type\":\"ListItem\",\"position\":2,\"name\":\"M Marketeras Comunidad Emprendedora se lanza oficialmente en Rep\u00fablica Dominicana durante la Semana del Emprendimiento\"}]},{\"@type\":\"WebSite\",\"@id\":\"https:\/\/noti-america.com\/site\/repdom\/#website\",\"url\":\"https:\/\/noti-america.com\/site\/repdom\/\",\"name\":\"Rep. Dominicana | Noti-America.com\",\"description\":\"\",\"publisher\":{\"@id\":\"https:\/\/noti-america.com\/site\/repdom\/#organization\"},\"potentialAction\":[{\"@type\":\"SearchAction\",\"target\":{\"@type\":\"EntryPoint\",\"urlTemplate\":\"https:\/\/noti-america.com\/site\/repdom\/?s={search_term_string}\"},\"query-input\":{\"@type\":\"PropertyValueSpecification\",\"valueRequired\":true,\"valueName\":\"search_term_string\"}}],\"inLanguage\":\"es\"},{\"@type\":\"Organization\",\"@id\":\"https:\/\/noti-america.com\/site\/repdom\/#organization\",\"name\":\"Noti-America LLC | Rep\u00fablica Dominicana\",\"url\":\"https:\/\/noti-america.com\/site\/repdom\/\",\"logo\":{\"@type\":\"ImageObject\",\"inLanguage\":\"es\",\"@id\":\"https:\/\/noti-america.com\/site\/repdom\/#\/schema\/logo\/image\/\",\"url\":\"https:\/\/noti-america.com\/site\/repdom\/wp-content\/uploads\/sites\/6\/2020\/07\/LogoNA-4x3-1.jpg\",\"contentUrl\":\"https:\/\/noti-america.com\/site\/repdom\/wp-content\/uploads\/sites\/6\/2020\/07\/LogoNA-4x3-1.jpg\",\"width\":1236,\"height\":1080,\"caption\":\"Noti-America LLC | Rep\u00fablica Dominicana\"},\"image\":{\"@id\":\"https:\/\/noti-america.com\/site\/repdom\/#\/schema\/logo\/image\/\"}},{\"@type\":\"Person\",\"@id\":\"https:\/\/noti-america.com\/site\/repdom\/#\/schema\/person\/e13880b4308eea6926b271284605ef72\",\"name\":\"CAMH\",\"image\":{\"@type\":\"ImageObject\",\"inLanguage\":\"es\",\"@id\":\"https:\/\/secure.gravatar.com\/avatar\/82aa99c723cbed2b304797bc218a5542b5a94d7f5d0ba3b39650aef53c28ecf5?s=96&d=mm&r=g\",\"url\":\"https:\/\/secure.gravatar.com\/avatar\/82aa99c723cbed2b304797bc218a5542b5a94d7f5d0ba3b39650aef53c28ecf5?s=96&d=mm&r=g\",\"contentUrl\":\"https:\/\/secure.gravatar.com\/avatar\/82aa99c723cbed2b304797bc218a5542b5a94d7f5d0ba3b39650aef53c28ecf5?s=96&d=mm&r=g\",\"caption\":\"CAMH\"},\"url\":\"https:\/\/noti-america.com\/site\/repdom\/author\/cmitchell\/\"}]}<\/script>\n<!-- \/ Yoast SEO Premium plugin. -->","yoast_head_json":{"title":"M Marketeras Comunidad Emprendedora se lanza oficialmente en Rep\u00fablica Dominicana durante la Semana del Emprendimiento - Rep. Dominicana | Noti-America.com","robots":{"index":"index","follow":"follow","max-snippet":"max-snippet:-1","max-image-preview":"max-image-preview:large","max-video-preview":"max-video-preview:-1"},"canonical":"https:\/\/noti-america.com\/site\/repdom\/2024\/11\/29\/en-la-celebracion-de-la-semana-del-emprendimiento-organizada-por-gew-republica-dominicana-y-pyhex-work-coworking-se-realizo-el-lanzamiento-oficial-de-m-marketeras-comunidad-emprendedorauna-red-de-ap\/","og_locale":"es_ES","og_type":"article","og_title":"M Marketeras Comunidad Emprendedora se lanza oficialmente en Rep\u00fablica Dominicana durante la Semana del Emprendimiento","og_description":"Noti-Am\u00e9rica Rep\u00fablica Dominicana Santo Domingo,RD &nbsp; En el marco de la Semana del Emprendimiento organizada por GEW Rep\u00fablica Dominicana y Pyhex Work Coworking, se llev\u00f3 a cabo el lanzamiento oficial de M Marketeras Comunidad&#46;&#46;&#46;","og_url":"https:\/\/noti-america.com\/site\/repdom\/2024\/11\/29\/en-la-celebracion-de-la-semana-del-emprendimiento-organizada-por-gew-republica-dominicana-y-pyhex-work-coworking-se-realizo-el-lanzamiento-oficial-de-m-marketeras-comunidad-emprendedorauna-red-de-ap\/","og_site_name":"Rep. Dominicana | Noti-America.com","article_published_time":"2024-11-29T01:27:41+00:00","article_modified_time":"2024-11-29T01:29:32+00:00","og_image":[{"width":720,"height":897,"url":"https:\/\/noti-america.com\/site\/repdom\/wp-content\/uploads\/sites\/6\/2024\/11\/3f39a03-1f3e-40ac-938d-c4a6f2e66b86.png","type":"image\/png"}],"author":"CAMH","twitter_card":"summary_large_image","twitter_misc":{"Escrito por":"CAMH","Tiempo estimado de lectura":"2 minutos"},"schema":{"@context":"https:\/\/schema.org","@graph":[{"@type":"Article","@id":"https:\/\/noti-america.com\/site\/repdom\/2024\/11\/29\/en-la-celebracion-de-la-semana-del-emprendimiento-organizada-por-gew-republica-dominicana-y-pyhex-work-coworking-se-realizo-el-lanzamiento-oficial-de-m-marketeras-comunidad-emprendedorauna-red-de-ap\/#article","isPartOf":{"@id":"https:\/\/noti-america.com\/site\/repdom\/2024\/11\/29\/en-la-celebracion-de-la-semana-del-emprendimiento-organizada-por-gew-republica-dominicana-y-pyhex-work-coworking-se-realizo-el-lanzamiento-oficial-de-m-marketeras-comunidad-emprendedorauna-red-de-ap\/"},"author":{"name":"CAMH","@id":"https:\/\/noti-america.com\/site\/repdom\/#\/schema\/person\/e13880b4308eea6926b271284605ef72"},"headline":"M Marketeras Comunidad Emprendedora se lanza oficialmente en Rep\u00fablica Dominicana durante la Semana del Emprendimiento","datePublished":"2024-11-29T01:27:41+00:00","dateModified":"2024-11-29T01:29:32+00:00","mainEntityOfPage":{"@id":"https:\/\/noti-america.com\/site\/repdom\/2024\/11\/29\/en-la-celebracion-de-la-semana-del-emprendimiento-organizada-por-gew-republica-dominicana-y-pyhex-work-coworking-se-realizo-el-lanzamiento-oficial-de-m-marketeras-comunidad-emprendedorauna-red-de-ap\/"},"wordCount":302,"commentCount":0,"publisher":{"@id":"https:\/\/noti-america.com\/site\/repdom\/#organization"},"image":{"@id":"https:\/\/noti-america.com\/site\/repdom\/2024\/11\/29\/en-la-celebracion-de-la-semana-del-emprendimiento-organizada-por-gew-republica-dominicana-y-pyhex-work-coworking-se-realizo-el-lanzamiento-oficial-de-m-marketeras-comunidad-emprendedorauna-red-de-ap\/#primaryimage"},"thumbnailUrl":"https:\/\/noti-america.com\/site\/repdom\/wp-content\/uploads\/sites\/6\/2024\/11\/3f39a03-1f3e-40ac-938d-c4a6f2e66b86.png","articleSection":["Actualidad","Emprendimiento"],"inLanguage":"es","potentialAction":[{"@type":"CommentAction","name":"Comment","target":["https:\/\/noti-america.com\/site\/repdom\/2024\/11\/29\/en-la-celebracion-de-la-semana-del-emprendimiento-organizada-por-gew-republica-dominicana-y-pyhex-work-coworking-se-realizo-el-lanzamiento-oficial-de-m-marketeras-comunidad-emprendedorauna-red-de-ap\/#respond"]}]},{"@type":"WebPage","@id":"https:\/\/noti-america.com\/site\/repdom\/2024\/11\/29\/en-la-celebracion-de-la-semana-del-emprendimiento-organizada-por-gew-republica-dominicana-y-pyhex-work-coworking-se-realizo-el-lanzamiento-oficial-de-m-marketeras-comunidad-emprendedorauna-red-de-ap\/","url":"https:\/\/noti-america.com\/site\/repdom\/2024\/11\/29\/en-la-celebracion-de-la-semana-del-emprendimiento-organizada-por-gew-republica-dominicana-y-pyhex-work-coworking-se-realizo-el-lanzamiento-oficial-de-m-marketeras-comunidad-emprendedorauna-red-de-ap\/","name":"M Marketeras Comunidad Emprendedora se lanza oficialmente en Rep\u00fablica Dominicana durante la Semana del Emprendimiento - Rep. Dominicana | Noti-America.com","isPartOf":{"@id":"https:\/\/noti-america.com\/site\/repdom\/#website"},"primaryImageOfPage":{"@id":"https:\/\/noti-america.com\/site\/repdom\/2024\/11\/29\/en-la-celebracion-de-la-semana-del-emprendimiento-organizada-por-gew-republica-dominicana-y-pyhex-work-coworking-se-realizo-el-lanzamiento-oficial-de-m-marketeras-comunidad-emprendedorauna-red-de-ap\/#primaryimage"},"image":{"@id":"https:\/\/noti-america.com\/site\/repdom\/2024\/11\/29\/en-la-celebracion-de-la-semana-del-emprendimiento-organizada-por-gew-republica-dominicana-y-pyhex-work-coworking-se-realizo-el-lanzamiento-oficial-de-m-marketeras-comunidad-emprendedorauna-red-de-ap\/#primaryimage"},"thumbnailUrl":"https:\/\/noti-america.com\/site\/repdom\/wp-content\/uploads\/sites\/6\/2024\/11\/3f39a03-1f3e-40ac-938d-c4a6f2e66b86.png","datePublished":"2024-11-29T01:27:41+00:00","dateModified":"2024-11-29T01:29:32+00:00","breadcrumb":{"@id":"https:\/\/noti-america.com\/site\/repdom\/2024\/11\/29\/en-la-celebracion-de-la-semana-del-emprendimiento-organizada-por-gew-republica-dominicana-y-pyhex-work-coworking-se-realizo-el-lanzamiento-oficial-de-m-marketeras-comunidad-emprendedorauna-red-de-ap\/#breadcrumb"},"inLanguage":"es","potentialAction":[{"@type":"ReadAction","target":["https:\/\/noti-america.com\/site\/repdom\/2024\/11\/29\/en-la-celebracion-de-la-semana-del-emprendimiento-organizada-por-gew-republica-dominicana-y-pyhex-work-coworking-se-realizo-el-lanzamiento-oficial-de-m-marketeras-comunidad-emprendedorauna-red-de-ap\/"]}]},{"@type":"ImageObject","inLanguage":"es","@id":"https:\/\/noti-america.com\/site\/repdom\/2024\/11\/29\/en-la-celebracion-de-la-semana-del-emprendimiento-organizada-por-gew-republica-dominicana-y-pyhex-work-coworking-se-realizo-el-lanzamiento-oficial-de-m-marketeras-comunidad-emprendedorauna-red-de-ap\/#primaryimage","url":"https:\/\/noti-america.com\/site\/repdom\/wp-content\/uploads\/sites\/6\/2024\/11\/3f39a03-1f3e-40ac-938d-c4a6f2e66b86.png","contentUrl":"https:\/\/noti-america.com\/site\/repdom\/wp-content\/uploads\/sites\/6\/2024\/11\/3f39a03-1f3e-40ac-938d-c4a6f2e66b86.png","width":720,"height":897},{"@type":"BreadcrumbList","@id":"https:\/\/noti-america.com\/site\/repdom\/2024\/11\/29\/en-la-celebracion-de-la-semana-del-emprendimiento-organizada-por-gew-republica-dominicana-y-pyhex-work-coworking-se-realizo-el-lanzamiento-oficial-de-m-marketeras-comunidad-emprendedorauna-red-de-ap\/#breadcrumb","itemListElement":[{"@type":"ListItem","position":1,"name":"Portada","item":"https:\/\/noti-america.com\/site\/repdom\/"},{"@type":"ListItem","position":2,"name":"M Marketeras Comunidad Emprendedora se lanza oficialmente en Rep\u00fablica Dominicana durante la Semana del Emprendimiento"}]},{"@type":"WebSite","@id":"https:\/\/noti-america.com\/site\/repdom\/#website","url":"https:\/\/noti-america.com\/site\/repdom\/","name":"Rep. Dominicana | Noti-America.com","description":"","publisher":{"@id":"https:\/\/noti-america.com\/site\/repdom\/#organization"},"potentialAction":[{"@type":"SearchAction","target":{"@type":"EntryPoint","urlTemplate":"https:\/\/noti-america.com\/site\/repdom\/?s={search_term_string}"},"query-input":{"@type":"PropertyValueSpecification","valueRequired":true,"valueName":"search_term_string"}}],"inLanguage":"es"},{"@type":"Organization","@id":"https:\/\/noti-america.com\/site\/repdom\/#organization","name":"Noti-America LLC | Rep\u00fablica Dominicana","url":"https:\/\/noti-america.com\/site\/repdom\/","logo":{"@type":"ImageObject","inLanguage":"es","@id":"https:\/\/noti-america.com\/site\/repdom\/#\/schema\/logo\/image\/","url":"https:\/\/noti-america.com\/site\/repdom\/wp-content\/uploads\/sites\/6\/2020\/07\/LogoNA-4x3-1.jpg","contentUrl":"https:\/\/noti-america.com\/site\/repdom\/wp-content\/uploads\/sites\/6\/2020\/07\/LogoNA-4x3-1.jpg","width":1236,"height":1080,"caption":"Noti-America LLC | Rep\u00fablica Dominicana"},"image":{"@id":"https:\/\/noti-america.com\/site\/repdom\/#\/schema\/logo\/image\/"}},{"@type":"Person","@id":"https:\/\/noti-america.com\/site\/repdom\/#\/schema\/person\/e13880b4308eea6926b271284605ef72","name":"CAMH","image":{"@type":"ImageObject","inLanguage":"es","@id":"https:\/\/secure.gravatar.com\/avatar\/82aa99c723cbed2b304797bc218a5542b5a94d7f5d0ba3b39650aef53c28ecf5?s=96&d=mm&r=g","url":"https:\/\/secure.gravatar.com\/avatar\/82aa99c723cbed2b304797bc218a5542b5a94d7f5d0ba3b39650aef53c28ecf5?s=96&d=mm&r=g","contentUrl":"https:\/\/secure.gravatar.com\/avatar\/82aa99c723cbed2b304797bc218a5542b5a94d7f5d0ba3b39650aef53c28ecf5?s=96&d=mm&r=g","caption":"CAMH"},"url":"https:\/\/noti-america.com\/site\/repdom\/author\/cmitchell\/"}]}},"_links":{"self":[{"href":"https:\/\/noti-america.com\/site\/repdom\/wp-json\/wp\/v2\/posts\/30767","targetHints":{"allow":["GET"]}}],"collection":[{"href":"https:\/\/noti-america.com\/site\/repdom\/wp-json\/wp\/v2\/posts"}],"about":[{"href":"https:\/\/noti-america.com\/site\/repdom\/wp-json\/wp\/v2\/types\/post"}],"author":[{"embeddable":true,"href":"https:\/\/noti-america.com\/site\/repdom\/wp-json\/wp\/v2\/users\/87"}],"replies":[{"embeddable":true,"href":"https:\/\/noti-america.com\/site\/repdom\/wp-json\/wp\/v2\/comments?post=30767"}],"version-history":[{"count":2,"href":"https:\/\/noti-america.com\/site\/repdom\/wp-json\/wp\/v2\/posts\/30767\/revisions"}],"predecessor-version":[{"id":30771,"href":"https:\/\/noti-america.com\/site\/repdom\/wp-json\/wp\/v2\/posts\/30767\/revisions\/30771"}],"wp:featuredmedia":[{"embeddable":true,"href":"https:\/\/noti-america.com\/site\/repdom\/wp-json\/wp\/v2\/media\/30769"}],"wp:attachment":[{"href":"https:\/\/noti-america.com\/site\/repdom\/wp-json\/wp\/v2\/media?parent=30767"}],"wp:term":[{"taxonomy":"category","embeddable":true,"href":"https:\/\/noti-america.com\/site\/repdom\/wp-json\/wp\/v2\/categories?post=30767"},{"taxonomy":"post_tag","embeddable":true,"href":"https:\/\/noti-america.com\/site\/repdom\/wp-json\/wp\/v2\/tags?post=30767"}],"curies":[{"name":"wp","href":"https:\/\/api.w.org\/{rel}","templated":true}]}}