{"id":30509,"date":"2024-11-14T02:34:39","date_gmt":"2024-11-14T02:34:39","guid":{"rendered":"https:\/\/noti-america.com\/site\/repdom\/?p=30509"},"modified":"2024-11-14T02:34:39","modified_gmt":"2024-11-14T02:34:39","slug":"susana-models-agency-anuncia-el-esperado-festival-de-la-moda-este-30-de-noviembre-en-plaza-central","status":"publish","type":"post","link":"https:\/\/noti-america.com\/site\/repdom\/2024\/11\/14\/susana-models-agency-anuncia-el-esperado-festival-de-la-moda-este-30-de-noviembre-en-plaza-central\/","title":{"rendered":"Susana Models Agency anuncia el esperado \u201cFESTIVAL DE LA MODA\u201d este 30 de noviembre en Plaza Central"},"content":{"rendered":"<p><img loading=\"lazy\" decoding=\"async\" class=\"alignnone size-medium wp-image-30511\" src=\"https:\/\/noti-america.com\/site\/repdom\/wp-content\/uploads\/sites\/6\/2024\/11\/5b6d2cbc-dfb5-48c1-9bb3-fd2e374ee706-300x300.jpeg\" alt=\"\" width=\"300\" height=\"300\" srcset=\"https:\/\/noti-america.com\/site\/repdom\/wp-content\/uploads\/sites\/6\/2024\/11\/5b6d2cbc-dfb5-48c1-9bb3-fd2e374ee706-300x300.jpeg 300w, https:\/\/noti-america.com\/site\/repdom\/wp-content\/uploads\/sites\/6\/2024\/11\/5b6d2cbc-dfb5-48c1-9bb3-fd2e374ee706-1024x1024.jpeg 1024w, https:\/\/noti-america.com\/site\/repdom\/wp-content\/uploads\/sites\/6\/2024\/11\/5b6d2cbc-dfb5-48c1-9bb3-fd2e374ee706-150x150.jpeg 150w, https:\/\/noti-america.com\/site\/repdom\/wp-content\/uploads\/sites\/6\/2024\/11\/5b6d2cbc-dfb5-48c1-9bb3-fd2e374ee706-768x768.jpeg 768w, https:\/\/noti-america.com\/site\/repdom\/wp-content\/uploads\/sites\/6\/2024\/11\/5b6d2cbc-dfb5-48c1-9bb3-fd2e374ee706-80x80.jpeg 80w, https:\/\/noti-america.com\/site\/repdom\/wp-content\/uploads\/sites\/6\/2024\/11\/5b6d2cbc-dfb5-48c1-9bb3-fd2e374ee706-320x320.jpeg 320w, https:\/\/noti-america.com\/site\/repdom\/wp-content\/uploads\/sites\/6\/2024\/11\/5b6d2cbc-dfb5-48c1-9bb3-fd2e374ee706.jpeg 1080w\" sizes=\"auto, (max-width: 300px) 100vw, 300px\" \/><\/p>\n<p>&nbsp;<\/p>\n<p><strong>Santo Domingo,<\/strong> \u2013 La academia de modelos Susana Models Agency anuncia la celebraci\u00f3n del \u201c<strong>Festival de la Moda<\/strong>\u201d, programado para el 30 de noviembre de 2024, uniendo el talento de destacados dise\u00f1adores y promesas emergentes de la industria de la moda.<\/p>\n<p><strong>El evento estar\u00e1 dirigido por Luisanna Rosario Fr\u00edas y reunir\u00e1 a dise\u00f1adores y nuevos talentos de la industria.<\/strong><\/p>\n<p>El desfile se llevar\u00e1 a cabo el s\u00e1bado 30 de noviembre en el prestigioso Sal\u00f3n de Eventos de Plaza Central, un espacio pensado para resaltar las nuevas tendencias y la creatividad en la moda dominicana.<\/p>\n<p>Entre los dise\u00f1adores que exhibir\u00e1n sus colecciones se encuentran Inocencia Manzueta, S\u00f3crates Cabral, Jonnathan Duin, Brendaly Mena, Steph Design, Kalsia Pimentel, Marianela Aponte, Reyna Durant, Mariana Miranda, David Atelier, Cinthia Russel y Francisco Escobar. Cada uno presentar\u00e1 sus \u00faltimas propuestas, contribuyendo a un espect\u00e1culo visual lleno de innovaci\u00f3n y estilo.<\/p>\n<p><img loading=\"lazy\" decoding=\"async\" class=\"alignnone size-medium wp-image-30510\" src=\"https:\/\/noti-america.com\/site\/repdom\/wp-content\/uploads\/sites\/6\/2024\/11\/97c58abd-9488-4286-9597-4eca33b2c210-300x296.jpeg\" alt=\"\" width=\"300\" height=\"296\" srcset=\"https:\/\/noti-america.com\/site\/repdom\/wp-content\/uploads\/sites\/6\/2024\/11\/97c58abd-9488-4286-9597-4eca33b2c210-300x296.jpeg 300w, https:\/\/noti-america.com\/site\/repdom\/wp-content\/uploads\/sites\/6\/2024\/11\/97c58abd-9488-4286-9597-4eca33b2c210-1024x1009.jpeg 1024w, https:\/\/noti-america.com\/site\/repdom\/wp-content\/uploads\/sites\/6\/2024\/11\/97c58abd-9488-4286-9597-4eca33b2c210-768x757.jpeg 768w, https:\/\/noti-america.com\/site\/repdom\/wp-content\/uploads\/sites\/6\/2024\/11\/97c58abd-9488-4286-9597-4eca33b2c210-80x80.jpeg 80w, https:\/\/noti-america.com\/site\/repdom\/wp-content\/uploads\/sites\/6\/2024\/11\/97c58abd-9488-4286-9597-4eca33b2c210.jpeg 1096w\" sizes=\"auto, (max-width: 300px) 100vw, 300px\" \/><\/p>\n<p>Este evento cuenta con el respaldo de importantes patrocinadores como E&amp;ADress, La Bonita Village y Susana Models Agency. Su apoyo ha sido fundamental para realizar este festival, que promete ofrecer una experiencia \u00fanica tanto a los amantes de la moda como a los dise\u00f1adores emergentes.<\/p>\n<p>El \u201cFestival de la Moda\u201d se proyecta como uno de los eventos de moda m\u00e1s destacados del a\u00f1o en la capital. La agencia organizadora invita a todos los interesados a asistir y ser parte de esta celebraci\u00f3n de la creatividad, en la cual el talento local brillar\u00e1 en una plataforma que impulsa el arte y la moda en Rep\u00fablica Dominicana.<\/p>\n<p>&nbsp;<\/p>\n<p>&nbsp;<\/p>\n<p>.<\/p>\n","protected":false},"excerpt":{"rendered":"<p>&nbsp; Santo Domingo, \u2013 La academia de modelos Susana Models Agency anuncia la celebraci\u00f3n del \u201cFestival de la Moda\u201d, programado para el 30 de noviembre de 2024, uniendo el talento de destacados dise\u00f1adores y&#46;&#46;&#46;<\/p>\n","protected":false},"author":96,"featured_media":30511,"comment_status":"open","ping_status":"open","sticky":false,"template":"","format":"standard","meta":{"_acf_changed":false,"rop_custom_images_group":[],"rop_custom_messages_group":[],"rop_publish_now":"initial","rop_publish_now_accounts":[],"rop_publish_now_history":[],"rop_publish_now_status":"pending","footnotes":""},"categories":[8],"tags":[],"class_list":["post-30509","post","type-post","status-publish","format-standard","has-post-thumbnail","hentry","category-arte-y-espectaculos"],"acf":[],"yoast_head":"<!-- This site is optimized with the Yoast SEO Premium plugin v24.9 (Yoast SEO v27.2) - https:\/\/yoast.com\/product\/yoast-seo-premium-wordpress\/ -->\n<title>Susana Models Agency anuncia el esperado \u201cFESTIVAL DE LA MODA\u201d este 30 de noviembre en Plaza Central - Rep. Dominicana | Noti-America.com<\/title>\n<meta name=\"robots\" content=\"index, follow, max-snippet:-1, max-image-preview:large, max-video-preview:-1\" \/>\n<link rel=\"canonical\" href=\"https:\/\/noti-america.com\/site\/repdom\/2024\/11\/14\/susana-models-agency-anuncia-el-esperado-festival-de-la-moda-este-30-de-noviembre-en-plaza-central\/\" \/>\n<meta property=\"og:locale\" content=\"es_ES\" \/>\n<meta property=\"og:type\" content=\"article\" \/>\n<meta property=\"og:title\" content=\"Susana Models Agency anuncia el esperado \u201cFESTIVAL DE LA MODA\u201d este 30 de noviembre en Plaza Central\" \/>\n<meta property=\"og:description\" content=\"&nbsp; Santo Domingo, \u2013 La academia de modelos Susana Models Agency anuncia la celebraci\u00f3n del \u201cFestival de la Moda\u201d, programado para el 30 de noviembre de 2024, uniendo el talento de destacados dise\u00f1adores y&#046;&#046;&#046;\" \/>\n<meta property=\"og:url\" content=\"https:\/\/noti-america.com\/site\/repdom\/2024\/11\/14\/susana-models-agency-anuncia-el-esperado-festival-de-la-moda-este-30-de-noviembre-en-plaza-central\/\" \/>\n<meta property=\"og:site_name\" content=\"Rep. Dominicana | Noti-America.com\" \/>\n<meta property=\"article:author\" content=\"https:\/\/www.facebook.com\/share\/1HVE1qCqVk\/?mibextid=wwXIfr\" \/>\n<meta property=\"article:published_time\" content=\"2024-11-14T02:34:39+00:00\" \/>\n<meta property=\"og:image\" content=\"https:\/\/noti-america.com\/site\/repdom\/wp-content\/uploads\/sites\/6\/2024\/11\/5b6d2cbc-dfb5-48c1-9bb3-fd2e374ee706.jpeg\" \/>\n\t<meta property=\"og:image:width\" content=\"1080\" \/>\n\t<meta property=\"og:image:height\" content=\"1080\" \/>\n\t<meta property=\"og:image:type\" content=\"image\/jpeg\" \/>\n<meta name=\"author\" content=\"Miguel Ramirez\" \/>\n<meta name=\"twitter:card\" content=\"summary_large_image\" \/>\n<meta name=\"twitter:label1\" content=\"Escrito por\" \/>\n\t<meta name=\"twitter:data1\" content=\"Miguel Ramirez\" \/>\n\t<meta name=\"twitter:label2\" content=\"Tiempo estimado de lectura\" \/>\n\t<meta name=\"twitter:data2\" content=\"2 minutos\" \/>\n<script type=\"application\/ld+json\" class=\"yoast-schema-graph\">{\"@context\":\"https:\/\/schema.org\",\"@graph\":[{\"@type\":\"Article\",\"@id\":\"https:\/\/noti-america.com\/site\/repdom\/2024\/11\/14\/susana-models-agency-anuncia-el-esperado-festival-de-la-moda-este-30-de-noviembre-en-plaza-central\/#article\",\"isPartOf\":{\"@id\":\"https:\/\/noti-america.com\/site\/repdom\/2024\/11\/14\/susana-models-agency-anuncia-el-esperado-festival-de-la-moda-este-30-de-noviembre-en-plaza-central\/\"},\"author\":{\"name\":\"Miguel Ramirez\",\"@id\":\"https:\/\/noti-america.com\/site\/repdom\/#\/schema\/person\/8027db7d71a0328e6e4474fa188c6fb3\"},\"headline\":\"Susana Models Agency anuncia el esperado \u201cFESTIVAL DE LA MODA\u201d este 30 de noviembre en Plaza Central\",\"datePublished\":\"2024-11-14T02:34:39+00:00\",\"mainEntityOfPage\":{\"@id\":\"https:\/\/noti-america.com\/site\/repdom\/2024\/11\/14\/susana-models-agency-anuncia-el-esperado-festival-de-la-moda-este-30-de-noviembre-en-plaza-central\/\"},\"wordCount\":282,\"commentCount\":0,\"publisher\":{\"@id\":\"https:\/\/noti-america.com\/site\/repdom\/#organization\"},\"image\":{\"@id\":\"https:\/\/noti-america.com\/site\/repdom\/2024\/11\/14\/susana-models-agency-anuncia-el-esperado-festival-de-la-moda-este-30-de-noviembre-en-plaza-central\/#primaryimage\"},\"thumbnailUrl\":\"https:\/\/noti-america.com\/site\/repdom\/wp-content\/uploads\/sites\/6\/2024\/11\/5b6d2cbc-dfb5-48c1-9bb3-fd2e374ee706.jpeg\",\"articleSection\":[\"Arte y Espect\u00e1culos\"],\"inLanguage\":\"es\",\"potentialAction\":[{\"@type\":\"CommentAction\",\"name\":\"Comment\",\"target\":[\"https:\/\/noti-america.com\/site\/repdom\/2024\/11\/14\/susana-models-agency-anuncia-el-esperado-festival-de-la-moda-este-30-de-noviembre-en-plaza-central\/#respond\"]}]},{\"@type\":\"WebPage\",\"@id\":\"https:\/\/noti-america.com\/site\/repdom\/2024\/11\/14\/susana-models-agency-anuncia-el-esperado-festival-de-la-moda-este-30-de-noviembre-en-plaza-central\/\",\"url\":\"https:\/\/noti-america.com\/site\/repdom\/2024\/11\/14\/susana-models-agency-anuncia-el-esperado-festival-de-la-moda-este-30-de-noviembre-en-plaza-central\/\",\"name\":\"Susana Models Agency anuncia el esperado \u201cFESTIVAL DE LA MODA\u201d este 30 de noviembre en Plaza Central - Rep. Dominicana | Noti-America.com\",\"isPartOf\":{\"@id\":\"https:\/\/noti-america.com\/site\/repdom\/#website\"},\"primaryImageOfPage\":{\"@id\":\"https:\/\/noti-america.com\/site\/repdom\/2024\/11\/14\/susana-models-agency-anuncia-el-esperado-festival-de-la-moda-este-30-de-noviembre-en-plaza-central\/#primaryimage\"},\"image\":{\"@id\":\"https:\/\/noti-america.com\/site\/repdom\/2024\/11\/14\/susana-models-agency-anuncia-el-esperado-festival-de-la-moda-este-30-de-noviembre-en-plaza-central\/#primaryimage\"},\"thumbnailUrl\":\"https:\/\/noti-america.com\/site\/repdom\/wp-content\/uploads\/sites\/6\/2024\/11\/5b6d2cbc-dfb5-48c1-9bb3-fd2e374ee706.jpeg\",\"datePublished\":\"2024-11-14T02:34:39+00:00\",\"breadcrumb\":{\"@id\":\"https:\/\/noti-america.com\/site\/repdom\/2024\/11\/14\/susana-models-agency-anuncia-el-esperado-festival-de-la-moda-este-30-de-noviembre-en-plaza-central\/#breadcrumb\"},\"inLanguage\":\"es\",\"potentialAction\":[{\"@type\":\"ReadAction\",\"target\":[\"https:\/\/noti-america.com\/site\/repdom\/2024\/11\/14\/susana-models-agency-anuncia-el-esperado-festival-de-la-moda-este-30-de-noviembre-en-plaza-central\/\"]}]},{\"@type\":\"ImageObject\",\"inLanguage\":\"es\",\"@id\":\"https:\/\/noti-america.com\/site\/repdom\/2024\/11\/14\/susana-models-agency-anuncia-el-esperado-festival-de-la-moda-este-30-de-noviembre-en-plaza-central\/#primaryimage\",\"url\":\"https:\/\/noti-america.com\/site\/repdom\/wp-content\/uploads\/sites\/6\/2024\/11\/5b6d2cbc-dfb5-48c1-9bb3-fd2e374ee706.jpeg\",\"contentUrl\":\"https:\/\/noti-america.com\/site\/repdom\/wp-content\/uploads\/sites\/6\/2024\/11\/5b6d2cbc-dfb5-48c1-9bb3-fd2e374ee706.jpeg\",\"width\":1080,\"height\":1080},{\"@type\":\"BreadcrumbList\",\"@id\":\"https:\/\/noti-america.com\/site\/repdom\/2024\/11\/14\/susana-models-agency-anuncia-el-esperado-festival-de-la-moda-este-30-de-noviembre-en-plaza-central\/#breadcrumb\",\"itemListElement\":[{\"@type\":\"ListItem\",\"position\":1,\"name\":\"Portada\",\"item\":\"https:\/\/noti-america.com\/site\/repdom\/\"},{\"@type\":\"ListItem\",\"position\":2,\"name\":\"Susana Models Agency anuncia el esperado \u201cFESTIVAL DE LA MODA\u201d este 30 de noviembre en Plaza Central\"}]},{\"@type\":\"WebSite\",\"@id\":\"https:\/\/noti-america.com\/site\/repdom\/#website\",\"url\":\"https:\/\/noti-america.com\/site\/repdom\/\",\"name\":\"Rep. Dominicana | Noti-America.com\",\"description\":\"\",\"publisher\":{\"@id\":\"https:\/\/noti-america.com\/site\/repdom\/#organization\"},\"potentialAction\":[{\"@type\":\"SearchAction\",\"target\":{\"@type\":\"EntryPoint\",\"urlTemplate\":\"https:\/\/noti-america.com\/site\/repdom\/?s={search_term_string}\"},\"query-input\":{\"@type\":\"PropertyValueSpecification\",\"valueRequired\":true,\"valueName\":\"search_term_string\"}}],\"inLanguage\":\"es\"},{\"@type\":\"Organization\",\"@id\":\"https:\/\/noti-america.com\/site\/repdom\/#organization\",\"name\":\"Noti-America LLC | Rep\u00fablica Dominicana\",\"url\":\"https:\/\/noti-america.com\/site\/repdom\/\",\"logo\":{\"@type\":\"ImageObject\",\"inLanguage\":\"es\",\"@id\":\"https:\/\/noti-america.com\/site\/repdom\/#\/schema\/logo\/image\/\",\"url\":\"https:\/\/noti-america.com\/site\/repdom\/wp-content\/uploads\/sites\/6\/2020\/07\/LogoNA-4x3-1.jpg\",\"contentUrl\":\"https:\/\/noti-america.com\/site\/repdom\/wp-content\/uploads\/sites\/6\/2020\/07\/LogoNA-4x3-1.jpg\",\"width\":1236,\"height\":1080,\"caption\":\"Noti-America LLC | Rep\u00fablica Dominicana\"},\"image\":{\"@id\":\"https:\/\/noti-america.com\/site\/repdom\/#\/schema\/logo\/image\/\"}},{\"@type\":\"Person\",\"@id\":\"https:\/\/noti-america.com\/site\/repdom\/#\/schema\/person\/8027db7d71a0328e6e4474fa188c6fb3\",\"name\":\"Miguel Ramirez\",\"image\":{\"@type\":\"ImageObject\",\"inLanguage\":\"es\",\"@id\":\"https:\/\/secure.gravatar.com\/avatar\/41a78fb2cdab3e2dc5831d3591f1dab499ed0c22acc464195b09f37c2b3ac2cf?s=96&d=mm&r=g\",\"url\":\"https:\/\/secure.gravatar.com\/avatar\/41a78fb2cdab3e2dc5831d3591f1dab499ed0c22acc464195b09f37c2b3ac2cf?s=96&d=mm&r=g\",\"contentUrl\":\"https:\/\/secure.gravatar.com\/avatar\/41a78fb2cdab3e2dc5831d3591f1dab499ed0c22acc464195b09f37c2b3ac2cf?s=96&d=mm&r=g\",\"caption\":\"Miguel Ramirez\"},\"description\":\"Locutor y periodista digital y coach comunicaci\u00f3n\",\"sameAs\":[\"https:\/\/www.facebook.com\/share\/1HVE1qCqVk\/?mibextid=wwXIfr\"],\"url\":\"https:\/\/noti-america.com\/site\/repdom\/author\/mramirez\/\"}]}<\/script>\n<!-- \/ Yoast SEO Premium plugin. -->","yoast_head_json":{"title":"Susana Models Agency anuncia el esperado \u201cFESTIVAL DE LA MODA\u201d este 30 de noviembre en Plaza Central - Rep. Dominicana | Noti-America.com","robots":{"index":"index","follow":"follow","max-snippet":"max-snippet:-1","max-image-preview":"max-image-preview:large","max-video-preview":"max-video-preview:-1"},"canonical":"https:\/\/noti-america.com\/site\/repdom\/2024\/11\/14\/susana-models-agency-anuncia-el-esperado-festival-de-la-moda-este-30-de-noviembre-en-plaza-central\/","og_locale":"es_ES","og_type":"article","og_title":"Susana Models Agency anuncia el esperado \u201cFESTIVAL DE LA MODA\u201d este 30 de noviembre en Plaza Central","og_description":"&nbsp; Santo Domingo, \u2013 La academia de modelos Susana Models Agency anuncia la celebraci\u00f3n del \u201cFestival de la Moda\u201d, programado para el 30 de noviembre de 2024, uniendo el talento de destacados dise\u00f1adores y&#46;&#46;&#46;","og_url":"https:\/\/noti-america.com\/site\/repdom\/2024\/11\/14\/susana-models-agency-anuncia-el-esperado-festival-de-la-moda-este-30-de-noviembre-en-plaza-central\/","og_site_name":"Rep. Dominicana | Noti-America.com","article_author":"https:\/\/www.facebook.com\/share\/1HVE1qCqVk\/?mibextid=wwXIfr","article_published_time":"2024-11-14T02:34:39+00:00","og_image":[{"width":1080,"height":1080,"url":"https:\/\/noti-america.com\/site\/repdom\/wp-content\/uploads\/sites\/6\/2024\/11\/5b6d2cbc-dfb5-48c1-9bb3-fd2e374ee706.jpeg","type":"image\/jpeg"}],"author":"Miguel Ramirez","twitter_card":"summary_large_image","twitter_misc":{"Escrito por":"Miguel Ramirez","Tiempo estimado de lectura":"2 minutos"},"schema":{"@context":"https:\/\/schema.org","@graph":[{"@type":"Article","@id":"https:\/\/noti-america.com\/site\/repdom\/2024\/11\/14\/susana-models-agency-anuncia-el-esperado-festival-de-la-moda-este-30-de-noviembre-en-plaza-central\/#article","isPartOf":{"@id":"https:\/\/noti-america.com\/site\/repdom\/2024\/11\/14\/susana-models-agency-anuncia-el-esperado-festival-de-la-moda-este-30-de-noviembre-en-plaza-central\/"},"author":{"name":"Miguel Ramirez","@id":"https:\/\/noti-america.com\/site\/repdom\/#\/schema\/person\/8027db7d71a0328e6e4474fa188c6fb3"},"headline":"Susana Models Agency anuncia el esperado \u201cFESTIVAL DE LA MODA\u201d este 30 de noviembre en Plaza Central","datePublished":"2024-11-14T02:34:39+00:00","mainEntityOfPage":{"@id":"https:\/\/noti-america.com\/site\/repdom\/2024\/11\/14\/susana-models-agency-anuncia-el-esperado-festival-de-la-moda-este-30-de-noviembre-en-plaza-central\/"},"wordCount":282,"commentCount":0,"publisher":{"@id":"https:\/\/noti-america.com\/site\/repdom\/#organization"},"image":{"@id":"https:\/\/noti-america.com\/site\/repdom\/2024\/11\/14\/susana-models-agency-anuncia-el-esperado-festival-de-la-moda-este-30-de-noviembre-en-plaza-central\/#primaryimage"},"thumbnailUrl":"https:\/\/noti-america.com\/site\/repdom\/wp-content\/uploads\/sites\/6\/2024\/11\/5b6d2cbc-dfb5-48c1-9bb3-fd2e374ee706.jpeg","articleSection":["Arte y Espect\u00e1culos"],"inLanguage":"es","potentialAction":[{"@type":"CommentAction","name":"Comment","target":["https:\/\/noti-america.com\/site\/repdom\/2024\/11\/14\/susana-models-agency-anuncia-el-esperado-festival-de-la-moda-este-30-de-noviembre-en-plaza-central\/#respond"]}]},{"@type":"WebPage","@id":"https:\/\/noti-america.com\/site\/repdom\/2024\/11\/14\/susana-models-agency-anuncia-el-esperado-festival-de-la-moda-este-30-de-noviembre-en-plaza-central\/","url":"https:\/\/noti-america.com\/site\/repdom\/2024\/11\/14\/susana-models-agency-anuncia-el-esperado-festival-de-la-moda-este-30-de-noviembre-en-plaza-central\/","name":"Susana Models Agency anuncia el esperado \u201cFESTIVAL DE LA MODA\u201d este 30 de noviembre en Plaza Central - Rep. Dominicana | Noti-America.com","isPartOf":{"@id":"https:\/\/noti-america.com\/site\/repdom\/#website"},"primaryImageOfPage":{"@id":"https:\/\/noti-america.com\/site\/repdom\/2024\/11\/14\/susana-models-agency-anuncia-el-esperado-festival-de-la-moda-este-30-de-noviembre-en-plaza-central\/#primaryimage"},"image":{"@id":"https:\/\/noti-america.com\/site\/repdom\/2024\/11\/14\/susana-models-agency-anuncia-el-esperado-festival-de-la-moda-este-30-de-noviembre-en-plaza-central\/#primaryimage"},"thumbnailUrl":"https:\/\/noti-america.com\/site\/repdom\/wp-content\/uploads\/sites\/6\/2024\/11\/5b6d2cbc-dfb5-48c1-9bb3-fd2e374ee706.jpeg","datePublished":"2024-11-14T02:34:39+00:00","breadcrumb":{"@id":"https:\/\/noti-america.com\/site\/repdom\/2024\/11\/14\/susana-models-agency-anuncia-el-esperado-festival-de-la-moda-este-30-de-noviembre-en-plaza-central\/#breadcrumb"},"inLanguage":"es","potentialAction":[{"@type":"ReadAction","target":["https:\/\/noti-america.com\/site\/repdom\/2024\/11\/14\/susana-models-agency-anuncia-el-esperado-festival-de-la-moda-este-30-de-noviembre-en-plaza-central\/"]}]},{"@type":"ImageObject","inLanguage":"es","@id":"https:\/\/noti-america.com\/site\/repdom\/2024\/11\/14\/susana-models-agency-anuncia-el-esperado-festival-de-la-moda-este-30-de-noviembre-en-plaza-central\/#primaryimage","url":"https:\/\/noti-america.com\/site\/repdom\/wp-content\/uploads\/sites\/6\/2024\/11\/5b6d2cbc-dfb5-48c1-9bb3-fd2e374ee706.jpeg","contentUrl":"https:\/\/noti-america.com\/site\/repdom\/wp-content\/uploads\/sites\/6\/2024\/11\/5b6d2cbc-dfb5-48c1-9bb3-fd2e374ee706.jpeg","width":1080,"height":1080},{"@type":"BreadcrumbList","@id":"https:\/\/noti-america.com\/site\/repdom\/2024\/11\/14\/susana-models-agency-anuncia-el-esperado-festival-de-la-moda-este-30-de-noviembre-en-plaza-central\/#breadcrumb","itemListElement":[{"@type":"ListItem","position":1,"name":"Portada","item":"https:\/\/noti-america.com\/site\/repdom\/"},{"@type":"ListItem","position":2,"name":"Susana Models Agency anuncia el esperado \u201cFESTIVAL DE LA MODA\u201d este 30 de noviembre en Plaza Central"}]},{"@type":"WebSite","@id":"https:\/\/noti-america.com\/site\/repdom\/#website","url":"https:\/\/noti-america.com\/site\/repdom\/","name":"Rep. Dominicana | Noti-America.com","description":"","publisher":{"@id":"https:\/\/noti-america.com\/site\/repdom\/#organization"},"potentialAction":[{"@type":"SearchAction","target":{"@type":"EntryPoint","urlTemplate":"https:\/\/noti-america.com\/site\/repdom\/?s={search_term_string}"},"query-input":{"@type":"PropertyValueSpecification","valueRequired":true,"valueName":"search_term_string"}}],"inLanguage":"es"},{"@type":"Organization","@id":"https:\/\/noti-america.com\/site\/repdom\/#organization","name":"Noti-America LLC | Rep\u00fablica Dominicana","url":"https:\/\/noti-america.com\/site\/repdom\/","logo":{"@type":"ImageObject","inLanguage":"es","@id":"https:\/\/noti-america.com\/site\/repdom\/#\/schema\/logo\/image\/","url":"https:\/\/noti-america.com\/site\/repdom\/wp-content\/uploads\/sites\/6\/2020\/07\/LogoNA-4x3-1.jpg","contentUrl":"https:\/\/noti-america.com\/site\/repdom\/wp-content\/uploads\/sites\/6\/2020\/07\/LogoNA-4x3-1.jpg","width":1236,"height":1080,"caption":"Noti-America LLC | Rep\u00fablica Dominicana"},"image":{"@id":"https:\/\/noti-america.com\/site\/repdom\/#\/schema\/logo\/image\/"}},{"@type":"Person","@id":"https:\/\/noti-america.com\/site\/repdom\/#\/schema\/person\/8027db7d71a0328e6e4474fa188c6fb3","name":"Miguel Ramirez","image":{"@type":"ImageObject","inLanguage":"es","@id":"https:\/\/secure.gravatar.com\/avatar\/41a78fb2cdab3e2dc5831d3591f1dab499ed0c22acc464195b09f37c2b3ac2cf?s=96&d=mm&r=g","url":"https:\/\/secure.gravatar.com\/avatar\/41a78fb2cdab3e2dc5831d3591f1dab499ed0c22acc464195b09f37c2b3ac2cf?s=96&d=mm&r=g","contentUrl":"https:\/\/secure.gravatar.com\/avatar\/41a78fb2cdab3e2dc5831d3591f1dab499ed0c22acc464195b09f37c2b3ac2cf?s=96&d=mm&r=g","caption":"Miguel Ramirez"},"description":"Locutor y periodista digital y coach comunicaci\u00f3n","sameAs":["https:\/\/www.facebook.com\/share\/1HVE1qCqVk\/?mibextid=wwXIfr"],"url":"https:\/\/noti-america.com\/site\/repdom\/author\/mramirez\/"}]}},"_links":{"self":[{"href":"https:\/\/noti-america.com\/site\/repdom\/wp-json\/wp\/v2\/posts\/30509","targetHints":{"allow":["GET"]}}],"collection":[{"href":"https:\/\/noti-america.com\/site\/repdom\/wp-json\/wp\/v2\/posts"}],"about":[{"href":"https:\/\/noti-america.com\/site\/repdom\/wp-json\/wp\/v2\/types\/post"}],"author":[{"embeddable":true,"href":"https:\/\/noti-america.com\/site\/repdom\/wp-json\/wp\/v2\/users\/96"}],"replies":[{"embeddable":true,"href":"https:\/\/noti-america.com\/site\/repdom\/wp-json\/wp\/v2\/comments?post=30509"}],"version-history":[{"count":1,"href":"https:\/\/noti-america.com\/site\/repdom\/wp-json\/wp\/v2\/posts\/30509\/revisions"}],"predecessor-version":[{"id":30514,"href":"https:\/\/noti-america.com\/site\/repdom\/wp-json\/wp\/v2\/posts\/30509\/revisions\/30514"}],"wp:featuredmedia":[{"embeddable":true,"href":"https:\/\/noti-america.com\/site\/repdom\/wp-json\/wp\/v2\/media\/30511"}],"wp:attachment":[{"href":"https:\/\/noti-america.com\/site\/repdom\/wp-json\/wp\/v2\/media?parent=30509"}],"wp:term":[{"taxonomy":"category","embeddable":true,"href":"https:\/\/noti-america.com\/site\/repdom\/wp-json\/wp\/v2\/categories?post=30509"},{"taxonomy":"post_tag","embeddable":true,"href":"https:\/\/noti-america.com\/site\/repdom\/wp-json\/wp\/v2\/tags?post=30509"}],"curies":[{"name":"wp","href":"https:\/\/api.w.org\/{rel}","templated":true}]}}