{"id":3027,"date":"2020-08-17T00:31:07","date_gmt":"2020-08-17T00:31:07","guid":{"rendered":"https:\/\/noti-america.com\/site\/repdom\/?p=3027"},"modified":"2020-08-17T00:31:07","modified_gmt":"2020-08-17T00:31:07","slug":"mejia-la-junta-ejecutiva-de-la-odecabe-sigue-trabajando-en-estos-tiempos","status":"publish","type":"post","link":"https:\/\/noti-america.com\/site\/repdom\/2020\/08\/17\/mejia-la-junta-ejecutiva-de-la-odecabe-sigue-trabajando-en-estos-tiempos\/","title":{"rendered":"Mej\u00eda: \u00abLa Junta Ejecutiva de la ODECABE sigue trabajando en estos tiempos\u00bb"},"content":{"rendered":"<div class=\"x_gmail_default\">\n<p class=\"x_MsoNormal\" style=\"text-align: justify\"><span lang=\"ES-DO\">SANTO DOMINGO &#8211; <\/span><span lang=\"ES-DO\">El presidente de la Organizaci\u00f3n Deportiva Centroamericana y del Caribe (ODECABE), Luis Mej\u00eda (DOM), declar\u00f3 ante la Asamblea General Extraordinaria, convocada este s\u00e1bado 15 de agosto de 2020, que la organizaci\u00f3n no ha dejado de funcionar a pesar de la situaci\u00f3n de salud que vive el mundo con el coronavirus.<\/span><\/p>\n<p class=\"x_MsoNormal\" style=\"text-align: justify\"><span lang=\"ES-DO\">Esta declaraci\u00f3n fue expresada por el m\u00e1ximo ejecutivo de la organizaci\u00f3n, a trav\u00e9s de la plataforma virtual ZOOM a todos los delegados representantes de los pa\u00edses miembros de la ODECABE.<\/span><\/p>\n<p class=\"x_MsoNormal\" style=\"text-align: justify\"><span lang=\"ES-DO\">Mej\u00eda inform\u00f3 que desde antes del inicio de la pandemia, la Junta Ejecutiva ha continuado trabajando de forma remota a trav\u00e9s de las distintas plataformas virtuales para dar una se\u00f1al de unidad, junto con los Comit\u00e9s Ol\u00edmpicos nacionales, \u00a0a los deportistas de los pa\u00edses miembros de la organizaci\u00f3n.<\/span><\/p>\n<p class=\"x_MsoNormal\" style=\"text-align: justify\"><span lang=\"ES-DO\">Entre los puntos tratados durante la sesi\u00f3n extraordinaria, Mej\u00eda inform\u00f3 que la Comisi\u00f3n Legal, presidida por Christopher Samuda (JAM), se encuentra trabajando en las gestiones que deber\u00e1 tomar la ODECABE en relaci\u00f3n con el retiro del Gobierno de Panam\u00e1 de la organizaci\u00f3n de las Juegos Centroamericanos y del Caribe \u00a0que estaban programados para realizarse en ese pa\u00eds en 2022.<\/span><\/p>\n<p class=\"x_MsoNormal\" style=\"text-align: justify\"><span lang=\"ES-DO\">Tambi\u00e9n inform\u00f3 sobre la creaci\u00f3n de 11 comisiones de trabajo, las cuales ser\u00e1n presididas por cada uno de los miembros de la Junta Ejecutiva de la ODECABE para que \u00abno sean solo nombres, sino funcionales ante los miembros\u00bb.<\/span><\/p>\n<p class=\"x_MsoNormal\" style=\"text-align: justify\"><span lang=\"ES-DO\">Durante la Asamblea General Extraordinaria, las Comisiones de Educaci\u00f3n, Legal y Nuevas Ciudades Sede, esta \u00faltima presidida por Sara Rosario (PUR), entregaron un breve informe a los delegados de los pa\u00edses miembros, sobre el trabajo que vienen realizando durante la pandemia.<\/span><\/p>\n<p class=\"x_MsoNormal\" style=\"text-align: justify\"><span lang=\"ES-DO\">Otro detalle que se discuti\u00f3 en la reuni\u00f3n virtual fue la imagen corporativa de ODECABE.<\/span><\/p>\n<p class=\"x_MsoNormal\" style=\"text-align: justify\"><span lang=\"ES-DO\">En la Asamblea, Alain\u00a0\u00a0Sor\u00e8ze, Presidente del Comit\u00e9 Ol\u00edmpico Regional de Guadalupe, explic\u00f3 brevemente los avances de los I Juegos del Caribe que se realizar\u00e1n en esa isla en 2021, al igual que Henry N\u00fa\u00f1ez (CRC), Presidente de la Organizaci\u00f3n Deportiva Centroamericana (ORDECA), referente a los XII Juegos Deportivos Centroamericanos en Santa Tecla.<\/span><\/p>\n<p class=\"x_MsoNormal\" style=\"text-align: justify\"><span lang=\"ES-DO\">Neven Ilic (CHI), presidente de Panam Sports, fue invitado a asistir y ofreci\u00f3 palabras de apoyo y \u00e9xito continuo a los miembros de la ODECABE.<\/span><\/p>\n<p class=\"x_MsoNormal\" style=\"text-align: justify\"><span lang=\"ES-DO\">\u201cLa mejor manera que vamos a tener para poder enfrentar los desaf\u00edos que tenemos hoy es con unidad, apoyo.\u00a0<\/span>No hay otra forma\u201d, dijo Ilic a la Asamblea.<\/p>\n<p class=\"x_MsoNormal\" style=\"text-align: justify\"><span lang=\"ES-DO\">El mandatario concluy\u00f3 la actividad con un mensaje de seguir trabajando para fortalecer y unir a la ODECABE, dejando claro que los esfuerzos de la Junta Ejecutiva son montar los Juegos, principal activo de la organizaci\u00f3n, en 2022.<\/span><\/p>\n<\/div>\n<p style=\"text-align: justify\"><strong>Fuente: <span style=\"font-family: verdana, sans-serif\">Comunicaciones de la ODECABE<\/span><\/strong><\/p>\n","protected":false},"excerpt":{"rendered":"<p>SANTO DOMINGO &#8211; El presidente de la Organizaci\u00f3n Deportiva Centroamericana y del Caribe (ODECABE), Luis Mej\u00eda (DOM), declar\u00f3 ante la Asamblea General Extraordinaria, convocada este s\u00e1bado 15 de agosto de 2020, que la organizaci\u00f3n&#46;&#46;&#46;<\/p>\n","protected":false},"author":89,"featured_media":3029,"comment_status":"open","ping_status":"open","sticky":false,"template":"","format":"standard","meta":{"_acf_changed":false,"rop_custom_images_group":[],"rop_custom_messages_group":[],"rop_publish_now":"initial","rop_publish_now_accounts":[],"rop_publish_now_history":[],"rop_publish_now_status":"pending","footnotes":""},"categories":[16,1],"tags":[189,191],"class_list":["post-3027","post","type-post","status-publish","format-standard","has-post-thumbnail","hentry","category-deportes","category-uncategorized","tag-luisin-mejia","tag-organizacion-deportiva-centroamericana-y-del-caribe"],"acf":[],"yoast_head":"<!-- This site is optimized with the Yoast SEO Premium plugin v24.9 (Yoast SEO v27.2) - https:\/\/yoast.com\/product\/yoast-seo-premium-wordpress\/ -->\n<title>Mej\u00eda: &quot;La Junta Ejecutiva de la ODECABE sigue trabajando en estos tiempos&quot; - Rep. Dominicana | Noti-America.com<\/title>\n<meta name=\"robots\" content=\"index, follow, max-snippet:-1, max-image-preview:large, max-video-preview:-1\" \/>\n<link rel=\"canonical\" href=\"https:\/\/noti-america.com\/site\/repdom\/2020\/08\/17\/mejia-la-junta-ejecutiva-de-la-odecabe-sigue-trabajando-en-estos-tiempos\/\" \/>\n<meta property=\"og:locale\" content=\"es_ES\" \/>\n<meta property=\"og:type\" content=\"article\" \/>\n<meta property=\"og:title\" content=\"Mej\u00eda: &quot;La Junta Ejecutiva de la ODECABE sigue trabajando en estos tiempos&quot;\" \/>\n<meta property=\"og:description\" content=\"SANTO DOMINGO &#8211; El presidente de la Organizaci\u00f3n Deportiva Centroamericana y del Caribe (ODECABE), Luis Mej\u00eda (DOM), declar\u00f3 ante la Asamblea General Extraordinaria, convocada este s\u00e1bado 15 de agosto de 2020, que la organizaci\u00f3n&#046;&#046;&#046;\" \/>\n<meta property=\"og:url\" content=\"https:\/\/noti-america.com\/site\/repdom\/2020\/08\/17\/mejia-la-junta-ejecutiva-de-la-odecabe-sigue-trabajando-en-estos-tiempos\/\" \/>\n<meta property=\"og:site_name\" content=\"Rep. Dominicana | Noti-America.com\" \/>\n<meta property=\"article:published_time\" content=\"2020-08-17T00:31:07+00:00\" \/>\n<meta property=\"og:image\" content=\"https:\/\/noti-america.com\/site\/repdom\/wp-content\/uploads\/sites\/6\/2020\/08\/Luisin-Mejia.jpg\" \/>\n\t<meta property=\"og:image:width\" content=\"1280\" \/>\n\t<meta property=\"og:image:height\" content=\"960\" \/>\n\t<meta property=\"og:image:type\" content=\"image\/jpeg\" \/>\n<meta name=\"author\" content=\"Ad\u00e1n Soriano\" \/>\n<meta name=\"twitter:card\" content=\"summary_large_image\" \/>\n<meta name=\"twitter:creator\" content=\"@adansoriano\" \/>\n<meta name=\"twitter:label1\" content=\"Escrito por\" \/>\n\t<meta name=\"twitter:data1\" content=\"Ad\u00e1n Soriano\" \/>\n\t<meta name=\"twitter:label2\" content=\"Tiempo estimado de lectura\" \/>\n\t<meta name=\"twitter:data2\" content=\"2 minutos\" \/>\n<script type=\"application\/ld+json\" class=\"yoast-schema-graph\">{\"@context\":\"https:\/\/schema.org\",\"@graph\":[{\"@type\":\"Article\",\"@id\":\"https:\/\/noti-america.com\/site\/repdom\/2020\/08\/17\/mejia-la-junta-ejecutiva-de-la-odecabe-sigue-trabajando-en-estos-tiempos\/#article\",\"isPartOf\":{\"@id\":\"https:\/\/noti-america.com\/site\/repdom\/2020\/08\/17\/mejia-la-junta-ejecutiva-de-la-odecabe-sigue-trabajando-en-estos-tiempos\/\"},\"author\":{\"name\":\"Ad\u00e1n Soriano\",\"@id\":\"https:\/\/noti-america.com\/site\/repdom\/#\/schema\/person\/fd0092c1530d275fabaa5cffcbc2b976\"},\"headline\":\"Mej\u00eda: \u00abLa Junta Ejecutiva de la ODECABE sigue trabajando en estos tiempos\u00bb\",\"datePublished\":\"2020-08-17T00:31:07+00:00\",\"mainEntityOfPage\":{\"@id\":\"https:\/\/noti-america.com\/site\/repdom\/2020\/08\/17\/mejia-la-junta-ejecutiva-de-la-odecabe-sigue-trabajando-en-estos-tiempos\/\"},\"wordCount\":476,\"commentCount\":0,\"publisher\":{\"@id\":\"https:\/\/noti-america.com\/site\/repdom\/#organization\"},\"image\":{\"@id\":\"https:\/\/noti-america.com\/site\/repdom\/2020\/08\/17\/mejia-la-junta-ejecutiva-de-la-odecabe-sigue-trabajando-en-estos-tiempos\/#primaryimage\"},\"thumbnailUrl\":\"https:\/\/noti-america.com\/site\/repdom\/wp-content\/uploads\/sites\/6\/2020\/08\/Luisin-Mejia.jpg\",\"keywords\":[\"Luis\u00edn Mej\u00eda\",\"Organizaci\u00f3n Deportiva Centroamericana y del Caribe\"],\"articleSection\":[\"Deportes\",\"Uncategorized\"],\"inLanguage\":\"es\",\"potentialAction\":[{\"@type\":\"CommentAction\",\"name\":\"Comment\",\"target\":[\"https:\/\/noti-america.com\/site\/repdom\/2020\/08\/17\/mejia-la-junta-ejecutiva-de-la-odecabe-sigue-trabajando-en-estos-tiempos\/#respond\"]}]},{\"@type\":\"WebPage\",\"@id\":\"https:\/\/noti-america.com\/site\/repdom\/2020\/08\/17\/mejia-la-junta-ejecutiva-de-la-odecabe-sigue-trabajando-en-estos-tiempos\/\",\"url\":\"https:\/\/noti-america.com\/site\/repdom\/2020\/08\/17\/mejia-la-junta-ejecutiva-de-la-odecabe-sigue-trabajando-en-estos-tiempos\/\",\"name\":\"Mej\u00eda: \\\"La Junta Ejecutiva de la ODECABE sigue trabajando en estos tiempos\\\" - Rep. Dominicana | Noti-America.com\",\"isPartOf\":{\"@id\":\"https:\/\/noti-america.com\/site\/repdom\/#website\"},\"primaryImageOfPage\":{\"@id\":\"https:\/\/noti-america.com\/site\/repdom\/2020\/08\/17\/mejia-la-junta-ejecutiva-de-la-odecabe-sigue-trabajando-en-estos-tiempos\/#primaryimage\"},\"image\":{\"@id\":\"https:\/\/noti-america.com\/site\/repdom\/2020\/08\/17\/mejia-la-junta-ejecutiva-de-la-odecabe-sigue-trabajando-en-estos-tiempos\/#primaryimage\"},\"thumbnailUrl\":\"https:\/\/noti-america.com\/site\/repdom\/wp-content\/uploads\/sites\/6\/2020\/08\/Luisin-Mejia.jpg\",\"datePublished\":\"2020-08-17T00:31:07+00:00\",\"breadcrumb\":{\"@id\":\"https:\/\/noti-america.com\/site\/repdom\/2020\/08\/17\/mejia-la-junta-ejecutiva-de-la-odecabe-sigue-trabajando-en-estos-tiempos\/#breadcrumb\"},\"inLanguage\":\"es\",\"potentialAction\":[{\"@type\":\"ReadAction\",\"target\":[\"https:\/\/noti-america.com\/site\/repdom\/2020\/08\/17\/mejia-la-junta-ejecutiva-de-la-odecabe-sigue-trabajando-en-estos-tiempos\/\"]}]},{\"@type\":\"ImageObject\",\"inLanguage\":\"es\",\"@id\":\"https:\/\/noti-america.com\/site\/repdom\/2020\/08\/17\/mejia-la-junta-ejecutiva-de-la-odecabe-sigue-trabajando-en-estos-tiempos\/#primaryimage\",\"url\":\"https:\/\/noti-america.com\/site\/repdom\/wp-content\/uploads\/sites\/6\/2020\/08\/Luisin-Mejia.jpg\",\"contentUrl\":\"https:\/\/noti-america.com\/site\/repdom\/wp-content\/uploads\/sites\/6\/2020\/08\/Luisin-Mejia.jpg\",\"width\":1280,\"height\":960},{\"@type\":\"BreadcrumbList\",\"@id\":\"https:\/\/noti-america.com\/site\/repdom\/2020\/08\/17\/mejia-la-junta-ejecutiva-de-la-odecabe-sigue-trabajando-en-estos-tiempos\/#breadcrumb\",\"itemListElement\":[{\"@type\":\"ListItem\",\"position\":1,\"name\":\"Portada\",\"item\":\"https:\/\/noti-america.com\/site\/repdom\/\"},{\"@type\":\"ListItem\",\"position\":2,\"name\":\"Mej\u00eda: \u00abLa Junta Ejecutiva de la ODECABE sigue trabajando en estos tiempos\u00bb\"}]},{\"@type\":\"WebSite\",\"@id\":\"https:\/\/noti-america.com\/site\/repdom\/#website\",\"url\":\"https:\/\/noti-america.com\/site\/repdom\/\",\"name\":\"Rep. Dominicana | Noti-America.com\",\"description\":\"\",\"publisher\":{\"@id\":\"https:\/\/noti-america.com\/site\/repdom\/#organization\"},\"potentialAction\":[{\"@type\":\"SearchAction\",\"target\":{\"@type\":\"EntryPoint\",\"urlTemplate\":\"https:\/\/noti-america.com\/site\/repdom\/?s={search_term_string}\"},\"query-input\":{\"@type\":\"PropertyValueSpecification\",\"valueRequired\":true,\"valueName\":\"search_term_string\"}}],\"inLanguage\":\"es\"},{\"@type\":\"Organization\",\"@id\":\"https:\/\/noti-america.com\/site\/repdom\/#organization\",\"name\":\"Noti-America LLC | Rep\u00fablica Dominicana\",\"url\":\"https:\/\/noti-america.com\/site\/repdom\/\",\"logo\":{\"@type\":\"ImageObject\",\"inLanguage\":\"es\",\"@id\":\"https:\/\/noti-america.com\/site\/repdom\/#\/schema\/logo\/image\/\",\"url\":\"https:\/\/noti-america.com\/site\/repdom\/wp-content\/uploads\/sites\/6\/2020\/07\/LogoNA-4x3-1.jpg\",\"contentUrl\":\"https:\/\/noti-america.com\/site\/repdom\/wp-content\/uploads\/sites\/6\/2020\/07\/LogoNA-4x3-1.jpg\",\"width\":1236,\"height\":1080,\"caption\":\"Noti-America LLC | Rep\u00fablica Dominicana\"},\"image\":{\"@id\":\"https:\/\/noti-america.com\/site\/repdom\/#\/schema\/logo\/image\/\"}},{\"@type\":\"Person\",\"@id\":\"https:\/\/noti-america.com\/site\/repdom\/#\/schema\/person\/fd0092c1530d275fabaa5cffcbc2b976\",\"name\":\"Ad\u00e1n Soriano\",\"image\":{\"@type\":\"ImageObject\",\"inLanguage\":\"es\",\"@id\":\"https:\/\/secure.gravatar.com\/avatar\/ecf97ff3aee7ff9efdae670d7e976f3e7e8acc1077e510d73707999a8bfd4467?s=96&d=mm&r=g\",\"url\":\"https:\/\/secure.gravatar.com\/avatar\/ecf97ff3aee7ff9efdae670d7e976f3e7e8acc1077e510d73707999a8bfd4467?s=96&d=mm&r=g\",\"contentUrl\":\"https:\/\/secure.gravatar.com\/avatar\/ecf97ff3aee7ff9efdae670d7e976f3e7e8acc1077e510d73707999a8bfd4467?s=96&d=mm&r=g\",\"caption\":\"Ad\u00e1n Soriano\"},\"description\":\"Soy cronista deportivo con 10 a\u00f1os de experiencia en varios espacios, y conduzco el podcast deportivo llamado Mezcla Deportiva\",\"sameAs\":[\"https:\/\/x.com\/adansoriano\"],\"url\":\"https:\/\/noti-america.com\/site\/repdom\/author\/asoriano\/\"}]}<\/script>\n<!-- \/ Yoast SEO Premium plugin. -->","yoast_head_json":{"title":"Mej\u00eda: \"La Junta Ejecutiva de la ODECABE sigue trabajando en estos tiempos\" - Rep. Dominicana | Noti-America.com","robots":{"index":"index","follow":"follow","max-snippet":"max-snippet:-1","max-image-preview":"max-image-preview:large","max-video-preview":"max-video-preview:-1"},"canonical":"https:\/\/noti-america.com\/site\/repdom\/2020\/08\/17\/mejia-la-junta-ejecutiva-de-la-odecabe-sigue-trabajando-en-estos-tiempos\/","og_locale":"es_ES","og_type":"article","og_title":"Mej\u00eda: \"La Junta Ejecutiva de la ODECABE sigue trabajando en estos tiempos\"","og_description":"SANTO DOMINGO &#8211; El presidente de la Organizaci\u00f3n Deportiva Centroamericana y del Caribe (ODECABE), Luis Mej\u00eda (DOM), declar\u00f3 ante la Asamblea General Extraordinaria, convocada este s\u00e1bado 15 de agosto de 2020, que la organizaci\u00f3n&#46;&#46;&#46;","og_url":"https:\/\/noti-america.com\/site\/repdom\/2020\/08\/17\/mejia-la-junta-ejecutiva-de-la-odecabe-sigue-trabajando-en-estos-tiempos\/","og_site_name":"Rep. Dominicana | Noti-America.com","article_published_time":"2020-08-17T00:31:07+00:00","og_image":[{"width":1280,"height":960,"url":"https:\/\/noti-america.com\/site\/repdom\/wp-content\/uploads\/sites\/6\/2020\/08\/Luisin-Mejia.jpg","type":"image\/jpeg"}],"author":"Ad\u00e1n Soriano","twitter_card":"summary_large_image","twitter_creator":"@adansoriano","twitter_misc":{"Escrito por":"Ad\u00e1n Soriano","Tiempo estimado de lectura":"2 minutos"},"schema":{"@context":"https:\/\/schema.org","@graph":[{"@type":"Article","@id":"https:\/\/noti-america.com\/site\/repdom\/2020\/08\/17\/mejia-la-junta-ejecutiva-de-la-odecabe-sigue-trabajando-en-estos-tiempos\/#article","isPartOf":{"@id":"https:\/\/noti-america.com\/site\/repdom\/2020\/08\/17\/mejia-la-junta-ejecutiva-de-la-odecabe-sigue-trabajando-en-estos-tiempos\/"},"author":{"name":"Ad\u00e1n Soriano","@id":"https:\/\/noti-america.com\/site\/repdom\/#\/schema\/person\/fd0092c1530d275fabaa5cffcbc2b976"},"headline":"Mej\u00eda: \u00abLa Junta Ejecutiva de la ODECABE sigue trabajando en estos tiempos\u00bb","datePublished":"2020-08-17T00:31:07+00:00","mainEntityOfPage":{"@id":"https:\/\/noti-america.com\/site\/repdom\/2020\/08\/17\/mejia-la-junta-ejecutiva-de-la-odecabe-sigue-trabajando-en-estos-tiempos\/"},"wordCount":476,"commentCount":0,"publisher":{"@id":"https:\/\/noti-america.com\/site\/repdom\/#organization"},"image":{"@id":"https:\/\/noti-america.com\/site\/repdom\/2020\/08\/17\/mejia-la-junta-ejecutiva-de-la-odecabe-sigue-trabajando-en-estos-tiempos\/#primaryimage"},"thumbnailUrl":"https:\/\/noti-america.com\/site\/repdom\/wp-content\/uploads\/sites\/6\/2020\/08\/Luisin-Mejia.jpg","keywords":["Luis\u00edn Mej\u00eda","Organizaci\u00f3n Deportiva Centroamericana y del Caribe"],"articleSection":["Deportes","Uncategorized"],"inLanguage":"es","potentialAction":[{"@type":"CommentAction","name":"Comment","target":["https:\/\/noti-america.com\/site\/repdom\/2020\/08\/17\/mejia-la-junta-ejecutiva-de-la-odecabe-sigue-trabajando-en-estos-tiempos\/#respond"]}]},{"@type":"WebPage","@id":"https:\/\/noti-america.com\/site\/repdom\/2020\/08\/17\/mejia-la-junta-ejecutiva-de-la-odecabe-sigue-trabajando-en-estos-tiempos\/","url":"https:\/\/noti-america.com\/site\/repdom\/2020\/08\/17\/mejia-la-junta-ejecutiva-de-la-odecabe-sigue-trabajando-en-estos-tiempos\/","name":"Mej\u00eda: \"La Junta Ejecutiva de la ODECABE sigue trabajando en estos tiempos\" - Rep. Dominicana | Noti-America.com","isPartOf":{"@id":"https:\/\/noti-america.com\/site\/repdom\/#website"},"primaryImageOfPage":{"@id":"https:\/\/noti-america.com\/site\/repdom\/2020\/08\/17\/mejia-la-junta-ejecutiva-de-la-odecabe-sigue-trabajando-en-estos-tiempos\/#primaryimage"},"image":{"@id":"https:\/\/noti-america.com\/site\/repdom\/2020\/08\/17\/mejia-la-junta-ejecutiva-de-la-odecabe-sigue-trabajando-en-estos-tiempos\/#primaryimage"},"thumbnailUrl":"https:\/\/noti-america.com\/site\/repdom\/wp-content\/uploads\/sites\/6\/2020\/08\/Luisin-Mejia.jpg","datePublished":"2020-08-17T00:31:07+00:00","breadcrumb":{"@id":"https:\/\/noti-america.com\/site\/repdom\/2020\/08\/17\/mejia-la-junta-ejecutiva-de-la-odecabe-sigue-trabajando-en-estos-tiempos\/#breadcrumb"},"inLanguage":"es","potentialAction":[{"@type":"ReadAction","target":["https:\/\/noti-america.com\/site\/repdom\/2020\/08\/17\/mejia-la-junta-ejecutiva-de-la-odecabe-sigue-trabajando-en-estos-tiempos\/"]}]},{"@type":"ImageObject","inLanguage":"es","@id":"https:\/\/noti-america.com\/site\/repdom\/2020\/08\/17\/mejia-la-junta-ejecutiva-de-la-odecabe-sigue-trabajando-en-estos-tiempos\/#primaryimage","url":"https:\/\/noti-america.com\/site\/repdom\/wp-content\/uploads\/sites\/6\/2020\/08\/Luisin-Mejia.jpg","contentUrl":"https:\/\/noti-america.com\/site\/repdom\/wp-content\/uploads\/sites\/6\/2020\/08\/Luisin-Mejia.jpg","width":1280,"height":960},{"@type":"BreadcrumbList","@id":"https:\/\/noti-america.com\/site\/repdom\/2020\/08\/17\/mejia-la-junta-ejecutiva-de-la-odecabe-sigue-trabajando-en-estos-tiempos\/#breadcrumb","itemListElement":[{"@type":"ListItem","position":1,"name":"Portada","item":"https:\/\/noti-america.com\/site\/repdom\/"},{"@type":"ListItem","position":2,"name":"Mej\u00eda: \u00abLa Junta Ejecutiva de la ODECABE sigue trabajando en estos tiempos\u00bb"}]},{"@type":"WebSite","@id":"https:\/\/noti-america.com\/site\/repdom\/#website","url":"https:\/\/noti-america.com\/site\/repdom\/","name":"Rep. Dominicana | Noti-America.com","description":"","publisher":{"@id":"https:\/\/noti-america.com\/site\/repdom\/#organization"},"potentialAction":[{"@type":"SearchAction","target":{"@type":"EntryPoint","urlTemplate":"https:\/\/noti-america.com\/site\/repdom\/?s={search_term_string}"},"query-input":{"@type":"PropertyValueSpecification","valueRequired":true,"valueName":"search_term_string"}}],"inLanguage":"es"},{"@type":"Organization","@id":"https:\/\/noti-america.com\/site\/repdom\/#organization","name":"Noti-America LLC | Rep\u00fablica Dominicana","url":"https:\/\/noti-america.com\/site\/repdom\/","logo":{"@type":"ImageObject","inLanguage":"es","@id":"https:\/\/noti-america.com\/site\/repdom\/#\/schema\/logo\/image\/","url":"https:\/\/noti-america.com\/site\/repdom\/wp-content\/uploads\/sites\/6\/2020\/07\/LogoNA-4x3-1.jpg","contentUrl":"https:\/\/noti-america.com\/site\/repdom\/wp-content\/uploads\/sites\/6\/2020\/07\/LogoNA-4x3-1.jpg","width":1236,"height":1080,"caption":"Noti-America LLC | Rep\u00fablica Dominicana"},"image":{"@id":"https:\/\/noti-america.com\/site\/repdom\/#\/schema\/logo\/image\/"}},{"@type":"Person","@id":"https:\/\/noti-america.com\/site\/repdom\/#\/schema\/person\/fd0092c1530d275fabaa5cffcbc2b976","name":"Ad\u00e1n Soriano","image":{"@type":"ImageObject","inLanguage":"es","@id":"https:\/\/secure.gravatar.com\/avatar\/ecf97ff3aee7ff9efdae670d7e976f3e7e8acc1077e510d73707999a8bfd4467?s=96&d=mm&r=g","url":"https:\/\/secure.gravatar.com\/avatar\/ecf97ff3aee7ff9efdae670d7e976f3e7e8acc1077e510d73707999a8bfd4467?s=96&d=mm&r=g","contentUrl":"https:\/\/secure.gravatar.com\/avatar\/ecf97ff3aee7ff9efdae670d7e976f3e7e8acc1077e510d73707999a8bfd4467?s=96&d=mm&r=g","caption":"Ad\u00e1n Soriano"},"description":"Soy cronista deportivo con 10 a\u00f1os de experiencia en varios espacios, y conduzco el podcast deportivo llamado Mezcla Deportiva","sameAs":["https:\/\/x.com\/adansoriano"],"url":"https:\/\/noti-america.com\/site\/repdom\/author\/asoriano\/"}]}},"_links":{"self":[{"href":"https:\/\/noti-america.com\/site\/repdom\/wp-json\/wp\/v2\/posts\/3027","targetHints":{"allow":["GET"]}}],"collection":[{"href":"https:\/\/noti-america.com\/site\/repdom\/wp-json\/wp\/v2\/posts"}],"about":[{"href":"https:\/\/noti-america.com\/site\/repdom\/wp-json\/wp\/v2\/types\/post"}],"author":[{"embeddable":true,"href":"https:\/\/noti-america.com\/site\/repdom\/wp-json\/wp\/v2\/users\/89"}],"replies":[{"embeddable":true,"href":"https:\/\/noti-america.com\/site\/repdom\/wp-json\/wp\/v2\/comments?post=3027"}],"version-history":[{"count":1,"href":"https:\/\/noti-america.com\/site\/repdom\/wp-json\/wp\/v2\/posts\/3027\/revisions"}],"predecessor-version":[{"id":3030,"href":"https:\/\/noti-america.com\/site\/repdom\/wp-json\/wp\/v2\/posts\/3027\/revisions\/3030"}],"wp:featuredmedia":[{"embeddable":true,"href":"https:\/\/noti-america.com\/site\/repdom\/wp-json\/wp\/v2\/media\/3029"}],"wp:attachment":[{"href":"https:\/\/noti-america.com\/site\/repdom\/wp-json\/wp\/v2\/media?parent=3027"}],"wp:term":[{"taxonomy":"category","embeddable":true,"href":"https:\/\/noti-america.com\/site\/repdom\/wp-json\/wp\/v2\/categories?post=3027"},{"taxonomy":"post_tag","embeddable":true,"href":"https:\/\/noti-america.com\/site\/repdom\/wp-json\/wp\/v2\/tags?post=3027"}],"curies":[{"name":"wp","href":"https:\/\/api.w.org\/{rel}","templated":true}]}}