{"id":29499,"date":"2024-09-16T16:08:53","date_gmt":"2024-09-16T16:08:53","guid":{"rendered":"https:\/\/noti-america.com\/site\/repdom\/2024\/09\/16\/lissette-selman-condena-extremismo-de-hamas-y-rechaza-respuesta-de-israel-en-gaza-2\/"},"modified":"2024-09-16T16:08:53","modified_gmt":"2024-09-16T16:08:53","slug":"lissette-selman-condena-extremismo-de-hamas-y-rechaza-respuesta-de-israel-en-gaza-2","status":"publish","type":"post","link":"https:\/\/noti-america.com\/site\/repdom\/2024\/09\/16\/lissette-selman-condena-extremismo-de-hamas-y-rechaza-respuesta-de-israel-en-gaza-2\/","title":{"rendered":"Lissette Selman condena extremismo de Hamas y rechaza respuesta de Israel en Gaza"},"content":{"rendered":"<p><img loading=\"lazy\" decoding=\"async\" class=\"alignnone size-medium wp-image-29496\" src=\"https:\/\/noti-america.com\/site\/repdom\/wp-content\/uploads\/sites\/6\/2024\/09\/6d46b834-e54d-4c8c-ad5a-60639fb8f3cb-300x200.jpeg\" alt=\"\" width=\"300\" height=\"200\" srcset=\"https:\/\/noti-america.com\/site\/repdom\/wp-content\/uploads\/sites\/6\/2024\/09\/6d46b834-e54d-4c8c-ad5a-60639fb8f3cb-300x200.jpeg 300w, https:\/\/noti-america.com\/site\/repdom\/wp-content\/uploads\/sites\/6\/2024\/09\/6d46b834-e54d-4c8c-ad5a-60639fb8f3cb-1024x682.jpeg 1024w, https:\/\/noti-america.com\/site\/repdom\/wp-content\/uploads\/sites\/6\/2024\/09\/6d46b834-e54d-4c8c-ad5a-60639fb8f3cb-768x511.jpeg 768w, https:\/\/noti-america.com\/site\/repdom\/wp-content\/uploads\/sites\/6\/2024\/09\/6d46b834-e54d-4c8c-ad5a-60639fb8f3cb-272x182.jpeg 272w, https:\/\/noti-america.com\/site\/repdom\/wp-content\/uploads\/sites\/6\/2024\/09\/6d46b834-e54d-4c8c-ad5a-60639fb8f3cb.jpeg 1280w\" sizes=\"auto, (max-width: 300px) 100vw, 300px\" \/><\/p>\n<p>&nbsp;<\/p>\n<p>La destacada comunicadora de origen palestino, Lissette Selman critic\u00f3 el conflicto b\u00e9lico que se vive entre Israel y Ham\u00e1s, al condenar las acciones extremistas del grupo terrorista y rechazar la respuesta que ella describe como \u201cgrotesca\u201d por parte de Israel.<\/p>\n<p>\u201cIsrael ha venido desplazando de su territorio a los palestinos desde hace d\u00e9cadas, lo que pasa es que todo explot\u00f3 con lo ocurrido el 7 de octubre del a\u00f1o pasado. Israel viene desplazando a los palestinos y limit\u00e1ndoles en el acceso a combustible, agua potable y medicamentos\u201d, declar\u00f3 Selma.<\/p>\n<p><img loading=\"lazy\" decoding=\"async\" class=\"alignnone size-medium wp-image-29494\" src=\"https:\/\/noti-america.com\/site\/repdom\/wp-content\/uploads\/sites\/6\/2024\/09\/fcecd7b2-8bc7-45c0-99da-c1d417488740-300x200.jpeg\" alt=\"\" width=\"300\" height=\"200\" srcset=\"https:\/\/noti-america.com\/site\/repdom\/wp-content\/uploads\/sites\/6\/2024\/09\/fcecd7b2-8bc7-45c0-99da-c1d417488740-300x200.jpeg 300w, https:\/\/noti-america.com\/site\/repdom\/wp-content\/uploads\/sites\/6\/2024\/09\/fcecd7b2-8bc7-45c0-99da-c1d417488740-1024x682.jpeg 1024w, https:\/\/noti-america.com\/site\/repdom\/wp-content\/uploads\/sites\/6\/2024\/09\/fcecd7b2-8bc7-45c0-99da-c1d417488740-768x512.jpeg 768w, https:\/\/noti-america.com\/site\/repdom\/wp-content\/uploads\/sites\/6\/2024\/09\/fcecd7b2-8bc7-45c0-99da-c1d417488740-272x182.jpeg 272w, https:\/\/noti-america.com\/site\/repdom\/wp-content\/uploads\/sites\/6\/2024\/09\/fcecd7b2-8bc7-45c0-99da-c1d417488740.jpeg 1280w\" sizes=\"auto, (max-width: 300px) 100vw, 300px\" \/><\/p>\n<p>De igual manera reprocha el hecho de que, \u201cIsrael siga matando a inocentes producto del conflicto con Ham\u00e1s. Creo que la respuesta ha sido grotesca y el mundo no puede quedarse as\u00ed, porque ninguna muerte es justa\u201d.<\/p>\n<p>Asimismo, en la entrevista realizada por la periodista Katherine Hern\u00e1ndez en su programa Siendo Honestos, Lissette Selman dej\u00f3 claro que en el conflicto ninguna de las partes act\u00faa con justicia. \u201cCondeno a Hamas y a cualquier grupo terrorista, porque el terrorismo y la violencia nuca van hacer una soluci\u00f3n para nada bueno\u201d, sostuvo.La comunicadora dominicana cuyos abuelos paternos y maternos nacieron en la ciudad Bel\u00e9n y vinieron como inmigrantes a Rep\u00fablica Dominicana pa\u00eds donde nacieron sus padres, manifest\u00f3 su rechazo al radicalismo y expres\u00f3 que \u201cel extremismo, desde el religioso hasta el pol\u00edtico no tiene ning\u00fan sentido, porque cuando yo conozco tus derechos te doy pie para que tu tengas que reconocer los m\u00edos y tenemos que aprender a vivir en armon\u00eda, t\u00fa en tu territorio y yo en el m\u00edo\u201d.<\/p>\n<p>*No hay paz sin respeto*<\/p>\n<p><img loading=\"lazy\" decoding=\"async\" class=\"alignnone size-medium wp-image-29497\" src=\"https:\/\/noti-america.com\/site\/repdom\/wp-content\/uploads\/sites\/6\/2024\/09\/63a4f641-0860-424d-bb17-4c36179c53ab-300x200.jpeg\" alt=\"\" width=\"300\" height=\"200\" srcset=\"https:\/\/noti-america.com\/site\/repdom\/wp-content\/uploads\/sites\/6\/2024\/09\/63a4f641-0860-424d-bb17-4c36179c53ab-300x200.jpeg 300w, https:\/\/noti-america.com\/site\/repdom\/wp-content\/uploads\/sites\/6\/2024\/09\/63a4f641-0860-424d-bb17-4c36179c53ab-1024x682.jpeg 1024w, https:\/\/noti-america.com\/site\/repdom\/wp-content\/uploads\/sites\/6\/2024\/09\/63a4f641-0860-424d-bb17-4c36179c53ab-768x512.jpeg 768w, https:\/\/noti-america.com\/site\/repdom\/wp-content\/uploads\/sites\/6\/2024\/09\/63a4f641-0860-424d-bb17-4c36179c53ab-272x182.jpeg 272w, https:\/\/noti-america.com\/site\/repdom\/wp-content\/uploads\/sites\/6\/2024\/09\/63a4f641-0860-424d-bb17-4c36179c53ab.jpeg 1280w\" sizes=\"auto, (max-width: 300px) 100vw, 300px\" \/><\/p>\n<p>Al hablar sobre la paz que se aspira en esta zona de conflicto, Selman cit\u00f3 una frase del ganador del Premio Nobel de la Paz en 1978, de Anwar el-Sadat, quien dijo:<\/p>\n<p>\u201cNo puede pensarse en la paz basada en la vulneraci\u00f3n del derecho ajeno ni en la ocupaci\u00f3n de territorio que no te corresponde\u201d.<\/p>\n<p>En ese sentido, record\u00f3 cuando la Organizaci\u00f3n de las Naciones Unidas reconoci\u00f3 a Israel como un Estado y tambi\u00e9n a Palestina el 14 de mayo de 1948, afirmando que, \u201cesto se hizo buscando que ambas comunidades pudieran vivir en armon\u00eda, pero no se logr\u00f3 porque esto es un tema geopol\u00edtico\u201d.<\/p>\n<p>*Nuevo proyecto*<\/p>\n<p>La presentadora que tiene 40 a\u00f1os con una intachable trayectoria tambi\u00e9n habl\u00f3 sobre su pr\u00f3ximo proyecto llamado \u00abLa Mirada\u00bb, que iniciar\u00e1 en el mes de septiembre, al explicar que, \u201cel grupo comenz\u00f3 con \u2018La Avanzada\u2019, luego se transform\u00f3 en \u2018Luna llena\u2019, continu\u00f3 con \u2018Luna llena permanece\u2019, despu\u00e9s de ah\u00ed otra vez se modifica y ahora otra vez se cambia y \u2018La Mirada\u2019 es el resultado de eso\u201d.<\/p>\n<p>Manifest\u00f3 que, \u201ceste proyecto me entusiasma porque me lleva a una de las partes m\u00e1s importantes de mi carrera, ya que ser\u00e1 un programa diario, en las noches de 9 a 10, en el que se analizar\u00e1n realidades, pero sobre todo se brindar\u00e1n alternativas dadas por expertos seg\u00fan el tema\u00bb, narr\u00f3 la conductora sobre su nuevos proyecto que se transmitir\u00e1 de lunes a viernes por la Corporaci\u00f3n Estatal de Radio y TV CERTV, Canal 4.<\/p>\n<p>Durante la conversaci\u00f3n con la periodista Katherine Hern\u00e1ndez, Lissette Selman, tambi\u00e9n habl\u00f3 sobre uno de los temas que contin\u00faan en la palestra, al dar su opini\u00f3n sobre las reformas que se buscan implementar pr\u00f3ximamente, diciendo que espera que el resultado de estas \u201crealmente puedan responder al principio de justicia y de satisfacciones en el equilibrio que les corresponden a todos, porque la constituci\u00f3n as\u00ed establece; porque con las reformas fiscales lo que hemos vivido siempre es que a la clase media se nos carga mucho m\u00e1s, que los ricos ganan m\u00e1s y tienen muchas m\u00e1s extensiones y que los de abajo no tiene la manera de aportar, entonces los del medio vamos m\u00e1s forzados\u201d.<\/p>\n<p>En esta l\u00ednea expres\u00f3 que con esta situaci\u00f3n de futuros cambios \u201cyo no creo muchas esperanzas en mi interior, por lo que prefiero esperar y ver lo que va suceder. Pero en esencia espero que se cumpla el principio de justicia.<\/p>\n<p>Asimismo manifest\u00f3 su agrado en cuanto a la propuesta hecha por el presidente Luis Abinader sobre reducir la cantidad de diputados, al decir que estos representantes \u201cno funcionan como deber\u00edan funcionar; hablo de la mayor\u00eda, (salvo las honrosas excepciones que siempre hay)\u201d, en sentido general, le cuestan mucho al Estado\u201d, expuso.<\/p>\n<p>Fuente: Mar\u00eda Ramos (Siendo Honestos)<\/p>\n<p>&nbsp;<\/p>\n<p>&nbsp;<\/p>\n<p>.<\/p>\n<p>&nbsp;<\/p>\n","protected":false},"excerpt":{"rendered":"<p>&nbsp; La destacada comunicadora de origen palestino, Lissette Selman critic\u00f3 el conflicto b\u00e9lico que se vive entre Israel y Ham\u00e1s, al condenar las acciones extremistas del grupo terrorista y rechazar la respuesta que ella&#46;&#46;&#46;<\/p>\n","protected":false},"author":96,"featured_media":29500,"comment_status":"open","ping_status":"open","sticky":false,"template":"","format":"standard","meta":{"_acf_changed":false,"rop_custom_images_group":[],"rop_custom_messages_group":[],"rop_publish_now":"initial","rop_publish_now_accounts":[],"rop_publish_now_history":[],"rop_publish_now_status":"pending","footnotes":""},"categories":[277],"tags":[],"class_list":["post-29499","post","type-post","status-publish","format-standard","has-post-thumbnail","hentry","category-acturalidad"],"acf":[],"yoast_head":"<!-- This site is optimized with the Yoast SEO Premium plugin v24.9 (Yoast SEO v27.2) - https:\/\/yoast.com\/product\/yoast-seo-premium-wordpress\/ -->\n<title>Lissette Selman condena extremismo de Hamas y rechaza respuesta de Israel en Gaza - Rep. Dominicana | Noti-America.com<\/title>\n<meta name=\"robots\" content=\"index, follow, max-snippet:-1, max-image-preview:large, max-video-preview:-1\" \/>\n<link rel=\"canonical\" href=\"https:\/\/noti-america.com\/site\/repdom\/2024\/09\/16\/lissette-selman-condena-extremismo-de-hamas-y-rechaza-respuesta-de-israel-en-gaza-2\/\" \/>\n<meta property=\"og:locale\" content=\"es_ES\" \/>\n<meta property=\"og:type\" content=\"article\" \/>\n<meta property=\"og:title\" content=\"Lissette Selman condena extremismo de Hamas y rechaza respuesta de Israel en Gaza\" \/>\n<meta property=\"og:description\" content=\"&nbsp; La destacada comunicadora de origen palestino, Lissette Selman critic\u00f3 el conflicto b\u00e9lico que se vive entre Israel y Ham\u00e1s, al condenar las acciones extremistas del grupo terrorista y rechazar la respuesta que ella&#046;&#046;&#046;\" \/>\n<meta property=\"og:url\" content=\"https:\/\/noti-america.com\/site\/repdom\/2024\/09\/16\/lissette-selman-condena-extremismo-de-hamas-y-rechaza-respuesta-de-israel-en-gaza-2\/\" \/>\n<meta property=\"og:site_name\" content=\"Rep. Dominicana | Noti-America.com\" \/>\n<meta property=\"article:author\" content=\"https:\/\/www.facebook.com\/share\/1HVE1qCqVk\/?mibextid=wwXIfr\" \/>\n<meta property=\"article:published_time\" content=\"2024-09-16T16:08:53+00:00\" \/>\n<meta property=\"og:image\" content=\"https:\/\/noti-america.com\/site\/repdom\/wp-content\/uploads\/sites\/6\/2024\/09\/photo-output-4-scaled.jpeg\" \/>\n\t<meta property=\"og:image:width\" content=\"2560\" \/>\n\t<meta property=\"og:image:height\" content=\"2560\" \/>\n\t<meta property=\"og:image:type\" content=\"image\/jpeg\" \/>\n<meta name=\"author\" content=\"Miguel Ramirez\" \/>\n<meta name=\"twitter:card\" content=\"summary_large_image\" \/>\n<meta name=\"twitter:label1\" content=\"Escrito por\" \/>\n\t<meta name=\"twitter:data1\" content=\"Miguel Ramirez\" \/>\n\t<meta name=\"twitter:label2\" content=\"Tiempo estimado de lectura\" \/>\n\t<meta name=\"twitter:data2\" content=\"4 minutos\" \/>\n<script type=\"application\/ld+json\" class=\"yoast-schema-graph\">{\"@context\":\"https:\/\/schema.org\",\"@graph\":[{\"@type\":\"Article\",\"@id\":\"https:\/\/noti-america.com\/site\/repdom\/2024\/09\/16\/lissette-selman-condena-extremismo-de-hamas-y-rechaza-respuesta-de-israel-en-gaza-2\/#article\",\"isPartOf\":{\"@id\":\"https:\/\/noti-america.com\/site\/repdom\/2024\/09\/16\/lissette-selman-condena-extremismo-de-hamas-y-rechaza-respuesta-de-israel-en-gaza-2\/\"},\"author\":{\"name\":\"Miguel Ramirez\",\"@id\":\"https:\/\/noti-america.com\/site\/repdom\/#\/schema\/person\/8027db7d71a0328e6e4474fa188c6fb3\"},\"headline\":\"Lissette Selman condena extremismo de Hamas y rechaza respuesta de Israel en Gaza\",\"datePublished\":\"2024-09-16T16:08:53+00:00\",\"mainEntityOfPage\":{\"@id\":\"https:\/\/noti-america.com\/site\/repdom\/2024\/09\/16\/lissette-selman-condena-extremismo-de-hamas-y-rechaza-respuesta-de-israel-en-gaza-2\/\"},\"wordCount\":780,\"commentCount\":0,\"publisher\":{\"@id\":\"https:\/\/noti-america.com\/site\/repdom\/#organization\"},\"image\":{\"@id\":\"https:\/\/noti-america.com\/site\/repdom\/2024\/09\/16\/lissette-selman-condena-extremismo-de-hamas-y-rechaza-respuesta-de-israel-en-gaza-2\/#primaryimage\"},\"thumbnailUrl\":\"https:\/\/noti-america.com\/site\/repdom\/wp-content\/uploads\/sites\/6\/2024\/09\/photo-output-4-scaled.jpeg\",\"articleSection\":[\"Actualidad\"],\"inLanguage\":\"es\",\"potentialAction\":[{\"@type\":\"CommentAction\",\"name\":\"Comment\",\"target\":[\"https:\/\/noti-america.com\/site\/repdom\/2024\/09\/16\/lissette-selman-condena-extremismo-de-hamas-y-rechaza-respuesta-de-israel-en-gaza-2\/#respond\"]}]},{\"@type\":\"WebPage\",\"@id\":\"https:\/\/noti-america.com\/site\/repdom\/2024\/09\/16\/lissette-selman-condena-extremismo-de-hamas-y-rechaza-respuesta-de-israel-en-gaza-2\/\",\"url\":\"https:\/\/noti-america.com\/site\/repdom\/2024\/09\/16\/lissette-selman-condena-extremismo-de-hamas-y-rechaza-respuesta-de-israel-en-gaza-2\/\",\"name\":\"Lissette Selman condena extremismo de Hamas y rechaza respuesta de Israel en Gaza - Rep. Dominicana | Noti-America.com\",\"isPartOf\":{\"@id\":\"https:\/\/noti-america.com\/site\/repdom\/#website\"},\"primaryImageOfPage\":{\"@id\":\"https:\/\/noti-america.com\/site\/repdom\/2024\/09\/16\/lissette-selman-condena-extremismo-de-hamas-y-rechaza-respuesta-de-israel-en-gaza-2\/#primaryimage\"},\"image\":{\"@id\":\"https:\/\/noti-america.com\/site\/repdom\/2024\/09\/16\/lissette-selman-condena-extremismo-de-hamas-y-rechaza-respuesta-de-israel-en-gaza-2\/#primaryimage\"},\"thumbnailUrl\":\"https:\/\/noti-america.com\/site\/repdom\/wp-content\/uploads\/sites\/6\/2024\/09\/photo-output-4-scaled.jpeg\",\"datePublished\":\"2024-09-16T16:08:53+00:00\",\"breadcrumb\":{\"@id\":\"https:\/\/noti-america.com\/site\/repdom\/2024\/09\/16\/lissette-selman-condena-extremismo-de-hamas-y-rechaza-respuesta-de-israel-en-gaza-2\/#breadcrumb\"},\"inLanguage\":\"es\",\"potentialAction\":[{\"@type\":\"ReadAction\",\"target\":[\"https:\/\/noti-america.com\/site\/repdom\/2024\/09\/16\/lissette-selman-condena-extremismo-de-hamas-y-rechaza-respuesta-de-israel-en-gaza-2\/\"]}]},{\"@type\":\"ImageObject\",\"inLanguage\":\"es\",\"@id\":\"https:\/\/noti-america.com\/site\/repdom\/2024\/09\/16\/lissette-selman-condena-extremismo-de-hamas-y-rechaza-respuesta-de-israel-en-gaza-2\/#primaryimage\",\"url\":\"https:\/\/noti-america.com\/site\/repdom\/wp-content\/uploads\/sites\/6\/2024\/09\/photo-output-4-scaled.jpeg\",\"contentUrl\":\"https:\/\/noti-america.com\/site\/repdom\/wp-content\/uploads\/sites\/6\/2024\/09\/photo-output-4-scaled.jpeg\",\"width\":2560,\"height\":2560},{\"@type\":\"BreadcrumbList\",\"@id\":\"https:\/\/noti-america.com\/site\/repdom\/2024\/09\/16\/lissette-selman-condena-extremismo-de-hamas-y-rechaza-respuesta-de-israel-en-gaza-2\/#breadcrumb\",\"itemListElement\":[{\"@type\":\"ListItem\",\"position\":1,\"name\":\"Portada\",\"item\":\"https:\/\/noti-america.com\/site\/repdom\/\"},{\"@type\":\"ListItem\",\"position\":2,\"name\":\"Lissette Selman condena extremismo de Hamas y rechaza respuesta de Israel en Gaza\"}]},{\"@type\":\"WebSite\",\"@id\":\"https:\/\/noti-america.com\/site\/repdom\/#website\",\"url\":\"https:\/\/noti-america.com\/site\/repdom\/\",\"name\":\"Rep. Dominicana | Noti-America.com\",\"description\":\"\",\"publisher\":{\"@id\":\"https:\/\/noti-america.com\/site\/repdom\/#organization\"},\"potentialAction\":[{\"@type\":\"SearchAction\",\"target\":{\"@type\":\"EntryPoint\",\"urlTemplate\":\"https:\/\/noti-america.com\/site\/repdom\/?s={search_term_string}\"},\"query-input\":{\"@type\":\"PropertyValueSpecification\",\"valueRequired\":true,\"valueName\":\"search_term_string\"}}],\"inLanguage\":\"es\"},{\"@type\":\"Organization\",\"@id\":\"https:\/\/noti-america.com\/site\/repdom\/#organization\",\"name\":\"Noti-America LLC | Rep\u00fablica Dominicana\",\"url\":\"https:\/\/noti-america.com\/site\/repdom\/\",\"logo\":{\"@type\":\"ImageObject\",\"inLanguage\":\"es\",\"@id\":\"https:\/\/noti-america.com\/site\/repdom\/#\/schema\/logo\/image\/\",\"url\":\"https:\/\/noti-america.com\/site\/repdom\/wp-content\/uploads\/sites\/6\/2020\/07\/LogoNA-4x3-1.jpg\",\"contentUrl\":\"https:\/\/noti-america.com\/site\/repdom\/wp-content\/uploads\/sites\/6\/2020\/07\/LogoNA-4x3-1.jpg\",\"width\":1236,\"height\":1080,\"caption\":\"Noti-America LLC | Rep\u00fablica Dominicana\"},\"image\":{\"@id\":\"https:\/\/noti-america.com\/site\/repdom\/#\/schema\/logo\/image\/\"}},{\"@type\":\"Person\",\"@id\":\"https:\/\/noti-america.com\/site\/repdom\/#\/schema\/person\/8027db7d71a0328e6e4474fa188c6fb3\",\"name\":\"Miguel Ramirez\",\"image\":{\"@type\":\"ImageObject\",\"inLanguage\":\"es\",\"@id\":\"https:\/\/secure.gravatar.com\/avatar\/41a78fb2cdab3e2dc5831d3591f1dab499ed0c22acc464195b09f37c2b3ac2cf?s=96&d=mm&r=g\",\"url\":\"https:\/\/secure.gravatar.com\/avatar\/41a78fb2cdab3e2dc5831d3591f1dab499ed0c22acc464195b09f37c2b3ac2cf?s=96&d=mm&r=g\",\"contentUrl\":\"https:\/\/secure.gravatar.com\/avatar\/41a78fb2cdab3e2dc5831d3591f1dab499ed0c22acc464195b09f37c2b3ac2cf?s=96&d=mm&r=g\",\"caption\":\"Miguel Ramirez\"},\"description\":\"Locutor y periodista digital y coach comunicaci\u00f3n\",\"sameAs\":[\"https:\/\/www.facebook.com\/share\/1HVE1qCqVk\/?mibextid=wwXIfr\"],\"url\":\"https:\/\/noti-america.com\/site\/repdom\/author\/mramirez\/\"}]}<\/script>\n<!-- \/ Yoast SEO Premium plugin. -->","yoast_head_json":{"title":"Lissette Selman condena extremismo de Hamas y rechaza respuesta de Israel en Gaza - Rep. Dominicana | Noti-America.com","robots":{"index":"index","follow":"follow","max-snippet":"max-snippet:-1","max-image-preview":"max-image-preview:large","max-video-preview":"max-video-preview:-1"},"canonical":"https:\/\/noti-america.com\/site\/repdom\/2024\/09\/16\/lissette-selman-condena-extremismo-de-hamas-y-rechaza-respuesta-de-israel-en-gaza-2\/","og_locale":"es_ES","og_type":"article","og_title":"Lissette Selman condena extremismo de Hamas y rechaza respuesta de Israel en Gaza","og_description":"&nbsp; La destacada comunicadora de origen palestino, Lissette Selman critic\u00f3 el conflicto b\u00e9lico que se vive entre Israel y Ham\u00e1s, al condenar las acciones extremistas del grupo terrorista y rechazar la respuesta que ella&#46;&#46;&#46;","og_url":"https:\/\/noti-america.com\/site\/repdom\/2024\/09\/16\/lissette-selman-condena-extremismo-de-hamas-y-rechaza-respuesta-de-israel-en-gaza-2\/","og_site_name":"Rep. Dominicana | Noti-America.com","article_author":"https:\/\/www.facebook.com\/share\/1HVE1qCqVk\/?mibextid=wwXIfr","article_published_time":"2024-09-16T16:08:53+00:00","og_image":[{"width":2560,"height":2560,"url":"https:\/\/noti-america.com\/site\/repdom\/wp-content\/uploads\/sites\/6\/2024\/09\/photo-output-4-scaled.jpeg","type":"image\/jpeg"}],"author":"Miguel Ramirez","twitter_card":"summary_large_image","twitter_misc":{"Escrito por":"Miguel Ramirez","Tiempo estimado de lectura":"4 minutos"},"schema":{"@context":"https:\/\/schema.org","@graph":[{"@type":"Article","@id":"https:\/\/noti-america.com\/site\/repdom\/2024\/09\/16\/lissette-selman-condena-extremismo-de-hamas-y-rechaza-respuesta-de-israel-en-gaza-2\/#article","isPartOf":{"@id":"https:\/\/noti-america.com\/site\/repdom\/2024\/09\/16\/lissette-selman-condena-extremismo-de-hamas-y-rechaza-respuesta-de-israel-en-gaza-2\/"},"author":{"name":"Miguel Ramirez","@id":"https:\/\/noti-america.com\/site\/repdom\/#\/schema\/person\/8027db7d71a0328e6e4474fa188c6fb3"},"headline":"Lissette Selman condena extremismo de Hamas y rechaza respuesta de Israel en Gaza","datePublished":"2024-09-16T16:08:53+00:00","mainEntityOfPage":{"@id":"https:\/\/noti-america.com\/site\/repdom\/2024\/09\/16\/lissette-selman-condena-extremismo-de-hamas-y-rechaza-respuesta-de-israel-en-gaza-2\/"},"wordCount":780,"commentCount":0,"publisher":{"@id":"https:\/\/noti-america.com\/site\/repdom\/#organization"},"image":{"@id":"https:\/\/noti-america.com\/site\/repdom\/2024\/09\/16\/lissette-selman-condena-extremismo-de-hamas-y-rechaza-respuesta-de-israel-en-gaza-2\/#primaryimage"},"thumbnailUrl":"https:\/\/noti-america.com\/site\/repdom\/wp-content\/uploads\/sites\/6\/2024\/09\/photo-output-4-scaled.jpeg","articleSection":["Actualidad"],"inLanguage":"es","potentialAction":[{"@type":"CommentAction","name":"Comment","target":["https:\/\/noti-america.com\/site\/repdom\/2024\/09\/16\/lissette-selman-condena-extremismo-de-hamas-y-rechaza-respuesta-de-israel-en-gaza-2\/#respond"]}]},{"@type":"WebPage","@id":"https:\/\/noti-america.com\/site\/repdom\/2024\/09\/16\/lissette-selman-condena-extremismo-de-hamas-y-rechaza-respuesta-de-israel-en-gaza-2\/","url":"https:\/\/noti-america.com\/site\/repdom\/2024\/09\/16\/lissette-selman-condena-extremismo-de-hamas-y-rechaza-respuesta-de-israel-en-gaza-2\/","name":"Lissette Selman condena extremismo de Hamas y rechaza respuesta de Israel en Gaza - Rep. Dominicana | Noti-America.com","isPartOf":{"@id":"https:\/\/noti-america.com\/site\/repdom\/#website"},"primaryImageOfPage":{"@id":"https:\/\/noti-america.com\/site\/repdom\/2024\/09\/16\/lissette-selman-condena-extremismo-de-hamas-y-rechaza-respuesta-de-israel-en-gaza-2\/#primaryimage"},"image":{"@id":"https:\/\/noti-america.com\/site\/repdom\/2024\/09\/16\/lissette-selman-condena-extremismo-de-hamas-y-rechaza-respuesta-de-israel-en-gaza-2\/#primaryimage"},"thumbnailUrl":"https:\/\/noti-america.com\/site\/repdom\/wp-content\/uploads\/sites\/6\/2024\/09\/photo-output-4-scaled.jpeg","datePublished":"2024-09-16T16:08:53+00:00","breadcrumb":{"@id":"https:\/\/noti-america.com\/site\/repdom\/2024\/09\/16\/lissette-selman-condena-extremismo-de-hamas-y-rechaza-respuesta-de-israel-en-gaza-2\/#breadcrumb"},"inLanguage":"es","potentialAction":[{"@type":"ReadAction","target":["https:\/\/noti-america.com\/site\/repdom\/2024\/09\/16\/lissette-selman-condena-extremismo-de-hamas-y-rechaza-respuesta-de-israel-en-gaza-2\/"]}]},{"@type":"ImageObject","inLanguage":"es","@id":"https:\/\/noti-america.com\/site\/repdom\/2024\/09\/16\/lissette-selman-condena-extremismo-de-hamas-y-rechaza-respuesta-de-israel-en-gaza-2\/#primaryimage","url":"https:\/\/noti-america.com\/site\/repdom\/wp-content\/uploads\/sites\/6\/2024\/09\/photo-output-4-scaled.jpeg","contentUrl":"https:\/\/noti-america.com\/site\/repdom\/wp-content\/uploads\/sites\/6\/2024\/09\/photo-output-4-scaled.jpeg","width":2560,"height":2560},{"@type":"BreadcrumbList","@id":"https:\/\/noti-america.com\/site\/repdom\/2024\/09\/16\/lissette-selman-condena-extremismo-de-hamas-y-rechaza-respuesta-de-israel-en-gaza-2\/#breadcrumb","itemListElement":[{"@type":"ListItem","position":1,"name":"Portada","item":"https:\/\/noti-america.com\/site\/repdom\/"},{"@type":"ListItem","position":2,"name":"Lissette Selman condena extremismo de Hamas y rechaza respuesta de Israel en Gaza"}]},{"@type":"WebSite","@id":"https:\/\/noti-america.com\/site\/repdom\/#website","url":"https:\/\/noti-america.com\/site\/repdom\/","name":"Rep. Dominicana | Noti-America.com","description":"","publisher":{"@id":"https:\/\/noti-america.com\/site\/repdom\/#organization"},"potentialAction":[{"@type":"SearchAction","target":{"@type":"EntryPoint","urlTemplate":"https:\/\/noti-america.com\/site\/repdom\/?s={search_term_string}"},"query-input":{"@type":"PropertyValueSpecification","valueRequired":true,"valueName":"search_term_string"}}],"inLanguage":"es"},{"@type":"Organization","@id":"https:\/\/noti-america.com\/site\/repdom\/#organization","name":"Noti-America LLC | Rep\u00fablica Dominicana","url":"https:\/\/noti-america.com\/site\/repdom\/","logo":{"@type":"ImageObject","inLanguage":"es","@id":"https:\/\/noti-america.com\/site\/repdom\/#\/schema\/logo\/image\/","url":"https:\/\/noti-america.com\/site\/repdom\/wp-content\/uploads\/sites\/6\/2020\/07\/LogoNA-4x3-1.jpg","contentUrl":"https:\/\/noti-america.com\/site\/repdom\/wp-content\/uploads\/sites\/6\/2020\/07\/LogoNA-4x3-1.jpg","width":1236,"height":1080,"caption":"Noti-America LLC | Rep\u00fablica Dominicana"},"image":{"@id":"https:\/\/noti-america.com\/site\/repdom\/#\/schema\/logo\/image\/"}},{"@type":"Person","@id":"https:\/\/noti-america.com\/site\/repdom\/#\/schema\/person\/8027db7d71a0328e6e4474fa188c6fb3","name":"Miguel Ramirez","image":{"@type":"ImageObject","inLanguage":"es","@id":"https:\/\/secure.gravatar.com\/avatar\/41a78fb2cdab3e2dc5831d3591f1dab499ed0c22acc464195b09f37c2b3ac2cf?s=96&d=mm&r=g","url":"https:\/\/secure.gravatar.com\/avatar\/41a78fb2cdab3e2dc5831d3591f1dab499ed0c22acc464195b09f37c2b3ac2cf?s=96&d=mm&r=g","contentUrl":"https:\/\/secure.gravatar.com\/avatar\/41a78fb2cdab3e2dc5831d3591f1dab499ed0c22acc464195b09f37c2b3ac2cf?s=96&d=mm&r=g","caption":"Miguel Ramirez"},"description":"Locutor y periodista digital y coach comunicaci\u00f3n","sameAs":["https:\/\/www.facebook.com\/share\/1HVE1qCqVk\/?mibextid=wwXIfr"],"url":"https:\/\/noti-america.com\/site\/repdom\/author\/mramirez\/"}]}},"_links":{"self":[{"href":"https:\/\/noti-america.com\/site\/repdom\/wp-json\/wp\/v2\/posts\/29499","targetHints":{"allow":["GET"]}}],"collection":[{"href":"https:\/\/noti-america.com\/site\/repdom\/wp-json\/wp\/v2\/posts"}],"about":[{"href":"https:\/\/noti-america.com\/site\/repdom\/wp-json\/wp\/v2\/types\/post"}],"author":[{"embeddable":true,"href":"https:\/\/noti-america.com\/site\/repdom\/wp-json\/wp\/v2\/users\/96"}],"replies":[{"embeddable":true,"href":"https:\/\/noti-america.com\/site\/repdom\/wp-json\/wp\/v2\/comments?post=29499"}],"version-history":[{"count":0,"href":"https:\/\/noti-america.com\/site\/repdom\/wp-json\/wp\/v2\/posts\/29499\/revisions"}],"wp:featuredmedia":[{"embeddable":true,"href":"https:\/\/noti-america.com\/site\/repdom\/wp-json\/wp\/v2\/media\/29500"}],"wp:attachment":[{"href":"https:\/\/noti-america.com\/site\/repdom\/wp-json\/wp\/v2\/media?parent=29499"}],"wp:term":[{"taxonomy":"category","embeddable":true,"href":"https:\/\/noti-america.com\/site\/repdom\/wp-json\/wp\/v2\/categories?post=29499"},{"taxonomy":"post_tag","embeddable":true,"href":"https:\/\/noti-america.com\/site\/repdom\/wp-json\/wp\/v2\/tags?post=29499"}],"curies":[{"name":"wp","href":"https:\/\/api.w.org\/{rel}","templated":true}]}}