{"id":29377,"date":"2024-09-06T11:07:41","date_gmt":"2024-09-06T11:07:41","guid":{"rendered":"https:\/\/noti-america.com\/site\/repdom\/?p=29377"},"modified":"2024-09-06T11:07:41","modified_gmt":"2024-09-06T11:07:41","slug":"transporte-vargas-un-emprendimiento-que-inspira","status":"publish","type":"post","link":"https:\/\/noti-america.com\/site\/repdom\/2024\/09\/06\/transporte-vargas-un-emprendimiento-que-inspira\/","title":{"rendered":"Transporte Vargas \u201cun emprendimiento que inspira"},"content":{"rendered":"<p><img loading=\"lazy\" decoding=\"async\" class=\"alignnone size-medium wp-image-29378\" src=\"https:\/\/noti-america.com\/site\/repdom\/wp-content\/uploads\/sites\/6\/2024\/09\/f9221dc8-8b55-4192-a706-43d90d5290cb-300x190.jpeg\" alt=\"\" width=\"300\" height=\"190\" srcset=\"https:\/\/noti-america.com\/site\/repdom\/wp-content\/uploads\/sites\/6\/2024\/09\/f9221dc8-8b55-4192-a706-43d90d5290cb-300x190.jpeg 300w, https:\/\/noti-america.com\/site\/repdom\/wp-content\/uploads\/sites\/6\/2024\/09\/f9221dc8-8b55-4192-a706-43d90d5290cb-1024x649.jpeg 1024w, https:\/\/noti-america.com\/site\/repdom\/wp-content\/uploads\/sites\/6\/2024\/09\/f9221dc8-8b55-4192-a706-43d90d5290cb-768x487.jpeg 768w, https:\/\/noti-america.com\/site\/repdom\/wp-content\/uploads\/sites\/6\/2024\/09\/f9221dc8-8b55-4192-a706-43d90d5290cb-1536x973.jpeg 1536w, https:\/\/noti-america.com\/site\/repdom\/wp-content\/uploads\/sites\/6\/2024\/09\/f9221dc8-8b55-4192-a706-43d90d5290cb.jpeg 1564w\" sizes=\"auto, (max-width: 300px) 100vw, 300px\" \/><\/p>\n<p>\u00c9l es un hombre visionario que con su emprendimiento nos lleva a cualquier parte del pa\u00eds para conocer y disfrutar a trav\u00e9s de su gran servicio de transporte.<\/p>\n<p>Aneudis Vargas Lantiguas un gran emprendedor criado en el km 14 de la autopista Duarte sector la ci\u00e9nega que demuestra que con determinaci\u00f3n y enfoque se puede lograr cualquier emprendimiento que nos pongamos como metas.<\/p>\n<p><img loading=\"lazy\" decoding=\"async\" class=\"alignnone size-medium wp-image-29379\" src=\"https:\/\/noti-america.com\/site\/repdom\/wp-content\/uploads\/sites\/6\/2024\/09\/4aadf988-e72b-4ee1-b8b6-1efc75b1680c-278x300.jpeg\" alt=\"\" width=\"278\" height=\"300\" srcset=\"https:\/\/noti-america.com\/site\/repdom\/wp-content\/uploads\/sites\/6\/2024\/09\/4aadf988-e72b-4ee1-b8b6-1efc75b1680c-278x300.jpeg 278w, https:\/\/noti-america.com\/site\/repdom\/wp-content\/uploads\/sites\/6\/2024\/09\/4aadf988-e72b-4ee1-b8b6-1efc75b1680c.jpeg 632w\" sizes=\"auto, (max-width: 278px) 100vw, 278px\" \/><\/p>\n<p>Nominado a los premios Crecer 2024<\/p>\n<p>Destacar siempre de ni\u00f1o sinti\u00f3 la determinaci\u00f3n de emprender, trabajo como ch\u00f3fer en la fundaci\u00f3n sur futuro y a partir de ese empleo surge su determinaci\u00f3n para un emprendimiento.En la actualidad \u201cTransporte Vargas\u201d es su meta de emprender hecha realidad.<\/p>\n<p>Adem\u00e1s como todo comienzo ha tenido momentos dif\u00edciles porque es un negocio muy dif\u00edcil de emprender, ya que vivimos en un pa\u00eds que para poder tener un contrato debe tener una relaci\u00f3n y por eso el camino se pone dif\u00edcil.<\/p>\n<p>Un gran ejemplo de superaci\u00f3n que motiva con su ejemplo a nuevos emprendedores que no se rindan, que luchen por sus sue\u00f1os hasta lograrlo ,que los pensamientos negativos lo saquen de su cabeza y no tengan miedo a emprender.Pongan todo en manos de Dios sin miedo al \u00e9xito.<\/p>\n<p><span>.<\/span><\/p>\n","protected":false},"excerpt":{"rendered":"<p>\u00c9l es un hombre visionario que con su emprendimiento nos lleva a cualquier parte del pa\u00eds para conocer y disfrutar a trav\u00e9s de su gran servicio de transporte. Aneudis Vargas Lantiguas un gran emprendedor&#46;&#46;&#46;<\/p>\n","protected":false},"author":96,"featured_media":29378,"comment_status":"open","ping_status":"open","sticky":false,"template":"","format":"standard","meta":{"_acf_changed":false,"rop_custom_images_group":[],"rop_custom_messages_group":[],"rop_publish_now":"initial","rop_publish_now_accounts":[],"rop_publish_now_history":[],"rop_publish_now_status":"pending","footnotes":""},"categories":[162],"tags":[],"class_list":["post-29377","post","type-post","status-publish","format-standard","has-post-thumbnail","hentry","category-emprendimiento"],"acf":[],"yoast_head":"<!-- This site is optimized with the Yoast SEO Premium plugin v24.9 (Yoast SEO v27.2) - https:\/\/yoast.com\/product\/yoast-seo-premium-wordpress\/ -->\n<title>Transporte Vargas \u201cun emprendimiento que inspira - Rep. Dominicana | Noti-America.com<\/title>\n<meta name=\"robots\" content=\"index, follow, max-snippet:-1, max-image-preview:large, max-video-preview:-1\" \/>\n<link rel=\"canonical\" href=\"https:\/\/noti-america.com\/site\/repdom\/2024\/09\/06\/transporte-vargas-un-emprendimiento-que-inspira\/\" \/>\n<meta property=\"og:locale\" content=\"es_ES\" \/>\n<meta property=\"og:type\" content=\"article\" \/>\n<meta property=\"og:title\" content=\"Transporte Vargas \u201cun emprendimiento que inspira\" \/>\n<meta property=\"og:description\" content=\"\u00c9l es un hombre visionario que con su emprendimiento nos lleva a cualquier parte del pa\u00eds para conocer y disfrutar a trav\u00e9s de su gran servicio de transporte. Aneudis Vargas Lantiguas un gran emprendedor&#046;&#046;&#046;\" \/>\n<meta property=\"og:url\" content=\"https:\/\/noti-america.com\/site\/repdom\/2024\/09\/06\/transporte-vargas-un-emprendimiento-que-inspira\/\" \/>\n<meta property=\"og:site_name\" content=\"Rep. Dominicana | Noti-America.com\" \/>\n<meta property=\"article:author\" content=\"https:\/\/www.facebook.com\/share\/1HVE1qCqVk\/?mibextid=wwXIfr\" \/>\n<meta property=\"article:published_time\" content=\"2024-09-06T11:07:41+00:00\" \/>\n<meta property=\"og:image\" content=\"https:\/\/noti-america.com\/site\/repdom\/wp-content\/uploads\/sites\/6\/2024\/09\/f9221dc8-8b55-4192-a706-43d90d5290cb.jpeg\" \/>\n\t<meta property=\"og:image:width\" content=\"1564\" \/>\n\t<meta property=\"og:image:height\" content=\"991\" \/>\n\t<meta property=\"og:image:type\" content=\"image\/jpeg\" \/>\n<meta name=\"author\" content=\"Miguel Ramirez\" \/>\n<meta name=\"twitter:card\" content=\"summary_large_image\" \/>\n<meta name=\"twitter:label1\" content=\"Escrito por\" \/>\n\t<meta name=\"twitter:data1\" content=\"Miguel Ramirez\" \/>\n\t<meta name=\"twitter:label2\" content=\"Tiempo estimado de lectura\" \/>\n\t<meta name=\"twitter:data2\" content=\"2 minutos\" \/>\n<script type=\"application\/ld+json\" class=\"yoast-schema-graph\">{\"@context\":\"https:\/\/schema.org\",\"@graph\":[{\"@type\":\"Article\",\"@id\":\"https:\/\/noti-america.com\/site\/repdom\/2024\/09\/06\/transporte-vargas-un-emprendimiento-que-inspira\/#article\",\"isPartOf\":{\"@id\":\"https:\/\/noti-america.com\/site\/repdom\/2024\/09\/06\/transporte-vargas-un-emprendimiento-que-inspira\/\"},\"author\":{\"name\":\"Miguel Ramirez\",\"@id\":\"https:\/\/noti-america.com\/site\/repdom\/#\/schema\/person\/8027db7d71a0328e6e4474fa188c6fb3\"},\"headline\":\"Transporte Vargas \u201cun emprendimiento que inspira\",\"datePublished\":\"2024-09-06T11:07:41+00:00\",\"mainEntityOfPage\":{\"@id\":\"https:\/\/noti-america.com\/site\/repdom\/2024\/09\/06\/transporte-vargas-un-emprendimiento-que-inspira\/\"},\"wordCount\":220,\"commentCount\":0,\"publisher\":{\"@id\":\"https:\/\/noti-america.com\/site\/repdom\/#organization\"},\"image\":{\"@id\":\"https:\/\/noti-america.com\/site\/repdom\/2024\/09\/06\/transporte-vargas-un-emprendimiento-que-inspira\/#primaryimage\"},\"thumbnailUrl\":\"https:\/\/noti-america.com\/site\/repdom\/wp-content\/uploads\/sites\/6\/2024\/09\/f9221dc8-8b55-4192-a706-43d90d5290cb.jpeg\",\"articleSection\":[\"Emprendimiento\"],\"inLanguage\":\"es\",\"potentialAction\":[{\"@type\":\"CommentAction\",\"name\":\"Comment\",\"target\":[\"https:\/\/noti-america.com\/site\/repdom\/2024\/09\/06\/transporte-vargas-un-emprendimiento-que-inspira\/#respond\"]}]},{\"@type\":\"WebPage\",\"@id\":\"https:\/\/noti-america.com\/site\/repdom\/2024\/09\/06\/transporte-vargas-un-emprendimiento-que-inspira\/\",\"url\":\"https:\/\/noti-america.com\/site\/repdom\/2024\/09\/06\/transporte-vargas-un-emprendimiento-que-inspira\/\",\"name\":\"Transporte Vargas \u201cun emprendimiento que inspira - Rep. Dominicana | Noti-America.com\",\"isPartOf\":{\"@id\":\"https:\/\/noti-america.com\/site\/repdom\/#website\"},\"primaryImageOfPage\":{\"@id\":\"https:\/\/noti-america.com\/site\/repdom\/2024\/09\/06\/transporte-vargas-un-emprendimiento-que-inspira\/#primaryimage\"},\"image\":{\"@id\":\"https:\/\/noti-america.com\/site\/repdom\/2024\/09\/06\/transporte-vargas-un-emprendimiento-que-inspira\/#primaryimage\"},\"thumbnailUrl\":\"https:\/\/noti-america.com\/site\/repdom\/wp-content\/uploads\/sites\/6\/2024\/09\/f9221dc8-8b55-4192-a706-43d90d5290cb.jpeg\",\"datePublished\":\"2024-09-06T11:07:41+00:00\",\"breadcrumb\":{\"@id\":\"https:\/\/noti-america.com\/site\/repdom\/2024\/09\/06\/transporte-vargas-un-emprendimiento-que-inspira\/#breadcrumb\"},\"inLanguage\":\"es\",\"potentialAction\":[{\"@type\":\"ReadAction\",\"target\":[\"https:\/\/noti-america.com\/site\/repdom\/2024\/09\/06\/transporte-vargas-un-emprendimiento-que-inspira\/\"]}]},{\"@type\":\"ImageObject\",\"inLanguage\":\"es\",\"@id\":\"https:\/\/noti-america.com\/site\/repdom\/2024\/09\/06\/transporte-vargas-un-emprendimiento-que-inspira\/#primaryimage\",\"url\":\"https:\/\/noti-america.com\/site\/repdom\/wp-content\/uploads\/sites\/6\/2024\/09\/f9221dc8-8b55-4192-a706-43d90d5290cb.jpeg\",\"contentUrl\":\"https:\/\/noti-america.com\/site\/repdom\/wp-content\/uploads\/sites\/6\/2024\/09\/f9221dc8-8b55-4192-a706-43d90d5290cb.jpeg\",\"width\":1564,\"height\":991},{\"@type\":\"BreadcrumbList\",\"@id\":\"https:\/\/noti-america.com\/site\/repdom\/2024\/09\/06\/transporte-vargas-un-emprendimiento-que-inspira\/#breadcrumb\",\"itemListElement\":[{\"@type\":\"ListItem\",\"position\":1,\"name\":\"Portada\",\"item\":\"https:\/\/noti-america.com\/site\/repdom\/\"},{\"@type\":\"ListItem\",\"position\":2,\"name\":\"Transporte Vargas \u201cun emprendimiento que inspira\"}]},{\"@type\":\"WebSite\",\"@id\":\"https:\/\/noti-america.com\/site\/repdom\/#website\",\"url\":\"https:\/\/noti-america.com\/site\/repdom\/\",\"name\":\"Rep. Dominicana | Noti-America.com\",\"description\":\"\",\"publisher\":{\"@id\":\"https:\/\/noti-america.com\/site\/repdom\/#organization\"},\"potentialAction\":[{\"@type\":\"SearchAction\",\"target\":{\"@type\":\"EntryPoint\",\"urlTemplate\":\"https:\/\/noti-america.com\/site\/repdom\/?s={search_term_string}\"},\"query-input\":{\"@type\":\"PropertyValueSpecification\",\"valueRequired\":true,\"valueName\":\"search_term_string\"}}],\"inLanguage\":\"es\"},{\"@type\":\"Organization\",\"@id\":\"https:\/\/noti-america.com\/site\/repdom\/#organization\",\"name\":\"Noti-America LLC | Rep\u00fablica Dominicana\",\"url\":\"https:\/\/noti-america.com\/site\/repdom\/\",\"logo\":{\"@type\":\"ImageObject\",\"inLanguage\":\"es\",\"@id\":\"https:\/\/noti-america.com\/site\/repdom\/#\/schema\/logo\/image\/\",\"url\":\"https:\/\/noti-america.com\/site\/repdom\/wp-content\/uploads\/sites\/6\/2020\/07\/LogoNA-4x3-1.jpg\",\"contentUrl\":\"https:\/\/noti-america.com\/site\/repdom\/wp-content\/uploads\/sites\/6\/2020\/07\/LogoNA-4x3-1.jpg\",\"width\":1236,\"height\":1080,\"caption\":\"Noti-America LLC | Rep\u00fablica Dominicana\"},\"image\":{\"@id\":\"https:\/\/noti-america.com\/site\/repdom\/#\/schema\/logo\/image\/\"}},{\"@type\":\"Person\",\"@id\":\"https:\/\/noti-america.com\/site\/repdom\/#\/schema\/person\/8027db7d71a0328e6e4474fa188c6fb3\",\"name\":\"Miguel Ramirez\",\"image\":{\"@type\":\"ImageObject\",\"inLanguage\":\"es\",\"@id\":\"https:\/\/secure.gravatar.com\/avatar\/41a78fb2cdab3e2dc5831d3591f1dab499ed0c22acc464195b09f37c2b3ac2cf?s=96&d=mm&r=g\",\"url\":\"https:\/\/secure.gravatar.com\/avatar\/41a78fb2cdab3e2dc5831d3591f1dab499ed0c22acc464195b09f37c2b3ac2cf?s=96&d=mm&r=g\",\"contentUrl\":\"https:\/\/secure.gravatar.com\/avatar\/41a78fb2cdab3e2dc5831d3591f1dab499ed0c22acc464195b09f37c2b3ac2cf?s=96&d=mm&r=g\",\"caption\":\"Miguel Ramirez\"},\"description\":\"Locutor y periodista digital y coach comunicaci\u00f3n\",\"sameAs\":[\"https:\/\/www.facebook.com\/share\/1HVE1qCqVk\/?mibextid=wwXIfr\"],\"url\":\"https:\/\/noti-america.com\/site\/repdom\/author\/mramirez\/\"}]}<\/script>\n<!-- \/ Yoast SEO Premium plugin. -->","yoast_head_json":{"title":"Transporte Vargas \u201cun emprendimiento que inspira - Rep. Dominicana | Noti-America.com","robots":{"index":"index","follow":"follow","max-snippet":"max-snippet:-1","max-image-preview":"max-image-preview:large","max-video-preview":"max-video-preview:-1"},"canonical":"https:\/\/noti-america.com\/site\/repdom\/2024\/09\/06\/transporte-vargas-un-emprendimiento-que-inspira\/","og_locale":"es_ES","og_type":"article","og_title":"Transporte Vargas \u201cun emprendimiento que inspira","og_description":"\u00c9l es un hombre visionario que con su emprendimiento nos lleva a cualquier parte del pa\u00eds para conocer y disfrutar a trav\u00e9s de su gran servicio de transporte. Aneudis Vargas Lantiguas un gran emprendedor&#46;&#46;&#46;","og_url":"https:\/\/noti-america.com\/site\/repdom\/2024\/09\/06\/transporte-vargas-un-emprendimiento-que-inspira\/","og_site_name":"Rep. Dominicana | Noti-America.com","article_author":"https:\/\/www.facebook.com\/share\/1HVE1qCqVk\/?mibextid=wwXIfr","article_published_time":"2024-09-06T11:07:41+00:00","og_image":[{"width":1564,"height":991,"url":"https:\/\/noti-america.com\/site\/repdom\/wp-content\/uploads\/sites\/6\/2024\/09\/f9221dc8-8b55-4192-a706-43d90d5290cb.jpeg","type":"image\/jpeg"}],"author":"Miguel Ramirez","twitter_card":"summary_large_image","twitter_misc":{"Escrito por":"Miguel Ramirez","Tiempo estimado de lectura":"2 minutos"},"schema":{"@context":"https:\/\/schema.org","@graph":[{"@type":"Article","@id":"https:\/\/noti-america.com\/site\/repdom\/2024\/09\/06\/transporte-vargas-un-emprendimiento-que-inspira\/#article","isPartOf":{"@id":"https:\/\/noti-america.com\/site\/repdom\/2024\/09\/06\/transporte-vargas-un-emprendimiento-que-inspira\/"},"author":{"name":"Miguel Ramirez","@id":"https:\/\/noti-america.com\/site\/repdom\/#\/schema\/person\/8027db7d71a0328e6e4474fa188c6fb3"},"headline":"Transporte Vargas \u201cun emprendimiento que inspira","datePublished":"2024-09-06T11:07:41+00:00","mainEntityOfPage":{"@id":"https:\/\/noti-america.com\/site\/repdom\/2024\/09\/06\/transporte-vargas-un-emprendimiento-que-inspira\/"},"wordCount":220,"commentCount":0,"publisher":{"@id":"https:\/\/noti-america.com\/site\/repdom\/#organization"},"image":{"@id":"https:\/\/noti-america.com\/site\/repdom\/2024\/09\/06\/transporte-vargas-un-emprendimiento-que-inspira\/#primaryimage"},"thumbnailUrl":"https:\/\/noti-america.com\/site\/repdom\/wp-content\/uploads\/sites\/6\/2024\/09\/f9221dc8-8b55-4192-a706-43d90d5290cb.jpeg","articleSection":["Emprendimiento"],"inLanguage":"es","potentialAction":[{"@type":"CommentAction","name":"Comment","target":["https:\/\/noti-america.com\/site\/repdom\/2024\/09\/06\/transporte-vargas-un-emprendimiento-que-inspira\/#respond"]}]},{"@type":"WebPage","@id":"https:\/\/noti-america.com\/site\/repdom\/2024\/09\/06\/transporte-vargas-un-emprendimiento-que-inspira\/","url":"https:\/\/noti-america.com\/site\/repdom\/2024\/09\/06\/transporte-vargas-un-emprendimiento-que-inspira\/","name":"Transporte Vargas \u201cun emprendimiento que inspira - Rep. Dominicana | Noti-America.com","isPartOf":{"@id":"https:\/\/noti-america.com\/site\/repdom\/#website"},"primaryImageOfPage":{"@id":"https:\/\/noti-america.com\/site\/repdom\/2024\/09\/06\/transporte-vargas-un-emprendimiento-que-inspira\/#primaryimage"},"image":{"@id":"https:\/\/noti-america.com\/site\/repdom\/2024\/09\/06\/transporte-vargas-un-emprendimiento-que-inspira\/#primaryimage"},"thumbnailUrl":"https:\/\/noti-america.com\/site\/repdom\/wp-content\/uploads\/sites\/6\/2024\/09\/f9221dc8-8b55-4192-a706-43d90d5290cb.jpeg","datePublished":"2024-09-06T11:07:41+00:00","breadcrumb":{"@id":"https:\/\/noti-america.com\/site\/repdom\/2024\/09\/06\/transporte-vargas-un-emprendimiento-que-inspira\/#breadcrumb"},"inLanguage":"es","potentialAction":[{"@type":"ReadAction","target":["https:\/\/noti-america.com\/site\/repdom\/2024\/09\/06\/transporte-vargas-un-emprendimiento-que-inspira\/"]}]},{"@type":"ImageObject","inLanguage":"es","@id":"https:\/\/noti-america.com\/site\/repdom\/2024\/09\/06\/transporte-vargas-un-emprendimiento-que-inspira\/#primaryimage","url":"https:\/\/noti-america.com\/site\/repdom\/wp-content\/uploads\/sites\/6\/2024\/09\/f9221dc8-8b55-4192-a706-43d90d5290cb.jpeg","contentUrl":"https:\/\/noti-america.com\/site\/repdom\/wp-content\/uploads\/sites\/6\/2024\/09\/f9221dc8-8b55-4192-a706-43d90d5290cb.jpeg","width":1564,"height":991},{"@type":"BreadcrumbList","@id":"https:\/\/noti-america.com\/site\/repdom\/2024\/09\/06\/transporte-vargas-un-emprendimiento-que-inspira\/#breadcrumb","itemListElement":[{"@type":"ListItem","position":1,"name":"Portada","item":"https:\/\/noti-america.com\/site\/repdom\/"},{"@type":"ListItem","position":2,"name":"Transporte Vargas \u201cun emprendimiento que inspira"}]},{"@type":"WebSite","@id":"https:\/\/noti-america.com\/site\/repdom\/#website","url":"https:\/\/noti-america.com\/site\/repdom\/","name":"Rep. Dominicana | Noti-America.com","description":"","publisher":{"@id":"https:\/\/noti-america.com\/site\/repdom\/#organization"},"potentialAction":[{"@type":"SearchAction","target":{"@type":"EntryPoint","urlTemplate":"https:\/\/noti-america.com\/site\/repdom\/?s={search_term_string}"},"query-input":{"@type":"PropertyValueSpecification","valueRequired":true,"valueName":"search_term_string"}}],"inLanguage":"es"},{"@type":"Organization","@id":"https:\/\/noti-america.com\/site\/repdom\/#organization","name":"Noti-America LLC | Rep\u00fablica Dominicana","url":"https:\/\/noti-america.com\/site\/repdom\/","logo":{"@type":"ImageObject","inLanguage":"es","@id":"https:\/\/noti-america.com\/site\/repdom\/#\/schema\/logo\/image\/","url":"https:\/\/noti-america.com\/site\/repdom\/wp-content\/uploads\/sites\/6\/2020\/07\/LogoNA-4x3-1.jpg","contentUrl":"https:\/\/noti-america.com\/site\/repdom\/wp-content\/uploads\/sites\/6\/2020\/07\/LogoNA-4x3-1.jpg","width":1236,"height":1080,"caption":"Noti-America LLC | Rep\u00fablica Dominicana"},"image":{"@id":"https:\/\/noti-america.com\/site\/repdom\/#\/schema\/logo\/image\/"}},{"@type":"Person","@id":"https:\/\/noti-america.com\/site\/repdom\/#\/schema\/person\/8027db7d71a0328e6e4474fa188c6fb3","name":"Miguel Ramirez","image":{"@type":"ImageObject","inLanguage":"es","@id":"https:\/\/secure.gravatar.com\/avatar\/41a78fb2cdab3e2dc5831d3591f1dab499ed0c22acc464195b09f37c2b3ac2cf?s=96&d=mm&r=g","url":"https:\/\/secure.gravatar.com\/avatar\/41a78fb2cdab3e2dc5831d3591f1dab499ed0c22acc464195b09f37c2b3ac2cf?s=96&d=mm&r=g","contentUrl":"https:\/\/secure.gravatar.com\/avatar\/41a78fb2cdab3e2dc5831d3591f1dab499ed0c22acc464195b09f37c2b3ac2cf?s=96&d=mm&r=g","caption":"Miguel Ramirez"},"description":"Locutor y periodista digital y coach comunicaci\u00f3n","sameAs":["https:\/\/www.facebook.com\/share\/1HVE1qCqVk\/?mibextid=wwXIfr"],"url":"https:\/\/noti-america.com\/site\/repdom\/author\/mramirez\/"}]}},"_links":{"self":[{"href":"https:\/\/noti-america.com\/site\/repdom\/wp-json\/wp\/v2\/posts\/29377","targetHints":{"allow":["GET"]}}],"collection":[{"href":"https:\/\/noti-america.com\/site\/repdom\/wp-json\/wp\/v2\/posts"}],"about":[{"href":"https:\/\/noti-america.com\/site\/repdom\/wp-json\/wp\/v2\/types\/post"}],"author":[{"embeddable":true,"href":"https:\/\/noti-america.com\/site\/repdom\/wp-json\/wp\/v2\/users\/96"}],"replies":[{"embeddable":true,"href":"https:\/\/noti-america.com\/site\/repdom\/wp-json\/wp\/v2\/comments?post=29377"}],"version-history":[{"count":1,"href":"https:\/\/noti-america.com\/site\/repdom\/wp-json\/wp\/v2\/posts\/29377\/revisions"}],"predecessor-version":[{"id":29382,"href":"https:\/\/noti-america.com\/site\/repdom\/wp-json\/wp\/v2\/posts\/29377\/revisions\/29382"}],"wp:featuredmedia":[{"embeddable":true,"href":"https:\/\/noti-america.com\/site\/repdom\/wp-json\/wp\/v2\/media\/29378"}],"wp:attachment":[{"href":"https:\/\/noti-america.com\/site\/repdom\/wp-json\/wp\/v2\/media?parent=29377"}],"wp:term":[{"taxonomy":"category","embeddable":true,"href":"https:\/\/noti-america.com\/site\/repdom\/wp-json\/wp\/v2\/categories?post=29377"},{"taxonomy":"post_tag","embeddable":true,"href":"https:\/\/noti-america.com\/site\/repdom\/wp-json\/wp\/v2\/tags?post=29377"}],"curies":[{"name":"wp","href":"https:\/\/api.w.org\/{rel}","templated":true}]}}