{"id":28959,"date":"2024-08-06T01:46:12","date_gmt":"2024-08-06T01:46:12","guid":{"rendered":"https:\/\/noti-america.com\/site\/repdom\/2024\/08\/06\/venezuela-cambio-despues-de-las-elecciones-del-28j-segun-analistas-dominicanos-2\/"},"modified":"2024-08-06T01:46:12","modified_gmt":"2024-08-06T01:46:12","slug":"venezuela-cambio-despues-de-las-elecciones-del-28j-segun-analistas-dominicanos-2","status":"publish","type":"post","link":"https:\/\/noti-america.com\/site\/repdom\/2024\/08\/06\/venezuela-cambio-despues-de-las-elecciones-del-28j-segun-analistas-dominicanos-2\/","title":{"rendered":"Venezuela cambi\u00f3 despu\u00e9s de las elecciones del 28J, seg\u00fan analistas dominicanos"},"content":{"rendered":"<p><img loading=\"lazy\" decoding=\"async\" class=\"alignnone size-medium wp-image-28956\" src=\"https:\/\/noti-america.com\/site\/repdom\/wp-content\/uploads\/sites\/6\/2024\/08\/d7d3d97e-1cf4-4291-8087-d3058b425559-300x158.jpeg\" alt=\"\" width=\"300\" height=\"158\" srcset=\"https:\/\/noti-america.com\/site\/repdom\/wp-content\/uploads\/sites\/6\/2024\/08\/d7d3d97e-1cf4-4291-8087-d3058b425559-300x158.jpeg 300w, https:\/\/noti-america.com\/site\/repdom\/wp-content\/uploads\/sites\/6\/2024\/08\/d7d3d97e-1cf4-4291-8087-d3058b425559-1024x538.jpeg 1024w, https:\/\/noti-america.com\/site\/repdom\/wp-content\/uploads\/sites\/6\/2024\/08\/d7d3d97e-1cf4-4291-8087-d3058b425559-768x403.jpeg 768w, https:\/\/noti-america.com\/site\/repdom\/wp-content\/uploads\/sites\/6\/2024\/08\/d7d3d97e-1cf4-4291-8087-d3058b425559-1536x806.jpeg 1536w, https:\/\/noti-america.com\/site\/repdom\/wp-content\/uploads\/sites\/6\/2024\/08\/d7d3d97e-1cf4-4291-8087-d3058b425559.jpeg 1600w\" sizes=\"auto, (max-width: 300px) 100vw, 300px\" \/><\/p>\n<p>Los analistas y especialista en relaciones pol\u00edticas Jatzel Rom\u00e1n y Nelson Espinal B\u00e1ez aseguraron que tras las elecciones presidenciales ocurridas en Venezuela el pasado 28 de julio, esta naci\u00f3n no volver\u00e1 hacer la misma, creen que el cambio en Venezuela es inevitable.<\/p>\n<p>\u201cEn Venezuela se inicia la transici\u00f3n porque son muchas las condiciones que ya est\u00e1n dadas, entre ellas el hartazgo de pueblo venezolano, que est\u00e1 cansado, est\u00e1 agotado de este r\u00e9gimen empobrecedor, destructor de la prosperidad, de la paz y del bienestar de los venezolanos, afirm\u00f3 Nelson Espinal.<\/p>\n<p><img loading=\"lazy\" decoding=\"async\" class=\"alignnone size-medium wp-image-28957\" src=\"https:\/\/noti-america.com\/site\/repdom\/wp-content\/uploads\/sites\/6\/2024\/08\/c74e4f3b-c6f9-45fb-8a99-cc3e9fb97cb9-247x300.jpeg\" alt=\"\" width=\"247\" height=\"300\" srcset=\"https:\/\/noti-america.com\/site\/repdom\/wp-content\/uploads\/sites\/6\/2024\/08\/c74e4f3b-c6f9-45fb-8a99-cc3e9fb97cb9-247x300.jpeg 247w, https:\/\/noti-america.com\/site\/repdom\/wp-content\/uploads\/sites\/6\/2024\/08\/c74e4f3b-c6f9-45fb-8a99-cc3e9fb97cb9-842x1024.jpeg 842w, https:\/\/noti-america.com\/site\/repdom\/wp-content\/uploads\/sites\/6\/2024\/08\/c74e4f3b-c6f9-45fb-8a99-cc3e9fb97cb9-768x934.jpeg 768w, https:\/\/noti-america.com\/site\/repdom\/wp-content\/uploads\/sites\/6\/2024\/08\/c74e4f3b-c6f9-45fb-8a99-cc3e9fb97cb9.jpeg 1066w\" sizes=\"auto, (max-width: 247px) 100vw, 247px\" \/><\/p>\n<p>Otro punto que habla del cambio en este pa\u00eds suramericano es el diagn\u00f3stico que hicieron los observadores electorales internacionales como el Centro Carter que asegur\u00f3 que en Venezuela las elecciones no fueron democr\u00e1ticas, explicaron los expertos en la entrevista realizada por la periodista Katherine Hern\u00e1ndez en su programa \u201cSiendo Honestos\u201d, que es transmitido los domingos a las 10 de la noche por CDN canal 37.<\/p>\n<p>Durante la conversaci\u00f3n Jatzel Rom\u00e1n afirm\u00f3 que, \u201cah\u00ed no hubo observaci\u00f3n porque ellos hablan de 603 acreditados, pero el 98% de estos eran acompa\u00f1antes pol\u00edticos del r\u00e9gimen, como son: el Foro de Sao Paulo, El Grupo de Puebla, El Alba y dem\u00e1s. Solamente el Centro Carter ten\u00eda el aval de emitir opiniones basado en lo t\u00e9cnico, por eso le termin\u00f3 saliendo el tiro por la culata, porque pensaron que el Centro Carter iba hacer timorato y finalmente termin\u00f3 diciendo que eran elecciones sin integridad que no eran democr\u00e1ticas\u201d.<\/p>\n<p><img loading=\"lazy\" decoding=\"async\" class=\"alignnone size-medium wp-image-28958\" src=\"https:\/\/noti-america.com\/site\/repdom\/wp-content\/uploads\/sites\/6\/2024\/08\/7279510c-ae3d-4b54-aa58-18a2876728a0-259x300.jpeg\" alt=\"\" width=\"259\" height=\"300\" srcset=\"https:\/\/noti-america.com\/site\/repdom\/wp-content\/uploads\/sites\/6\/2024\/08\/7279510c-ae3d-4b54-aa58-18a2876728a0-259x300.jpeg 259w, https:\/\/noti-america.com\/site\/repdom\/wp-content\/uploads\/sites\/6\/2024\/08\/7279510c-ae3d-4b54-aa58-18a2876728a0-885x1024.jpeg 885w, https:\/\/noti-america.com\/site\/repdom\/wp-content\/uploads\/sites\/6\/2024\/08\/7279510c-ae3d-4b54-aa58-18a2876728a0-768x889.jpeg 768w, https:\/\/noti-america.com\/site\/repdom\/wp-content\/uploads\/sites\/6\/2024\/08\/7279510c-ae3d-4b54-aa58-18a2876728a0.jpeg 1066w\" sizes=\"auto, (max-width: 259px) 100vw, 259px\" \/><\/p>\n<p>Tres errores de Leonel Fern\u00e1ndez, como observador de las elecciones de Venezuela<\/p>\n<p>Al analizar el rol del tres veces primer mandatario de la Rep\u00fablica Dominicana, Nelson Espinal declar\u00f3 que si \u00e9l c\u00f3mo asesor pol\u00edtico hubiera estado aconsejando a Fern\u00e1ndez le habr\u00eda dicho que no fuera a esa invitaci\u00f3n que le realiz\u00f3 el Consejo Nacional Electoral de Venezuela.<\/p>\n<p>En ese \u00e1mbito, Espinal detall\u00f3 tres de los errores que considera Leonel Fern\u00e1ndez cometi\u00f3 durante su presencia en Venezuela en estos comicios, \u201cpara m\u00ed fue una encerrona para \u00e9l, no s\u00e9 porque fue y no voy a entrar en especulaci\u00f3n\u201d, expres\u00f3.<\/p>\n<p>En esa l\u00ednea agreg\u00f3, que otro error que cometi\u00f3 Fern\u00e1ndez como observador fue, \u201cal llegar y dar esas declaraciones al principio, de que hab\u00eda sido una campa\u00f1a electoral pac\u00edfica, fueron innecesarias esas expresiones, porque no fue una campa\u00f1a pac\u00edfica cuando misma Mar\u00eda Corina fue inhabilitada, cuando no pod\u00edan hacer campa\u00f1a; para muchos esas declaraciones le quitaron autoridad moral al expresidente\u201d, consider\u00f3 Espinal B\u00e1ez.<\/p>\n<p>En tercer lugar, este abogado y asesor pol\u00edtico resalt\u00f3 que tambi\u00e9n le hubiera recomendado que no se adelantara a dar una opini\u00f3n, \u201csino que esperar\u00e1 el informe del Centro Carter que ser\u00eda m\u00e1s acabado\u201d.<\/p>\n<p>Sin embargo, ambos especialistas consideraron que la participaci\u00f3n de Fern\u00e1ndez tuvo como positiva que se reuni\u00f3 en varias ocasiones con el l\u00edder de la oposici\u00f3n, Edmundo Gonzalez Urrutia y que finalmente emitiera un comunicado en el que llamaba a la paz y que se mostraran las actas que avalar\u00edan el resultado mostrado por el CNE.<\/p>\n<p>Importancia de la opini\u00f3n del Centro Cartel<\/p>\n<p>Durante la conversaci\u00f3n con la periodista Katherine Hern\u00e1ndez, el profesor universitario Nelson Espinal felicit\u00f3 al Centro Cartel, porque ha dado una muestra de veedur\u00eda profesional, imparcial, detallada de los sucesos en Venezuela, explicando con profundidad lo sucedido.<\/p>\n<p>\u201cEl Centro Carter ha dado un reporte que habla con claridad de todo lo sucedido, ellos hablan con claridad de todos los errores, de todas las trampas, de todos los procesos no santo que se dieron en Venezuela\u201d, explic\u00f3 Espinal.<\/p>\n<p>Es necesario resaltar que el Centro Carter tiene autoridad en esta naci\u00f3n de sur Am\u00e9rica, Espinal expuso al decir, que tiene una profunda relaci\u00f3n con Venezuela, al recordar que el a\u00f1o 2002, durante la Mesa de Discusi\u00f3n del Acuerdo de Caracas, esta entidad junto a Organizaci\u00f3n de Estados Americanos (OEA) fue la que coordin\u00f3 y puso sobre la mesa una opci\u00f3n de ganancia mutua, que dio como resultado el famoso referendo, que culmin\u00f3 con un proceso electoral; del cual esta entidad fue veedora.<\/p>\n<p>Por su lado, Jatzel Rom\u00e1n agreg\u00f3 tras los resultados de la Mesa de Discusi\u00f3n del Acuerdo de Caracas en el 2002 &#8211; 2004, a\u00fan 20 a\u00f1os despu\u00e9s, era com\u00fan escuchar al chavismo decir: \u201cnuestro sistema est\u00e1 avalado por el Centro C\u00e1rter\u201d.<\/p>\n<p>\u201cCon esta opini\u00f3n ofrecida por el Centro Carter se cae uno de los principales soportes de las propagandas pol\u00edticas del chavismo\u201d, afirm\u00f3 Rom\u00e1n.<\/p>\n<p>\u00bfQui\u00e9n controla Venezuela?<\/p>\n<p>De igual manera, en el programa \u201cSiendo Honestos\u201d Espinal B\u00e1ez se\u00f1al\u00f3 que la transici\u00f3n pol\u00edtica de Venezuela est\u00e1 ligada a cuatro grandes naciones que son las que controlan en realidad este pa\u00eds. Detall\u00f3, \u201cuna de ellas es Ir\u00e1n, que tiene m\u00e1s de un mill\u00f3n de hect\u00e1reas para proyectos secretos, la guardia y el ej\u00e9rcito iran\u00ed est\u00e1n metidos en esta naci\u00f3n con colaboraci\u00f3n estrat\u00e9gica y militar\u201d.<\/p>\n<p>Otro control lo tiene Rusia, quien controla el sistema a\u00e9reo, a trav\u00e9s del gigante petrolero Rosneft, con el que ha realizado una serie de pr\u00e9stamos a Venezuela. Asimismo, est\u00e1 China que es el principal acreedor de Venezuela, que en los \u00faltimos 10 a\u00f1os le ha prestado a esta naci\u00f3n sudamericana m\u00e1s de 10 mil millones de d\u00f3lares. Aclar\u00f3 que, \u201clos chinos no cobran en efectivo sino con crudo. A\u00f1adi\u00f3, \u201cel control m\u00e1s nefasto de todos es Cuba, quien controla toda la inteligencia, la contrainteligencia y la represi\u00f3n interna\u00bb, afirm\u00f3.<\/p>\n<p>\u201cEsas cuatro naciones tienen una importancia extraordinaria en t\u00e9rminos geopol\u00edticos y de influencia en los procesos de toma de decisi\u00f3n. Con estos grandes actores, con la inmensa reserva petrolera y minera de Venezuela son un poder porque controlan bastante.\u201d, dijo Espinal B\u00e1ez sobre las naciones influyentes en la Rep\u00fablica Bolivariana.<\/p>\n<p>Por: Mar\u00eda Ramos (Equipo del programa \u00abSiendo Honestos\u00bb)<\/p>\n<p>&nbsp;<\/p>\n<p>&nbsp;<\/p>\n<p>&nbsp;<\/p>\n<p>&nbsp;<\/p>\n<p>&nbsp;<\/p>\n<p><span>.<\/span><\/p>\n","protected":false},"excerpt":{"rendered":"<p>Los analistas y especialista en relaciones pol\u00edticas Jatzel Rom\u00e1n y Nelson Espinal B\u00e1ez aseguraron que tras las elecciones presidenciales ocurridas en Venezuela el pasado 28 de julio, esta naci\u00f3n no volver\u00e1 hacer la misma,&#46;&#46;&#46;<\/p>\n","protected":false},"author":96,"featured_media":0,"comment_status":"open","ping_status":"open","sticky":false,"template":"","format":"standard","meta":{"_acf_changed":false,"rop_custom_images_group":[],"rop_custom_messages_group":[],"rop_publish_now":"initial","rop_publish_now_accounts":[],"rop_publish_now_history":[],"rop_publish_now_status":"pending","footnotes":""},"categories":[366],"tags":[],"class_list":["post-28959","post","type-post","status-publish","format-standard","hentry","category-sociales"],"acf":[],"yoast_head":"<!-- This site is optimized with the Yoast SEO Premium plugin v24.9 (Yoast SEO v27.2) - https:\/\/yoast.com\/product\/yoast-seo-premium-wordpress\/ -->\n<title>Venezuela cambi\u00f3 despu\u00e9s de las elecciones del 28J, seg\u00fan analistas dominicanos - Rep. Dominicana | Noti-America.com<\/title>\n<meta name=\"robots\" content=\"index, follow, max-snippet:-1, max-image-preview:large, max-video-preview:-1\" \/>\n<link rel=\"canonical\" href=\"https:\/\/noti-america.com\/site\/repdom\/2024\/08\/06\/venezuela-cambio-despues-de-las-elecciones-del-28j-segun-analistas-dominicanos-2\/\" \/>\n<meta property=\"og:locale\" content=\"es_ES\" \/>\n<meta property=\"og:type\" content=\"article\" \/>\n<meta property=\"og:title\" content=\"Venezuela cambi\u00f3 despu\u00e9s de las elecciones del 28J, seg\u00fan analistas dominicanos\" \/>\n<meta property=\"og:description\" content=\"Los analistas y especialista en relaciones pol\u00edticas Jatzel Rom\u00e1n y Nelson Espinal B\u00e1ez aseguraron que tras las elecciones presidenciales ocurridas en Venezuela el pasado 28 de julio, esta naci\u00f3n no volver\u00e1 hacer la misma,&#046;&#046;&#046;\" \/>\n<meta property=\"og:url\" content=\"https:\/\/noti-america.com\/site\/repdom\/2024\/08\/06\/venezuela-cambio-despues-de-las-elecciones-del-28j-segun-analistas-dominicanos-2\/\" \/>\n<meta property=\"og:site_name\" content=\"Rep. Dominicana | Noti-America.com\" \/>\n<meta property=\"article:author\" content=\"https:\/\/www.facebook.com\/share\/1HVE1qCqVk\/?mibextid=wwXIfr\" \/>\n<meta property=\"article:published_time\" content=\"2024-08-06T01:46:12+00:00\" \/>\n<meta property=\"og:image\" content=\"https:\/\/noti-america.com\/site\/repdom\/wp-content\/uploads\/sites\/6\/2024\/08\/d7d3d97e-1cf4-4291-8087-d3058b425559-300x158.jpeg\" \/>\n<meta name=\"author\" content=\"Miguel Ramirez\" \/>\n<meta name=\"twitter:card\" content=\"summary_large_image\" \/>\n<meta name=\"twitter:label1\" content=\"Escrito por\" \/>\n\t<meta name=\"twitter:data1\" content=\"Miguel Ramirez\" \/>\n\t<meta name=\"twitter:label2\" content=\"Tiempo estimado de lectura\" \/>\n\t<meta name=\"twitter:data2\" content=\"5 minutos\" \/>\n<script type=\"application\/ld+json\" class=\"yoast-schema-graph\">{\"@context\":\"https:\/\/schema.org\",\"@graph\":[{\"@type\":\"Article\",\"@id\":\"https:\/\/noti-america.com\/site\/repdom\/2024\/08\/06\/venezuela-cambio-despues-de-las-elecciones-del-28j-segun-analistas-dominicanos-2\/#article\",\"isPartOf\":{\"@id\":\"https:\/\/noti-america.com\/site\/repdom\/2024\/08\/06\/venezuela-cambio-despues-de-las-elecciones-del-28j-segun-analistas-dominicanos-2\/\"},\"author\":{\"name\":\"Miguel Ramirez\",\"@id\":\"https:\/\/noti-america.com\/site\/repdom\/#\/schema\/person\/8027db7d71a0328e6e4474fa188c6fb3\"},\"headline\":\"Venezuela cambi\u00f3 despu\u00e9s de las elecciones del 28J, seg\u00fan analistas dominicanos\",\"datePublished\":\"2024-08-06T01:46:12+00:00\",\"mainEntityOfPage\":{\"@id\":\"https:\/\/noti-america.com\/site\/repdom\/2024\/08\/06\/venezuela-cambio-despues-de-las-elecciones-del-28j-segun-analistas-dominicanos-2\/\"},\"wordCount\":1048,\"commentCount\":0,\"publisher\":{\"@id\":\"https:\/\/noti-america.com\/site\/repdom\/#organization\"},\"image\":{\"@id\":\"https:\/\/noti-america.com\/site\/repdom\/2024\/08\/06\/venezuela-cambio-despues-de-las-elecciones-del-28j-segun-analistas-dominicanos-2\/#primaryimage\"},\"thumbnailUrl\":\"https:\/\/noti-america.com\/site\/repdom\/wp-content\/uploads\/sites\/6\/2024\/08\/d7d3d97e-1cf4-4291-8087-d3058b425559-300x158.jpeg\",\"articleSection\":[\"Sociales\"],\"inLanguage\":\"es\",\"potentialAction\":[{\"@type\":\"CommentAction\",\"name\":\"Comment\",\"target\":[\"https:\/\/noti-america.com\/site\/repdom\/2024\/08\/06\/venezuela-cambio-despues-de-las-elecciones-del-28j-segun-analistas-dominicanos-2\/#respond\"]}]},{\"@type\":\"WebPage\",\"@id\":\"https:\/\/noti-america.com\/site\/repdom\/2024\/08\/06\/venezuela-cambio-despues-de-las-elecciones-del-28j-segun-analistas-dominicanos-2\/\",\"url\":\"https:\/\/noti-america.com\/site\/repdom\/2024\/08\/06\/venezuela-cambio-despues-de-las-elecciones-del-28j-segun-analistas-dominicanos-2\/\",\"name\":\"Venezuela cambi\u00f3 despu\u00e9s de las elecciones del 28J, seg\u00fan analistas dominicanos - Rep. Dominicana | Noti-America.com\",\"isPartOf\":{\"@id\":\"https:\/\/noti-america.com\/site\/repdom\/#website\"},\"primaryImageOfPage\":{\"@id\":\"https:\/\/noti-america.com\/site\/repdom\/2024\/08\/06\/venezuela-cambio-despues-de-las-elecciones-del-28j-segun-analistas-dominicanos-2\/#primaryimage\"},\"image\":{\"@id\":\"https:\/\/noti-america.com\/site\/repdom\/2024\/08\/06\/venezuela-cambio-despues-de-las-elecciones-del-28j-segun-analistas-dominicanos-2\/#primaryimage\"},\"thumbnailUrl\":\"https:\/\/noti-america.com\/site\/repdom\/wp-content\/uploads\/sites\/6\/2024\/08\/d7d3d97e-1cf4-4291-8087-d3058b425559-300x158.jpeg\",\"datePublished\":\"2024-08-06T01:46:12+00:00\",\"breadcrumb\":{\"@id\":\"https:\/\/noti-america.com\/site\/repdom\/2024\/08\/06\/venezuela-cambio-despues-de-las-elecciones-del-28j-segun-analistas-dominicanos-2\/#breadcrumb\"},\"inLanguage\":\"es\",\"potentialAction\":[{\"@type\":\"ReadAction\",\"target\":[\"https:\/\/noti-america.com\/site\/repdom\/2024\/08\/06\/venezuela-cambio-despues-de-las-elecciones-del-28j-segun-analistas-dominicanos-2\/\"]}]},{\"@type\":\"ImageObject\",\"inLanguage\":\"es\",\"@id\":\"https:\/\/noti-america.com\/site\/repdom\/2024\/08\/06\/venezuela-cambio-despues-de-las-elecciones-del-28j-segun-analistas-dominicanos-2\/#primaryimage\",\"url\":\"https:\/\/noti-america.com\/site\/repdom\/wp-content\/uploads\/sites\/6\/2024\/08\/d7d3d97e-1cf4-4291-8087-d3058b425559.jpeg\",\"contentUrl\":\"https:\/\/noti-america.com\/site\/repdom\/wp-content\/uploads\/sites\/6\/2024\/08\/d7d3d97e-1cf4-4291-8087-d3058b425559.jpeg\",\"width\":1600,\"height\":840},{\"@type\":\"BreadcrumbList\",\"@id\":\"https:\/\/noti-america.com\/site\/repdom\/2024\/08\/06\/venezuela-cambio-despues-de-las-elecciones-del-28j-segun-analistas-dominicanos-2\/#breadcrumb\",\"itemListElement\":[{\"@type\":\"ListItem\",\"position\":1,\"name\":\"Portada\",\"item\":\"https:\/\/noti-america.com\/site\/repdom\/\"},{\"@type\":\"ListItem\",\"position\":2,\"name\":\"Venezuela cambi\u00f3 despu\u00e9s de las elecciones del 28J, seg\u00fan analistas dominicanos\"}]},{\"@type\":\"WebSite\",\"@id\":\"https:\/\/noti-america.com\/site\/repdom\/#website\",\"url\":\"https:\/\/noti-america.com\/site\/repdom\/\",\"name\":\"Rep. Dominicana | Noti-America.com\",\"description\":\"\",\"publisher\":{\"@id\":\"https:\/\/noti-america.com\/site\/repdom\/#organization\"},\"potentialAction\":[{\"@type\":\"SearchAction\",\"target\":{\"@type\":\"EntryPoint\",\"urlTemplate\":\"https:\/\/noti-america.com\/site\/repdom\/?s={search_term_string}\"},\"query-input\":{\"@type\":\"PropertyValueSpecification\",\"valueRequired\":true,\"valueName\":\"search_term_string\"}}],\"inLanguage\":\"es\"},{\"@type\":\"Organization\",\"@id\":\"https:\/\/noti-america.com\/site\/repdom\/#organization\",\"name\":\"Noti-America LLC | Rep\u00fablica Dominicana\",\"url\":\"https:\/\/noti-america.com\/site\/repdom\/\",\"logo\":{\"@type\":\"ImageObject\",\"inLanguage\":\"es\",\"@id\":\"https:\/\/noti-america.com\/site\/repdom\/#\/schema\/logo\/image\/\",\"url\":\"https:\/\/noti-america.com\/site\/repdom\/wp-content\/uploads\/sites\/6\/2020\/07\/LogoNA-4x3-1.jpg\",\"contentUrl\":\"https:\/\/noti-america.com\/site\/repdom\/wp-content\/uploads\/sites\/6\/2020\/07\/LogoNA-4x3-1.jpg\",\"width\":1236,\"height\":1080,\"caption\":\"Noti-America LLC | Rep\u00fablica Dominicana\"},\"image\":{\"@id\":\"https:\/\/noti-america.com\/site\/repdom\/#\/schema\/logo\/image\/\"}},{\"@type\":\"Person\",\"@id\":\"https:\/\/noti-america.com\/site\/repdom\/#\/schema\/person\/8027db7d71a0328e6e4474fa188c6fb3\",\"name\":\"Miguel Ramirez\",\"image\":{\"@type\":\"ImageObject\",\"inLanguage\":\"es\",\"@id\":\"https:\/\/secure.gravatar.com\/avatar\/41a78fb2cdab3e2dc5831d3591f1dab499ed0c22acc464195b09f37c2b3ac2cf?s=96&d=mm&r=g\",\"url\":\"https:\/\/secure.gravatar.com\/avatar\/41a78fb2cdab3e2dc5831d3591f1dab499ed0c22acc464195b09f37c2b3ac2cf?s=96&d=mm&r=g\",\"contentUrl\":\"https:\/\/secure.gravatar.com\/avatar\/41a78fb2cdab3e2dc5831d3591f1dab499ed0c22acc464195b09f37c2b3ac2cf?s=96&d=mm&r=g\",\"caption\":\"Miguel Ramirez\"},\"description\":\"Locutor y periodista digital y coach comunicaci\u00f3n\",\"sameAs\":[\"https:\/\/www.facebook.com\/share\/1HVE1qCqVk\/?mibextid=wwXIfr\"],\"url\":\"https:\/\/noti-america.com\/site\/repdom\/author\/mramirez\/\"}]}<\/script>\n<!-- \/ Yoast SEO Premium plugin. -->","yoast_head_json":{"title":"Venezuela cambi\u00f3 despu\u00e9s de las elecciones del 28J, seg\u00fan analistas dominicanos - Rep. Dominicana | Noti-America.com","robots":{"index":"index","follow":"follow","max-snippet":"max-snippet:-1","max-image-preview":"max-image-preview:large","max-video-preview":"max-video-preview:-1"},"canonical":"https:\/\/noti-america.com\/site\/repdom\/2024\/08\/06\/venezuela-cambio-despues-de-las-elecciones-del-28j-segun-analistas-dominicanos-2\/","og_locale":"es_ES","og_type":"article","og_title":"Venezuela cambi\u00f3 despu\u00e9s de las elecciones del 28J, seg\u00fan analistas dominicanos","og_description":"Los analistas y especialista en relaciones pol\u00edticas Jatzel Rom\u00e1n y Nelson Espinal B\u00e1ez aseguraron que tras las elecciones presidenciales ocurridas en Venezuela el pasado 28 de julio, esta naci\u00f3n no volver\u00e1 hacer la misma,&#46;&#46;&#46;","og_url":"https:\/\/noti-america.com\/site\/repdom\/2024\/08\/06\/venezuela-cambio-despues-de-las-elecciones-del-28j-segun-analistas-dominicanos-2\/","og_site_name":"Rep. Dominicana | Noti-America.com","article_author":"https:\/\/www.facebook.com\/share\/1HVE1qCqVk\/?mibextid=wwXIfr","article_published_time":"2024-08-06T01:46:12+00:00","og_image":[{"url":"https:\/\/noti-america.com\/site\/repdom\/wp-content\/uploads\/sites\/6\/2024\/08\/d7d3d97e-1cf4-4291-8087-d3058b425559-300x158.jpeg","type":"","width":"","height":""}],"author":"Miguel Ramirez","twitter_card":"summary_large_image","twitter_misc":{"Escrito por":"Miguel Ramirez","Tiempo estimado de lectura":"5 minutos"},"schema":{"@context":"https:\/\/schema.org","@graph":[{"@type":"Article","@id":"https:\/\/noti-america.com\/site\/repdom\/2024\/08\/06\/venezuela-cambio-despues-de-las-elecciones-del-28j-segun-analistas-dominicanos-2\/#article","isPartOf":{"@id":"https:\/\/noti-america.com\/site\/repdom\/2024\/08\/06\/venezuela-cambio-despues-de-las-elecciones-del-28j-segun-analistas-dominicanos-2\/"},"author":{"name":"Miguel Ramirez","@id":"https:\/\/noti-america.com\/site\/repdom\/#\/schema\/person\/8027db7d71a0328e6e4474fa188c6fb3"},"headline":"Venezuela cambi\u00f3 despu\u00e9s de las elecciones del 28J, seg\u00fan analistas dominicanos","datePublished":"2024-08-06T01:46:12+00:00","mainEntityOfPage":{"@id":"https:\/\/noti-america.com\/site\/repdom\/2024\/08\/06\/venezuela-cambio-despues-de-las-elecciones-del-28j-segun-analistas-dominicanos-2\/"},"wordCount":1048,"commentCount":0,"publisher":{"@id":"https:\/\/noti-america.com\/site\/repdom\/#organization"},"image":{"@id":"https:\/\/noti-america.com\/site\/repdom\/2024\/08\/06\/venezuela-cambio-despues-de-las-elecciones-del-28j-segun-analistas-dominicanos-2\/#primaryimage"},"thumbnailUrl":"https:\/\/noti-america.com\/site\/repdom\/wp-content\/uploads\/sites\/6\/2024\/08\/d7d3d97e-1cf4-4291-8087-d3058b425559-300x158.jpeg","articleSection":["Sociales"],"inLanguage":"es","potentialAction":[{"@type":"CommentAction","name":"Comment","target":["https:\/\/noti-america.com\/site\/repdom\/2024\/08\/06\/venezuela-cambio-despues-de-las-elecciones-del-28j-segun-analistas-dominicanos-2\/#respond"]}]},{"@type":"WebPage","@id":"https:\/\/noti-america.com\/site\/repdom\/2024\/08\/06\/venezuela-cambio-despues-de-las-elecciones-del-28j-segun-analistas-dominicanos-2\/","url":"https:\/\/noti-america.com\/site\/repdom\/2024\/08\/06\/venezuela-cambio-despues-de-las-elecciones-del-28j-segun-analistas-dominicanos-2\/","name":"Venezuela cambi\u00f3 despu\u00e9s de las elecciones del 28J, seg\u00fan analistas dominicanos - Rep. Dominicana | Noti-America.com","isPartOf":{"@id":"https:\/\/noti-america.com\/site\/repdom\/#website"},"primaryImageOfPage":{"@id":"https:\/\/noti-america.com\/site\/repdom\/2024\/08\/06\/venezuela-cambio-despues-de-las-elecciones-del-28j-segun-analistas-dominicanos-2\/#primaryimage"},"image":{"@id":"https:\/\/noti-america.com\/site\/repdom\/2024\/08\/06\/venezuela-cambio-despues-de-las-elecciones-del-28j-segun-analistas-dominicanos-2\/#primaryimage"},"thumbnailUrl":"https:\/\/noti-america.com\/site\/repdom\/wp-content\/uploads\/sites\/6\/2024\/08\/d7d3d97e-1cf4-4291-8087-d3058b425559-300x158.jpeg","datePublished":"2024-08-06T01:46:12+00:00","breadcrumb":{"@id":"https:\/\/noti-america.com\/site\/repdom\/2024\/08\/06\/venezuela-cambio-despues-de-las-elecciones-del-28j-segun-analistas-dominicanos-2\/#breadcrumb"},"inLanguage":"es","potentialAction":[{"@type":"ReadAction","target":["https:\/\/noti-america.com\/site\/repdom\/2024\/08\/06\/venezuela-cambio-despues-de-las-elecciones-del-28j-segun-analistas-dominicanos-2\/"]}]},{"@type":"ImageObject","inLanguage":"es","@id":"https:\/\/noti-america.com\/site\/repdom\/2024\/08\/06\/venezuela-cambio-despues-de-las-elecciones-del-28j-segun-analistas-dominicanos-2\/#primaryimage","url":"https:\/\/noti-america.com\/site\/repdom\/wp-content\/uploads\/sites\/6\/2024\/08\/d7d3d97e-1cf4-4291-8087-d3058b425559.jpeg","contentUrl":"https:\/\/noti-america.com\/site\/repdom\/wp-content\/uploads\/sites\/6\/2024\/08\/d7d3d97e-1cf4-4291-8087-d3058b425559.jpeg","width":1600,"height":840},{"@type":"BreadcrumbList","@id":"https:\/\/noti-america.com\/site\/repdom\/2024\/08\/06\/venezuela-cambio-despues-de-las-elecciones-del-28j-segun-analistas-dominicanos-2\/#breadcrumb","itemListElement":[{"@type":"ListItem","position":1,"name":"Portada","item":"https:\/\/noti-america.com\/site\/repdom\/"},{"@type":"ListItem","position":2,"name":"Venezuela cambi\u00f3 despu\u00e9s de las elecciones del 28J, seg\u00fan analistas dominicanos"}]},{"@type":"WebSite","@id":"https:\/\/noti-america.com\/site\/repdom\/#website","url":"https:\/\/noti-america.com\/site\/repdom\/","name":"Rep. Dominicana | Noti-America.com","description":"","publisher":{"@id":"https:\/\/noti-america.com\/site\/repdom\/#organization"},"potentialAction":[{"@type":"SearchAction","target":{"@type":"EntryPoint","urlTemplate":"https:\/\/noti-america.com\/site\/repdom\/?s={search_term_string}"},"query-input":{"@type":"PropertyValueSpecification","valueRequired":true,"valueName":"search_term_string"}}],"inLanguage":"es"},{"@type":"Organization","@id":"https:\/\/noti-america.com\/site\/repdom\/#organization","name":"Noti-America LLC | Rep\u00fablica Dominicana","url":"https:\/\/noti-america.com\/site\/repdom\/","logo":{"@type":"ImageObject","inLanguage":"es","@id":"https:\/\/noti-america.com\/site\/repdom\/#\/schema\/logo\/image\/","url":"https:\/\/noti-america.com\/site\/repdom\/wp-content\/uploads\/sites\/6\/2020\/07\/LogoNA-4x3-1.jpg","contentUrl":"https:\/\/noti-america.com\/site\/repdom\/wp-content\/uploads\/sites\/6\/2020\/07\/LogoNA-4x3-1.jpg","width":1236,"height":1080,"caption":"Noti-America LLC | Rep\u00fablica Dominicana"},"image":{"@id":"https:\/\/noti-america.com\/site\/repdom\/#\/schema\/logo\/image\/"}},{"@type":"Person","@id":"https:\/\/noti-america.com\/site\/repdom\/#\/schema\/person\/8027db7d71a0328e6e4474fa188c6fb3","name":"Miguel Ramirez","image":{"@type":"ImageObject","inLanguage":"es","@id":"https:\/\/secure.gravatar.com\/avatar\/41a78fb2cdab3e2dc5831d3591f1dab499ed0c22acc464195b09f37c2b3ac2cf?s=96&d=mm&r=g","url":"https:\/\/secure.gravatar.com\/avatar\/41a78fb2cdab3e2dc5831d3591f1dab499ed0c22acc464195b09f37c2b3ac2cf?s=96&d=mm&r=g","contentUrl":"https:\/\/secure.gravatar.com\/avatar\/41a78fb2cdab3e2dc5831d3591f1dab499ed0c22acc464195b09f37c2b3ac2cf?s=96&d=mm&r=g","caption":"Miguel Ramirez"},"description":"Locutor y periodista digital y coach comunicaci\u00f3n","sameAs":["https:\/\/www.facebook.com\/share\/1HVE1qCqVk\/?mibextid=wwXIfr"],"url":"https:\/\/noti-america.com\/site\/repdom\/author\/mramirez\/"}]}},"_links":{"self":[{"href":"https:\/\/noti-america.com\/site\/repdom\/wp-json\/wp\/v2\/posts\/28959","targetHints":{"allow":["GET"]}}],"collection":[{"href":"https:\/\/noti-america.com\/site\/repdom\/wp-json\/wp\/v2\/posts"}],"about":[{"href":"https:\/\/noti-america.com\/site\/repdom\/wp-json\/wp\/v2\/types\/post"}],"author":[{"embeddable":true,"href":"https:\/\/noti-america.com\/site\/repdom\/wp-json\/wp\/v2\/users\/96"}],"replies":[{"embeddable":true,"href":"https:\/\/noti-america.com\/site\/repdom\/wp-json\/wp\/v2\/comments?post=28959"}],"version-history":[{"count":0,"href":"https:\/\/noti-america.com\/site\/repdom\/wp-json\/wp\/v2\/posts\/28959\/revisions"}],"wp:attachment":[{"href":"https:\/\/noti-america.com\/site\/repdom\/wp-json\/wp\/v2\/media?parent=28959"}],"wp:term":[{"taxonomy":"category","embeddable":true,"href":"https:\/\/noti-america.com\/site\/repdom\/wp-json\/wp\/v2\/categories?post=28959"},{"taxonomy":"post_tag","embeddable":true,"href":"https:\/\/noti-america.com\/site\/repdom\/wp-json\/wp\/v2\/tags?post=28959"}],"curies":[{"name":"wp","href":"https:\/\/api.w.org\/{rel}","templated":true}]}}