{"id":28807,"date":"2024-07-28T22:30:50","date_gmt":"2024-07-28T22:30:50","guid":{"rendered":"https:\/\/noti-america.com\/site\/repdom\/?p=28807"},"modified":"2024-07-28T22:30:50","modified_gmt":"2024-07-28T22:30:50","slug":"feliz-dia-del-padre-emotiva-celebracion-en-rd","status":"publish","type":"post","link":"https:\/\/noti-america.com\/site\/repdom\/2024\/07\/28\/feliz-dia-del-padre-emotiva-celebracion-en-rd\/","title":{"rendered":"Feliz d\u00eda del Padre emotiva celebraci\u00f3n en RD"},"content":{"rendered":"<p><img loading=\"lazy\" decoding=\"async\" class=\"alignnone size-medium wp-image-28808\" src=\"https:\/\/noti-america.com\/site\/repdom\/wp-content\/uploads\/sites\/6\/2024\/07\/9cd80320-2028-4127-ab82-81192ae6a296-300x300.jpeg\" alt=\"\" width=\"300\" height=\"300\" srcset=\"https:\/\/noti-america.com\/site\/repdom\/wp-content\/uploads\/sites\/6\/2024\/07\/9cd80320-2028-4127-ab82-81192ae6a296-300x300.jpeg 300w, https:\/\/noti-america.com\/site\/repdom\/wp-content\/uploads\/sites\/6\/2024\/07\/9cd80320-2028-4127-ab82-81192ae6a296-1024x1024.jpeg 1024w, https:\/\/noti-america.com\/site\/repdom\/wp-content\/uploads\/sites\/6\/2024\/07\/9cd80320-2028-4127-ab82-81192ae6a296-150x150.jpeg 150w, https:\/\/noti-america.com\/site\/repdom\/wp-content\/uploads\/sites\/6\/2024\/07\/9cd80320-2028-4127-ab82-81192ae6a296-768x768.jpeg 768w, https:\/\/noti-america.com\/site\/repdom\/wp-content\/uploads\/sites\/6\/2024\/07\/9cd80320-2028-4127-ab82-81192ae6a296-80x80.jpeg 80w, https:\/\/noti-america.com\/site\/repdom\/wp-content\/uploads\/sites\/6\/2024\/07\/9cd80320-2028-4127-ab82-81192ae6a296-320x320.jpeg 320w, https:\/\/noti-america.com\/site\/repdom\/wp-content\/uploads\/sites\/6\/2024\/07\/9cd80320-2028-4127-ab82-81192ae6a296.jpeg 1080w\" sizes=\"auto, (max-width: 300px) 100vw, 300px\" \/><\/p>\n<p>\u201cEl oficio de padres debe aprenderse. Amar a los hijos es m\u00e1s que un simple sentimiento; es una toma de conciencia sobre ciertas responsabilidades que conduzcan a la felicidad del ser amado.\u201d L. Serrat.<\/p>\n<p>El ejemplo de Padre nos lo di\u00f3 Dios y por eso hoy honramos a todos aquellos que con amor, dedicaci\u00f3n y responsabilidad se entregan por sus hijos. *PAP\u00c1 GRACIAS\u203c\ufe0f*<\/p>\n<p>Con la bendici\u00f3n de *N\u00fameros 6:24-26* te bendecimos Pap\u00e1 en tu d\u00eda<\/p>\n<p>_Que Dios te bendiga y siempre te cuide; que Dios te mire con agrado y te muestre su bondad; que Dios te mire con agrado y te llene de paz_<\/p>\n<p>*FELIZ D\u00cdA DEL PADRE\u2764\ufe0f\u203c\ufe0f*<\/p>\n<p>&nbsp;<\/p>\n<p>&nbsp;<\/p>\n<p>.<\/p>\n","protected":false},"excerpt":{"rendered":"<p>\u201cEl oficio de padres debe aprenderse. Amar a los hijos es m\u00e1s que un simple sentimiento; es una toma de conciencia sobre ciertas responsabilidades que conduzcan a la felicidad del ser amado.\u201d L. Serrat.&#46;&#46;&#46;<\/p>\n","protected":false},"author":96,"featured_media":28808,"comment_status":"open","ping_status":"open","sticky":false,"template":"","format":"standard","meta":{"_acf_changed":false,"rop_custom_images_group":[],"rop_custom_messages_group":[],"rop_publish_now":"initial","rop_publish_now_accounts":[],"rop_publish_now_history":[],"rop_publish_now_status":"pending","footnotes":""},"categories":[366],"tags":[],"class_list":["post-28807","post","type-post","status-publish","format-standard","has-post-thumbnail","hentry","category-sociales"],"acf":[],"yoast_head":"<!-- This site is optimized with the Yoast SEO Premium plugin v24.9 (Yoast SEO v27.2) - https:\/\/yoast.com\/product\/yoast-seo-premium-wordpress\/ -->\n<title>Feliz d\u00eda del Padre emotiva celebraci\u00f3n en RD - Rep. Dominicana | Noti-America.com<\/title>\n<meta name=\"robots\" content=\"index, follow, max-snippet:-1, max-image-preview:large, max-video-preview:-1\" \/>\n<link rel=\"canonical\" href=\"https:\/\/noti-america.com\/site\/repdom\/2024\/07\/28\/feliz-dia-del-padre-emotiva-celebracion-en-rd\/\" \/>\n<meta property=\"og:locale\" content=\"es_ES\" \/>\n<meta property=\"og:type\" content=\"article\" \/>\n<meta property=\"og:title\" content=\"Feliz d\u00eda del Padre emotiva celebraci\u00f3n en RD\" \/>\n<meta property=\"og:description\" content=\"\u201cEl oficio de padres debe aprenderse. Amar a los hijos es m\u00e1s que un simple sentimiento; es una toma de conciencia sobre ciertas responsabilidades que conduzcan a la felicidad del ser amado.\u201d L. Serrat.&#046;&#046;&#046;\" \/>\n<meta property=\"og:url\" content=\"https:\/\/noti-america.com\/site\/repdom\/2024\/07\/28\/feliz-dia-del-padre-emotiva-celebracion-en-rd\/\" \/>\n<meta property=\"og:site_name\" content=\"Rep. Dominicana | Noti-America.com\" \/>\n<meta property=\"article:author\" content=\"https:\/\/www.facebook.com\/share\/1HVE1qCqVk\/?mibextid=wwXIfr\" \/>\n<meta property=\"article:published_time\" content=\"2024-07-28T22:30:50+00:00\" \/>\n<meta property=\"og:image\" content=\"https:\/\/noti-america.com\/site\/repdom\/wp-content\/uploads\/sites\/6\/2024\/07\/9cd80320-2028-4127-ab82-81192ae6a296.jpeg\" \/>\n\t<meta property=\"og:image:width\" content=\"1080\" \/>\n\t<meta property=\"og:image:height\" content=\"1080\" \/>\n\t<meta property=\"og:image:type\" content=\"image\/jpeg\" \/>\n<meta name=\"author\" content=\"Miguel Ramirez\" \/>\n<meta name=\"twitter:card\" content=\"summary_large_image\" \/>\n<meta name=\"twitter:label1\" content=\"Escrito por\" \/>\n\t<meta name=\"twitter:data1\" content=\"Miguel Ramirez\" \/>\n\t<meta name=\"twitter:label2\" content=\"Tiempo estimado de lectura\" \/>\n\t<meta name=\"twitter:data2\" content=\"1 minuto\" \/>\n<script type=\"application\/ld+json\" class=\"yoast-schema-graph\">{\"@context\":\"https:\/\/schema.org\",\"@graph\":[{\"@type\":\"Article\",\"@id\":\"https:\/\/noti-america.com\/site\/repdom\/2024\/07\/28\/feliz-dia-del-padre-emotiva-celebracion-en-rd\/#article\",\"isPartOf\":{\"@id\":\"https:\/\/noti-america.com\/site\/repdom\/2024\/07\/28\/feliz-dia-del-padre-emotiva-celebracion-en-rd\/\"},\"author\":{\"name\":\"Miguel Ramirez\",\"@id\":\"https:\/\/noti-america.com\/site\/repdom\/#\/schema\/person\/8027db7d71a0328e6e4474fa188c6fb3\"},\"headline\":\"Feliz d\u00eda del Padre emotiva celebraci\u00f3n en RD\",\"datePublished\":\"2024-07-28T22:30:50+00:00\",\"mainEntityOfPage\":{\"@id\":\"https:\/\/noti-america.com\/site\/repdom\/2024\/07\/28\/feliz-dia-del-padre-emotiva-celebracion-en-rd\/\"},\"wordCount\":127,\"commentCount\":0,\"publisher\":{\"@id\":\"https:\/\/noti-america.com\/site\/repdom\/#organization\"},\"image\":{\"@id\":\"https:\/\/noti-america.com\/site\/repdom\/2024\/07\/28\/feliz-dia-del-padre-emotiva-celebracion-en-rd\/#primaryimage\"},\"thumbnailUrl\":\"https:\/\/noti-america.com\/site\/repdom\/wp-content\/uploads\/sites\/6\/2024\/07\/9cd80320-2028-4127-ab82-81192ae6a296.jpeg\",\"articleSection\":[\"Sociales\"],\"inLanguage\":\"es\",\"potentialAction\":[{\"@type\":\"CommentAction\",\"name\":\"Comment\",\"target\":[\"https:\/\/noti-america.com\/site\/repdom\/2024\/07\/28\/feliz-dia-del-padre-emotiva-celebracion-en-rd\/#respond\"]}]},{\"@type\":\"WebPage\",\"@id\":\"https:\/\/noti-america.com\/site\/repdom\/2024\/07\/28\/feliz-dia-del-padre-emotiva-celebracion-en-rd\/\",\"url\":\"https:\/\/noti-america.com\/site\/repdom\/2024\/07\/28\/feliz-dia-del-padre-emotiva-celebracion-en-rd\/\",\"name\":\"Feliz d\u00eda del Padre emotiva celebraci\u00f3n en RD - Rep. Dominicana | Noti-America.com\",\"isPartOf\":{\"@id\":\"https:\/\/noti-america.com\/site\/repdom\/#website\"},\"primaryImageOfPage\":{\"@id\":\"https:\/\/noti-america.com\/site\/repdom\/2024\/07\/28\/feliz-dia-del-padre-emotiva-celebracion-en-rd\/#primaryimage\"},\"image\":{\"@id\":\"https:\/\/noti-america.com\/site\/repdom\/2024\/07\/28\/feliz-dia-del-padre-emotiva-celebracion-en-rd\/#primaryimage\"},\"thumbnailUrl\":\"https:\/\/noti-america.com\/site\/repdom\/wp-content\/uploads\/sites\/6\/2024\/07\/9cd80320-2028-4127-ab82-81192ae6a296.jpeg\",\"datePublished\":\"2024-07-28T22:30:50+00:00\",\"breadcrumb\":{\"@id\":\"https:\/\/noti-america.com\/site\/repdom\/2024\/07\/28\/feliz-dia-del-padre-emotiva-celebracion-en-rd\/#breadcrumb\"},\"inLanguage\":\"es\",\"potentialAction\":[{\"@type\":\"ReadAction\",\"target\":[\"https:\/\/noti-america.com\/site\/repdom\/2024\/07\/28\/feliz-dia-del-padre-emotiva-celebracion-en-rd\/\"]}]},{\"@type\":\"ImageObject\",\"inLanguage\":\"es\",\"@id\":\"https:\/\/noti-america.com\/site\/repdom\/2024\/07\/28\/feliz-dia-del-padre-emotiva-celebracion-en-rd\/#primaryimage\",\"url\":\"https:\/\/noti-america.com\/site\/repdom\/wp-content\/uploads\/sites\/6\/2024\/07\/9cd80320-2028-4127-ab82-81192ae6a296.jpeg\",\"contentUrl\":\"https:\/\/noti-america.com\/site\/repdom\/wp-content\/uploads\/sites\/6\/2024\/07\/9cd80320-2028-4127-ab82-81192ae6a296.jpeg\",\"width\":1080,\"height\":1080},{\"@type\":\"BreadcrumbList\",\"@id\":\"https:\/\/noti-america.com\/site\/repdom\/2024\/07\/28\/feliz-dia-del-padre-emotiva-celebracion-en-rd\/#breadcrumb\",\"itemListElement\":[{\"@type\":\"ListItem\",\"position\":1,\"name\":\"Portada\",\"item\":\"https:\/\/noti-america.com\/site\/repdom\/\"},{\"@type\":\"ListItem\",\"position\":2,\"name\":\"Feliz d\u00eda del Padre emotiva celebraci\u00f3n en RD\"}]},{\"@type\":\"WebSite\",\"@id\":\"https:\/\/noti-america.com\/site\/repdom\/#website\",\"url\":\"https:\/\/noti-america.com\/site\/repdom\/\",\"name\":\"Rep. Dominicana | Noti-America.com\",\"description\":\"\",\"publisher\":{\"@id\":\"https:\/\/noti-america.com\/site\/repdom\/#organization\"},\"potentialAction\":[{\"@type\":\"SearchAction\",\"target\":{\"@type\":\"EntryPoint\",\"urlTemplate\":\"https:\/\/noti-america.com\/site\/repdom\/?s={search_term_string}\"},\"query-input\":{\"@type\":\"PropertyValueSpecification\",\"valueRequired\":true,\"valueName\":\"search_term_string\"}}],\"inLanguage\":\"es\"},{\"@type\":\"Organization\",\"@id\":\"https:\/\/noti-america.com\/site\/repdom\/#organization\",\"name\":\"Noti-America LLC | Rep\u00fablica Dominicana\",\"url\":\"https:\/\/noti-america.com\/site\/repdom\/\",\"logo\":{\"@type\":\"ImageObject\",\"inLanguage\":\"es\",\"@id\":\"https:\/\/noti-america.com\/site\/repdom\/#\/schema\/logo\/image\/\",\"url\":\"https:\/\/noti-america.com\/site\/repdom\/wp-content\/uploads\/sites\/6\/2020\/07\/LogoNA-4x3-1.jpg\",\"contentUrl\":\"https:\/\/noti-america.com\/site\/repdom\/wp-content\/uploads\/sites\/6\/2020\/07\/LogoNA-4x3-1.jpg\",\"width\":1236,\"height\":1080,\"caption\":\"Noti-America LLC | Rep\u00fablica Dominicana\"},\"image\":{\"@id\":\"https:\/\/noti-america.com\/site\/repdom\/#\/schema\/logo\/image\/\"}},{\"@type\":\"Person\",\"@id\":\"https:\/\/noti-america.com\/site\/repdom\/#\/schema\/person\/8027db7d71a0328e6e4474fa188c6fb3\",\"name\":\"Miguel Ramirez\",\"image\":{\"@type\":\"ImageObject\",\"inLanguage\":\"es\",\"@id\":\"https:\/\/secure.gravatar.com\/avatar\/41a78fb2cdab3e2dc5831d3591f1dab499ed0c22acc464195b09f37c2b3ac2cf?s=96&d=mm&r=g\",\"url\":\"https:\/\/secure.gravatar.com\/avatar\/41a78fb2cdab3e2dc5831d3591f1dab499ed0c22acc464195b09f37c2b3ac2cf?s=96&d=mm&r=g\",\"contentUrl\":\"https:\/\/secure.gravatar.com\/avatar\/41a78fb2cdab3e2dc5831d3591f1dab499ed0c22acc464195b09f37c2b3ac2cf?s=96&d=mm&r=g\",\"caption\":\"Miguel Ramirez\"},\"description\":\"Locutor y periodista digital y coach comunicaci\u00f3n\",\"sameAs\":[\"https:\/\/www.facebook.com\/share\/1HVE1qCqVk\/?mibextid=wwXIfr\"],\"url\":\"https:\/\/noti-america.com\/site\/repdom\/author\/mramirez\/\"}]}<\/script>\n<!-- \/ Yoast SEO Premium plugin. -->","yoast_head_json":{"title":"Feliz d\u00eda del Padre emotiva celebraci\u00f3n en RD - Rep. Dominicana | Noti-America.com","robots":{"index":"index","follow":"follow","max-snippet":"max-snippet:-1","max-image-preview":"max-image-preview:large","max-video-preview":"max-video-preview:-1"},"canonical":"https:\/\/noti-america.com\/site\/repdom\/2024\/07\/28\/feliz-dia-del-padre-emotiva-celebracion-en-rd\/","og_locale":"es_ES","og_type":"article","og_title":"Feliz d\u00eda del Padre emotiva celebraci\u00f3n en RD","og_description":"\u201cEl oficio de padres debe aprenderse. Amar a los hijos es m\u00e1s que un simple sentimiento; es una toma de conciencia sobre ciertas responsabilidades que conduzcan a la felicidad del ser amado.\u201d L. Serrat.&#46;&#46;&#46;","og_url":"https:\/\/noti-america.com\/site\/repdom\/2024\/07\/28\/feliz-dia-del-padre-emotiva-celebracion-en-rd\/","og_site_name":"Rep. Dominicana | Noti-America.com","article_author":"https:\/\/www.facebook.com\/share\/1HVE1qCqVk\/?mibextid=wwXIfr","article_published_time":"2024-07-28T22:30:50+00:00","og_image":[{"width":1080,"height":1080,"url":"https:\/\/noti-america.com\/site\/repdom\/wp-content\/uploads\/sites\/6\/2024\/07\/9cd80320-2028-4127-ab82-81192ae6a296.jpeg","type":"image\/jpeg"}],"author":"Miguel Ramirez","twitter_card":"summary_large_image","twitter_misc":{"Escrito por":"Miguel Ramirez","Tiempo estimado de lectura":"1 minuto"},"schema":{"@context":"https:\/\/schema.org","@graph":[{"@type":"Article","@id":"https:\/\/noti-america.com\/site\/repdom\/2024\/07\/28\/feliz-dia-del-padre-emotiva-celebracion-en-rd\/#article","isPartOf":{"@id":"https:\/\/noti-america.com\/site\/repdom\/2024\/07\/28\/feliz-dia-del-padre-emotiva-celebracion-en-rd\/"},"author":{"name":"Miguel Ramirez","@id":"https:\/\/noti-america.com\/site\/repdom\/#\/schema\/person\/8027db7d71a0328e6e4474fa188c6fb3"},"headline":"Feliz d\u00eda del Padre emotiva celebraci\u00f3n en RD","datePublished":"2024-07-28T22:30:50+00:00","mainEntityOfPage":{"@id":"https:\/\/noti-america.com\/site\/repdom\/2024\/07\/28\/feliz-dia-del-padre-emotiva-celebracion-en-rd\/"},"wordCount":127,"commentCount":0,"publisher":{"@id":"https:\/\/noti-america.com\/site\/repdom\/#organization"},"image":{"@id":"https:\/\/noti-america.com\/site\/repdom\/2024\/07\/28\/feliz-dia-del-padre-emotiva-celebracion-en-rd\/#primaryimage"},"thumbnailUrl":"https:\/\/noti-america.com\/site\/repdom\/wp-content\/uploads\/sites\/6\/2024\/07\/9cd80320-2028-4127-ab82-81192ae6a296.jpeg","articleSection":["Sociales"],"inLanguage":"es","potentialAction":[{"@type":"CommentAction","name":"Comment","target":["https:\/\/noti-america.com\/site\/repdom\/2024\/07\/28\/feliz-dia-del-padre-emotiva-celebracion-en-rd\/#respond"]}]},{"@type":"WebPage","@id":"https:\/\/noti-america.com\/site\/repdom\/2024\/07\/28\/feliz-dia-del-padre-emotiva-celebracion-en-rd\/","url":"https:\/\/noti-america.com\/site\/repdom\/2024\/07\/28\/feliz-dia-del-padre-emotiva-celebracion-en-rd\/","name":"Feliz d\u00eda del Padre emotiva celebraci\u00f3n en RD - Rep. Dominicana | Noti-America.com","isPartOf":{"@id":"https:\/\/noti-america.com\/site\/repdom\/#website"},"primaryImageOfPage":{"@id":"https:\/\/noti-america.com\/site\/repdom\/2024\/07\/28\/feliz-dia-del-padre-emotiva-celebracion-en-rd\/#primaryimage"},"image":{"@id":"https:\/\/noti-america.com\/site\/repdom\/2024\/07\/28\/feliz-dia-del-padre-emotiva-celebracion-en-rd\/#primaryimage"},"thumbnailUrl":"https:\/\/noti-america.com\/site\/repdom\/wp-content\/uploads\/sites\/6\/2024\/07\/9cd80320-2028-4127-ab82-81192ae6a296.jpeg","datePublished":"2024-07-28T22:30:50+00:00","breadcrumb":{"@id":"https:\/\/noti-america.com\/site\/repdom\/2024\/07\/28\/feliz-dia-del-padre-emotiva-celebracion-en-rd\/#breadcrumb"},"inLanguage":"es","potentialAction":[{"@type":"ReadAction","target":["https:\/\/noti-america.com\/site\/repdom\/2024\/07\/28\/feliz-dia-del-padre-emotiva-celebracion-en-rd\/"]}]},{"@type":"ImageObject","inLanguage":"es","@id":"https:\/\/noti-america.com\/site\/repdom\/2024\/07\/28\/feliz-dia-del-padre-emotiva-celebracion-en-rd\/#primaryimage","url":"https:\/\/noti-america.com\/site\/repdom\/wp-content\/uploads\/sites\/6\/2024\/07\/9cd80320-2028-4127-ab82-81192ae6a296.jpeg","contentUrl":"https:\/\/noti-america.com\/site\/repdom\/wp-content\/uploads\/sites\/6\/2024\/07\/9cd80320-2028-4127-ab82-81192ae6a296.jpeg","width":1080,"height":1080},{"@type":"BreadcrumbList","@id":"https:\/\/noti-america.com\/site\/repdom\/2024\/07\/28\/feliz-dia-del-padre-emotiva-celebracion-en-rd\/#breadcrumb","itemListElement":[{"@type":"ListItem","position":1,"name":"Portada","item":"https:\/\/noti-america.com\/site\/repdom\/"},{"@type":"ListItem","position":2,"name":"Feliz d\u00eda del Padre emotiva celebraci\u00f3n en RD"}]},{"@type":"WebSite","@id":"https:\/\/noti-america.com\/site\/repdom\/#website","url":"https:\/\/noti-america.com\/site\/repdom\/","name":"Rep. Dominicana | Noti-America.com","description":"","publisher":{"@id":"https:\/\/noti-america.com\/site\/repdom\/#organization"},"potentialAction":[{"@type":"SearchAction","target":{"@type":"EntryPoint","urlTemplate":"https:\/\/noti-america.com\/site\/repdom\/?s={search_term_string}"},"query-input":{"@type":"PropertyValueSpecification","valueRequired":true,"valueName":"search_term_string"}}],"inLanguage":"es"},{"@type":"Organization","@id":"https:\/\/noti-america.com\/site\/repdom\/#organization","name":"Noti-America LLC | Rep\u00fablica Dominicana","url":"https:\/\/noti-america.com\/site\/repdom\/","logo":{"@type":"ImageObject","inLanguage":"es","@id":"https:\/\/noti-america.com\/site\/repdom\/#\/schema\/logo\/image\/","url":"https:\/\/noti-america.com\/site\/repdom\/wp-content\/uploads\/sites\/6\/2020\/07\/LogoNA-4x3-1.jpg","contentUrl":"https:\/\/noti-america.com\/site\/repdom\/wp-content\/uploads\/sites\/6\/2020\/07\/LogoNA-4x3-1.jpg","width":1236,"height":1080,"caption":"Noti-America LLC | Rep\u00fablica Dominicana"},"image":{"@id":"https:\/\/noti-america.com\/site\/repdom\/#\/schema\/logo\/image\/"}},{"@type":"Person","@id":"https:\/\/noti-america.com\/site\/repdom\/#\/schema\/person\/8027db7d71a0328e6e4474fa188c6fb3","name":"Miguel Ramirez","image":{"@type":"ImageObject","inLanguage":"es","@id":"https:\/\/secure.gravatar.com\/avatar\/41a78fb2cdab3e2dc5831d3591f1dab499ed0c22acc464195b09f37c2b3ac2cf?s=96&d=mm&r=g","url":"https:\/\/secure.gravatar.com\/avatar\/41a78fb2cdab3e2dc5831d3591f1dab499ed0c22acc464195b09f37c2b3ac2cf?s=96&d=mm&r=g","contentUrl":"https:\/\/secure.gravatar.com\/avatar\/41a78fb2cdab3e2dc5831d3591f1dab499ed0c22acc464195b09f37c2b3ac2cf?s=96&d=mm&r=g","caption":"Miguel Ramirez"},"description":"Locutor y periodista digital y coach comunicaci\u00f3n","sameAs":["https:\/\/www.facebook.com\/share\/1HVE1qCqVk\/?mibextid=wwXIfr"],"url":"https:\/\/noti-america.com\/site\/repdom\/author\/mramirez\/"}]}},"_links":{"self":[{"href":"https:\/\/noti-america.com\/site\/repdom\/wp-json\/wp\/v2\/posts\/28807","targetHints":{"allow":["GET"]}}],"collection":[{"href":"https:\/\/noti-america.com\/site\/repdom\/wp-json\/wp\/v2\/posts"}],"about":[{"href":"https:\/\/noti-america.com\/site\/repdom\/wp-json\/wp\/v2\/types\/post"}],"author":[{"embeddable":true,"href":"https:\/\/noti-america.com\/site\/repdom\/wp-json\/wp\/v2\/users\/96"}],"replies":[{"embeddable":true,"href":"https:\/\/noti-america.com\/site\/repdom\/wp-json\/wp\/v2\/comments?post=28807"}],"version-history":[{"count":1,"href":"https:\/\/noti-america.com\/site\/repdom\/wp-json\/wp\/v2\/posts\/28807\/revisions"}],"predecessor-version":[{"id":28811,"href":"https:\/\/noti-america.com\/site\/repdom\/wp-json\/wp\/v2\/posts\/28807\/revisions\/28811"}],"wp:featuredmedia":[{"embeddable":true,"href":"https:\/\/noti-america.com\/site\/repdom\/wp-json\/wp\/v2\/media\/28808"}],"wp:attachment":[{"href":"https:\/\/noti-america.com\/site\/repdom\/wp-json\/wp\/v2\/media?parent=28807"}],"wp:term":[{"taxonomy":"category","embeddable":true,"href":"https:\/\/noti-america.com\/site\/repdom\/wp-json\/wp\/v2\/categories?post=28807"},{"taxonomy":"post_tag","embeddable":true,"href":"https:\/\/noti-america.com\/site\/repdom\/wp-json\/wp\/v2\/tags?post=28807"}],"curies":[{"name":"wp","href":"https:\/\/api.w.org\/{rel}","templated":true}]}}