{"id":28776,"date":"2024-07-25T12:49:53","date_gmt":"2024-07-25T12:49:53","guid":{"rendered":"https:\/\/noti-america.com\/site\/repdom\/?p=28776"},"modified":"2024-07-25T12:49:53","modified_gmt":"2024-07-25T12:49:53","slug":"pastoral-de-la-mujer-de-la-mesa-de-dialogo-lleva-a-cabo-conferencia-enfocada-en-los-retos-y-desafios-de-la-sociedad-actual","status":"publish","type":"post","link":"https:\/\/noti-america.com\/site\/repdom\/2024\/07\/25\/pastoral-de-la-mujer-de-la-mesa-de-dialogo-lleva-a-cabo-conferencia-enfocada-en-los-retos-y-desafios-de-la-sociedad-actual\/","title":{"rendered":"Pastoral de la Mujer de la Mesa de Di\u00e1logo lleva a cabo conferencia enfocada en los retos y desaf\u00edos de la sociedad actual"},"content":{"rendered":"<p><img loading=\"lazy\" decoding=\"async\" class=\"alignnone size-medium wp-image-28778\" src=\"https:\/\/noti-america.com\/site\/repdom\/wp-content\/uploads\/sites\/6\/2024\/07\/5288edfc-1a1a-435f-b091-77f3e99362f4-300x150.jpeg\" alt=\"\" width=\"300\" height=\"150\" srcset=\"https:\/\/noti-america.com\/site\/repdom\/wp-content\/uploads\/sites\/6\/2024\/07\/5288edfc-1a1a-435f-b091-77f3e99362f4-300x150.jpeg 300w, https:\/\/noti-america.com\/site\/repdom\/wp-content\/uploads\/sites\/6\/2024\/07\/5288edfc-1a1a-435f-b091-77f3e99362f4-1024x511.jpeg 1024w, https:\/\/noti-america.com\/site\/repdom\/wp-content\/uploads\/sites\/6\/2024\/07\/5288edfc-1a1a-435f-b091-77f3e99362f4-768x384.jpeg 768w, https:\/\/noti-america.com\/site\/repdom\/wp-content\/uploads\/sites\/6\/2024\/07\/5288edfc-1a1a-435f-b091-77f3e99362f4-1536x767.jpeg 1536w, https:\/\/noti-america.com\/site\/repdom\/wp-content\/uploads\/sites\/6\/2024\/07\/5288edfc-1a1a-435f-b091-77f3e99362f4.jpeg 1600w\" sizes=\"auto, (max-width: 300px) 100vw, 300px\" \/><\/p>\n<p>&nbsp;<\/p>\n<p>_\u00bbImpartida por la activista provida Omayra \u00c1lvarez bajo el t\u00edtulo: Desaf\u00edos de la Iglesia en el Siglo XXI\u00bb_<\/p>\n<p>La Pastoral de la Mujer de la Mesa de Di\u00e1logo y Representaci\u00f3n Cristiana, liderada por la pastora Ana Patricia Fallas, realiz\u00f3 el pasado s\u00e1bado 20 de julio, una conferencia magistral con miras a profundizar con respeto a los retos y desaf\u00edos de la iglesia en una sociedad tan cambiante como la actual, donde los valores y principios cada d\u00eda son m\u00e1s vulnerados.<\/p>\n<p>En palabras de la pastora Fallas, quien junto a un equipo de mujeres lideres y con el objetivo de defender la vida, afirm\u00f3 que el mayor compromiso y reto de la iglesia es defender la vida y la familia.<\/p>\n<p><img loading=\"lazy\" decoding=\"async\" class=\"alignnone size-medium wp-image-28777\" src=\"https:\/\/noti-america.com\/site\/repdom\/wp-content\/uploads\/sites\/6\/2024\/07\/15bdac6d-26af-432c-a8e5-a559189837e9-215x300.jpeg\" alt=\"\" width=\"215\" height=\"300\" srcset=\"https:\/\/noti-america.com\/site\/repdom\/wp-content\/uploads\/sites\/6\/2024\/07\/15bdac6d-26af-432c-a8e5-a559189837e9-215x300.jpeg 215w, https:\/\/noti-america.com\/site\/repdom\/wp-content\/uploads\/sites\/6\/2024\/07\/15bdac6d-26af-432c-a8e5-a559189837e9-733x1024.jpeg 733w, https:\/\/noti-america.com\/site\/repdom\/wp-content\/uploads\/sites\/6\/2024\/07\/15bdac6d-26af-432c-a8e5-a559189837e9-768x1073.jpeg 768w, https:\/\/noti-america.com\/site\/repdom\/wp-content\/uploads\/sites\/6\/2024\/07\/15bdac6d-26af-432c-a8e5-a559189837e9.jpeg 916w\" sizes=\"auto, (max-width: 215px) 100vw, 215px\" \/><\/p>\n<p>_\u00bbLa iglesia como comunidad se enfrenta a todo aquello que quiera destruir la vida y la familia. Desde la Pastoral de la Mujer nos comprometemos a estar atentas para defender nuestra fe y contribuir para que la mujer se integre activante a los ministerios, iglesias, la politica, lo cultural y lo social aportando a que una naci\u00f3n m\u00e1s justa y que un esfuerzo en favor de los m\u00e1s vulnerables\u00bb_, destac\u00f3 la pastora Ana Patricia Fallas.<\/p>\n<p>De su lado, en su alocuci\u00f3n, Omayra \u00c1lvarez, quien adem\u00e1s es la presidente del Ministerio Juventud Con Un Misi\u00f3n (JUCUM), afirm\u00f3 que es necesario que el pueblo de Dios aprenda a ser entendido en los tiempos y preparados para la guerra, pues vivimos en un per\u00edodo donde los valores est\u00e1n siendo atacados por una agenda globalista.<\/p>\n<p>\u00c1lvarez, defensora de los preceptos b\u00edblicos, present\u00f3 por medio de un material visual una panor\u00e1mica de los desaf\u00edos reales de este tiempo y ense\u00f1ando como enfrentarlos usando como herramientas los argumentos certeros para la defensa de la vida, la familia, las libertades y la soberan\u00eda nacional.<\/p>\n<p>Se recuerda que la Pastoral de la Mujer ha estado realizando y participando en una serie de encuentros y mesas t\u00e9cnicas a favor del liderazgo femenino y la mujer en Rep\u00fablica Dominicana junto a instituciones como la Oficina Enlace Presidencia e Iglesias Cristianas y otros organismos nacionales e internacionales.<\/p>\n<p>Fallas, junto a su equipo de lideres inform\u00f3 que en los pr\u00f3ximos d\u00edas estar\u00e1 compartiendo sobre las acciones, actividades e iniciativas que desde la Pastoral se estar\u00e1 realizando para dar respuesta a algunas de las problem\u00e1ticas que afectan la sociedad, especialmente las mujeres dominicanas.<\/p>\n<p>&nbsp;<\/p>\n<p>.<\/p>\n","protected":false},"excerpt":{"rendered":"<p>&nbsp; _\u00bbImpartida por la activista provida Omayra \u00c1lvarez bajo el t\u00edtulo: Desaf\u00edos de la Iglesia en el Siglo XXI\u00bb_ La Pastoral de la Mujer de la Mesa de Di\u00e1logo y Representaci\u00f3n Cristiana, liderada por&#46;&#46;&#46;<\/p>\n","protected":false},"author":96,"featured_media":28778,"comment_status":"open","ping_status":"open","sticky":false,"template":"","format":"standard","meta":{"_acf_changed":false,"rop_custom_images_group":[],"rop_custom_messages_group":[],"rop_publish_now":"initial","rop_publish_now_accounts":[],"rop_publish_now_history":[],"rop_publish_now_status":"pending","footnotes":""},"categories":[366],"tags":[],"class_list":["post-28776","post","type-post","status-publish","format-standard","has-post-thumbnail","hentry","category-sociales"],"acf":[],"yoast_head":"<!-- This site is optimized with the Yoast SEO Premium plugin v24.9 (Yoast SEO v27.2) - https:\/\/yoast.com\/product\/yoast-seo-premium-wordpress\/ -->\n<title>Pastoral de la Mujer de la Mesa de Di\u00e1logo lleva a cabo conferencia enfocada en los retos y desaf\u00edos de la sociedad actual - Rep. Dominicana | Noti-America.com<\/title>\n<meta name=\"robots\" content=\"index, follow, max-snippet:-1, max-image-preview:large, max-video-preview:-1\" \/>\n<link rel=\"canonical\" href=\"https:\/\/noti-america.com\/site\/repdom\/2024\/07\/25\/pastoral-de-la-mujer-de-la-mesa-de-dialogo-lleva-a-cabo-conferencia-enfocada-en-los-retos-y-desafios-de-la-sociedad-actual\/\" \/>\n<meta property=\"og:locale\" content=\"es_ES\" \/>\n<meta property=\"og:type\" content=\"article\" \/>\n<meta property=\"og:title\" content=\"Pastoral de la Mujer de la Mesa de Di\u00e1logo lleva a cabo conferencia enfocada en los retos y desaf\u00edos de la sociedad actual\" \/>\n<meta property=\"og:description\" content=\"&nbsp; _\u00bbImpartida por la activista provida Omayra \u00c1lvarez bajo el t\u00edtulo: Desaf\u00edos de la Iglesia en el Siglo XXI\u00bb_ La Pastoral de la Mujer de la Mesa de Di\u00e1logo y Representaci\u00f3n Cristiana, liderada por&#046;&#046;&#046;\" \/>\n<meta property=\"og:url\" content=\"https:\/\/noti-america.com\/site\/repdom\/2024\/07\/25\/pastoral-de-la-mujer-de-la-mesa-de-dialogo-lleva-a-cabo-conferencia-enfocada-en-los-retos-y-desafios-de-la-sociedad-actual\/\" \/>\n<meta property=\"og:site_name\" content=\"Rep. Dominicana | Noti-America.com\" \/>\n<meta property=\"article:author\" content=\"https:\/\/www.facebook.com\/share\/1HVE1qCqVk\/?mibextid=wwXIfr\" \/>\n<meta property=\"article:published_time\" content=\"2024-07-25T12:49:53+00:00\" \/>\n<meta property=\"og:image\" content=\"https:\/\/noti-america.com\/site\/repdom\/wp-content\/uploads\/sites\/6\/2024\/07\/5288edfc-1a1a-435f-b091-77f3e99362f4.jpeg\" \/>\n\t<meta property=\"og:image:width\" content=\"1600\" \/>\n\t<meta property=\"og:image:height\" content=\"799\" \/>\n\t<meta property=\"og:image:type\" content=\"image\/jpeg\" \/>\n<meta name=\"author\" content=\"Miguel Ramirez\" \/>\n<meta name=\"twitter:card\" content=\"summary_large_image\" \/>\n<meta name=\"twitter:label1\" content=\"Escrito por\" \/>\n\t<meta name=\"twitter:data1\" content=\"Miguel Ramirez\" \/>\n\t<meta name=\"twitter:label2\" content=\"Tiempo estimado de lectura\" \/>\n\t<meta name=\"twitter:data2\" content=\"3 minutos\" \/>\n<script type=\"application\/ld+json\" class=\"yoast-schema-graph\">{\"@context\":\"https:\/\/schema.org\",\"@graph\":[{\"@type\":\"Article\",\"@id\":\"https:\/\/noti-america.com\/site\/repdom\/2024\/07\/25\/pastoral-de-la-mujer-de-la-mesa-de-dialogo-lleva-a-cabo-conferencia-enfocada-en-los-retos-y-desafios-de-la-sociedad-actual\/#article\",\"isPartOf\":{\"@id\":\"https:\/\/noti-america.com\/site\/repdom\/2024\/07\/25\/pastoral-de-la-mujer-de-la-mesa-de-dialogo-lleva-a-cabo-conferencia-enfocada-en-los-retos-y-desafios-de-la-sociedad-actual\/\"},\"author\":{\"name\":\"Miguel Ramirez\",\"@id\":\"https:\/\/noti-america.com\/site\/repdom\/#\/schema\/person\/8027db7d71a0328e6e4474fa188c6fb3\"},\"headline\":\"Pastoral de la Mujer de la Mesa de Di\u00e1logo lleva a cabo conferencia enfocada en los retos y desaf\u00edos de la sociedad actual\",\"datePublished\":\"2024-07-25T12:49:53+00:00\",\"mainEntityOfPage\":{\"@id\":\"https:\/\/noti-america.com\/site\/repdom\/2024\/07\/25\/pastoral-de-la-mujer-de-la-mesa-de-dialogo-lleva-a-cabo-conferencia-enfocada-en-los-retos-y-desafios-de-la-sociedad-actual\/\"},\"wordCount\":441,\"commentCount\":0,\"publisher\":{\"@id\":\"https:\/\/noti-america.com\/site\/repdom\/#organization\"},\"image\":{\"@id\":\"https:\/\/noti-america.com\/site\/repdom\/2024\/07\/25\/pastoral-de-la-mujer-de-la-mesa-de-dialogo-lleva-a-cabo-conferencia-enfocada-en-los-retos-y-desafios-de-la-sociedad-actual\/#primaryimage\"},\"thumbnailUrl\":\"https:\/\/noti-america.com\/site\/repdom\/wp-content\/uploads\/sites\/6\/2024\/07\/5288edfc-1a1a-435f-b091-77f3e99362f4.jpeg\",\"articleSection\":[\"Sociales\"],\"inLanguage\":\"es\",\"potentialAction\":[{\"@type\":\"CommentAction\",\"name\":\"Comment\",\"target\":[\"https:\/\/noti-america.com\/site\/repdom\/2024\/07\/25\/pastoral-de-la-mujer-de-la-mesa-de-dialogo-lleva-a-cabo-conferencia-enfocada-en-los-retos-y-desafios-de-la-sociedad-actual\/#respond\"]}]},{\"@type\":\"WebPage\",\"@id\":\"https:\/\/noti-america.com\/site\/repdom\/2024\/07\/25\/pastoral-de-la-mujer-de-la-mesa-de-dialogo-lleva-a-cabo-conferencia-enfocada-en-los-retos-y-desafios-de-la-sociedad-actual\/\",\"url\":\"https:\/\/noti-america.com\/site\/repdom\/2024\/07\/25\/pastoral-de-la-mujer-de-la-mesa-de-dialogo-lleva-a-cabo-conferencia-enfocada-en-los-retos-y-desafios-de-la-sociedad-actual\/\",\"name\":\"Pastoral de la Mujer de la Mesa de Di\u00e1logo lleva a cabo conferencia enfocada en los retos y desaf\u00edos de la sociedad actual - Rep. Dominicana | Noti-America.com\",\"isPartOf\":{\"@id\":\"https:\/\/noti-america.com\/site\/repdom\/#website\"},\"primaryImageOfPage\":{\"@id\":\"https:\/\/noti-america.com\/site\/repdom\/2024\/07\/25\/pastoral-de-la-mujer-de-la-mesa-de-dialogo-lleva-a-cabo-conferencia-enfocada-en-los-retos-y-desafios-de-la-sociedad-actual\/#primaryimage\"},\"image\":{\"@id\":\"https:\/\/noti-america.com\/site\/repdom\/2024\/07\/25\/pastoral-de-la-mujer-de-la-mesa-de-dialogo-lleva-a-cabo-conferencia-enfocada-en-los-retos-y-desafios-de-la-sociedad-actual\/#primaryimage\"},\"thumbnailUrl\":\"https:\/\/noti-america.com\/site\/repdom\/wp-content\/uploads\/sites\/6\/2024\/07\/5288edfc-1a1a-435f-b091-77f3e99362f4.jpeg\",\"datePublished\":\"2024-07-25T12:49:53+00:00\",\"breadcrumb\":{\"@id\":\"https:\/\/noti-america.com\/site\/repdom\/2024\/07\/25\/pastoral-de-la-mujer-de-la-mesa-de-dialogo-lleva-a-cabo-conferencia-enfocada-en-los-retos-y-desafios-de-la-sociedad-actual\/#breadcrumb\"},\"inLanguage\":\"es\",\"potentialAction\":[{\"@type\":\"ReadAction\",\"target\":[\"https:\/\/noti-america.com\/site\/repdom\/2024\/07\/25\/pastoral-de-la-mujer-de-la-mesa-de-dialogo-lleva-a-cabo-conferencia-enfocada-en-los-retos-y-desafios-de-la-sociedad-actual\/\"]}]},{\"@type\":\"ImageObject\",\"inLanguage\":\"es\",\"@id\":\"https:\/\/noti-america.com\/site\/repdom\/2024\/07\/25\/pastoral-de-la-mujer-de-la-mesa-de-dialogo-lleva-a-cabo-conferencia-enfocada-en-los-retos-y-desafios-de-la-sociedad-actual\/#primaryimage\",\"url\":\"https:\/\/noti-america.com\/site\/repdom\/wp-content\/uploads\/sites\/6\/2024\/07\/5288edfc-1a1a-435f-b091-77f3e99362f4.jpeg\",\"contentUrl\":\"https:\/\/noti-america.com\/site\/repdom\/wp-content\/uploads\/sites\/6\/2024\/07\/5288edfc-1a1a-435f-b091-77f3e99362f4.jpeg\",\"width\":1600,\"height\":799},{\"@type\":\"BreadcrumbList\",\"@id\":\"https:\/\/noti-america.com\/site\/repdom\/2024\/07\/25\/pastoral-de-la-mujer-de-la-mesa-de-dialogo-lleva-a-cabo-conferencia-enfocada-en-los-retos-y-desafios-de-la-sociedad-actual\/#breadcrumb\",\"itemListElement\":[{\"@type\":\"ListItem\",\"position\":1,\"name\":\"Portada\",\"item\":\"https:\/\/noti-america.com\/site\/repdom\/\"},{\"@type\":\"ListItem\",\"position\":2,\"name\":\"Pastoral de la Mujer de la Mesa de Di\u00e1logo lleva a cabo conferencia enfocada en los retos y desaf\u00edos de la sociedad actual\"}]},{\"@type\":\"WebSite\",\"@id\":\"https:\/\/noti-america.com\/site\/repdom\/#website\",\"url\":\"https:\/\/noti-america.com\/site\/repdom\/\",\"name\":\"Rep. Dominicana | Noti-America.com\",\"description\":\"\",\"publisher\":{\"@id\":\"https:\/\/noti-america.com\/site\/repdom\/#organization\"},\"potentialAction\":[{\"@type\":\"SearchAction\",\"target\":{\"@type\":\"EntryPoint\",\"urlTemplate\":\"https:\/\/noti-america.com\/site\/repdom\/?s={search_term_string}\"},\"query-input\":{\"@type\":\"PropertyValueSpecification\",\"valueRequired\":true,\"valueName\":\"search_term_string\"}}],\"inLanguage\":\"es\"},{\"@type\":\"Organization\",\"@id\":\"https:\/\/noti-america.com\/site\/repdom\/#organization\",\"name\":\"Noti-America LLC | Rep\u00fablica Dominicana\",\"url\":\"https:\/\/noti-america.com\/site\/repdom\/\",\"logo\":{\"@type\":\"ImageObject\",\"inLanguage\":\"es\",\"@id\":\"https:\/\/noti-america.com\/site\/repdom\/#\/schema\/logo\/image\/\",\"url\":\"https:\/\/noti-america.com\/site\/repdom\/wp-content\/uploads\/sites\/6\/2020\/07\/LogoNA-4x3-1.jpg\",\"contentUrl\":\"https:\/\/noti-america.com\/site\/repdom\/wp-content\/uploads\/sites\/6\/2020\/07\/LogoNA-4x3-1.jpg\",\"width\":1236,\"height\":1080,\"caption\":\"Noti-America LLC | Rep\u00fablica Dominicana\"},\"image\":{\"@id\":\"https:\/\/noti-america.com\/site\/repdom\/#\/schema\/logo\/image\/\"}},{\"@type\":\"Person\",\"@id\":\"https:\/\/noti-america.com\/site\/repdom\/#\/schema\/person\/8027db7d71a0328e6e4474fa188c6fb3\",\"name\":\"Miguel Ramirez\",\"image\":{\"@type\":\"ImageObject\",\"inLanguage\":\"es\",\"@id\":\"https:\/\/secure.gravatar.com\/avatar\/41a78fb2cdab3e2dc5831d3591f1dab499ed0c22acc464195b09f37c2b3ac2cf?s=96&d=mm&r=g\",\"url\":\"https:\/\/secure.gravatar.com\/avatar\/41a78fb2cdab3e2dc5831d3591f1dab499ed0c22acc464195b09f37c2b3ac2cf?s=96&d=mm&r=g\",\"contentUrl\":\"https:\/\/secure.gravatar.com\/avatar\/41a78fb2cdab3e2dc5831d3591f1dab499ed0c22acc464195b09f37c2b3ac2cf?s=96&d=mm&r=g\",\"caption\":\"Miguel Ramirez\"},\"description\":\"Locutor y periodista digital y coach comunicaci\u00f3n\",\"sameAs\":[\"https:\/\/www.facebook.com\/share\/1HVE1qCqVk\/?mibextid=wwXIfr\"],\"url\":\"https:\/\/noti-america.com\/site\/repdom\/author\/mramirez\/\"}]}<\/script>\n<!-- \/ Yoast SEO Premium plugin. -->","yoast_head_json":{"title":"Pastoral de la Mujer de la Mesa de Di\u00e1logo lleva a cabo conferencia enfocada en los retos y desaf\u00edos de la sociedad actual - Rep. Dominicana | Noti-America.com","robots":{"index":"index","follow":"follow","max-snippet":"max-snippet:-1","max-image-preview":"max-image-preview:large","max-video-preview":"max-video-preview:-1"},"canonical":"https:\/\/noti-america.com\/site\/repdom\/2024\/07\/25\/pastoral-de-la-mujer-de-la-mesa-de-dialogo-lleva-a-cabo-conferencia-enfocada-en-los-retos-y-desafios-de-la-sociedad-actual\/","og_locale":"es_ES","og_type":"article","og_title":"Pastoral de la Mujer de la Mesa de Di\u00e1logo lleva a cabo conferencia enfocada en los retos y desaf\u00edos de la sociedad actual","og_description":"&nbsp; _\u00bbImpartida por la activista provida Omayra \u00c1lvarez bajo el t\u00edtulo: Desaf\u00edos de la Iglesia en el Siglo XXI\u00bb_ La Pastoral de la Mujer de la Mesa de Di\u00e1logo y Representaci\u00f3n Cristiana, liderada por&#46;&#46;&#46;","og_url":"https:\/\/noti-america.com\/site\/repdom\/2024\/07\/25\/pastoral-de-la-mujer-de-la-mesa-de-dialogo-lleva-a-cabo-conferencia-enfocada-en-los-retos-y-desafios-de-la-sociedad-actual\/","og_site_name":"Rep. Dominicana | Noti-America.com","article_author":"https:\/\/www.facebook.com\/share\/1HVE1qCqVk\/?mibextid=wwXIfr","article_published_time":"2024-07-25T12:49:53+00:00","og_image":[{"width":1600,"height":799,"url":"https:\/\/noti-america.com\/site\/repdom\/wp-content\/uploads\/sites\/6\/2024\/07\/5288edfc-1a1a-435f-b091-77f3e99362f4.jpeg","type":"image\/jpeg"}],"author":"Miguel Ramirez","twitter_card":"summary_large_image","twitter_misc":{"Escrito por":"Miguel Ramirez","Tiempo estimado de lectura":"3 minutos"},"schema":{"@context":"https:\/\/schema.org","@graph":[{"@type":"Article","@id":"https:\/\/noti-america.com\/site\/repdom\/2024\/07\/25\/pastoral-de-la-mujer-de-la-mesa-de-dialogo-lleva-a-cabo-conferencia-enfocada-en-los-retos-y-desafios-de-la-sociedad-actual\/#article","isPartOf":{"@id":"https:\/\/noti-america.com\/site\/repdom\/2024\/07\/25\/pastoral-de-la-mujer-de-la-mesa-de-dialogo-lleva-a-cabo-conferencia-enfocada-en-los-retos-y-desafios-de-la-sociedad-actual\/"},"author":{"name":"Miguel Ramirez","@id":"https:\/\/noti-america.com\/site\/repdom\/#\/schema\/person\/8027db7d71a0328e6e4474fa188c6fb3"},"headline":"Pastoral de la Mujer de la Mesa de Di\u00e1logo lleva a cabo conferencia enfocada en los retos y desaf\u00edos de la sociedad actual","datePublished":"2024-07-25T12:49:53+00:00","mainEntityOfPage":{"@id":"https:\/\/noti-america.com\/site\/repdom\/2024\/07\/25\/pastoral-de-la-mujer-de-la-mesa-de-dialogo-lleva-a-cabo-conferencia-enfocada-en-los-retos-y-desafios-de-la-sociedad-actual\/"},"wordCount":441,"commentCount":0,"publisher":{"@id":"https:\/\/noti-america.com\/site\/repdom\/#organization"},"image":{"@id":"https:\/\/noti-america.com\/site\/repdom\/2024\/07\/25\/pastoral-de-la-mujer-de-la-mesa-de-dialogo-lleva-a-cabo-conferencia-enfocada-en-los-retos-y-desafios-de-la-sociedad-actual\/#primaryimage"},"thumbnailUrl":"https:\/\/noti-america.com\/site\/repdom\/wp-content\/uploads\/sites\/6\/2024\/07\/5288edfc-1a1a-435f-b091-77f3e99362f4.jpeg","articleSection":["Sociales"],"inLanguage":"es","potentialAction":[{"@type":"CommentAction","name":"Comment","target":["https:\/\/noti-america.com\/site\/repdom\/2024\/07\/25\/pastoral-de-la-mujer-de-la-mesa-de-dialogo-lleva-a-cabo-conferencia-enfocada-en-los-retos-y-desafios-de-la-sociedad-actual\/#respond"]}]},{"@type":"WebPage","@id":"https:\/\/noti-america.com\/site\/repdom\/2024\/07\/25\/pastoral-de-la-mujer-de-la-mesa-de-dialogo-lleva-a-cabo-conferencia-enfocada-en-los-retos-y-desafios-de-la-sociedad-actual\/","url":"https:\/\/noti-america.com\/site\/repdom\/2024\/07\/25\/pastoral-de-la-mujer-de-la-mesa-de-dialogo-lleva-a-cabo-conferencia-enfocada-en-los-retos-y-desafios-de-la-sociedad-actual\/","name":"Pastoral de la Mujer de la Mesa de Di\u00e1logo lleva a cabo conferencia enfocada en los retos y desaf\u00edos de la sociedad actual - Rep. Dominicana | Noti-America.com","isPartOf":{"@id":"https:\/\/noti-america.com\/site\/repdom\/#website"},"primaryImageOfPage":{"@id":"https:\/\/noti-america.com\/site\/repdom\/2024\/07\/25\/pastoral-de-la-mujer-de-la-mesa-de-dialogo-lleva-a-cabo-conferencia-enfocada-en-los-retos-y-desafios-de-la-sociedad-actual\/#primaryimage"},"image":{"@id":"https:\/\/noti-america.com\/site\/repdom\/2024\/07\/25\/pastoral-de-la-mujer-de-la-mesa-de-dialogo-lleva-a-cabo-conferencia-enfocada-en-los-retos-y-desafios-de-la-sociedad-actual\/#primaryimage"},"thumbnailUrl":"https:\/\/noti-america.com\/site\/repdom\/wp-content\/uploads\/sites\/6\/2024\/07\/5288edfc-1a1a-435f-b091-77f3e99362f4.jpeg","datePublished":"2024-07-25T12:49:53+00:00","breadcrumb":{"@id":"https:\/\/noti-america.com\/site\/repdom\/2024\/07\/25\/pastoral-de-la-mujer-de-la-mesa-de-dialogo-lleva-a-cabo-conferencia-enfocada-en-los-retos-y-desafios-de-la-sociedad-actual\/#breadcrumb"},"inLanguage":"es","potentialAction":[{"@type":"ReadAction","target":["https:\/\/noti-america.com\/site\/repdom\/2024\/07\/25\/pastoral-de-la-mujer-de-la-mesa-de-dialogo-lleva-a-cabo-conferencia-enfocada-en-los-retos-y-desafios-de-la-sociedad-actual\/"]}]},{"@type":"ImageObject","inLanguage":"es","@id":"https:\/\/noti-america.com\/site\/repdom\/2024\/07\/25\/pastoral-de-la-mujer-de-la-mesa-de-dialogo-lleva-a-cabo-conferencia-enfocada-en-los-retos-y-desafios-de-la-sociedad-actual\/#primaryimage","url":"https:\/\/noti-america.com\/site\/repdom\/wp-content\/uploads\/sites\/6\/2024\/07\/5288edfc-1a1a-435f-b091-77f3e99362f4.jpeg","contentUrl":"https:\/\/noti-america.com\/site\/repdom\/wp-content\/uploads\/sites\/6\/2024\/07\/5288edfc-1a1a-435f-b091-77f3e99362f4.jpeg","width":1600,"height":799},{"@type":"BreadcrumbList","@id":"https:\/\/noti-america.com\/site\/repdom\/2024\/07\/25\/pastoral-de-la-mujer-de-la-mesa-de-dialogo-lleva-a-cabo-conferencia-enfocada-en-los-retos-y-desafios-de-la-sociedad-actual\/#breadcrumb","itemListElement":[{"@type":"ListItem","position":1,"name":"Portada","item":"https:\/\/noti-america.com\/site\/repdom\/"},{"@type":"ListItem","position":2,"name":"Pastoral de la Mujer de la Mesa de Di\u00e1logo lleva a cabo conferencia enfocada en los retos y desaf\u00edos de la sociedad actual"}]},{"@type":"WebSite","@id":"https:\/\/noti-america.com\/site\/repdom\/#website","url":"https:\/\/noti-america.com\/site\/repdom\/","name":"Rep. Dominicana | Noti-America.com","description":"","publisher":{"@id":"https:\/\/noti-america.com\/site\/repdom\/#organization"},"potentialAction":[{"@type":"SearchAction","target":{"@type":"EntryPoint","urlTemplate":"https:\/\/noti-america.com\/site\/repdom\/?s={search_term_string}"},"query-input":{"@type":"PropertyValueSpecification","valueRequired":true,"valueName":"search_term_string"}}],"inLanguage":"es"},{"@type":"Organization","@id":"https:\/\/noti-america.com\/site\/repdom\/#organization","name":"Noti-America LLC | Rep\u00fablica Dominicana","url":"https:\/\/noti-america.com\/site\/repdom\/","logo":{"@type":"ImageObject","inLanguage":"es","@id":"https:\/\/noti-america.com\/site\/repdom\/#\/schema\/logo\/image\/","url":"https:\/\/noti-america.com\/site\/repdom\/wp-content\/uploads\/sites\/6\/2020\/07\/LogoNA-4x3-1.jpg","contentUrl":"https:\/\/noti-america.com\/site\/repdom\/wp-content\/uploads\/sites\/6\/2020\/07\/LogoNA-4x3-1.jpg","width":1236,"height":1080,"caption":"Noti-America LLC | Rep\u00fablica Dominicana"},"image":{"@id":"https:\/\/noti-america.com\/site\/repdom\/#\/schema\/logo\/image\/"}},{"@type":"Person","@id":"https:\/\/noti-america.com\/site\/repdom\/#\/schema\/person\/8027db7d71a0328e6e4474fa188c6fb3","name":"Miguel Ramirez","image":{"@type":"ImageObject","inLanguage":"es","@id":"https:\/\/secure.gravatar.com\/avatar\/41a78fb2cdab3e2dc5831d3591f1dab499ed0c22acc464195b09f37c2b3ac2cf?s=96&d=mm&r=g","url":"https:\/\/secure.gravatar.com\/avatar\/41a78fb2cdab3e2dc5831d3591f1dab499ed0c22acc464195b09f37c2b3ac2cf?s=96&d=mm&r=g","contentUrl":"https:\/\/secure.gravatar.com\/avatar\/41a78fb2cdab3e2dc5831d3591f1dab499ed0c22acc464195b09f37c2b3ac2cf?s=96&d=mm&r=g","caption":"Miguel Ramirez"},"description":"Locutor y periodista digital y coach comunicaci\u00f3n","sameAs":["https:\/\/www.facebook.com\/share\/1HVE1qCqVk\/?mibextid=wwXIfr"],"url":"https:\/\/noti-america.com\/site\/repdom\/author\/mramirez\/"}]}},"_links":{"self":[{"href":"https:\/\/noti-america.com\/site\/repdom\/wp-json\/wp\/v2\/posts\/28776","targetHints":{"allow":["GET"]}}],"collection":[{"href":"https:\/\/noti-america.com\/site\/repdom\/wp-json\/wp\/v2\/posts"}],"about":[{"href":"https:\/\/noti-america.com\/site\/repdom\/wp-json\/wp\/v2\/types\/post"}],"author":[{"embeddable":true,"href":"https:\/\/noti-america.com\/site\/repdom\/wp-json\/wp\/v2\/users\/96"}],"replies":[{"embeddable":true,"href":"https:\/\/noti-america.com\/site\/repdom\/wp-json\/wp\/v2\/comments?post=28776"}],"version-history":[{"count":1,"href":"https:\/\/noti-america.com\/site\/repdom\/wp-json\/wp\/v2\/posts\/28776\/revisions"}],"predecessor-version":[{"id":28781,"href":"https:\/\/noti-america.com\/site\/repdom\/wp-json\/wp\/v2\/posts\/28776\/revisions\/28781"}],"wp:featuredmedia":[{"embeddable":true,"href":"https:\/\/noti-america.com\/site\/repdom\/wp-json\/wp\/v2\/media\/28778"}],"wp:attachment":[{"href":"https:\/\/noti-america.com\/site\/repdom\/wp-json\/wp\/v2\/media?parent=28776"}],"wp:term":[{"taxonomy":"category","embeddable":true,"href":"https:\/\/noti-america.com\/site\/repdom\/wp-json\/wp\/v2\/categories?post=28776"},{"taxonomy":"post_tag","embeddable":true,"href":"https:\/\/noti-america.com\/site\/repdom\/wp-json\/wp\/v2\/tags?post=28776"}],"curies":[{"name":"wp","href":"https:\/\/api.w.org\/{rel}","templated":true}]}}