{"id":28644,"date":"2024-07-15T23:06:53","date_gmt":"2024-07-15T23:06:53","guid":{"rendered":"https:\/\/noti-america.com\/site\/repdom\/?p=28644"},"modified":"2024-07-15T23:06:53","modified_gmt":"2024-07-15T23:06:53","slug":"abogado-francisco-alvarez-martinez-cree-cp-debe-aprobarse-con-observaciones-de-abinader","status":"publish","type":"post","link":"https:\/\/noti-america.com\/site\/repdom\/2024\/07\/15\/abogado-francisco-alvarez-martinez-cree-cp-debe-aprobarse-con-observaciones-de-abinader\/","title":{"rendered":"Abogado Francisco \u00c1lvarez Mart\u00ednez cree CP debe aprobarse con observaciones de Abinader"},"content":{"rendered":"<p><img loading=\"lazy\" decoding=\"async\" class=\"alignnone size-medium wp-image-28645\" src=\"https:\/\/noti-america.com\/site\/repdom\/wp-content\/uploads\/sites\/6\/2024\/07\/15cbeb4b-502b-45a7-b8e8-1567ca1ba96d-300x200.jpeg\" alt=\"\" width=\"300\" height=\"200\" srcset=\"https:\/\/noti-america.com\/site\/repdom\/wp-content\/uploads\/sites\/6\/2024\/07\/15cbeb4b-502b-45a7-b8e8-1567ca1ba96d-300x200.jpeg 300w, https:\/\/noti-america.com\/site\/repdom\/wp-content\/uploads\/sites\/6\/2024\/07\/15cbeb4b-502b-45a7-b8e8-1567ca1ba96d-1024x682.jpeg 1024w, https:\/\/noti-america.com\/site\/repdom\/wp-content\/uploads\/sites\/6\/2024\/07\/15cbeb4b-502b-45a7-b8e8-1567ca1ba96d-768x512.jpeg 768w, https:\/\/noti-america.com\/site\/repdom\/wp-content\/uploads\/sites\/6\/2024\/07\/15cbeb4b-502b-45a7-b8e8-1567ca1ba96d-1536x1023.jpeg 1536w, https:\/\/noti-america.com\/site\/repdom\/wp-content\/uploads\/sites\/6\/2024\/07\/15cbeb4b-502b-45a7-b8e8-1567ca1ba96d-272x182.jpeg 272w, https:\/\/noti-america.com\/site\/repdom\/wp-content\/uploads\/sites\/6\/2024\/07\/15cbeb4b-502b-45a7-b8e8-1567ca1ba96d.jpeg 1600w\" sizes=\"auto, (max-width: 300px) 100vw, 300px\" \/><\/p>\n<p>&nbsp;<\/p>\n<p>El debate del proyecto del c\u00f3digo penal y su posible aprobaci\u00f3n en la C\u00e1mara de Diputados ha generado controversia y la opini\u00f3n encontrada de distintos sectores de la sociedad que consideran, por una parte, debe pasarse para tener una nueva pieza que permita combatir nuevos delitos y, por otra que se trata de una pieza que resta derechos a poblaciones vulnerables.<\/p>\n<p>Consultado sobre este particular, el abogado penalista y docente, Francisco \u00c1lvarez Mart\u00ednez, considera que el proyecto de C\u00f3digo Penal debe aprobarse en la C\u00e1mara de Diputados pero que el presidente Luis Abinader deber\u00eda incluirle una \u201ccoletilla\u201d en la que ordene hacer nuevas leyes para ajustar temas de inter\u00e9s como las eximentes para perseguir casos de aborto.<\/p>\n<p><img loading=\"lazy\" decoding=\"async\" class=\"alignnone size-medium wp-image-28646\" src=\"https:\/\/noti-america.com\/site\/repdom\/wp-content\/uploads\/sites\/6\/2024\/07\/5f668ad1-0654-4e6f-af95-f1261558ce96-200x300.jpeg\" alt=\"\" width=\"200\" height=\"300\" srcset=\"https:\/\/noti-america.com\/site\/repdom\/wp-content\/uploads\/sites\/6\/2024\/07\/5f668ad1-0654-4e6f-af95-f1261558ce96-200x300.jpeg 200w, https:\/\/noti-america.com\/site\/repdom\/wp-content\/uploads\/sites\/6\/2024\/07\/5f668ad1-0654-4e6f-af95-f1261558ce96-682x1024.jpeg 682w, https:\/\/noti-america.com\/site\/repdom\/wp-content\/uploads\/sites\/6\/2024\/07\/5f668ad1-0654-4e6f-af95-f1261558ce96-768x1154.jpeg 768w, https:\/\/noti-america.com\/site\/repdom\/wp-content\/uploads\/sites\/6\/2024\/07\/5f668ad1-0654-4e6f-af95-f1261558ce96.jpeg 852w\" sizes=\"auto, (max-width: 200px) 100vw, 200px\" \/><\/p>\n<p>En la entrevista realizada por la periodista Katherine Hern\u00e1ndez en su programa \u201cSiendo Honestos\u201d, que es transmitido a las 10 de la noche por CDN canal 37, el abogado Francisco \u00c1lvarez asegura:<\/p>\n<p>\u201cEstamos tratando un tema de manera superficial, la punta del Iceberg con una ferocidad, sin ni siquiera entrar a la discusi\u00f3n t\u00e9cnico procesal que est\u00e1 debajo, y que es la que nos va a permitir no solamente promulgarlo sino ejecutarlo\u201d, afirm\u00f3.<\/p>\n<p>En este controversial tema que ha opacado otras importantes piezas en el debate p\u00fablico, el abogado expresa que es una necesidad de asentamiento legislativo, por un problema m\u00e9dico sanitario, que en otros pa\u00edses han tenido \u00e9xito cuando se discuten de manera adecuada de cara a la idiosincrasia del pueblo en la que se quieren introducir. Para el docente y especialista en litigio es importante destacar:<\/p>\n<p>&nbsp;<\/p>\n<p><img loading=\"lazy\" decoding=\"async\" class=\"alignnone size-medium wp-image-28647\" src=\"https:\/\/noti-america.com\/site\/repdom\/wp-content\/uploads\/sites\/6\/2024\/07\/290c0c58-1782-44c6-bbb9-fb3961604129-300x200.jpeg\" alt=\"\" width=\"300\" height=\"200\" srcset=\"https:\/\/noti-america.com\/site\/repdom\/wp-content\/uploads\/sites\/6\/2024\/07\/290c0c58-1782-44c6-bbb9-fb3961604129-300x200.jpeg 300w, https:\/\/noti-america.com\/site\/repdom\/wp-content\/uploads\/sites\/6\/2024\/07\/290c0c58-1782-44c6-bbb9-fb3961604129-1024x682.jpeg 1024w, https:\/\/noti-america.com\/site\/repdom\/wp-content\/uploads\/sites\/6\/2024\/07\/290c0c58-1782-44c6-bbb9-fb3961604129-768x512.jpeg 768w, https:\/\/noti-america.com\/site\/repdom\/wp-content\/uploads\/sites\/6\/2024\/07\/290c0c58-1782-44c6-bbb9-fb3961604129-1536x1023.jpeg 1536w, https:\/\/noti-america.com\/site\/repdom\/wp-content\/uploads\/sites\/6\/2024\/07\/290c0c58-1782-44c6-bbb9-fb3961604129-272x182.jpeg 272w, https:\/\/noti-america.com\/site\/repdom\/wp-content\/uploads\/sites\/6\/2024\/07\/290c0c58-1782-44c6-bbb9-fb3961604129.jpeg 1600w\" sizes=\"auto, (max-width: 300px) 100vw, 300px\" \/><\/p>\n<p>\u201cEn nuestro pa\u00eds no tenemos una estructura jur\u00eddico procesal que permita discriminar lo que las tres causales quieren describir al momento de hacerlo efectivo. Yo creo que si el tema se hubiese discutido en el congreso quit\u00e1ndose las vestiduras y el fanatismo y se van al aspecto t\u00e9cnico, jur\u00eddico y procesal ver\u00e1n los necesarios avances que hay en esa pieza en ese sentido\u201d<\/p>\n<p>En esa l\u00ednea afirm\u00f3 que de las tres causales hay una que sea salvado, que es cuando la vida de la madre est\u00e1 en peligro, \u201cpor lo menos normativamente, porque el art\u00edculo 112 del proyecto de c\u00f3digo dice: Cuando los doctores entiendan que la vida de la madre o del hijo est\u00e1 en peligro y hacen todos los esfuerzos cient\u00edficos y m\u00e9dicos para salvar ambas y no es posible entonces pueden interrumpir el embarazo\u201d.<\/p>\n<p>En cuanto a la causal que habla del incesto reafirma que las discusiones se deb\u00edan de hacer en el congreso, frente a especialista en salud y en gen\u00e9tica que pudieran explicar en qu\u00e9 momento del embarazo se puede hacer un examen m\u00e9dico que revelara la paternidad del ni\u00f1o para saber si fue incesto.<\/p>\n<p>\u00c1lvarez sin embargo consider\u00f3 como poco prudente el ejercicio de debate legislativo que se ha hecho pues cree que los diputados y senadores \u201clo \u00fanico que quieren saber es qui\u00e9n lo aprueba y qui\u00e9n no, el cr\u00e9dito pol\u00edtico que eso genera o las contingencias que pueda generar y cuando el congreso aborda los temas de esa forma nunca los van a probar como deber\u00edan de hacerlo\u201d, expuso.<\/p>\n<p>Art\u00edculo 37, derecho a la vida<\/p>\n<p>Durante la conversaci\u00f3n con Katherine Hern\u00e1ndez, el abogado \u00c1lvarez tambi\u00e9n habl\u00f3 sobre el art\u00edculo 37 de la construcci\u00f3n, que trata sobre el derecho a la vida y su consideraci\u00f3n sobre si es este art\u00edculo una \u201ctraba\u201d real para evitar las causales en el C\u00f3digo Penal, el abogado penalista dijo que lo est\u00e1n usando como excusa para no aprobarlas, porque \u00abaqu\u00ed tamo jarto de aprobar leyes inconstitucionales sabiendo que lo son\u00bb, declar\u00f3.<\/p>\n<p>Novedades del CP<\/p>\n<p>\u00c1lvarez explic\u00f3 que el nuevo proyecto de c\u00f3digo penal contiene tipos penales tan novedosos como necesarios, ejemplo de esto es la persecuci\u00f3n a las estafas piramidales, pues en el c\u00f3digo actual s\u00f3lo existe una configuraci\u00f3n parcial de ese delito. \u201cactualmente se hace una acci\u00f3n p\u00fablica y una privada, es decir, la persona que fue afectada debe de ir a la procuradur\u00eda a poner la denuncia, para que junto al fiscal inicie una investigaci\u00f3n, pero si esa persona deja de ir a cada citaci\u00f3n, entonces el caso se cae. En cambio, el c\u00f3digo penal que fue aprobado por el Senado recientemente promueve que, en la estafa piramidal se incluyan agravantes y dice que es de acci\u00f3n p\u00fablica, lo que significa que el Ministerio P\u00fablico puede interesarse en investigar y procesar sin que ocurra una denuncia\u201d, ponder\u00f3.<\/p>\n<p>El especialista en leyes detall\u00f3 como positivo que el instrumento en proyecto configure otros delitos como el robo de identidad, el robo de datos y el uso de esos datos sin el consentimiento de su due\u00f1o, \u201ccon esto son cuatro los delitos m\u00e1s que se perseguir\u00e1n\u201d, dijo.<\/p>\n<p>Asegura RD no est\u00e1 lista para cumulo de condena de 60 a\u00f1os<\/p>\n<p>Otro de las piezas que plantea el c\u00f3digo penal es el c\u00famulo de pena hasta un tope 60 a\u00f1os, en este punto el experto manifiesta:<\/p>\n<p>\u00abNuestro pa\u00eds no est\u00e1 listo para tener una persona que pierda su libertad por 60 a\u00f1os. !Eso es una locura! porque el simple hecho de ponerlo ah\u00ed muestra un populismo legislativo\u00bb.<\/p>\n<p>En esa l\u00ednea el abogado penalista habl\u00f3 del r\u00e9gimen penitenciario asegurando que esta en cuidados intensivos, en un hospital sin luz, donde no hay m\u00e9dicos.<\/p>\n<p>Fuente: Mar\u00eda Ramos (Equipo \u00abSiendo Honestos\u00bb)<\/p>\n<p>&nbsp;<\/p>\n<p>&nbsp;<\/p>\n<p>.<\/p>\n<p>&nbsp;<\/p>\n<p>&nbsp;<\/p>\n<p>&nbsp;<\/p>\n<p>&nbsp;<\/p>\n","protected":false},"excerpt":{"rendered":"<p>&nbsp; El debate del proyecto del c\u00f3digo penal y su posible aprobaci\u00f3n en la C\u00e1mara de Diputados ha generado controversia y la opini\u00f3n encontrada de distintos sectores de la sociedad que consideran, por una&#46;&#46;&#46;<\/p>\n","protected":false},"author":96,"featured_media":28646,"comment_status":"open","ping_status":"open","sticky":false,"template":"","format":"standard","meta":{"_acf_changed":false,"rop_custom_images_group":[],"rop_custom_messages_group":[],"rop_publish_now":"initial","rop_publish_now_accounts":[],"rop_publish_now_history":[],"rop_publish_now_status":"pending","footnotes":""},"categories":[366],"tags":[],"class_list":["post-28644","post","type-post","status-publish","format-standard","has-post-thumbnail","hentry","category-sociales"],"acf":[],"yoast_head":"<!-- This site is optimized with the Yoast SEO Premium plugin v24.9 (Yoast SEO v27.2) - https:\/\/yoast.com\/product\/yoast-seo-premium-wordpress\/ -->\n<title>Abogado Francisco \u00c1lvarez Mart\u00ednez cree CP debe aprobarse con observaciones de Abinader - Rep. Dominicana | Noti-America.com<\/title>\n<meta name=\"robots\" content=\"index, follow, max-snippet:-1, max-image-preview:large, max-video-preview:-1\" \/>\n<link rel=\"canonical\" href=\"https:\/\/noti-america.com\/site\/repdom\/2024\/07\/15\/abogado-francisco-alvarez-martinez-cree-cp-debe-aprobarse-con-observaciones-de-abinader\/\" \/>\n<meta property=\"og:locale\" content=\"es_ES\" \/>\n<meta property=\"og:type\" content=\"article\" \/>\n<meta property=\"og:title\" content=\"Abogado Francisco \u00c1lvarez Mart\u00ednez cree CP debe aprobarse con observaciones de Abinader\" \/>\n<meta property=\"og:description\" content=\"&nbsp; El debate del proyecto del c\u00f3digo penal y su posible aprobaci\u00f3n en la C\u00e1mara de Diputados ha generado controversia y la opini\u00f3n encontrada de distintos sectores de la sociedad que consideran, por una&#046;&#046;&#046;\" \/>\n<meta property=\"og:url\" content=\"https:\/\/noti-america.com\/site\/repdom\/2024\/07\/15\/abogado-francisco-alvarez-martinez-cree-cp-debe-aprobarse-con-observaciones-de-abinader\/\" \/>\n<meta property=\"og:site_name\" content=\"Rep. Dominicana | Noti-America.com\" \/>\n<meta property=\"article:author\" content=\"https:\/\/www.facebook.com\/share\/1HVE1qCqVk\/?mibextid=wwXIfr\" \/>\n<meta property=\"article:published_time\" content=\"2024-07-15T23:06:53+00:00\" \/>\n<meta property=\"og:image\" content=\"https:\/\/noti-america.com\/site\/repdom\/wp-content\/uploads\/sites\/6\/2024\/07\/5f668ad1-0654-4e6f-af95-f1261558ce96.jpeg\" \/>\n\t<meta property=\"og:image:width\" content=\"852\" \/>\n\t<meta property=\"og:image:height\" content=\"1280\" \/>\n\t<meta property=\"og:image:type\" content=\"image\/jpeg\" \/>\n<meta name=\"author\" content=\"Miguel Ramirez\" \/>\n<meta name=\"twitter:card\" content=\"summary_large_image\" \/>\n<meta name=\"twitter:label1\" content=\"Escrito por\" \/>\n\t<meta name=\"twitter:data1\" content=\"Miguel Ramirez\" \/>\n\t<meta name=\"twitter:label2\" content=\"Tiempo estimado de lectura\" \/>\n\t<meta name=\"twitter:data2\" content=\"5 minutos\" \/>\n<script type=\"application\/ld+json\" class=\"yoast-schema-graph\">{\"@context\":\"https:\/\/schema.org\",\"@graph\":[{\"@type\":\"Article\",\"@id\":\"https:\/\/noti-america.com\/site\/repdom\/2024\/07\/15\/abogado-francisco-alvarez-martinez-cree-cp-debe-aprobarse-con-observaciones-de-abinader\/#article\",\"isPartOf\":{\"@id\":\"https:\/\/noti-america.com\/site\/repdom\/2024\/07\/15\/abogado-francisco-alvarez-martinez-cree-cp-debe-aprobarse-con-observaciones-de-abinader\/\"},\"author\":{\"name\":\"Miguel Ramirez\",\"@id\":\"https:\/\/noti-america.com\/site\/repdom\/#\/schema\/person\/8027db7d71a0328e6e4474fa188c6fb3\"},\"headline\":\"Abogado Francisco \u00c1lvarez Mart\u00ednez cree CP debe aprobarse con observaciones de Abinader\",\"datePublished\":\"2024-07-15T23:06:53+00:00\",\"mainEntityOfPage\":{\"@id\":\"https:\/\/noti-america.com\/site\/repdom\/2024\/07\/15\/abogado-francisco-alvarez-martinez-cree-cp-debe-aprobarse-con-observaciones-de-abinader\/\"},\"wordCount\":958,\"commentCount\":0,\"publisher\":{\"@id\":\"https:\/\/noti-america.com\/site\/repdom\/#organization\"},\"image\":{\"@id\":\"https:\/\/noti-america.com\/site\/repdom\/2024\/07\/15\/abogado-francisco-alvarez-martinez-cree-cp-debe-aprobarse-con-observaciones-de-abinader\/#primaryimage\"},\"thumbnailUrl\":\"https:\/\/noti-america.com\/site\/repdom\/wp-content\/uploads\/sites\/6\/2024\/07\/5f668ad1-0654-4e6f-af95-f1261558ce96.jpeg\",\"articleSection\":[\"Sociales\"],\"inLanguage\":\"es\",\"potentialAction\":[{\"@type\":\"CommentAction\",\"name\":\"Comment\",\"target\":[\"https:\/\/noti-america.com\/site\/repdom\/2024\/07\/15\/abogado-francisco-alvarez-martinez-cree-cp-debe-aprobarse-con-observaciones-de-abinader\/#respond\"]}]},{\"@type\":\"WebPage\",\"@id\":\"https:\/\/noti-america.com\/site\/repdom\/2024\/07\/15\/abogado-francisco-alvarez-martinez-cree-cp-debe-aprobarse-con-observaciones-de-abinader\/\",\"url\":\"https:\/\/noti-america.com\/site\/repdom\/2024\/07\/15\/abogado-francisco-alvarez-martinez-cree-cp-debe-aprobarse-con-observaciones-de-abinader\/\",\"name\":\"Abogado Francisco \u00c1lvarez Mart\u00ednez cree CP debe aprobarse con observaciones de Abinader - Rep. Dominicana | Noti-America.com\",\"isPartOf\":{\"@id\":\"https:\/\/noti-america.com\/site\/repdom\/#website\"},\"primaryImageOfPage\":{\"@id\":\"https:\/\/noti-america.com\/site\/repdom\/2024\/07\/15\/abogado-francisco-alvarez-martinez-cree-cp-debe-aprobarse-con-observaciones-de-abinader\/#primaryimage\"},\"image\":{\"@id\":\"https:\/\/noti-america.com\/site\/repdom\/2024\/07\/15\/abogado-francisco-alvarez-martinez-cree-cp-debe-aprobarse-con-observaciones-de-abinader\/#primaryimage\"},\"thumbnailUrl\":\"https:\/\/noti-america.com\/site\/repdom\/wp-content\/uploads\/sites\/6\/2024\/07\/5f668ad1-0654-4e6f-af95-f1261558ce96.jpeg\",\"datePublished\":\"2024-07-15T23:06:53+00:00\",\"breadcrumb\":{\"@id\":\"https:\/\/noti-america.com\/site\/repdom\/2024\/07\/15\/abogado-francisco-alvarez-martinez-cree-cp-debe-aprobarse-con-observaciones-de-abinader\/#breadcrumb\"},\"inLanguage\":\"es\",\"potentialAction\":[{\"@type\":\"ReadAction\",\"target\":[\"https:\/\/noti-america.com\/site\/repdom\/2024\/07\/15\/abogado-francisco-alvarez-martinez-cree-cp-debe-aprobarse-con-observaciones-de-abinader\/\"]}]},{\"@type\":\"ImageObject\",\"inLanguage\":\"es\",\"@id\":\"https:\/\/noti-america.com\/site\/repdom\/2024\/07\/15\/abogado-francisco-alvarez-martinez-cree-cp-debe-aprobarse-con-observaciones-de-abinader\/#primaryimage\",\"url\":\"https:\/\/noti-america.com\/site\/repdom\/wp-content\/uploads\/sites\/6\/2024\/07\/5f668ad1-0654-4e6f-af95-f1261558ce96.jpeg\",\"contentUrl\":\"https:\/\/noti-america.com\/site\/repdom\/wp-content\/uploads\/sites\/6\/2024\/07\/5f668ad1-0654-4e6f-af95-f1261558ce96.jpeg\",\"width\":852,\"height\":1280},{\"@type\":\"BreadcrumbList\",\"@id\":\"https:\/\/noti-america.com\/site\/repdom\/2024\/07\/15\/abogado-francisco-alvarez-martinez-cree-cp-debe-aprobarse-con-observaciones-de-abinader\/#breadcrumb\",\"itemListElement\":[{\"@type\":\"ListItem\",\"position\":1,\"name\":\"Portada\",\"item\":\"https:\/\/noti-america.com\/site\/repdom\/\"},{\"@type\":\"ListItem\",\"position\":2,\"name\":\"Abogado Francisco \u00c1lvarez Mart\u00ednez cree CP debe aprobarse con observaciones de Abinader\"}]},{\"@type\":\"WebSite\",\"@id\":\"https:\/\/noti-america.com\/site\/repdom\/#website\",\"url\":\"https:\/\/noti-america.com\/site\/repdom\/\",\"name\":\"Rep. Dominicana | Noti-America.com\",\"description\":\"\",\"publisher\":{\"@id\":\"https:\/\/noti-america.com\/site\/repdom\/#organization\"},\"potentialAction\":[{\"@type\":\"SearchAction\",\"target\":{\"@type\":\"EntryPoint\",\"urlTemplate\":\"https:\/\/noti-america.com\/site\/repdom\/?s={search_term_string}\"},\"query-input\":{\"@type\":\"PropertyValueSpecification\",\"valueRequired\":true,\"valueName\":\"search_term_string\"}}],\"inLanguage\":\"es\"},{\"@type\":\"Organization\",\"@id\":\"https:\/\/noti-america.com\/site\/repdom\/#organization\",\"name\":\"Noti-America LLC | Rep\u00fablica Dominicana\",\"url\":\"https:\/\/noti-america.com\/site\/repdom\/\",\"logo\":{\"@type\":\"ImageObject\",\"inLanguage\":\"es\",\"@id\":\"https:\/\/noti-america.com\/site\/repdom\/#\/schema\/logo\/image\/\",\"url\":\"https:\/\/noti-america.com\/site\/repdom\/wp-content\/uploads\/sites\/6\/2020\/07\/LogoNA-4x3-1.jpg\",\"contentUrl\":\"https:\/\/noti-america.com\/site\/repdom\/wp-content\/uploads\/sites\/6\/2020\/07\/LogoNA-4x3-1.jpg\",\"width\":1236,\"height\":1080,\"caption\":\"Noti-America LLC | Rep\u00fablica Dominicana\"},\"image\":{\"@id\":\"https:\/\/noti-america.com\/site\/repdom\/#\/schema\/logo\/image\/\"}},{\"@type\":\"Person\",\"@id\":\"https:\/\/noti-america.com\/site\/repdom\/#\/schema\/person\/8027db7d71a0328e6e4474fa188c6fb3\",\"name\":\"Miguel Ramirez\",\"image\":{\"@type\":\"ImageObject\",\"inLanguage\":\"es\",\"@id\":\"https:\/\/secure.gravatar.com\/avatar\/41a78fb2cdab3e2dc5831d3591f1dab499ed0c22acc464195b09f37c2b3ac2cf?s=96&d=mm&r=g\",\"url\":\"https:\/\/secure.gravatar.com\/avatar\/41a78fb2cdab3e2dc5831d3591f1dab499ed0c22acc464195b09f37c2b3ac2cf?s=96&d=mm&r=g\",\"contentUrl\":\"https:\/\/secure.gravatar.com\/avatar\/41a78fb2cdab3e2dc5831d3591f1dab499ed0c22acc464195b09f37c2b3ac2cf?s=96&d=mm&r=g\",\"caption\":\"Miguel Ramirez\"},\"description\":\"Locutor y periodista digital y coach comunicaci\u00f3n\",\"sameAs\":[\"https:\/\/www.facebook.com\/share\/1HVE1qCqVk\/?mibextid=wwXIfr\"],\"url\":\"https:\/\/noti-america.com\/site\/repdom\/author\/mramirez\/\"}]}<\/script>\n<!-- \/ Yoast SEO Premium plugin. -->","yoast_head_json":{"title":"Abogado Francisco \u00c1lvarez Mart\u00ednez cree CP debe aprobarse con observaciones de Abinader - Rep. Dominicana | Noti-America.com","robots":{"index":"index","follow":"follow","max-snippet":"max-snippet:-1","max-image-preview":"max-image-preview:large","max-video-preview":"max-video-preview:-1"},"canonical":"https:\/\/noti-america.com\/site\/repdom\/2024\/07\/15\/abogado-francisco-alvarez-martinez-cree-cp-debe-aprobarse-con-observaciones-de-abinader\/","og_locale":"es_ES","og_type":"article","og_title":"Abogado Francisco \u00c1lvarez Mart\u00ednez cree CP debe aprobarse con observaciones de Abinader","og_description":"&nbsp; El debate del proyecto del c\u00f3digo penal y su posible aprobaci\u00f3n en la C\u00e1mara de Diputados ha generado controversia y la opini\u00f3n encontrada de distintos sectores de la sociedad que consideran, por una&#46;&#46;&#46;","og_url":"https:\/\/noti-america.com\/site\/repdom\/2024\/07\/15\/abogado-francisco-alvarez-martinez-cree-cp-debe-aprobarse-con-observaciones-de-abinader\/","og_site_name":"Rep. Dominicana | Noti-America.com","article_author":"https:\/\/www.facebook.com\/share\/1HVE1qCqVk\/?mibextid=wwXIfr","article_published_time":"2024-07-15T23:06:53+00:00","og_image":[{"width":852,"height":1280,"url":"https:\/\/noti-america.com\/site\/repdom\/wp-content\/uploads\/sites\/6\/2024\/07\/5f668ad1-0654-4e6f-af95-f1261558ce96.jpeg","type":"image\/jpeg"}],"author":"Miguel Ramirez","twitter_card":"summary_large_image","twitter_misc":{"Escrito por":"Miguel Ramirez","Tiempo estimado de lectura":"5 minutos"},"schema":{"@context":"https:\/\/schema.org","@graph":[{"@type":"Article","@id":"https:\/\/noti-america.com\/site\/repdom\/2024\/07\/15\/abogado-francisco-alvarez-martinez-cree-cp-debe-aprobarse-con-observaciones-de-abinader\/#article","isPartOf":{"@id":"https:\/\/noti-america.com\/site\/repdom\/2024\/07\/15\/abogado-francisco-alvarez-martinez-cree-cp-debe-aprobarse-con-observaciones-de-abinader\/"},"author":{"name":"Miguel Ramirez","@id":"https:\/\/noti-america.com\/site\/repdom\/#\/schema\/person\/8027db7d71a0328e6e4474fa188c6fb3"},"headline":"Abogado Francisco \u00c1lvarez Mart\u00ednez cree CP debe aprobarse con observaciones de Abinader","datePublished":"2024-07-15T23:06:53+00:00","mainEntityOfPage":{"@id":"https:\/\/noti-america.com\/site\/repdom\/2024\/07\/15\/abogado-francisco-alvarez-martinez-cree-cp-debe-aprobarse-con-observaciones-de-abinader\/"},"wordCount":958,"commentCount":0,"publisher":{"@id":"https:\/\/noti-america.com\/site\/repdom\/#organization"},"image":{"@id":"https:\/\/noti-america.com\/site\/repdom\/2024\/07\/15\/abogado-francisco-alvarez-martinez-cree-cp-debe-aprobarse-con-observaciones-de-abinader\/#primaryimage"},"thumbnailUrl":"https:\/\/noti-america.com\/site\/repdom\/wp-content\/uploads\/sites\/6\/2024\/07\/5f668ad1-0654-4e6f-af95-f1261558ce96.jpeg","articleSection":["Sociales"],"inLanguage":"es","potentialAction":[{"@type":"CommentAction","name":"Comment","target":["https:\/\/noti-america.com\/site\/repdom\/2024\/07\/15\/abogado-francisco-alvarez-martinez-cree-cp-debe-aprobarse-con-observaciones-de-abinader\/#respond"]}]},{"@type":"WebPage","@id":"https:\/\/noti-america.com\/site\/repdom\/2024\/07\/15\/abogado-francisco-alvarez-martinez-cree-cp-debe-aprobarse-con-observaciones-de-abinader\/","url":"https:\/\/noti-america.com\/site\/repdom\/2024\/07\/15\/abogado-francisco-alvarez-martinez-cree-cp-debe-aprobarse-con-observaciones-de-abinader\/","name":"Abogado Francisco \u00c1lvarez Mart\u00ednez cree CP debe aprobarse con observaciones de Abinader - Rep. Dominicana | Noti-America.com","isPartOf":{"@id":"https:\/\/noti-america.com\/site\/repdom\/#website"},"primaryImageOfPage":{"@id":"https:\/\/noti-america.com\/site\/repdom\/2024\/07\/15\/abogado-francisco-alvarez-martinez-cree-cp-debe-aprobarse-con-observaciones-de-abinader\/#primaryimage"},"image":{"@id":"https:\/\/noti-america.com\/site\/repdom\/2024\/07\/15\/abogado-francisco-alvarez-martinez-cree-cp-debe-aprobarse-con-observaciones-de-abinader\/#primaryimage"},"thumbnailUrl":"https:\/\/noti-america.com\/site\/repdom\/wp-content\/uploads\/sites\/6\/2024\/07\/5f668ad1-0654-4e6f-af95-f1261558ce96.jpeg","datePublished":"2024-07-15T23:06:53+00:00","breadcrumb":{"@id":"https:\/\/noti-america.com\/site\/repdom\/2024\/07\/15\/abogado-francisco-alvarez-martinez-cree-cp-debe-aprobarse-con-observaciones-de-abinader\/#breadcrumb"},"inLanguage":"es","potentialAction":[{"@type":"ReadAction","target":["https:\/\/noti-america.com\/site\/repdom\/2024\/07\/15\/abogado-francisco-alvarez-martinez-cree-cp-debe-aprobarse-con-observaciones-de-abinader\/"]}]},{"@type":"ImageObject","inLanguage":"es","@id":"https:\/\/noti-america.com\/site\/repdom\/2024\/07\/15\/abogado-francisco-alvarez-martinez-cree-cp-debe-aprobarse-con-observaciones-de-abinader\/#primaryimage","url":"https:\/\/noti-america.com\/site\/repdom\/wp-content\/uploads\/sites\/6\/2024\/07\/5f668ad1-0654-4e6f-af95-f1261558ce96.jpeg","contentUrl":"https:\/\/noti-america.com\/site\/repdom\/wp-content\/uploads\/sites\/6\/2024\/07\/5f668ad1-0654-4e6f-af95-f1261558ce96.jpeg","width":852,"height":1280},{"@type":"BreadcrumbList","@id":"https:\/\/noti-america.com\/site\/repdom\/2024\/07\/15\/abogado-francisco-alvarez-martinez-cree-cp-debe-aprobarse-con-observaciones-de-abinader\/#breadcrumb","itemListElement":[{"@type":"ListItem","position":1,"name":"Portada","item":"https:\/\/noti-america.com\/site\/repdom\/"},{"@type":"ListItem","position":2,"name":"Abogado Francisco \u00c1lvarez Mart\u00ednez cree CP debe aprobarse con observaciones de Abinader"}]},{"@type":"WebSite","@id":"https:\/\/noti-america.com\/site\/repdom\/#website","url":"https:\/\/noti-america.com\/site\/repdom\/","name":"Rep. Dominicana | Noti-America.com","description":"","publisher":{"@id":"https:\/\/noti-america.com\/site\/repdom\/#organization"},"potentialAction":[{"@type":"SearchAction","target":{"@type":"EntryPoint","urlTemplate":"https:\/\/noti-america.com\/site\/repdom\/?s={search_term_string}"},"query-input":{"@type":"PropertyValueSpecification","valueRequired":true,"valueName":"search_term_string"}}],"inLanguage":"es"},{"@type":"Organization","@id":"https:\/\/noti-america.com\/site\/repdom\/#organization","name":"Noti-America LLC | Rep\u00fablica Dominicana","url":"https:\/\/noti-america.com\/site\/repdom\/","logo":{"@type":"ImageObject","inLanguage":"es","@id":"https:\/\/noti-america.com\/site\/repdom\/#\/schema\/logo\/image\/","url":"https:\/\/noti-america.com\/site\/repdom\/wp-content\/uploads\/sites\/6\/2020\/07\/LogoNA-4x3-1.jpg","contentUrl":"https:\/\/noti-america.com\/site\/repdom\/wp-content\/uploads\/sites\/6\/2020\/07\/LogoNA-4x3-1.jpg","width":1236,"height":1080,"caption":"Noti-America LLC | Rep\u00fablica Dominicana"},"image":{"@id":"https:\/\/noti-america.com\/site\/repdom\/#\/schema\/logo\/image\/"}},{"@type":"Person","@id":"https:\/\/noti-america.com\/site\/repdom\/#\/schema\/person\/8027db7d71a0328e6e4474fa188c6fb3","name":"Miguel Ramirez","image":{"@type":"ImageObject","inLanguage":"es","@id":"https:\/\/secure.gravatar.com\/avatar\/41a78fb2cdab3e2dc5831d3591f1dab499ed0c22acc464195b09f37c2b3ac2cf?s=96&d=mm&r=g","url":"https:\/\/secure.gravatar.com\/avatar\/41a78fb2cdab3e2dc5831d3591f1dab499ed0c22acc464195b09f37c2b3ac2cf?s=96&d=mm&r=g","contentUrl":"https:\/\/secure.gravatar.com\/avatar\/41a78fb2cdab3e2dc5831d3591f1dab499ed0c22acc464195b09f37c2b3ac2cf?s=96&d=mm&r=g","caption":"Miguel Ramirez"},"description":"Locutor y periodista digital y coach comunicaci\u00f3n","sameAs":["https:\/\/www.facebook.com\/share\/1HVE1qCqVk\/?mibextid=wwXIfr"],"url":"https:\/\/noti-america.com\/site\/repdom\/author\/mramirez\/"}]}},"_links":{"self":[{"href":"https:\/\/noti-america.com\/site\/repdom\/wp-json\/wp\/v2\/posts\/28644","targetHints":{"allow":["GET"]}}],"collection":[{"href":"https:\/\/noti-america.com\/site\/repdom\/wp-json\/wp\/v2\/posts"}],"about":[{"href":"https:\/\/noti-america.com\/site\/repdom\/wp-json\/wp\/v2\/types\/post"}],"author":[{"embeddable":true,"href":"https:\/\/noti-america.com\/site\/repdom\/wp-json\/wp\/v2\/users\/96"}],"replies":[{"embeddable":true,"href":"https:\/\/noti-america.com\/site\/repdom\/wp-json\/wp\/v2\/comments?post=28644"}],"version-history":[{"count":1,"href":"https:\/\/noti-america.com\/site\/repdom\/wp-json\/wp\/v2\/posts\/28644\/revisions"}],"predecessor-version":[{"id":28650,"href":"https:\/\/noti-america.com\/site\/repdom\/wp-json\/wp\/v2\/posts\/28644\/revisions\/28650"}],"wp:featuredmedia":[{"embeddable":true,"href":"https:\/\/noti-america.com\/site\/repdom\/wp-json\/wp\/v2\/media\/28646"}],"wp:attachment":[{"href":"https:\/\/noti-america.com\/site\/repdom\/wp-json\/wp\/v2\/media?parent=28644"}],"wp:term":[{"taxonomy":"category","embeddable":true,"href":"https:\/\/noti-america.com\/site\/repdom\/wp-json\/wp\/v2\/categories?post=28644"},{"taxonomy":"post_tag","embeddable":true,"href":"https:\/\/noti-america.com\/site\/repdom\/wp-json\/wp\/v2\/tags?post=28644"}],"curies":[{"name":"wp","href":"https:\/\/api.w.org\/{rel}","templated":true}]}}