{"id":28392,"date":"2024-06-25T01:34:48","date_gmt":"2024-06-25T01:34:48","guid":{"rendered":"https:\/\/noti-america.com\/site\/repdom\/2024\/06\/25\/iglesia-mahanaim-inicia-construccion-de-nuevo-templo-en-la-romana-rep-dom-3\/"},"modified":"2024-06-25T01:34:48","modified_gmt":"2024-06-25T01:34:48","slug":"iglesia-mahanaim-inicia-construccion-de-nuevo-templo-en-la-romana-rep-dom-3","status":"publish","type":"post","link":"https:\/\/noti-america.com\/site\/repdom\/2024\/06\/25\/iglesia-mahanaim-inicia-construccion-de-nuevo-templo-en-la-romana-rep-dom-3\/","title":{"rendered":"Iglesia Mahanaim inicia construcci\u00f3n de nuevo templo en La Romana, Rep. Dom."},"content":{"rendered":"<p><img loading=\"lazy\" decoding=\"async\" class=\"alignnone size-medium wp-image-28384\" src=\"https:\/\/noti-america.com\/site\/repdom\/wp-content\/uploads\/sites\/6\/2024\/06\/4655f1c2-d417-4727-a051-115accd47fe3-300x168.jpeg\" alt=\"\" width=\"300\" height=\"168\" srcset=\"https:\/\/noti-america.com\/site\/repdom\/wp-content\/uploads\/sites\/6\/2024\/06\/4655f1c2-d417-4727-a051-115accd47fe3-300x168.jpeg 300w, https:\/\/noti-america.com\/site\/repdom\/wp-content\/uploads\/sites\/6\/2024\/06\/4655f1c2-d417-4727-a051-115accd47fe3-1024x575.jpeg 1024w, https:\/\/noti-america.com\/site\/repdom\/wp-content\/uploads\/sites\/6\/2024\/06\/4655f1c2-d417-4727-a051-115accd47fe3-768x431.jpeg 768w, https:\/\/noti-america.com\/site\/repdom\/wp-content\/uploads\/sites\/6\/2024\/06\/4655f1c2-d417-4727-a051-115accd47fe3-1536x863.jpeg 1536w, https:\/\/noti-america.com\/site\/repdom\/wp-content\/uploads\/sites\/6\/2024\/06\/4655f1c2-d417-4727-a051-115accd47fe3-2048x1150.jpeg 2048w\" sizes=\"auto, (max-width: 300px) 100vw, 300px\" \/><\/p>\n<p>&nbsp;<\/p>\n<p>New York. USA &#8211; Junio 2024. El Centro de Fe y Restauraci\u00f3n Espiritual Mahanaim, la cual es la marca de iglesias pertenecientes al Ministerio La Batalla de la Fe Inc., instituci\u00f3n eclesi\u00e1stica que por m\u00e1s de medio siglo se ha dedicado a pregonar la doctrina cristiana y la preservaci\u00f3n de los valores a trav\u00e9s de los medios y los eventos multitudinarios, di\u00f3 este domingo el primer picazo de apertura para la construcci\u00f3n de un nuevo y moderno templo.<\/p>\n<p><img loading=\"lazy\" decoding=\"async\" class=\"alignnone size-medium wp-image-28386\" src=\"https:\/\/noti-america.com\/site\/repdom\/wp-content\/uploads\/sites\/6\/2024\/06\/c2418b3c-9cee-4f6f-8877-c4e145ab79cf-300x175.jpeg\" alt=\"\" width=\"300\" height=\"175\" srcset=\"https:\/\/noti-america.com\/site\/repdom\/wp-content\/uploads\/sites\/6\/2024\/06\/c2418b3c-9cee-4f6f-8877-c4e145ab79cf-300x175.jpeg 300w, https:\/\/noti-america.com\/site\/repdom\/wp-content\/uploads\/sites\/6\/2024\/06\/c2418b3c-9cee-4f6f-8877-c4e145ab79cf-1024x596.jpeg 1024w, https:\/\/noti-america.com\/site\/repdom\/wp-content\/uploads\/sites\/6\/2024\/06\/c2418b3c-9cee-4f6f-8877-c4e145ab79cf-768x447.jpeg 768w, https:\/\/noti-america.com\/site\/repdom\/wp-content\/uploads\/sites\/6\/2024\/06\/c2418b3c-9cee-4f6f-8877-c4e145ab79cf.jpeg 1280w\" sizes=\"auto, (max-width: 300px) 100vw, 300px\" \/><\/p>\n<p>\u201cLuego de 10 a\u00f1os de continua oraci\u00f3n, y espera hoy podemos ver la respuesta de Dios para su iglesia. Es un paso grande e importante el que damos, pero estamos confiados y expectantes de que veremos la mano de Dios obrar a nuestro favor en este proyecto, el cual hemos puesto por nombre Cana\u00e1n\u201d. -Declar\u00f3 en la tarde de este domingo, el pastor y vicepresidente del Ministerio La Batalla de La Fe, Ezequiel Molina Hijo.<\/p>\n<p><img loading=\"lazy\" decoding=\"async\" class=\"alignnone size-medium wp-image-28388\" src=\"https:\/\/noti-america.com\/site\/repdom\/wp-content\/uploads\/sites\/6\/2024\/06\/37e1d3e2-336d-47f3-a445-22e8ebf0e6ee-300x200.jpeg\" alt=\"\" width=\"300\" height=\"200\" srcset=\"https:\/\/noti-america.com\/site\/repdom\/wp-content\/uploads\/sites\/6\/2024\/06\/37e1d3e2-336d-47f3-a445-22e8ebf0e6ee-300x200.jpeg 300w, https:\/\/noti-america.com\/site\/repdom\/wp-content\/uploads\/sites\/6\/2024\/06\/37e1d3e2-336d-47f3-a445-22e8ebf0e6ee-1024x683.jpeg 1024w, https:\/\/noti-america.com\/site\/repdom\/wp-content\/uploads\/sites\/6\/2024\/06\/37e1d3e2-336d-47f3-a445-22e8ebf0e6ee-768x512.jpeg 768w, https:\/\/noti-america.com\/site\/repdom\/wp-content\/uploads\/sites\/6\/2024\/06\/37e1d3e2-336d-47f3-a445-22e8ebf0e6ee-1536x1024.jpeg 1536w, https:\/\/noti-america.com\/site\/repdom\/wp-content\/uploads\/sites\/6\/2024\/06\/37e1d3e2-336d-47f3-a445-22e8ebf0e6ee-2048x1366.jpeg 2048w, https:\/\/noti-america.com\/site\/repdom\/wp-content\/uploads\/sites\/6\/2024\/06\/37e1d3e2-336d-47f3-a445-22e8ebf0e6ee-272x182.jpeg 272w\" sizes=\"auto, (max-width: 300px) 100vw, 300px\" \/><\/p>\n<p>El nuevo templo que estar\u00e1 ubicado en la Av. Francisco Alberto Caama\u00f1o De\u00f1\u00f3 en la ciudad de La Romana, contar\u00e1 con un auditorio con una capacidad para reunir cerca de dos mil personas, junto con un edificio de cuatro niveles donde tendr\u00e1n \u00e1reas de esparcimiento com\u00fan, salones de clase, \u00e1rea de cuidado infantil, y una planta completa para el desarrollo de sus medios de comunicaci\u00f3n (emisora y canal televisivo).<\/p>\n<p>La construcci\u00f3n, la cual inici\u00f3 con este acto, se estima que culminar\u00e1 en verano del 2025.<br \/>\nSobre el Ministerio La Batalla de la Fe Inc.<br \/>\nLa Batalla de la Fe Inc. es una instituci\u00f3n de gran trascendencia en toda Rep\u00fablica Dominicana tras cumplir durante m\u00e1s de 60 a\u00f1os con el rol de promover la doctrina cristiana y sus valores a trav\u00e9s de los medios de comunicaci\u00f3n y eventos multitudinarios.<\/p>\n<p><img loading=\"lazy\" decoding=\"async\" class=\"alignnone size-medium wp-image-28385\" src=\"https:\/\/noti-america.com\/site\/repdom\/wp-content\/uploads\/sites\/6\/2024\/06\/03e9297e-b81a-4b55-987f-802e85e6be35-300x200.jpeg\" alt=\"\" width=\"300\" height=\"200\" srcset=\"https:\/\/noti-america.com\/site\/repdom\/wp-content\/uploads\/sites\/6\/2024\/06\/03e9297e-b81a-4b55-987f-802e85e6be35-300x200.jpeg 300w, https:\/\/noti-america.com\/site\/repdom\/wp-content\/uploads\/sites\/6\/2024\/06\/03e9297e-b81a-4b55-987f-802e85e6be35-1024x682.jpeg 1024w, https:\/\/noti-america.com\/site\/repdom\/wp-content\/uploads\/sites\/6\/2024\/06\/03e9297e-b81a-4b55-987f-802e85e6be35-768x511.jpeg 768w, https:\/\/noti-america.com\/site\/repdom\/wp-content\/uploads\/sites\/6\/2024\/06\/03e9297e-b81a-4b55-987f-802e85e6be35-272x182.jpeg 272w, https:\/\/noti-america.com\/site\/repdom\/wp-content\/uploads\/sites\/6\/2024\/06\/03e9297e-b81a-4b55-987f-802e85e6be35.jpeg 1280w\" sizes=\"auto, (max-width: 300px) 100vw, 300px\" \/><\/p>\n<p>Fungiendo como voz e instituci\u00f3n representante del evangelio dentro de la primada de Am\u00e9rica. En el 1989 esta lanza su primera estaci\u00f3n de radio la cual hoy es conocida como la cadena de emisoras radio V.E.N. (por sus siglas \u201cVoz Evang\u00e9lica Nacional\u201d) en sus diferentes frecuencias: 105.5 fm para la regi\u00f3n Este, 92.9 fm para la regi\u00f3n Sur del pa\u00eds, y en los 1200 am para la provincia de Santo Domingo y zonas aleda\u00f1as.<\/p>\n<p>En el 2004 lanza su l\u00ednea de iglesias bajo la marca Centro de Fe y Restauraci\u00f3n Espiritual Mahanaim. En el 2012 inici\u00f3 la transmisi\u00f3n de contenido televisivo a trav\u00e9s de su canal Cielo TV el cual cuenta con una cobertura de nivel nacional e internacional. M\u00e1s tarde en el 2022 relanza su l\u00ednea de librer\u00eda, ahora tienda oficial bajo el nombre de La Batalla Store. Y finalmente en el 2023 relanza su fundaci\u00f3n de ayuda social bajo la marca de Misericordia.<\/p>\n<p>Fuente: Admirable Agency Group by NP Productions<\/p>\n<p>&nbsp;<\/p>\n<p>.<\/p>\n<p>&nbsp;<\/p>\n<p>&nbsp;<\/p>\n<p>&nbsp;<\/p>\n<p>&nbsp;<\/p>\n","protected":false},"excerpt":{"rendered":"<p>&nbsp; New York. USA &#8211; Junio 2024. El Centro de Fe y Restauraci\u00f3n Espiritual Mahanaim, la cual es la marca de iglesias pertenecientes al Ministerio La Batalla de la Fe Inc., instituci\u00f3n eclesi\u00e1stica que&#46;&#46;&#46;<\/p>\n","protected":false},"author":96,"featured_media":28390,"comment_status":"open","ping_status":"open","sticky":false,"template":"","format":"standard","meta":{"_acf_changed":false,"rop_custom_images_group":[],"rop_custom_messages_group":[],"rop_publish_now":"initial","rop_publish_now_accounts":[],"rop_publish_now_history":[],"rop_publish_now_status":"pending","footnotes":""},"categories":[366],"tags":[],"class_list":["post-28392","post","type-post","status-publish","format-standard","has-post-thumbnail","hentry","category-sociales"],"acf":[],"yoast_head":"<!-- This site is optimized with the Yoast SEO Premium plugin v24.9 (Yoast SEO v27.2) - https:\/\/yoast.com\/product\/yoast-seo-premium-wordpress\/ -->\n<title>Iglesia Mahanaim inicia construcci\u00f3n de nuevo templo en La Romana, Rep. Dom. - Rep. Dominicana | Noti-America.com<\/title>\n<meta name=\"robots\" content=\"index, follow, max-snippet:-1, max-image-preview:large, max-video-preview:-1\" \/>\n<link rel=\"canonical\" href=\"https:\/\/noti-america.com\/site\/repdom\/2024\/06\/25\/iglesia-mahanaim-inicia-construccion-de-nuevo-templo-en-la-romana-rep-dom-3\/\" \/>\n<meta property=\"og:locale\" content=\"es_ES\" \/>\n<meta property=\"og:type\" content=\"article\" \/>\n<meta property=\"og:title\" content=\"Iglesia Mahanaim inicia construcci\u00f3n de nuevo templo en La Romana, Rep. Dom.\" \/>\n<meta property=\"og:description\" content=\"&nbsp; New York. USA &#8211; Junio 2024. El Centro de Fe y Restauraci\u00f3n Espiritual Mahanaim, la cual es la marca de iglesias pertenecientes al Ministerio La Batalla de la Fe Inc., instituci\u00f3n eclesi\u00e1stica que&#046;&#046;&#046;\" \/>\n<meta property=\"og:url\" content=\"https:\/\/noti-america.com\/site\/repdom\/2024\/06\/25\/iglesia-mahanaim-inicia-construccion-de-nuevo-templo-en-la-romana-rep-dom-3\/\" \/>\n<meta property=\"og:site_name\" content=\"Rep. Dominicana | Noti-America.com\" \/>\n<meta property=\"article:author\" content=\"https:\/\/www.facebook.com\/share\/1HVE1qCqVk\/?mibextid=wwXIfr\" \/>\n<meta property=\"article:published_time\" content=\"2024-06-25T01:34:48+00:00\" \/>\n<meta property=\"og:image\" content=\"https:\/\/noti-america.com\/site\/repdom\/wp-content\/uploads\/sites\/6\/2024\/06\/c1227562-63d0-4d78-930b-51c2e66d563a-scaled.jpeg\" \/>\n\t<meta property=\"og:image:width\" content=\"2560\" \/>\n\t<meta property=\"og:image:height\" content=\"1707\" \/>\n\t<meta property=\"og:image:type\" content=\"image\/jpeg\" \/>\n<meta name=\"author\" content=\"Miguel Ramirez\" \/>\n<meta name=\"twitter:card\" content=\"summary_large_image\" \/>\n<meta name=\"twitter:label1\" content=\"Escrito por\" \/>\n\t<meta name=\"twitter:data1\" content=\"Miguel Ramirez\" \/>\n\t<meta name=\"twitter:label2\" content=\"Tiempo estimado de lectura\" \/>\n\t<meta name=\"twitter:data2\" content=\"4 minutos\" \/>\n<script type=\"application\/ld+json\" class=\"yoast-schema-graph\">{\"@context\":\"https:\/\/schema.org\",\"@graph\":[{\"@type\":\"Article\",\"@id\":\"https:\/\/noti-america.com\/site\/repdom\/2024\/06\/25\/iglesia-mahanaim-inicia-construccion-de-nuevo-templo-en-la-romana-rep-dom-3\/#article\",\"isPartOf\":{\"@id\":\"https:\/\/noti-america.com\/site\/repdom\/2024\/06\/25\/iglesia-mahanaim-inicia-construccion-de-nuevo-templo-en-la-romana-rep-dom-3\/\"},\"author\":{\"name\":\"Miguel Ramirez\",\"@id\":\"https:\/\/noti-america.com\/site\/repdom\/#\/schema\/person\/8027db7d71a0328e6e4474fa188c6fb3\"},\"headline\":\"Iglesia Mahanaim inicia construcci\u00f3n de nuevo templo en La Romana, Rep. Dom.\",\"datePublished\":\"2024-06-25T01:34:48+00:00\",\"mainEntityOfPage\":{\"@id\":\"https:\/\/noti-america.com\/site\/repdom\/2024\/06\/25\/iglesia-mahanaim-inicia-construccion-de-nuevo-templo-en-la-romana-rep-dom-3\/\"},\"wordCount\":499,\"commentCount\":0,\"publisher\":{\"@id\":\"https:\/\/noti-america.com\/site\/repdom\/#organization\"},\"image\":{\"@id\":\"https:\/\/noti-america.com\/site\/repdom\/2024\/06\/25\/iglesia-mahanaim-inicia-construccion-de-nuevo-templo-en-la-romana-rep-dom-3\/#primaryimage\"},\"thumbnailUrl\":\"https:\/\/noti-america.com\/site\/repdom\/wp-content\/uploads\/sites\/6\/2024\/06\/c1227562-63d0-4d78-930b-51c2e66d563a-scaled.jpeg\",\"articleSection\":[\"Sociales\"],\"inLanguage\":\"es\",\"potentialAction\":[{\"@type\":\"CommentAction\",\"name\":\"Comment\",\"target\":[\"https:\/\/noti-america.com\/site\/repdom\/2024\/06\/25\/iglesia-mahanaim-inicia-construccion-de-nuevo-templo-en-la-romana-rep-dom-3\/#respond\"]}]},{\"@type\":\"WebPage\",\"@id\":\"https:\/\/noti-america.com\/site\/repdom\/2024\/06\/25\/iglesia-mahanaim-inicia-construccion-de-nuevo-templo-en-la-romana-rep-dom-3\/\",\"url\":\"https:\/\/noti-america.com\/site\/repdom\/2024\/06\/25\/iglesia-mahanaim-inicia-construccion-de-nuevo-templo-en-la-romana-rep-dom-3\/\",\"name\":\"Iglesia Mahanaim inicia construcci\u00f3n de nuevo templo en La Romana, Rep. Dom. - Rep. Dominicana | Noti-America.com\",\"isPartOf\":{\"@id\":\"https:\/\/noti-america.com\/site\/repdom\/#website\"},\"primaryImageOfPage\":{\"@id\":\"https:\/\/noti-america.com\/site\/repdom\/2024\/06\/25\/iglesia-mahanaim-inicia-construccion-de-nuevo-templo-en-la-romana-rep-dom-3\/#primaryimage\"},\"image\":{\"@id\":\"https:\/\/noti-america.com\/site\/repdom\/2024\/06\/25\/iglesia-mahanaim-inicia-construccion-de-nuevo-templo-en-la-romana-rep-dom-3\/#primaryimage\"},\"thumbnailUrl\":\"https:\/\/noti-america.com\/site\/repdom\/wp-content\/uploads\/sites\/6\/2024\/06\/c1227562-63d0-4d78-930b-51c2e66d563a-scaled.jpeg\",\"datePublished\":\"2024-06-25T01:34:48+00:00\",\"breadcrumb\":{\"@id\":\"https:\/\/noti-america.com\/site\/repdom\/2024\/06\/25\/iglesia-mahanaim-inicia-construccion-de-nuevo-templo-en-la-romana-rep-dom-3\/#breadcrumb\"},\"inLanguage\":\"es\",\"potentialAction\":[{\"@type\":\"ReadAction\",\"target\":[\"https:\/\/noti-america.com\/site\/repdom\/2024\/06\/25\/iglesia-mahanaim-inicia-construccion-de-nuevo-templo-en-la-romana-rep-dom-3\/\"]}]},{\"@type\":\"ImageObject\",\"inLanguage\":\"es\",\"@id\":\"https:\/\/noti-america.com\/site\/repdom\/2024\/06\/25\/iglesia-mahanaim-inicia-construccion-de-nuevo-templo-en-la-romana-rep-dom-3\/#primaryimage\",\"url\":\"https:\/\/noti-america.com\/site\/repdom\/wp-content\/uploads\/sites\/6\/2024\/06\/c1227562-63d0-4d78-930b-51c2e66d563a-scaled.jpeg\",\"contentUrl\":\"https:\/\/noti-america.com\/site\/repdom\/wp-content\/uploads\/sites\/6\/2024\/06\/c1227562-63d0-4d78-930b-51c2e66d563a-scaled.jpeg\",\"width\":2560,\"height\":1707},{\"@type\":\"BreadcrumbList\",\"@id\":\"https:\/\/noti-america.com\/site\/repdom\/2024\/06\/25\/iglesia-mahanaim-inicia-construccion-de-nuevo-templo-en-la-romana-rep-dom-3\/#breadcrumb\",\"itemListElement\":[{\"@type\":\"ListItem\",\"position\":1,\"name\":\"Portada\",\"item\":\"https:\/\/noti-america.com\/site\/repdom\/\"},{\"@type\":\"ListItem\",\"position\":2,\"name\":\"Iglesia Mahanaim inicia construcci\u00f3n de nuevo templo en La Romana, Rep. Dom.\"}]},{\"@type\":\"WebSite\",\"@id\":\"https:\/\/noti-america.com\/site\/repdom\/#website\",\"url\":\"https:\/\/noti-america.com\/site\/repdom\/\",\"name\":\"Rep. Dominicana | Noti-America.com\",\"description\":\"\",\"publisher\":{\"@id\":\"https:\/\/noti-america.com\/site\/repdom\/#organization\"},\"potentialAction\":[{\"@type\":\"SearchAction\",\"target\":{\"@type\":\"EntryPoint\",\"urlTemplate\":\"https:\/\/noti-america.com\/site\/repdom\/?s={search_term_string}\"},\"query-input\":{\"@type\":\"PropertyValueSpecification\",\"valueRequired\":true,\"valueName\":\"search_term_string\"}}],\"inLanguage\":\"es\"},{\"@type\":\"Organization\",\"@id\":\"https:\/\/noti-america.com\/site\/repdom\/#organization\",\"name\":\"Noti-America LLC | Rep\u00fablica Dominicana\",\"url\":\"https:\/\/noti-america.com\/site\/repdom\/\",\"logo\":{\"@type\":\"ImageObject\",\"inLanguage\":\"es\",\"@id\":\"https:\/\/noti-america.com\/site\/repdom\/#\/schema\/logo\/image\/\",\"url\":\"https:\/\/noti-america.com\/site\/repdom\/wp-content\/uploads\/sites\/6\/2020\/07\/LogoNA-4x3-1.jpg\",\"contentUrl\":\"https:\/\/noti-america.com\/site\/repdom\/wp-content\/uploads\/sites\/6\/2020\/07\/LogoNA-4x3-1.jpg\",\"width\":1236,\"height\":1080,\"caption\":\"Noti-America LLC | Rep\u00fablica Dominicana\"},\"image\":{\"@id\":\"https:\/\/noti-america.com\/site\/repdom\/#\/schema\/logo\/image\/\"}},{\"@type\":\"Person\",\"@id\":\"https:\/\/noti-america.com\/site\/repdom\/#\/schema\/person\/8027db7d71a0328e6e4474fa188c6fb3\",\"name\":\"Miguel Ramirez\",\"image\":{\"@type\":\"ImageObject\",\"inLanguage\":\"es\",\"@id\":\"https:\/\/secure.gravatar.com\/avatar\/41a78fb2cdab3e2dc5831d3591f1dab499ed0c22acc464195b09f37c2b3ac2cf?s=96&d=mm&r=g\",\"url\":\"https:\/\/secure.gravatar.com\/avatar\/41a78fb2cdab3e2dc5831d3591f1dab499ed0c22acc464195b09f37c2b3ac2cf?s=96&d=mm&r=g\",\"contentUrl\":\"https:\/\/secure.gravatar.com\/avatar\/41a78fb2cdab3e2dc5831d3591f1dab499ed0c22acc464195b09f37c2b3ac2cf?s=96&d=mm&r=g\",\"caption\":\"Miguel Ramirez\"},\"description\":\"Locutor y periodista digital y coach comunicaci\u00f3n\",\"sameAs\":[\"https:\/\/www.facebook.com\/share\/1HVE1qCqVk\/?mibextid=wwXIfr\"],\"url\":\"https:\/\/noti-america.com\/site\/repdom\/author\/mramirez\/\"}]}<\/script>\n<!-- \/ Yoast SEO Premium plugin. -->","yoast_head_json":{"title":"Iglesia Mahanaim inicia construcci\u00f3n de nuevo templo en La Romana, Rep. Dom. - Rep. Dominicana | Noti-America.com","robots":{"index":"index","follow":"follow","max-snippet":"max-snippet:-1","max-image-preview":"max-image-preview:large","max-video-preview":"max-video-preview:-1"},"canonical":"https:\/\/noti-america.com\/site\/repdom\/2024\/06\/25\/iglesia-mahanaim-inicia-construccion-de-nuevo-templo-en-la-romana-rep-dom-3\/","og_locale":"es_ES","og_type":"article","og_title":"Iglesia Mahanaim inicia construcci\u00f3n de nuevo templo en La Romana, Rep. Dom.","og_description":"&nbsp; New York. USA &#8211; Junio 2024. El Centro de Fe y Restauraci\u00f3n Espiritual Mahanaim, la cual es la marca de iglesias pertenecientes al Ministerio La Batalla de la Fe Inc., instituci\u00f3n eclesi\u00e1stica que&#46;&#46;&#46;","og_url":"https:\/\/noti-america.com\/site\/repdom\/2024\/06\/25\/iglesia-mahanaim-inicia-construccion-de-nuevo-templo-en-la-romana-rep-dom-3\/","og_site_name":"Rep. Dominicana | Noti-America.com","article_author":"https:\/\/www.facebook.com\/share\/1HVE1qCqVk\/?mibextid=wwXIfr","article_published_time":"2024-06-25T01:34:48+00:00","og_image":[{"width":2560,"height":1707,"url":"https:\/\/noti-america.com\/site\/repdom\/wp-content\/uploads\/sites\/6\/2024\/06\/c1227562-63d0-4d78-930b-51c2e66d563a-scaled.jpeg","type":"image\/jpeg"}],"author":"Miguel Ramirez","twitter_card":"summary_large_image","twitter_misc":{"Escrito por":"Miguel Ramirez","Tiempo estimado de lectura":"4 minutos"},"schema":{"@context":"https:\/\/schema.org","@graph":[{"@type":"Article","@id":"https:\/\/noti-america.com\/site\/repdom\/2024\/06\/25\/iglesia-mahanaim-inicia-construccion-de-nuevo-templo-en-la-romana-rep-dom-3\/#article","isPartOf":{"@id":"https:\/\/noti-america.com\/site\/repdom\/2024\/06\/25\/iglesia-mahanaim-inicia-construccion-de-nuevo-templo-en-la-romana-rep-dom-3\/"},"author":{"name":"Miguel Ramirez","@id":"https:\/\/noti-america.com\/site\/repdom\/#\/schema\/person\/8027db7d71a0328e6e4474fa188c6fb3"},"headline":"Iglesia Mahanaim inicia construcci\u00f3n de nuevo templo en La Romana, Rep. Dom.","datePublished":"2024-06-25T01:34:48+00:00","mainEntityOfPage":{"@id":"https:\/\/noti-america.com\/site\/repdom\/2024\/06\/25\/iglesia-mahanaim-inicia-construccion-de-nuevo-templo-en-la-romana-rep-dom-3\/"},"wordCount":499,"commentCount":0,"publisher":{"@id":"https:\/\/noti-america.com\/site\/repdom\/#organization"},"image":{"@id":"https:\/\/noti-america.com\/site\/repdom\/2024\/06\/25\/iglesia-mahanaim-inicia-construccion-de-nuevo-templo-en-la-romana-rep-dom-3\/#primaryimage"},"thumbnailUrl":"https:\/\/noti-america.com\/site\/repdom\/wp-content\/uploads\/sites\/6\/2024\/06\/c1227562-63d0-4d78-930b-51c2e66d563a-scaled.jpeg","articleSection":["Sociales"],"inLanguage":"es","potentialAction":[{"@type":"CommentAction","name":"Comment","target":["https:\/\/noti-america.com\/site\/repdom\/2024\/06\/25\/iglesia-mahanaim-inicia-construccion-de-nuevo-templo-en-la-romana-rep-dom-3\/#respond"]}]},{"@type":"WebPage","@id":"https:\/\/noti-america.com\/site\/repdom\/2024\/06\/25\/iglesia-mahanaim-inicia-construccion-de-nuevo-templo-en-la-romana-rep-dom-3\/","url":"https:\/\/noti-america.com\/site\/repdom\/2024\/06\/25\/iglesia-mahanaim-inicia-construccion-de-nuevo-templo-en-la-romana-rep-dom-3\/","name":"Iglesia Mahanaim inicia construcci\u00f3n de nuevo templo en La Romana, Rep. Dom. - Rep. Dominicana | Noti-America.com","isPartOf":{"@id":"https:\/\/noti-america.com\/site\/repdom\/#website"},"primaryImageOfPage":{"@id":"https:\/\/noti-america.com\/site\/repdom\/2024\/06\/25\/iglesia-mahanaim-inicia-construccion-de-nuevo-templo-en-la-romana-rep-dom-3\/#primaryimage"},"image":{"@id":"https:\/\/noti-america.com\/site\/repdom\/2024\/06\/25\/iglesia-mahanaim-inicia-construccion-de-nuevo-templo-en-la-romana-rep-dom-3\/#primaryimage"},"thumbnailUrl":"https:\/\/noti-america.com\/site\/repdom\/wp-content\/uploads\/sites\/6\/2024\/06\/c1227562-63d0-4d78-930b-51c2e66d563a-scaled.jpeg","datePublished":"2024-06-25T01:34:48+00:00","breadcrumb":{"@id":"https:\/\/noti-america.com\/site\/repdom\/2024\/06\/25\/iglesia-mahanaim-inicia-construccion-de-nuevo-templo-en-la-romana-rep-dom-3\/#breadcrumb"},"inLanguage":"es","potentialAction":[{"@type":"ReadAction","target":["https:\/\/noti-america.com\/site\/repdom\/2024\/06\/25\/iglesia-mahanaim-inicia-construccion-de-nuevo-templo-en-la-romana-rep-dom-3\/"]}]},{"@type":"ImageObject","inLanguage":"es","@id":"https:\/\/noti-america.com\/site\/repdom\/2024\/06\/25\/iglesia-mahanaim-inicia-construccion-de-nuevo-templo-en-la-romana-rep-dom-3\/#primaryimage","url":"https:\/\/noti-america.com\/site\/repdom\/wp-content\/uploads\/sites\/6\/2024\/06\/c1227562-63d0-4d78-930b-51c2e66d563a-scaled.jpeg","contentUrl":"https:\/\/noti-america.com\/site\/repdom\/wp-content\/uploads\/sites\/6\/2024\/06\/c1227562-63d0-4d78-930b-51c2e66d563a-scaled.jpeg","width":2560,"height":1707},{"@type":"BreadcrumbList","@id":"https:\/\/noti-america.com\/site\/repdom\/2024\/06\/25\/iglesia-mahanaim-inicia-construccion-de-nuevo-templo-en-la-romana-rep-dom-3\/#breadcrumb","itemListElement":[{"@type":"ListItem","position":1,"name":"Portada","item":"https:\/\/noti-america.com\/site\/repdom\/"},{"@type":"ListItem","position":2,"name":"Iglesia Mahanaim inicia construcci\u00f3n de nuevo templo en La Romana, Rep. Dom."}]},{"@type":"WebSite","@id":"https:\/\/noti-america.com\/site\/repdom\/#website","url":"https:\/\/noti-america.com\/site\/repdom\/","name":"Rep. Dominicana | Noti-America.com","description":"","publisher":{"@id":"https:\/\/noti-america.com\/site\/repdom\/#organization"},"potentialAction":[{"@type":"SearchAction","target":{"@type":"EntryPoint","urlTemplate":"https:\/\/noti-america.com\/site\/repdom\/?s={search_term_string}"},"query-input":{"@type":"PropertyValueSpecification","valueRequired":true,"valueName":"search_term_string"}}],"inLanguage":"es"},{"@type":"Organization","@id":"https:\/\/noti-america.com\/site\/repdom\/#organization","name":"Noti-America LLC | Rep\u00fablica Dominicana","url":"https:\/\/noti-america.com\/site\/repdom\/","logo":{"@type":"ImageObject","inLanguage":"es","@id":"https:\/\/noti-america.com\/site\/repdom\/#\/schema\/logo\/image\/","url":"https:\/\/noti-america.com\/site\/repdom\/wp-content\/uploads\/sites\/6\/2020\/07\/LogoNA-4x3-1.jpg","contentUrl":"https:\/\/noti-america.com\/site\/repdom\/wp-content\/uploads\/sites\/6\/2020\/07\/LogoNA-4x3-1.jpg","width":1236,"height":1080,"caption":"Noti-America LLC | Rep\u00fablica Dominicana"},"image":{"@id":"https:\/\/noti-america.com\/site\/repdom\/#\/schema\/logo\/image\/"}},{"@type":"Person","@id":"https:\/\/noti-america.com\/site\/repdom\/#\/schema\/person\/8027db7d71a0328e6e4474fa188c6fb3","name":"Miguel Ramirez","image":{"@type":"ImageObject","inLanguage":"es","@id":"https:\/\/secure.gravatar.com\/avatar\/41a78fb2cdab3e2dc5831d3591f1dab499ed0c22acc464195b09f37c2b3ac2cf?s=96&d=mm&r=g","url":"https:\/\/secure.gravatar.com\/avatar\/41a78fb2cdab3e2dc5831d3591f1dab499ed0c22acc464195b09f37c2b3ac2cf?s=96&d=mm&r=g","contentUrl":"https:\/\/secure.gravatar.com\/avatar\/41a78fb2cdab3e2dc5831d3591f1dab499ed0c22acc464195b09f37c2b3ac2cf?s=96&d=mm&r=g","caption":"Miguel Ramirez"},"description":"Locutor y periodista digital y coach comunicaci\u00f3n","sameAs":["https:\/\/www.facebook.com\/share\/1HVE1qCqVk\/?mibextid=wwXIfr"],"url":"https:\/\/noti-america.com\/site\/repdom\/author\/mramirez\/"}]}},"_links":{"self":[{"href":"https:\/\/noti-america.com\/site\/repdom\/wp-json\/wp\/v2\/posts\/28392","targetHints":{"allow":["GET"]}}],"collection":[{"href":"https:\/\/noti-america.com\/site\/repdom\/wp-json\/wp\/v2\/posts"}],"about":[{"href":"https:\/\/noti-america.com\/site\/repdom\/wp-json\/wp\/v2\/types\/post"}],"author":[{"embeddable":true,"href":"https:\/\/noti-america.com\/site\/repdom\/wp-json\/wp\/v2\/users\/96"}],"replies":[{"embeddable":true,"href":"https:\/\/noti-america.com\/site\/repdom\/wp-json\/wp\/v2\/comments?post=28392"}],"version-history":[{"count":0,"href":"https:\/\/noti-america.com\/site\/repdom\/wp-json\/wp\/v2\/posts\/28392\/revisions"}],"wp:featuredmedia":[{"embeddable":true,"href":"https:\/\/noti-america.com\/site\/repdom\/wp-json\/wp\/v2\/media\/28390"}],"wp:attachment":[{"href":"https:\/\/noti-america.com\/site\/repdom\/wp-json\/wp\/v2\/media?parent=28392"}],"wp:term":[{"taxonomy":"category","embeddable":true,"href":"https:\/\/noti-america.com\/site\/repdom\/wp-json\/wp\/v2\/categories?post=28392"},{"taxonomy":"post_tag","embeddable":true,"href":"https:\/\/noti-america.com\/site\/repdom\/wp-json\/wp\/v2\/tags?post=28392"}],"curies":[{"name":"wp","href":"https:\/\/api.w.org\/{rel}","templated":true}]}}