{"id":28304,"date":"2024-06-17T20:50:46","date_gmt":"2024-06-17T20:50:46","guid":{"rendered":"https:\/\/noti-america.com\/site\/repdom\/2024\/06\/17\/la-piel-envejece-cada-siete-anos-nos-cuenta-shirley-coss-2\/"},"modified":"2024-06-17T20:50:46","modified_gmt":"2024-06-17T20:50:46","slug":"la-piel-envejece-cada-siete-anos-nos-cuenta-shirley-coss-2","status":"publish","type":"post","link":"https:\/\/noti-america.com\/site\/repdom\/2024\/06\/17\/la-piel-envejece-cada-siete-anos-nos-cuenta-shirley-coss-2\/","title":{"rendered":"*&#8221;La piel envejece cada siete a\u00f1os&#8221; nos cuenta Shirley Coss*"},"content":{"rendered":"<p><img loading=\"lazy\" decoding=\"async\" class=\"alignnone size-medium wp-image-28302\" src=\"https:\/\/noti-america.com\/site\/repdom\/wp-content\/uploads\/sites\/6\/2024\/06\/IMG_8646-225x300.jpeg\" alt=\"\" width=\"225\" height=\"300\" srcset=\"https:\/\/noti-america.com\/site\/repdom\/wp-content\/uploads\/sites\/6\/2024\/06\/IMG_8646-225x300.jpeg 225w, https:\/\/noti-america.com\/site\/repdom\/wp-content\/uploads\/sites\/6\/2024\/06\/IMG_8646-768x1024.jpeg 768w, https:\/\/noti-america.com\/site\/repdom\/wp-content\/uploads\/sites\/6\/2024\/06\/IMG_8646-1152x1536.jpeg 1152w, https:\/\/noti-america.com\/site\/repdom\/wp-content\/uploads\/sites\/6\/2024\/06\/IMG_8646-1536x2048.jpeg 1536w, https:\/\/noti-america.com\/site\/repdom\/wp-content\/uploads\/sites\/6\/2024\/06\/IMG_8646-scaled.jpeg 1920w\" sizes=\"auto, (max-width: 225px) 100vw, 225px\" \/><\/p>\n<p>&nbsp;<\/p>\n<p>La cosmetologa Shirley Coss habl\u00f3 en su mas reciente intervenci\u00f3n sobre la importancia de \u00abCuidar la Piel\u00bb debido a que esta pasa por continuos procesos y uno de ellos es que envejece cada siete a\u00f1os, adem\u00e1s de la importancia de hidratarla debido a la reciente ola de calor que sufre el pa\u00eds.<\/p>\n<p>Shirley Coss, profesional del area administrativa y quien decidi\u00f3 emprender en el area est\u00e9tica y cuidado de la piel, luego de padecer de \u00abpiel aceica\u00bb por estr\u00e9s, lo que le motiv\u00f3 a especializarse en apoyar a otras mujeres con alcanzar una piel saludable y mejor estilo de vida.<\/p>\n<p><img loading=\"lazy\" decoding=\"async\" class=\"alignnone size-medium wp-image-28297\" src=\"https:\/\/noti-america.com\/site\/repdom\/wp-content\/uploads\/sites\/6\/2024\/06\/cf7be064-44c1-4d02-a3fe-b1dd2367944d-300x169.jpeg\" alt=\"\" width=\"300\" height=\"169\" srcset=\"https:\/\/noti-america.com\/site\/repdom\/wp-content\/uploads\/sites\/6\/2024\/06\/cf7be064-44c1-4d02-a3fe-b1dd2367944d-300x169.jpeg 300w, https:\/\/noti-america.com\/site\/repdom\/wp-content\/uploads\/sites\/6\/2024\/06\/cf7be064-44c1-4d02-a3fe-b1dd2367944d-1024x576.jpeg 1024w, https:\/\/noti-america.com\/site\/repdom\/wp-content\/uploads\/sites\/6\/2024\/06\/cf7be064-44c1-4d02-a3fe-b1dd2367944d-768x432.jpeg 768w, https:\/\/noti-america.com\/site\/repdom\/wp-content\/uploads\/sites\/6\/2024\/06\/cf7be064-44c1-4d02-a3fe-b1dd2367944d-1536x864.jpeg 1536w, https:\/\/noti-america.com\/site\/repdom\/wp-content\/uploads\/sites\/6\/2024\/06\/cf7be064-44c1-4d02-a3fe-b1dd2367944d.jpeg 1599w\" sizes=\"auto, (max-width: 300px) 100vw, 300px\" \/><\/p>\n<p>Coss quien fue entrevistada en el programa \u00abVal\u00f3rate Mujer\u00bb, espacio conducido por Miguel y Rossy Ram\u00edrez, que se transmite a trav\u00e9s de Extra86.net. Shirley habl\u00f3 tambien como ha tenido que aprender a planificar sus rutinas como mujer, madre, esposa, empleada y emprendedora independiente \u00absin morir en el intento\u00bb.<\/p>\n<p>\u300aVerdaderamente no ha sido f\u00e1cil siendo madre de dos ni\u00f1os peque\u00f1os y esposa. Adem\u00e1s de estar en un cargo de responsabilidad laboralmente hablando y desarrollar un emprendimiento de este tipo que me exige mantener una imagen y un estilo de vida acorde\u300b<\/p>\n<p><img loading=\"lazy\" decoding=\"async\" class=\"alignnone size-medium wp-image-28299\" src=\"https:\/\/noti-america.com\/site\/repdom\/wp-content\/uploads\/sites\/6\/2024\/06\/IMG_8636-300x225.jpeg\" alt=\"\" width=\"300\" height=\"225\" srcset=\"https:\/\/noti-america.com\/site\/repdom\/wp-content\/uploads\/sites\/6\/2024\/06\/IMG_8636-300x225.jpeg 300w, https:\/\/noti-america.com\/site\/repdom\/wp-content\/uploads\/sites\/6\/2024\/06\/IMG_8636-1024x768.jpeg 1024w, https:\/\/noti-america.com\/site\/repdom\/wp-content\/uploads\/sites\/6\/2024\/06\/IMG_8636-768x576.jpeg 768w, https:\/\/noti-america.com\/site\/repdom\/wp-content\/uploads\/sites\/6\/2024\/06\/IMG_8636-1536x1152.jpeg 1536w, https:\/\/noti-america.com\/site\/repdom\/wp-content\/uploads\/sites\/6\/2024\/06\/IMG_8636-2048x1536.jpeg 2048w\" sizes=\"auto, (max-width: 300px) 100vw, 300px\" \/>.<\/p>\n<p>De igual modo resalt\u00f3 en su alocuci\u00f3n la imprtancia del Orden, recordandole a la audiencia, especialmente femenina a que Dios es prioridad, luego la familia y por \u00faltimo la carrera o negocio.<\/p>\n<p>\u300aEstas han sido las claves en mi vida y espero que a otras mujeres le sirvan de orientaci\u00f3n\u300b<\/p>\n<p>Al ser cuestionada sobre algunas herramientas b\u00e1sicas para cumplir con sus roles, Coss agreg\u00f3 que sus focos han sido \u00abtemer a Dios\u00bb, \u00abestudiar su Palabra\u00bb y \u00abPlanificar sus recursos: relaciones, finanzas y tiempo\u00bb.<\/p>\n<p><img loading=\"lazy\" decoding=\"async\" class=\"alignnone size-medium wp-image-28300\" src=\"https:\/\/noti-america.com\/site\/repdom\/wp-content\/uploads\/sites\/6\/2024\/06\/IMG_8645-225x300.jpeg\" alt=\"\" width=\"225\" height=\"300\" srcset=\"https:\/\/noti-america.com\/site\/repdom\/wp-content\/uploads\/sites\/6\/2024\/06\/IMG_8645-225x300.jpeg 225w, https:\/\/noti-america.com\/site\/repdom\/wp-content\/uploads\/sites\/6\/2024\/06\/IMG_8645-768x1024.jpeg 768w, https:\/\/noti-america.com\/site\/repdom\/wp-content\/uploads\/sites\/6\/2024\/06\/IMG_8645-1152x1536.jpeg 1152w, https:\/\/noti-america.com\/site\/repdom\/wp-content\/uploads\/sites\/6\/2024\/06\/IMG_8645-1536x2048.jpeg 1536w, https:\/\/noti-america.com\/site\/repdom\/wp-content\/uploads\/sites\/6\/2024\/06\/IMG_8645-scaled.jpeg 1920w\" sizes=\"auto, (max-width: 225px) 100vw, 225px\" \/><\/p>\n<p>\u300aLa carrera de administraci\u00f3n me ense\u00f1\u00f3 t\u00e9cnicas y m\u00e9todos que trato de aplicar en todas las facetas de mi vida\u300b.<\/p>\n<p>\u00abValorate Mujer\u00bb, es un programa de variedades digital enfocado en valores para toda la familia, especialmente las mujeres.<\/p>\n<p>*Acerca de Shirley Coss Sanz*<\/p>\n<p>Shirley Muriel Coss Sanz. Nacida 01 Septiembre de 1987. Sus apellidos se deben a su ascendencia europea. Esposa de Walchan Feliz, quien ed Fot\u00f3grafo Profesional. Madre de dos Ni\u00f1os Erich David y Santiago Ernesto.<\/p>\n<p>T\u00e9cnico en Ing.Industrial (UASD). Graduada como Licenciada en Administraci\u00f3n Tur\u00edstica y Hotelera de la Universidad Dominicana O&amp;M .<\/p>\n<p>En el 2019 decide estudiar Cosmeatria, para luego convertirse en Consultora Independiente del Cuidado de La Piel. En el rengl\u00f3n del Cuidado de la Piel, cuenta con 7 a\u00f1os de experiencia.<\/p>\n<p>Desde hace dos a\u00f1os es Propietaria de Shirley Cossmetics, proyecto especializado en el cuidado y maquillaje profesional, el cual seguir en redes sociales como @shirleycossmetic o contactar al (829) 650-2570<\/p>\n<p>Fuente: WF Fot. Prof.<\/p>\n<p>&nbsp;<\/p>\n<p>&nbsp;<\/p>\n<p>.<\/p>\n","protected":false},"excerpt":{"rendered":"<p>&nbsp; La cosmetologa Shirley Coss habl\u00f3 en su mas reciente intervenci\u00f3n sobre la importancia de \u00abCuidar la Piel\u00bb debido a que esta pasa por continuos procesos y uno de ellos es que envejece cada&#46;&#46;&#46;<\/p>\n","protected":false},"author":96,"featured_media":28305,"comment_status":"open","ping_status":"open","sticky":false,"template":"","format":"standard","meta":{"_acf_changed":false,"rop_custom_images_group":[],"rop_custom_messages_group":[],"rop_publish_now":"initial","rop_publish_now_accounts":[],"rop_publish_now_history":[],"rop_publish_now_status":"pending","footnotes":""},"categories":[13],"tags":[],"class_list":["post-28304","post","type-post","status-publish","format-standard","has-post-thumbnail","hentry","category-vida-y-salud"],"acf":[],"yoast_head":"<!-- This site is optimized with the Yoast SEO Premium plugin v24.9 (Yoast SEO v27.2) - https:\/\/yoast.com\/product\/yoast-seo-premium-wordpress\/ -->\n<title>*&#8221;La piel envejece cada siete a\u00f1os&#8221; nos cuenta Shirley Coss* - Rep. Dominicana | Noti-America.com<\/title>\n<meta name=\"robots\" content=\"index, follow, max-snippet:-1, max-image-preview:large, max-video-preview:-1\" \/>\n<link rel=\"canonical\" href=\"https:\/\/noti-america.com\/site\/repdom\/2024\/06\/17\/la-piel-envejece-cada-siete-anos-nos-cuenta-shirley-coss-2\/\" \/>\n<meta property=\"og:locale\" content=\"es_ES\" \/>\n<meta property=\"og:type\" content=\"article\" \/>\n<meta property=\"og:title\" content=\"*&#8221;La piel envejece cada siete a\u00f1os&#8221; nos cuenta Shirley Coss*\" \/>\n<meta property=\"og:description\" content=\"&nbsp; La cosmetologa Shirley Coss habl\u00f3 en su mas reciente intervenci\u00f3n sobre la importancia de \u00abCuidar la Piel\u00bb debido a que esta pasa por continuos procesos y uno de ellos es que envejece cada&#046;&#046;&#046;\" \/>\n<meta property=\"og:url\" content=\"https:\/\/noti-america.com\/site\/repdom\/2024\/06\/17\/la-piel-envejece-cada-siete-anos-nos-cuenta-shirley-coss-2\/\" \/>\n<meta property=\"og:site_name\" content=\"Rep. Dominicana | Noti-America.com\" \/>\n<meta property=\"article:author\" content=\"https:\/\/www.facebook.com\/share\/1HVE1qCqVk\/?mibextid=wwXIfr\" \/>\n<meta property=\"article:published_time\" content=\"2024-06-17T20:50:46+00:00\" \/>\n<meta property=\"og:image\" content=\"https:\/\/noti-america.com\/site\/repdom\/wp-content\/uploads\/sites\/6\/2024\/06\/cf7be064-44c1-4d02-a3fe-b1dd2367944d-1.jpeg\" \/>\n\t<meta property=\"og:image:width\" content=\"1599\" \/>\n\t<meta property=\"og:image:height\" content=\"899\" \/>\n\t<meta property=\"og:image:type\" content=\"image\/jpeg\" \/>\n<meta name=\"author\" content=\"Miguel Ramirez\" \/>\n<meta name=\"twitter:card\" content=\"summary_large_image\" \/>\n<meta name=\"twitter:label1\" content=\"Escrito por\" \/>\n\t<meta name=\"twitter:data1\" content=\"Miguel Ramirez\" \/>\n\t<meta name=\"twitter:label2\" content=\"Tiempo estimado de lectura\" \/>\n\t<meta name=\"twitter:data2\" content=\"2 minutos\" \/>\n<script type=\"application\/ld+json\" class=\"yoast-schema-graph\">{\"@context\":\"https:\/\/schema.org\",\"@graph\":[{\"@type\":\"Article\",\"@id\":\"https:\/\/noti-america.com\/site\/repdom\/2024\/06\/17\/la-piel-envejece-cada-siete-anos-nos-cuenta-shirley-coss-2\/#article\",\"isPartOf\":{\"@id\":\"https:\/\/noti-america.com\/site\/repdom\/2024\/06\/17\/la-piel-envejece-cada-siete-anos-nos-cuenta-shirley-coss-2\/\"},\"author\":{\"name\":\"Miguel Ramirez\",\"@id\":\"https:\/\/noti-america.com\/site\/repdom\/#\/schema\/person\/8027db7d71a0328e6e4474fa188c6fb3\"},\"headline\":\"*&#8221;La piel envejece cada siete a\u00f1os&#8221; nos cuenta Shirley Coss*\",\"datePublished\":\"2024-06-17T20:50:46+00:00\",\"mainEntityOfPage\":{\"@id\":\"https:\/\/noti-america.com\/site\/repdom\/2024\/06\/17\/la-piel-envejece-cada-siete-anos-nos-cuenta-shirley-coss-2\/\"},\"wordCount\":472,\"commentCount\":0,\"publisher\":{\"@id\":\"https:\/\/noti-america.com\/site\/repdom\/#organization\"},\"image\":{\"@id\":\"https:\/\/noti-america.com\/site\/repdom\/2024\/06\/17\/la-piel-envejece-cada-siete-anos-nos-cuenta-shirley-coss-2\/#primaryimage\"},\"thumbnailUrl\":\"https:\/\/noti-america.com\/site\/repdom\/wp-content\/uploads\/sites\/6\/2024\/06\/cf7be064-44c1-4d02-a3fe-b1dd2367944d-1.jpeg\",\"articleSection\":[\"Vida y Salud\"],\"inLanguage\":\"es\",\"potentialAction\":[{\"@type\":\"CommentAction\",\"name\":\"Comment\",\"target\":[\"https:\/\/noti-america.com\/site\/repdom\/2024\/06\/17\/la-piel-envejece-cada-siete-anos-nos-cuenta-shirley-coss-2\/#respond\"]}]},{\"@type\":\"WebPage\",\"@id\":\"https:\/\/noti-america.com\/site\/repdom\/2024\/06\/17\/la-piel-envejece-cada-siete-anos-nos-cuenta-shirley-coss-2\/\",\"url\":\"https:\/\/noti-america.com\/site\/repdom\/2024\/06\/17\/la-piel-envejece-cada-siete-anos-nos-cuenta-shirley-coss-2\/\",\"name\":\"*&#8221;La piel envejece cada siete a\u00f1os&#8221; nos cuenta Shirley Coss* - Rep. Dominicana | Noti-America.com\",\"isPartOf\":{\"@id\":\"https:\/\/noti-america.com\/site\/repdom\/#website\"},\"primaryImageOfPage\":{\"@id\":\"https:\/\/noti-america.com\/site\/repdom\/2024\/06\/17\/la-piel-envejece-cada-siete-anos-nos-cuenta-shirley-coss-2\/#primaryimage\"},\"image\":{\"@id\":\"https:\/\/noti-america.com\/site\/repdom\/2024\/06\/17\/la-piel-envejece-cada-siete-anos-nos-cuenta-shirley-coss-2\/#primaryimage\"},\"thumbnailUrl\":\"https:\/\/noti-america.com\/site\/repdom\/wp-content\/uploads\/sites\/6\/2024\/06\/cf7be064-44c1-4d02-a3fe-b1dd2367944d-1.jpeg\",\"datePublished\":\"2024-06-17T20:50:46+00:00\",\"breadcrumb\":{\"@id\":\"https:\/\/noti-america.com\/site\/repdom\/2024\/06\/17\/la-piel-envejece-cada-siete-anos-nos-cuenta-shirley-coss-2\/#breadcrumb\"},\"inLanguage\":\"es\",\"potentialAction\":[{\"@type\":\"ReadAction\",\"target\":[\"https:\/\/noti-america.com\/site\/repdom\/2024\/06\/17\/la-piel-envejece-cada-siete-anos-nos-cuenta-shirley-coss-2\/\"]}]},{\"@type\":\"ImageObject\",\"inLanguage\":\"es\",\"@id\":\"https:\/\/noti-america.com\/site\/repdom\/2024\/06\/17\/la-piel-envejece-cada-siete-anos-nos-cuenta-shirley-coss-2\/#primaryimage\",\"url\":\"https:\/\/noti-america.com\/site\/repdom\/wp-content\/uploads\/sites\/6\/2024\/06\/cf7be064-44c1-4d02-a3fe-b1dd2367944d-1.jpeg\",\"contentUrl\":\"https:\/\/noti-america.com\/site\/repdom\/wp-content\/uploads\/sites\/6\/2024\/06\/cf7be064-44c1-4d02-a3fe-b1dd2367944d-1.jpeg\",\"width\":1599,\"height\":899},{\"@type\":\"BreadcrumbList\",\"@id\":\"https:\/\/noti-america.com\/site\/repdom\/2024\/06\/17\/la-piel-envejece-cada-siete-anos-nos-cuenta-shirley-coss-2\/#breadcrumb\",\"itemListElement\":[{\"@type\":\"ListItem\",\"position\":1,\"name\":\"Portada\",\"item\":\"https:\/\/noti-america.com\/site\/repdom\/\"},{\"@type\":\"ListItem\",\"position\":2,\"name\":\"*&#8221;La piel envejece cada siete a\u00f1os&#8221; nos cuenta Shirley Coss*\"}]},{\"@type\":\"WebSite\",\"@id\":\"https:\/\/noti-america.com\/site\/repdom\/#website\",\"url\":\"https:\/\/noti-america.com\/site\/repdom\/\",\"name\":\"Rep. Dominicana | Noti-America.com\",\"description\":\"\",\"publisher\":{\"@id\":\"https:\/\/noti-america.com\/site\/repdom\/#organization\"},\"potentialAction\":[{\"@type\":\"SearchAction\",\"target\":{\"@type\":\"EntryPoint\",\"urlTemplate\":\"https:\/\/noti-america.com\/site\/repdom\/?s={search_term_string}\"},\"query-input\":{\"@type\":\"PropertyValueSpecification\",\"valueRequired\":true,\"valueName\":\"search_term_string\"}}],\"inLanguage\":\"es\"},{\"@type\":\"Organization\",\"@id\":\"https:\/\/noti-america.com\/site\/repdom\/#organization\",\"name\":\"Noti-America LLC | Rep\u00fablica Dominicana\",\"url\":\"https:\/\/noti-america.com\/site\/repdom\/\",\"logo\":{\"@type\":\"ImageObject\",\"inLanguage\":\"es\",\"@id\":\"https:\/\/noti-america.com\/site\/repdom\/#\/schema\/logo\/image\/\",\"url\":\"https:\/\/noti-america.com\/site\/repdom\/wp-content\/uploads\/sites\/6\/2020\/07\/LogoNA-4x3-1.jpg\",\"contentUrl\":\"https:\/\/noti-america.com\/site\/repdom\/wp-content\/uploads\/sites\/6\/2020\/07\/LogoNA-4x3-1.jpg\",\"width\":1236,\"height\":1080,\"caption\":\"Noti-America LLC | Rep\u00fablica Dominicana\"},\"image\":{\"@id\":\"https:\/\/noti-america.com\/site\/repdom\/#\/schema\/logo\/image\/\"}},{\"@type\":\"Person\",\"@id\":\"https:\/\/noti-america.com\/site\/repdom\/#\/schema\/person\/8027db7d71a0328e6e4474fa188c6fb3\",\"name\":\"Miguel Ramirez\",\"image\":{\"@type\":\"ImageObject\",\"inLanguage\":\"es\",\"@id\":\"https:\/\/secure.gravatar.com\/avatar\/41a78fb2cdab3e2dc5831d3591f1dab499ed0c22acc464195b09f37c2b3ac2cf?s=96&d=mm&r=g\",\"url\":\"https:\/\/secure.gravatar.com\/avatar\/41a78fb2cdab3e2dc5831d3591f1dab499ed0c22acc464195b09f37c2b3ac2cf?s=96&d=mm&r=g\",\"contentUrl\":\"https:\/\/secure.gravatar.com\/avatar\/41a78fb2cdab3e2dc5831d3591f1dab499ed0c22acc464195b09f37c2b3ac2cf?s=96&d=mm&r=g\",\"caption\":\"Miguel Ramirez\"},\"description\":\"Locutor y periodista digital y coach comunicaci\u00f3n\",\"sameAs\":[\"https:\/\/www.facebook.com\/share\/1HVE1qCqVk\/?mibextid=wwXIfr\"],\"url\":\"https:\/\/noti-america.com\/site\/repdom\/author\/mramirez\/\"}]}<\/script>\n<!-- \/ Yoast SEO Premium plugin. -->","yoast_head_json":{"title":"*&#8221;La piel envejece cada siete a\u00f1os&#8221; nos cuenta Shirley Coss* - Rep. Dominicana | Noti-America.com","robots":{"index":"index","follow":"follow","max-snippet":"max-snippet:-1","max-image-preview":"max-image-preview:large","max-video-preview":"max-video-preview:-1"},"canonical":"https:\/\/noti-america.com\/site\/repdom\/2024\/06\/17\/la-piel-envejece-cada-siete-anos-nos-cuenta-shirley-coss-2\/","og_locale":"es_ES","og_type":"article","og_title":"*&#8221;La piel envejece cada siete a\u00f1os&#8221; nos cuenta Shirley Coss*","og_description":"&nbsp; La cosmetologa Shirley Coss habl\u00f3 en su mas reciente intervenci\u00f3n sobre la importancia de \u00abCuidar la Piel\u00bb debido a que esta pasa por continuos procesos y uno de ellos es que envejece cada&#46;&#46;&#46;","og_url":"https:\/\/noti-america.com\/site\/repdom\/2024\/06\/17\/la-piel-envejece-cada-siete-anos-nos-cuenta-shirley-coss-2\/","og_site_name":"Rep. Dominicana | Noti-America.com","article_author":"https:\/\/www.facebook.com\/share\/1HVE1qCqVk\/?mibextid=wwXIfr","article_published_time":"2024-06-17T20:50:46+00:00","og_image":[{"width":1599,"height":899,"url":"https:\/\/noti-america.com\/site\/repdom\/wp-content\/uploads\/sites\/6\/2024\/06\/cf7be064-44c1-4d02-a3fe-b1dd2367944d-1.jpeg","type":"image\/jpeg"}],"author":"Miguel Ramirez","twitter_card":"summary_large_image","twitter_misc":{"Escrito por":"Miguel Ramirez","Tiempo estimado de lectura":"2 minutos"},"schema":{"@context":"https:\/\/schema.org","@graph":[{"@type":"Article","@id":"https:\/\/noti-america.com\/site\/repdom\/2024\/06\/17\/la-piel-envejece-cada-siete-anos-nos-cuenta-shirley-coss-2\/#article","isPartOf":{"@id":"https:\/\/noti-america.com\/site\/repdom\/2024\/06\/17\/la-piel-envejece-cada-siete-anos-nos-cuenta-shirley-coss-2\/"},"author":{"name":"Miguel Ramirez","@id":"https:\/\/noti-america.com\/site\/repdom\/#\/schema\/person\/8027db7d71a0328e6e4474fa188c6fb3"},"headline":"*&#8221;La piel envejece cada siete a\u00f1os&#8221; nos cuenta Shirley Coss*","datePublished":"2024-06-17T20:50:46+00:00","mainEntityOfPage":{"@id":"https:\/\/noti-america.com\/site\/repdom\/2024\/06\/17\/la-piel-envejece-cada-siete-anos-nos-cuenta-shirley-coss-2\/"},"wordCount":472,"commentCount":0,"publisher":{"@id":"https:\/\/noti-america.com\/site\/repdom\/#organization"},"image":{"@id":"https:\/\/noti-america.com\/site\/repdom\/2024\/06\/17\/la-piel-envejece-cada-siete-anos-nos-cuenta-shirley-coss-2\/#primaryimage"},"thumbnailUrl":"https:\/\/noti-america.com\/site\/repdom\/wp-content\/uploads\/sites\/6\/2024\/06\/cf7be064-44c1-4d02-a3fe-b1dd2367944d-1.jpeg","articleSection":["Vida y Salud"],"inLanguage":"es","potentialAction":[{"@type":"CommentAction","name":"Comment","target":["https:\/\/noti-america.com\/site\/repdom\/2024\/06\/17\/la-piel-envejece-cada-siete-anos-nos-cuenta-shirley-coss-2\/#respond"]}]},{"@type":"WebPage","@id":"https:\/\/noti-america.com\/site\/repdom\/2024\/06\/17\/la-piel-envejece-cada-siete-anos-nos-cuenta-shirley-coss-2\/","url":"https:\/\/noti-america.com\/site\/repdom\/2024\/06\/17\/la-piel-envejece-cada-siete-anos-nos-cuenta-shirley-coss-2\/","name":"*&#8221;La piel envejece cada siete a\u00f1os&#8221; nos cuenta Shirley Coss* - Rep. Dominicana | Noti-America.com","isPartOf":{"@id":"https:\/\/noti-america.com\/site\/repdom\/#website"},"primaryImageOfPage":{"@id":"https:\/\/noti-america.com\/site\/repdom\/2024\/06\/17\/la-piel-envejece-cada-siete-anos-nos-cuenta-shirley-coss-2\/#primaryimage"},"image":{"@id":"https:\/\/noti-america.com\/site\/repdom\/2024\/06\/17\/la-piel-envejece-cada-siete-anos-nos-cuenta-shirley-coss-2\/#primaryimage"},"thumbnailUrl":"https:\/\/noti-america.com\/site\/repdom\/wp-content\/uploads\/sites\/6\/2024\/06\/cf7be064-44c1-4d02-a3fe-b1dd2367944d-1.jpeg","datePublished":"2024-06-17T20:50:46+00:00","breadcrumb":{"@id":"https:\/\/noti-america.com\/site\/repdom\/2024\/06\/17\/la-piel-envejece-cada-siete-anos-nos-cuenta-shirley-coss-2\/#breadcrumb"},"inLanguage":"es","potentialAction":[{"@type":"ReadAction","target":["https:\/\/noti-america.com\/site\/repdom\/2024\/06\/17\/la-piel-envejece-cada-siete-anos-nos-cuenta-shirley-coss-2\/"]}]},{"@type":"ImageObject","inLanguage":"es","@id":"https:\/\/noti-america.com\/site\/repdom\/2024\/06\/17\/la-piel-envejece-cada-siete-anos-nos-cuenta-shirley-coss-2\/#primaryimage","url":"https:\/\/noti-america.com\/site\/repdom\/wp-content\/uploads\/sites\/6\/2024\/06\/cf7be064-44c1-4d02-a3fe-b1dd2367944d-1.jpeg","contentUrl":"https:\/\/noti-america.com\/site\/repdom\/wp-content\/uploads\/sites\/6\/2024\/06\/cf7be064-44c1-4d02-a3fe-b1dd2367944d-1.jpeg","width":1599,"height":899},{"@type":"BreadcrumbList","@id":"https:\/\/noti-america.com\/site\/repdom\/2024\/06\/17\/la-piel-envejece-cada-siete-anos-nos-cuenta-shirley-coss-2\/#breadcrumb","itemListElement":[{"@type":"ListItem","position":1,"name":"Portada","item":"https:\/\/noti-america.com\/site\/repdom\/"},{"@type":"ListItem","position":2,"name":"*&#8221;La piel envejece cada siete a\u00f1os&#8221; nos cuenta Shirley Coss*"}]},{"@type":"WebSite","@id":"https:\/\/noti-america.com\/site\/repdom\/#website","url":"https:\/\/noti-america.com\/site\/repdom\/","name":"Rep. Dominicana | Noti-America.com","description":"","publisher":{"@id":"https:\/\/noti-america.com\/site\/repdom\/#organization"},"potentialAction":[{"@type":"SearchAction","target":{"@type":"EntryPoint","urlTemplate":"https:\/\/noti-america.com\/site\/repdom\/?s={search_term_string}"},"query-input":{"@type":"PropertyValueSpecification","valueRequired":true,"valueName":"search_term_string"}}],"inLanguage":"es"},{"@type":"Organization","@id":"https:\/\/noti-america.com\/site\/repdom\/#organization","name":"Noti-America LLC | Rep\u00fablica Dominicana","url":"https:\/\/noti-america.com\/site\/repdom\/","logo":{"@type":"ImageObject","inLanguage":"es","@id":"https:\/\/noti-america.com\/site\/repdom\/#\/schema\/logo\/image\/","url":"https:\/\/noti-america.com\/site\/repdom\/wp-content\/uploads\/sites\/6\/2020\/07\/LogoNA-4x3-1.jpg","contentUrl":"https:\/\/noti-america.com\/site\/repdom\/wp-content\/uploads\/sites\/6\/2020\/07\/LogoNA-4x3-1.jpg","width":1236,"height":1080,"caption":"Noti-America LLC | Rep\u00fablica Dominicana"},"image":{"@id":"https:\/\/noti-america.com\/site\/repdom\/#\/schema\/logo\/image\/"}},{"@type":"Person","@id":"https:\/\/noti-america.com\/site\/repdom\/#\/schema\/person\/8027db7d71a0328e6e4474fa188c6fb3","name":"Miguel Ramirez","image":{"@type":"ImageObject","inLanguage":"es","@id":"https:\/\/secure.gravatar.com\/avatar\/41a78fb2cdab3e2dc5831d3591f1dab499ed0c22acc464195b09f37c2b3ac2cf?s=96&d=mm&r=g","url":"https:\/\/secure.gravatar.com\/avatar\/41a78fb2cdab3e2dc5831d3591f1dab499ed0c22acc464195b09f37c2b3ac2cf?s=96&d=mm&r=g","contentUrl":"https:\/\/secure.gravatar.com\/avatar\/41a78fb2cdab3e2dc5831d3591f1dab499ed0c22acc464195b09f37c2b3ac2cf?s=96&d=mm&r=g","caption":"Miguel Ramirez"},"description":"Locutor y periodista digital y coach comunicaci\u00f3n","sameAs":["https:\/\/www.facebook.com\/share\/1HVE1qCqVk\/?mibextid=wwXIfr"],"url":"https:\/\/noti-america.com\/site\/repdom\/author\/mramirez\/"}]}},"_links":{"self":[{"href":"https:\/\/noti-america.com\/site\/repdom\/wp-json\/wp\/v2\/posts\/28304","targetHints":{"allow":["GET"]}}],"collection":[{"href":"https:\/\/noti-america.com\/site\/repdom\/wp-json\/wp\/v2\/posts"}],"about":[{"href":"https:\/\/noti-america.com\/site\/repdom\/wp-json\/wp\/v2\/types\/post"}],"author":[{"embeddable":true,"href":"https:\/\/noti-america.com\/site\/repdom\/wp-json\/wp\/v2\/users\/96"}],"replies":[{"embeddable":true,"href":"https:\/\/noti-america.com\/site\/repdom\/wp-json\/wp\/v2\/comments?post=28304"}],"version-history":[{"count":0,"href":"https:\/\/noti-america.com\/site\/repdom\/wp-json\/wp\/v2\/posts\/28304\/revisions"}],"wp:featuredmedia":[{"embeddable":true,"href":"https:\/\/noti-america.com\/site\/repdom\/wp-json\/wp\/v2\/media\/28305"}],"wp:attachment":[{"href":"https:\/\/noti-america.com\/site\/repdom\/wp-json\/wp\/v2\/media?parent=28304"}],"wp:term":[{"taxonomy":"category","embeddable":true,"href":"https:\/\/noti-america.com\/site\/repdom\/wp-json\/wp\/v2\/categories?post=28304"},{"taxonomy":"post_tag","embeddable":true,"href":"https:\/\/noti-america.com\/site\/repdom\/wp-json\/wp\/v2\/tags?post=28304"}],"curies":[{"name":"wp","href":"https:\/\/api.w.org\/{rel}","templated":true}]}}