{"id":2829,"date":"2020-08-10T13:12:36","date_gmt":"2020-08-10T13:12:36","guid":{"rendered":"https:\/\/noti-america.com\/site\/repdom\/?p=2829"},"modified":"2020-08-10T13:12:36","modified_gmt":"2020-08-10T13:12:36","slug":"se-gastan-rd3856-3-millones-en-compras-de-emergencia-por-covid-19","status":"publish","type":"post","link":"https:\/\/noti-america.com\/site\/repdom\/2020\/08\/10\/se-gastan-rd3856-3-millones-en-compras-de-emergencia-por-covid-19\/","title":{"rendered":"Se gastan RD$3,856.3 millones en compras de emergencia por COVID-19"},"content":{"rendered":"<p><img loading=\"lazy\" decoding=\"async\" class=\"alignnone size-medium wp-image-2830\" src=\"https:\/\/noti-america.com\/site\/repdom\/wp-content\/uploads\/sites\/6\/2020\/08\/MNT-300x192.jpg\" alt=\"\" width=\"300\" height=\"192\" srcset=\"https:\/\/noti-america.com\/site\/repdom\/wp-content\/uploads\/sites\/6\/2020\/08\/MNT-300x192.jpg 300w, https:\/\/noti-america.com\/site\/repdom\/wp-content\/uploads\/sites\/6\/2020\/08\/MNT.jpg 546w\" sizes=\"auto, (max-width: 300px) 100vw, 300px\" \/><\/p>\n<p>Noti-America Republica Dominicana<\/p>\n<p>&nbsp;<\/p>\n<p>El tama\u00f1o de la crisis sanitaria por el COVID-19 en las cuentas fiscales ha sido enorme. Las compras p\u00fablicas de emergencia para atender la situaci\u00f3n han ascendido, hasta los momentos, a 3,856.3 millones de pesos.<\/p>\n<p>Se trata de una cantidad que representa un 0.36 % del total del Presupuesto General del Estado aprobado para todo este a\u00f1o. Para tener una idea de la magnitud: lo que se ha comprado en apenas cuatro meses equivale al dinero que un ministerio mediano \u2014como el de Econom\u00eda, Planificaci\u00f3n y Desarrollo, por ejemplo\u2014 debi\u00f3 gastar en todo este a\u00f1o.<\/p>\n<p>La mayor parte del dinero \u2014un tercio\u2014 ha sido destinado a la adquisici\u00f3n de trajes de protecci\u00f3n personal (overoles), en los que se han gastado 1,521 millones de pesos en 936,825 trajes, de acuerdo al informe publicado por la Direcci\u00f3n General de Contrataciones P\u00fablicas.<\/p>\n<p>Las mascarillas, tanto quir\u00fargicas como N-95, se han llevado el otro gran pedazo de las compras p\u00fablicas de emergencia: 1,147 millones de pesos en 23.75 millones de mascarillas.<\/p>\n<div class=\"entretitulo\"><strong>M\u00e1s equipos que pruebas<\/strong><\/div>\n<div class=\"paragraph\">\n<p>Mucho menos se ha gastado en las pruebas para detectar el COVID-19, que no representan ni la cuarta parte de lo comprado en procesos de emergencia.<\/p>\n<p>La escasez de pruebas para confirmar o descartar el contagio del nuevo coronavirus ha sido un problema que se ha profundizado en las \u00faltimas semanas. Las citas en algunos laboratorios pueden demorar hasta tres semanas.<\/p>\n<p>Desde que se inici\u00f3 la crisis sanitaria en marzo pasado el Estado dominicano ha adquirido 609 millones de pesos en pruebas, de las cuales 448 millones de pesos fueron por la compra de 205,010 PCR y otros 161 millones de pesos para adquirir 250,000 test r\u00e1pidos.<\/p>\n<p>Los datos del informe de la Direcci\u00f3n General de Contrataciones P\u00fablicas, publicado este mes, revelan que desde abril pasado no se han adquirido m\u00e1s pruebas PCR a trav\u00e9s de procesos de compras p\u00fablicas de emergencia, mientras que en junio se realiz\u00f3 una adquisici\u00f3n de pruebas r\u00e1pidas de detecci\u00f3n de COVID-19.<\/p>\n<\/div>\n<div class=\"entretitulo\"><strong>Por encima del umbral<\/strong><\/div>\n<div class=\"paragraph\">\n<p>Uno de los aspectos analizados por la Direcci\u00f3n General de Contrataciones P\u00fablicas fueron los precios de referencia de los equipos y pruebas en los mercados internacionales, como una v\u00eda para determinar si hubo sobreprecio.<\/p>\n<p>El reporte revela que en la mayor\u00eda de los procesos de emergencia de compras p\u00fablicas por el COVID-19 no se registraron precios por encima de las cotizaciones en el extranjero. No obstante, hubo dos excepciones: la compra de 5,000 mascarillas N-95 por parte del Plan de Asistencia Social de la Presidencia, cuyo precio promedio, de 531.93 pesos por unidad, super\u00f3 los niveles internacionales y result\u00f3 casi dos veces m\u00e1s cara que el precio por otros entes gubernamentales.<\/p>\n<p>La otra excepci\u00f3n fueron los lentes de protecci\u00f3n. Los precios pagados en procesos de emergencia realizados en marzo pasado por parte del Servicio Nacional de Salud y del Programa de Medicamentos Esenciales estuvieron muy por encima del umbral internacional. En ese caso, la Direcci\u00f3n General de Contrataciones P\u00fablicas detalla que el precio m\u00e1ximo en los mercados for\u00e1neos fue de 741 pesos por unidad, pero el SNS compr\u00f3 a 1,800 pesos la unidad de lentes de protecci\u00f3n, mientras que el Programa de Medicamentos Esenciales adquiri\u00f3 a 1,375 pesos cada uno.<\/p>\n<\/div>\n<div class=\"entretitulo\">Buscar referencias<\/div>\n<div class=\"paragraph\">\n<p>Una de las recomendaciones que hizo la Direcci\u00f3n General de Contrataciones P\u00fablicas en el informe fue que las instituciones utilicen el Sistema de Precios \u201cpara conocer a priori los precios de adquisici\u00f3n de los productos en ciertas instituciones y as\u00ed tener una referencia del mercado p\u00fablico de esos productos\u201d, dice el informe.<\/p>\n<\/div>\n<p>Fuente Dl<\/p>\n<p>mramirez@noti-america.com<\/p>\n","protected":false},"excerpt":{"rendered":"<p>Noti-America Republica Dominicana &nbsp; El tama\u00f1o de la crisis sanitaria por el COVID-19 en las cuentas fiscales ha sido enorme. Las compras p\u00fablicas de emergencia para atender la situaci\u00f3n han ascendido, hasta los momentos,&#46;&#46;&#46;<\/p>\n","protected":false},"author":96,"featured_media":2830,"comment_status":"open","ping_status":"open","sticky":false,"template":"","format":"standard","meta":{"_acf_changed":false,"rop_custom_images_group":[],"rop_custom_messages_group":[],"rop_publish_now":"initial","rop_publish_now_accounts":[],"rop_publish_now_history":[],"rop_publish_now_status":"pending","footnotes":""},"categories":[10,105],"tags":[],"class_list":["post-2829","post","type-post","status-publish","format-standard","has-post-thumbnail","hentry","category-actualidad","category-noticias"],"acf":[],"yoast_head":"<!-- This site is optimized with the Yoast SEO Premium plugin v24.9 (Yoast SEO v27.2) - https:\/\/yoast.com\/product\/yoast-seo-premium-wordpress\/ -->\n<title>Se gastan RD$3,856.3 millones en compras de emergencia por COVID-19 - Rep. Dominicana | Noti-America.com<\/title>\n<meta name=\"robots\" content=\"index, follow, max-snippet:-1, max-image-preview:large, max-video-preview:-1\" \/>\n<link rel=\"canonical\" href=\"https:\/\/noti-america.com\/site\/repdom\/2020\/08\/10\/se-gastan-rd3856-3-millones-en-compras-de-emergencia-por-covid-19\/\" \/>\n<meta property=\"og:locale\" content=\"es_ES\" \/>\n<meta property=\"og:type\" content=\"article\" \/>\n<meta property=\"og:title\" content=\"Se gastan RD$3,856.3 millones en compras de emergencia por COVID-19\" \/>\n<meta property=\"og:description\" content=\"Noti-America Republica Dominicana &nbsp; El tama\u00f1o de la crisis sanitaria por el COVID-19 en las cuentas fiscales ha sido enorme. Las compras p\u00fablicas de emergencia para atender la situaci\u00f3n han ascendido, hasta los momentos,&#046;&#046;&#046;\" \/>\n<meta property=\"og:url\" content=\"https:\/\/noti-america.com\/site\/repdom\/2020\/08\/10\/se-gastan-rd3856-3-millones-en-compras-de-emergencia-por-covid-19\/\" \/>\n<meta property=\"og:site_name\" content=\"Rep. Dominicana | Noti-America.com\" \/>\n<meta property=\"article:author\" content=\"https:\/\/www.facebook.com\/share\/1HVE1qCqVk\/?mibextid=wwXIfr\" \/>\n<meta property=\"article:published_time\" content=\"2020-08-10T13:12:36+00:00\" \/>\n<meta property=\"og:image\" content=\"https:\/\/noti-america.com\/site\/repdom\/wp-content\/uploads\/sites\/6\/2020\/08\/MNT.jpg\" \/>\n\t<meta property=\"og:image:width\" content=\"546\" \/>\n\t<meta property=\"og:image:height\" content=\"350\" \/>\n\t<meta property=\"og:image:type\" content=\"image\/jpeg\" \/>\n<meta name=\"author\" content=\"Miguel Ramirez\" \/>\n<meta name=\"twitter:card\" content=\"summary_large_image\" \/>\n<meta name=\"twitter:label1\" content=\"Escrito por\" \/>\n\t<meta name=\"twitter:data1\" content=\"Miguel Ramirez\" \/>\n\t<meta name=\"twitter:label2\" content=\"Tiempo estimado de lectura\" \/>\n\t<meta name=\"twitter:data2\" content=\"3 minutos\" \/>\n<script type=\"application\/ld+json\" class=\"yoast-schema-graph\">{\"@context\":\"https:\/\/schema.org\",\"@graph\":[{\"@type\":\"Article\",\"@id\":\"https:\/\/noti-america.com\/site\/repdom\/2020\/08\/10\/se-gastan-rd3856-3-millones-en-compras-de-emergencia-por-covid-19\/#article\",\"isPartOf\":{\"@id\":\"https:\/\/noti-america.com\/site\/repdom\/2020\/08\/10\/se-gastan-rd3856-3-millones-en-compras-de-emergencia-por-covid-19\/\"},\"author\":{\"name\":\"Miguel Ramirez\",\"@id\":\"https:\/\/noti-america.com\/site\/repdom\/#\/schema\/person\/8027db7d71a0328e6e4474fa188c6fb3\"},\"headline\":\"Se gastan RD$3,856.3 millones en compras de emergencia por COVID-19\",\"datePublished\":\"2020-08-10T13:12:36+00:00\",\"mainEntityOfPage\":{\"@id\":\"https:\/\/noti-america.com\/site\/repdom\/2020\/08\/10\/se-gastan-rd3856-3-millones-en-compras-de-emergencia-por-covid-19\/\"},\"wordCount\":628,\"commentCount\":0,\"publisher\":{\"@id\":\"https:\/\/noti-america.com\/site\/repdom\/#organization\"},\"image\":{\"@id\":\"https:\/\/noti-america.com\/site\/repdom\/2020\/08\/10\/se-gastan-rd3856-3-millones-en-compras-de-emergencia-por-covid-19\/#primaryimage\"},\"thumbnailUrl\":\"https:\/\/noti-america.com\/site\/repdom\/wp-content\/uploads\/sites\/6\/2020\/08\/MNT.jpg\",\"articleSection\":[\"Actualidad\",\"Noticias\"],\"inLanguage\":\"es\",\"potentialAction\":[{\"@type\":\"CommentAction\",\"name\":\"Comment\",\"target\":[\"https:\/\/noti-america.com\/site\/repdom\/2020\/08\/10\/se-gastan-rd3856-3-millones-en-compras-de-emergencia-por-covid-19\/#respond\"]}]},{\"@type\":\"WebPage\",\"@id\":\"https:\/\/noti-america.com\/site\/repdom\/2020\/08\/10\/se-gastan-rd3856-3-millones-en-compras-de-emergencia-por-covid-19\/\",\"url\":\"https:\/\/noti-america.com\/site\/repdom\/2020\/08\/10\/se-gastan-rd3856-3-millones-en-compras-de-emergencia-por-covid-19\/\",\"name\":\"Se gastan RD$3,856.3 millones en compras de emergencia por COVID-19 - Rep. Dominicana | Noti-America.com\",\"isPartOf\":{\"@id\":\"https:\/\/noti-america.com\/site\/repdom\/#website\"},\"primaryImageOfPage\":{\"@id\":\"https:\/\/noti-america.com\/site\/repdom\/2020\/08\/10\/se-gastan-rd3856-3-millones-en-compras-de-emergencia-por-covid-19\/#primaryimage\"},\"image\":{\"@id\":\"https:\/\/noti-america.com\/site\/repdom\/2020\/08\/10\/se-gastan-rd3856-3-millones-en-compras-de-emergencia-por-covid-19\/#primaryimage\"},\"thumbnailUrl\":\"https:\/\/noti-america.com\/site\/repdom\/wp-content\/uploads\/sites\/6\/2020\/08\/MNT.jpg\",\"datePublished\":\"2020-08-10T13:12:36+00:00\",\"breadcrumb\":{\"@id\":\"https:\/\/noti-america.com\/site\/repdom\/2020\/08\/10\/se-gastan-rd3856-3-millones-en-compras-de-emergencia-por-covid-19\/#breadcrumb\"},\"inLanguage\":\"es\",\"potentialAction\":[{\"@type\":\"ReadAction\",\"target\":[\"https:\/\/noti-america.com\/site\/repdom\/2020\/08\/10\/se-gastan-rd3856-3-millones-en-compras-de-emergencia-por-covid-19\/\"]}]},{\"@type\":\"ImageObject\",\"inLanguage\":\"es\",\"@id\":\"https:\/\/noti-america.com\/site\/repdom\/2020\/08\/10\/se-gastan-rd3856-3-millones-en-compras-de-emergencia-por-covid-19\/#primaryimage\",\"url\":\"https:\/\/noti-america.com\/site\/repdom\/wp-content\/uploads\/sites\/6\/2020\/08\/MNT.jpg\",\"contentUrl\":\"https:\/\/noti-america.com\/site\/repdom\/wp-content\/uploads\/sites\/6\/2020\/08\/MNT.jpg\",\"width\":546,\"height\":350},{\"@type\":\"BreadcrumbList\",\"@id\":\"https:\/\/noti-america.com\/site\/repdom\/2020\/08\/10\/se-gastan-rd3856-3-millones-en-compras-de-emergencia-por-covid-19\/#breadcrumb\",\"itemListElement\":[{\"@type\":\"ListItem\",\"position\":1,\"name\":\"Portada\",\"item\":\"https:\/\/noti-america.com\/site\/repdom\/\"},{\"@type\":\"ListItem\",\"position\":2,\"name\":\"Se gastan RD$3,856.3 millones en compras de emergencia por COVID-19\"}]},{\"@type\":\"WebSite\",\"@id\":\"https:\/\/noti-america.com\/site\/repdom\/#website\",\"url\":\"https:\/\/noti-america.com\/site\/repdom\/\",\"name\":\"Rep. Dominicana | Noti-America.com\",\"description\":\"\",\"publisher\":{\"@id\":\"https:\/\/noti-america.com\/site\/repdom\/#organization\"},\"potentialAction\":[{\"@type\":\"SearchAction\",\"target\":{\"@type\":\"EntryPoint\",\"urlTemplate\":\"https:\/\/noti-america.com\/site\/repdom\/?s={search_term_string}\"},\"query-input\":{\"@type\":\"PropertyValueSpecification\",\"valueRequired\":true,\"valueName\":\"search_term_string\"}}],\"inLanguage\":\"es\"},{\"@type\":\"Organization\",\"@id\":\"https:\/\/noti-america.com\/site\/repdom\/#organization\",\"name\":\"Noti-America LLC | Rep\u00fablica Dominicana\",\"url\":\"https:\/\/noti-america.com\/site\/repdom\/\",\"logo\":{\"@type\":\"ImageObject\",\"inLanguage\":\"es\",\"@id\":\"https:\/\/noti-america.com\/site\/repdom\/#\/schema\/logo\/image\/\",\"url\":\"https:\/\/noti-america.com\/site\/repdom\/wp-content\/uploads\/sites\/6\/2020\/07\/LogoNA-4x3-1.jpg\",\"contentUrl\":\"https:\/\/noti-america.com\/site\/repdom\/wp-content\/uploads\/sites\/6\/2020\/07\/LogoNA-4x3-1.jpg\",\"width\":1236,\"height\":1080,\"caption\":\"Noti-America LLC | Rep\u00fablica Dominicana\"},\"image\":{\"@id\":\"https:\/\/noti-america.com\/site\/repdom\/#\/schema\/logo\/image\/\"}},{\"@type\":\"Person\",\"@id\":\"https:\/\/noti-america.com\/site\/repdom\/#\/schema\/person\/8027db7d71a0328e6e4474fa188c6fb3\",\"name\":\"Miguel Ramirez\",\"image\":{\"@type\":\"ImageObject\",\"inLanguage\":\"es\",\"@id\":\"https:\/\/secure.gravatar.com\/avatar\/41a78fb2cdab3e2dc5831d3591f1dab499ed0c22acc464195b09f37c2b3ac2cf?s=96&d=mm&r=g\",\"url\":\"https:\/\/secure.gravatar.com\/avatar\/41a78fb2cdab3e2dc5831d3591f1dab499ed0c22acc464195b09f37c2b3ac2cf?s=96&d=mm&r=g\",\"contentUrl\":\"https:\/\/secure.gravatar.com\/avatar\/41a78fb2cdab3e2dc5831d3591f1dab499ed0c22acc464195b09f37c2b3ac2cf?s=96&d=mm&r=g\",\"caption\":\"Miguel Ramirez\"},\"description\":\"Locutor y periodista digital y coach comunicaci\u00f3n\",\"sameAs\":[\"https:\/\/www.facebook.com\/share\/1HVE1qCqVk\/?mibextid=wwXIfr\"],\"url\":\"https:\/\/noti-america.com\/site\/repdom\/author\/mramirez\/\"}]}<\/script>\n<!-- \/ Yoast SEO Premium plugin. -->","yoast_head_json":{"title":"Se gastan RD$3,856.3 millones en compras de emergencia por COVID-19 - Rep. Dominicana | Noti-America.com","robots":{"index":"index","follow":"follow","max-snippet":"max-snippet:-1","max-image-preview":"max-image-preview:large","max-video-preview":"max-video-preview:-1"},"canonical":"https:\/\/noti-america.com\/site\/repdom\/2020\/08\/10\/se-gastan-rd3856-3-millones-en-compras-de-emergencia-por-covid-19\/","og_locale":"es_ES","og_type":"article","og_title":"Se gastan RD$3,856.3 millones en compras de emergencia por COVID-19","og_description":"Noti-America Republica Dominicana &nbsp; El tama\u00f1o de la crisis sanitaria por el COVID-19 en las cuentas fiscales ha sido enorme. Las compras p\u00fablicas de emergencia para atender la situaci\u00f3n han ascendido, hasta los momentos,&#46;&#46;&#46;","og_url":"https:\/\/noti-america.com\/site\/repdom\/2020\/08\/10\/se-gastan-rd3856-3-millones-en-compras-de-emergencia-por-covid-19\/","og_site_name":"Rep. Dominicana | Noti-America.com","article_author":"https:\/\/www.facebook.com\/share\/1HVE1qCqVk\/?mibextid=wwXIfr","article_published_time":"2020-08-10T13:12:36+00:00","og_image":[{"width":546,"height":350,"url":"https:\/\/noti-america.com\/site\/repdom\/wp-content\/uploads\/sites\/6\/2020\/08\/MNT.jpg","type":"image\/jpeg"}],"author":"Miguel Ramirez","twitter_card":"summary_large_image","twitter_misc":{"Escrito por":"Miguel Ramirez","Tiempo estimado de lectura":"3 minutos"},"schema":{"@context":"https:\/\/schema.org","@graph":[{"@type":"Article","@id":"https:\/\/noti-america.com\/site\/repdom\/2020\/08\/10\/se-gastan-rd3856-3-millones-en-compras-de-emergencia-por-covid-19\/#article","isPartOf":{"@id":"https:\/\/noti-america.com\/site\/repdom\/2020\/08\/10\/se-gastan-rd3856-3-millones-en-compras-de-emergencia-por-covid-19\/"},"author":{"name":"Miguel Ramirez","@id":"https:\/\/noti-america.com\/site\/repdom\/#\/schema\/person\/8027db7d71a0328e6e4474fa188c6fb3"},"headline":"Se gastan RD$3,856.3 millones en compras de emergencia por COVID-19","datePublished":"2020-08-10T13:12:36+00:00","mainEntityOfPage":{"@id":"https:\/\/noti-america.com\/site\/repdom\/2020\/08\/10\/se-gastan-rd3856-3-millones-en-compras-de-emergencia-por-covid-19\/"},"wordCount":628,"commentCount":0,"publisher":{"@id":"https:\/\/noti-america.com\/site\/repdom\/#organization"},"image":{"@id":"https:\/\/noti-america.com\/site\/repdom\/2020\/08\/10\/se-gastan-rd3856-3-millones-en-compras-de-emergencia-por-covid-19\/#primaryimage"},"thumbnailUrl":"https:\/\/noti-america.com\/site\/repdom\/wp-content\/uploads\/sites\/6\/2020\/08\/MNT.jpg","articleSection":["Actualidad","Noticias"],"inLanguage":"es","potentialAction":[{"@type":"CommentAction","name":"Comment","target":["https:\/\/noti-america.com\/site\/repdom\/2020\/08\/10\/se-gastan-rd3856-3-millones-en-compras-de-emergencia-por-covid-19\/#respond"]}]},{"@type":"WebPage","@id":"https:\/\/noti-america.com\/site\/repdom\/2020\/08\/10\/se-gastan-rd3856-3-millones-en-compras-de-emergencia-por-covid-19\/","url":"https:\/\/noti-america.com\/site\/repdom\/2020\/08\/10\/se-gastan-rd3856-3-millones-en-compras-de-emergencia-por-covid-19\/","name":"Se gastan RD$3,856.3 millones en compras de emergencia por COVID-19 - Rep. Dominicana | Noti-America.com","isPartOf":{"@id":"https:\/\/noti-america.com\/site\/repdom\/#website"},"primaryImageOfPage":{"@id":"https:\/\/noti-america.com\/site\/repdom\/2020\/08\/10\/se-gastan-rd3856-3-millones-en-compras-de-emergencia-por-covid-19\/#primaryimage"},"image":{"@id":"https:\/\/noti-america.com\/site\/repdom\/2020\/08\/10\/se-gastan-rd3856-3-millones-en-compras-de-emergencia-por-covid-19\/#primaryimage"},"thumbnailUrl":"https:\/\/noti-america.com\/site\/repdom\/wp-content\/uploads\/sites\/6\/2020\/08\/MNT.jpg","datePublished":"2020-08-10T13:12:36+00:00","breadcrumb":{"@id":"https:\/\/noti-america.com\/site\/repdom\/2020\/08\/10\/se-gastan-rd3856-3-millones-en-compras-de-emergencia-por-covid-19\/#breadcrumb"},"inLanguage":"es","potentialAction":[{"@type":"ReadAction","target":["https:\/\/noti-america.com\/site\/repdom\/2020\/08\/10\/se-gastan-rd3856-3-millones-en-compras-de-emergencia-por-covid-19\/"]}]},{"@type":"ImageObject","inLanguage":"es","@id":"https:\/\/noti-america.com\/site\/repdom\/2020\/08\/10\/se-gastan-rd3856-3-millones-en-compras-de-emergencia-por-covid-19\/#primaryimage","url":"https:\/\/noti-america.com\/site\/repdom\/wp-content\/uploads\/sites\/6\/2020\/08\/MNT.jpg","contentUrl":"https:\/\/noti-america.com\/site\/repdom\/wp-content\/uploads\/sites\/6\/2020\/08\/MNT.jpg","width":546,"height":350},{"@type":"BreadcrumbList","@id":"https:\/\/noti-america.com\/site\/repdom\/2020\/08\/10\/se-gastan-rd3856-3-millones-en-compras-de-emergencia-por-covid-19\/#breadcrumb","itemListElement":[{"@type":"ListItem","position":1,"name":"Portada","item":"https:\/\/noti-america.com\/site\/repdom\/"},{"@type":"ListItem","position":2,"name":"Se gastan RD$3,856.3 millones en compras de emergencia por COVID-19"}]},{"@type":"WebSite","@id":"https:\/\/noti-america.com\/site\/repdom\/#website","url":"https:\/\/noti-america.com\/site\/repdom\/","name":"Rep. Dominicana | Noti-America.com","description":"","publisher":{"@id":"https:\/\/noti-america.com\/site\/repdom\/#organization"},"potentialAction":[{"@type":"SearchAction","target":{"@type":"EntryPoint","urlTemplate":"https:\/\/noti-america.com\/site\/repdom\/?s={search_term_string}"},"query-input":{"@type":"PropertyValueSpecification","valueRequired":true,"valueName":"search_term_string"}}],"inLanguage":"es"},{"@type":"Organization","@id":"https:\/\/noti-america.com\/site\/repdom\/#organization","name":"Noti-America LLC | Rep\u00fablica Dominicana","url":"https:\/\/noti-america.com\/site\/repdom\/","logo":{"@type":"ImageObject","inLanguage":"es","@id":"https:\/\/noti-america.com\/site\/repdom\/#\/schema\/logo\/image\/","url":"https:\/\/noti-america.com\/site\/repdom\/wp-content\/uploads\/sites\/6\/2020\/07\/LogoNA-4x3-1.jpg","contentUrl":"https:\/\/noti-america.com\/site\/repdom\/wp-content\/uploads\/sites\/6\/2020\/07\/LogoNA-4x3-1.jpg","width":1236,"height":1080,"caption":"Noti-America LLC | Rep\u00fablica Dominicana"},"image":{"@id":"https:\/\/noti-america.com\/site\/repdom\/#\/schema\/logo\/image\/"}},{"@type":"Person","@id":"https:\/\/noti-america.com\/site\/repdom\/#\/schema\/person\/8027db7d71a0328e6e4474fa188c6fb3","name":"Miguel Ramirez","image":{"@type":"ImageObject","inLanguage":"es","@id":"https:\/\/secure.gravatar.com\/avatar\/41a78fb2cdab3e2dc5831d3591f1dab499ed0c22acc464195b09f37c2b3ac2cf?s=96&d=mm&r=g","url":"https:\/\/secure.gravatar.com\/avatar\/41a78fb2cdab3e2dc5831d3591f1dab499ed0c22acc464195b09f37c2b3ac2cf?s=96&d=mm&r=g","contentUrl":"https:\/\/secure.gravatar.com\/avatar\/41a78fb2cdab3e2dc5831d3591f1dab499ed0c22acc464195b09f37c2b3ac2cf?s=96&d=mm&r=g","caption":"Miguel Ramirez"},"description":"Locutor y periodista digital y coach comunicaci\u00f3n","sameAs":["https:\/\/www.facebook.com\/share\/1HVE1qCqVk\/?mibextid=wwXIfr"],"url":"https:\/\/noti-america.com\/site\/repdom\/author\/mramirez\/"}]}},"_links":{"self":[{"href":"https:\/\/noti-america.com\/site\/repdom\/wp-json\/wp\/v2\/posts\/2829","targetHints":{"allow":["GET"]}}],"collection":[{"href":"https:\/\/noti-america.com\/site\/repdom\/wp-json\/wp\/v2\/posts"}],"about":[{"href":"https:\/\/noti-america.com\/site\/repdom\/wp-json\/wp\/v2\/types\/post"}],"author":[{"embeddable":true,"href":"https:\/\/noti-america.com\/site\/repdom\/wp-json\/wp\/v2\/users\/96"}],"replies":[{"embeddable":true,"href":"https:\/\/noti-america.com\/site\/repdom\/wp-json\/wp\/v2\/comments?post=2829"}],"version-history":[{"count":2,"href":"https:\/\/noti-america.com\/site\/repdom\/wp-json\/wp\/v2\/posts\/2829\/revisions"}],"predecessor-version":[{"id":2832,"href":"https:\/\/noti-america.com\/site\/repdom\/wp-json\/wp\/v2\/posts\/2829\/revisions\/2832"}],"wp:featuredmedia":[{"embeddable":true,"href":"https:\/\/noti-america.com\/site\/repdom\/wp-json\/wp\/v2\/media\/2830"}],"wp:attachment":[{"href":"https:\/\/noti-america.com\/site\/repdom\/wp-json\/wp\/v2\/media?parent=2829"}],"wp:term":[{"taxonomy":"category","embeddable":true,"href":"https:\/\/noti-america.com\/site\/repdom\/wp-json\/wp\/v2\/categories?post=2829"},{"taxonomy":"post_tag","embeddable":true,"href":"https:\/\/noti-america.com\/site\/repdom\/wp-json\/wp\/v2\/tags?post=2829"}],"curies":[{"name":"wp","href":"https:\/\/api.w.org\/{rel}","templated":true}]}}