{"id":2739,"date":"2020-08-09T01:18:54","date_gmt":"2020-08-09T01:18:54","guid":{"rendered":"https:\/\/noti-america.com\/site\/repdom\/?p=2739"},"modified":"2020-08-09T01:18:54","modified_gmt":"2020-08-09T01:18:54","slug":"montas-vuelve-a-brillar-por-oakland","status":"publish","type":"post","link":"https:\/\/noti-america.com\/site\/repdom\/2020\/08\/09\/montas-vuelve-a-brillar-por-oakland\/","title":{"rendered":"Mont\u00e1s vuelve a brillar por Oakland"},"content":{"rendered":"<blockquote class=\"twitter-tweet\" data-width=\"500\" data-dnt=\"true\">\n<p lang=\"es\" dir=\"ltr\">El dominicano Frankie Montas volvi\u00f3 a lucirse en el mont\u00edculo, lanzado 7 s\u00f3lidas entradas de 2 hits y 5 ponches en la victoria de los <a href=\"https:\/\/twitter.com\/Athletics?ref_src=twsrc%5Etfw\">@Athletics<\/a> sobre los <a href=\"https:\/\/twitter.com\/astros?ref_src=twsrc%5Etfw\">@astros<\/a>, 3 por 1 (video cortes\u00eda de <a href=\"https:\/\/t.co\/9SoyNaaAKA\">https:\/\/t.co\/9SoyNaaAKA<\/a>) <a href=\"https:\/\/t.co\/QxU2YXxRRW\">pic.twitter.com\/QxU2YXxRRW<\/a><\/p>\n<p>&mdash; Mezcla Deportiva (@mezcladeportiva) <a href=\"https:\/\/twitter.com\/mezcladeportiva\/status\/1292241981100503040?ref_src=twsrc%5Etfw\">August 8, 2020<\/a><\/p><\/blockquote>\n<p><script async src=\"https:\/\/platform.twitter.com\/widgets.js\" charset=\"utf-8\"><\/script><\/p>\n<p style=\"text-align: justify\">OAKLAND, California &#8211; Marcus Semien peg\u00f3 un jonr\u00f3n en la primera entrada despu\u00e9s de conectar un sencillo para poner fin a un triunfo en 13 entradas en la v\u00edspera, y los Atl\u00e9ticos de Oakland superaron el s\u00e1bado 3-1 a los Astros de Houston para conseguir su octava victoria consecutiva.<\/p>\n<p style=\"text-align: justify\">El dominicano Frankie Montas (2-1) lanz\u00f3 siete cap\u00edtulos en blanco, permitiendo dos hits y sin entregar pasaportes, y ponch\u00f3 a cinco para los l\u00edderes de la Divisi\u00f3n Oeste de la Liga Americana.<\/p>\n<p style=\"text-align: justify\">Los Astros, tres veces campeones reinantes de la divisi\u00f3n, perdieron su cuarto juego consecutivo. Las \u00faltimas tres derrotas hab\u00edan sido por un total de cuatro carreras.<\/p>\n<p style=\"text-align: justify\">Semien se convirti\u00f3 en el primer jugador de la historia de la franquicia en registrar un imparable que puso fin a un encuentro y un jonr\u00f3n que arranc\u00f3 otro en d\u00edas consecutivos. Se vol\u00f3 la barda unas 15 horas despu\u00e9s de pegar un sencillo para la carrera de la victoria en la parte baja de la 13ra entrada de una victoria por 3-2 el viernes en el primero de la serie.<\/p>\n<p style=\"text-align: justify\">Matt Chapman se vol\u00f3 la barda en la octava y a\u00f1adi\u00f3 una rodado productor en la sexta mientras Oakland (11-4) igual\u00f3 al club del 2014 con la mejor foja en 15 juegos en los \u00faltimos 30 a\u00f1os.<\/p>\n<p style=\"text-align: justify\">Por los Astros, el venezolano Jos\u00e9 Altuve de 4-0. El cubano Yuli Gurriel de 4-2. El puertorrique\u00f1o Carlos Correa de 3-1.<\/p>\n<p style=\"text-align: justify\">Por los Atl\u00e9ticos, el dominicano Ram\u00f3n Laureano de 4-1.<\/p>\n<p style=\"text-align: justify\"><strong>Fuente: MLB.com<\/strong><\/p>\n","protected":false},"excerpt":{"rendered":"<p>El dominicano Frankie Montas volvi\u00f3 a lucirse en el mont\u00edculo, lanzado 7 s\u00f3lidas entradas de 2 hits y 5 ponches en la victoria de los @Athletics sobre los @astros, 3 por 1 (video cortes\u00eda&#46;&#46;&#46;<\/p>\n","protected":false},"author":89,"featured_media":2741,"comment_status":"open","ping_status":"open","sticky":false,"template":"","format":"standard","meta":{"_acf_changed":false,"rop_custom_images_group":[],"rop_custom_messages_group":[],"rop_publish_now":"initial","rop_publish_now_accounts":[],"rop_publish_now_history":[],"rop_publish_now_status":"pending","footnotes":""},"categories":[16],"tags":[228,127,133,123],"class_list":["post-2739","post","type-post","status-publish","format-standard","has-post-thumbnail","hentry","category-deportes","tag-frankie-montas","tag-major-league-baseball","tag-oakland-athletics","tag-peloteros-dominicanos"],"acf":[],"yoast_head":"<!-- This site is optimized with the Yoast SEO Premium plugin v24.9 (Yoast SEO v27.2) - https:\/\/yoast.com\/product\/yoast-seo-premium-wordpress\/ -->\n<title>Mont\u00e1s vuelve a brillar por Oakland - Rep. Dominicana | Noti-America.com<\/title>\n<meta name=\"robots\" content=\"index, follow, max-snippet:-1, max-image-preview:large, max-video-preview:-1\" \/>\n<link rel=\"canonical\" href=\"https:\/\/noti-america.com\/site\/repdom\/2020\/08\/09\/montas-vuelve-a-brillar-por-oakland\/\" \/>\n<meta property=\"og:locale\" content=\"es_ES\" \/>\n<meta property=\"og:type\" content=\"article\" \/>\n<meta property=\"og:title\" content=\"Mont\u00e1s vuelve a brillar por Oakland\" \/>\n<meta property=\"og:description\" content=\"El dominicano Frankie Montas volvi\u00f3 a lucirse en el mont\u00edculo, lanzado 7 s\u00f3lidas entradas de 2 hits y 5 ponches en la victoria de los @Athletics sobre los @astros, 3 por 1 (video cortes\u00eda&#046;&#046;&#046;\" \/>\n<meta property=\"og:url\" content=\"https:\/\/noti-america.com\/site\/repdom\/2020\/08\/09\/montas-vuelve-a-brillar-por-oakland\/\" \/>\n<meta property=\"og:site_name\" content=\"Rep. Dominicana | Noti-America.com\" \/>\n<meta property=\"article:published_time\" content=\"2020-08-09T01:18:54+00:00\" \/>\n<meta property=\"og:image\" content=\"https:\/\/noti-america.com\/site\/repdom\/wp-content\/uploads\/sites\/6\/2020\/08\/Frankie-Mont\u00e1s-1.jpg\" \/>\n\t<meta property=\"og:image:width\" content=\"1616\" \/>\n\t<meta property=\"og:image:height\" content=\"1080\" \/>\n\t<meta property=\"og:image:type\" content=\"image\/jpeg\" \/>\n<meta name=\"author\" content=\"Ad\u00e1n Soriano\" \/>\n<meta name=\"twitter:card\" content=\"summary_large_image\" \/>\n<meta name=\"twitter:creator\" content=\"@adansoriano\" \/>\n<meta name=\"twitter:label1\" content=\"Escrito por\" \/>\n\t<meta name=\"twitter:data1\" content=\"Ad\u00e1n Soriano\" \/>\n\t<meta name=\"twitter:label2\" content=\"Tiempo estimado de lectura\" \/>\n\t<meta name=\"twitter:data2\" content=\"1 minuto\" \/>\n<script type=\"application\/ld+json\" class=\"yoast-schema-graph\">{\"@context\":\"https:\/\/schema.org\",\"@graph\":[{\"@type\":\"Article\",\"@id\":\"https:\/\/noti-america.com\/site\/repdom\/2020\/08\/09\/montas-vuelve-a-brillar-por-oakland\/#article\",\"isPartOf\":{\"@id\":\"https:\/\/noti-america.com\/site\/repdom\/2020\/08\/09\/montas-vuelve-a-brillar-por-oakland\/\"},\"author\":{\"name\":\"Ad\u00e1n Soriano\",\"@id\":\"https:\/\/noti-america.com\/site\/repdom\/#\/schema\/person\/fd0092c1530d275fabaa5cffcbc2b976\"},\"headline\":\"Mont\u00e1s vuelve a brillar por Oakland\",\"datePublished\":\"2020-08-09T01:18:54+00:00\",\"mainEntityOfPage\":{\"@id\":\"https:\/\/noti-america.com\/site\/repdom\/2020\/08\/09\/montas-vuelve-a-brillar-por-oakland\/\"},\"wordCount\":274,\"commentCount\":0,\"publisher\":{\"@id\":\"https:\/\/noti-america.com\/site\/repdom\/#organization\"},\"image\":{\"@id\":\"https:\/\/noti-america.com\/site\/repdom\/2020\/08\/09\/montas-vuelve-a-brillar-por-oakland\/#primaryimage\"},\"thumbnailUrl\":\"https:\/\/noti-america.com\/site\/repdom\/wp-content\/uploads\/sites\/6\/2020\/08\/Frankie-Mont\u00e1s-1.jpg\",\"keywords\":[\"Frankie Mont\u00e1s\",\"Major League Baseball\",\"Oakland Athletics\",\"Peloteros Dominicanos\"],\"articleSection\":[\"Deportes\"],\"inLanguage\":\"es\",\"potentialAction\":[{\"@type\":\"CommentAction\",\"name\":\"Comment\",\"target\":[\"https:\/\/noti-america.com\/site\/repdom\/2020\/08\/09\/montas-vuelve-a-brillar-por-oakland\/#respond\"]}]},{\"@type\":\"WebPage\",\"@id\":\"https:\/\/noti-america.com\/site\/repdom\/2020\/08\/09\/montas-vuelve-a-brillar-por-oakland\/\",\"url\":\"https:\/\/noti-america.com\/site\/repdom\/2020\/08\/09\/montas-vuelve-a-brillar-por-oakland\/\",\"name\":\"Mont\u00e1s vuelve a brillar por Oakland - Rep. Dominicana | Noti-America.com\",\"isPartOf\":{\"@id\":\"https:\/\/noti-america.com\/site\/repdom\/#website\"},\"primaryImageOfPage\":{\"@id\":\"https:\/\/noti-america.com\/site\/repdom\/2020\/08\/09\/montas-vuelve-a-brillar-por-oakland\/#primaryimage\"},\"image\":{\"@id\":\"https:\/\/noti-america.com\/site\/repdom\/2020\/08\/09\/montas-vuelve-a-brillar-por-oakland\/#primaryimage\"},\"thumbnailUrl\":\"https:\/\/noti-america.com\/site\/repdom\/wp-content\/uploads\/sites\/6\/2020\/08\/Frankie-Mont\u00e1s-1.jpg\",\"datePublished\":\"2020-08-09T01:18:54+00:00\",\"breadcrumb\":{\"@id\":\"https:\/\/noti-america.com\/site\/repdom\/2020\/08\/09\/montas-vuelve-a-brillar-por-oakland\/#breadcrumb\"},\"inLanguage\":\"es\",\"potentialAction\":[{\"@type\":\"ReadAction\",\"target\":[\"https:\/\/noti-america.com\/site\/repdom\/2020\/08\/09\/montas-vuelve-a-brillar-por-oakland\/\"]}]},{\"@type\":\"ImageObject\",\"inLanguage\":\"es\",\"@id\":\"https:\/\/noti-america.com\/site\/repdom\/2020\/08\/09\/montas-vuelve-a-brillar-por-oakland\/#primaryimage\",\"url\":\"https:\/\/noti-america.com\/site\/repdom\/wp-content\/uploads\/sites\/6\/2020\/08\/Frankie-Mont\u00e1s-1.jpg\",\"contentUrl\":\"https:\/\/noti-america.com\/site\/repdom\/wp-content\/uploads\/sites\/6\/2020\/08\/Frankie-Mont\u00e1s-1.jpg\",\"width\":1616,\"height\":1080},{\"@type\":\"BreadcrumbList\",\"@id\":\"https:\/\/noti-america.com\/site\/repdom\/2020\/08\/09\/montas-vuelve-a-brillar-por-oakland\/#breadcrumb\",\"itemListElement\":[{\"@type\":\"ListItem\",\"position\":1,\"name\":\"Portada\",\"item\":\"https:\/\/noti-america.com\/site\/repdom\/\"},{\"@type\":\"ListItem\",\"position\":2,\"name\":\"Mont\u00e1s vuelve a brillar por Oakland\"}]},{\"@type\":\"WebSite\",\"@id\":\"https:\/\/noti-america.com\/site\/repdom\/#website\",\"url\":\"https:\/\/noti-america.com\/site\/repdom\/\",\"name\":\"Rep. Dominicana | Noti-America.com\",\"description\":\"\",\"publisher\":{\"@id\":\"https:\/\/noti-america.com\/site\/repdom\/#organization\"},\"potentialAction\":[{\"@type\":\"SearchAction\",\"target\":{\"@type\":\"EntryPoint\",\"urlTemplate\":\"https:\/\/noti-america.com\/site\/repdom\/?s={search_term_string}\"},\"query-input\":{\"@type\":\"PropertyValueSpecification\",\"valueRequired\":true,\"valueName\":\"search_term_string\"}}],\"inLanguage\":\"es\"},{\"@type\":\"Organization\",\"@id\":\"https:\/\/noti-america.com\/site\/repdom\/#organization\",\"name\":\"Noti-America LLC | Rep\u00fablica Dominicana\",\"url\":\"https:\/\/noti-america.com\/site\/repdom\/\",\"logo\":{\"@type\":\"ImageObject\",\"inLanguage\":\"es\",\"@id\":\"https:\/\/noti-america.com\/site\/repdom\/#\/schema\/logo\/image\/\",\"url\":\"https:\/\/noti-america.com\/site\/repdom\/wp-content\/uploads\/sites\/6\/2020\/07\/LogoNA-4x3-1.jpg\",\"contentUrl\":\"https:\/\/noti-america.com\/site\/repdom\/wp-content\/uploads\/sites\/6\/2020\/07\/LogoNA-4x3-1.jpg\",\"width\":1236,\"height\":1080,\"caption\":\"Noti-America LLC | Rep\u00fablica Dominicana\"},\"image\":{\"@id\":\"https:\/\/noti-america.com\/site\/repdom\/#\/schema\/logo\/image\/\"}},{\"@type\":\"Person\",\"@id\":\"https:\/\/noti-america.com\/site\/repdom\/#\/schema\/person\/fd0092c1530d275fabaa5cffcbc2b976\",\"name\":\"Ad\u00e1n Soriano\",\"image\":{\"@type\":\"ImageObject\",\"inLanguage\":\"es\",\"@id\":\"https:\/\/secure.gravatar.com\/avatar\/ecf97ff3aee7ff9efdae670d7e976f3e7e8acc1077e510d73707999a8bfd4467?s=96&d=mm&r=g\",\"url\":\"https:\/\/secure.gravatar.com\/avatar\/ecf97ff3aee7ff9efdae670d7e976f3e7e8acc1077e510d73707999a8bfd4467?s=96&d=mm&r=g\",\"contentUrl\":\"https:\/\/secure.gravatar.com\/avatar\/ecf97ff3aee7ff9efdae670d7e976f3e7e8acc1077e510d73707999a8bfd4467?s=96&d=mm&r=g\",\"caption\":\"Ad\u00e1n Soriano\"},\"description\":\"Soy cronista deportivo con 10 a\u00f1os de experiencia en varios espacios, y conduzco el podcast deportivo llamado Mezcla Deportiva\",\"sameAs\":[\"https:\/\/x.com\/adansoriano\"],\"url\":\"https:\/\/noti-america.com\/site\/repdom\/author\/asoriano\/\"}]}<\/script>\n<!-- \/ Yoast SEO Premium plugin. -->","yoast_head_json":{"title":"Mont\u00e1s vuelve a brillar por Oakland - Rep. Dominicana | Noti-America.com","robots":{"index":"index","follow":"follow","max-snippet":"max-snippet:-1","max-image-preview":"max-image-preview:large","max-video-preview":"max-video-preview:-1"},"canonical":"https:\/\/noti-america.com\/site\/repdom\/2020\/08\/09\/montas-vuelve-a-brillar-por-oakland\/","og_locale":"es_ES","og_type":"article","og_title":"Mont\u00e1s vuelve a brillar por Oakland","og_description":"El dominicano Frankie Montas volvi\u00f3 a lucirse en el mont\u00edculo, lanzado 7 s\u00f3lidas entradas de 2 hits y 5 ponches en la victoria de los @Athletics sobre los @astros, 3 por 1 (video cortes\u00eda&#46;&#46;&#46;","og_url":"https:\/\/noti-america.com\/site\/repdom\/2020\/08\/09\/montas-vuelve-a-brillar-por-oakland\/","og_site_name":"Rep. Dominicana | Noti-America.com","article_published_time":"2020-08-09T01:18:54+00:00","og_image":[{"width":1616,"height":1080,"url":"https:\/\/noti-america.com\/site\/repdom\/wp-content\/uploads\/sites\/6\/2020\/08\/Frankie-Mont\u00e1s-1.jpg","type":"image\/jpeg"}],"author":"Ad\u00e1n Soriano","twitter_card":"summary_large_image","twitter_creator":"@adansoriano","twitter_misc":{"Escrito por":"Ad\u00e1n Soriano","Tiempo estimado de lectura":"1 minuto"},"schema":{"@context":"https:\/\/schema.org","@graph":[{"@type":"Article","@id":"https:\/\/noti-america.com\/site\/repdom\/2020\/08\/09\/montas-vuelve-a-brillar-por-oakland\/#article","isPartOf":{"@id":"https:\/\/noti-america.com\/site\/repdom\/2020\/08\/09\/montas-vuelve-a-brillar-por-oakland\/"},"author":{"name":"Ad\u00e1n Soriano","@id":"https:\/\/noti-america.com\/site\/repdom\/#\/schema\/person\/fd0092c1530d275fabaa5cffcbc2b976"},"headline":"Mont\u00e1s vuelve a brillar por Oakland","datePublished":"2020-08-09T01:18:54+00:00","mainEntityOfPage":{"@id":"https:\/\/noti-america.com\/site\/repdom\/2020\/08\/09\/montas-vuelve-a-brillar-por-oakland\/"},"wordCount":274,"commentCount":0,"publisher":{"@id":"https:\/\/noti-america.com\/site\/repdom\/#organization"},"image":{"@id":"https:\/\/noti-america.com\/site\/repdom\/2020\/08\/09\/montas-vuelve-a-brillar-por-oakland\/#primaryimage"},"thumbnailUrl":"https:\/\/noti-america.com\/site\/repdom\/wp-content\/uploads\/sites\/6\/2020\/08\/Frankie-Mont\u00e1s-1.jpg","keywords":["Frankie Mont\u00e1s","Major League Baseball","Oakland Athletics","Peloteros Dominicanos"],"articleSection":["Deportes"],"inLanguage":"es","potentialAction":[{"@type":"CommentAction","name":"Comment","target":["https:\/\/noti-america.com\/site\/repdom\/2020\/08\/09\/montas-vuelve-a-brillar-por-oakland\/#respond"]}]},{"@type":"WebPage","@id":"https:\/\/noti-america.com\/site\/repdom\/2020\/08\/09\/montas-vuelve-a-brillar-por-oakland\/","url":"https:\/\/noti-america.com\/site\/repdom\/2020\/08\/09\/montas-vuelve-a-brillar-por-oakland\/","name":"Mont\u00e1s vuelve a brillar por Oakland - Rep. Dominicana | Noti-America.com","isPartOf":{"@id":"https:\/\/noti-america.com\/site\/repdom\/#website"},"primaryImageOfPage":{"@id":"https:\/\/noti-america.com\/site\/repdom\/2020\/08\/09\/montas-vuelve-a-brillar-por-oakland\/#primaryimage"},"image":{"@id":"https:\/\/noti-america.com\/site\/repdom\/2020\/08\/09\/montas-vuelve-a-brillar-por-oakland\/#primaryimage"},"thumbnailUrl":"https:\/\/noti-america.com\/site\/repdom\/wp-content\/uploads\/sites\/6\/2020\/08\/Frankie-Mont\u00e1s-1.jpg","datePublished":"2020-08-09T01:18:54+00:00","breadcrumb":{"@id":"https:\/\/noti-america.com\/site\/repdom\/2020\/08\/09\/montas-vuelve-a-brillar-por-oakland\/#breadcrumb"},"inLanguage":"es","potentialAction":[{"@type":"ReadAction","target":["https:\/\/noti-america.com\/site\/repdom\/2020\/08\/09\/montas-vuelve-a-brillar-por-oakland\/"]}]},{"@type":"ImageObject","inLanguage":"es","@id":"https:\/\/noti-america.com\/site\/repdom\/2020\/08\/09\/montas-vuelve-a-brillar-por-oakland\/#primaryimage","url":"https:\/\/noti-america.com\/site\/repdom\/wp-content\/uploads\/sites\/6\/2020\/08\/Frankie-Mont\u00e1s-1.jpg","contentUrl":"https:\/\/noti-america.com\/site\/repdom\/wp-content\/uploads\/sites\/6\/2020\/08\/Frankie-Mont\u00e1s-1.jpg","width":1616,"height":1080},{"@type":"BreadcrumbList","@id":"https:\/\/noti-america.com\/site\/repdom\/2020\/08\/09\/montas-vuelve-a-brillar-por-oakland\/#breadcrumb","itemListElement":[{"@type":"ListItem","position":1,"name":"Portada","item":"https:\/\/noti-america.com\/site\/repdom\/"},{"@type":"ListItem","position":2,"name":"Mont\u00e1s vuelve a brillar por Oakland"}]},{"@type":"WebSite","@id":"https:\/\/noti-america.com\/site\/repdom\/#website","url":"https:\/\/noti-america.com\/site\/repdom\/","name":"Rep. Dominicana | Noti-America.com","description":"","publisher":{"@id":"https:\/\/noti-america.com\/site\/repdom\/#organization"},"potentialAction":[{"@type":"SearchAction","target":{"@type":"EntryPoint","urlTemplate":"https:\/\/noti-america.com\/site\/repdom\/?s={search_term_string}"},"query-input":{"@type":"PropertyValueSpecification","valueRequired":true,"valueName":"search_term_string"}}],"inLanguage":"es"},{"@type":"Organization","@id":"https:\/\/noti-america.com\/site\/repdom\/#organization","name":"Noti-America LLC | Rep\u00fablica Dominicana","url":"https:\/\/noti-america.com\/site\/repdom\/","logo":{"@type":"ImageObject","inLanguage":"es","@id":"https:\/\/noti-america.com\/site\/repdom\/#\/schema\/logo\/image\/","url":"https:\/\/noti-america.com\/site\/repdom\/wp-content\/uploads\/sites\/6\/2020\/07\/LogoNA-4x3-1.jpg","contentUrl":"https:\/\/noti-america.com\/site\/repdom\/wp-content\/uploads\/sites\/6\/2020\/07\/LogoNA-4x3-1.jpg","width":1236,"height":1080,"caption":"Noti-America LLC | Rep\u00fablica Dominicana"},"image":{"@id":"https:\/\/noti-america.com\/site\/repdom\/#\/schema\/logo\/image\/"}},{"@type":"Person","@id":"https:\/\/noti-america.com\/site\/repdom\/#\/schema\/person\/fd0092c1530d275fabaa5cffcbc2b976","name":"Ad\u00e1n Soriano","image":{"@type":"ImageObject","inLanguage":"es","@id":"https:\/\/secure.gravatar.com\/avatar\/ecf97ff3aee7ff9efdae670d7e976f3e7e8acc1077e510d73707999a8bfd4467?s=96&d=mm&r=g","url":"https:\/\/secure.gravatar.com\/avatar\/ecf97ff3aee7ff9efdae670d7e976f3e7e8acc1077e510d73707999a8bfd4467?s=96&d=mm&r=g","contentUrl":"https:\/\/secure.gravatar.com\/avatar\/ecf97ff3aee7ff9efdae670d7e976f3e7e8acc1077e510d73707999a8bfd4467?s=96&d=mm&r=g","caption":"Ad\u00e1n Soriano"},"description":"Soy cronista deportivo con 10 a\u00f1os de experiencia en varios espacios, y conduzco el podcast deportivo llamado Mezcla Deportiva","sameAs":["https:\/\/x.com\/adansoriano"],"url":"https:\/\/noti-america.com\/site\/repdom\/author\/asoriano\/"}]}},"_links":{"self":[{"href":"https:\/\/noti-america.com\/site\/repdom\/wp-json\/wp\/v2\/posts\/2739","targetHints":{"allow":["GET"]}}],"collection":[{"href":"https:\/\/noti-america.com\/site\/repdom\/wp-json\/wp\/v2\/posts"}],"about":[{"href":"https:\/\/noti-america.com\/site\/repdom\/wp-json\/wp\/v2\/types\/post"}],"author":[{"embeddable":true,"href":"https:\/\/noti-america.com\/site\/repdom\/wp-json\/wp\/v2\/users\/89"}],"replies":[{"embeddable":true,"href":"https:\/\/noti-america.com\/site\/repdom\/wp-json\/wp\/v2\/comments?post=2739"}],"version-history":[{"count":1,"href":"https:\/\/noti-america.com\/site\/repdom\/wp-json\/wp\/v2\/posts\/2739\/revisions"}],"predecessor-version":[{"id":2742,"href":"https:\/\/noti-america.com\/site\/repdom\/wp-json\/wp\/v2\/posts\/2739\/revisions\/2742"}],"wp:featuredmedia":[{"embeddable":true,"href":"https:\/\/noti-america.com\/site\/repdom\/wp-json\/wp\/v2\/media\/2741"}],"wp:attachment":[{"href":"https:\/\/noti-america.com\/site\/repdom\/wp-json\/wp\/v2\/media?parent=2739"}],"wp:term":[{"taxonomy":"category","embeddable":true,"href":"https:\/\/noti-america.com\/site\/repdom\/wp-json\/wp\/v2\/categories?post=2739"},{"taxonomy":"post_tag","embeddable":true,"href":"https:\/\/noti-america.com\/site\/repdom\/wp-json\/wp\/v2\/tags?post=2739"}],"curies":[{"name":"wp","href":"https:\/\/api.w.org\/{rel}","templated":true}]}}