{"id":27251,"date":"2024-05-08T02:23:27","date_gmt":"2024-05-08T02:23:27","guid":{"rendered":"https:\/\/noti-america.com\/site\/repdom\/2024\/05\/08\/nace-fundacion-de-laboratorio-de-mentores-para-apoyar-a-mas-dominicanos-a-vivir-de-sus-pasiones-2\/"},"modified":"2024-05-08T02:23:27","modified_gmt":"2024-05-08T02:23:27","slug":"nace-fundacion-de-laboratorio-de-mentores-para-apoyar-a-mas-dominicanos-a-vivir-de-sus-pasiones-2","status":"publish","type":"post","link":"https:\/\/noti-america.com\/site\/repdom\/2024\/05\/08\/nace-fundacion-de-laboratorio-de-mentores-para-apoyar-a-mas-dominicanos-a-vivir-de-sus-pasiones-2\/","title":{"rendered":"Nace Fundaci\u00f3n de Laboratorio de Mentores para apoyar a m\u00e1s dominicanos a vivir de sus pasiones"},"content":{"rendered":"<p><strong><img loading=\"lazy\" decoding=\"async\" class=\"alignnone size-medium wp-image-27249\" src=\"https:\/\/noti-america.com\/site\/repdom\/wp-content\/uploads\/sites\/6\/2024\/05\/8dc6709b-5063-4a0a-8c90-6e37678699e4-300x198.jpeg\" alt=\"\" width=\"300\" height=\"198\" srcset=\"https:\/\/noti-america.com\/site\/repdom\/wp-content\/uploads\/sites\/6\/2024\/05\/8dc6709b-5063-4a0a-8c90-6e37678699e4-300x198.jpeg 300w, https:\/\/noti-america.com\/site\/repdom\/wp-content\/uploads\/sites\/6\/2024\/05\/8dc6709b-5063-4a0a-8c90-6e37678699e4-1024x677.jpeg 1024w, https:\/\/noti-america.com\/site\/repdom\/wp-content\/uploads\/sites\/6\/2024\/05\/8dc6709b-5063-4a0a-8c90-6e37678699e4-768x508.jpeg 768w, https:\/\/noti-america.com\/site\/repdom\/wp-content\/uploads\/sites\/6\/2024\/05\/8dc6709b-5063-4a0a-8c90-6e37678699e4.jpeg 1053w\" sizes=\"auto, (max-width: 300px) 100vw, 300px\" \/><\/strong><\/p>\n<p class=\"s3\"><span class=\"s2\">.<\/span><\/p>\n<p class=\"s3\">\n<p class=\"s3\"><span class=\"s4\"><span class=\"bumpedFont15\">Laboratorio de Mentores tendr\u00e1 lugar el pr\u00f3ximo 7 de <\/span><\/span><span class=\"s4\"><span class=\"bumpedFont15\">j<\/span><\/span><span class=\"s4\"><span class=\"bumpedFont15\">unio en el <\/span><\/span><span class=\"s4\"><span class=\"bumpedFont15\">Teatro La Fiesta<\/span><\/span><span class=\"s4\"><span class=\"bumpedFont15\">,<\/span><\/span><span class=\"s4\"><span class=\"bumpedFont15\"> Renaissance SD Jaragua Hotel<\/span><\/span><\/p>\n<p class=\"s5\">\n<p class=\"s5\"><span class=\"s6\"><span class=\"bumpedFont17\">Santo Domingo <\/span><\/span><span class=\"s7\">\u2013 <\/span><span class=\"s8\"><span class=\"bumpedFont15\">En el marco de la 3ra edici\u00f3n del evento de emprendimiento <\/span><\/span><span class=\"s8\"><span class=\"bumpedFont15\">digital <\/span><\/span><span class=\"s8\"><span class=\"bumpedFont15\">Laboratorio de Mentores, <\/span><\/span><span class=\"s8\"><span class=\"bumpedFont15\">que<\/span><\/span><span class=\"s8\"><span class=\"bumpedFont15\">reunir\u00e1<\/span><\/span><span class=\"s8\"><span class=\"bumpedFont15\"> a<\/span><\/span><span class=\"s8\"><span class=\"bumpedFont15\"> un grupo de <\/span><\/span><span class=\"s8\"><span class=\"bumpedFont15\">mentores nacionales e<\/span><\/span><span class=\"s8\"><span class=\"bumpedFont15\">internacionales en la Rep\u00fablica Dominicana; Jennif<\/span><\/span><span class=\"s8\"><span class=\"bumpedFont15\">f<\/span><\/span><span class=\"s8\"><span class=\"bumpedFont15\">er Arias, creadora de la marca<\/span><\/span><span class=\"s8\"><span class=\"bumpedFont15\"> anunci\u00f3 que ser\u00e1 presentada su <\/span><\/span><span class=\"s8\"><span class=\"bumpedFont15\">fundaci\u00f3<\/span><\/span><span class=\"s8\"><span class=\"bumpedFont15\">n<\/span><\/span><span class=\"s8\"><span class=\"bumpedFont15\">, la cual apoyar<\/span><\/span><span class=\"s8\"><span class=\"bumpedFont15\">\u00e1, cada <\/span><\/span><span class=\"s8\"><span class=\"bumpedFont15\">seis<\/span><\/span><span class=\"s8\"><span class=\"bumpedFont15\"> meses, a un emprendedor <\/span><\/span><span class=\"s8\"><span class=\"bumpedFont15\">a <\/span><\/span><span class=\"s8\"><span class=\"bumpedFont15\">impulsar<\/span><\/span><span class=\"s8\"><span class=\"bumpedFont15\"> su proyecto<\/span><\/span><span class=\"s8\"><span class=\"bumpedFont15\"> de negocio rentable y escalable generando un impacto positivo en la sociedad y el mundo.<\/span><\/span><\/p>\n<p class=\"s5\">\n<p class=\"s5\"><span class=\"s4\"><span class=\"bumpedFont15\">\u201c<\/span><\/span><span class=\"s4\"><span class=\"bumpedFont15\">Nuestra<\/span><\/span><span class=\"s4\"><span class=\"bumpedFont15\"> fundaci\u00f3n<\/span><\/span><span class=\"s4\"><span class=\"bumpedFont15\"> \u00a0<\/span><\/span><span class=\"s4\"><span class=\"bumpedFont15\">nace de la necesidad de apoyar a tantos nuevos talentos sin recursos que hay en nuestro pa\u00eds<\/span><\/span><span class=\"s4\"><span class=\"bumpedFont15\">;<\/span><\/span><span class=\"s4\"><span class=\"bumpedFont15\"> buscamos inspirar a empresarios<\/span><\/span><span class=\"s4\"><span class=\"bumpedFont15\"> e <\/span><\/span><span class=\"s4\"><span class=\"bumpedFont15\">inversionistas<\/span><\/span> <span class=\"s4\"><span class=\"bumpedFont15\">\u00e1ngeles <\/span><\/span><span class=\"s4\"><span class=\"bumpedFont15\">a<\/span><\/span><span class=\"s4\"><span class=\"bumpedFont15\"> darle ese apoyo econ\u00f3mico que tanto necesita<\/span><\/span><span class=\"s4\"><span class=\"bumpedFont15\"> un<\/span><\/span><span class=\"s4\"><span class=\"bumpedFont15\"> emprendedor cuando est\u00e1<\/span><\/span><span class=\"s4\"><span class=\"bumpedFont15\">comenzando su proyecto.<\/span><\/span> <span class=\"s4\"><span class=\"bumpedFont15\">Es por ello que un porciento de las ganancias del evento ir\u00e1 destinado al fondo inicial para impulsar los primeros proyectos de\u00a0la\u00a0fundaci\u00f3n\u201d<\/span><\/span><span class=\"s8\"><span class=\"bumpedFont15\"> expres\u00f3 Jennif<\/span><\/span><span class=\"s8\"><span class=\"bumpedFont15\">f<\/span><\/span><span class=\"s8\"><span class=\"bumpedFont15\">er Arias. <\/span><\/span><\/p>\n<p class=\"s5\"><img loading=\"lazy\" decoding=\"async\" class=\"alignnone size-medium wp-image-27250\" src=\"https:\/\/noti-america.com\/site\/repdom\/wp-content\/uploads\/sites\/6\/2024\/05\/1abeee8c-3071-4b8b-bf02-0b552700f460-200x300.jpeg\" alt=\"\" width=\"200\" height=\"300\" srcset=\"https:\/\/noti-america.com\/site\/repdom\/wp-content\/uploads\/sites\/6\/2024\/05\/1abeee8c-3071-4b8b-bf02-0b552700f460-200x300.jpeg 200w, https:\/\/noti-america.com\/site\/repdom\/wp-content\/uploads\/sites\/6\/2024\/05\/1abeee8c-3071-4b8b-bf02-0b552700f460-683x1024.jpeg 683w, https:\/\/noti-america.com\/site\/repdom\/wp-content\/uploads\/sites\/6\/2024\/05\/1abeee8c-3071-4b8b-bf02-0b552700f460-768x1152.jpeg 768w, https:\/\/noti-america.com\/site\/repdom\/wp-content\/uploads\/sites\/6\/2024\/05\/1abeee8c-3071-4b8b-bf02-0b552700f460.jpeg 1000w\" sizes=\"auto, (max-width: 200px) 100vw, 200px\" \/><\/p>\n<p class=\"s5\"><span class=\"s8\"><span class=\"bumpedFont15\">Centrado en <\/span><\/span><span class=\"s8\"><span class=\"bumpedFont15\">c\u00f3mo lanzar con \u00e9xito un negocio digital utilizando <\/span><\/span><span class=\"s8\"><span class=\"bumpedFont15\">las<\/span><\/span><span class=\"s8\"><span class=\"bumpedFont15\"> nuevas tecnolog\u00edas y la innovaci\u00f3n<\/span><\/span><span class=\"s8\"><span class=\"bumpedFont15\">,<\/span><\/span><span class=\"s8\"><span class=\"bumpedFont15\">Laboratorio de Mentores tendr\u00e1 lugar el pr\u00f3ximo 7 de <\/span><\/span><span class=\"s8\"><span class=\"bumpedFont15\">J<\/span><\/span><span class=\"s8\"><span class=\"bumpedFont15\">unio en el <\/span><\/span><span class=\"s9\"><span class=\"bumpedFont15\">Teatro La Fiesta Renaissance SD Jaragua Hote<\/span><\/span><span class=\"s9\"><span class=\"bumpedFont15\">l, <\/span><\/span><span class=\"s8\"><span class=\"bumpedFont15\">donde m\u00e1s de 700 personas potenciar\u00e1n sus conocimientos a trav\u00e9s de <\/span><\/span><span class=\"s8\"><span class=\"bumpedFont15\">conferencias con las t\u00e9cnicas m\u00e1s avan<\/span><\/span><span class=\"s8\"><span class=\"bumpedFont15\">zadas <\/span><\/span><span class=\"s8\"><span class=\"bumpedFont15\">en<\/span><\/span><span class=\"s8\"><span class=\"bumpedFont15\"> marketing<\/span><\/span><span class=\"s8\"><span class=\"bumpedFont15\"> digital<\/span><\/span><span class=\"s8\"><span class=\"bumpedFont15\">, <\/span><\/span><span class=\"s8\"><span class=\"bumpedFont15\">automatizaci\u00f3n<\/span><\/span><span class=\"s8\"><span class=\"bumpedFont15\">, <\/span><\/span><span class=\"s8\"><span class=\"bumpedFont15\">liderazgo,<\/span><\/span> <span class=\"s8\"><span class=\"bumpedFont15\">lanzamientos, <\/span><\/span><span class=\"s8\"><span class=\"bumpedFont15\">ventas<\/span><\/span><span class=\"s8\"><span class=\"bumpedFont15\"> online<\/span><\/span><span class=\"s8\"><span class=\"bumpedFont15\"> e inteligencia artificial j<\/span><\/span><span class=\"s8\"><span class=\"bumpedFont15\">unto a grandes mentores<\/span><\/span><span class=\"s8\"><span class=\"bumpedFont15\">. <\/span><\/span><\/p>\n<p class=\"s5\">\n<p class=\"s5\"><span class=\"s8\"><span class=\"bumpedFont15\">Dentro del men\u00fa <\/span><\/span><span class=\"s8\"><span class=\"bumpedFont15\">de mentores que formar<\/span><\/span><span class=\"s8\"><span class=\"bumpedFont15\">\u00e1<\/span><\/span><span class=\"s8\"><span class=\"bumpedFont15\">n parte del evento este a\u00f1o, est\u00e1 la<\/span><\/span><span class=\"s8\"><span class=\"bumpedFont15\"> fundadora<\/span><\/span><span class=\"s8\"><span class=\"bumpedFont15\"> del Grupo Convierte <\/span><\/span><span class=\"s8\"><span class=\"bumpedFont15\">M\u00e1s <\/span><\/span><span class=\"s8\"><span class=\"bumpedFont15\">y<\/span><\/span> <span class=\"s8\"><span class=\"bumpedFont15\">Business Mark<\/span><\/span><span class=\"s8\"><span class=\"bumpedFont15\">eting Advisor, Vilma <\/span><\/span><span class=\"s8\"><span class=\"bumpedFont15\">N\u00fa\u00f1ez<\/span><\/span><span class=\"s8\"><span class=\"bumpedFont15\">,<\/span><\/span><span class=\"s8\"><span class=\"bumpedFont15\"> as\u00ed <\/span><\/span><span class=\"s8\"><span class=\"bumpedFont15\">como Francisco Montalvo, Camilo Cely, Pablo Zuter, Estefany Guti\u00e9rrez y <\/span><\/span><span class=\"s8\"><span class=\"bumpedFont15\">Jenniffer Arias. Junto a una participaci\u00f3n especial del entrenador en transformaci\u00f3n humana, <\/span><\/span><span class=\"s8\"><span class=\"bumpedFont15\">Denny <\/span><\/span><span class=\"s8\"><span class=\"bumpedFont15\">Power de <\/span><\/span><span class=\"s8\"><span class=\"bumpedFont15\">Human Power. <\/span><\/span><\/p>\n<p class=\"s5\">\n<p class=\"s5\"><span class=\"s4\"><span class=\"bumpedFont15\">\u201cSomos la \u00fanica plataforma en Rep\u00fablica Dominicana que re\u00fane grandes mentores, coaches, speakers, entrenadores y otros profesionales, nacionales e internacionales, con la finalidad de brindar asesor\u00eda e ideas innovadoras para estructurar y\/o lanzar modelos de negocios digitales y tecnol\u00f3gicos, escalables y rentables desde el SER. Nuestra misi\u00f3n es apoyar el ecosistema emprendedor dominicano para que vivan de sus pasiones\u201d<\/span><\/span><span class=\"s8\"><span class=\"bumpedFont15\"> Jenniffer Arias CEO Laboratorio de Mentores<\/span><\/span><span class=\"s8\"><span class=\"bumpedFont15\">,<\/span><\/span><span class=\"s8\"><span class=\"bumpedFont15\"> quien estar\u00e1 por primera vez en tarima \u00e9ste a\u00f1o<\/span><\/span><span class=\"s8\"><span class=\"bumpedFont15\">.<\/span><\/span><\/p>\n<p class=\"s5\">\n<p class=\"s5\"><span class=\"s8\"><span class=\"bumpedFont15\">Laboratorio de Mentores viene enfocado en l<\/span><\/span><span class=\"s8\"><span class=\"bumpedFont15\">iderazgo, desarrollo personal, <\/span><\/span><span class=\"s8\"><span class=\"bumpedFont15\">negocios digitales, <\/span><\/span><span class=\"s8\"><span class=\"bumpedFont15\">comunicaci\u00f3n, <\/span><\/span><span class=\"s8\"><span class=\"bumpedFont15\">lanzamientos, networking<\/span><\/span><span class=\"s8\"><span class=\"bumpedFont15\"> e inteligencia artificial<\/span><\/span><span class=\"s8\"><span class=\"bumpedFont15\">.<\/span><\/span><\/p>\n<p class=\"s5\">\n<p class=\"s5\"><span class=\"s4\"><span class=\"bumpedFont15\">\u201c<\/span><\/span><span class=\"s4\"><span class=\"bumpedFont15\">Este<\/span><\/span><span class=\"s4\"><span class=\"bumpedFont15\"> evento es para todo el que desee despegar su emprendimiento<\/span><\/span> <span class=\"s4\"><span class=\"bumpedFont15\">digita<\/span><\/span><span class=\"s4\"><span class=\"bumpedFont15\">l y|o <\/span><\/span><span class=\"s4\"><span class=\"bumpedFont15\">\u00a0 <\/span><\/span><span class=\"s4\"><span class=\"bumpedFont15\">dar el paso a la transformaci\u00f3n digital de sus proyectos<\/span><\/span> <span class=\"s4\"><span class=\"bumpedFont15\">tradicionales<\/span><\/span><span class=\"s4\"><span class=\"bumpedFont15\">. Est\u00e1<\/span><\/span><span class=\"s4\"><span class=\"bumpedFont15\"> dirigido a due\u00f1os de negocios, emprendedores<\/span><\/span><span class=\"s4\"><span class=\"bumpedFont15\">,<\/span><\/span><span class=\"s4\"><span class=\"bumpedFont15\">mentores, speakers, coaches, asesores ejecutivos, empresarios, estudiantes universitarios, todos los que <\/span><\/span><span class=\"s4\"><span class=\"bumpedFont15\">desean hacer realidad su idea de negocio y escalar al nivel que se merecen<\/span><\/span><span class=\"s4\"><span class=\"bumpedFont15\">\u201d<\/span><\/span><span class=\"s8\"><span class=\"bumpedFont15\"> expres\u00f3 Arias. <\/span><\/span><\/p>\n<p class=\"s5\">\n<p class=\"s5\"><span class=\"s10\"><span class=\"bumpedFont15\">El evento <\/span><\/span><span class=\"s10\"><span class=\"bumpedFont15\">es una producci\u00f3n <\/span><\/span><span class=\"s10\"><span class=\"bumpedFont15\">de <\/span><\/span><span class=\"s10\"><span class=\"bumpedFont15\">C\u00f3digo Stage<\/span><\/span><span class=\"s10\"><span class=\"bumpedFont15\">(conformado por Noesi Producciones, AM Luxury Events, D2P Company y MediaMix)<\/span><\/span><span class=\"s10\"><span class=\"bumpedFont15\"> y <\/span><\/span><span class=\"s10\"><span class=\"bumpedFont15\">cuenta con e<\/span><\/span><span class=\"s10\"><span class=\"bumpedFont15\">l apoyo de <\/span><\/span><span class=\"s10\"><span class=\"bumpedFont15\">Banreservas, Dimagi International, <\/span><\/span><span class=\"s10\"><span class=\"bumpedFont15\">Revista Factor de \u00c9xito<\/span><\/span><span class=\"s10\"><span class=\"bumpedFont15\">, <\/span><\/span><span class=\"s10\"><span class=\"bumpedFont15\">Revista Pandora<\/span><\/span><span class=\"s10\"><span class=\"bumpedFont15\">, <\/span><\/span><span class=\"s10\"><span class=\"bumpedFont15\">El Dinero Mujer<\/span><\/span><span class=\"s10\"><span class=\"bumpedFont15\">, Human Power y Vozz It. <\/span><\/span><\/p>\n<p class=\"s5\">\n<p class=\"s5\"><span class=\"s10\"><span class=\"bumpedFont15\">Las puertas abrir\u00e1n a las 2:30pm hasta las 8:00pm<\/span><\/span><span class=\"s10\"><span class=\"bumpedFont15\"> donde los <\/span><\/span><span class=\"s10\"><span class=\"bumpedFont15\">asistentes <\/span><\/span><span class=\"s10\"><span class=\"bumpedFont15\">tendr\u00e1n las conferencias<\/span><\/span><span class=\"s10\"><span class=\"bumpedFont15\">:<\/span><\/span> <span class=\"s10\"><span class=\"bumpedFont15\">Branding: La m\u00e1quina de ventas definitiva por Pablo Zuter<\/span><\/span><span class=\"s10\"><span class=\"bumpedFont15\">; Comunica, persuade y vende, <\/span><\/span><span class=\"s10\"><span class=\"bumpedFont15\">Claves de la comunicaci\u00f3n pe<\/span><\/span><span class=\"s10\"><span class=\"bumpedFont15\">rsuasiva por Francisco Montalvo; <\/span><\/span><span class=\"s10\"><span class=\"bumpedFont15\">Automatizaci\u00f3n: La revoluci\u00f3n silenciosa que impulsa tu facturaci\u00f3n por Estefany Gutierrez, la marketera.<\/span><\/span><\/p>\n<p class=\"s5\">\n<p class=\"s5\"><span class=\"s10\"><span class=\"bumpedFont15\">Panel Historias de terror, <\/span><\/span><span class=\"s10\"><span class=\"bumpedFont15\">emprendiendo en digital<\/span><\/span><span class=\"s10\"><span class=\"bumpedFont15\">; <\/span><\/span><span class=\"s10\"><span class=\"bumpedFont15\">El poder de un lanzamiento para impulsar tu marca por Jenniffer Arias<\/span><\/span><span class=\"s10\"><span class=\"bumpedFont15\">; <\/span><\/span><span class=\"s10\"><span class=\"bumpedFont15\">El <\/span><\/span><span class=\"s10\"><span class=\"bumpedFont15\">poder de la inteligencia artificial en tus manos por Camilo Cely<\/span><\/span><span class=\"s10\"><span class=\"bumpedFont15\"> y el gran cierre final de <\/span><\/span><span class=\"s10\"><span class=\"bumpedFont15\">Vende m\u00e1s: Estrategias y t\u00e1cticas para vender m\u00e1s por Vilma Nu\u00f1ez<\/span><\/span><\/p>\n<p class=\"s5\">\n<p class=\"s5\"><span class=\"s10\"><span class=\"bumpedFont15\">Para m\u00e1<\/span><\/span><span class=\"s10\"><span class=\"bumpedFont15\">s info<\/span><\/span><span class=\"s10\"><span class=\"bumpedFont15\">rmaci\u00f3<\/span><\/span><span class=\"s10\"><span class=\"bumpedFont15\">n i<\/span><\/span><span class=\"s10\"><span class=\"bumpedFont15\">nstagram @laboratoriodementoresrd o a l<\/span><\/span><span class=\"s10\"><span class=\"bumpedFont15\">a p\u00e1gina web<\/span><\/span><a href=\"http:\/\/www.laboratoriodementores.com\/\"><span class=\"s11\"><span class=\"bumpedFont15\">www.laboratoriodementores.com<\/span><\/span><\/a><span class=\"s10\"><span class=\"bumpedFont15\"> donde de igual manera se pueden acceder a<\/span><\/span><span class=\"s10\"><span class=\"bumpedFont15\"> la compra de<\/span><\/span><span class=\"s10\"><span class=\"bumpedFont15\"> boletas para el evento.<\/span><\/span><\/p>\n<p class=\"s5\">\n<p class=\"s13\">.<\/p>\n","protected":false},"excerpt":{"rendered":"<p>. Laboratorio de Mentores tendr\u00e1 lugar el pr\u00f3ximo 7 de junio en el Teatro La Fiesta, Renaissance SD Jaragua Hotel Santo Domingo \u2013 En el marco de la 3ra edici\u00f3n del evento de emprendimiento&#46;&#46;&#46;<\/p>\n","protected":false},"author":96,"featured_media":27252,"comment_status":"open","ping_status":"open","sticky":false,"template":"","format":"standard","meta":{"_acf_changed":false,"rop_custom_images_group":[],"rop_custom_messages_group":[],"rop_publish_now":"initial","rop_publish_now_accounts":[],"rop_publish_now_history":[],"rop_publish_now_status":"pending","footnotes":""},"categories":[8],"tags":[],"class_list":["post-27251","post","type-post","status-publish","format-standard","has-post-thumbnail","hentry","category-arte-y-espectaculos"],"acf":[],"yoast_head":"<!-- This site is optimized with the Yoast SEO Premium plugin v24.9 (Yoast SEO v27.2) - https:\/\/yoast.com\/product\/yoast-seo-premium-wordpress\/ -->\n<title>Nace Fundaci\u00f3n de Laboratorio de Mentores para apoyar a m\u00e1s dominicanos a vivir de sus pasiones - Rep. Dominicana | Noti-America.com<\/title>\n<meta name=\"robots\" content=\"index, follow, max-snippet:-1, max-image-preview:large, max-video-preview:-1\" \/>\n<link rel=\"canonical\" href=\"https:\/\/noti-america.com\/site\/repdom\/2024\/05\/08\/nace-fundacion-de-laboratorio-de-mentores-para-apoyar-a-mas-dominicanos-a-vivir-de-sus-pasiones-2\/\" \/>\n<meta property=\"og:locale\" content=\"es_ES\" \/>\n<meta property=\"og:type\" content=\"article\" \/>\n<meta property=\"og:title\" content=\"Nace Fundaci\u00f3n de Laboratorio de Mentores para apoyar a m\u00e1s dominicanos a vivir de sus pasiones\" \/>\n<meta property=\"og:description\" content=\". Laboratorio de Mentores tendr\u00e1 lugar el pr\u00f3ximo 7 de junio en el Teatro La Fiesta, Renaissance SD Jaragua Hotel Santo Domingo \u2013 En el marco de la 3ra edici\u00f3n del evento de emprendimiento&#046;&#046;&#046;\" \/>\n<meta property=\"og:url\" content=\"https:\/\/noti-america.com\/site\/repdom\/2024\/05\/08\/nace-fundacion-de-laboratorio-de-mentores-para-apoyar-a-mas-dominicanos-a-vivir-de-sus-pasiones-2\/\" \/>\n<meta property=\"og:site_name\" content=\"Rep. Dominicana | Noti-America.com\" \/>\n<meta property=\"article:author\" content=\"https:\/\/www.facebook.com\/share\/1HVE1qCqVk\/?mibextid=wwXIfr\" \/>\n<meta property=\"article:published_time\" content=\"2024-05-08T02:23:27+00:00\" \/>\n<meta property=\"og:image\" content=\"https:\/\/noti-america.com\/site\/repdom\/wp-content\/uploads\/sites\/6\/2024\/05\/8dc6709b-5063-4a0a-8c90-6e37678699e4.jpeg\" \/>\n\t<meta property=\"og:image:width\" content=\"1053\" \/>\n\t<meta property=\"og:image:height\" content=\"696\" \/>\n\t<meta property=\"og:image:type\" content=\"image\/jpeg\" \/>\n<meta name=\"author\" content=\"Miguel Ramirez\" \/>\n<meta name=\"twitter:card\" content=\"summary_large_image\" \/>\n<meta name=\"twitter:label1\" content=\"Escrito por\" \/>\n\t<meta name=\"twitter:data1\" content=\"Miguel Ramirez\" \/>\n\t<meta name=\"twitter:label2\" content=\"Tiempo estimado de lectura\" \/>\n\t<meta name=\"twitter:data2\" content=\"3 minutos\" \/>\n<script type=\"application\/ld+json\" class=\"yoast-schema-graph\">{\"@context\":\"https:\/\/schema.org\",\"@graph\":[{\"@type\":\"Article\",\"@id\":\"https:\/\/noti-america.com\/site\/repdom\/2024\/05\/08\/nace-fundacion-de-laboratorio-de-mentores-para-apoyar-a-mas-dominicanos-a-vivir-de-sus-pasiones-2\/#article\",\"isPartOf\":{\"@id\":\"https:\/\/noti-america.com\/site\/repdom\/2024\/05\/08\/nace-fundacion-de-laboratorio-de-mentores-para-apoyar-a-mas-dominicanos-a-vivir-de-sus-pasiones-2\/\"},\"author\":{\"name\":\"Miguel Ramirez\",\"@id\":\"https:\/\/noti-america.com\/site\/repdom\/#\/schema\/person\/8027db7d71a0328e6e4474fa188c6fb3\"},\"headline\":\"Nace Fundaci\u00f3n de Laboratorio de Mentores para apoyar a m\u00e1s dominicanos a vivir de sus pasiones\",\"datePublished\":\"2024-05-08T02:23:27+00:00\",\"mainEntityOfPage\":{\"@id\":\"https:\/\/noti-america.com\/site\/repdom\/2024\/05\/08\/nace-fundacion-de-laboratorio-de-mentores-para-apoyar-a-mas-dominicanos-a-vivir-de-sus-pasiones-2\/\"},\"wordCount\":679,\"commentCount\":0,\"publisher\":{\"@id\":\"https:\/\/noti-america.com\/site\/repdom\/#organization\"},\"image\":{\"@id\":\"https:\/\/noti-america.com\/site\/repdom\/2024\/05\/08\/nace-fundacion-de-laboratorio-de-mentores-para-apoyar-a-mas-dominicanos-a-vivir-de-sus-pasiones-2\/#primaryimage\"},\"thumbnailUrl\":\"https:\/\/noti-america.com\/site\/repdom\/wp-content\/uploads\/sites\/6\/2024\/05\/8dc6709b-5063-4a0a-8c90-6e37678699e4.jpeg\",\"articleSection\":[\"Arte y Espect\u00e1culos\"],\"inLanguage\":\"es\",\"potentialAction\":[{\"@type\":\"CommentAction\",\"name\":\"Comment\",\"target\":[\"https:\/\/noti-america.com\/site\/repdom\/2024\/05\/08\/nace-fundacion-de-laboratorio-de-mentores-para-apoyar-a-mas-dominicanos-a-vivir-de-sus-pasiones-2\/#respond\"]}]},{\"@type\":\"WebPage\",\"@id\":\"https:\/\/noti-america.com\/site\/repdom\/2024\/05\/08\/nace-fundacion-de-laboratorio-de-mentores-para-apoyar-a-mas-dominicanos-a-vivir-de-sus-pasiones-2\/\",\"url\":\"https:\/\/noti-america.com\/site\/repdom\/2024\/05\/08\/nace-fundacion-de-laboratorio-de-mentores-para-apoyar-a-mas-dominicanos-a-vivir-de-sus-pasiones-2\/\",\"name\":\"Nace Fundaci\u00f3n de Laboratorio de Mentores para apoyar a m\u00e1s dominicanos a vivir de sus pasiones - Rep. Dominicana | Noti-America.com\",\"isPartOf\":{\"@id\":\"https:\/\/noti-america.com\/site\/repdom\/#website\"},\"primaryImageOfPage\":{\"@id\":\"https:\/\/noti-america.com\/site\/repdom\/2024\/05\/08\/nace-fundacion-de-laboratorio-de-mentores-para-apoyar-a-mas-dominicanos-a-vivir-de-sus-pasiones-2\/#primaryimage\"},\"image\":{\"@id\":\"https:\/\/noti-america.com\/site\/repdom\/2024\/05\/08\/nace-fundacion-de-laboratorio-de-mentores-para-apoyar-a-mas-dominicanos-a-vivir-de-sus-pasiones-2\/#primaryimage\"},\"thumbnailUrl\":\"https:\/\/noti-america.com\/site\/repdom\/wp-content\/uploads\/sites\/6\/2024\/05\/8dc6709b-5063-4a0a-8c90-6e37678699e4.jpeg\",\"datePublished\":\"2024-05-08T02:23:27+00:00\",\"breadcrumb\":{\"@id\":\"https:\/\/noti-america.com\/site\/repdom\/2024\/05\/08\/nace-fundacion-de-laboratorio-de-mentores-para-apoyar-a-mas-dominicanos-a-vivir-de-sus-pasiones-2\/#breadcrumb\"},\"inLanguage\":\"es\",\"potentialAction\":[{\"@type\":\"ReadAction\",\"target\":[\"https:\/\/noti-america.com\/site\/repdom\/2024\/05\/08\/nace-fundacion-de-laboratorio-de-mentores-para-apoyar-a-mas-dominicanos-a-vivir-de-sus-pasiones-2\/\"]}]},{\"@type\":\"ImageObject\",\"inLanguage\":\"es\",\"@id\":\"https:\/\/noti-america.com\/site\/repdom\/2024\/05\/08\/nace-fundacion-de-laboratorio-de-mentores-para-apoyar-a-mas-dominicanos-a-vivir-de-sus-pasiones-2\/#primaryimage\",\"url\":\"https:\/\/noti-america.com\/site\/repdom\/wp-content\/uploads\/sites\/6\/2024\/05\/8dc6709b-5063-4a0a-8c90-6e37678699e4.jpeg\",\"contentUrl\":\"https:\/\/noti-america.com\/site\/repdom\/wp-content\/uploads\/sites\/6\/2024\/05\/8dc6709b-5063-4a0a-8c90-6e37678699e4.jpeg\",\"width\":1053,\"height\":696},{\"@type\":\"BreadcrumbList\",\"@id\":\"https:\/\/noti-america.com\/site\/repdom\/2024\/05\/08\/nace-fundacion-de-laboratorio-de-mentores-para-apoyar-a-mas-dominicanos-a-vivir-de-sus-pasiones-2\/#breadcrumb\",\"itemListElement\":[{\"@type\":\"ListItem\",\"position\":1,\"name\":\"Portada\",\"item\":\"https:\/\/noti-america.com\/site\/repdom\/\"},{\"@type\":\"ListItem\",\"position\":2,\"name\":\"Nace Fundaci\u00f3n de Laboratorio de Mentores para apoyar a m\u00e1s dominicanos a vivir de sus pasiones\"}]},{\"@type\":\"WebSite\",\"@id\":\"https:\/\/noti-america.com\/site\/repdom\/#website\",\"url\":\"https:\/\/noti-america.com\/site\/repdom\/\",\"name\":\"Rep. Dominicana | Noti-America.com\",\"description\":\"\",\"publisher\":{\"@id\":\"https:\/\/noti-america.com\/site\/repdom\/#organization\"},\"potentialAction\":[{\"@type\":\"SearchAction\",\"target\":{\"@type\":\"EntryPoint\",\"urlTemplate\":\"https:\/\/noti-america.com\/site\/repdom\/?s={search_term_string}\"},\"query-input\":{\"@type\":\"PropertyValueSpecification\",\"valueRequired\":true,\"valueName\":\"search_term_string\"}}],\"inLanguage\":\"es\"},{\"@type\":\"Organization\",\"@id\":\"https:\/\/noti-america.com\/site\/repdom\/#organization\",\"name\":\"Noti-America LLC | Rep\u00fablica Dominicana\",\"url\":\"https:\/\/noti-america.com\/site\/repdom\/\",\"logo\":{\"@type\":\"ImageObject\",\"inLanguage\":\"es\",\"@id\":\"https:\/\/noti-america.com\/site\/repdom\/#\/schema\/logo\/image\/\",\"url\":\"https:\/\/noti-america.com\/site\/repdom\/wp-content\/uploads\/sites\/6\/2020\/07\/LogoNA-4x3-1.jpg\",\"contentUrl\":\"https:\/\/noti-america.com\/site\/repdom\/wp-content\/uploads\/sites\/6\/2020\/07\/LogoNA-4x3-1.jpg\",\"width\":1236,\"height\":1080,\"caption\":\"Noti-America LLC | Rep\u00fablica Dominicana\"},\"image\":{\"@id\":\"https:\/\/noti-america.com\/site\/repdom\/#\/schema\/logo\/image\/\"}},{\"@type\":\"Person\",\"@id\":\"https:\/\/noti-america.com\/site\/repdom\/#\/schema\/person\/8027db7d71a0328e6e4474fa188c6fb3\",\"name\":\"Miguel Ramirez\",\"image\":{\"@type\":\"ImageObject\",\"inLanguage\":\"es\",\"@id\":\"https:\/\/secure.gravatar.com\/avatar\/41a78fb2cdab3e2dc5831d3591f1dab499ed0c22acc464195b09f37c2b3ac2cf?s=96&d=mm&r=g\",\"url\":\"https:\/\/secure.gravatar.com\/avatar\/41a78fb2cdab3e2dc5831d3591f1dab499ed0c22acc464195b09f37c2b3ac2cf?s=96&d=mm&r=g\",\"contentUrl\":\"https:\/\/secure.gravatar.com\/avatar\/41a78fb2cdab3e2dc5831d3591f1dab499ed0c22acc464195b09f37c2b3ac2cf?s=96&d=mm&r=g\",\"caption\":\"Miguel Ramirez\"},\"description\":\"Locutor y periodista digital y coach comunicaci\u00f3n\",\"sameAs\":[\"https:\/\/www.facebook.com\/share\/1HVE1qCqVk\/?mibextid=wwXIfr\"],\"url\":\"https:\/\/noti-america.com\/site\/repdom\/author\/mramirez\/\"}]}<\/script>\n<!-- \/ Yoast SEO Premium plugin. -->","yoast_head_json":{"title":"Nace Fundaci\u00f3n de Laboratorio de Mentores para apoyar a m\u00e1s dominicanos a vivir de sus pasiones - Rep. Dominicana | Noti-America.com","robots":{"index":"index","follow":"follow","max-snippet":"max-snippet:-1","max-image-preview":"max-image-preview:large","max-video-preview":"max-video-preview:-1"},"canonical":"https:\/\/noti-america.com\/site\/repdom\/2024\/05\/08\/nace-fundacion-de-laboratorio-de-mentores-para-apoyar-a-mas-dominicanos-a-vivir-de-sus-pasiones-2\/","og_locale":"es_ES","og_type":"article","og_title":"Nace Fundaci\u00f3n de Laboratorio de Mentores para apoyar a m\u00e1s dominicanos a vivir de sus pasiones","og_description":". Laboratorio de Mentores tendr\u00e1 lugar el pr\u00f3ximo 7 de junio en el Teatro La Fiesta, Renaissance SD Jaragua Hotel Santo Domingo \u2013 En el marco de la 3ra edici\u00f3n del evento de emprendimiento&#46;&#46;&#46;","og_url":"https:\/\/noti-america.com\/site\/repdom\/2024\/05\/08\/nace-fundacion-de-laboratorio-de-mentores-para-apoyar-a-mas-dominicanos-a-vivir-de-sus-pasiones-2\/","og_site_name":"Rep. Dominicana | Noti-America.com","article_author":"https:\/\/www.facebook.com\/share\/1HVE1qCqVk\/?mibextid=wwXIfr","article_published_time":"2024-05-08T02:23:27+00:00","og_image":[{"width":1053,"height":696,"url":"https:\/\/noti-america.com\/site\/repdom\/wp-content\/uploads\/sites\/6\/2024\/05\/8dc6709b-5063-4a0a-8c90-6e37678699e4.jpeg","type":"image\/jpeg"}],"author":"Miguel Ramirez","twitter_card":"summary_large_image","twitter_misc":{"Escrito por":"Miguel Ramirez","Tiempo estimado de lectura":"3 minutos"},"schema":{"@context":"https:\/\/schema.org","@graph":[{"@type":"Article","@id":"https:\/\/noti-america.com\/site\/repdom\/2024\/05\/08\/nace-fundacion-de-laboratorio-de-mentores-para-apoyar-a-mas-dominicanos-a-vivir-de-sus-pasiones-2\/#article","isPartOf":{"@id":"https:\/\/noti-america.com\/site\/repdom\/2024\/05\/08\/nace-fundacion-de-laboratorio-de-mentores-para-apoyar-a-mas-dominicanos-a-vivir-de-sus-pasiones-2\/"},"author":{"name":"Miguel Ramirez","@id":"https:\/\/noti-america.com\/site\/repdom\/#\/schema\/person\/8027db7d71a0328e6e4474fa188c6fb3"},"headline":"Nace Fundaci\u00f3n de Laboratorio de Mentores para apoyar a m\u00e1s dominicanos a vivir de sus pasiones","datePublished":"2024-05-08T02:23:27+00:00","mainEntityOfPage":{"@id":"https:\/\/noti-america.com\/site\/repdom\/2024\/05\/08\/nace-fundacion-de-laboratorio-de-mentores-para-apoyar-a-mas-dominicanos-a-vivir-de-sus-pasiones-2\/"},"wordCount":679,"commentCount":0,"publisher":{"@id":"https:\/\/noti-america.com\/site\/repdom\/#organization"},"image":{"@id":"https:\/\/noti-america.com\/site\/repdom\/2024\/05\/08\/nace-fundacion-de-laboratorio-de-mentores-para-apoyar-a-mas-dominicanos-a-vivir-de-sus-pasiones-2\/#primaryimage"},"thumbnailUrl":"https:\/\/noti-america.com\/site\/repdom\/wp-content\/uploads\/sites\/6\/2024\/05\/8dc6709b-5063-4a0a-8c90-6e37678699e4.jpeg","articleSection":["Arte y Espect\u00e1culos"],"inLanguage":"es","potentialAction":[{"@type":"CommentAction","name":"Comment","target":["https:\/\/noti-america.com\/site\/repdom\/2024\/05\/08\/nace-fundacion-de-laboratorio-de-mentores-para-apoyar-a-mas-dominicanos-a-vivir-de-sus-pasiones-2\/#respond"]}]},{"@type":"WebPage","@id":"https:\/\/noti-america.com\/site\/repdom\/2024\/05\/08\/nace-fundacion-de-laboratorio-de-mentores-para-apoyar-a-mas-dominicanos-a-vivir-de-sus-pasiones-2\/","url":"https:\/\/noti-america.com\/site\/repdom\/2024\/05\/08\/nace-fundacion-de-laboratorio-de-mentores-para-apoyar-a-mas-dominicanos-a-vivir-de-sus-pasiones-2\/","name":"Nace Fundaci\u00f3n de Laboratorio de Mentores para apoyar a m\u00e1s dominicanos a vivir de sus pasiones - Rep. Dominicana | Noti-America.com","isPartOf":{"@id":"https:\/\/noti-america.com\/site\/repdom\/#website"},"primaryImageOfPage":{"@id":"https:\/\/noti-america.com\/site\/repdom\/2024\/05\/08\/nace-fundacion-de-laboratorio-de-mentores-para-apoyar-a-mas-dominicanos-a-vivir-de-sus-pasiones-2\/#primaryimage"},"image":{"@id":"https:\/\/noti-america.com\/site\/repdom\/2024\/05\/08\/nace-fundacion-de-laboratorio-de-mentores-para-apoyar-a-mas-dominicanos-a-vivir-de-sus-pasiones-2\/#primaryimage"},"thumbnailUrl":"https:\/\/noti-america.com\/site\/repdom\/wp-content\/uploads\/sites\/6\/2024\/05\/8dc6709b-5063-4a0a-8c90-6e37678699e4.jpeg","datePublished":"2024-05-08T02:23:27+00:00","breadcrumb":{"@id":"https:\/\/noti-america.com\/site\/repdom\/2024\/05\/08\/nace-fundacion-de-laboratorio-de-mentores-para-apoyar-a-mas-dominicanos-a-vivir-de-sus-pasiones-2\/#breadcrumb"},"inLanguage":"es","potentialAction":[{"@type":"ReadAction","target":["https:\/\/noti-america.com\/site\/repdom\/2024\/05\/08\/nace-fundacion-de-laboratorio-de-mentores-para-apoyar-a-mas-dominicanos-a-vivir-de-sus-pasiones-2\/"]}]},{"@type":"ImageObject","inLanguage":"es","@id":"https:\/\/noti-america.com\/site\/repdom\/2024\/05\/08\/nace-fundacion-de-laboratorio-de-mentores-para-apoyar-a-mas-dominicanos-a-vivir-de-sus-pasiones-2\/#primaryimage","url":"https:\/\/noti-america.com\/site\/repdom\/wp-content\/uploads\/sites\/6\/2024\/05\/8dc6709b-5063-4a0a-8c90-6e37678699e4.jpeg","contentUrl":"https:\/\/noti-america.com\/site\/repdom\/wp-content\/uploads\/sites\/6\/2024\/05\/8dc6709b-5063-4a0a-8c90-6e37678699e4.jpeg","width":1053,"height":696},{"@type":"BreadcrumbList","@id":"https:\/\/noti-america.com\/site\/repdom\/2024\/05\/08\/nace-fundacion-de-laboratorio-de-mentores-para-apoyar-a-mas-dominicanos-a-vivir-de-sus-pasiones-2\/#breadcrumb","itemListElement":[{"@type":"ListItem","position":1,"name":"Portada","item":"https:\/\/noti-america.com\/site\/repdom\/"},{"@type":"ListItem","position":2,"name":"Nace Fundaci\u00f3n de Laboratorio de Mentores para apoyar a m\u00e1s dominicanos a vivir de sus pasiones"}]},{"@type":"WebSite","@id":"https:\/\/noti-america.com\/site\/repdom\/#website","url":"https:\/\/noti-america.com\/site\/repdom\/","name":"Rep. Dominicana | Noti-America.com","description":"","publisher":{"@id":"https:\/\/noti-america.com\/site\/repdom\/#organization"},"potentialAction":[{"@type":"SearchAction","target":{"@type":"EntryPoint","urlTemplate":"https:\/\/noti-america.com\/site\/repdom\/?s={search_term_string}"},"query-input":{"@type":"PropertyValueSpecification","valueRequired":true,"valueName":"search_term_string"}}],"inLanguage":"es"},{"@type":"Organization","@id":"https:\/\/noti-america.com\/site\/repdom\/#organization","name":"Noti-America LLC | Rep\u00fablica Dominicana","url":"https:\/\/noti-america.com\/site\/repdom\/","logo":{"@type":"ImageObject","inLanguage":"es","@id":"https:\/\/noti-america.com\/site\/repdom\/#\/schema\/logo\/image\/","url":"https:\/\/noti-america.com\/site\/repdom\/wp-content\/uploads\/sites\/6\/2020\/07\/LogoNA-4x3-1.jpg","contentUrl":"https:\/\/noti-america.com\/site\/repdom\/wp-content\/uploads\/sites\/6\/2020\/07\/LogoNA-4x3-1.jpg","width":1236,"height":1080,"caption":"Noti-America LLC | Rep\u00fablica Dominicana"},"image":{"@id":"https:\/\/noti-america.com\/site\/repdom\/#\/schema\/logo\/image\/"}},{"@type":"Person","@id":"https:\/\/noti-america.com\/site\/repdom\/#\/schema\/person\/8027db7d71a0328e6e4474fa188c6fb3","name":"Miguel Ramirez","image":{"@type":"ImageObject","inLanguage":"es","@id":"https:\/\/secure.gravatar.com\/avatar\/41a78fb2cdab3e2dc5831d3591f1dab499ed0c22acc464195b09f37c2b3ac2cf?s=96&d=mm&r=g","url":"https:\/\/secure.gravatar.com\/avatar\/41a78fb2cdab3e2dc5831d3591f1dab499ed0c22acc464195b09f37c2b3ac2cf?s=96&d=mm&r=g","contentUrl":"https:\/\/secure.gravatar.com\/avatar\/41a78fb2cdab3e2dc5831d3591f1dab499ed0c22acc464195b09f37c2b3ac2cf?s=96&d=mm&r=g","caption":"Miguel Ramirez"},"description":"Locutor y periodista digital y coach comunicaci\u00f3n","sameAs":["https:\/\/www.facebook.com\/share\/1HVE1qCqVk\/?mibextid=wwXIfr"],"url":"https:\/\/noti-america.com\/site\/repdom\/author\/mramirez\/"}]}},"_links":{"self":[{"href":"https:\/\/noti-america.com\/site\/repdom\/wp-json\/wp\/v2\/posts\/27251","targetHints":{"allow":["GET"]}}],"collection":[{"href":"https:\/\/noti-america.com\/site\/repdom\/wp-json\/wp\/v2\/posts"}],"about":[{"href":"https:\/\/noti-america.com\/site\/repdom\/wp-json\/wp\/v2\/types\/post"}],"author":[{"embeddable":true,"href":"https:\/\/noti-america.com\/site\/repdom\/wp-json\/wp\/v2\/users\/96"}],"replies":[{"embeddable":true,"href":"https:\/\/noti-america.com\/site\/repdom\/wp-json\/wp\/v2\/comments?post=27251"}],"version-history":[{"count":0,"href":"https:\/\/noti-america.com\/site\/repdom\/wp-json\/wp\/v2\/posts\/27251\/revisions"}],"wp:featuredmedia":[{"embeddable":true,"href":"https:\/\/noti-america.com\/site\/repdom\/wp-json\/wp\/v2\/media\/27252"}],"wp:attachment":[{"href":"https:\/\/noti-america.com\/site\/repdom\/wp-json\/wp\/v2\/media?parent=27251"}],"wp:term":[{"taxonomy":"category","embeddable":true,"href":"https:\/\/noti-america.com\/site\/repdom\/wp-json\/wp\/v2\/categories?post=27251"},{"taxonomy":"post_tag","embeddable":true,"href":"https:\/\/noti-america.com\/site\/repdom\/wp-json\/wp\/v2\/tags?post=27251"}],"curies":[{"name":"wp","href":"https:\/\/api.w.org\/{rel}","templated":true}]}}