{"id":26970,"date":"2024-04-19T22:29:52","date_gmt":"2024-04-19T22:29:52","guid":{"rendered":"https:\/\/noti-america.com\/site\/repdom\/2024\/04\/19\/candidato-a-diputado-vicente-sanchez-recibe-reconocimiento-especial-en-premio-nacional-del-locutor-2024-2\/"},"modified":"2024-04-19T22:29:52","modified_gmt":"2024-04-19T22:29:52","slug":"candidato-a-diputado-vicente-sanchez-recibe-reconocimiento-especial-en-premio-nacional-del-locutor-2024-2","status":"publish","type":"post","link":"https:\/\/noti-america.com\/site\/repdom\/2024\/04\/19\/candidato-a-diputado-vicente-sanchez-recibe-reconocimiento-especial-en-premio-nacional-del-locutor-2024-2\/","title":{"rendered":"Candidato a diputado Vicente S\u00e1nchez recibe reconocimiento especial en Premio Nacional del Locutor 2024"},"content":{"rendered":"<p><img loading=\"lazy\" decoding=\"async\" class=\"alignnone size-medium wp-image-26967\" src=\"https:\/\/noti-america.com\/site\/repdom\/wp-content\/uploads\/sites\/6\/2024\/04\/aab41eff-c8e8-4dc6-94ad-e45a1eccb793-300x296.jpeg\" alt=\"\" width=\"300\" height=\"296\" srcset=\"https:\/\/noti-america.com\/site\/repdom\/wp-content\/uploads\/sites\/6\/2024\/04\/aab41eff-c8e8-4dc6-94ad-e45a1eccb793-300x296.jpeg 300w, https:\/\/noti-america.com\/site\/repdom\/wp-content\/uploads\/sites\/6\/2024\/04\/aab41eff-c8e8-4dc6-94ad-e45a1eccb793-80x80.jpeg 80w, https:\/\/noti-america.com\/site\/repdom\/wp-content\/uploads\/sites\/6\/2024\/04\/aab41eff-c8e8-4dc6-94ad-e45a1eccb793.jpeg 546w\" sizes=\"auto, (max-width: 300px) 100vw, 300px\" \/><\/p>\n<p>&nbsp;<\/p>\n<p>Vicente S\u00e1nchez, es el candidato m\u00e1s joven que tiene el pa\u00eds en la presente contienda electoral y desde ni\u00f1o se inclin\u00f3 por la pol\u00edtica al igual que sus padres.<\/p>\n<p>Santo Domingo, RD &#8211; El candidato a diputado del Partido Revolucionario Moderno (PRM), por la Circunscripci\u00f3n No.1 del Distrito Nacional, Vicente S\u00e1nchez, recibi\u00f3 un reconocimiento especial, en el acto de entrega del Premio Nacional del Locutor 2024, en ocasi\u00f3n a celebrarse este jueves el D\u00eda Nacional del Locutor.<\/p>\n<p><img loading=\"lazy\" decoding=\"async\" class=\"alignnone size-medium wp-image-26968\" src=\"https:\/\/noti-america.com\/site\/repdom\/wp-content\/uploads\/sites\/6\/2024\/04\/1770c6d8-c1f2-4652-912c-195727fd38a0-300x200.jpeg\" alt=\"\" width=\"300\" height=\"200\" srcset=\"https:\/\/noti-america.com\/site\/repdom\/wp-content\/uploads\/sites\/6\/2024\/04\/1770c6d8-c1f2-4652-912c-195727fd38a0-300x200.jpeg 300w, https:\/\/noti-america.com\/site\/repdom\/wp-content\/uploads\/sites\/6\/2024\/04\/1770c6d8-c1f2-4652-912c-195727fd38a0-1024x682.jpeg 1024w, https:\/\/noti-america.com\/site\/repdom\/wp-content\/uploads\/sites\/6\/2024\/04\/1770c6d8-c1f2-4652-912c-195727fd38a0-768x512.jpeg 768w, https:\/\/noti-america.com\/site\/repdom\/wp-content\/uploads\/sites\/6\/2024\/04\/1770c6d8-c1f2-4652-912c-195727fd38a0-272x182.jpeg 272w, https:\/\/noti-america.com\/site\/repdom\/wp-content\/uploads\/sites\/6\/2024\/04\/1770c6d8-c1f2-4652-912c-195727fd38a0.jpeg 1280w\" sizes=\"auto, (max-width: 300px) 100vw, 300px\" \/><\/p>\n<p>Tras felicitar a los profesionales del micr\u00f3fono en su d\u00eda y agradecer la distinci\u00f3n por parte del Colegio Dominicano de Locutores (CDL), el candidato a diputado exhort\u00f3 a los locutores a seguir trillando el camino del \u00e9xito, la profesionalidad y la \u00e9tica, a fin de seguir aportando al fortalecimiento de la democracia en el pa\u00eds.<\/p>\n<p>As\u00ed mismo, dijo que estos profesionales del micr\u00f3fono son personas de reputada credibilidad ante la poblaci\u00f3n, lo que asegur\u00f3, lo compromete a mantener informada a la poblaci\u00f3n, entretenerla y orientarla, de manera objetiva e imparcial.<\/p>\n<p>S\u00e1nchez, asegur\u00f3 adem\u00e1s, que en cierto modo la pol\u00edtica y la locuci\u00f3n se complementan, debido a que a trav\u00e9s de sus distintos espacios los locutores pueden dar a conocer una determinada problem\u00e1tica social, lo que ayudar\u00eda a las autoridades a orientar las pol\u00edticas p\u00fablicas hacia la soluci\u00f3n de esa situaci\u00f3n, indic\u00f3.<\/p>\n<p>De igual manera, ponder\u00f3 el trabajo de estos profesionales y les exhort\u00f3 a que al igual que \u00e9l, a trav\u00e9s de su proyecto pol\u00edtico, contin\u00faen aportando a los cambios y transformaciones sociales que requiere el pa\u00eds, por un mayor bienestar para el pueblo dominicano.<\/p>\n<p><img loading=\"lazy\" decoding=\"async\" class=\"alignnone size-medium wp-image-26969\" src=\"https:\/\/noti-america.com\/site\/repdom\/wp-content\/uploads\/sites\/6\/2024\/04\/b9e828b4-c09d-469f-a7a4-2187c51989dc-300x225.jpeg\" alt=\"\" width=\"300\" height=\"225\" srcset=\"https:\/\/noti-america.com\/site\/repdom\/wp-content\/uploads\/sites\/6\/2024\/04\/b9e828b4-c09d-469f-a7a4-2187c51989dc-300x225.jpeg 300w, https:\/\/noti-america.com\/site\/repdom\/wp-content\/uploads\/sites\/6\/2024\/04\/b9e828b4-c09d-469f-a7a4-2187c51989dc-1024x768.jpeg 1024w, https:\/\/noti-america.com\/site\/repdom\/wp-content\/uploads\/sites\/6\/2024\/04\/b9e828b4-c09d-469f-a7a4-2187c51989dc-768x576.jpeg 768w, https:\/\/noti-america.com\/site\/repdom\/wp-content\/uploads\/sites\/6\/2024\/04\/b9e828b4-c09d-469f-a7a4-2187c51989dc-1536x1152.jpeg 1536w, https:\/\/noti-america.com\/site\/repdom\/wp-content\/uploads\/sites\/6\/2024\/04\/b9e828b4-c09d-469f-a7a4-2187c51989dc.jpeg 1600w\" sizes=\"auto, (max-width: 300px) 100vw, 300px\" \/><\/p>\n<p>El reconocimiento especial fue entregado por Tony Luna y Nelson Guti\u00e9rrez, presidente nacional y presidente advitam, respectivamente de la instituci\u00f3n, y le acompa\u00f1\u00f3 don Venancio Alc\u00e1ntara, director general de la Direcci\u00f3n General de Migraci\u00f3n.<\/p>\n<p>De igual manera, el titular de Migraci\u00f3n, Venancio Alc\u00e1ntara, aprovech\u00f3 el escenario para felicitar a los locutores en su d\u00eda, as\u00ed como desearle \u00e9xito en su ejercicio profesional, de quienes dijo sentirse orgulloso por el trabajo honesto que vienen realizando desde hace d\u00e9cada, a favor del pueblo dominicano.<\/p>\n<p>As\u00ed mismo, Alc\u00e1ntara destac\u00f3 el respeto a la libertad de expresi\u00f3n que existe en el pa\u00eds, donde cada persona puede manifestar libremente sus ideas y pensamiento sin persecuci\u00f3n ni cuestionamienro, respetando as\u00ed la democracia en un verdadero estado social y democr\u00e1tico de derecho, concluy\u00f3.<\/p>\n<p>&nbsp;<\/p>\n<p>&nbsp;<\/p>\n<p>&nbsp;<\/p>\n<p>.<\/p>\n","protected":false},"excerpt":{"rendered":"<p>&nbsp; Vicente S\u00e1nchez, es el candidato m\u00e1s joven que tiene el pa\u00eds en la presente contienda electoral y desde ni\u00f1o se inclin\u00f3 por la pol\u00edtica al igual que sus padres. Santo Domingo, RD &#8211;&#46;&#46;&#46;<\/p>\n","protected":false},"author":96,"featured_media":26971,"comment_status":"open","ping_status":"open","sticky":false,"template":"","format":"standard","meta":{"_acf_changed":false,"rop_custom_images_group":[],"rop_custom_messages_group":[],"rop_publish_now":"initial","rop_publish_now_accounts":[],"rop_publish_now_history":[],"rop_publish_now_status":"pending","footnotes":""},"categories":[8],"tags":[],"class_list":["post-26970","post","type-post","status-publish","format-standard","has-post-thumbnail","hentry","category-arte-y-espectaculos"],"acf":[],"yoast_head":"<!-- This site is optimized with the Yoast SEO Premium plugin v24.9 (Yoast SEO v27.2) - https:\/\/yoast.com\/product\/yoast-seo-premium-wordpress\/ -->\n<title>Candidato a diputado Vicente S\u00e1nchez recibe reconocimiento especial en Premio Nacional del Locutor 2024 - Rep. Dominicana | Noti-America.com<\/title>\n<meta name=\"robots\" content=\"index, follow, max-snippet:-1, max-image-preview:large, max-video-preview:-1\" \/>\n<link rel=\"canonical\" href=\"https:\/\/noti-america.com\/site\/repdom\/2024\/04\/19\/candidato-a-diputado-vicente-sanchez-recibe-reconocimiento-especial-en-premio-nacional-del-locutor-2024-2\/\" \/>\n<meta property=\"og:locale\" content=\"es_ES\" \/>\n<meta property=\"og:type\" content=\"article\" \/>\n<meta property=\"og:title\" content=\"Candidato a diputado Vicente S\u00e1nchez recibe reconocimiento especial en Premio Nacional del Locutor 2024\" \/>\n<meta property=\"og:description\" content=\"&nbsp; Vicente S\u00e1nchez, es el candidato m\u00e1s joven que tiene el pa\u00eds en la presente contienda electoral y desde ni\u00f1o se inclin\u00f3 por la pol\u00edtica al igual que sus padres. Santo Domingo, RD &#8211;&#046;&#046;&#046;\" \/>\n<meta property=\"og:url\" content=\"https:\/\/noti-america.com\/site\/repdom\/2024\/04\/19\/candidato-a-diputado-vicente-sanchez-recibe-reconocimiento-especial-en-premio-nacional-del-locutor-2024-2\/\" \/>\n<meta property=\"og:site_name\" content=\"Rep. Dominicana | Noti-America.com\" \/>\n<meta property=\"article:author\" content=\"https:\/\/www.facebook.com\/share\/1HVE1qCqVk\/?mibextid=wwXIfr\" \/>\n<meta property=\"article:published_time\" content=\"2024-04-19T22:29:52+00:00\" \/>\n<meta property=\"og:image\" content=\"https:\/\/noti-america.com\/site\/repdom\/wp-content\/uploads\/sites\/6\/2024\/04\/aab41eff-c8e8-4dc6-94ad-e45a1eccb793.jpeg\" \/>\n\t<meta property=\"og:image:width\" content=\"546\" \/>\n\t<meta property=\"og:image:height\" content=\"538\" \/>\n\t<meta property=\"og:image:type\" content=\"image\/jpeg\" \/>\n<meta name=\"author\" content=\"Miguel Ramirez\" \/>\n<meta name=\"twitter:card\" content=\"summary_large_image\" \/>\n<meta name=\"twitter:label1\" content=\"Escrito por\" \/>\n\t<meta name=\"twitter:data1\" content=\"Miguel Ramirez\" \/>\n\t<meta name=\"twitter:label2\" content=\"Tiempo estimado de lectura\" \/>\n\t<meta name=\"twitter:data2\" content=\"2 minutos\" \/>\n<script type=\"application\/ld+json\" class=\"yoast-schema-graph\">{\"@context\":\"https:\/\/schema.org\",\"@graph\":[{\"@type\":\"Article\",\"@id\":\"https:\/\/noti-america.com\/site\/repdom\/2024\/04\/19\/candidato-a-diputado-vicente-sanchez-recibe-reconocimiento-especial-en-premio-nacional-del-locutor-2024-2\/#article\",\"isPartOf\":{\"@id\":\"https:\/\/noti-america.com\/site\/repdom\/2024\/04\/19\/candidato-a-diputado-vicente-sanchez-recibe-reconocimiento-especial-en-premio-nacional-del-locutor-2024-2\/\"},\"author\":{\"name\":\"Miguel Ramirez\",\"@id\":\"https:\/\/noti-america.com\/site\/repdom\/#\/schema\/person\/8027db7d71a0328e6e4474fa188c6fb3\"},\"headline\":\"Candidato a diputado Vicente S\u00e1nchez recibe reconocimiento especial en Premio Nacional del Locutor 2024\",\"datePublished\":\"2024-04-19T22:29:52+00:00\",\"mainEntityOfPage\":{\"@id\":\"https:\/\/noti-america.com\/site\/repdom\/2024\/04\/19\/candidato-a-diputado-vicente-sanchez-recibe-reconocimiento-especial-en-premio-nacional-del-locutor-2024-2\/\"},\"wordCount\":450,\"commentCount\":0,\"publisher\":{\"@id\":\"https:\/\/noti-america.com\/site\/repdom\/#organization\"},\"image\":{\"@id\":\"https:\/\/noti-america.com\/site\/repdom\/2024\/04\/19\/candidato-a-diputado-vicente-sanchez-recibe-reconocimiento-especial-en-premio-nacional-del-locutor-2024-2\/#primaryimage\"},\"thumbnailUrl\":\"https:\/\/noti-america.com\/site\/repdom\/wp-content\/uploads\/sites\/6\/2024\/04\/aab41eff-c8e8-4dc6-94ad-e45a1eccb793.jpeg\",\"articleSection\":[\"Arte y Espect\u00e1culos\"],\"inLanguage\":\"es\",\"potentialAction\":[{\"@type\":\"CommentAction\",\"name\":\"Comment\",\"target\":[\"https:\/\/noti-america.com\/site\/repdom\/2024\/04\/19\/candidato-a-diputado-vicente-sanchez-recibe-reconocimiento-especial-en-premio-nacional-del-locutor-2024-2\/#respond\"]}]},{\"@type\":\"WebPage\",\"@id\":\"https:\/\/noti-america.com\/site\/repdom\/2024\/04\/19\/candidato-a-diputado-vicente-sanchez-recibe-reconocimiento-especial-en-premio-nacional-del-locutor-2024-2\/\",\"url\":\"https:\/\/noti-america.com\/site\/repdom\/2024\/04\/19\/candidato-a-diputado-vicente-sanchez-recibe-reconocimiento-especial-en-premio-nacional-del-locutor-2024-2\/\",\"name\":\"Candidato a diputado Vicente S\u00e1nchez recibe reconocimiento especial en Premio Nacional del Locutor 2024 - Rep. Dominicana | Noti-America.com\",\"isPartOf\":{\"@id\":\"https:\/\/noti-america.com\/site\/repdom\/#website\"},\"primaryImageOfPage\":{\"@id\":\"https:\/\/noti-america.com\/site\/repdom\/2024\/04\/19\/candidato-a-diputado-vicente-sanchez-recibe-reconocimiento-especial-en-premio-nacional-del-locutor-2024-2\/#primaryimage\"},\"image\":{\"@id\":\"https:\/\/noti-america.com\/site\/repdom\/2024\/04\/19\/candidato-a-diputado-vicente-sanchez-recibe-reconocimiento-especial-en-premio-nacional-del-locutor-2024-2\/#primaryimage\"},\"thumbnailUrl\":\"https:\/\/noti-america.com\/site\/repdom\/wp-content\/uploads\/sites\/6\/2024\/04\/aab41eff-c8e8-4dc6-94ad-e45a1eccb793.jpeg\",\"datePublished\":\"2024-04-19T22:29:52+00:00\",\"breadcrumb\":{\"@id\":\"https:\/\/noti-america.com\/site\/repdom\/2024\/04\/19\/candidato-a-diputado-vicente-sanchez-recibe-reconocimiento-especial-en-premio-nacional-del-locutor-2024-2\/#breadcrumb\"},\"inLanguage\":\"es\",\"potentialAction\":[{\"@type\":\"ReadAction\",\"target\":[\"https:\/\/noti-america.com\/site\/repdom\/2024\/04\/19\/candidato-a-diputado-vicente-sanchez-recibe-reconocimiento-especial-en-premio-nacional-del-locutor-2024-2\/\"]}]},{\"@type\":\"ImageObject\",\"inLanguage\":\"es\",\"@id\":\"https:\/\/noti-america.com\/site\/repdom\/2024\/04\/19\/candidato-a-diputado-vicente-sanchez-recibe-reconocimiento-especial-en-premio-nacional-del-locutor-2024-2\/#primaryimage\",\"url\":\"https:\/\/noti-america.com\/site\/repdom\/wp-content\/uploads\/sites\/6\/2024\/04\/aab41eff-c8e8-4dc6-94ad-e45a1eccb793.jpeg\",\"contentUrl\":\"https:\/\/noti-america.com\/site\/repdom\/wp-content\/uploads\/sites\/6\/2024\/04\/aab41eff-c8e8-4dc6-94ad-e45a1eccb793.jpeg\",\"width\":546,\"height\":538},{\"@type\":\"BreadcrumbList\",\"@id\":\"https:\/\/noti-america.com\/site\/repdom\/2024\/04\/19\/candidato-a-diputado-vicente-sanchez-recibe-reconocimiento-especial-en-premio-nacional-del-locutor-2024-2\/#breadcrumb\",\"itemListElement\":[{\"@type\":\"ListItem\",\"position\":1,\"name\":\"Portada\",\"item\":\"https:\/\/noti-america.com\/site\/repdom\/\"},{\"@type\":\"ListItem\",\"position\":2,\"name\":\"Candidato a diputado Vicente S\u00e1nchez recibe reconocimiento especial en Premio Nacional del Locutor 2024\"}]},{\"@type\":\"WebSite\",\"@id\":\"https:\/\/noti-america.com\/site\/repdom\/#website\",\"url\":\"https:\/\/noti-america.com\/site\/repdom\/\",\"name\":\"Rep. Dominicana | Noti-America.com\",\"description\":\"\",\"publisher\":{\"@id\":\"https:\/\/noti-america.com\/site\/repdom\/#organization\"},\"potentialAction\":[{\"@type\":\"SearchAction\",\"target\":{\"@type\":\"EntryPoint\",\"urlTemplate\":\"https:\/\/noti-america.com\/site\/repdom\/?s={search_term_string}\"},\"query-input\":{\"@type\":\"PropertyValueSpecification\",\"valueRequired\":true,\"valueName\":\"search_term_string\"}}],\"inLanguage\":\"es\"},{\"@type\":\"Organization\",\"@id\":\"https:\/\/noti-america.com\/site\/repdom\/#organization\",\"name\":\"Noti-America LLC | Rep\u00fablica Dominicana\",\"url\":\"https:\/\/noti-america.com\/site\/repdom\/\",\"logo\":{\"@type\":\"ImageObject\",\"inLanguage\":\"es\",\"@id\":\"https:\/\/noti-america.com\/site\/repdom\/#\/schema\/logo\/image\/\",\"url\":\"https:\/\/noti-america.com\/site\/repdom\/wp-content\/uploads\/sites\/6\/2020\/07\/LogoNA-4x3-1.jpg\",\"contentUrl\":\"https:\/\/noti-america.com\/site\/repdom\/wp-content\/uploads\/sites\/6\/2020\/07\/LogoNA-4x3-1.jpg\",\"width\":1236,\"height\":1080,\"caption\":\"Noti-America LLC | Rep\u00fablica Dominicana\"},\"image\":{\"@id\":\"https:\/\/noti-america.com\/site\/repdom\/#\/schema\/logo\/image\/\"}},{\"@type\":\"Person\",\"@id\":\"https:\/\/noti-america.com\/site\/repdom\/#\/schema\/person\/8027db7d71a0328e6e4474fa188c6fb3\",\"name\":\"Miguel Ramirez\",\"image\":{\"@type\":\"ImageObject\",\"inLanguage\":\"es\",\"@id\":\"https:\/\/secure.gravatar.com\/avatar\/41a78fb2cdab3e2dc5831d3591f1dab499ed0c22acc464195b09f37c2b3ac2cf?s=96&d=mm&r=g\",\"url\":\"https:\/\/secure.gravatar.com\/avatar\/41a78fb2cdab3e2dc5831d3591f1dab499ed0c22acc464195b09f37c2b3ac2cf?s=96&d=mm&r=g\",\"contentUrl\":\"https:\/\/secure.gravatar.com\/avatar\/41a78fb2cdab3e2dc5831d3591f1dab499ed0c22acc464195b09f37c2b3ac2cf?s=96&d=mm&r=g\",\"caption\":\"Miguel Ramirez\"},\"description\":\"Locutor y periodista digital y coach comunicaci\u00f3n\",\"sameAs\":[\"https:\/\/www.facebook.com\/share\/1HVE1qCqVk\/?mibextid=wwXIfr\"],\"url\":\"https:\/\/noti-america.com\/site\/repdom\/author\/mramirez\/\"}]}<\/script>\n<!-- \/ Yoast SEO Premium plugin. -->","yoast_head_json":{"title":"Candidato a diputado Vicente S\u00e1nchez recibe reconocimiento especial en Premio Nacional del Locutor 2024 - Rep. Dominicana | Noti-America.com","robots":{"index":"index","follow":"follow","max-snippet":"max-snippet:-1","max-image-preview":"max-image-preview:large","max-video-preview":"max-video-preview:-1"},"canonical":"https:\/\/noti-america.com\/site\/repdom\/2024\/04\/19\/candidato-a-diputado-vicente-sanchez-recibe-reconocimiento-especial-en-premio-nacional-del-locutor-2024-2\/","og_locale":"es_ES","og_type":"article","og_title":"Candidato a diputado Vicente S\u00e1nchez recibe reconocimiento especial en Premio Nacional del Locutor 2024","og_description":"&nbsp; Vicente S\u00e1nchez, es el candidato m\u00e1s joven que tiene el pa\u00eds en la presente contienda electoral y desde ni\u00f1o se inclin\u00f3 por la pol\u00edtica al igual que sus padres. Santo Domingo, RD &#8211;&#46;&#46;&#46;","og_url":"https:\/\/noti-america.com\/site\/repdom\/2024\/04\/19\/candidato-a-diputado-vicente-sanchez-recibe-reconocimiento-especial-en-premio-nacional-del-locutor-2024-2\/","og_site_name":"Rep. Dominicana | Noti-America.com","article_author":"https:\/\/www.facebook.com\/share\/1HVE1qCqVk\/?mibextid=wwXIfr","article_published_time":"2024-04-19T22:29:52+00:00","og_image":[{"width":546,"height":538,"url":"https:\/\/noti-america.com\/site\/repdom\/wp-content\/uploads\/sites\/6\/2024\/04\/aab41eff-c8e8-4dc6-94ad-e45a1eccb793.jpeg","type":"image\/jpeg"}],"author":"Miguel Ramirez","twitter_card":"summary_large_image","twitter_misc":{"Escrito por":"Miguel Ramirez","Tiempo estimado de lectura":"2 minutos"},"schema":{"@context":"https:\/\/schema.org","@graph":[{"@type":"Article","@id":"https:\/\/noti-america.com\/site\/repdom\/2024\/04\/19\/candidato-a-diputado-vicente-sanchez-recibe-reconocimiento-especial-en-premio-nacional-del-locutor-2024-2\/#article","isPartOf":{"@id":"https:\/\/noti-america.com\/site\/repdom\/2024\/04\/19\/candidato-a-diputado-vicente-sanchez-recibe-reconocimiento-especial-en-premio-nacional-del-locutor-2024-2\/"},"author":{"name":"Miguel Ramirez","@id":"https:\/\/noti-america.com\/site\/repdom\/#\/schema\/person\/8027db7d71a0328e6e4474fa188c6fb3"},"headline":"Candidato a diputado Vicente S\u00e1nchez recibe reconocimiento especial en Premio Nacional del Locutor 2024","datePublished":"2024-04-19T22:29:52+00:00","mainEntityOfPage":{"@id":"https:\/\/noti-america.com\/site\/repdom\/2024\/04\/19\/candidato-a-diputado-vicente-sanchez-recibe-reconocimiento-especial-en-premio-nacional-del-locutor-2024-2\/"},"wordCount":450,"commentCount":0,"publisher":{"@id":"https:\/\/noti-america.com\/site\/repdom\/#organization"},"image":{"@id":"https:\/\/noti-america.com\/site\/repdom\/2024\/04\/19\/candidato-a-diputado-vicente-sanchez-recibe-reconocimiento-especial-en-premio-nacional-del-locutor-2024-2\/#primaryimage"},"thumbnailUrl":"https:\/\/noti-america.com\/site\/repdom\/wp-content\/uploads\/sites\/6\/2024\/04\/aab41eff-c8e8-4dc6-94ad-e45a1eccb793.jpeg","articleSection":["Arte y Espect\u00e1culos"],"inLanguage":"es","potentialAction":[{"@type":"CommentAction","name":"Comment","target":["https:\/\/noti-america.com\/site\/repdom\/2024\/04\/19\/candidato-a-diputado-vicente-sanchez-recibe-reconocimiento-especial-en-premio-nacional-del-locutor-2024-2\/#respond"]}]},{"@type":"WebPage","@id":"https:\/\/noti-america.com\/site\/repdom\/2024\/04\/19\/candidato-a-diputado-vicente-sanchez-recibe-reconocimiento-especial-en-premio-nacional-del-locutor-2024-2\/","url":"https:\/\/noti-america.com\/site\/repdom\/2024\/04\/19\/candidato-a-diputado-vicente-sanchez-recibe-reconocimiento-especial-en-premio-nacional-del-locutor-2024-2\/","name":"Candidato a diputado Vicente S\u00e1nchez recibe reconocimiento especial en Premio Nacional del Locutor 2024 - Rep. Dominicana | Noti-America.com","isPartOf":{"@id":"https:\/\/noti-america.com\/site\/repdom\/#website"},"primaryImageOfPage":{"@id":"https:\/\/noti-america.com\/site\/repdom\/2024\/04\/19\/candidato-a-diputado-vicente-sanchez-recibe-reconocimiento-especial-en-premio-nacional-del-locutor-2024-2\/#primaryimage"},"image":{"@id":"https:\/\/noti-america.com\/site\/repdom\/2024\/04\/19\/candidato-a-diputado-vicente-sanchez-recibe-reconocimiento-especial-en-premio-nacional-del-locutor-2024-2\/#primaryimage"},"thumbnailUrl":"https:\/\/noti-america.com\/site\/repdom\/wp-content\/uploads\/sites\/6\/2024\/04\/aab41eff-c8e8-4dc6-94ad-e45a1eccb793.jpeg","datePublished":"2024-04-19T22:29:52+00:00","breadcrumb":{"@id":"https:\/\/noti-america.com\/site\/repdom\/2024\/04\/19\/candidato-a-diputado-vicente-sanchez-recibe-reconocimiento-especial-en-premio-nacional-del-locutor-2024-2\/#breadcrumb"},"inLanguage":"es","potentialAction":[{"@type":"ReadAction","target":["https:\/\/noti-america.com\/site\/repdom\/2024\/04\/19\/candidato-a-diputado-vicente-sanchez-recibe-reconocimiento-especial-en-premio-nacional-del-locutor-2024-2\/"]}]},{"@type":"ImageObject","inLanguage":"es","@id":"https:\/\/noti-america.com\/site\/repdom\/2024\/04\/19\/candidato-a-diputado-vicente-sanchez-recibe-reconocimiento-especial-en-premio-nacional-del-locutor-2024-2\/#primaryimage","url":"https:\/\/noti-america.com\/site\/repdom\/wp-content\/uploads\/sites\/6\/2024\/04\/aab41eff-c8e8-4dc6-94ad-e45a1eccb793.jpeg","contentUrl":"https:\/\/noti-america.com\/site\/repdom\/wp-content\/uploads\/sites\/6\/2024\/04\/aab41eff-c8e8-4dc6-94ad-e45a1eccb793.jpeg","width":546,"height":538},{"@type":"BreadcrumbList","@id":"https:\/\/noti-america.com\/site\/repdom\/2024\/04\/19\/candidato-a-diputado-vicente-sanchez-recibe-reconocimiento-especial-en-premio-nacional-del-locutor-2024-2\/#breadcrumb","itemListElement":[{"@type":"ListItem","position":1,"name":"Portada","item":"https:\/\/noti-america.com\/site\/repdom\/"},{"@type":"ListItem","position":2,"name":"Candidato a diputado Vicente S\u00e1nchez recibe reconocimiento especial en Premio Nacional del Locutor 2024"}]},{"@type":"WebSite","@id":"https:\/\/noti-america.com\/site\/repdom\/#website","url":"https:\/\/noti-america.com\/site\/repdom\/","name":"Rep. Dominicana | Noti-America.com","description":"","publisher":{"@id":"https:\/\/noti-america.com\/site\/repdom\/#organization"},"potentialAction":[{"@type":"SearchAction","target":{"@type":"EntryPoint","urlTemplate":"https:\/\/noti-america.com\/site\/repdom\/?s={search_term_string}"},"query-input":{"@type":"PropertyValueSpecification","valueRequired":true,"valueName":"search_term_string"}}],"inLanguage":"es"},{"@type":"Organization","@id":"https:\/\/noti-america.com\/site\/repdom\/#organization","name":"Noti-America LLC | Rep\u00fablica Dominicana","url":"https:\/\/noti-america.com\/site\/repdom\/","logo":{"@type":"ImageObject","inLanguage":"es","@id":"https:\/\/noti-america.com\/site\/repdom\/#\/schema\/logo\/image\/","url":"https:\/\/noti-america.com\/site\/repdom\/wp-content\/uploads\/sites\/6\/2020\/07\/LogoNA-4x3-1.jpg","contentUrl":"https:\/\/noti-america.com\/site\/repdom\/wp-content\/uploads\/sites\/6\/2020\/07\/LogoNA-4x3-1.jpg","width":1236,"height":1080,"caption":"Noti-America LLC | Rep\u00fablica Dominicana"},"image":{"@id":"https:\/\/noti-america.com\/site\/repdom\/#\/schema\/logo\/image\/"}},{"@type":"Person","@id":"https:\/\/noti-america.com\/site\/repdom\/#\/schema\/person\/8027db7d71a0328e6e4474fa188c6fb3","name":"Miguel Ramirez","image":{"@type":"ImageObject","inLanguage":"es","@id":"https:\/\/secure.gravatar.com\/avatar\/41a78fb2cdab3e2dc5831d3591f1dab499ed0c22acc464195b09f37c2b3ac2cf?s=96&d=mm&r=g","url":"https:\/\/secure.gravatar.com\/avatar\/41a78fb2cdab3e2dc5831d3591f1dab499ed0c22acc464195b09f37c2b3ac2cf?s=96&d=mm&r=g","contentUrl":"https:\/\/secure.gravatar.com\/avatar\/41a78fb2cdab3e2dc5831d3591f1dab499ed0c22acc464195b09f37c2b3ac2cf?s=96&d=mm&r=g","caption":"Miguel Ramirez"},"description":"Locutor y periodista digital y coach comunicaci\u00f3n","sameAs":["https:\/\/www.facebook.com\/share\/1HVE1qCqVk\/?mibextid=wwXIfr"],"url":"https:\/\/noti-america.com\/site\/repdom\/author\/mramirez\/"}]}},"_links":{"self":[{"href":"https:\/\/noti-america.com\/site\/repdom\/wp-json\/wp\/v2\/posts\/26970","targetHints":{"allow":["GET"]}}],"collection":[{"href":"https:\/\/noti-america.com\/site\/repdom\/wp-json\/wp\/v2\/posts"}],"about":[{"href":"https:\/\/noti-america.com\/site\/repdom\/wp-json\/wp\/v2\/types\/post"}],"author":[{"embeddable":true,"href":"https:\/\/noti-america.com\/site\/repdom\/wp-json\/wp\/v2\/users\/96"}],"replies":[{"embeddable":true,"href":"https:\/\/noti-america.com\/site\/repdom\/wp-json\/wp\/v2\/comments?post=26970"}],"version-history":[{"count":0,"href":"https:\/\/noti-america.com\/site\/repdom\/wp-json\/wp\/v2\/posts\/26970\/revisions"}],"wp:featuredmedia":[{"embeddable":true,"href":"https:\/\/noti-america.com\/site\/repdom\/wp-json\/wp\/v2\/media\/26971"}],"wp:attachment":[{"href":"https:\/\/noti-america.com\/site\/repdom\/wp-json\/wp\/v2\/media?parent=26970"}],"wp:term":[{"taxonomy":"category","embeddable":true,"href":"https:\/\/noti-america.com\/site\/repdom\/wp-json\/wp\/v2\/categories?post=26970"},{"taxonomy":"post_tag","embeddable":true,"href":"https:\/\/noti-america.com\/site\/repdom\/wp-json\/wp\/v2\/tags?post=26970"}],"curies":[{"name":"wp","href":"https:\/\/api.w.org\/{rel}","templated":true}]}}