{"id":26237,"date":"2024-02-05T17:51:03","date_gmt":"2024-02-05T17:51:03","guid":{"rendered":"https:\/\/noti-america.com\/site\/repdom\/2024\/02\/05\/comunicadores-8-0-de-apoyo-a-la-reeleccion-de-luis-abinader-respalda-candidatos-del-dn-2\/"},"modified":"2024-02-05T17:53:22","modified_gmt":"2024-02-05T17:53:22","slug":"comunicadores-8-0-de-apoyo-a-la-reeleccion-de-luis-abinader-respalda-candidatos-del-dn-2","status":"publish","type":"post","link":"https:\/\/noti-america.com\/site\/repdom\/2024\/02\/05\/comunicadores-8-0-de-apoyo-a-la-reeleccion-de-luis-abinader-respalda-candidatos-del-dn-2\/","title":{"rendered":"* Comunicadores 8.0 de apoyo a la reelecci\u00f3n de Luis Abinader respalda candidatos del DN*"},"content":{"rendered":"<p>&nbsp;<\/p>\n<p style=\"text-align: justify\"><img loading=\"lazy\" decoding=\"async\" class=\"size-medium wp-image-26235 alignnone\" src=\"https:\/\/noti-america.com\/site\/repdom\/wp-content\/uploads\/sites\/6\/2024\/02\/91c5d17b-5880-447c-809a-807c53e5cb2c-300x226.jpeg\" alt=\"\" width=\"300\" height=\"226\" srcset=\"https:\/\/noti-america.com\/site\/repdom\/wp-content\/uploads\/sites\/6\/2024\/02\/91c5d17b-5880-447c-809a-807c53e5cb2c-300x226.jpeg 300w, https:\/\/noti-america.com\/site\/repdom\/wp-content\/uploads\/sites\/6\/2024\/02\/91c5d17b-5880-447c-809a-807c53e5cb2c-1024x770.jpeg 1024w, https:\/\/noti-america.com\/site\/repdom\/wp-content\/uploads\/sites\/6\/2024\/02\/91c5d17b-5880-447c-809a-807c53e5cb2c-768x578.jpeg 768w, https:\/\/noti-america.com\/site\/repdom\/wp-content\/uploads\/sites\/6\/2024\/02\/91c5d17b-5880-447c-809a-807c53e5cb2c.jpeg 1280w\" sizes=\"auto, (max-width: 300px) 100vw, 300px\" \/><\/p>\n<p>El Movimiento Comunicadores 8.0 Luis Abinader Presidente, encabezado por Nelson Guti\u00e9rrez, se suma al coordinador de campa\u00f1a de la circunscripci\u00f3n #2 del Distrito Nacional, Venancio Alc\u00e1ntara, en respaldo a los candidatos de la capital Carolina Mej\u00eda, Alcaldesa, 4 a\u00f1os m\u00e1s.<\/p>\n<p><img loading=\"lazy\" decoding=\"async\" class=\"alignnone size-medium wp-image-26236\" src=\"https:\/\/noti-america.com\/site\/repdom\/wp-content\/uploads\/sites\/6\/2024\/02\/93070873-3bff-492a-bad4-a83d7a12a83c-300x200.jpeg\" alt=\"\" width=\"300\" height=\"200\" srcset=\"https:\/\/noti-america.com\/site\/repdom\/wp-content\/uploads\/sites\/6\/2024\/02\/93070873-3bff-492a-bad4-a83d7a12a83c-300x200.jpeg 300w, https:\/\/noti-america.com\/site\/repdom\/wp-content\/uploads\/sites\/6\/2024\/02\/93070873-3bff-492a-bad4-a83d7a12a83c-1024x682.jpeg 1024w, https:\/\/noti-america.com\/site\/repdom\/wp-content\/uploads\/sites\/6\/2024\/02\/93070873-3bff-492a-bad4-a83d7a12a83c-768x512.jpeg 768w, https:\/\/noti-america.com\/site\/repdom\/wp-content\/uploads\/sites\/6\/2024\/02\/93070873-3bff-492a-bad4-a83d7a12a83c-272x182.jpeg 272w, https:\/\/noti-america.com\/site\/repdom\/wp-content\/uploads\/sites\/6\/2024\/02\/93070873-3bff-492a-bad4-a83d7a12a83c.jpeg 1280w\" sizes=\"auto, (max-width: 300px) 100vw, 300px\" \/><\/p>\n<p>Alc\u00e1ntara, calific\u00f3 de \u00abApote\u00f3sico\u00bb y contundente el respaldo de los capitale\u00f1os a los candidatos de la capital, a quienes exhort\u00f3 a votar masivamente este pr\u00f3ximo domingo 18 de febrero en las elecciones municipales, para garantizar el triunfo de Carolina y los regidores de distintas circunscripciones del Distrito.<\/p>\n<p>&nbsp;<\/p>\n<p>&nbsp;<\/p>\n<p>&nbsp;<\/p>\n<p>.<\/p>\n","protected":false},"excerpt":{"rendered":"<p>&nbsp; El Movimiento Comunicadores 8.0 Luis Abinader Presidente, encabezado por Nelson Guti\u00e9rrez, se suma al coordinador de campa\u00f1a de la circunscripci\u00f3n #2 del Distrito Nacional, Venancio Alc\u00e1ntara, en respaldo a los candidatos de la&#46;&#46;&#46;<\/p>\n","protected":false},"author":96,"featured_media":26240,"comment_status":"open","ping_status":"open","sticky":false,"template":"","format":"standard","meta":{"_acf_changed":false,"rop_custom_images_group":[],"rop_custom_messages_group":[],"rop_publish_now":"initial","rop_publish_now_accounts":[],"rop_publish_now_history":[],"rop_publish_now_status":"pending","footnotes":""},"categories":[262],"tags":[],"class_list":["post-26237","post","type-post","status-publish","format-standard","has-post-thumbnail","hentry","category-politica-opinion"],"acf":[],"yoast_head":"<!-- This site is optimized with the Yoast SEO Premium plugin v24.9 (Yoast SEO v27.2) - https:\/\/yoast.com\/product\/yoast-seo-premium-wordpress\/ -->\n<title>* Comunicadores 8.0 de apoyo a la reelecci\u00f3n de Luis Abinader respalda candidatos del DN* - Rep. Dominicana | Noti-America.com<\/title>\n<meta name=\"robots\" content=\"index, follow, max-snippet:-1, max-image-preview:large, max-video-preview:-1\" \/>\n<link rel=\"canonical\" href=\"https:\/\/noti-america.com\/site\/repdom\/2024\/02\/05\/comunicadores-8-0-de-apoyo-a-la-reeleccion-de-luis-abinader-respalda-candidatos-del-dn-2\/\" \/>\n<meta property=\"og:locale\" content=\"es_ES\" \/>\n<meta property=\"og:type\" content=\"article\" \/>\n<meta property=\"og:title\" content=\"* Comunicadores 8.0 de apoyo a la reelecci\u00f3n de Luis Abinader respalda candidatos del DN*\" \/>\n<meta property=\"og:description\" content=\"&nbsp; El Movimiento Comunicadores 8.0 Luis Abinader Presidente, encabezado por Nelson Guti\u00e9rrez, se suma al coordinador de campa\u00f1a de la circunscripci\u00f3n #2 del Distrito Nacional, Venancio Alc\u00e1ntara, en respaldo a los candidatos de la&#046;&#046;&#046;\" \/>\n<meta property=\"og:url\" content=\"https:\/\/noti-america.com\/site\/repdom\/2024\/02\/05\/comunicadores-8-0-de-apoyo-a-la-reeleccion-de-luis-abinader-respalda-candidatos-del-dn-2\/\" \/>\n<meta property=\"og:site_name\" content=\"Rep. Dominicana | Noti-America.com\" \/>\n<meta property=\"article:author\" content=\"https:\/\/www.facebook.com\/share\/1HVE1qCqVk\/?mibextid=wwXIfr\" \/>\n<meta property=\"article:published_time\" content=\"2024-02-05T17:51:03+00:00\" \/>\n<meta property=\"article:modified_time\" content=\"2024-02-05T17:53:22+00:00\" \/>\n<meta property=\"og:image\" content=\"https:\/\/noti-america.com\/site\/repdom\/wp-content\/uploads\/sites\/6\/2024\/02\/c43c7e78-0951-41e2-8b3f-fc80cb32078a.jpeg\" \/>\n\t<meta property=\"og:image:width\" content=\"853\" \/>\n\t<meta property=\"og:image:height\" content=\"1022\" \/>\n\t<meta property=\"og:image:type\" content=\"image\/jpeg\" \/>\n<meta name=\"author\" content=\"Miguel Ramirez\" \/>\n<meta name=\"twitter:card\" content=\"summary_large_image\" \/>\n<meta name=\"twitter:label1\" content=\"Escrito por\" \/>\n\t<meta name=\"twitter:data1\" content=\"Miguel Ramirez\" \/>\n\t<meta name=\"twitter:label2\" content=\"Tiempo estimado de lectura\" \/>\n\t<meta name=\"twitter:data2\" content=\"1 minuto\" \/>\n<script type=\"application\/ld+json\" class=\"yoast-schema-graph\">{\"@context\":\"https:\/\/schema.org\",\"@graph\":[{\"@type\":\"Article\",\"@id\":\"https:\/\/noti-america.com\/site\/repdom\/2024\/02\/05\/comunicadores-8-0-de-apoyo-a-la-reeleccion-de-luis-abinader-respalda-candidatos-del-dn-2\/#article\",\"isPartOf\":{\"@id\":\"https:\/\/noti-america.com\/site\/repdom\/2024\/02\/05\/comunicadores-8-0-de-apoyo-a-la-reeleccion-de-luis-abinader-respalda-candidatos-del-dn-2\/\"},\"author\":{\"name\":\"Miguel Ramirez\",\"@id\":\"https:\/\/noti-america.com\/site\/repdom\/#\/schema\/person\/8027db7d71a0328e6e4474fa188c6fb3\"},\"headline\":\"* Comunicadores 8.0 de apoyo a la reelecci\u00f3n de Luis Abinader respalda candidatos del DN*\",\"datePublished\":\"2024-02-05T17:51:03+00:00\",\"dateModified\":\"2024-02-05T17:53:22+00:00\",\"mainEntityOfPage\":{\"@id\":\"https:\/\/noti-america.com\/site\/repdom\/2024\/02\/05\/comunicadores-8-0-de-apoyo-a-la-reeleccion-de-luis-abinader-respalda-candidatos-del-dn-2\/\"},\"wordCount\":112,\"commentCount\":0,\"publisher\":{\"@id\":\"https:\/\/noti-america.com\/site\/repdom\/#organization\"},\"image\":{\"@id\":\"https:\/\/noti-america.com\/site\/repdom\/2024\/02\/05\/comunicadores-8-0-de-apoyo-a-la-reeleccion-de-luis-abinader-respalda-candidatos-del-dn-2\/#primaryimage\"},\"thumbnailUrl\":\"https:\/\/noti-america.com\/site\/repdom\/wp-content\/uploads\/sites\/6\/2024\/02\/c43c7e78-0951-41e2-8b3f-fc80cb32078a.jpeg\",\"articleSection\":[\"Pol\u00edtica\"],\"inLanguage\":\"es\",\"potentialAction\":[{\"@type\":\"CommentAction\",\"name\":\"Comment\",\"target\":[\"https:\/\/noti-america.com\/site\/repdom\/2024\/02\/05\/comunicadores-8-0-de-apoyo-a-la-reeleccion-de-luis-abinader-respalda-candidatos-del-dn-2\/#respond\"]}]},{\"@type\":\"WebPage\",\"@id\":\"https:\/\/noti-america.com\/site\/repdom\/2024\/02\/05\/comunicadores-8-0-de-apoyo-a-la-reeleccion-de-luis-abinader-respalda-candidatos-del-dn-2\/\",\"url\":\"https:\/\/noti-america.com\/site\/repdom\/2024\/02\/05\/comunicadores-8-0-de-apoyo-a-la-reeleccion-de-luis-abinader-respalda-candidatos-del-dn-2\/\",\"name\":\"* Comunicadores 8.0 de apoyo a la reelecci\u00f3n de Luis Abinader respalda candidatos del DN* - Rep. Dominicana | Noti-America.com\",\"isPartOf\":{\"@id\":\"https:\/\/noti-america.com\/site\/repdom\/#website\"},\"primaryImageOfPage\":{\"@id\":\"https:\/\/noti-america.com\/site\/repdom\/2024\/02\/05\/comunicadores-8-0-de-apoyo-a-la-reeleccion-de-luis-abinader-respalda-candidatos-del-dn-2\/#primaryimage\"},\"image\":{\"@id\":\"https:\/\/noti-america.com\/site\/repdom\/2024\/02\/05\/comunicadores-8-0-de-apoyo-a-la-reeleccion-de-luis-abinader-respalda-candidatos-del-dn-2\/#primaryimage\"},\"thumbnailUrl\":\"https:\/\/noti-america.com\/site\/repdom\/wp-content\/uploads\/sites\/6\/2024\/02\/c43c7e78-0951-41e2-8b3f-fc80cb32078a.jpeg\",\"datePublished\":\"2024-02-05T17:51:03+00:00\",\"dateModified\":\"2024-02-05T17:53:22+00:00\",\"breadcrumb\":{\"@id\":\"https:\/\/noti-america.com\/site\/repdom\/2024\/02\/05\/comunicadores-8-0-de-apoyo-a-la-reeleccion-de-luis-abinader-respalda-candidatos-del-dn-2\/#breadcrumb\"},\"inLanguage\":\"es\",\"potentialAction\":[{\"@type\":\"ReadAction\",\"target\":[\"https:\/\/noti-america.com\/site\/repdom\/2024\/02\/05\/comunicadores-8-0-de-apoyo-a-la-reeleccion-de-luis-abinader-respalda-candidatos-del-dn-2\/\"]}]},{\"@type\":\"ImageObject\",\"inLanguage\":\"es\",\"@id\":\"https:\/\/noti-america.com\/site\/repdom\/2024\/02\/05\/comunicadores-8-0-de-apoyo-a-la-reeleccion-de-luis-abinader-respalda-candidatos-del-dn-2\/#primaryimage\",\"url\":\"https:\/\/noti-america.com\/site\/repdom\/wp-content\/uploads\/sites\/6\/2024\/02\/c43c7e78-0951-41e2-8b3f-fc80cb32078a.jpeg\",\"contentUrl\":\"https:\/\/noti-america.com\/site\/repdom\/wp-content\/uploads\/sites\/6\/2024\/02\/c43c7e78-0951-41e2-8b3f-fc80cb32078a.jpeg\",\"width\":853,\"height\":1022},{\"@type\":\"BreadcrumbList\",\"@id\":\"https:\/\/noti-america.com\/site\/repdom\/2024\/02\/05\/comunicadores-8-0-de-apoyo-a-la-reeleccion-de-luis-abinader-respalda-candidatos-del-dn-2\/#breadcrumb\",\"itemListElement\":[{\"@type\":\"ListItem\",\"position\":1,\"name\":\"Portada\",\"item\":\"https:\/\/noti-america.com\/site\/repdom\/\"},{\"@type\":\"ListItem\",\"position\":2,\"name\":\"* Comunicadores 8.0 de apoyo a la reelecci\u00f3n de Luis Abinader respalda candidatos del DN*\"}]},{\"@type\":\"WebSite\",\"@id\":\"https:\/\/noti-america.com\/site\/repdom\/#website\",\"url\":\"https:\/\/noti-america.com\/site\/repdom\/\",\"name\":\"Rep. Dominicana | Noti-America.com\",\"description\":\"\",\"publisher\":{\"@id\":\"https:\/\/noti-america.com\/site\/repdom\/#organization\"},\"potentialAction\":[{\"@type\":\"SearchAction\",\"target\":{\"@type\":\"EntryPoint\",\"urlTemplate\":\"https:\/\/noti-america.com\/site\/repdom\/?s={search_term_string}\"},\"query-input\":{\"@type\":\"PropertyValueSpecification\",\"valueRequired\":true,\"valueName\":\"search_term_string\"}}],\"inLanguage\":\"es\"},{\"@type\":\"Organization\",\"@id\":\"https:\/\/noti-america.com\/site\/repdom\/#organization\",\"name\":\"Noti-America LLC | Rep\u00fablica Dominicana\",\"url\":\"https:\/\/noti-america.com\/site\/repdom\/\",\"logo\":{\"@type\":\"ImageObject\",\"inLanguage\":\"es\",\"@id\":\"https:\/\/noti-america.com\/site\/repdom\/#\/schema\/logo\/image\/\",\"url\":\"https:\/\/noti-america.com\/site\/repdom\/wp-content\/uploads\/sites\/6\/2020\/07\/LogoNA-4x3-1.jpg\",\"contentUrl\":\"https:\/\/noti-america.com\/site\/repdom\/wp-content\/uploads\/sites\/6\/2020\/07\/LogoNA-4x3-1.jpg\",\"width\":1236,\"height\":1080,\"caption\":\"Noti-America LLC | Rep\u00fablica Dominicana\"},\"image\":{\"@id\":\"https:\/\/noti-america.com\/site\/repdom\/#\/schema\/logo\/image\/\"}},{\"@type\":\"Person\",\"@id\":\"https:\/\/noti-america.com\/site\/repdom\/#\/schema\/person\/8027db7d71a0328e6e4474fa188c6fb3\",\"name\":\"Miguel Ramirez\",\"image\":{\"@type\":\"ImageObject\",\"inLanguage\":\"es\",\"@id\":\"https:\/\/secure.gravatar.com\/avatar\/41a78fb2cdab3e2dc5831d3591f1dab499ed0c22acc464195b09f37c2b3ac2cf?s=96&d=mm&r=g\",\"url\":\"https:\/\/secure.gravatar.com\/avatar\/41a78fb2cdab3e2dc5831d3591f1dab499ed0c22acc464195b09f37c2b3ac2cf?s=96&d=mm&r=g\",\"contentUrl\":\"https:\/\/secure.gravatar.com\/avatar\/41a78fb2cdab3e2dc5831d3591f1dab499ed0c22acc464195b09f37c2b3ac2cf?s=96&d=mm&r=g\",\"caption\":\"Miguel Ramirez\"},\"description\":\"Locutor y periodista digital y coach comunicaci\u00f3n\",\"sameAs\":[\"https:\/\/www.facebook.com\/share\/1HVE1qCqVk\/?mibextid=wwXIfr\"],\"url\":\"https:\/\/noti-america.com\/site\/repdom\/author\/mramirez\/\"}]}<\/script>\n<!-- \/ Yoast SEO Premium plugin. -->","yoast_head_json":{"title":"* Comunicadores 8.0 de apoyo a la reelecci\u00f3n de Luis Abinader respalda candidatos del DN* - Rep. Dominicana | Noti-America.com","robots":{"index":"index","follow":"follow","max-snippet":"max-snippet:-1","max-image-preview":"max-image-preview:large","max-video-preview":"max-video-preview:-1"},"canonical":"https:\/\/noti-america.com\/site\/repdom\/2024\/02\/05\/comunicadores-8-0-de-apoyo-a-la-reeleccion-de-luis-abinader-respalda-candidatos-del-dn-2\/","og_locale":"es_ES","og_type":"article","og_title":"* Comunicadores 8.0 de apoyo a la reelecci\u00f3n de Luis Abinader respalda candidatos del DN*","og_description":"&nbsp; El Movimiento Comunicadores 8.0 Luis Abinader Presidente, encabezado por Nelson Guti\u00e9rrez, se suma al coordinador de campa\u00f1a de la circunscripci\u00f3n #2 del Distrito Nacional, Venancio Alc\u00e1ntara, en respaldo a los candidatos de la&#46;&#46;&#46;","og_url":"https:\/\/noti-america.com\/site\/repdom\/2024\/02\/05\/comunicadores-8-0-de-apoyo-a-la-reeleccion-de-luis-abinader-respalda-candidatos-del-dn-2\/","og_site_name":"Rep. Dominicana | Noti-America.com","article_author":"https:\/\/www.facebook.com\/share\/1HVE1qCqVk\/?mibextid=wwXIfr","article_published_time":"2024-02-05T17:51:03+00:00","article_modified_time":"2024-02-05T17:53:22+00:00","og_image":[{"width":853,"height":1022,"url":"https:\/\/noti-america.com\/site\/repdom\/wp-content\/uploads\/sites\/6\/2024\/02\/c43c7e78-0951-41e2-8b3f-fc80cb32078a.jpeg","type":"image\/jpeg"}],"author":"Miguel Ramirez","twitter_card":"summary_large_image","twitter_misc":{"Escrito por":"Miguel Ramirez","Tiempo estimado de lectura":"1 minuto"},"schema":{"@context":"https:\/\/schema.org","@graph":[{"@type":"Article","@id":"https:\/\/noti-america.com\/site\/repdom\/2024\/02\/05\/comunicadores-8-0-de-apoyo-a-la-reeleccion-de-luis-abinader-respalda-candidatos-del-dn-2\/#article","isPartOf":{"@id":"https:\/\/noti-america.com\/site\/repdom\/2024\/02\/05\/comunicadores-8-0-de-apoyo-a-la-reeleccion-de-luis-abinader-respalda-candidatos-del-dn-2\/"},"author":{"name":"Miguel Ramirez","@id":"https:\/\/noti-america.com\/site\/repdom\/#\/schema\/person\/8027db7d71a0328e6e4474fa188c6fb3"},"headline":"* Comunicadores 8.0 de apoyo a la reelecci\u00f3n de Luis Abinader respalda candidatos del DN*","datePublished":"2024-02-05T17:51:03+00:00","dateModified":"2024-02-05T17:53:22+00:00","mainEntityOfPage":{"@id":"https:\/\/noti-america.com\/site\/repdom\/2024\/02\/05\/comunicadores-8-0-de-apoyo-a-la-reeleccion-de-luis-abinader-respalda-candidatos-del-dn-2\/"},"wordCount":112,"commentCount":0,"publisher":{"@id":"https:\/\/noti-america.com\/site\/repdom\/#organization"},"image":{"@id":"https:\/\/noti-america.com\/site\/repdom\/2024\/02\/05\/comunicadores-8-0-de-apoyo-a-la-reeleccion-de-luis-abinader-respalda-candidatos-del-dn-2\/#primaryimage"},"thumbnailUrl":"https:\/\/noti-america.com\/site\/repdom\/wp-content\/uploads\/sites\/6\/2024\/02\/c43c7e78-0951-41e2-8b3f-fc80cb32078a.jpeg","articleSection":["Pol\u00edtica"],"inLanguage":"es","potentialAction":[{"@type":"CommentAction","name":"Comment","target":["https:\/\/noti-america.com\/site\/repdom\/2024\/02\/05\/comunicadores-8-0-de-apoyo-a-la-reeleccion-de-luis-abinader-respalda-candidatos-del-dn-2\/#respond"]}]},{"@type":"WebPage","@id":"https:\/\/noti-america.com\/site\/repdom\/2024\/02\/05\/comunicadores-8-0-de-apoyo-a-la-reeleccion-de-luis-abinader-respalda-candidatos-del-dn-2\/","url":"https:\/\/noti-america.com\/site\/repdom\/2024\/02\/05\/comunicadores-8-0-de-apoyo-a-la-reeleccion-de-luis-abinader-respalda-candidatos-del-dn-2\/","name":"* Comunicadores 8.0 de apoyo a la reelecci\u00f3n de Luis Abinader respalda candidatos del DN* - Rep. Dominicana | Noti-America.com","isPartOf":{"@id":"https:\/\/noti-america.com\/site\/repdom\/#website"},"primaryImageOfPage":{"@id":"https:\/\/noti-america.com\/site\/repdom\/2024\/02\/05\/comunicadores-8-0-de-apoyo-a-la-reeleccion-de-luis-abinader-respalda-candidatos-del-dn-2\/#primaryimage"},"image":{"@id":"https:\/\/noti-america.com\/site\/repdom\/2024\/02\/05\/comunicadores-8-0-de-apoyo-a-la-reeleccion-de-luis-abinader-respalda-candidatos-del-dn-2\/#primaryimage"},"thumbnailUrl":"https:\/\/noti-america.com\/site\/repdom\/wp-content\/uploads\/sites\/6\/2024\/02\/c43c7e78-0951-41e2-8b3f-fc80cb32078a.jpeg","datePublished":"2024-02-05T17:51:03+00:00","dateModified":"2024-02-05T17:53:22+00:00","breadcrumb":{"@id":"https:\/\/noti-america.com\/site\/repdom\/2024\/02\/05\/comunicadores-8-0-de-apoyo-a-la-reeleccion-de-luis-abinader-respalda-candidatos-del-dn-2\/#breadcrumb"},"inLanguage":"es","potentialAction":[{"@type":"ReadAction","target":["https:\/\/noti-america.com\/site\/repdom\/2024\/02\/05\/comunicadores-8-0-de-apoyo-a-la-reeleccion-de-luis-abinader-respalda-candidatos-del-dn-2\/"]}]},{"@type":"ImageObject","inLanguage":"es","@id":"https:\/\/noti-america.com\/site\/repdom\/2024\/02\/05\/comunicadores-8-0-de-apoyo-a-la-reeleccion-de-luis-abinader-respalda-candidatos-del-dn-2\/#primaryimage","url":"https:\/\/noti-america.com\/site\/repdom\/wp-content\/uploads\/sites\/6\/2024\/02\/c43c7e78-0951-41e2-8b3f-fc80cb32078a.jpeg","contentUrl":"https:\/\/noti-america.com\/site\/repdom\/wp-content\/uploads\/sites\/6\/2024\/02\/c43c7e78-0951-41e2-8b3f-fc80cb32078a.jpeg","width":853,"height":1022},{"@type":"BreadcrumbList","@id":"https:\/\/noti-america.com\/site\/repdom\/2024\/02\/05\/comunicadores-8-0-de-apoyo-a-la-reeleccion-de-luis-abinader-respalda-candidatos-del-dn-2\/#breadcrumb","itemListElement":[{"@type":"ListItem","position":1,"name":"Portada","item":"https:\/\/noti-america.com\/site\/repdom\/"},{"@type":"ListItem","position":2,"name":"* Comunicadores 8.0 de apoyo a la reelecci\u00f3n de Luis Abinader respalda candidatos del DN*"}]},{"@type":"WebSite","@id":"https:\/\/noti-america.com\/site\/repdom\/#website","url":"https:\/\/noti-america.com\/site\/repdom\/","name":"Rep. Dominicana | Noti-America.com","description":"","publisher":{"@id":"https:\/\/noti-america.com\/site\/repdom\/#organization"},"potentialAction":[{"@type":"SearchAction","target":{"@type":"EntryPoint","urlTemplate":"https:\/\/noti-america.com\/site\/repdom\/?s={search_term_string}"},"query-input":{"@type":"PropertyValueSpecification","valueRequired":true,"valueName":"search_term_string"}}],"inLanguage":"es"},{"@type":"Organization","@id":"https:\/\/noti-america.com\/site\/repdom\/#organization","name":"Noti-America LLC | Rep\u00fablica Dominicana","url":"https:\/\/noti-america.com\/site\/repdom\/","logo":{"@type":"ImageObject","inLanguage":"es","@id":"https:\/\/noti-america.com\/site\/repdom\/#\/schema\/logo\/image\/","url":"https:\/\/noti-america.com\/site\/repdom\/wp-content\/uploads\/sites\/6\/2020\/07\/LogoNA-4x3-1.jpg","contentUrl":"https:\/\/noti-america.com\/site\/repdom\/wp-content\/uploads\/sites\/6\/2020\/07\/LogoNA-4x3-1.jpg","width":1236,"height":1080,"caption":"Noti-America LLC | Rep\u00fablica Dominicana"},"image":{"@id":"https:\/\/noti-america.com\/site\/repdom\/#\/schema\/logo\/image\/"}},{"@type":"Person","@id":"https:\/\/noti-america.com\/site\/repdom\/#\/schema\/person\/8027db7d71a0328e6e4474fa188c6fb3","name":"Miguel Ramirez","image":{"@type":"ImageObject","inLanguage":"es","@id":"https:\/\/secure.gravatar.com\/avatar\/41a78fb2cdab3e2dc5831d3591f1dab499ed0c22acc464195b09f37c2b3ac2cf?s=96&d=mm&r=g","url":"https:\/\/secure.gravatar.com\/avatar\/41a78fb2cdab3e2dc5831d3591f1dab499ed0c22acc464195b09f37c2b3ac2cf?s=96&d=mm&r=g","contentUrl":"https:\/\/secure.gravatar.com\/avatar\/41a78fb2cdab3e2dc5831d3591f1dab499ed0c22acc464195b09f37c2b3ac2cf?s=96&d=mm&r=g","caption":"Miguel Ramirez"},"description":"Locutor y periodista digital y coach comunicaci\u00f3n","sameAs":["https:\/\/www.facebook.com\/share\/1HVE1qCqVk\/?mibextid=wwXIfr"],"url":"https:\/\/noti-america.com\/site\/repdom\/author\/mramirez\/"}]}},"_links":{"self":[{"href":"https:\/\/noti-america.com\/site\/repdom\/wp-json\/wp\/v2\/posts\/26237","targetHints":{"allow":["GET"]}}],"collection":[{"href":"https:\/\/noti-america.com\/site\/repdom\/wp-json\/wp\/v2\/posts"}],"about":[{"href":"https:\/\/noti-america.com\/site\/repdom\/wp-json\/wp\/v2\/types\/post"}],"author":[{"embeddable":true,"href":"https:\/\/noti-america.com\/site\/repdom\/wp-json\/wp\/v2\/users\/96"}],"replies":[{"embeddable":true,"href":"https:\/\/noti-america.com\/site\/repdom\/wp-json\/wp\/v2\/comments?post=26237"}],"version-history":[{"count":1,"href":"https:\/\/noti-america.com\/site\/repdom\/wp-json\/wp\/v2\/posts\/26237\/revisions"}],"predecessor-version":[{"id":26241,"href":"https:\/\/noti-america.com\/site\/repdom\/wp-json\/wp\/v2\/posts\/26237\/revisions\/26241"}],"wp:featuredmedia":[{"embeddable":true,"href":"https:\/\/noti-america.com\/site\/repdom\/wp-json\/wp\/v2\/media\/26240"}],"wp:attachment":[{"href":"https:\/\/noti-america.com\/site\/repdom\/wp-json\/wp\/v2\/media?parent=26237"}],"wp:term":[{"taxonomy":"category","embeddable":true,"href":"https:\/\/noti-america.com\/site\/repdom\/wp-json\/wp\/v2\/categories?post=26237"},{"taxonomy":"post_tag","embeddable":true,"href":"https:\/\/noti-america.com\/site\/repdom\/wp-json\/wp\/v2\/tags?post=26237"}],"curies":[{"name":"wp","href":"https:\/\/api.w.org\/{rel}","templated":true}]}}