{"id":25899,"date":"2023-12-28T19:32:01","date_gmt":"2023-12-28T19:32:01","guid":{"rendered":"https:\/\/noti-america.com\/site\/repdom\/?p=25899"},"modified":"2023-12-28T19:32:01","modified_gmt":"2023-12-28T19:32:01","slug":"bryan-gutierrez-queda-subcampeon-en-campeonato-de-motocross-florida-mx-series","status":"publish","type":"post","link":"https:\/\/noti-america.com\/site\/repdom\/2023\/12\/28\/bryan-gutierrez-queda-subcampeon-en-campeonato-de-motocross-florida-mx-series\/","title":{"rendered":"Bryan Guti\u00e9rrez queda subcampe\u00f3n en campeonato de motocross Florida MX Series"},"content":{"rendered":"<p>NOTI-AMERICA.COM | REP\u00daBLICA DOMINICANA<\/p>\n<p class=\"x_gmail-MsoNoSpacing\" style=\"text-align: justify\"><span lang=\"ES-DO\">MIAMI, Florida &#8211;<\/span><span lang=\"ES-DO\"> El ni\u00f1o piloto dominicano de 12 a\u00f1os, Bryan Guti\u00e9rrez, oriundo de Puerto Plata, qued\u00f3 como subcampe\u00f3n de la categor\u00eda 85 cc del campeonato de motocross Florida MX Series el cual finaliz\u00f3 la pasada semana.<\/span><\/p>\n<p class=\"x_gmail-MsoNoSpacing\" style=\"text-align: justify\"><span lang=\"ES-DO\">El peque\u00f1o piloto dominicano, en las 13 competencias del evento, con m\u00e1s de 20 pilotos en la gatera, fue sumamente competitivo y agresivo en cada evento, logrando con gallard\u00eda llegar a la meta siempre en el primer grupo, siendo regular en el p\u00f3dium.<\/span><\/p>\n<p class=\"x_gmail-MsoNoSpacing\" style=\"text-align: justify\"><span lang=\"ES-DO\">Seg\u00fan dio a conocer su padre, el empresario de las gr\u00faas, se\u00f1or Richard (Gr\u00faas) Guti\u00e9rrez, quien, entre otras cosas, dijo: \u201cCon la gracia de Dios que lo protege siempre, nos sentimos orgullosos de la labor realizada\u201d.<\/span><\/p>\n<p class=\"x_gmail-MsoNoSpacing\" style=\"text-align: justify\"><span lang=\"ES-DO\">Agregando que a pesar de lo costoso que es participar en un evento igual, lo hace porque Bryan (Guti\u00e9rrez) lo tiene como una de sus necesidades deportivas primordiales, as\u00ed como lo hace en b\u00e9isbol, en el que es un formidable cuarto bate de su equipo y sus estudios, en el que acaba de ser galardonado con altos honores por su desempe\u00f1o en el colegio donde estudia.<\/span><\/p>\n<p class=\"x_gmail-MsoNoSpacing\" style=\"text-align: justify\"><span lang=\"ES-DO\">Se recuerda que Bryan Guti\u00e9rrez, a pesar de su corta edad, 12 a\u00f1os, con su 829 representando a Puerto Platas corri\u00f3 unos 6 a\u00f1os en el campeonato nacional de motocross de su pa\u00eds, Rep\u00fablica Dominicana, lo que demuestra su pasi\u00f3n temprana por ese deporte.<\/span><\/p>\n<p style=\"text-align: justify\"><strong>Fuente: Oscar Polanco<\/strong><\/p>\n","protected":false},"excerpt":{"rendered":"<p>NOTI-AMERICA.COM | REP\u00daBLICA DOMINICANA MIAMI, Florida &#8211; El ni\u00f1o piloto dominicano de 12 a\u00f1os, Bryan Guti\u00e9rrez, oriundo de Puerto Plata, qued\u00f3 como subcampe\u00f3n de la categor\u00eda 85 cc del campeonato de motocross Florida MX&#46;&#46;&#46;<\/p>\n","protected":false},"author":89,"featured_media":25900,"comment_status":"open","ping_status":"open","sticky":false,"template":"","format":"standard","meta":{"_acf_changed":false,"rop_custom_images_group":[],"rop_custom_messages_group":[],"rop_publish_now":"initial","rop_publish_now_accounts":[],"rop_publish_now_history":[],"rop_publish_now_status":"pending","footnotes":""},"categories":[16],"tags":[3580,3581],"class_list":["post-25899","post","type-post","status-publish","format-standard","has-post-thumbnail","hentry","category-deportes","tag-bryan-gutierrez","tag-campeonato-de-motocross-florida-mx-series"],"acf":[],"yoast_head":"<!-- This site is optimized with the Yoast SEO Premium plugin v24.9 (Yoast SEO v27.2) - https:\/\/yoast.com\/product\/yoast-seo-premium-wordpress\/ -->\n<title>Bryan Guti\u00e9rrez queda subcampe\u00f3n en campeonato de motocross Florida MX Series - Rep. Dominicana | Noti-America.com<\/title>\n<meta name=\"robots\" content=\"index, follow, max-snippet:-1, max-image-preview:large, max-video-preview:-1\" \/>\n<link rel=\"canonical\" href=\"https:\/\/noti-america.com\/site\/repdom\/2023\/12\/28\/bryan-gutierrez-queda-subcampeon-en-campeonato-de-motocross-florida-mx-series\/\" \/>\n<meta property=\"og:locale\" content=\"es_ES\" \/>\n<meta property=\"og:type\" content=\"article\" \/>\n<meta property=\"og:title\" content=\"Bryan Guti\u00e9rrez queda subcampe\u00f3n en campeonato de motocross Florida MX Series\" \/>\n<meta property=\"og:description\" content=\"NOTI-AMERICA.COM | REP\u00daBLICA DOMINICANA MIAMI, Florida &#8211; El ni\u00f1o piloto dominicano de 12 a\u00f1os, Bryan Guti\u00e9rrez, oriundo de Puerto Plata, qued\u00f3 como subcampe\u00f3n de la categor\u00eda 85 cc del campeonato de motocross Florida MX&#046;&#046;&#046;\" \/>\n<meta property=\"og:url\" content=\"https:\/\/noti-america.com\/site\/repdom\/2023\/12\/28\/bryan-gutierrez-queda-subcampeon-en-campeonato-de-motocross-florida-mx-series\/\" \/>\n<meta property=\"og:site_name\" content=\"Rep. Dominicana | Noti-America.com\" \/>\n<meta property=\"article:published_time\" content=\"2023-12-28T19:32:01+00:00\" \/>\n<meta property=\"og:image\" content=\"https:\/\/noti-america.com\/site\/repdom\/wp-content\/uploads\/sites\/6\/2023\/12\/Bryan-Gutierrez.jpg\" \/>\n\t<meta property=\"og:image:width\" content=\"894\" \/>\n\t<meta property=\"og:image:height\" content=\"1011\" \/>\n\t<meta property=\"og:image:type\" content=\"image\/jpeg\" \/>\n<meta name=\"author\" content=\"Ad\u00e1n Soriano\" \/>\n<meta name=\"twitter:card\" content=\"summary_large_image\" \/>\n<meta name=\"twitter:creator\" content=\"@adansoriano\" \/>\n<meta name=\"twitter:label1\" content=\"Escrito por\" \/>\n\t<meta name=\"twitter:data1\" content=\"Ad\u00e1n Soriano\" \/>\n\t<meta name=\"twitter:label2\" content=\"Tiempo estimado de lectura\" \/>\n\t<meta name=\"twitter:data2\" content=\"2 minutos\" \/>\n<script type=\"application\/ld+json\" class=\"yoast-schema-graph\">{\"@context\":\"https:\/\/schema.org\",\"@graph\":[{\"@type\":\"Article\",\"@id\":\"https:\/\/noti-america.com\/site\/repdom\/2023\/12\/28\/bryan-gutierrez-queda-subcampeon-en-campeonato-de-motocross-florida-mx-series\/#article\",\"isPartOf\":{\"@id\":\"https:\/\/noti-america.com\/site\/repdom\/2023\/12\/28\/bryan-gutierrez-queda-subcampeon-en-campeonato-de-motocross-florida-mx-series\/\"},\"author\":{\"name\":\"Ad\u00e1n Soriano\",\"@id\":\"https:\/\/noti-america.com\/site\/repdom\/#\/schema\/person\/fd0092c1530d275fabaa5cffcbc2b976\"},\"headline\":\"Bryan Guti\u00e9rrez queda subcampe\u00f3n en campeonato de motocross Florida MX Series\",\"datePublished\":\"2023-12-28T19:32:01+00:00\",\"mainEntityOfPage\":{\"@id\":\"https:\/\/noti-america.com\/site\/repdom\/2023\/12\/28\/bryan-gutierrez-queda-subcampeon-en-campeonato-de-motocross-florida-mx-series\/\"},\"wordCount\":263,\"commentCount\":0,\"publisher\":{\"@id\":\"https:\/\/noti-america.com\/site\/repdom\/#organization\"},\"image\":{\"@id\":\"https:\/\/noti-america.com\/site\/repdom\/2023\/12\/28\/bryan-gutierrez-queda-subcampeon-en-campeonato-de-motocross-florida-mx-series\/#primaryimage\"},\"thumbnailUrl\":\"https:\/\/noti-america.com\/site\/repdom\/wp-content\/uploads\/sites\/6\/2023\/12\/Bryan-Gutierrez.jpg\",\"keywords\":[\"Bryan Guti\u00e9rrez\",\"Campeonato de Motocross Florida MX Series\"],\"articleSection\":[\"Deportes\"],\"inLanguage\":\"es\",\"potentialAction\":[{\"@type\":\"CommentAction\",\"name\":\"Comment\",\"target\":[\"https:\/\/noti-america.com\/site\/repdom\/2023\/12\/28\/bryan-gutierrez-queda-subcampeon-en-campeonato-de-motocross-florida-mx-series\/#respond\"]}]},{\"@type\":\"WebPage\",\"@id\":\"https:\/\/noti-america.com\/site\/repdom\/2023\/12\/28\/bryan-gutierrez-queda-subcampeon-en-campeonato-de-motocross-florida-mx-series\/\",\"url\":\"https:\/\/noti-america.com\/site\/repdom\/2023\/12\/28\/bryan-gutierrez-queda-subcampeon-en-campeonato-de-motocross-florida-mx-series\/\",\"name\":\"Bryan Guti\u00e9rrez queda subcampe\u00f3n en campeonato de motocross Florida MX Series - Rep. Dominicana | Noti-America.com\",\"isPartOf\":{\"@id\":\"https:\/\/noti-america.com\/site\/repdom\/#website\"},\"primaryImageOfPage\":{\"@id\":\"https:\/\/noti-america.com\/site\/repdom\/2023\/12\/28\/bryan-gutierrez-queda-subcampeon-en-campeonato-de-motocross-florida-mx-series\/#primaryimage\"},\"image\":{\"@id\":\"https:\/\/noti-america.com\/site\/repdom\/2023\/12\/28\/bryan-gutierrez-queda-subcampeon-en-campeonato-de-motocross-florida-mx-series\/#primaryimage\"},\"thumbnailUrl\":\"https:\/\/noti-america.com\/site\/repdom\/wp-content\/uploads\/sites\/6\/2023\/12\/Bryan-Gutierrez.jpg\",\"datePublished\":\"2023-12-28T19:32:01+00:00\",\"breadcrumb\":{\"@id\":\"https:\/\/noti-america.com\/site\/repdom\/2023\/12\/28\/bryan-gutierrez-queda-subcampeon-en-campeonato-de-motocross-florida-mx-series\/#breadcrumb\"},\"inLanguage\":\"es\",\"potentialAction\":[{\"@type\":\"ReadAction\",\"target\":[\"https:\/\/noti-america.com\/site\/repdom\/2023\/12\/28\/bryan-gutierrez-queda-subcampeon-en-campeonato-de-motocross-florida-mx-series\/\"]}]},{\"@type\":\"ImageObject\",\"inLanguage\":\"es\",\"@id\":\"https:\/\/noti-america.com\/site\/repdom\/2023\/12\/28\/bryan-gutierrez-queda-subcampeon-en-campeonato-de-motocross-florida-mx-series\/#primaryimage\",\"url\":\"https:\/\/noti-america.com\/site\/repdom\/wp-content\/uploads\/sites\/6\/2023\/12\/Bryan-Gutierrez.jpg\",\"contentUrl\":\"https:\/\/noti-america.com\/site\/repdom\/wp-content\/uploads\/sites\/6\/2023\/12\/Bryan-Gutierrez.jpg\",\"width\":894,\"height\":1011},{\"@type\":\"BreadcrumbList\",\"@id\":\"https:\/\/noti-america.com\/site\/repdom\/2023\/12\/28\/bryan-gutierrez-queda-subcampeon-en-campeonato-de-motocross-florida-mx-series\/#breadcrumb\",\"itemListElement\":[{\"@type\":\"ListItem\",\"position\":1,\"name\":\"Portada\",\"item\":\"https:\/\/noti-america.com\/site\/repdom\/\"},{\"@type\":\"ListItem\",\"position\":2,\"name\":\"Bryan Guti\u00e9rrez queda subcampe\u00f3n en campeonato de motocross Florida MX Series\"}]},{\"@type\":\"WebSite\",\"@id\":\"https:\/\/noti-america.com\/site\/repdom\/#website\",\"url\":\"https:\/\/noti-america.com\/site\/repdom\/\",\"name\":\"Rep. Dominicana | Noti-America.com\",\"description\":\"\",\"publisher\":{\"@id\":\"https:\/\/noti-america.com\/site\/repdom\/#organization\"},\"potentialAction\":[{\"@type\":\"SearchAction\",\"target\":{\"@type\":\"EntryPoint\",\"urlTemplate\":\"https:\/\/noti-america.com\/site\/repdom\/?s={search_term_string}\"},\"query-input\":{\"@type\":\"PropertyValueSpecification\",\"valueRequired\":true,\"valueName\":\"search_term_string\"}}],\"inLanguage\":\"es\"},{\"@type\":\"Organization\",\"@id\":\"https:\/\/noti-america.com\/site\/repdom\/#organization\",\"name\":\"Noti-America LLC | Rep\u00fablica Dominicana\",\"url\":\"https:\/\/noti-america.com\/site\/repdom\/\",\"logo\":{\"@type\":\"ImageObject\",\"inLanguage\":\"es\",\"@id\":\"https:\/\/noti-america.com\/site\/repdom\/#\/schema\/logo\/image\/\",\"url\":\"https:\/\/noti-america.com\/site\/repdom\/wp-content\/uploads\/sites\/6\/2020\/07\/LogoNA-4x3-1.jpg\",\"contentUrl\":\"https:\/\/noti-america.com\/site\/repdom\/wp-content\/uploads\/sites\/6\/2020\/07\/LogoNA-4x3-1.jpg\",\"width\":1236,\"height\":1080,\"caption\":\"Noti-America LLC | Rep\u00fablica Dominicana\"},\"image\":{\"@id\":\"https:\/\/noti-america.com\/site\/repdom\/#\/schema\/logo\/image\/\"}},{\"@type\":\"Person\",\"@id\":\"https:\/\/noti-america.com\/site\/repdom\/#\/schema\/person\/fd0092c1530d275fabaa5cffcbc2b976\",\"name\":\"Ad\u00e1n Soriano\",\"image\":{\"@type\":\"ImageObject\",\"inLanguage\":\"es\",\"@id\":\"https:\/\/secure.gravatar.com\/avatar\/ecf97ff3aee7ff9efdae670d7e976f3e7e8acc1077e510d73707999a8bfd4467?s=96&d=mm&r=g\",\"url\":\"https:\/\/secure.gravatar.com\/avatar\/ecf97ff3aee7ff9efdae670d7e976f3e7e8acc1077e510d73707999a8bfd4467?s=96&d=mm&r=g\",\"contentUrl\":\"https:\/\/secure.gravatar.com\/avatar\/ecf97ff3aee7ff9efdae670d7e976f3e7e8acc1077e510d73707999a8bfd4467?s=96&d=mm&r=g\",\"caption\":\"Ad\u00e1n Soriano\"},\"description\":\"Soy cronista deportivo con 10 a\u00f1os de experiencia en varios espacios, y conduzco el podcast deportivo llamado Mezcla Deportiva\",\"sameAs\":[\"https:\/\/x.com\/adansoriano\"],\"url\":\"https:\/\/noti-america.com\/site\/repdom\/author\/asoriano\/\"}]}<\/script>\n<!-- \/ Yoast SEO Premium plugin. -->","yoast_head_json":{"title":"Bryan Guti\u00e9rrez queda subcampe\u00f3n en campeonato de motocross Florida MX Series - Rep. Dominicana | Noti-America.com","robots":{"index":"index","follow":"follow","max-snippet":"max-snippet:-1","max-image-preview":"max-image-preview:large","max-video-preview":"max-video-preview:-1"},"canonical":"https:\/\/noti-america.com\/site\/repdom\/2023\/12\/28\/bryan-gutierrez-queda-subcampeon-en-campeonato-de-motocross-florida-mx-series\/","og_locale":"es_ES","og_type":"article","og_title":"Bryan Guti\u00e9rrez queda subcampe\u00f3n en campeonato de motocross Florida MX Series","og_description":"NOTI-AMERICA.COM | REP\u00daBLICA DOMINICANA MIAMI, Florida &#8211; El ni\u00f1o piloto dominicano de 12 a\u00f1os, Bryan Guti\u00e9rrez, oriundo de Puerto Plata, qued\u00f3 como subcampe\u00f3n de la categor\u00eda 85 cc del campeonato de motocross Florida MX&#46;&#46;&#46;","og_url":"https:\/\/noti-america.com\/site\/repdom\/2023\/12\/28\/bryan-gutierrez-queda-subcampeon-en-campeonato-de-motocross-florida-mx-series\/","og_site_name":"Rep. Dominicana | Noti-America.com","article_published_time":"2023-12-28T19:32:01+00:00","og_image":[{"width":894,"height":1011,"url":"https:\/\/noti-america.com\/site\/repdom\/wp-content\/uploads\/sites\/6\/2023\/12\/Bryan-Gutierrez.jpg","type":"image\/jpeg"}],"author":"Ad\u00e1n Soriano","twitter_card":"summary_large_image","twitter_creator":"@adansoriano","twitter_misc":{"Escrito por":"Ad\u00e1n Soriano","Tiempo estimado de lectura":"2 minutos"},"schema":{"@context":"https:\/\/schema.org","@graph":[{"@type":"Article","@id":"https:\/\/noti-america.com\/site\/repdom\/2023\/12\/28\/bryan-gutierrez-queda-subcampeon-en-campeonato-de-motocross-florida-mx-series\/#article","isPartOf":{"@id":"https:\/\/noti-america.com\/site\/repdom\/2023\/12\/28\/bryan-gutierrez-queda-subcampeon-en-campeonato-de-motocross-florida-mx-series\/"},"author":{"name":"Ad\u00e1n Soriano","@id":"https:\/\/noti-america.com\/site\/repdom\/#\/schema\/person\/fd0092c1530d275fabaa5cffcbc2b976"},"headline":"Bryan Guti\u00e9rrez queda subcampe\u00f3n en campeonato de motocross Florida MX Series","datePublished":"2023-12-28T19:32:01+00:00","mainEntityOfPage":{"@id":"https:\/\/noti-america.com\/site\/repdom\/2023\/12\/28\/bryan-gutierrez-queda-subcampeon-en-campeonato-de-motocross-florida-mx-series\/"},"wordCount":263,"commentCount":0,"publisher":{"@id":"https:\/\/noti-america.com\/site\/repdom\/#organization"},"image":{"@id":"https:\/\/noti-america.com\/site\/repdom\/2023\/12\/28\/bryan-gutierrez-queda-subcampeon-en-campeonato-de-motocross-florida-mx-series\/#primaryimage"},"thumbnailUrl":"https:\/\/noti-america.com\/site\/repdom\/wp-content\/uploads\/sites\/6\/2023\/12\/Bryan-Gutierrez.jpg","keywords":["Bryan Guti\u00e9rrez","Campeonato de Motocross Florida MX Series"],"articleSection":["Deportes"],"inLanguage":"es","potentialAction":[{"@type":"CommentAction","name":"Comment","target":["https:\/\/noti-america.com\/site\/repdom\/2023\/12\/28\/bryan-gutierrez-queda-subcampeon-en-campeonato-de-motocross-florida-mx-series\/#respond"]}]},{"@type":"WebPage","@id":"https:\/\/noti-america.com\/site\/repdom\/2023\/12\/28\/bryan-gutierrez-queda-subcampeon-en-campeonato-de-motocross-florida-mx-series\/","url":"https:\/\/noti-america.com\/site\/repdom\/2023\/12\/28\/bryan-gutierrez-queda-subcampeon-en-campeonato-de-motocross-florida-mx-series\/","name":"Bryan Guti\u00e9rrez queda subcampe\u00f3n en campeonato de motocross Florida MX Series - Rep. Dominicana | Noti-America.com","isPartOf":{"@id":"https:\/\/noti-america.com\/site\/repdom\/#website"},"primaryImageOfPage":{"@id":"https:\/\/noti-america.com\/site\/repdom\/2023\/12\/28\/bryan-gutierrez-queda-subcampeon-en-campeonato-de-motocross-florida-mx-series\/#primaryimage"},"image":{"@id":"https:\/\/noti-america.com\/site\/repdom\/2023\/12\/28\/bryan-gutierrez-queda-subcampeon-en-campeonato-de-motocross-florida-mx-series\/#primaryimage"},"thumbnailUrl":"https:\/\/noti-america.com\/site\/repdom\/wp-content\/uploads\/sites\/6\/2023\/12\/Bryan-Gutierrez.jpg","datePublished":"2023-12-28T19:32:01+00:00","breadcrumb":{"@id":"https:\/\/noti-america.com\/site\/repdom\/2023\/12\/28\/bryan-gutierrez-queda-subcampeon-en-campeonato-de-motocross-florida-mx-series\/#breadcrumb"},"inLanguage":"es","potentialAction":[{"@type":"ReadAction","target":["https:\/\/noti-america.com\/site\/repdom\/2023\/12\/28\/bryan-gutierrez-queda-subcampeon-en-campeonato-de-motocross-florida-mx-series\/"]}]},{"@type":"ImageObject","inLanguage":"es","@id":"https:\/\/noti-america.com\/site\/repdom\/2023\/12\/28\/bryan-gutierrez-queda-subcampeon-en-campeonato-de-motocross-florida-mx-series\/#primaryimage","url":"https:\/\/noti-america.com\/site\/repdom\/wp-content\/uploads\/sites\/6\/2023\/12\/Bryan-Gutierrez.jpg","contentUrl":"https:\/\/noti-america.com\/site\/repdom\/wp-content\/uploads\/sites\/6\/2023\/12\/Bryan-Gutierrez.jpg","width":894,"height":1011},{"@type":"BreadcrumbList","@id":"https:\/\/noti-america.com\/site\/repdom\/2023\/12\/28\/bryan-gutierrez-queda-subcampeon-en-campeonato-de-motocross-florida-mx-series\/#breadcrumb","itemListElement":[{"@type":"ListItem","position":1,"name":"Portada","item":"https:\/\/noti-america.com\/site\/repdom\/"},{"@type":"ListItem","position":2,"name":"Bryan Guti\u00e9rrez queda subcampe\u00f3n en campeonato de motocross Florida MX Series"}]},{"@type":"WebSite","@id":"https:\/\/noti-america.com\/site\/repdom\/#website","url":"https:\/\/noti-america.com\/site\/repdom\/","name":"Rep. Dominicana | Noti-America.com","description":"","publisher":{"@id":"https:\/\/noti-america.com\/site\/repdom\/#organization"},"potentialAction":[{"@type":"SearchAction","target":{"@type":"EntryPoint","urlTemplate":"https:\/\/noti-america.com\/site\/repdom\/?s={search_term_string}"},"query-input":{"@type":"PropertyValueSpecification","valueRequired":true,"valueName":"search_term_string"}}],"inLanguage":"es"},{"@type":"Organization","@id":"https:\/\/noti-america.com\/site\/repdom\/#organization","name":"Noti-America LLC | Rep\u00fablica Dominicana","url":"https:\/\/noti-america.com\/site\/repdom\/","logo":{"@type":"ImageObject","inLanguage":"es","@id":"https:\/\/noti-america.com\/site\/repdom\/#\/schema\/logo\/image\/","url":"https:\/\/noti-america.com\/site\/repdom\/wp-content\/uploads\/sites\/6\/2020\/07\/LogoNA-4x3-1.jpg","contentUrl":"https:\/\/noti-america.com\/site\/repdom\/wp-content\/uploads\/sites\/6\/2020\/07\/LogoNA-4x3-1.jpg","width":1236,"height":1080,"caption":"Noti-America LLC | Rep\u00fablica Dominicana"},"image":{"@id":"https:\/\/noti-america.com\/site\/repdom\/#\/schema\/logo\/image\/"}},{"@type":"Person","@id":"https:\/\/noti-america.com\/site\/repdom\/#\/schema\/person\/fd0092c1530d275fabaa5cffcbc2b976","name":"Ad\u00e1n Soriano","image":{"@type":"ImageObject","inLanguage":"es","@id":"https:\/\/secure.gravatar.com\/avatar\/ecf97ff3aee7ff9efdae670d7e976f3e7e8acc1077e510d73707999a8bfd4467?s=96&d=mm&r=g","url":"https:\/\/secure.gravatar.com\/avatar\/ecf97ff3aee7ff9efdae670d7e976f3e7e8acc1077e510d73707999a8bfd4467?s=96&d=mm&r=g","contentUrl":"https:\/\/secure.gravatar.com\/avatar\/ecf97ff3aee7ff9efdae670d7e976f3e7e8acc1077e510d73707999a8bfd4467?s=96&d=mm&r=g","caption":"Ad\u00e1n Soriano"},"description":"Soy cronista deportivo con 10 a\u00f1os de experiencia en varios espacios, y conduzco el podcast deportivo llamado Mezcla Deportiva","sameAs":["https:\/\/x.com\/adansoriano"],"url":"https:\/\/noti-america.com\/site\/repdom\/author\/asoriano\/"}]}},"_links":{"self":[{"href":"https:\/\/noti-america.com\/site\/repdom\/wp-json\/wp\/v2\/posts\/25899","targetHints":{"allow":["GET"]}}],"collection":[{"href":"https:\/\/noti-america.com\/site\/repdom\/wp-json\/wp\/v2\/posts"}],"about":[{"href":"https:\/\/noti-america.com\/site\/repdom\/wp-json\/wp\/v2\/types\/post"}],"author":[{"embeddable":true,"href":"https:\/\/noti-america.com\/site\/repdom\/wp-json\/wp\/v2\/users\/89"}],"replies":[{"embeddable":true,"href":"https:\/\/noti-america.com\/site\/repdom\/wp-json\/wp\/v2\/comments?post=25899"}],"version-history":[{"count":1,"href":"https:\/\/noti-america.com\/site\/repdom\/wp-json\/wp\/v2\/posts\/25899\/revisions"}],"predecessor-version":[{"id":25901,"href":"https:\/\/noti-america.com\/site\/repdom\/wp-json\/wp\/v2\/posts\/25899\/revisions\/25901"}],"wp:featuredmedia":[{"embeddable":true,"href":"https:\/\/noti-america.com\/site\/repdom\/wp-json\/wp\/v2\/media\/25900"}],"wp:attachment":[{"href":"https:\/\/noti-america.com\/site\/repdom\/wp-json\/wp\/v2\/media?parent=25899"}],"wp:term":[{"taxonomy":"category","embeddable":true,"href":"https:\/\/noti-america.com\/site\/repdom\/wp-json\/wp\/v2\/categories?post=25899"},{"taxonomy":"post_tag","embeddable":true,"href":"https:\/\/noti-america.com\/site\/repdom\/wp-json\/wp\/v2\/tags?post=25899"}],"curies":[{"name":"wp","href":"https:\/\/api.w.org\/{rel}","templated":true}]}}