{"id":25549,"date":"2023-12-05T17:50:51","date_gmt":"2023-12-05T17:50:51","guid":{"rendered":"https:\/\/noti-america.com\/site\/repdom\/?p=25549"},"modified":"2023-12-05T17:54:21","modified_gmt":"2023-12-05T17:54:21","slug":"geanilda-vasquez-realiza-conferencia-por-que-luis-abinader-importancia-de-la-transparencia-en-la-democracia-dominicana","status":"publish","type":"post","link":"https:\/\/noti-america.com\/site\/repdom\/2023\/12\/05\/geanilda-vasquez-realiza-conferencia-por-que-luis-abinader-importancia-de-la-transparencia-en-la-democracia-dominicana\/","title":{"rendered":"Geanilda V\u00e1squez realiza conferencia \u00abPor qu\u00e9 Luis Abinader: Importancia de la Transparencia en la Democracia Dominicana\u00bb"},"content":{"rendered":"<p><img loading=\"lazy\" decoding=\"async\" class=\"alignnone size-medium wp-image-25550\" src=\"https:\/\/noti-america.com\/site\/repdom\/wp-content\/uploads\/sites\/6\/2023\/12\/a630f02c-f8de-4f10-a293-ac0dfcf8f2fa-252x300.jpeg\" alt=\"\" width=\"252\" height=\"300\" srcset=\"https:\/\/noti-america.com\/site\/repdom\/wp-content\/uploads\/sites\/6\/2023\/12\/a630f02c-f8de-4f10-a293-ac0dfcf8f2fa-252x300.jpeg 252w, https:\/\/noti-america.com\/site\/repdom\/wp-content\/uploads\/sites\/6\/2023\/12\/a630f02c-f8de-4f10-a293-ac0dfcf8f2fa.jpeg 404w\" sizes=\"auto, (max-width: 252px) 100vw, 252px\" \/><\/p>\n<p>&nbsp;<\/p>\n<p>&nbsp;<\/p>\n<p>Santo Domingo, RD. &#8211; La doctora Geanilda V\u00e1squez, destacada pol\u00edtica, empresaria y dirigente social, realiz\u00f3 este lunes la magistral conferencia \u00abPor qu\u00e9 Luis Abinader: Importancia de la Transparencia en la Democracia Dominicana\u00bb donde plante\u00f3 la importancia del manejo adecuado de los recursos p\u00fablicos en las instituciones gubernamentales.<\/p>\n<p>En el evento que se llev\u00f3 a cabo en el Auditorio Pedro Mir, de la Biblioteca en la Uasd, abord\u00f3 el tema, considerado crucial para continuar fomentando acciones transparentes en la gesti\u00f3n p\u00fablica, lo que asegur\u00f3, que, sin lugar a dudas, contribuye al fortalecimiento de la democracia dominicana.<\/p>\n<p>Geanilda V\u00e1squez, reconocida por su trayectoria en el \u00e1mbito pol\u00edtico y su papel fundamental como C\u00f3nsul General, comparti\u00f3 sus perspectivas y experiencias en relaci\u00f3n a la importancia de la transparencia en el sistema democr\u00e1tico de la Rep\u00fablica Dominicana y a la vez, sugiri\u00f3 una reflexi\u00f3n profunda sobre la necesidad de fomentar la institucionalidad, vinculando la discusi\u00f3n con los valores fundamentales que sustentan una democracia robusta.<\/p>\n<p><img loading=\"lazy\" decoding=\"async\" class=\"alignnone size-medium wp-image-25552\" src=\"https:\/\/noti-america.com\/site\/repdom\/wp-content\/uploads\/sites\/6\/2023\/12\/photo-output-4-240x300.jpeg\" alt=\"\" width=\"240\" height=\"300\" srcset=\"https:\/\/noti-america.com\/site\/repdom\/wp-content\/uploads\/sites\/6\/2023\/12\/photo-output-4-240x300.jpeg 240w, https:\/\/noti-america.com\/site\/repdom\/wp-content\/uploads\/sites\/6\/2023\/12\/photo-output-4-820x1024.jpeg 820w, https:\/\/noti-america.com\/site\/repdom\/wp-content\/uploads\/sites\/6\/2023\/12\/photo-output-4-768x959.jpeg 768w, https:\/\/noti-america.com\/site\/repdom\/wp-content\/uploads\/sites\/6\/2023\/12\/photo-output-4-1230x1536.jpeg 1230w, https:\/\/noti-america.com\/site\/repdom\/wp-content\/uploads\/sites\/6\/2023\/12\/photo-output-4.jpeg 1240w\" sizes=\"auto, (max-width: 240px) 100vw, 240px\" \/><\/p>\n<p>Asegur\u00f3 que \u00abla transparencia es la esencia de todo el buen hacer, juega un papel preponderante y fundamental en las sociedades, se enfoca en los tres poderes del Estado, los cuales beben garantizar los intereses de los ciudadanos, no intereses de particulares para evitar el deterioro y debilitamiento de la democracia\u00bb indic\u00f3.<\/p>\n<p>Adem\u00e1s de plantear los desaf\u00edos y oportunidades asociados con la transparencia en el contexto pol\u00edtico actual, inst\u00f3 a la ciudadan\u00eda a jugar su rol de veedor de la gesti\u00f3n p\u00fablica, para fomentar la rendici\u00f3n de cuentas y la participaci\u00f3n ciudadana, lo que impacta directamente en el desarrollo sostenible de la Rep\u00fablica Dominicana.<\/p>\n<p>Indic\u00f3 que los poderes p\u00fablicos deben ser transparentes en el ejercicio de sus funciones y ejecuci\u00f3n presupuestaria, que el Poder Judicial debe rendir cuentas, el Poder Legislativo asumir su rol de representar al ciudadano, en tanto que el Poder Ejecutivo debe actuar conforme a la Constituci\u00f3n y \u00aben base a estos criterios es que se est\u00e1 ejerciendo la pol\u00edtica moderna, para abrir la conciencia de ciudadan\u00eda\u00bb dijo.<\/p>\n<p>Puso como ejemplo la actual gesti\u00f3n de Gobierno del presidente Luis Abinader, el cual asegur\u00f3, ha hecho una gesti\u00f3n \u00e9tica, transparente, distinta y diferente, valorado por organismos internacionales, pese a las situaciones adversa que le ha tocado lidiar, como la pandemia mundial por el Covid-19, crisis institucional y el rescate de la confianza de la gente, concluy\u00f3.<\/p>\n<p>Al evento asistieron profesores, estudiantes, l\u00edderes comunitarios y pol\u00edticos, funcionarios, entre otras personalidades, en el intercambio de ideas sobre el papel fundamental de la transparencia en la construcci\u00f3n de una sociedad democr\u00e1tica fuerte y responsable.<\/p>\n<p>&nbsp;<\/p>\n<p>&nbsp;<\/p>\n<p>.<\/p>\n","protected":false},"excerpt":{"rendered":"<p>&nbsp; &nbsp; Santo Domingo, RD. &#8211; La doctora Geanilda V\u00e1squez, destacada pol\u00edtica, empresaria y dirigente social, realiz\u00f3 este lunes la magistral conferencia \u00abPor qu\u00e9 Luis Abinader: Importancia de la Transparencia en la Democracia Dominicana\u00bb&#46;&#46;&#46;<\/p>\n","protected":false},"author":96,"featured_media":25550,"comment_status":"open","ping_status":"open","sticky":false,"template":"","format":"standard","meta":{"_acf_changed":false,"rop_custom_images_group":[],"rop_custom_messages_group":[],"rop_publish_now":"initial","rop_publish_now_accounts":[],"rop_publish_now_history":[],"rop_publish_now_status":"pending","footnotes":""},"categories":[105],"tags":[],"class_list":["post-25549","post","type-post","status-publish","format-standard","has-post-thumbnail","hentry","category-noticias"],"acf":[],"yoast_head":"<!-- This site is optimized with the Yoast SEO Premium plugin v24.9 (Yoast SEO v27.2) - https:\/\/yoast.com\/product\/yoast-seo-premium-wordpress\/ -->\n<title>Geanilda V\u00e1squez realiza conferencia &quot;Por qu\u00e9 Luis Abinader: Importancia de la Transparencia en la Democracia Dominicana&quot; - Rep. Dominicana | Noti-America.com<\/title>\n<meta name=\"robots\" content=\"index, follow, max-snippet:-1, max-image-preview:large, max-video-preview:-1\" \/>\n<link rel=\"canonical\" href=\"https:\/\/noti-america.com\/site\/repdom\/2023\/12\/05\/geanilda-vasquez-realiza-conferencia-por-que-luis-abinader-importancia-de-la-transparencia-en-la-democracia-dominicana\/\" \/>\n<meta property=\"og:locale\" content=\"es_ES\" \/>\n<meta property=\"og:type\" content=\"article\" \/>\n<meta property=\"og:title\" content=\"Geanilda V\u00e1squez realiza conferencia &quot;Por qu\u00e9 Luis Abinader: Importancia de la Transparencia en la Democracia Dominicana&quot;\" \/>\n<meta property=\"og:description\" content=\"&nbsp; &nbsp; Santo Domingo, RD. &#8211; La doctora Geanilda V\u00e1squez, destacada pol\u00edtica, empresaria y dirigente social, realiz\u00f3 este lunes la magistral conferencia \u00abPor qu\u00e9 Luis Abinader: Importancia de la Transparencia en la Democracia Dominicana\u00bb&#046;&#046;&#046;\" \/>\n<meta property=\"og:url\" content=\"https:\/\/noti-america.com\/site\/repdom\/2023\/12\/05\/geanilda-vasquez-realiza-conferencia-por-que-luis-abinader-importancia-de-la-transparencia-en-la-democracia-dominicana\/\" \/>\n<meta property=\"og:site_name\" content=\"Rep. Dominicana | Noti-America.com\" \/>\n<meta property=\"article:author\" content=\"https:\/\/www.facebook.com\/share\/1HVE1qCqVk\/?mibextid=wwXIfr\" \/>\n<meta property=\"article:published_time\" content=\"2023-12-05T17:50:51+00:00\" \/>\n<meta property=\"article:modified_time\" content=\"2023-12-05T17:54:21+00:00\" \/>\n<meta property=\"og:image\" content=\"https:\/\/noti-america.com\/site\/repdom\/wp-content\/uploads\/sites\/6\/2023\/12\/a630f02c-f8de-4f10-a293-ac0dfcf8f2fa.jpeg\" \/>\n\t<meta property=\"og:image:width\" content=\"404\" \/>\n\t<meta property=\"og:image:height\" content=\"481\" \/>\n\t<meta property=\"og:image:type\" content=\"image\/jpeg\" \/>\n<meta name=\"author\" content=\"Miguel Ramirez\" \/>\n<meta name=\"twitter:card\" content=\"summary_large_image\" \/>\n<meta name=\"twitter:label1\" content=\"Escrito por\" \/>\n\t<meta name=\"twitter:data1\" content=\"Miguel Ramirez\" \/>\n\t<meta name=\"twitter:label2\" content=\"Tiempo estimado de lectura\" \/>\n\t<meta name=\"twitter:data2\" content=\"3 minutos\" \/>\n<script type=\"application\/ld+json\" class=\"yoast-schema-graph\">{\"@context\":\"https:\/\/schema.org\",\"@graph\":[{\"@type\":\"Article\",\"@id\":\"https:\/\/noti-america.com\/site\/repdom\/2023\/12\/05\/geanilda-vasquez-realiza-conferencia-por-que-luis-abinader-importancia-de-la-transparencia-en-la-democracia-dominicana\/#article\",\"isPartOf\":{\"@id\":\"https:\/\/noti-america.com\/site\/repdom\/2023\/12\/05\/geanilda-vasquez-realiza-conferencia-por-que-luis-abinader-importancia-de-la-transparencia-en-la-democracia-dominicana\/\"},\"author\":{\"name\":\"Miguel Ramirez\",\"@id\":\"https:\/\/noti-america.com\/site\/repdom\/#\/schema\/person\/8027db7d71a0328e6e4474fa188c6fb3\"},\"headline\":\"Geanilda V\u00e1squez realiza conferencia \u00abPor qu\u00e9 Luis Abinader: Importancia de la Transparencia en la Democracia Dominicana\u00bb\",\"datePublished\":\"2023-12-05T17:50:51+00:00\",\"dateModified\":\"2023-12-05T17:54:21+00:00\",\"mainEntityOfPage\":{\"@id\":\"https:\/\/noti-america.com\/site\/repdom\/2023\/12\/05\/geanilda-vasquez-realiza-conferencia-por-que-luis-abinader-importancia-de-la-transparencia-en-la-democracia-dominicana\/\"},\"wordCount\":477,\"commentCount\":0,\"publisher\":{\"@id\":\"https:\/\/noti-america.com\/site\/repdom\/#organization\"},\"image\":{\"@id\":\"https:\/\/noti-america.com\/site\/repdom\/2023\/12\/05\/geanilda-vasquez-realiza-conferencia-por-que-luis-abinader-importancia-de-la-transparencia-en-la-democracia-dominicana\/#primaryimage\"},\"thumbnailUrl\":\"https:\/\/noti-america.com\/site\/repdom\/wp-content\/uploads\/sites\/6\/2023\/12\/a630f02c-f8de-4f10-a293-ac0dfcf8f2fa.jpeg\",\"articleSection\":[\"Noticias\"],\"inLanguage\":\"es\",\"potentialAction\":[{\"@type\":\"CommentAction\",\"name\":\"Comment\",\"target\":[\"https:\/\/noti-america.com\/site\/repdom\/2023\/12\/05\/geanilda-vasquez-realiza-conferencia-por-que-luis-abinader-importancia-de-la-transparencia-en-la-democracia-dominicana\/#respond\"]}]},{\"@type\":\"WebPage\",\"@id\":\"https:\/\/noti-america.com\/site\/repdom\/2023\/12\/05\/geanilda-vasquez-realiza-conferencia-por-que-luis-abinader-importancia-de-la-transparencia-en-la-democracia-dominicana\/\",\"url\":\"https:\/\/noti-america.com\/site\/repdom\/2023\/12\/05\/geanilda-vasquez-realiza-conferencia-por-que-luis-abinader-importancia-de-la-transparencia-en-la-democracia-dominicana\/\",\"name\":\"Geanilda V\u00e1squez realiza conferencia \\\"Por qu\u00e9 Luis Abinader: Importancia de la Transparencia en la Democracia Dominicana\\\" - Rep. Dominicana | Noti-America.com\",\"isPartOf\":{\"@id\":\"https:\/\/noti-america.com\/site\/repdom\/#website\"},\"primaryImageOfPage\":{\"@id\":\"https:\/\/noti-america.com\/site\/repdom\/2023\/12\/05\/geanilda-vasquez-realiza-conferencia-por-que-luis-abinader-importancia-de-la-transparencia-en-la-democracia-dominicana\/#primaryimage\"},\"image\":{\"@id\":\"https:\/\/noti-america.com\/site\/repdom\/2023\/12\/05\/geanilda-vasquez-realiza-conferencia-por-que-luis-abinader-importancia-de-la-transparencia-en-la-democracia-dominicana\/#primaryimage\"},\"thumbnailUrl\":\"https:\/\/noti-america.com\/site\/repdom\/wp-content\/uploads\/sites\/6\/2023\/12\/a630f02c-f8de-4f10-a293-ac0dfcf8f2fa.jpeg\",\"datePublished\":\"2023-12-05T17:50:51+00:00\",\"dateModified\":\"2023-12-05T17:54:21+00:00\",\"breadcrumb\":{\"@id\":\"https:\/\/noti-america.com\/site\/repdom\/2023\/12\/05\/geanilda-vasquez-realiza-conferencia-por-que-luis-abinader-importancia-de-la-transparencia-en-la-democracia-dominicana\/#breadcrumb\"},\"inLanguage\":\"es\",\"potentialAction\":[{\"@type\":\"ReadAction\",\"target\":[\"https:\/\/noti-america.com\/site\/repdom\/2023\/12\/05\/geanilda-vasquez-realiza-conferencia-por-que-luis-abinader-importancia-de-la-transparencia-en-la-democracia-dominicana\/\"]}]},{\"@type\":\"ImageObject\",\"inLanguage\":\"es\",\"@id\":\"https:\/\/noti-america.com\/site\/repdom\/2023\/12\/05\/geanilda-vasquez-realiza-conferencia-por-que-luis-abinader-importancia-de-la-transparencia-en-la-democracia-dominicana\/#primaryimage\",\"url\":\"https:\/\/noti-america.com\/site\/repdom\/wp-content\/uploads\/sites\/6\/2023\/12\/a630f02c-f8de-4f10-a293-ac0dfcf8f2fa.jpeg\",\"contentUrl\":\"https:\/\/noti-america.com\/site\/repdom\/wp-content\/uploads\/sites\/6\/2023\/12\/a630f02c-f8de-4f10-a293-ac0dfcf8f2fa.jpeg\",\"width\":404,\"height\":481},{\"@type\":\"BreadcrumbList\",\"@id\":\"https:\/\/noti-america.com\/site\/repdom\/2023\/12\/05\/geanilda-vasquez-realiza-conferencia-por-que-luis-abinader-importancia-de-la-transparencia-en-la-democracia-dominicana\/#breadcrumb\",\"itemListElement\":[{\"@type\":\"ListItem\",\"position\":1,\"name\":\"Portada\",\"item\":\"https:\/\/noti-america.com\/site\/repdom\/\"},{\"@type\":\"ListItem\",\"position\":2,\"name\":\"Geanilda V\u00e1squez realiza conferencia &#8220;Por qu\u00e9 Luis Abinader: Importancia de la Transparencia en la Democracia Dominicana&#8221;\"}]},{\"@type\":\"WebSite\",\"@id\":\"https:\/\/noti-america.com\/site\/repdom\/#website\",\"url\":\"https:\/\/noti-america.com\/site\/repdom\/\",\"name\":\"Rep. Dominicana | Noti-America.com\",\"description\":\"\",\"publisher\":{\"@id\":\"https:\/\/noti-america.com\/site\/repdom\/#organization\"},\"potentialAction\":[{\"@type\":\"SearchAction\",\"target\":{\"@type\":\"EntryPoint\",\"urlTemplate\":\"https:\/\/noti-america.com\/site\/repdom\/?s={search_term_string}\"},\"query-input\":{\"@type\":\"PropertyValueSpecification\",\"valueRequired\":true,\"valueName\":\"search_term_string\"}}],\"inLanguage\":\"es\"},{\"@type\":\"Organization\",\"@id\":\"https:\/\/noti-america.com\/site\/repdom\/#organization\",\"name\":\"Noti-America LLC | Rep\u00fablica Dominicana\",\"url\":\"https:\/\/noti-america.com\/site\/repdom\/\",\"logo\":{\"@type\":\"ImageObject\",\"inLanguage\":\"es\",\"@id\":\"https:\/\/noti-america.com\/site\/repdom\/#\/schema\/logo\/image\/\",\"url\":\"https:\/\/noti-america.com\/site\/repdom\/wp-content\/uploads\/sites\/6\/2020\/07\/LogoNA-4x3-1.jpg\",\"contentUrl\":\"https:\/\/noti-america.com\/site\/repdom\/wp-content\/uploads\/sites\/6\/2020\/07\/LogoNA-4x3-1.jpg\",\"width\":1236,\"height\":1080,\"caption\":\"Noti-America LLC | Rep\u00fablica Dominicana\"},\"image\":{\"@id\":\"https:\/\/noti-america.com\/site\/repdom\/#\/schema\/logo\/image\/\"}},{\"@type\":\"Person\",\"@id\":\"https:\/\/noti-america.com\/site\/repdom\/#\/schema\/person\/8027db7d71a0328e6e4474fa188c6fb3\",\"name\":\"Miguel Ramirez\",\"image\":{\"@type\":\"ImageObject\",\"inLanguage\":\"es\",\"@id\":\"https:\/\/secure.gravatar.com\/avatar\/41a78fb2cdab3e2dc5831d3591f1dab499ed0c22acc464195b09f37c2b3ac2cf?s=96&d=mm&r=g\",\"url\":\"https:\/\/secure.gravatar.com\/avatar\/41a78fb2cdab3e2dc5831d3591f1dab499ed0c22acc464195b09f37c2b3ac2cf?s=96&d=mm&r=g\",\"contentUrl\":\"https:\/\/secure.gravatar.com\/avatar\/41a78fb2cdab3e2dc5831d3591f1dab499ed0c22acc464195b09f37c2b3ac2cf?s=96&d=mm&r=g\",\"caption\":\"Miguel Ramirez\"},\"description\":\"Locutor y periodista digital y coach comunicaci\u00f3n\",\"sameAs\":[\"https:\/\/www.facebook.com\/share\/1HVE1qCqVk\/?mibextid=wwXIfr\"],\"url\":\"https:\/\/noti-america.com\/site\/repdom\/author\/mramirez\/\"}]}<\/script>\n<!-- \/ Yoast SEO Premium plugin. -->","yoast_head_json":{"title":"Geanilda V\u00e1squez realiza conferencia \"Por qu\u00e9 Luis Abinader: Importancia de la Transparencia en la Democracia Dominicana\" - Rep. Dominicana | Noti-America.com","robots":{"index":"index","follow":"follow","max-snippet":"max-snippet:-1","max-image-preview":"max-image-preview:large","max-video-preview":"max-video-preview:-1"},"canonical":"https:\/\/noti-america.com\/site\/repdom\/2023\/12\/05\/geanilda-vasquez-realiza-conferencia-por-que-luis-abinader-importancia-de-la-transparencia-en-la-democracia-dominicana\/","og_locale":"es_ES","og_type":"article","og_title":"Geanilda V\u00e1squez realiza conferencia \"Por qu\u00e9 Luis Abinader: Importancia de la Transparencia en la Democracia Dominicana\"","og_description":"&nbsp; &nbsp; Santo Domingo, RD. &#8211; La doctora Geanilda V\u00e1squez, destacada pol\u00edtica, empresaria y dirigente social, realiz\u00f3 este lunes la magistral conferencia \u00abPor qu\u00e9 Luis Abinader: Importancia de la Transparencia en la Democracia Dominicana\u00bb&#46;&#46;&#46;","og_url":"https:\/\/noti-america.com\/site\/repdom\/2023\/12\/05\/geanilda-vasquez-realiza-conferencia-por-que-luis-abinader-importancia-de-la-transparencia-en-la-democracia-dominicana\/","og_site_name":"Rep. Dominicana | Noti-America.com","article_author":"https:\/\/www.facebook.com\/share\/1HVE1qCqVk\/?mibextid=wwXIfr","article_published_time":"2023-12-05T17:50:51+00:00","article_modified_time":"2023-12-05T17:54:21+00:00","og_image":[{"width":404,"height":481,"url":"https:\/\/noti-america.com\/site\/repdom\/wp-content\/uploads\/sites\/6\/2023\/12\/a630f02c-f8de-4f10-a293-ac0dfcf8f2fa.jpeg","type":"image\/jpeg"}],"author":"Miguel Ramirez","twitter_card":"summary_large_image","twitter_misc":{"Escrito por":"Miguel Ramirez","Tiempo estimado de lectura":"3 minutos"},"schema":{"@context":"https:\/\/schema.org","@graph":[{"@type":"Article","@id":"https:\/\/noti-america.com\/site\/repdom\/2023\/12\/05\/geanilda-vasquez-realiza-conferencia-por-que-luis-abinader-importancia-de-la-transparencia-en-la-democracia-dominicana\/#article","isPartOf":{"@id":"https:\/\/noti-america.com\/site\/repdom\/2023\/12\/05\/geanilda-vasquez-realiza-conferencia-por-que-luis-abinader-importancia-de-la-transparencia-en-la-democracia-dominicana\/"},"author":{"name":"Miguel Ramirez","@id":"https:\/\/noti-america.com\/site\/repdom\/#\/schema\/person\/8027db7d71a0328e6e4474fa188c6fb3"},"headline":"Geanilda V\u00e1squez realiza conferencia \u00abPor qu\u00e9 Luis Abinader: Importancia de la Transparencia en la Democracia Dominicana\u00bb","datePublished":"2023-12-05T17:50:51+00:00","dateModified":"2023-12-05T17:54:21+00:00","mainEntityOfPage":{"@id":"https:\/\/noti-america.com\/site\/repdom\/2023\/12\/05\/geanilda-vasquez-realiza-conferencia-por-que-luis-abinader-importancia-de-la-transparencia-en-la-democracia-dominicana\/"},"wordCount":477,"commentCount":0,"publisher":{"@id":"https:\/\/noti-america.com\/site\/repdom\/#organization"},"image":{"@id":"https:\/\/noti-america.com\/site\/repdom\/2023\/12\/05\/geanilda-vasquez-realiza-conferencia-por-que-luis-abinader-importancia-de-la-transparencia-en-la-democracia-dominicana\/#primaryimage"},"thumbnailUrl":"https:\/\/noti-america.com\/site\/repdom\/wp-content\/uploads\/sites\/6\/2023\/12\/a630f02c-f8de-4f10-a293-ac0dfcf8f2fa.jpeg","articleSection":["Noticias"],"inLanguage":"es","potentialAction":[{"@type":"CommentAction","name":"Comment","target":["https:\/\/noti-america.com\/site\/repdom\/2023\/12\/05\/geanilda-vasquez-realiza-conferencia-por-que-luis-abinader-importancia-de-la-transparencia-en-la-democracia-dominicana\/#respond"]}]},{"@type":"WebPage","@id":"https:\/\/noti-america.com\/site\/repdom\/2023\/12\/05\/geanilda-vasquez-realiza-conferencia-por-que-luis-abinader-importancia-de-la-transparencia-en-la-democracia-dominicana\/","url":"https:\/\/noti-america.com\/site\/repdom\/2023\/12\/05\/geanilda-vasquez-realiza-conferencia-por-que-luis-abinader-importancia-de-la-transparencia-en-la-democracia-dominicana\/","name":"Geanilda V\u00e1squez realiza conferencia \"Por qu\u00e9 Luis Abinader: Importancia de la Transparencia en la Democracia Dominicana\" - Rep. Dominicana | Noti-America.com","isPartOf":{"@id":"https:\/\/noti-america.com\/site\/repdom\/#website"},"primaryImageOfPage":{"@id":"https:\/\/noti-america.com\/site\/repdom\/2023\/12\/05\/geanilda-vasquez-realiza-conferencia-por-que-luis-abinader-importancia-de-la-transparencia-en-la-democracia-dominicana\/#primaryimage"},"image":{"@id":"https:\/\/noti-america.com\/site\/repdom\/2023\/12\/05\/geanilda-vasquez-realiza-conferencia-por-que-luis-abinader-importancia-de-la-transparencia-en-la-democracia-dominicana\/#primaryimage"},"thumbnailUrl":"https:\/\/noti-america.com\/site\/repdom\/wp-content\/uploads\/sites\/6\/2023\/12\/a630f02c-f8de-4f10-a293-ac0dfcf8f2fa.jpeg","datePublished":"2023-12-05T17:50:51+00:00","dateModified":"2023-12-05T17:54:21+00:00","breadcrumb":{"@id":"https:\/\/noti-america.com\/site\/repdom\/2023\/12\/05\/geanilda-vasquez-realiza-conferencia-por-que-luis-abinader-importancia-de-la-transparencia-en-la-democracia-dominicana\/#breadcrumb"},"inLanguage":"es","potentialAction":[{"@type":"ReadAction","target":["https:\/\/noti-america.com\/site\/repdom\/2023\/12\/05\/geanilda-vasquez-realiza-conferencia-por-que-luis-abinader-importancia-de-la-transparencia-en-la-democracia-dominicana\/"]}]},{"@type":"ImageObject","inLanguage":"es","@id":"https:\/\/noti-america.com\/site\/repdom\/2023\/12\/05\/geanilda-vasquez-realiza-conferencia-por-que-luis-abinader-importancia-de-la-transparencia-en-la-democracia-dominicana\/#primaryimage","url":"https:\/\/noti-america.com\/site\/repdom\/wp-content\/uploads\/sites\/6\/2023\/12\/a630f02c-f8de-4f10-a293-ac0dfcf8f2fa.jpeg","contentUrl":"https:\/\/noti-america.com\/site\/repdom\/wp-content\/uploads\/sites\/6\/2023\/12\/a630f02c-f8de-4f10-a293-ac0dfcf8f2fa.jpeg","width":404,"height":481},{"@type":"BreadcrumbList","@id":"https:\/\/noti-america.com\/site\/repdom\/2023\/12\/05\/geanilda-vasquez-realiza-conferencia-por-que-luis-abinader-importancia-de-la-transparencia-en-la-democracia-dominicana\/#breadcrumb","itemListElement":[{"@type":"ListItem","position":1,"name":"Portada","item":"https:\/\/noti-america.com\/site\/repdom\/"},{"@type":"ListItem","position":2,"name":"Geanilda V\u00e1squez realiza conferencia &#8220;Por qu\u00e9 Luis Abinader: Importancia de la Transparencia en la Democracia Dominicana&#8221;"}]},{"@type":"WebSite","@id":"https:\/\/noti-america.com\/site\/repdom\/#website","url":"https:\/\/noti-america.com\/site\/repdom\/","name":"Rep. Dominicana | Noti-America.com","description":"","publisher":{"@id":"https:\/\/noti-america.com\/site\/repdom\/#organization"},"potentialAction":[{"@type":"SearchAction","target":{"@type":"EntryPoint","urlTemplate":"https:\/\/noti-america.com\/site\/repdom\/?s={search_term_string}"},"query-input":{"@type":"PropertyValueSpecification","valueRequired":true,"valueName":"search_term_string"}}],"inLanguage":"es"},{"@type":"Organization","@id":"https:\/\/noti-america.com\/site\/repdom\/#organization","name":"Noti-America LLC | Rep\u00fablica Dominicana","url":"https:\/\/noti-america.com\/site\/repdom\/","logo":{"@type":"ImageObject","inLanguage":"es","@id":"https:\/\/noti-america.com\/site\/repdom\/#\/schema\/logo\/image\/","url":"https:\/\/noti-america.com\/site\/repdom\/wp-content\/uploads\/sites\/6\/2020\/07\/LogoNA-4x3-1.jpg","contentUrl":"https:\/\/noti-america.com\/site\/repdom\/wp-content\/uploads\/sites\/6\/2020\/07\/LogoNA-4x3-1.jpg","width":1236,"height":1080,"caption":"Noti-America LLC | Rep\u00fablica Dominicana"},"image":{"@id":"https:\/\/noti-america.com\/site\/repdom\/#\/schema\/logo\/image\/"}},{"@type":"Person","@id":"https:\/\/noti-america.com\/site\/repdom\/#\/schema\/person\/8027db7d71a0328e6e4474fa188c6fb3","name":"Miguel Ramirez","image":{"@type":"ImageObject","inLanguage":"es","@id":"https:\/\/secure.gravatar.com\/avatar\/41a78fb2cdab3e2dc5831d3591f1dab499ed0c22acc464195b09f37c2b3ac2cf?s=96&d=mm&r=g","url":"https:\/\/secure.gravatar.com\/avatar\/41a78fb2cdab3e2dc5831d3591f1dab499ed0c22acc464195b09f37c2b3ac2cf?s=96&d=mm&r=g","contentUrl":"https:\/\/secure.gravatar.com\/avatar\/41a78fb2cdab3e2dc5831d3591f1dab499ed0c22acc464195b09f37c2b3ac2cf?s=96&d=mm&r=g","caption":"Miguel Ramirez"},"description":"Locutor y periodista digital y coach comunicaci\u00f3n","sameAs":["https:\/\/www.facebook.com\/share\/1HVE1qCqVk\/?mibextid=wwXIfr"],"url":"https:\/\/noti-america.com\/site\/repdom\/author\/mramirez\/"}]}},"_links":{"self":[{"href":"https:\/\/noti-america.com\/site\/repdom\/wp-json\/wp\/v2\/posts\/25549","targetHints":{"allow":["GET"]}}],"collection":[{"href":"https:\/\/noti-america.com\/site\/repdom\/wp-json\/wp\/v2\/posts"}],"about":[{"href":"https:\/\/noti-america.com\/site\/repdom\/wp-json\/wp\/v2\/types\/post"}],"author":[{"embeddable":true,"href":"https:\/\/noti-america.com\/site\/repdom\/wp-json\/wp\/v2\/users\/96"}],"replies":[{"embeddable":true,"href":"https:\/\/noti-america.com\/site\/repdom\/wp-json\/wp\/v2\/comments?post=25549"}],"version-history":[{"count":2,"href":"https:\/\/noti-america.com\/site\/repdom\/wp-json\/wp\/v2\/posts\/25549\/revisions"}],"predecessor-version":[{"id":25558,"href":"https:\/\/noti-america.com\/site\/repdom\/wp-json\/wp\/v2\/posts\/25549\/revisions\/25558"}],"wp:featuredmedia":[{"embeddable":true,"href":"https:\/\/noti-america.com\/site\/repdom\/wp-json\/wp\/v2\/media\/25550"}],"wp:attachment":[{"href":"https:\/\/noti-america.com\/site\/repdom\/wp-json\/wp\/v2\/media?parent=25549"}],"wp:term":[{"taxonomy":"category","embeddable":true,"href":"https:\/\/noti-america.com\/site\/repdom\/wp-json\/wp\/v2\/categories?post=25549"},{"taxonomy":"post_tag","embeddable":true,"href":"https:\/\/noti-america.com\/site\/repdom\/wp-json\/wp\/v2\/tags?post=25549"}],"curies":[{"name":"wp","href":"https:\/\/api.w.org\/{rel}","templated":true}]}}