{"id":2544,"date":"2020-08-01T00:22:26","date_gmt":"2020-08-01T00:22:26","guid":{"rendered":"https:\/\/noti-america.com\/site\/repdom\/2020\/08\/01\/el-director-del-coe-general-juan-manuel-mendez-indico-aun-se-esta-recibiendo-el-impacto-de-la-tormenta-isaias\/"},"modified":"2020-08-01T04:23:15","modified_gmt":"2020-08-01T04:23:15","slug":"el-director-del-coe-general-juan-manuel-mendez-indico-aun-se-esta-recibiendo-el-impacto-de-la-tormenta-isaias","status":"publish","type":"post","link":"https:\/\/noti-america.com\/site\/repdom\/2020\/08\/01\/el-director-del-coe-general-juan-manuel-mendez-indico-aun-se-esta-recibiendo-el-impacto-de-la-tormenta-isaias\/","title":{"rendered":"El Director del COE, general Juan Manuel M\u00e9ndez, indic\u00f3 a\u00fan se est\u00e1 recibiendo el impacto de la tormenta Isa\u00edas."},"content":{"rendered":"<p>NOTI-AM\u00c9RICA (REP\u00daBLICA DOMINICANA)<\/p>\n<p>&nbsp;<\/p>\n<p>Por: Nhayide Mej\u00eda, Santo Domingo, 31 de julio 2020.<\/p>\n<p style=\"text-align: justify\">El general Juan Manuel M\u00e9ndez, director del Centro de Operaciones de Emergencia (COE), explic\u00f3 que a\u00fan se est\u00e1 recibiendo el impacto de la tormenta ISAIAS, indicando que la regi\u00f3n Est\u00e9 siendo las m\u00e1s afectada ( Hato Mayor, Hig\u00fcey, San Pedro, Saman\u00e1, entre otras). Para las 1:00pm de este viernes, estaba alej\u00e1ndose del territorio nacional, pero el \u00e1rea de pron\u00f3stico seguir\u00e1 bajos los efectos de los remanentes de este sistema, produciendo algunos aguaceros con tormentas el\u00e9ctricas y aisladas r\u00e1fagas de vientos sobre las regiones, noroeste, noreste, suroeste, sureste, zona fronteriza, cordillera Central, mientras en la regi\u00f3n este predominar\u00e1 condici\u00f3n de buen tiempo.<\/p>\n<p style=\"text-align: justify\">En la tarde y noche: Seguir\u00e1n los nublados con aguaceros, tormentas el\u00e9ctricas y frecuentes algunas r\u00e1fagas de viento en el pa\u00eds, producido por los remanentes del hurac\u00e1n Isa\u00edas. Ma\u00f1ana s\u00e1bado en horas matutinas, las probabilidad de lluvias ser\u00e1n escasas, pero en horas de la tarde se producir\u00e1 un aumento de la nubosidad hacia las regiones sureste, noreste, cordillera Central y zona fronteriza con chubascos dispersos, tormentas el\u00e9ctricas, producido por los efectos locales.<\/p>\n<p>Algunas recomendaciones despu\u00e9s de la tormenta son:<\/p>\n<p>1. Seguir las instrucciones de las autoridades y reporta da\u00f1os o heridos.<\/p>\n<p>2. Permanece en casa si esta no sufri\u00f3 da\u00f1os. Si hay un albergue en tu comunidad, acude a \u00e9l.<\/p>\n<p>3. Bebe agua embotellada o hervida.<\/p>\n<p>4. Colabora en labores de limpieza en tu comunidad como desalojo de agua estancada.<\/p>\n<p>5. Mant\u00e9n desconectados los servicios de luz, agua y gas hasta que no haya peligro.<\/p>\n<p>6. No hagas caso a rumores y atiende solo las indicaciones de las autoridades.<\/p>\n<p>7. Usa el tel\u00e9fono solo para emergencias para evitar saturar las l\u00edneas.<\/p>\n<p>8. Solicita ayuda a las autoridades en caso de ser necesario. Recuerda que tu bienestar es lo m\u00e1s importante.<\/p>\n<p>En caso de ser necesario, contacta aqu\u00ed a las autoridades de Protecci\u00f3n Civil de tu localidad.<\/p>\n","protected":false},"excerpt":{"rendered":"<p>NOTI-AM\u00c9RICA (REP\u00daBLICA DOMINICANA) &nbsp; Por: Nhayide Mej\u00eda, Santo Domingo, 31 de julio 2020. El general Juan Manuel M\u00e9ndez, director del Centro de Operaciones de Emergencia (COE), explic\u00f3 que a\u00fan se est\u00e1 recibiendo el impacto&#46;&#46;&#46;<\/p>\n","protected":false},"author":95,"featured_media":2545,"comment_status":"open","ping_status":"open","sticky":false,"template":"","format":"image","meta":{"_acf_changed":false,"rop_custom_images_group":[],"rop_custom_messages_group":[],"rop_publish_now":"initial","rop_publish_now_accounts":[],"rop_publish_now_history":[],"rop_publish_now_status":"pending","footnotes":""},"categories":[10],"tags":[],"class_list":["post-2544","post","type-post","status-publish","format-image","has-post-thumbnail","hentry","category-actualidad","post_format-post-format-image"],"acf":[],"yoast_head":"<!-- This site is optimized with the Yoast SEO Premium plugin v24.9 (Yoast SEO v27.2) - https:\/\/yoast.com\/product\/yoast-seo-premium-wordpress\/ -->\n<title>El Director del COE, general Juan Manuel M\u00e9ndez, indic\u00f3 a\u00fan se est\u00e1 recibiendo el impacto de la tormenta Isa\u00edas. - Rep. Dominicana | Noti-America.com<\/title>\n<meta name=\"robots\" content=\"index, follow, max-snippet:-1, max-image-preview:large, max-video-preview:-1\" \/>\n<link rel=\"canonical\" href=\"https:\/\/noti-america.com\/site\/repdom\/2020\/08\/01\/el-director-del-coe-general-juan-manuel-mendez-indico-aun-se-esta-recibiendo-el-impacto-de-la-tormenta-isaias\/\" \/>\n<meta property=\"og:locale\" content=\"es_ES\" \/>\n<meta property=\"og:type\" content=\"article\" \/>\n<meta property=\"og:title\" content=\"El Director del COE, general Juan Manuel M\u00e9ndez, indic\u00f3 a\u00fan se est\u00e1 recibiendo el impacto de la tormenta Isa\u00edas.\" \/>\n<meta property=\"og:description\" content=\"NOTI-AM\u00c9RICA (REP\u00daBLICA DOMINICANA) &nbsp; Por: Nhayide Mej\u00eda, Santo Domingo, 31 de julio 2020. El general Juan Manuel M\u00e9ndez, director del Centro de Operaciones de Emergencia (COE), explic\u00f3 que a\u00fan se est\u00e1 recibiendo el impacto&#046;&#046;&#046;\" \/>\n<meta property=\"og:url\" content=\"https:\/\/noti-america.com\/site\/repdom\/2020\/08\/01\/el-director-del-coe-general-juan-manuel-mendez-indico-aun-se-esta-recibiendo-el-impacto-de-la-tormenta-isaias\/\" \/>\n<meta property=\"og:site_name\" content=\"Rep. Dominicana | Noti-America.com\" \/>\n<meta property=\"article:published_time\" content=\"2020-08-01T00:22:26+00:00\" \/>\n<meta property=\"article:modified_time\" content=\"2020-08-01T04:23:15+00:00\" \/>\n<meta property=\"og:image\" content=\"https:\/\/noti-america.com\/site\/repdom\/wp-content\/uploads\/sites\/6\/2020\/08\/116839268_790068658465119_7960163054475188760_n.jpg\" \/>\n\t<meta property=\"og:image:width\" content=\"935\" \/>\n\t<meta property=\"og:image:height\" content=\"831\" \/>\n\t<meta property=\"og:image:type\" content=\"image\/jpeg\" \/>\n<meta name=\"author\" content=\"nmejia\" \/>\n<meta name=\"twitter:card\" content=\"summary_large_image\" \/>\n<meta name=\"twitter:creator\" content=\"@nhayidecarolina\" \/>\n<meta name=\"twitter:label1\" content=\"Escrito por\" \/>\n\t<meta name=\"twitter:data1\" content=\"nmejia\" \/>\n\t<meta name=\"twitter:label2\" content=\"Tiempo estimado de lectura\" \/>\n\t<meta name=\"twitter:data2\" content=\"2 minutos\" \/>\n<script type=\"application\/ld+json\" class=\"yoast-schema-graph\">{\"@context\":\"https:\/\/schema.org\",\"@graph\":[{\"@type\":\"Article\",\"@id\":\"https:\/\/noti-america.com\/site\/repdom\/2020\/08\/01\/el-director-del-coe-general-juan-manuel-mendez-indico-aun-se-esta-recibiendo-el-impacto-de-la-tormenta-isaias\/#article\",\"isPartOf\":{\"@id\":\"https:\/\/noti-america.com\/site\/repdom\/2020\/08\/01\/el-director-del-coe-general-juan-manuel-mendez-indico-aun-se-esta-recibiendo-el-impacto-de-la-tormenta-isaias\/\"},\"author\":{\"name\":\"nmejia\",\"@id\":\"https:\/\/noti-america.com\/site\/repdom\/#\/schema\/person\/b393c08b379f7d9f391a421aaa352385\"},\"headline\":\"El Director del COE, general Juan Manuel M\u00e9ndez, indic\u00f3 a\u00fan se est\u00e1 recibiendo el impacto de la tormenta Isa\u00edas.\",\"datePublished\":\"2020-08-01T00:22:26+00:00\",\"dateModified\":\"2020-08-01T04:23:15+00:00\",\"mainEntityOfPage\":{\"@id\":\"https:\/\/noti-america.com\/site\/repdom\/2020\/08\/01\/el-director-del-coe-general-juan-manuel-mendez-indico-aun-se-esta-recibiendo-el-impacto-de-la-tormenta-isaias\/\"},\"wordCount\":363,\"commentCount\":0,\"publisher\":{\"@id\":\"https:\/\/noti-america.com\/site\/repdom\/#organization\"},\"image\":{\"@id\":\"https:\/\/noti-america.com\/site\/repdom\/2020\/08\/01\/el-director-del-coe-general-juan-manuel-mendez-indico-aun-se-esta-recibiendo-el-impacto-de-la-tormenta-isaias\/#primaryimage\"},\"thumbnailUrl\":\"https:\/\/noti-america.com\/site\/repdom\/wp-content\/uploads\/sites\/6\/2020\/08\/116839268_790068658465119_7960163054475188760_n.jpg\",\"articleSection\":[\"Actualidad\"],\"inLanguage\":\"es\",\"potentialAction\":[{\"@type\":\"CommentAction\",\"name\":\"Comment\",\"target\":[\"https:\/\/noti-america.com\/site\/repdom\/2020\/08\/01\/el-director-del-coe-general-juan-manuel-mendez-indico-aun-se-esta-recibiendo-el-impacto-de-la-tormenta-isaias\/#respond\"]}]},{\"@type\":\"WebPage\",\"@id\":\"https:\/\/noti-america.com\/site\/repdom\/2020\/08\/01\/el-director-del-coe-general-juan-manuel-mendez-indico-aun-se-esta-recibiendo-el-impacto-de-la-tormenta-isaias\/\",\"url\":\"https:\/\/noti-america.com\/site\/repdom\/2020\/08\/01\/el-director-del-coe-general-juan-manuel-mendez-indico-aun-se-esta-recibiendo-el-impacto-de-la-tormenta-isaias\/\",\"name\":\"El Director del COE, general Juan Manuel M\u00e9ndez, indic\u00f3 a\u00fan se est\u00e1 recibiendo el impacto de la tormenta Isa\u00edas. - Rep. Dominicana | Noti-America.com\",\"isPartOf\":{\"@id\":\"https:\/\/noti-america.com\/site\/repdom\/#website\"},\"primaryImageOfPage\":{\"@id\":\"https:\/\/noti-america.com\/site\/repdom\/2020\/08\/01\/el-director-del-coe-general-juan-manuel-mendez-indico-aun-se-esta-recibiendo-el-impacto-de-la-tormenta-isaias\/#primaryimage\"},\"image\":{\"@id\":\"https:\/\/noti-america.com\/site\/repdom\/2020\/08\/01\/el-director-del-coe-general-juan-manuel-mendez-indico-aun-se-esta-recibiendo-el-impacto-de-la-tormenta-isaias\/#primaryimage\"},\"thumbnailUrl\":\"https:\/\/noti-america.com\/site\/repdom\/wp-content\/uploads\/sites\/6\/2020\/08\/116839268_790068658465119_7960163054475188760_n.jpg\",\"datePublished\":\"2020-08-01T00:22:26+00:00\",\"dateModified\":\"2020-08-01T04:23:15+00:00\",\"breadcrumb\":{\"@id\":\"https:\/\/noti-america.com\/site\/repdom\/2020\/08\/01\/el-director-del-coe-general-juan-manuel-mendez-indico-aun-se-esta-recibiendo-el-impacto-de-la-tormenta-isaias\/#breadcrumb\"},\"inLanguage\":\"es\",\"potentialAction\":[{\"@type\":\"ReadAction\",\"target\":[\"https:\/\/noti-america.com\/site\/repdom\/2020\/08\/01\/el-director-del-coe-general-juan-manuel-mendez-indico-aun-se-esta-recibiendo-el-impacto-de-la-tormenta-isaias\/\"]}]},{\"@type\":\"ImageObject\",\"inLanguage\":\"es\",\"@id\":\"https:\/\/noti-america.com\/site\/repdom\/2020\/08\/01\/el-director-del-coe-general-juan-manuel-mendez-indico-aun-se-esta-recibiendo-el-impacto-de-la-tormenta-isaias\/#primaryimage\",\"url\":\"https:\/\/noti-america.com\/site\/repdom\/wp-content\/uploads\/sites\/6\/2020\/08\/116839268_790068658465119_7960163054475188760_n.jpg\",\"contentUrl\":\"https:\/\/noti-america.com\/site\/repdom\/wp-content\/uploads\/sites\/6\/2020\/08\/116839268_790068658465119_7960163054475188760_n.jpg\",\"width\":935,\"height\":831},{\"@type\":\"BreadcrumbList\",\"@id\":\"https:\/\/noti-america.com\/site\/repdom\/2020\/08\/01\/el-director-del-coe-general-juan-manuel-mendez-indico-aun-se-esta-recibiendo-el-impacto-de-la-tormenta-isaias\/#breadcrumb\",\"itemListElement\":[{\"@type\":\"ListItem\",\"position\":1,\"name\":\"Portada\",\"item\":\"https:\/\/noti-america.com\/site\/repdom\/\"},{\"@type\":\"ListItem\",\"position\":2,\"name\":\"El Director del COE, general Juan Manuel M\u00e9ndez, indic\u00f3 a\u00fan se est\u00e1 recibiendo el impacto de la tormenta Isa\u00edas.\"}]},{\"@type\":\"WebSite\",\"@id\":\"https:\/\/noti-america.com\/site\/repdom\/#website\",\"url\":\"https:\/\/noti-america.com\/site\/repdom\/\",\"name\":\"Rep. Dominicana | Noti-America.com\",\"description\":\"\",\"publisher\":{\"@id\":\"https:\/\/noti-america.com\/site\/repdom\/#organization\"},\"potentialAction\":[{\"@type\":\"SearchAction\",\"target\":{\"@type\":\"EntryPoint\",\"urlTemplate\":\"https:\/\/noti-america.com\/site\/repdom\/?s={search_term_string}\"},\"query-input\":{\"@type\":\"PropertyValueSpecification\",\"valueRequired\":true,\"valueName\":\"search_term_string\"}}],\"inLanguage\":\"es\"},{\"@type\":\"Organization\",\"@id\":\"https:\/\/noti-america.com\/site\/repdom\/#organization\",\"name\":\"Noti-America LLC | Rep\u00fablica Dominicana\",\"url\":\"https:\/\/noti-america.com\/site\/repdom\/\",\"logo\":{\"@type\":\"ImageObject\",\"inLanguage\":\"es\",\"@id\":\"https:\/\/noti-america.com\/site\/repdom\/#\/schema\/logo\/image\/\",\"url\":\"https:\/\/noti-america.com\/site\/repdom\/wp-content\/uploads\/sites\/6\/2020\/07\/LogoNA-4x3-1.jpg\",\"contentUrl\":\"https:\/\/noti-america.com\/site\/repdom\/wp-content\/uploads\/sites\/6\/2020\/07\/LogoNA-4x3-1.jpg\",\"width\":1236,\"height\":1080,\"caption\":\"Noti-America LLC | Rep\u00fablica Dominicana\"},\"image\":{\"@id\":\"https:\/\/noti-america.com\/site\/repdom\/#\/schema\/logo\/image\/\"}},{\"@type\":\"Person\",\"@id\":\"https:\/\/noti-america.com\/site\/repdom\/#\/schema\/person\/b393c08b379f7d9f391a421aaa352385\",\"name\":\"nmejia\",\"image\":{\"@type\":\"ImageObject\",\"inLanguage\":\"es\",\"@id\":\"https:\/\/secure.gravatar.com\/avatar\/e952547d6278f11a97b0455e5cb47a3c395ead9c647fbad0a2a6a71176b1058d?s=96&d=mm&r=g\",\"url\":\"https:\/\/secure.gravatar.com\/avatar\/e952547d6278f11a97b0455e5cb47a3c395ead9c647fbad0a2a6a71176b1058d?s=96&d=mm&r=g\",\"contentUrl\":\"https:\/\/secure.gravatar.com\/avatar\/e952547d6278f11a97b0455e5cb47a3c395ead9c647fbad0a2a6a71176b1058d?s=96&d=mm&r=g\",\"caption\":\"nmejia\"},\"description\":\"Lic. Comunicaci\u00f3n social menci\u00f3n Relaciones P\u00fablicas, Coach Comunicacional, productora del programa Juntos En Familia y Coproducrora del programa Valorate Mujer, emprendedora de Grupo Aper.\",\"sameAs\":[\"https:\/\/x.com\/nhayidecarolina\"],\"url\":\"https:\/\/noti-america.com\/site\/repdom\/author\/nmejia\/\"}]}<\/script>\n<!-- \/ Yoast SEO Premium plugin. -->","yoast_head_json":{"title":"El Director del COE, general Juan Manuel M\u00e9ndez, indic\u00f3 a\u00fan se est\u00e1 recibiendo el impacto de la tormenta Isa\u00edas. - Rep. Dominicana | Noti-America.com","robots":{"index":"index","follow":"follow","max-snippet":"max-snippet:-1","max-image-preview":"max-image-preview:large","max-video-preview":"max-video-preview:-1"},"canonical":"https:\/\/noti-america.com\/site\/repdom\/2020\/08\/01\/el-director-del-coe-general-juan-manuel-mendez-indico-aun-se-esta-recibiendo-el-impacto-de-la-tormenta-isaias\/","og_locale":"es_ES","og_type":"article","og_title":"El Director del COE, general Juan Manuel M\u00e9ndez, indic\u00f3 a\u00fan se est\u00e1 recibiendo el impacto de la tormenta Isa\u00edas.","og_description":"NOTI-AM\u00c9RICA (REP\u00daBLICA DOMINICANA) &nbsp; Por: Nhayide Mej\u00eda, Santo Domingo, 31 de julio 2020. El general Juan Manuel M\u00e9ndez, director del Centro de Operaciones de Emergencia (COE), explic\u00f3 que a\u00fan se est\u00e1 recibiendo el impacto&#46;&#46;&#46;","og_url":"https:\/\/noti-america.com\/site\/repdom\/2020\/08\/01\/el-director-del-coe-general-juan-manuel-mendez-indico-aun-se-esta-recibiendo-el-impacto-de-la-tormenta-isaias\/","og_site_name":"Rep. Dominicana | Noti-America.com","article_published_time":"2020-08-01T00:22:26+00:00","article_modified_time":"2020-08-01T04:23:15+00:00","og_image":[{"width":935,"height":831,"url":"https:\/\/noti-america.com\/site\/repdom\/wp-content\/uploads\/sites\/6\/2020\/08\/116839268_790068658465119_7960163054475188760_n.jpg","type":"image\/jpeg"}],"author":"nmejia","twitter_card":"summary_large_image","twitter_creator":"@nhayidecarolina","twitter_misc":{"Escrito por":"nmejia","Tiempo estimado de lectura":"2 minutos"},"schema":{"@context":"https:\/\/schema.org","@graph":[{"@type":"Article","@id":"https:\/\/noti-america.com\/site\/repdom\/2020\/08\/01\/el-director-del-coe-general-juan-manuel-mendez-indico-aun-se-esta-recibiendo-el-impacto-de-la-tormenta-isaias\/#article","isPartOf":{"@id":"https:\/\/noti-america.com\/site\/repdom\/2020\/08\/01\/el-director-del-coe-general-juan-manuel-mendez-indico-aun-se-esta-recibiendo-el-impacto-de-la-tormenta-isaias\/"},"author":{"name":"nmejia","@id":"https:\/\/noti-america.com\/site\/repdom\/#\/schema\/person\/b393c08b379f7d9f391a421aaa352385"},"headline":"El Director del COE, general Juan Manuel M\u00e9ndez, indic\u00f3 a\u00fan se est\u00e1 recibiendo el impacto de la tormenta Isa\u00edas.","datePublished":"2020-08-01T00:22:26+00:00","dateModified":"2020-08-01T04:23:15+00:00","mainEntityOfPage":{"@id":"https:\/\/noti-america.com\/site\/repdom\/2020\/08\/01\/el-director-del-coe-general-juan-manuel-mendez-indico-aun-se-esta-recibiendo-el-impacto-de-la-tormenta-isaias\/"},"wordCount":363,"commentCount":0,"publisher":{"@id":"https:\/\/noti-america.com\/site\/repdom\/#organization"},"image":{"@id":"https:\/\/noti-america.com\/site\/repdom\/2020\/08\/01\/el-director-del-coe-general-juan-manuel-mendez-indico-aun-se-esta-recibiendo-el-impacto-de-la-tormenta-isaias\/#primaryimage"},"thumbnailUrl":"https:\/\/noti-america.com\/site\/repdom\/wp-content\/uploads\/sites\/6\/2020\/08\/116839268_790068658465119_7960163054475188760_n.jpg","articleSection":["Actualidad"],"inLanguage":"es","potentialAction":[{"@type":"CommentAction","name":"Comment","target":["https:\/\/noti-america.com\/site\/repdom\/2020\/08\/01\/el-director-del-coe-general-juan-manuel-mendez-indico-aun-se-esta-recibiendo-el-impacto-de-la-tormenta-isaias\/#respond"]}]},{"@type":"WebPage","@id":"https:\/\/noti-america.com\/site\/repdom\/2020\/08\/01\/el-director-del-coe-general-juan-manuel-mendez-indico-aun-se-esta-recibiendo-el-impacto-de-la-tormenta-isaias\/","url":"https:\/\/noti-america.com\/site\/repdom\/2020\/08\/01\/el-director-del-coe-general-juan-manuel-mendez-indico-aun-se-esta-recibiendo-el-impacto-de-la-tormenta-isaias\/","name":"El Director del COE, general Juan Manuel M\u00e9ndez, indic\u00f3 a\u00fan se est\u00e1 recibiendo el impacto de la tormenta Isa\u00edas. - Rep. Dominicana | Noti-America.com","isPartOf":{"@id":"https:\/\/noti-america.com\/site\/repdom\/#website"},"primaryImageOfPage":{"@id":"https:\/\/noti-america.com\/site\/repdom\/2020\/08\/01\/el-director-del-coe-general-juan-manuel-mendez-indico-aun-se-esta-recibiendo-el-impacto-de-la-tormenta-isaias\/#primaryimage"},"image":{"@id":"https:\/\/noti-america.com\/site\/repdom\/2020\/08\/01\/el-director-del-coe-general-juan-manuel-mendez-indico-aun-se-esta-recibiendo-el-impacto-de-la-tormenta-isaias\/#primaryimage"},"thumbnailUrl":"https:\/\/noti-america.com\/site\/repdom\/wp-content\/uploads\/sites\/6\/2020\/08\/116839268_790068658465119_7960163054475188760_n.jpg","datePublished":"2020-08-01T00:22:26+00:00","dateModified":"2020-08-01T04:23:15+00:00","breadcrumb":{"@id":"https:\/\/noti-america.com\/site\/repdom\/2020\/08\/01\/el-director-del-coe-general-juan-manuel-mendez-indico-aun-se-esta-recibiendo-el-impacto-de-la-tormenta-isaias\/#breadcrumb"},"inLanguage":"es","potentialAction":[{"@type":"ReadAction","target":["https:\/\/noti-america.com\/site\/repdom\/2020\/08\/01\/el-director-del-coe-general-juan-manuel-mendez-indico-aun-se-esta-recibiendo-el-impacto-de-la-tormenta-isaias\/"]}]},{"@type":"ImageObject","inLanguage":"es","@id":"https:\/\/noti-america.com\/site\/repdom\/2020\/08\/01\/el-director-del-coe-general-juan-manuel-mendez-indico-aun-se-esta-recibiendo-el-impacto-de-la-tormenta-isaias\/#primaryimage","url":"https:\/\/noti-america.com\/site\/repdom\/wp-content\/uploads\/sites\/6\/2020\/08\/116839268_790068658465119_7960163054475188760_n.jpg","contentUrl":"https:\/\/noti-america.com\/site\/repdom\/wp-content\/uploads\/sites\/6\/2020\/08\/116839268_790068658465119_7960163054475188760_n.jpg","width":935,"height":831},{"@type":"BreadcrumbList","@id":"https:\/\/noti-america.com\/site\/repdom\/2020\/08\/01\/el-director-del-coe-general-juan-manuel-mendez-indico-aun-se-esta-recibiendo-el-impacto-de-la-tormenta-isaias\/#breadcrumb","itemListElement":[{"@type":"ListItem","position":1,"name":"Portada","item":"https:\/\/noti-america.com\/site\/repdom\/"},{"@type":"ListItem","position":2,"name":"El Director del COE, general Juan Manuel M\u00e9ndez, indic\u00f3 a\u00fan se est\u00e1 recibiendo el impacto de la tormenta Isa\u00edas."}]},{"@type":"WebSite","@id":"https:\/\/noti-america.com\/site\/repdom\/#website","url":"https:\/\/noti-america.com\/site\/repdom\/","name":"Rep. Dominicana | Noti-America.com","description":"","publisher":{"@id":"https:\/\/noti-america.com\/site\/repdom\/#organization"},"potentialAction":[{"@type":"SearchAction","target":{"@type":"EntryPoint","urlTemplate":"https:\/\/noti-america.com\/site\/repdom\/?s={search_term_string}"},"query-input":{"@type":"PropertyValueSpecification","valueRequired":true,"valueName":"search_term_string"}}],"inLanguage":"es"},{"@type":"Organization","@id":"https:\/\/noti-america.com\/site\/repdom\/#organization","name":"Noti-America LLC | Rep\u00fablica Dominicana","url":"https:\/\/noti-america.com\/site\/repdom\/","logo":{"@type":"ImageObject","inLanguage":"es","@id":"https:\/\/noti-america.com\/site\/repdom\/#\/schema\/logo\/image\/","url":"https:\/\/noti-america.com\/site\/repdom\/wp-content\/uploads\/sites\/6\/2020\/07\/LogoNA-4x3-1.jpg","contentUrl":"https:\/\/noti-america.com\/site\/repdom\/wp-content\/uploads\/sites\/6\/2020\/07\/LogoNA-4x3-1.jpg","width":1236,"height":1080,"caption":"Noti-America LLC | Rep\u00fablica Dominicana"},"image":{"@id":"https:\/\/noti-america.com\/site\/repdom\/#\/schema\/logo\/image\/"}},{"@type":"Person","@id":"https:\/\/noti-america.com\/site\/repdom\/#\/schema\/person\/b393c08b379f7d9f391a421aaa352385","name":"nmejia","image":{"@type":"ImageObject","inLanguage":"es","@id":"https:\/\/secure.gravatar.com\/avatar\/e952547d6278f11a97b0455e5cb47a3c395ead9c647fbad0a2a6a71176b1058d?s=96&d=mm&r=g","url":"https:\/\/secure.gravatar.com\/avatar\/e952547d6278f11a97b0455e5cb47a3c395ead9c647fbad0a2a6a71176b1058d?s=96&d=mm&r=g","contentUrl":"https:\/\/secure.gravatar.com\/avatar\/e952547d6278f11a97b0455e5cb47a3c395ead9c647fbad0a2a6a71176b1058d?s=96&d=mm&r=g","caption":"nmejia"},"description":"Lic. Comunicaci\u00f3n social menci\u00f3n Relaciones P\u00fablicas, Coach Comunicacional, productora del programa Juntos En Familia y Coproducrora del programa Valorate Mujer, emprendedora de Grupo Aper.","sameAs":["https:\/\/x.com\/nhayidecarolina"],"url":"https:\/\/noti-america.com\/site\/repdom\/author\/nmejia\/"}]}},"_links":{"self":[{"href":"https:\/\/noti-america.com\/site\/repdom\/wp-json\/wp\/v2\/posts\/2544","targetHints":{"allow":["GET"]}}],"collection":[{"href":"https:\/\/noti-america.com\/site\/repdom\/wp-json\/wp\/v2\/posts"}],"about":[{"href":"https:\/\/noti-america.com\/site\/repdom\/wp-json\/wp\/v2\/types\/post"}],"author":[{"embeddable":true,"href":"https:\/\/noti-america.com\/site\/repdom\/wp-json\/wp\/v2\/users\/95"}],"replies":[{"embeddable":true,"href":"https:\/\/noti-america.com\/site\/repdom\/wp-json\/wp\/v2\/comments?post=2544"}],"version-history":[{"count":1,"href":"https:\/\/noti-america.com\/site\/repdom\/wp-json\/wp\/v2\/posts\/2544\/revisions"}],"predecessor-version":[{"id":2546,"href":"https:\/\/noti-america.com\/site\/repdom\/wp-json\/wp\/v2\/posts\/2544\/revisions\/2546"}],"wp:featuredmedia":[{"embeddable":true,"href":"https:\/\/noti-america.com\/site\/repdom\/wp-json\/wp\/v2\/media\/2545"}],"wp:attachment":[{"href":"https:\/\/noti-america.com\/site\/repdom\/wp-json\/wp\/v2\/media?parent=2544"}],"wp:term":[{"taxonomy":"category","embeddable":true,"href":"https:\/\/noti-america.com\/site\/repdom\/wp-json\/wp\/v2\/categories?post=2544"},{"taxonomy":"post_tag","embeddable":true,"href":"https:\/\/noti-america.com\/site\/repdom\/wp-json\/wp\/v2\/tags?post=2544"}],"curies":[{"name":"wp","href":"https:\/\/api.w.org\/{rel}","templated":true}]}}