{"id":2437,"date":"2020-07-28T03:56:27","date_gmt":"2020-07-28T03:56:27","guid":{"rendered":"https:\/\/noti-america.com\/site\/repdom\/?p=2437"},"modified":"2020-07-28T03:56:27","modified_gmt":"2020-07-28T03:56:27","slug":"hernandez-comanda-victoria-de-los-azulejos","status":"publish","type":"post","link":"https:\/\/noti-america.com\/site\/repdom\/2020\/07\/28\/hernandez-comanda-victoria-de-los-azulejos\/","title":{"rendered":"Hern\u00e1ndez comanda victoria de los Azulejos"},"content":{"rendered":"<blockquote class=\"twitter-tweet\" data-width=\"500\" data-dnt=\"true\">\n<p lang=\"es\" dir=\"ltr\">El OF dominicano <a href=\"https:\/\/twitter.com\/TeoscarH?ref_src=twsrc%5Etfw\">@TeoscarH<\/a> despach\u00f3 sus 2 primeros jonrones de la temporada en la victoria de los <a href=\"https:\/\/twitter.com\/BlueJays?ref_src=twsrc%5Etfw\">@BlueJays<\/a> sobre los <a href=\"https:\/\/twitter.com\/Nationals?ref_src=twsrc%5Etfw\">@Nationals<\/a>, 4 por 1 (video cortes\u00eda de <a href=\"https:\/\/t.co\/9SoyNaaAKA\">https:\/\/t.co\/9SoyNaaAKA<\/a>) <a href=\"https:\/\/t.co\/aCfUed9HRt\">pic.twitter.com\/aCfUed9HRt<\/a><\/p>\n<p>&mdash; Mezcla Deportiva (@mezcladeportiva) <a href=\"https:\/\/twitter.com\/mezcladeportiva\/status\/1287951558924283904?ref_src=twsrc%5Etfw\">July 28, 2020<\/a><\/p><\/blockquote>\n<p><script async src=\"https:\/\/platform.twitter.com\/widgets.js\" charset=\"utf-8\"><\/script><\/p>\n<p style=\"text-align: justify\">WASHINGTON &#8211; El dominicano Teoscar Hern\u00e1ndez peg\u00f3 dos de los cuatro jonrones de Toronto ante el venezolano An\u00edbal S\u00e1nchez para que los Azulejos de Toronto superaran el lunes 4-1 a los Nacionales de Washington.<\/p>\n<p style=\"text-align: justify\">Rowdy Tellez y Danny Jansen tambi\u00e9n se volaron la barda para los Azulejos, que no contaron con dos peloteros clave. El cerrador Ken Giles fue colocado en la lista de lesionados el lunes y el campocorto Bo Bichette fue retirado de la alineaci\u00f3n unos 15 minutos antes del primer lanzamiento por una dolencia.<\/p>\n<p style=\"text-align: justify\">El equipo del m\u00e1nager Charlie Montoyo tuvo que lidiar con la inconveniencia de no poder recibir ning\u00fan juego de 2020 en Toronto. De hecho, los primeros dos encuentros de \u00ablocal\u00bb de Toronto en esa temporada trastocada por la pandemia de coronavirus ser\u00e1n disputados en Washington el mi\u00e9rcoles y jueves, mientras esperan a que el parque de ligas menores de Buffalo est\u00e9 listo para ellos.<\/p>\n<p style=\"text-align: justify\">Toronto mejor\u00f3 a una foja de 2-2 e hizo caer a los campeones de la Serie Mundial a una de 1-3 al volarse la barda una y otra vez.<\/p>\n<p style=\"text-align: justify\">Washington sigui\u00f3 registrando hits, 11 en total, contra el abridor de Toronto Trent Thornton y seis relevistas. Pero salvo el doble de Kurt Suzuki que hizo anotar a Eric Thames desde la primera base en la cuarta entrada, la \u00faltima de Thornton, los Nacionales no lograron recuperarse.<\/p>\n<p style=\"text-align: justify\">Por los Azulejos, los dominicanos Hern\u00e1ndez de 5-2 con dos anotadas y dos impulsadas, y Santiago Espinal de 1-0. El cubano Lourdes Gurriel Jr. de 3-1.<\/p>\n<p style=\"text-align: justify\">Por los Nacionales, los dominicanos Starlin Castro de 4-2, y Victor Robles de 2-2. El venezolano Asdr\u00fabal Cabrera de 2-0.<\/p>\n<p style=\"text-align: justify\"><strong>Fuente: MLB.com<\/strong><\/p>\n","protected":false},"excerpt":{"rendered":"<p>WASHINGTON &#8211; El dominicano Teoscar Hern\u00e1ndez peg\u00f3 dos de los cuatro jonrones de Toronto ante el venezolano An\u00edbal S\u00e1nchez para que los Azulejos de Toronto superaran el lunes 4-1 a los Nacionales de Washington.&#46;&#46;&#46;<\/p>\n","protected":false},"author":89,"featured_media":2439,"comment_status":"open","ping_status":"open","sticky":false,"template":"","format":"standard","meta":{"_acf_changed":false,"rop_custom_images_group":[],"rop_custom_messages_group":[],"rop_publish_now":"initial","rop_publish_now_accounts":[],"rop_publish_now_history":[],"rop_publish_now_status":"pending","footnotes":""},"categories":[16],"tags":[127,123,204,128],"class_list":["post-2437","post","type-post","status-publish","format-standard","has-post-thumbnail","hentry","category-deportes","tag-major-league-baseball","tag-peloteros-dominicanos","tag-teoscar-hernandez","tag-toronto-blue-jays"],"acf":[],"yoast_head":"<!-- This site is optimized with the Yoast SEO Premium plugin v24.9 (Yoast SEO v27.2) - https:\/\/yoast.com\/product\/yoast-seo-premium-wordpress\/ -->\n<title>Hern\u00e1ndez comanda victoria de los Azulejos - Rep. Dominicana | Noti-America.com<\/title>\n<meta name=\"robots\" content=\"index, follow, max-snippet:-1, max-image-preview:large, max-video-preview:-1\" \/>\n<link rel=\"canonical\" href=\"https:\/\/noti-america.com\/site\/repdom\/2020\/07\/28\/hernandez-comanda-victoria-de-los-azulejos\/\" \/>\n<meta property=\"og:locale\" content=\"es_ES\" \/>\n<meta property=\"og:type\" content=\"article\" \/>\n<meta property=\"og:title\" content=\"Hern\u00e1ndez comanda victoria de los Azulejos\" \/>\n<meta property=\"og:description\" content=\"WASHINGTON &#8211; El dominicano Teoscar Hern\u00e1ndez peg\u00f3 dos de los cuatro jonrones de Toronto ante el venezolano An\u00edbal S\u00e1nchez para que los Azulejos de Toronto superaran el lunes 4-1 a los Nacionales de Washington.&#046;&#046;&#046;\" \/>\n<meta property=\"og:url\" content=\"https:\/\/noti-america.com\/site\/repdom\/2020\/07\/28\/hernandez-comanda-victoria-de-los-azulejos\/\" \/>\n<meta property=\"og:site_name\" content=\"Rep. Dominicana | Noti-America.com\" \/>\n<meta property=\"article:published_time\" content=\"2020-07-28T03:56:27+00:00\" \/>\n<meta property=\"og:image\" content=\"https:\/\/noti-america.com\/site\/repdom\/wp-content\/uploads\/sites\/6\/2020\/07\/Teoscar-Hern\u00e1ndez.jpg\" \/>\n\t<meta property=\"og:image:width\" content=\"680\" \/>\n\t<meta property=\"og:image:height\" content=\"680\" \/>\n\t<meta property=\"og:image:type\" content=\"image\/jpeg\" \/>\n<meta name=\"author\" content=\"Ad\u00e1n Soriano\" \/>\n<meta name=\"twitter:card\" content=\"summary_large_image\" \/>\n<meta name=\"twitter:creator\" content=\"@adansoriano\" \/>\n<meta name=\"twitter:label1\" content=\"Escrito por\" \/>\n\t<meta name=\"twitter:data1\" content=\"Ad\u00e1n Soriano\" \/>\n\t<meta name=\"twitter:label2\" content=\"Tiempo estimado de lectura\" \/>\n\t<meta name=\"twitter:data2\" content=\"1 minuto\" \/>\n<script type=\"application\/ld+json\" class=\"yoast-schema-graph\">{\"@context\":\"https:\/\/schema.org\",\"@graph\":[{\"@type\":\"Article\",\"@id\":\"https:\/\/noti-america.com\/site\/repdom\/2020\/07\/28\/hernandez-comanda-victoria-de-los-azulejos\/#article\",\"isPartOf\":{\"@id\":\"https:\/\/noti-america.com\/site\/repdom\/2020\/07\/28\/hernandez-comanda-victoria-de-los-azulejos\/\"},\"author\":{\"name\":\"Ad\u00e1n Soriano\",\"@id\":\"https:\/\/noti-america.com\/site\/repdom\/#\/schema\/person\/fd0092c1530d275fabaa5cffcbc2b976\"},\"headline\":\"Hern\u00e1ndez comanda victoria de los Azulejos\",\"datePublished\":\"2020-07-28T03:56:27+00:00\",\"mainEntityOfPage\":{\"@id\":\"https:\/\/noti-america.com\/site\/repdom\/2020\/07\/28\/hernandez-comanda-victoria-de-los-azulejos\/\"},\"wordCount\":299,\"commentCount\":0,\"publisher\":{\"@id\":\"https:\/\/noti-america.com\/site\/repdom\/#organization\"},\"image\":{\"@id\":\"https:\/\/noti-america.com\/site\/repdom\/2020\/07\/28\/hernandez-comanda-victoria-de-los-azulejos\/#primaryimage\"},\"thumbnailUrl\":\"https:\/\/noti-america.com\/site\/repdom\/wp-content\/uploads\/sites\/6\/2020\/07\/Teoscar-Hern\u00e1ndez.jpg\",\"keywords\":[\"Major League Baseball\",\"Peloteros Dominicanos\",\"Teoscar Hern\u00e1ndez\",\"Toronto Blue Jays\"],\"articleSection\":[\"Deportes\"],\"inLanguage\":\"es\",\"potentialAction\":[{\"@type\":\"CommentAction\",\"name\":\"Comment\",\"target\":[\"https:\/\/noti-america.com\/site\/repdom\/2020\/07\/28\/hernandez-comanda-victoria-de-los-azulejos\/#respond\"]}]},{\"@type\":\"WebPage\",\"@id\":\"https:\/\/noti-america.com\/site\/repdom\/2020\/07\/28\/hernandez-comanda-victoria-de-los-azulejos\/\",\"url\":\"https:\/\/noti-america.com\/site\/repdom\/2020\/07\/28\/hernandez-comanda-victoria-de-los-azulejos\/\",\"name\":\"Hern\u00e1ndez comanda victoria de los Azulejos - Rep. Dominicana | Noti-America.com\",\"isPartOf\":{\"@id\":\"https:\/\/noti-america.com\/site\/repdom\/#website\"},\"primaryImageOfPage\":{\"@id\":\"https:\/\/noti-america.com\/site\/repdom\/2020\/07\/28\/hernandez-comanda-victoria-de-los-azulejos\/#primaryimage\"},\"image\":{\"@id\":\"https:\/\/noti-america.com\/site\/repdom\/2020\/07\/28\/hernandez-comanda-victoria-de-los-azulejos\/#primaryimage\"},\"thumbnailUrl\":\"https:\/\/noti-america.com\/site\/repdom\/wp-content\/uploads\/sites\/6\/2020\/07\/Teoscar-Hern\u00e1ndez.jpg\",\"datePublished\":\"2020-07-28T03:56:27+00:00\",\"breadcrumb\":{\"@id\":\"https:\/\/noti-america.com\/site\/repdom\/2020\/07\/28\/hernandez-comanda-victoria-de-los-azulejos\/#breadcrumb\"},\"inLanguage\":\"es\",\"potentialAction\":[{\"@type\":\"ReadAction\",\"target\":[\"https:\/\/noti-america.com\/site\/repdom\/2020\/07\/28\/hernandez-comanda-victoria-de-los-azulejos\/\"]}]},{\"@type\":\"ImageObject\",\"inLanguage\":\"es\",\"@id\":\"https:\/\/noti-america.com\/site\/repdom\/2020\/07\/28\/hernandez-comanda-victoria-de-los-azulejos\/#primaryimage\",\"url\":\"https:\/\/noti-america.com\/site\/repdom\/wp-content\/uploads\/sites\/6\/2020\/07\/Teoscar-Hern\u00e1ndez.jpg\",\"contentUrl\":\"https:\/\/noti-america.com\/site\/repdom\/wp-content\/uploads\/sites\/6\/2020\/07\/Teoscar-Hern\u00e1ndez.jpg\",\"width\":680,\"height\":680},{\"@type\":\"BreadcrumbList\",\"@id\":\"https:\/\/noti-america.com\/site\/repdom\/2020\/07\/28\/hernandez-comanda-victoria-de-los-azulejos\/#breadcrumb\",\"itemListElement\":[{\"@type\":\"ListItem\",\"position\":1,\"name\":\"Portada\",\"item\":\"https:\/\/noti-america.com\/site\/repdom\/\"},{\"@type\":\"ListItem\",\"position\":2,\"name\":\"Hern\u00e1ndez comanda victoria de los Azulejos\"}]},{\"@type\":\"WebSite\",\"@id\":\"https:\/\/noti-america.com\/site\/repdom\/#website\",\"url\":\"https:\/\/noti-america.com\/site\/repdom\/\",\"name\":\"Rep. Dominicana | Noti-America.com\",\"description\":\"\",\"publisher\":{\"@id\":\"https:\/\/noti-america.com\/site\/repdom\/#organization\"},\"potentialAction\":[{\"@type\":\"SearchAction\",\"target\":{\"@type\":\"EntryPoint\",\"urlTemplate\":\"https:\/\/noti-america.com\/site\/repdom\/?s={search_term_string}\"},\"query-input\":{\"@type\":\"PropertyValueSpecification\",\"valueRequired\":true,\"valueName\":\"search_term_string\"}}],\"inLanguage\":\"es\"},{\"@type\":\"Organization\",\"@id\":\"https:\/\/noti-america.com\/site\/repdom\/#organization\",\"name\":\"Noti-America LLC | Rep\u00fablica Dominicana\",\"url\":\"https:\/\/noti-america.com\/site\/repdom\/\",\"logo\":{\"@type\":\"ImageObject\",\"inLanguage\":\"es\",\"@id\":\"https:\/\/noti-america.com\/site\/repdom\/#\/schema\/logo\/image\/\",\"url\":\"https:\/\/noti-america.com\/site\/repdom\/wp-content\/uploads\/sites\/6\/2020\/07\/LogoNA-4x3-1.jpg\",\"contentUrl\":\"https:\/\/noti-america.com\/site\/repdom\/wp-content\/uploads\/sites\/6\/2020\/07\/LogoNA-4x3-1.jpg\",\"width\":1236,\"height\":1080,\"caption\":\"Noti-America LLC | Rep\u00fablica Dominicana\"},\"image\":{\"@id\":\"https:\/\/noti-america.com\/site\/repdom\/#\/schema\/logo\/image\/\"}},{\"@type\":\"Person\",\"@id\":\"https:\/\/noti-america.com\/site\/repdom\/#\/schema\/person\/fd0092c1530d275fabaa5cffcbc2b976\",\"name\":\"Ad\u00e1n Soriano\",\"image\":{\"@type\":\"ImageObject\",\"inLanguage\":\"es\",\"@id\":\"https:\/\/secure.gravatar.com\/avatar\/ecf97ff3aee7ff9efdae670d7e976f3e7e8acc1077e510d73707999a8bfd4467?s=96&d=mm&r=g\",\"url\":\"https:\/\/secure.gravatar.com\/avatar\/ecf97ff3aee7ff9efdae670d7e976f3e7e8acc1077e510d73707999a8bfd4467?s=96&d=mm&r=g\",\"contentUrl\":\"https:\/\/secure.gravatar.com\/avatar\/ecf97ff3aee7ff9efdae670d7e976f3e7e8acc1077e510d73707999a8bfd4467?s=96&d=mm&r=g\",\"caption\":\"Ad\u00e1n Soriano\"},\"description\":\"Soy cronista deportivo con 10 a\u00f1os de experiencia en varios espacios, y conduzco el podcast deportivo llamado Mezcla Deportiva\",\"sameAs\":[\"https:\/\/x.com\/adansoriano\"],\"url\":\"https:\/\/noti-america.com\/site\/repdom\/author\/asoriano\/\"}]}<\/script>\n<!-- \/ Yoast SEO Premium plugin. -->","yoast_head_json":{"title":"Hern\u00e1ndez comanda victoria de los Azulejos - Rep. Dominicana | Noti-America.com","robots":{"index":"index","follow":"follow","max-snippet":"max-snippet:-1","max-image-preview":"max-image-preview:large","max-video-preview":"max-video-preview:-1"},"canonical":"https:\/\/noti-america.com\/site\/repdom\/2020\/07\/28\/hernandez-comanda-victoria-de-los-azulejos\/","og_locale":"es_ES","og_type":"article","og_title":"Hern\u00e1ndez comanda victoria de los Azulejos","og_description":"WASHINGTON &#8211; El dominicano Teoscar Hern\u00e1ndez peg\u00f3 dos de los cuatro jonrones de Toronto ante el venezolano An\u00edbal S\u00e1nchez para que los Azulejos de Toronto superaran el lunes 4-1 a los Nacionales de Washington.&#46;&#46;&#46;","og_url":"https:\/\/noti-america.com\/site\/repdom\/2020\/07\/28\/hernandez-comanda-victoria-de-los-azulejos\/","og_site_name":"Rep. Dominicana | Noti-America.com","article_published_time":"2020-07-28T03:56:27+00:00","og_image":[{"width":680,"height":680,"url":"https:\/\/noti-america.com\/site\/repdom\/wp-content\/uploads\/sites\/6\/2020\/07\/Teoscar-Hern\u00e1ndez.jpg","type":"image\/jpeg"}],"author":"Ad\u00e1n Soriano","twitter_card":"summary_large_image","twitter_creator":"@adansoriano","twitter_misc":{"Escrito por":"Ad\u00e1n Soriano","Tiempo estimado de lectura":"1 minuto"},"schema":{"@context":"https:\/\/schema.org","@graph":[{"@type":"Article","@id":"https:\/\/noti-america.com\/site\/repdom\/2020\/07\/28\/hernandez-comanda-victoria-de-los-azulejos\/#article","isPartOf":{"@id":"https:\/\/noti-america.com\/site\/repdom\/2020\/07\/28\/hernandez-comanda-victoria-de-los-azulejos\/"},"author":{"name":"Ad\u00e1n Soriano","@id":"https:\/\/noti-america.com\/site\/repdom\/#\/schema\/person\/fd0092c1530d275fabaa5cffcbc2b976"},"headline":"Hern\u00e1ndez comanda victoria de los Azulejos","datePublished":"2020-07-28T03:56:27+00:00","mainEntityOfPage":{"@id":"https:\/\/noti-america.com\/site\/repdom\/2020\/07\/28\/hernandez-comanda-victoria-de-los-azulejos\/"},"wordCount":299,"commentCount":0,"publisher":{"@id":"https:\/\/noti-america.com\/site\/repdom\/#organization"},"image":{"@id":"https:\/\/noti-america.com\/site\/repdom\/2020\/07\/28\/hernandez-comanda-victoria-de-los-azulejos\/#primaryimage"},"thumbnailUrl":"https:\/\/noti-america.com\/site\/repdom\/wp-content\/uploads\/sites\/6\/2020\/07\/Teoscar-Hern\u00e1ndez.jpg","keywords":["Major League Baseball","Peloteros Dominicanos","Teoscar Hern\u00e1ndez","Toronto Blue Jays"],"articleSection":["Deportes"],"inLanguage":"es","potentialAction":[{"@type":"CommentAction","name":"Comment","target":["https:\/\/noti-america.com\/site\/repdom\/2020\/07\/28\/hernandez-comanda-victoria-de-los-azulejos\/#respond"]}]},{"@type":"WebPage","@id":"https:\/\/noti-america.com\/site\/repdom\/2020\/07\/28\/hernandez-comanda-victoria-de-los-azulejos\/","url":"https:\/\/noti-america.com\/site\/repdom\/2020\/07\/28\/hernandez-comanda-victoria-de-los-azulejos\/","name":"Hern\u00e1ndez comanda victoria de los Azulejos - Rep. Dominicana | Noti-America.com","isPartOf":{"@id":"https:\/\/noti-america.com\/site\/repdom\/#website"},"primaryImageOfPage":{"@id":"https:\/\/noti-america.com\/site\/repdom\/2020\/07\/28\/hernandez-comanda-victoria-de-los-azulejos\/#primaryimage"},"image":{"@id":"https:\/\/noti-america.com\/site\/repdom\/2020\/07\/28\/hernandez-comanda-victoria-de-los-azulejos\/#primaryimage"},"thumbnailUrl":"https:\/\/noti-america.com\/site\/repdom\/wp-content\/uploads\/sites\/6\/2020\/07\/Teoscar-Hern\u00e1ndez.jpg","datePublished":"2020-07-28T03:56:27+00:00","breadcrumb":{"@id":"https:\/\/noti-america.com\/site\/repdom\/2020\/07\/28\/hernandez-comanda-victoria-de-los-azulejos\/#breadcrumb"},"inLanguage":"es","potentialAction":[{"@type":"ReadAction","target":["https:\/\/noti-america.com\/site\/repdom\/2020\/07\/28\/hernandez-comanda-victoria-de-los-azulejos\/"]}]},{"@type":"ImageObject","inLanguage":"es","@id":"https:\/\/noti-america.com\/site\/repdom\/2020\/07\/28\/hernandez-comanda-victoria-de-los-azulejos\/#primaryimage","url":"https:\/\/noti-america.com\/site\/repdom\/wp-content\/uploads\/sites\/6\/2020\/07\/Teoscar-Hern\u00e1ndez.jpg","contentUrl":"https:\/\/noti-america.com\/site\/repdom\/wp-content\/uploads\/sites\/6\/2020\/07\/Teoscar-Hern\u00e1ndez.jpg","width":680,"height":680},{"@type":"BreadcrumbList","@id":"https:\/\/noti-america.com\/site\/repdom\/2020\/07\/28\/hernandez-comanda-victoria-de-los-azulejos\/#breadcrumb","itemListElement":[{"@type":"ListItem","position":1,"name":"Portada","item":"https:\/\/noti-america.com\/site\/repdom\/"},{"@type":"ListItem","position":2,"name":"Hern\u00e1ndez comanda victoria de los Azulejos"}]},{"@type":"WebSite","@id":"https:\/\/noti-america.com\/site\/repdom\/#website","url":"https:\/\/noti-america.com\/site\/repdom\/","name":"Rep. Dominicana | Noti-America.com","description":"","publisher":{"@id":"https:\/\/noti-america.com\/site\/repdom\/#organization"},"potentialAction":[{"@type":"SearchAction","target":{"@type":"EntryPoint","urlTemplate":"https:\/\/noti-america.com\/site\/repdom\/?s={search_term_string}"},"query-input":{"@type":"PropertyValueSpecification","valueRequired":true,"valueName":"search_term_string"}}],"inLanguage":"es"},{"@type":"Organization","@id":"https:\/\/noti-america.com\/site\/repdom\/#organization","name":"Noti-America LLC | Rep\u00fablica Dominicana","url":"https:\/\/noti-america.com\/site\/repdom\/","logo":{"@type":"ImageObject","inLanguage":"es","@id":"https:\/\/noti-america.com\/site\/repdom\/#\/schema\/logo\/image\/","url":"https:\/\/noti-america.com\/site\/repdom\/wp-content\/uploads\/sites\/6\/2020\/07\/LogoNA-4x3-1.jpg","contentUrl":"https:\/\/noti-america.com\/site\/repdom\/wp-content\/uploads\/sites\/6\/2020\/07\/LogoNA-4x3-1.jpg","width":1236,"height":1080,"caption":"Noti-America LLC | Rep\u00fablica Dominicana"},"image":{"@id":"https:\/\/noti-america.com\/site\/repdom\/#\/schema\/logo\/image\/"}},{"@type":"Person","@id":"https:\/\/noti-america.com\/site\/repdom\/#\/schema\/person\/fd0092c1530d275fabaa5cffcbc2b976","name":"Ad\u00e1n Soriano","image":{"@type":"ImageObject","inLanguage":"es","@id":"https:\/\/secure.gravatar.com\/avatar\/ecf97ff3aee7ff9efdae670d7e976f3e7e8acc1077e510d73707999a8bfd4467?s=96&d=mm&r=g","url":"https:\/\/secure.gravatar.com\/avatar\/ecf97ff3aee7ff9efdae670d7e976f3e7e8acc1077e510d73707999a8bfd4467?s=96&d=mm&r=g","contentUrl":"https:\/\/secure.gravatar.com\/avatar\/ecf97ff3aee7ff9efdae670d7e976f3e7e8acc1077e510d73707999a8bfd4467?s=96&d=mm&r=g","caption":"Ad\u00e1n Soriano"},"description":"Soy cronista deportivo con 10 a\u00f1os de experiencia en varios espacios, y conduzco el podcast deportivo llamado Mezcla Deportiva","sameAs":["https:\/\/x.com\/adansoriano"],"url":"https:\/\/noti-america.com\/site\/repdom\/author\/asoriano\/"}]}},"_links":{"self":[{"href":"https:\/\/noti-america.com\/site\/repdom\/wp-json\/wp\/v2\/posts\/2437","targetHints":{"allow":["GET"]}}],"collection":[{"href":"https:\/\/noti-america.com\/site\/repdom\/wp-json\/wp\/v2\/posts"}],"about":[{"href":"https:\/\/noti-america.com\/site\/repdom\/wp-json\/wp\/v2\/types\/post"}],"author":[{"embeddable":true,"href":"https:\/\/noti-america.com\/site\/repdom\/wp-json\/wp\/v2\/users\/89"}],"replies":[{"embeddable":true,"href":"https:\/\/noti-america.com\/site\/repdom\/wp-json\/wp\/v2\/comments?post=2437"}],"version-history":[{"count":1,"href":"https:\/\/noti-america.com\/site\/repdom\/wp-json\/wp\/v2\/posts\/2437\/revisions"}],"predecessor-version":[{"id":2440,"href":"https:\/\/noti-america.com\/site\/repdom\/wp-json\/wp\/v2\/posts\/2437\/revisions\/2440"}],"wp:featuredmedia":[{"embeddable":true,"href":"https:\/\/noti-america.com\/site\/repdom\/wp-json\/wp\/v2\/media\/2439"}],"wp:attachment":[{"href":"https:\/\/noti-america.com\/site\/repdom\/wp-json\/wp\/v2\/media?parent=2437"}],"wp:term":[{"taxonomy":"category","embeddable":true,"href":"https:\/\/noti-america.com\/site\/repdom\/wp-json\/wp\/v2\/categories?post=2437"},{"taxonomy":"post_tag","embeddable":true,"href":"https:\/\/noti-america.com\/site\/repdom\/wp-json\/wp\/v2\/tags?post=2437"}],"curies":[{"name":"wp","href":"https:\/\/api.w.org\/{rel}","templated":true}]}}