{"id":24243,"date":"2023-09-30T22:51:25","date_gmt":"2023-09-30T22:51:25","guid":{"rendered":"https:\/\/noti-america.com\/site\/repdom\/2023\/09\/30\/venancio-alcantara-llama-a-perremeistas-a-votar-masivamente-por-luis-abinader-y-en-civismo-este-domingo-2\/"},"modified":"2023-09-30T22:51:25","modified_gmt":"2023-09-30T22:51:25","slug":"venancio-alcantara-llama-a-perremeistas-a-votar-masivamente-por-luis-abinader-y-en-civismo-este-domingo-2","status":"publish","type":"post","link":"https:\/\/noti-america.com\/site\/repdom\/2023\/09\/30\/venancio-alcantara-llama-a-perremeistas-a-votar-masivamente-por-luis-abinader-y-en-civismo-este-domingo-2\/","title":{"rendered":"Venancio Alc\u00e1ntara llama a perremeistas a votar masivamente por Lu\u00eds Abinader y en civismo este domingo"},"content":{"rendered":"<p><img loading=\"lazy\" decoding=\"async\" class=\"alignnone size-medium wp-image-24241\" src=\"https:\/\/noti-america.com\/site\/repdom\/wp-content\/uploads\/sites\/6\/2023\/09\/8d5097fc-8378-410d-9bca-ee903da44317-252x300.jpeg\" alt=\"\" width=\"252\" height=\"300\" srcset=\"https:\/\/noti-america.com\/site\/repdom\/wp-content\/uploads\/sites\/6\/2023\/09\/8d5097fc-8378-410d-9bca-ee903da44317-252x300.jpeg 252w, https:\/\/noti-america.com\/site\/repdom\/wp-content\/uploads\/sites\/6\/2023\/09\/8d5097fc-8378-410d-9bca-ee903da44317-860x1024.jpeg 860w, https:\/\/noti-america.com\/site\/repdom\/wp-content\/uploads\/sites\/6\/2023\/09\/8d5097fc-8378-410d-9bca-ee903da44317-768x915.jpeg 768w, https:\/\/noti-america.com\/site\/repdom\/wp-content\/uploads\/sites\/6\/2023\/09\/8d5097fc-8378-410d-9bca-ee903da44317.jpeg 1190w\" sizes=\"auto, (max-width: 252px) 100vw, 252px\" \/><\/p>\n<p>&nbsp;<\/p>\n<p style=\"text-align: right\">\n<p>Santo Domingo. -El dirigente del Partido Revolucionario Moderno (PRM), Venancio Alc\u00e1ntara, pidi\u00f3 a la militancia de esa organizaci\u00f3n pol\u00edtica a votar este pr\u00f3ximo domingo 1 de octubre por el precandidato presidencial Luis Abinader, bien temprano, en las primarias del partido, cuyo proceso se llevar\u00e1 a cabo desde las 8:00 de la ma\u00f1ana hasta las 4:00 de la tarde.<\/p>\n<p>As\u00ed mismo, invit\u00f3 a la dirigencia del PRM a actuar en civismo y dar muestra madurez pol\u00edtica, por el fortalecimiento de la democracia y la institucionalidad del partido.<\/p>\n<p>Dijo que no cabe la menor duda de que el presidente Luis Abinader saldr\u00e1 victorioso en las elecciones internas del partido, tras asegurar que la mayor\u00eda de la poblaci\u00f3n dominicana le est\u00e1 pidiendo cuatro a\u00f1os m\u00e1s de gobierno, para continuar con el cambio estructurar del gobierno dominicano.<\/p>\n<p>Precis\u00f3, que de acuerdo a la Comisi\u00f3n Nacional de Elecciones Internas (CNEI) del PRM, est\u00e1 todo listo para llevar a cabo este evento tan importante, el cual calific\u00f3 como \u00abuna fiesta de la democracia\u00bb por lo que reiter\u00f3 el llamado a la familia perremeista a votar masivamente este domingo.<\/p>\n<p>En ese sentido, Venancio Alc\u00e1ntara, destac\u00f3 el rol de \u00e1rbitro asumido por la Junta Central Electoral (JCE), en el montaje y supervisi\u00f3n del proceso, lo que seg\u00fan explic\u00f3, garantizar\u00e1 resultados di\u00e1fanos, transparentes y satisfactorios.<\/p>\n<p>Dijo \u00abNosotros estamos confiados en que este proceso interno de nuestro partido, para la escogencia de los mejores hombres y mujeres que ocupar\u00e1n los distintos cargos electivos en los niveles presidencial, legislativos y municipales, ser\u00e1 un evento sin precedente, ya que en procesos anteriores hemos dado muestra de civismo, buen comportamiento y capacidad, dando como resultados el triunfo en el poder\u00bb concluy\u00f3 Venancio Alc\u00e1ntara.<\/p>\n<p>..<\/p>\n","protected":false},"excerpt":{"rendered":"<p>&nbsp; Santo Domingo. -El dirigente del Partido Revolucionario Moderno (PRM), Venancio Alc\u00e1ntara, pidi\u00f3 a la militancia de esa organizaci\u00f3n pol\u00edtica a votar este pr\u00f3ximo domingo 1 de octubre por el precandidato presidencial Luis Abinader,&#46;&#46;&#46;<\/p>\n","protected":false},"author":96,"featured_media":24244,"comment_status":"open","ping_status":"open","sticky":false,"template":"","format":"standard","meta":{"_acf_changed":false,"rop_custom_images_group":[],"rop_custom_messages_group":[],"rop_publish_now":"initial","rop_publish_now_accounts":[],"rop_publish_now_history":[],"rop_publish_now_status":"pending","footnotes":""},"categories":[262],"tags":[],"class_list":["post-24243","post","type-post","status-publish","format-standard","has-post-thumbnail","hentry","category-politica-opinion"],"acf":[],"yoast_head":"<!-- This site is optimized with the Yoast SEO Premium plugin v24.9 (Yoast SEO v27.2) - https:\/\/yoast.com\/product\/yoast-seo-premium-wordpress\/ -->\n<title>Venancio Alc\u00e1ntara llama a perremeistas a votar masivamente por Lu\u00eds Abinader y en civismo este domingo - Rep. Dominicana | Noti-America.com<\/title>\n<meta name=\"robots\" content=\"index, follow, max-snippet:-1, max-image-preview:large, max-video-preview:-1\" \/>\n<link rel=\"canonical\" href=\"https:\/\/noti-america.com\/site\/repdom\/2023\/09\/30\/venancio-alcantara-llama-a-perremeistas-a-votar-masivamente-por-luis-abinader-y-en-civismo-este-domingo-2\/\" \/>\n<meta property=\"og:locale\" content=\"es_ES\" \/>\n<meta property=\"og:type\" content=\"article\" \/>\n<meta property=\"og:title\" content=\"Venancio Alc\u00e1ntara llama a perremeistas a votar masivamente por Lu\u00eds Abinader y en civismo este domingo\" \/>\n<meta property=\"og:description\" content=\"&nbsp; Santo Domingo. -El dirigente del Partido Revolucionario Moderno (PRM), Venancio Alc\u00e1ntara, pidi\u00f3 a la militancia de esa organizaci\u00f3n pol\u00edtica a votar este pr\u00f3ximo domingo 1 de octubre por el precandidato presidencial Luis Abinader,&#046;&#046;&#046;\" \/>\n<meta property=\"og:url\" content=\"https:\/\/noti-america.com\/site\/repdom\/2023\/09\/30\/venancio-alcantara-llama-a-perremeistas-a-votar-masivamente-por-luis-abinader-y-en-civismo-este-domingo-2\/\" \/>\n<meta property=\"og:site_name\" content=\"Rep. Dominicana | Noti-America.com\" \/>\n<meta property=\"article:author\" content=\"https:\/\/www.facebook.com\/share\/1HVE1qCqVk\/?mibextid=wwXIfr\" \/>\n<meta property=\"article:published_time\" content=\"2023-09-30T22:51:25+00:00\" \/>\n<meta property=\"og:image\" content=\"https:\/\/noti-america.com\/site\/repdom\/wp-content\/uploads\/sites\/6\/2023\/09\/8d5097fc-8378-410d-9bca-ee903da44317.jpeg\" \/>\n\t<meta property=\"og:image:width\" content=\"1190\" \/>\n\t<meta property=\"og:image:height\" content=\"1417\" \/>\n\t<meta property=\"og:image:type\" content=\"image\/jpeg\" \/>\n<meta name=\"author\" content=\"Miguel Ramirez\" \/>\n<meta name=\"twitter:card\" content=\"summary_large_image\" \/>\n<meta name=\"twitter:label1\" content=\"Escrito por\" \/>\n\t<meta name=\"twitter:data1\" content=\"Miguel Ramirez\" \/>\n\t<meta name=\"twitter:label2\" content=\"Tiempo estimado de lectura\" \/>\n\t<meta name=\"twitter:data2\" content=\"2 minutos\" \/>\n<script type=\"application\/ld+json\" class=\"yoast-schema-graph\">{\"@context\":\"https:\/\/schema.org\",\"@graph\":[{\"@type\":\"Article\",\"@id\":\"https:\/\/noti-america.com\/site\/repdom\/2023\/09\/30\/venancio-alcantara-llama-a-perremeistas-a-votar-masivamente-por-luis-abinader-y-en-civismo-este-domingo-2\/#article\",\"isPartOf\":{\"@id\":\"https:\/\/noti-america.com\/site\/repdom\/2023\/09\/30\/venancio-alcantara-llama-a-perremeistas-a-votar-masivamente-por-luis-abinader-y-en-civismo-este-domingo-2\/\"},\"author\":{\"name\":\"Miguel Ramirez\",\"@id\":\"https:\/\/noti-america.com\/site\/repdom\/#\/schema\/person\/8027db7d71a0328e6e4474fa188c6fb3\"},\"headline\":\"Venancio Alc\u00e1ntara llama a perremeistas a votar masivamente por Lu\u00eds Abinader y en civismo este domingo\",\"datePublished\":\"2023-09-30T22:51:25+00:00\",\"mainEntityOfPage\":{\"@id\":\"https:\/\/noti-america.com\/site\/repdom\/2023\/09\/30\/venancio-alcantara-llama-a-perremeistas-a-votar-masivamente-por-luis-abinader-y-en-civismo-este-domingo-2\/\"},\"wordCount\":313,\"commentCount\":0,\"publisher\":{\"@id\":\"https:\/\/noti-america.com\/site\/repdom\/#organization\"},\"image\":{\"@id\":\"https:\/\/noti-america.com\/site\/repdom\/2023\/09\/30\/venancio-alcantara-llama-a-perremeistas-a-votar-masivamente-por-luis-abinader-y-en-civismo-este-domingo-2\/#primaryimage\"},\"thumbnailUrl\":\"https:\/\/noti-america.com\/site\/repdom\/wp-content\/uploads\/sites\/6\/2023\/09\/8d5097fc-8378-410d-9bca-ee903da44317.jpeg\",\"articleSection\":[\"Pol\u00edtica\"],\"inLanguage\":\"es\",\"potentialAction\":[{\"@type\":\"CommentAction\",\"name\":\"Comment\",\"target\":[\"https:\/\/noti-america.com\/site\/repdom\/2023\/09\/30\/venancio-alcantara-llama-a-perremeistas-a-votar-masivamente-por-luis-abinader-y-en-civismo-este-domingo-2\/#respond\"]}]},{\"@type\":\"WebPage\",\"@id\":\"https:\/\/noti-america.com\/site\/repdom\/2023\/09\/30\/venancio-alcantara-llama-a-perremeistas-a-votar-masivamente-por-luis-abinader-y-en-civismo-este-domingo-2\/\",\"url\":\"https:\/\/noti-america.com\/site\/repdom\/2023\/09\/30\/venancio-alcantara-llama-a-perremeistas-a-votar-masivamente-por-luis-abinader-y-en-civismo-este-domingo-2\/\",\"name\":\"Venancio Alc\u00e1ntara llama a perremeistas a votar masivamente por Lu\u00eds Abinader y en civismo este domingo - Rep. Dominicana | Noti-America.com\",\"isPartOf\":{\"@id\":\"https:\/\/noti-america.com\/site\/repdom\/#website\"},\"primaryImageOfPage\":{\"@id\":\"https:\/\/noti-america.com\/site\/repdom\/2023\/09\/30\/venancio-alcantara-llama-a-perremeistas-a-votar-masivamente-por-luis-abinader-y-en-civismo-este-domingo-2\/#primaryimage\"},\"image\":{\"@id\":\"https:\/\/noti-america.com\/site\/repdom\/2023\/09\/30\/venancio-alcantara-llama-a-perremeistas-a-votar-masivamente-por-luis-abinader-y-en-civismo-este-domingo-2\/#primaryimage\"},\"thumbnailUrl\":\"https:\/\/noti-america.com\/site\/repdom\/wp-content\/uploads\/sites\/6\/2023\/09\/8d5097fc-8378-410d-9bca-ee903da44317.jpeg\",\"datePublished\":\"2023-09-30T22:51:25+00:00\",\"breadcrumb\":{\"@id\":\"https:\/\/noti-america.com\/site\/repdom\/2023\/09\/30\/venancio-alcantara-llama-a-perremeistas-a-votar-masivamente-por-luis-abinader-y-en-civismo-este-domingo-2\/#breadcrumb\"},\"inLanguage\":\"es\",\"potentialAction\":[{\"@type\":\"ReadAction\",\"target\":[\"https:\/\/noti-america.com\/site\/repdom\/2023\/09\/30\/venancio-alcantara-llama-a-perremeistas-a-votar-masivamente-por-luis-abinader-y-en-civismo-este-domingo-2\/\"]}]},{\"@type\":\"ImageObject\",\"inLanguage\":\"es\",\"@id\":\"https:\/\/noti-america.com\/site\/repdom\/2023\/09\/30\/venancio-alcantara-llama-a-perremeistas-a-votar-masivamente-por-luis-abinader-y-en-civismo-este-domingo-2\/#primaryimage\",\"url\":\"https:\/\/noti-america.com\/site\/repdom\/wp-content\/uploads\/sites\/6\/2023\/09\/8d5097fc-8378-410d-9bca-ee903da44317.jpeg\",\"contentUrl\":\"https:\/\/noti-america.com\/site\/repdom\/wp-content\/uploads\/sites\/6\/2023\/09\/8d5097fc-8378-410d-9bca-ee903da44317.jpeg\",\"width\":1190,\"height\":1417},{\"@type\":\"BreadcrumbList\",\"@id\":\"https:\/\/noti-america.com\/site\/repdom\/2023\/09\/30\/venancio-alcantara-llama-a-perremeistas-a-votar-masivamente-por-luis-abinader-y-en-civismo-este-domingo-2\/#breadcrumb\",\"itemListElement\":[{\"@type\":\"ListItem\",\"position\":1,\"name\":\"Portada\",\"item\":\"https:\/\/noti-america.com\/site\/repdom\/\"},{\"@type\":\"ListItem\",\"position\":2,\"name\":\"Venancio Alc\u00e1ntara llama a perremeistas a votar masivamente por Lu\u00eds Abinader y en civismo este domingo\"}]},{\"@type\":\"WebSite\",\"@id\":\"https:\/\/noti-america.com\/site\/repdom\/#website\",\"url\":\"https:\/\/noti-america.com\/site\/repdom\/\",\"name\":\"Rep. Dominicana | Noti-America.com\",\"description\":\"\",\"publisher\":{\"@id\":\"https:\/\/noti-america.com\/site\/repdom\/#organization\"},\"potentialAction\":[{\"@type\":\"SearchAction\",\"target\":{\"@type\":\"EntryPoint\",\"urlTemplate\":\"https:\/\/noti-america.com\/site\/repdom\/?s={search_term_string}\"},\"query-input\":{\"@type\":\"PropertyValueSpecification\",\"valueRequired\":true,\"valueName\":\"search_term_string\"}}],\"inLanguage\":\"es\"},{\"@type\":\"Organization\",\"@id\":\"https:\/\/noti-america.com\/site\/repdom\/#organization\",\"name\":\"Noti-America LLC | Rep\u00fablica Dominicana\",\"url\":\"https:\/\/noti-america.com\/site\/repdom\/\",\"logo\":{\"@type\":\"ImageObject\",\"inLanguage\":\"es\",\"@id\":\"https:\/\/noti-america.com\/site\/repdom\/#\/schema\/logo\/image\/\",\"url\":\"https:\/\/noti-america.com\/site\/repdom\/wp-content\/uploads\/sites\/6\/2020\/07\/LogoNA-4x3-1.jpg\",\"contentUrl\":\"https:\/\/noti-america.com\/site\/repdom\/wp-content\/uploads\/sites\/6\/2020\/07\/LogoNA-4x3-1.jpg\",\"width\":1236,\"height\":1080,\"caption\":\"Noti-America LLC | Rep\u00fablica Dominicana\"},\"image\":{\"@id\":\"https:\/\/noti-america.com\/site\/repdom\/#\/schema\/logo\/image\/\"}},{\"@type\":\"Person\",\"@id\":\"https:\/\/noti-america.com\/site\/repdom\/#\/schema\/person\/8027db7d71a0328e6e4474fa188c6fb3\",\"name\":\"Miguel Ramirez\",\"image\":{\"@type\":\"ImageObject\",\"inLanguage\":\"es\",\"@id\":\"https:\/\/secure.gravatar.com\/avatar\/41a78fb2cdab3e2dc5831d3591f1dab499ed0c22acc464195b09f37c2b3ac2cf?s=96&d=mm&r=g\",\"url\":\"https:\/\/secure.gravatar.com\/avatar\/41a78fb2cdab3e2dc5831d3591f1dab499ed0c22acc464195b09f37c2b3ac2cf?s=96&d=mm&r=g\",\"contentUrl\":\"https:\/\/secure.gravatar.com\/avatar\/41a78fb2cdab3e2dc5831d3591f1dab499ed0c22acc464195b09f37c2b3ac2cf?s=96&d=mm&r=g\",\"caption\":\"Miguel Ramirez\"},\"description\":\"Locutor y periodista digital y coach comunicaci\u00f3n\",\"sameAs\":[\"https:\/\/www.facebook.com\/share\/1HVE1qCqVk\/?mibextid=wwXIfr\"],\"url\":\"https:\/\/noti-america.com\/site\/repdom\/author\/mramirez\/\"}]}<\/script>\n<!-- \/ Yoast SEO Premium plugin. -->","yoast_head_json":{"title":"Venancio Alc\u00e1ntara llama a perremeistas a votar masivamente por Lu\u00eds Abinader y en civismo este domingo - Rep. Dominicana | Noti-America.com","robots":{"index":"index","follow":"follow","max-snippet":"max-snippet:-1","max-image-preview":"max-image-preview:large","max-video-preview":"max-video-preview:-1"},"canonical":"https:\/\/noti-america.com\/site\/repdom\/2023\/09\/30\/venancio-alcantara-llama-a-perremeistas-a-votar-masivamente-por-luis-abinader-y-en-civismo-este-domingo-2\/","og_locale":"es_ES","og_type":"article","og_title":"Venancio Alc\u00e1ntara llama a perremeistas a votar masivamente por Lu\u00eds Abinader y en civismo este domingo","og_description":"&nbsp; Santo Domingo. -El dirigente del Partido Revolucionario Moderno (PRM), Venancio Alc\u00e1ntara, pidi\u00f3 a la militancia de esa organizaci\u00f3n pol\u00edtica a votar este pr\u00f3ximo domingo 1 de octubre por el precandidato presidencial Luis Abinader,&#46;&#46;&#46;","og_url":"https:\/\/noti-america.com\/site\/repdom\/2023\/09\/30\/venancio-alcantara-llama-a-perremeistas-a-votar-masivamente-por-luis-abinader-y-en-civismo-este-domingo-2\/","og_site_name":"Rep. Dominicana | Noti-America.com","article_author":"https:\/\/www.facebook.com\/share\/1HVE1qCqVk\/?mibextid=wwXIfr","article_published_time":"2023-09-30T22:51:25+00:00","og_image":[{"width":1190,"height":1417,"url":"https:\/\/noti-america.com\/site\/repdom\/wp-content\/uploads\/sites\/6\/2023\/09\/8d5097fc-8378-410d-9bca-ee903da44317.jpeg","type":"image\/jpeg"}],"author":"Miguel Ramirez","twitter_card":"summary_large_image","twitter_misc":{"Escrito por":"Miguel Ramirez","Tiempo estimado de lectura":"2 minutos"},"schema":{"@context":"https:\/\/schema.org","@graph":[{"@type":"Article","@id":"https:\/\/noti-america.com\/site\/repdom\/2023\/09\/30\/venancio-alcantara-llama-a-perremeistas-a-votar-masivamente-por-luis-abinader-y-en-civismo-este-domingo-2\/#article","isPartOf":{"@id":"https:\/\/noti-america.com\/site\/repdom\/2023\/09\/30\/venancio-alcantara-llama-a-perremeistas-a-votar-masivamente-por-luis-abinader-y-en-civismo-este-domingo-2\/"},"author":{"name":"Miguel Ramirez","@id":"https:\/\/noti-america.com\/site\/repdom\/#\/schema\/person\/8027db7d71a0328e6e4474fa188c6fb3"},"headline":"Venancio Alc\u00e1ntara llama a perremeistas a votar masivamente por Lu\u00eds Abinader y en civismo este domingo","datePublished":"2023-09-30T22:51:25+00:00","mainEntityOfPage":{"@id":"https:\/\/noti-america.com\/site\/repdom\/2023\/09\/30\/venancio-alcantara-llama-a-perremeistas-a-votar-masivamente-por-luis-abinader-y-en-civismo-este-domingo-2\/"},"wordCount":313,"commentCount":0,"publisher":{"@id":"https:\/\/noti-america.com\/site\/repdom\/#organization"},"image":{"@id":"https:\/\/noti-america.com\/site\/repdom\/2023\/09\/30\/venancio-alcantara-llama-a-perremeistas-a-votar-masivamente-por-luis-abinader-y-en-civismo-este-domingo-2\/#primaryimage"},"thumbnailUrl":"https:\/\/noti-america.com\/site\/repdom\/wp-content\/uploads\/sites\/6\/2023\/09\/8d5097fc-8378-410d-9bca-ee903da44317.jpeg","articleSection":["Pol\u00edtica"],"inLanguage":"es","potentialAction":[{"@type":"CommentAction","name":"Comment","target":["https:\/\/noti-america.com\/site\/repdom\/2023\/09\/30\/venancio-alcantara-llama-a-perremeistas-a-votar-masivamente-por-luis-abinader-y-en-civismo-este-domingo-2\/#respond"]}]},{"@type":"WebPage","@id":"https:\/\/noti-america.com\/site\/repdom\/2023\/09\/30\/venancio-alcantara-llama-a-perremeistas-a-votar-masivamente-por-luis-abinader-y-en-civismo-este-domingo-2\/","url":"https:\/\/noti-america.com\/site\/repdom\/2023\/09\/30\/venancio-alcantara-llama-a-perremeistas-a-votar-masivamente-por-luis-abinader-y-en-civismo-este-domingo-2\/","name":"Venancio Alc\u00e1ntara llama a perremeistas a votar masivamente por Lu\u00eds Abinader y en civismo este domingo - Rep. Dominicana | Noti-America.com","isPartOf":{"@id":"https:\/\/noti-america.com\/site\/repdom\/#website"},"primaryImageOfPage":{"@id":"https:\/\/noti-america.com\/site\/repdom\/2023\/09\/30\/venancio-alcantara-llama-a-perremeistas-a-votar-masivamente-por-luis-abinader-y-en-civismo-este-domingo-2\/#primaryimage"},"image":{"@id":"https:\/\/noti-america.com\/site\/repdom\/2023\/09\/30\/venancio-alcantara-llama-a-perremeistas-a-votar-masivamente-por-luis-abinader-y-en-civismo-este-domingo-2\/#primaryimage"},"thumbnailUrl":"https:\/\/noti-america.com\/site\/repdom\/wp-content\/uploads\/sites\/6\/2023\/09\/8d5097fc-8378-410d-9bca-ee903da44317.jpeg","datePublished":"2023-09-30T22:51:25+00:00","breadcrumb":{"@id":"https:\/\/noti-america.com\/site\/repdom\/2023\/09\/30\/venancio-alcantara-llama-a-perremeistas-a-votar-masivamente-por-luis-abinader-y-en-civismo-este-domingo-2\/#breadcrumb"},"inLanguage":"es","potentialAction":[{"@type":"ReadAction","target":["https:\/\/noti-america.com\/site\/repdom\/2023\/09\/30\/venancio-alcantara-llama-a-perremeistas-a-votar-masivamente-por-luis-abinader-y-en-civismo-este-domingo-2\/"]}]},{"@type":"ImageObject","inLanguage":"es","@id":"https:\/\/noti-america.com\/site\/repdom\/2023\/09\/30\/venancio-alcantara-llama-a-perremeistas-a-votar-masivamente-por-luis-abinader-y-en-civismo-este-domingo-2\/#primaryimage","url":"https:\/\/noti-america.com\/site\/repdom\/wp-content\/uploads\/sites\/6\/2023\/09\/8d5097fc-8378-410d-9bca-ee903da44317.jpeg","contentUrl":"https:\/\/noti-america.com\/site\/repdom\/wp-content\/uploads\/sites\/6\/2023\/09\/8d5097fc-8378-410d-9bca-ee903da44317.jpeg","width":1190,"height":1417},{"@type":"BreadcrumbList","@id":"https:\/\/noti-america.com\/site\/repdom\/2023\/09\/30\/venancio-alcantara-llama-a-perremeistas-a-votar-masivamente-por-luis-abinader-y-en-civismo-este-domingo-2\/#breadcrumb","itemListElement":[{"@type":"ListItem","position":1,"name":"Portada","item":"https:\/\/noti-america.com\/site\/repdom\/"},{"@type":"ListItem","position":2,"name":"Venancio Alc\u00e1ntara llama a perremeistas a votar masivamente por Lu\u00eds Abinader y en civismo este domingo"}]},{"@type":"WebSite","@id":"https:\/\/noti-america.com\/site\/repdom\/#website","url":"https:\/\/noti-america.com\/site\/repdom\/","name":"Rep. Dominicana | Noti-America.com","description":"","publisher":{"@id":"https:\/\/noti-america.com\/site\/repdom\/#organization"},"potentialAction":[{"@type":"SearchAction","target":{"@type":"EntryPoint","urlTemplate":"https:\/\/noti-america.com\/site\/repdom\/?s={search_term_string}"},"query-input":{"@type":"PropertyValueSpecification","valueRequired":true,"valueName":"search_term_string"}}],"inLanguage":"es"},{"@type":"Organization","@id":"https:\/\/noti-america.com\/site\/repdom\/#organization","name":"Noti-America LLC | Rep\u00fablica Dominicana","url":"https:\/\/noti-america.com\/site\/repdom\/","logo":{"@type":"ImageObject","inLanguage":"es","@id":"https:\/\/noti-america.com\/site\/repdom\/#\/schema\/logo\/image\/","url":"https:\/\/noti-america.com\/site\/repdom\/wp-content\/uploads\/sites\/6\/2020\/07\/LogoNA-4x3-1.jpg","contentUrl":"https:\/\/noti-america.com\/site\/repdom\/wp-content\/uploads\/sites\/6\/2020\/07\/LogoNA-4x3-1.jpg","width":1236,"height":1080,"caption":"Noti-America LLC | Rep\u00fablica Dominicana"},"image":{"@id":"https:\/\/noti-america.com\/site\/repdom\/#\/schema\/logo\/image\/"}},{"@type":"Person","@id":"https:\/\/noti-america.com\/site\/repdom\/#\/schema\/person\/8027db7d71a0328e6e4474fa188c6fb3","name":"Miguel Ramirez","image":{"@type":"ImageObject","inLanguage":"es","@id":"https:\/\/secure.gravatar.com\/avatar\/41a78fb2cdab3e2dc5831d3591f1dab499ed0c22acc464195b09f37c2b3ac2cf?s=96&d=mm&r=g","url":"https:\/\/secure.gravatar.com\/avatar\/41a78fb2cdab3e2dc5831d3591f1dab499ed0c22acc464195b09f37c2b3ac2cf?s=96&d=mm&r=g","contentUrl":"https:\/\/secure.gravatar.com\/avatar\/41a78fb2cdab3e2dc5831d3591f1dab499ed0c22acc464195b09f37c2b3ac2cf?s=96&d=mm&r=g","caption":"Miguel Ramirez"},"description":"Locutor y periodista digital y coach comunicaci\u00f3n","sameAs":["https:\/\/www.facebook.com\/share\/1HVE1qCqVk\/?mibextid=wwXIfr"],"url":"https:\/\/noti-america.com\/site\/repdom\/author\/mramirez\/"}]}},"_links":{"self":[{"href":"https:\/\/noti-america.com\/site\/repdom\/wp-json\/wp\/v2\/posts\/24243","targetHints":{"allow":["GET"]}}],"collection":[{"href":"https:\/\/noti-america.com\/site\/repdom\/wp-json\/wp\/v2\/posts"}],"about":[{"href":"https:\/\/noti-america.com\/site\/repdom\/wp-json\/wp\/v2\/types\/post"}],"author":[{"embeddable":true,"href":"https:\/\/noti-america.com\/site\/repdom\/wp-json\/wp\/v2\/users\/96"}],"replies":[{"embeddable":true,"href":"https:\/\/noti-america.com\/site\/repdom\/wp-json\/wp\/v2\/comments?post=24243"}],"version-history":[{"count":0,"href":"https:\/\/noti-america.com\/site\/repdom\/wp-json\/wp\/v2\/posts\/24243\/revisions"}],"wp:featuredmedia":[{"embeddable":true,"href":"https:\/\/noti-america.com\/site\/repdom\/wp-json\/wp\/v2\/media\/24244"}],"wp:attachment":[{"href":"https:\/\/noti-america.com\/site\/repdom\/wp-json\/wp\/v2\/media?parent=24243"}],"wp:term":[{"taxonomy":"category","embeddable":true,"href":"https:\/\/noti-america.com\/site\/repdom\/wp-json\/wp\/v2\/categories?post=24243"},{"taxonomy":"post_tag","embeddable":true,"href":"https:\/\/noti-america.com\/site\/repdom\/wp-json\/wp\/v2\/tags?post=24243"}],"curies":[{"name":"wp","href":"https:\/\/api.w.org\/{rel}","templated":true}]}}