{"id":23867,"date":"2023-09-03T01:21:20","date_gmt":"2023-09-03T01:21:20","guid":{"rendered":"https:\/\/noti-america.com\/site\/repdom\/?p=23867"},"modified":"2023-09-03T01:21:20","modified_gmt":"2023-09-03T01:21:20","slug":"conectrd-com-dice-presente-en-la-entrega-de-becas-innovacion-por-la-equidad-de-genero","status":"publish","type":"post","link":"https:\/\/noti-america.com\/site\/repdom\/2023\/09\/03\/conectrd-com-dice-presente-en-la-entrega-de-becas-innovacion-por-la-equidad-de-genero\/","title":{"rendered":"Conectrd.com dice presente en la entrega de Becas Innovaci\u00f3n por la Equidad de G\u00e9nero."},"content":{"rendered":"<p><img loading=\"lazy\" decoding=\"async\" class=\"alignnone size-medium wp-image-23868\" src=\"https:\/\/noti-america.com\/site\/repdom\/wp-content\/uploads\/sites\/6\/2023\/09\/B9025D3A-0751-4519-B1E4-4BDFF54ABFB0-240x300.jpeg\" alt=\"\" width=\"240\" height=\"300\" srcset=\"https:\/\/noti-america.com\/site\/repdom\/wp-content\/uploads\/sites\/6\/2023\/09\/B9025D3A-0751-4519-B1E4-4BDFF54ABFB0-240x300.jpeg 240w, https:\/\/noti-america.com\/site\/repdom\/wp-content\/uploads\/sites\/6\/2023\/09\/B9025D3A-0751-4519-B1E4-4BDFF54ABFB0.jpeg 616w\" sizes=\"auto, (max-width: 240px) 100vw, 240px\" \/><\/p>\n<p>&nbsp;<\/p>\n<p>Puerto Plata- La Plataforma \u201cConectrd.com\u201d, primera plataforma digital de emprendimiento y empleabilidad que promueve su presidente el Ing. Rafael Morillo, estuvieron presente en la entrega de 59 becas de innovaci\u00f3n y tecnolog\u00eda en favor de las mujeres de la Zona Norte (Puerto Plata, Montecristi, Semana, Espaillat y Mar\u00eda Trinidad S\u00e1nchez)<\/p>\n<p>En el encuentro, el cual cont\u00f3 con la presencia de la viceministra de Cultura de Igualdad del Ministerio de la Mujer, Amada Manzueta, fueron entregadas las primeras Becas Innovaci\u00f3n por la Equidad de G\u00e9nero, junto a la gobernadora de la provincia de Puerto Plata, Claritza Rochtte; Manuel Matos, presidente y Ang\u00e9lica V\u00e1squez, directora Ejecutiva de la Fundaci\u00f3n El Hueco Caribe, Johely Hurtado, subdirectora regional del Ministerio de Educaci\u00f3n, y Samuel V\u00e1squez director regional de Consejo Nacional para la Ni\u00f1ez y la Adolescencia en Puerto Plata.<\/p>\n<p>La gobernadora de Puerto Plata manifest\u00f3 que esta gesti\u00f3n de gobierno y la ministra de la Mujer, Mayra Jimenez, est\u00e1n trabajando en el impulso de proyectos enfocados en el avance y empoderamiento tecnol\u00f3gico de las mujeres de las provincias, a quienes inst\u00f3 a aprovechar esta oportunidad al m\u00e1ximo.<\/p>\n<p><img loading=\"lazy\" decoding=\"async\" class=\"alignnone size-medium wp-image-23869\" src=\"https:\/\/noti-america.com\/site\/repdom\/wp-content\/uploads\/sites\/6\/2023\/09\/A6FA64C2-4569-4F38-AD70-B799C54481F3-300x198.jpeg\" alt=\"\" width=\"300\" height=\"198\" srcset=\"https:\/\/noti-america.com\/site\/repdom\/wp-content\/uploads\/sites\/6\/2023\/09\/A6FA64C2-4569-4F38-AD70-B799C54481F3-300x198.jpeg 300w, https:\/\/noti-america.com\/site\/repdom\/wp-content\/uploads\/sites\/6\/2023\/09\/A6FA64C2-4569-4F38-AD70-B799C54481F3-768x507.jpeg 768w, https:\/\/noti-america.com\/site\/repdom\/wp-content\/uploads\/sites\/6\/2023\/09\/A6FA64C2-4569-4F38-AD70-B799C54481F3.jpeg 846w\" sizes=\"auto, (max-width: 300px) 100vw, 300px\" \/><\/p>\n<p>La viceministra, invit\u00f3 a las beneficiarias a aprovechar la oportunidad que se les brinda, tras considerar que dicho proceso garantiza la inclusi\u00f3n digital para la empleabilidad y el empoderamiento femenino, en el entendido de que las mujeres deben avanzar y estar a la vanguardia.<\/p>\n<p>Un total de 59 becas y laptops fueron entregadas a mujeres entre 18 a 45 a\u00f1os, en el marco del \u201cProyecto de Innovaci\u00f3n por la Igualdad de G\u00e9nero\u201d, iniciativa que contribuir\u00e1 a aumentar el acceso a recursos socioecon\u00f3micos de mujeres j\u00f3venes y adultas con innovaci\u00f3n digital, en las provincias de Montecristi, Puerto Plata, Espaillat, y Mar\u00eda Trinidad S\u00e1nchez.<\/p>\n<p><img loading=\"lazy\" decoding=\"async\" class=\"alignnone size-medium wp-image-23870\" src=\"https:\/\/noti-america.com\/site\/repdom\/wp-content\/uploads\/sites\/6\/2023\/09\/D6ADD69E-A43D-4A35-B21A-50BEBF4C3FF5-300x249.jpeg\" alt=\"\" width=\"300\" height=\"249\" srcset=\"https:\/\/noti-america.com\/site\/repdom\/wp-content\/uploads\/sites\/6\/2023\/09\/D6ADD69E-A43D-4A35-B21A-50BEBF4C3FF5-300x249.jpeg 300w, https:\/\/noti-america.com\/site\/repdom\/wp-content\/uploads\/sites\/6\/2023\/09\/D6ADD69E-A43D-4A35-B21A-50BEBF4C3FF5-1024x850.jpeg 1024w, https:\/\/noti-america.com\/site\/repdom\/wp-content\/uploads\/sites\/6\/2023\/09\/D6ADD69E-A43D-4A35-B21A-50BEBF4C3FF5-768x637.jpeg 768w, https:\/\/noti-america.com\/site\/repdom\/wp-content\/uploads\/sites\/6\/2023\/09\/D6ADD69E-A43D-4A35-B21A-50BEBF4C3FF5.jpeg 1080w\" sizes=\"auto, (max-width: 300px) 100vw, 300px\" \/><\/p>\n<p>En el marco de la entrega, Julissa Mateo, directora de la Escuela de Ingenier\u00eda de la Universidad Iberoamericana (UNIBE), dict\u00f3 la conferencia: \u00bfQu\u00e9 es ser Mujer TICS?, mientras que la moderaci\u00f3n del evento estuvo a cargo de la encargada de la Oficina Provincial de Puerto Plata del Ministerio de la Mujer RD, Francis Cruz.<\/p>\n<p>El Ing. Morillo dijo sentirse muy satisfecho de que CONECTRD.COM pudiesen decir presente y apoyar este tipo de iniciativas en procura del desarrollo social, econ\u00f3mico y tecnol\u00f3gico de las personas m\u00e1s vulnerables en las comunidades de nuestro pa\u00eds.<\/p>\n<p>Fuente: Equipo de Comunicaciones Arriba RD<\/p>\n<p>&nbsp;<\/p>\n<p>&nbsp;<\/p>\n<p>&nbsp;<\/p>\n<p>.<\/p>\n","protected":false},"excerpt":{"rendered":"<p>&nbsp; Puerto Plata- La Plataforma \u201cConectrd.com\u201d, primera plataforma digital de emprendimiento y empleabilidad que promueve su presidente el Ing. Rafael Morillo, estuvieron presente en la entrega de 59 becas de innovaci\u00f3n y tecnolog\u00eda en&#46;&#46;&#46;<\/p>\n","protected":false},"author":96,"featured_media":23868,"comment_status":"open","ping_status":"open","sticky":false,"template":"","format":"standard","meta":{"_acf_changed":false,"rop_custom_images_group":[],"rop_custom_messages_group":[],"rop_publish_now":"initial","rop_publish_now_accounts":[],"rop_publish_now_history":[],"rop_publish_now_status":"pending","footnotes":""},"categories":[1059],"tags":[],"class_list":["post-23867","post","type-post","status-publish","format-standard","has-post-thumbnail","hentry","category-educacion"],"acf":[],"yoast_head":"<!-- This site is optimized with the Yoast SEO Premium plugin v24.9 (Yoast SEO v27.2) - https:\/\/yoast.com\/product\/yoast-seo-premium-wordpress\/ -->\n<title>Conectrd.com dice presente en la entrega de Becas Innovaci\u00f3n por la Equidad de G\u00e9nero. - Rep. Dominicana | Noti-America.com<\/title>\n<meta name=\"robots\" content=\"index, follow, max-snippet:-1, max-image-preview:large, max-video-preview:-1\" \/>\n<link rel=\"canonical\" href=\"https:\/\/noti-america.com\/site\/repdom\/2023\/09\/03\/conectrd-com-dice-presente-en-la-entrega-de-becas-innovacion-por-la-equidad-de-genero\/\" \/>\n<meta property=\"og:locale\" content=\"es_ES\" \/>\n<meta property=\"og:type\" content=\"article\" \/>\n<meta property=\"og:title\" content=\"Conectrd.com dice presente en la entrega de Becas Innovaci\u00f3n por la Equidad de G\u00e9nero.\" \/>\n<meta property=\"og:description\" content=\"&nbsp; Puerto Plata- La Plataforma \u201cConectrd.com\u201d, primera plataforma digital de emprendimiento y empleabilidad que promueve su presidente el Ing. Rafael Morillo, estuvieron presente en la entrega de 59 becas de innovaci\u00f3n y tecnolog\u00eda en&#046;&#046;&#046;\" \/>\n<meta property=\"og:url\" content=\"https:\/\/noti-america.com\/site\/repdom\/2023\/09\/03\/conectrd-com-dice-presente-en-la-entrega-de-becas-innovacion-por-la-equidad-de-genero\/\" \/>\n<meta property=\"og:site_name\" content=\"Rep. Dominicana | Noti-America.com\" \/>\n<meta property=\"article:author\" content=\"https:\/\/www.facebook.com\/share\/1HVE1qCqVk\/?mibextid=wwXIfr\" \/>\n<meta property=\"article:published_time\" content=\"2023-09-03T01:21:20+00:00\" \/>\n<meta property=\"og:image\" content=\"https:\/\/noti-america.com\/site\/repdom\/wp-content\/uploads\/sites\/6\/2023\/09\/B9025D3A-0751-4519-B1E4-4BDFF54ABFB0.jpeg\" \/>\n\t<meta property=\"og:image:width\" content=\"616\" \/>\n\t<meta property=\"og:image:height\" content=\"770\" \/>\n\t<meta property=\"og:image:type\" content=\"image\/jpeg\" \/>\n<meta name=\"author\" content=\"Miguel Ramirez\" \/>\n<meta name=\"twitter:card\" content=\"summary_large_image\" \/>\n<meta name=\"twitter:label1\" content=\"Escrito por\" \/>\n\t<meta name=\"twitter:data1\" content=\"Miguel Ramirez\" \/>\n\t<meta name=\"twitter:label2\" content=\"Tiempo estimado de lectura\" \/>\n\t<meta name=\"twitter:data2\" content=\"3 minutos\" \/>\n<script type=\"application\/ld+json\" class=\"yoast-schema-graph\">{\"@context\":\"https:\/\/schema.org\",\"@graph\":[{\"@type\":\"Article\",\"@id\":\"https:\/\/noti-america.com\/site\/repdom\/2023\/09\/03\/conectrd-com-dice-presente-en-la-entrega-de-becas-innovacion-por-la-equidad-de-genero\/#article\",\"isPartOf\":{\"@id\":\"https:\/\/noti-america.com\/site\/repdom\/2023\/09\/03\/conectrd-com-dice-presente-en-la-entrega-de-becas-innovacion-por-la-equidad-de-genero\/\"},\"author\":{\"name\":\"Miguel Ramirez\",\"@id\":\"https:\/\/noti-america.com\/site\/repdom\/#\/schema\/person\/8027db7d71a0328e6e4474fa188c6fb3\"},\"headline\":\"Conectrd.com dice presente en la entrega de Becas Innovaci\u00f3n por la Equidad de G\u00e9nero.\",\"datePublished\":\"2023-09-03T01:21:20+00:00\",\"mainEntityOfPage\":{\"@id\":\"https:\/\/noti-america.com\/site\/repdom\/2023\/09\/03\/conectrd-com-dice-presente-en-la-entrega-de-becas-innovacion-por-la-equidad-de-genero\/\"},\"wordCount\":433,\"commentCount\":0,\"publisher\":{\"@id\":\"https:\/\/noti-america.com\/site\/repdom\/#organization\"},\"image\":{\"@id\":\"https:\/\/noti-america.com\/site\/repdom\/2023\/09\/03\/conectrd-com-dice-presente-en-la-entrega-de-becas-innovacion-por-la-equidad-de-genero\/#primaryimage\"},\"thumbnailUrl\":\"https:\/\/noti-america.com\/site\/repdom\/wp-content\/uploads\/sites\/6\/2023\/09\/B9025D3A-0751-4519-B1E4-4BDFF54ABFB0.jpeg\",\"articleSection\":[\"Educaci\u00f3n\"],\"inLanguage\":\"es\",\"potentialAction\":[{\"@type\":\"CommentAction\",\"name\":\"Comment\",\"target\":[\"https:\/\/noti-america.com\/site\/repdom\/2023\/09\/03\/conectrd-com-dice-presente-en-la-entrega-de-becas-innovacion-por-la-equidad-de-genero\/#respond\"]}]},{\"@type\":\"WebPage\",\"@id\":\"https:\/\/noti-america.com\/site\/repdom\/2023\/09\/03\/conectrd-com-dice-presente-en-la-entrega-de-becas-innovacion-por-la-equidad-de-genero\/\",\"url\":\"https:\/\/noti-america.com\/site\/repdom\/2023\/09\/03\/conectrd-com-dice-presente-en-la-entrega-de-becas-innovacion-por-la-equidad-de-genero\/\",\"name\":\"Conectrd.com dice presente en la entrega de Becas Innovaci\u00f3n por la Equidad de G\u00e9nero. - Rep. Dominicana | Noti-America.com\",\"isPartOf\":{\"@id\":\"https:\/\/noti-america.com\/site\/repdom\/#website\"},\"primaryImageOfPage\":{\"@id\":\"https:\/\/noti-america.com\/site\/repdom\/2023\/09\/03\/conectrd-com-dice-presente-en-la-entrega-de-becas-innovacion-por-la-equidad-de-genero\/#primaryimage\"},\"image\":{\"@id\":\"https:\/\/noti-america.com\/site\/repdom\/2023\/09\/03\/conectrd-com-dice-presente-en-la-entrega-de-becas-innovacion-por-la-equidad-de-genero\/#primaryimage\"},\"thumbnailUrl\":\"https:\/\/noti-america.com\/site\/repdom\/wp-content\/uploads\/sites\/6\/2023\/09\/B9025D3A-0751-4519-B1E4-4BDFF54ABFB0.jpeg\",\"datePublished\":\"2023-09-03T01:21:20+00:00\",\"breadcrumb\":{\"@id\":\"https:\/\/noti-america.com\/site\/repdom\/2023\/09\/03\/conectrd-com-dice-presente-en-la-entrega-de-becas-innovacion-por-la-equidad-de-genero\/#breadcrumb\"},\"inLanguage\":\"es\",\"potentialAction\":[{\"@type\":\"ReadAction\",\"target\":[\"https:\/\/noti-america.com\/site\/repdom\/2023\/09\/03\/conectrd-com-dice-presente-en-la-entrega-de-becas-innovacion-por-la-equidad-de-genero\/\"]}]},{\"@type\":\"ImageObject\",\"inLanguage\":\"es\",\"@id\":\"https:\/\/noti-america.com\/site\/repdom\/2023\/09\/03\/conectrd-com-dice-presente-en-la-entrega-de-becas-innovacion-por-la-equidad-de-genero\/#primaryimage\",\"url\":\"https:\/\/noti-america.com\/site\/repdom\/wp-content\/uploads\/sites\/6\/2023\/09\/B9025D3A-0751-4519-B1E4-4BDFF54ABFB0.jpeg\",\"contentUrl\":\"https:\/\/noti-america.com\/site\/repdom\/wp-content\/uploads\/sites\/6\/2023\/09\/B9025D3A-0751-4519-B1E4-4BDFF54ABFB0.jpeg\",\"width\":616,\"height\":770},{\"@type\":\"BreadcrumbList\",\"@id\":\"https:\/\/noti-america.com\/site\/repdom\/2023\/09\/03\/conectrd-com-dice-presente-en-la-entrega-de-becas-innovacion-por-la-equidad-de-genero\/#breadcrumb\",\"itemListElement\":[{\"@type\":\"ListItem\",\"position\":1,\"name\":\"Portada\",\"item\":\"https:\/\/noti-america.com\/site\/repdom\/\"},{\"@type\":\"ListItem\",\"position\":2,\"name\":\"Conectrd.com dice presente en la entrega de Becas Innovaci\u00f3n por la Equidad de G\u00e9nero.\"}]},{\"@type\":\"WebSite\",\"@id\":\"https:\/\/noti-america.com\/site\/repdom\/#website\",\"url\":\"https:\/\/noti-america.com\/site\/repdom\/\",\"name\":\"Rep. Dominicana | Noti-America.com\",\"description\":\"\",\"publisher\":{\"@id\":\"https:\/\/noti-america.com\/site\/repdom\/#organization\"},\"potentialAction\":[{\"@type\":\"SearchAction\",\"target\":{\"@type\":\"EntryPoint\",\"urlTemplate\":\"https:\/\/noti-america.com\/site\/repdom\/?s={search_term_string}\"},\"query-input\":{\"@type\":\"PropertyValueSpecification\",\"valueRequired\":true,\"valueName\":\"search_term_string\"}}],\"inLanguage\":\"es\"},{\"@type\":\"Organization\",\"@id\":\"https:\/\/noti-america.com\/site\/repdom\/#organization\",\"name\":\"Noti-America LLC | Rep\u00fablica Dominicana\",\"url\":\"https:\/\/noti-america.com\/site\/repdom\/\",\"logo\":{\"@type\":\"ImageObject\",\"inLanguage\":\"es\",\"@id\":\"https:\/\/noti-america.com\/site\/repdom\/#\/schema\/logo\/image\/\",\"url\":\"https:\/\/noti-america.com\/site\/repdom\/wp-content\/uploads\/sites\/6\/2020\/07\/LogoNA-4x3-1.jpg\",\"contentUrl\":\"https:\/\/noti-america.com\/site\/repdom\/wp-content\/uploads\/sites\/6\/2020\/07\/LogoNA-4x3-1.jpg\",\"width\":1236,\"height\":1080,\"caption\":\"Noti-America LLC | Rep\u00fablica Dominicana\"},\"image\":{\"@id\":\"https:\/\/noti-america.com\/site\/repdom\/#\/schema\/logo\/image\/\"}},{\"@type\":\"Person\",\"@id\":\"https:\/\/noti-america.com\/site\/repdom\/#\/schema\/person\/8027db7d71a0328e6e4474fa188c6fb3\",\"name\":\"Miguel Ramirez\",\"image\":{\"@type\":\"ImageObject\",\"inLanguage\":\"es\",\"@id\":\"https:\/\/secure.gravatar.com\/avatar\/41a78fb2cdab3e2dc5831d3591f1dab499ed0c22acc464195b09f37c2b3ac2cf?s=96&d=mm&r=g\",\"url\":\"https:\/\/secure.gravatar.com\/avatar\/41a78fb2cdab3e2dc5831d3591f1dab499ed0c22acc464195b09f37c2b3ac2cf?s=96&d=mm&r=g\",\"contentUrl\":\"https:\/\/secure.gravatar.com\/avatar\/41a78fb2cdab3e2dc5831d3591f1dab499ed0c22acc464195b09f37c2b3ac2cf?s=96&d=mm&r=g\",\"caption\":\"Miguel Ramirez\"},\"description\":\"Locutor y periodista digital y coach comunicaci\u00f3n\",\"sameAs\":[\"https:\/\/www.facebook.com\/share\/1HVE1qCqVk\/?mibextid=wwXIfr\"],\"url\":\"https:\/\/noti-america.com\/site\/repdom\/author\/mramirez\/\"}]}<\/script>\n<!-- \/ Yoast SEO Premium plugin. -->","yoast_head_json":{"title":"Conectrd.com dice presente en la entrega de Becas Innovaci\u00f3n por la Equidad de G\u00e9nero. - Rep. Dominicana | Noti-America.com","robots":{"index":"index","follow":"follow","max-snippet":"max-snippet:-1","max-image-preview":"max-image-preview:large","max-video-preview":"max-video-preview:-1"},"canonical":"https:\/\/noti-america.com\/site\/repdom\/2023\/09\/03\/conectrd-com-dice-presente-en-la-entrega-de-becas-innovacion-por-la-equidad-de-genero\/","og_locale":"es_ES","og_type":"article","og_title":"Conectrd.com dice presente en la entrega de Becas Innovaci\u00f3n por la Equidad de G\u00e9nero.","og_description":"&nbsp; Puerto Plata- La Plataforma \u201cConectrd.com\u201d, primera plataforma digital de emprendimiento y empleabilidad que promueve su presidente el Ing. Rafael Morillo, estuvieron presente en la entrega de 59 becas de innovaci\u00f3n y tecnolog\u00eda en&#46;&#46;&#46;","og_url":"https:\/\/noti-america.com\/site\/repdom\/2023\/09\/03\/conectrd-com-dice-presente-en-la-entrega-de-becas-innovacion-por-la-equidad-de-genero\/","og_site_name":"Rep. Dominicana | Noti-America.com","article_author":"https:\/\/www.facebook.com\/share\/1HVE1qCqVk\/?mibextid=wwXIfr","article_published_time":"2023-09-03T01:21:20+00:00","og_image":[{"width":616,"height":770,"url":"https:\/\/noti-america.com\/site\/repdom\/wp-content\/uploads\/sites\/6\/2023\/09\/B9025D3A-0751-4519-B1E4-4BDFF54ABFB0.jpeg","type":"image\/jpeg"}],"author":"Miguel Ramirez","twitter_card":"summary_large_image","twitter_misc":{"Escrito por":"Miguel Ramirez","Tiempo estimado de lectura":"3 minutos"},"schema":{"@context":"https:\/\/schema.org","@graph":[{"@type":"Article","@id":"https:\/\/noti-america.com\/site\/repdom\/2023\/09\/03\/conectrd-com-dice-presente-en-la-entrega-de-becas-innovacion-por-la-equidad-de-genero\/#article","isPartOf":{"@id":"https:\/\/noti-america.com\/site\/repdom\/2023\/09\/03\/conectrd-com-dice-presente-en-la-entrega-de-becas-innovacion-por-la-equidad-de-genero\/"},"author":{"name":"Miguel Ramirez","@id":"https:\/\/noti-america.com\/site\/repdom\/#\/schema\/person\/8027db7d71a0328e6e4474fa188c6fb3"},"headline":"Conectrd.com dice presente en la entrega de Becas Innovaci\u00f3n por la Equidad de G\u00e9nero.","datePublished":"2023-09-03T01:21:20+00:00","mainEntityOfPage":{"@id":"https:\/\/noti-america.com\/site\/repdom\/2023\/09\/03\/conectrd-com-dice-presente-en-la-entrega-de-becas-innovacion-por-la-equidad-de-genero\/"},"wordCount":433,"commentCount":0,"publisher":{"@id":"https:\/\/noti-america.com\/site\/repdom\/#organization"},"image":{"@id":"https:\/\/noti-america.com\/site\/repdom\/2023\/09\/03\/conectrd-com-dice-presente-en-la-entrega-de-becas-innovacion-por-la-equidad-de-genero\/#primaryimage"},"thumbnailUrl":"https:\/\/noti-america.com\/site\/repdom\/wp-content\/uploads\/sites\/6\/2023\/09\/B9025D3A-0751-4519-B1E4-4BDFF54ABFB0.jpeg","articleSection":["Educaci\u00f3n"],"inLanguage":"es","potentialAction":[{"@type":"CommentAction","name":"Comment","target":["https:\/\/noti-america.com\/site\/repdom\/2023\/09\/03\/conectrd-com-dice-presente-en-la-entrega-de-becas-innovacion-por-la-equidad-de-genero\/#respond"]}]},{"@type":"WebPage","@id":"https:\/\/noti-america.com\/site\/repdom\/2023\/09\/03\/conectrd-com-dice-presente-en-la-entrega-de-becas-innovacion-por-la-equidad-de-genero\/","url":"https:\/\/noti-america.com\/site\/repdom\/2023\/09\/03\/conectrd-com-dice-presente-en-la-entrega-de-becas-innovacion-por-la-equidad-de-genero\/","name":"Conectrd.com dice presente en la entrega de Becas Innovaci\u00f3n por la Equidad de G\u00e9nero. - Rep. Dominicana | Noti-America.com","isPartOf":{"@id":"https:\/\/noti-america.com\/site\/repdom\/#website"},"primaryImageOfPage":{"@id":"https:\/\/noti-america.com\/site\/repdom\/2023\/09\/03\/conectrd-com-dice-presente-en-la-entrega-de-becas-innovacion-por-la-equidad-de-genero\/#primaryimage"},"image":{"@id":"https:\/\/noti-america.com\/site\/repdom\/2023\/09\/03\/conectrd-com-dice-presente-en-la-entrega-de-becas-innovacion-por-la-equidad-de-genero\/#primaryimage"},"thumbnailUrl":"https:\/\/noti-america.com\/site\/repdom\/wp-content\/uploads\/sites\/6\/2023\/09\/B9025D3A-0751-4519-B1E4-4BDFF54ABFB0.jpeg","datePublished":"2023-09-03T01:21:20+00:00","breadcrumb":{"@id":"https:\/\/noti-america.com\/site\/repdom\/2023\/09\/03\/conectrd-com-dice-presente-en-la-entrega-de-becas-innovacion-por-la-equidad-de-genero\/#breadcrumb"},"inLanguage":"es","potentialAction":[{"@type":"ReadAction","target":["https:\/\/noti-america.com\/site\/repdom\/2023\/09\/03\/conectrd-com-dice-presente-en-la-entrega-de-becas-innovacion-por-la-equidad-de-genero\/"]}]},{"@type":"ImageObject","inLanguage":"es","@id":"https:\/\/noti-america.com\/site\/repdom\/2023\/09\/03\/conectrd-com-dice-presente-en-la-entrega-de-becas-innovacion-por-la-equidad-de-genero\/#primaryimage","url":"https:\/\/noti-america.com\/site\/repdom\/wp-content\/uploads\/sites\/6\/2023\/09\/B9025D3A-0751-4519-B1E4-4BDFF54ABFB0.jpeg","contentUrl":"https:\/\/noti-america.com\/site\/repdom\/wp-content\/uploads\/sites\/6\/2023\/09\/B9025D3A-0751-4519-B1E4-4BDFF54ABFB0.jpeg","width":616,"height":770},{"@type":"BreadcrumbList","@id":"https:\/\/noti-america.com\/site\/repdom\/2023\/09\/03\/conectrd-com-dice-presente-en-la-entrega-de-becas-innovacion-por-la-equidad-de-genero\/#breadcrumb","itemListElement":[{"@type":"ListItem","position":1,"name":"Portada","item":"https:\/\/noti-america.com\/site\/repdom\/"},{"@type":"ListItem","position":2,"name":"Conectrd.com dice presente en la entrega de Becas Innovaci\u00f3n por la Equidad de G\u00e9nero."}]},{"@type":"WebSite","@id":"https:\/\/noti-america.com\/site\/repdom\/#website","url":"https:\/\/noti-america.com\/site\/repdom\/","name":"Rep. Dominicana | Noti-America.com","description":"","publisher":{"@id":"https:\/\/noti-america.com\/site\/repdom\/#organization"},"potentialAction":[{"@type":"SearchAction","target":{"@type":"EntryPoint","urlTemplate":"https:\/\/noti-america.com\/site\/repdom\/?s={search_term_string}"},"query-input":{"@type":"PropertyValueSpecification","valueRequired":true,"valueName":"search_term_string"}}],"inLanguage":"es"},{"@type":"Organization","@id":"https:\/\/noti-america.com\/site\/repdom\/#organization","name":"Noti-America LLC | Rep\u00fablica Dominicana","url":"https:\/\/noti-america.com\/site\/repdom\/","logo":{"@type":"ImageObject","inLanguage":"es","@id":"https:\/\/noti-america.com\/site\/repdom\/#\/schema\/logo\/image\/","url":"https:\/\/noti-america.com\/site\/repdom\/wp-content\/uploads\/sites\/6\/2020\/07\/LogoNA-4x3-1.jpg","contentUrl":"https:\/\/noti-america.com\/site\/repdom\/wp-content\/uploads\/sites\/6\/2020\/07\/LogoNA-4x3-1.jpg","width":1236,"height":1080,"caption":"Noti-America LLC | Rep\u00fablica Dominicana"},"image":{"@id":"https:\/\/noti-america.com\/site\/repdom\/#\/schema\/logo\/image\/"}},{"@type":"Person","@id":"https:\/\/noti-america.com\/site\/repdom\/#\/schema\/person\/8027db7d71a0328e6e4474fa188c6fb3","name":"Miguel Ramirez","image":{"@type":"ImageObject","inLanguage":"es","@id":"https:\/\/secure.gravatar.com\/avatar\/41a78fb2cdab3e2dc5831d3591f1dab499ed0c22acc464195b09f37c2b3ac2cf?s=96&d=mm&r=g","url":"https:\/\/secure.gravatar.com\/avatar\/41a78fb2cdab3e2dc5831d3591f1dab499ed0c22acc464195b09f37c2b3ac2cf?s=96&d=mm&r=g","contentUrl":"https:\/\/secure.gravatar.com\/avatar\/41a78fb2cdab3e2dc5831d3591f1dab499ed0c22acc464195b09f37c2b3ac2cf?s=96&d=mm&r=g","caption":"Miguel Ramirez"},"description":"Locutor y periodista digital y coach comunicaci\u00f3n","sameAs":["https:\/\/www.facebook.com\/share\/1HVE1qCqVk\/?mibextid=wwXIfr"],"url":"https:\/\/noti-america.com\/site\/repdom\/author\/mramirez\/"}]}},"_links":{"self":[{"href":"https:\/\/noti-america.com\/site\/repdom\/wp-json\/wp\/v2\/posts\/23867","targetHints":{"allow":["GET"]}}],"collection":[{"href":"https:\/\/noti-america.com\/site\/repdom\/wp-json\/wp\/v2\/posts"}],"about":[{"href":"https:\/\/noti-america.com\/site\/repdom\/wp-json\/wp\/v2\/types\/post"}],"author":[{"embeddable":true,"href":"https:\/\/noti-america.com\/site\/repdom\/wp-json\/wp\/v2\/users\/96"}],"replies":[{"embeddable":true,"href":"https:\/\/noti-america.com\/site\/repdom\/wp-json\/wp\/v2\/comments?post=23867"}],"version-history":[{"count":1,"href":"https:\/\/noti-america.com\/site\/repdom\/wp-json\/wp\/v2\/posts\/23867\/revisions"}],"predecessor-version":[{"id":23871,"href":"https:\/\/noti-america.com\/site\/repdom\/wp-json\/wp\/v2\/posts\/23867\/revisions\/23871"}],"wp:featuredmedia":[{"embeddable":true,"href":"https:\/\/noti-america.com\/site\/repdom\/wp-json\/wp\/v2\/media\/23868"}],"wp:attachment":[{"href":"https:\/\/noti-america.com\/site\/repdom\/wp-json\/wp\/v2\/media?parent=23867"}],"wp:term":[{"taxonomy":"category","embeddable":true,"href":"https:\/\/noti-america.com\/site\/repdom\/wp-json\/wp\/v2\/categories?post=23867"},{"taxonomy":"post_tag","embeddable":true,"href":"https:\/\/noti-america.com\/site\/repdom\/wp-json\/wp\/v2\/tags?post=23867"}],"curies":[{"name":"wp","href":"https:\/\/api.w.org\/{rel}","templated":true}]}}