{"id":2378,"date":"2020-07-26T17:56:56","date_gmt":"2020-07-26T17:56:56","guid":{"rendered":"https:\/\/noti-america.com\/site\/repdom\/?p=2378"},"modified":"2020-07-26T18:58:20","modified_gmt":"2020-07-26T18:58:20","slug":"conciertos-virtuales-en-republica-dominicana","status":"publish","type":"post","link":"https:\/\/noti-america.com\/site\/repdom\/2020\/07\/26\/conciertos-virtuales-en-republica-dominicana\/","title":{"rendered":"Conciertos Virtuales en Rep\u00fablica Dominicana"},"content":{"rendered":"<p>NOTI-AM\u00c9RICA REP\u00daBLICA DOMINICANA<\/p>\n<p>Por : Arq. Danilka Mej\u00eda Valdez. 26 Julio 2020.<\/p>\n<p style=\"text-align: justify\">Gracias a la tecnolog\u00eda \u00a0la m\u00fasica se expande\u00a0 mediante distintas\u00a0 plataformas digitales, mostrando\u00a0 espect\u00e1culos en vivo y virtuales, a pesar de la pandemia\u00a0 del Covid-19, de esta forma se ha logrado\u00a0 incrementar los ingresos de los artistas y productores.<\/p>\n<p>El empresario art\u00edstico Amable Valenzuela estreno\u00a0 su nueva plataforma de conciertos, Valenzuela Streaming RD, este 25 de julio del 2020, a las 9:00 de la noche, por Viva Live TV,\u00a0 con el Conjunto Quisqueya\u00a0 por motivo de su\u00a0 45\u00a0 aniversario, adem\u00e1s el primero de agosto, a las 9:00 de la noche, tienen pautado el shows \u201cLa Tr\u00eda\u201d, en donde participaran Milly Quezada, Maridalia Hern\u00e1ndez y Fefita La grande, accesando a\u00a0<a href=\"http:\/\/www.vivalivetv.com\/\">www.vivalivetv.com<\/a>\u00a0 al precio \u00a0de US$6.00 d\u00f3lares.<\/p>\n<p>Fernando Villalona conectar\u00e1 con su p\u00fablico el primero de agosto, donde presentar\u00e1 su primer concierto online con su orquesta en la modalidad de \u201cStreaming\u201d y \u201cPay Per View\u201d al que denomin\u00f3, \u201cDominicano Soy Live\u201d, pues la intenci\u00f3n del int\u00e9rprete, es que este show pueda ser visto en todos los pa\u00edses donde se encuentre un dominicano, un seguidor del carism\u00e1tico cantante. En <a href=\"https:\/\/oyeradiord.com\/#clip=\">https:oyeradiord.com<\/a> \u00a0 vas a poder comprar el acceso al evento y tiene un costo de USD$10.00 d\u00f3lares, en la cual puedes usar\u00a0 \u00a0tarjeta de cr\u00e9dito o con una cuenta de Pay Pal de acuerdo al Portal de Noticia El Caribe.<\/p>\n<p>Estos tipos de conciertos virtuales\u00a0 deben tener una plataformas de pago que\u00a0 funcione correctamente,\u00a0 que el espectador no\u00a0 presente dificultades al ingresar, durante la transmisi\u00f3n online\u00a0 que no ocurran\u00a0 fallas t\u00e9cnicas\u00a0 y presenten una propuesta con buena escenograf\u00eda, audio, iluminaci\u00f3n y nitidez en la grabaci\u00f3n ,sin embargo esto es una alternativa para que los artistas y productores se mantengan activos debido a la situaci\u00f3n \u00a0actual de la Republica Dominicana por el coronavirus en donde se debe mantener distanciamiento y en muchos casos aislamiento.<\/p>\n<p>&nbsp;<\/p>\n<p>Fuente:<\/p>\n<p>Los portales de noticia El Caribe y Diario Libre<\/p>\n<p>Imagen de Pixabay<\/p>\n<p>Redes sociales:<\/p>\n<p>Facebook: Mejia Valdez<\/p>\n<p>Instagram: @mejiavaldezdesign<\/p>\n<p>&nbsp;<\/p>\n<p>&nbsp;<\/p>\n","protected":false},"excerpt":{"rendered":"<p>NOTI-AM\u00c9RICA REP\u00daBLICA DOMINICANA Por : Arq. Danilka Mej\u00eda Valdez. 26 Julio 2020. Gracias a la tecnolog\u00eda \u00a0la m\u00fasica se expande\u00a0 mediante distintas\u00a0 plataformas digitales, mostrando\u00a0 espect\u00e1culos en vivo y virtuales, a pesar de la&#46;&#46;&#46;<\/p>\n","protected":false},"author":97,"featured_media":2384,"comment_status":"open","ping_status":"open","sticky":false,"template":"","format":"gallery","meta":{"_acf_changed":false,"rop_custom_images_group":[],"rop_custom_messages_group":[],"rop_publish_now":"initial","rop_publish_now_accounts":[],"rop_publish_now_history":[],"rop_publish_now_status":"pending","footnotes":""},"categories":[8],"tags":[194,108],"class_list":["post-2378","post","type-post","status-publish","format-gallery","has-post-thumbnail","hentry","category-arte-y-espectaculos","tag-conciertos-virtuales","tag-republica-dominicana","post_format-post-format-gallery"],"acf":[],"yoast_head":"<!-- This site is optimized with the Yoast SEO Premium plugin v24.9 (Yoast SEO v27.2) - https:\/\/yoast.com\/product\/yoast-seo-premium-wordpress\/ -->\n<title>Conciertos Virtuales en Rep\u00fablica Dominicana - Rep. Dominicana | Noti-America.com<\/title>\n<meta name=\"robots\" content=\"index, follow, max-snippet:-1, max-image-preview:large, max-video-preview:-1\" \/>\n<link rel=\"canonical\" href=\"https:\/\/noti-america.com\/site\/repdom\/2020\/07\/26\/conciertos-virtuales-en-republica-dominicana\/\" \/>\n<meta property=\"og:locale\" content=\"es_ES\" \/>\n<meta property=\"og:type\" content=\"article\" \/>\n<meta property=\"og:title\" content=\"Conciertos Virtuales en Rep\u00fablica Dominicana\" \/>\n<meta property=\"og:description\" content=\"NOTI-AM\u00c9RICA REP\u00daBLICA DOMINICANA Por : Arq. Danilka Mej\u00eda Valdez. 26 Julio 2020. Gracias a la tecnolog\u00eda \u00a0la m\u00fasica se expande\u00a0 mediante distintas\u00a0 plataformas digitales, mostrando\u00a0 espect\u00e1culos en vivo y virtuales, a pesar de la&#046;&#046;&#046;\" \/>\n<meta property=\"og:url\" content=\"https:\/\/noti-america.com\/site\/repdom\/2020\/07\/26\/conciertos-virtuales-en-republica-dominicana\/\" \/>\n<meta property=\"og:site_name\" content=\"Rep. Dominicana | Noti-America.com\" \/>\n<meta property=\"article:published_time\" content=\"2020-07-26T17:56:56+00:00\" \/>\n<meta property=\"article:modified_time\" content=\"2020-07-26T18:58:20+00:00\" \/>\n<meta property=\"og:image\" content=\"https:\/\/noti-america.com\/site\/repdom\/wp-content\/uploads\/sites\/6\/2020\/07\/Imagen2.png\" \/>\n\t<meta property=\"og:image:width\" content=\"1500\" \/>\n\t<meta property=\"og:image:height\" content=\"972\" \/>\n\t<meta property=\"og:image:type\" content=\"image\/png\" \/>\n<meta name=\"author\" content=\"Danilka Mejia\" \/>\n<meta name=\"twitter:card\" content=\"summary_large_image\" \/>\n<meta name=\"twitter:creator\" content=\"@MejiaValdezRD\" \/>\n<meta name=\"twitter:label1\" content=\"Escrito por\" \/>\n\t<meta name=\"twitter:data1\" content=\"Danilka Mejia\" \/>\n\t<meta name=\"twitter:label2\" content=\"Tiempo estimado de lectura\" \/>\n\t<meta name=\"twitter:data2\" content=\"2 minutos\" \/>\n<script type=\"application\/ld+json\" class=\"yoast-schema-graph\">{\"@context\":\"https:\/\/schema.org\",\"@graph\":[{\"@type\":\"Article\",\"@id\":\"https:\/\/noti-america.com\/site\/repdom\/2020\/07\/26\/conciertos-virtuales-en-republica-dominicana\/#article\",\"isPartOf\":{\"@id\":\"https:\/\/noti-america.com\/site\/repdom\/2020\/07\/26\/conciertos-virtuales-en-republica-dominicana\/\"},\"author\":{\"name\":\"Danilka Mejia\",\"@id\":\"https:\/\/noti-america.com\/site\/repdom\/#\/schema\/person\/5bde7c8614301322fd0fce621af68ac9\"},\"headline\":\"Conciertos Virtuales en Rep\u00fablica Dominicana\",\"datePublished\":\"2020-07-26T17:56:56+00:00\",\"dateModified\":\"2020-07-26T18:58:20+00:00\",\"mainEntityOfPage\":{\"@id\":\"https:\/\/noti-america.com\/site\/repdom\/2020\/07\/26\/conciertos-virtuales-en-republica-dominicana\/\"},\"wordCount\":359,\"commentCount\":0,\"publisher\":{\"@id\":\"https:\/\/noti-america.com\/site\/repdom\/#organization\"},\"image\":{\"@id\":\"https:\/\/noti-america.com\/site\/repdom\/2020\/07\/26\/conciertos-virtuales-en-republica-dominicana\/#primaryimage\"},\"thumbnailUrl\":\"https:\/\/noti-america.com\/site\/repdom\/wp-content\/uploads\/sites\/6\/2020\/07\/Imagen2.png\",\"keywords\":[\"Conciertos Virtuales\",\"Rep\u00fablica Dominicana\"],\"articleSection\":[\"Arte y Espect\u00e1culos\"],\"inLanguage\":\"es\",\"potentialAction\":[{\"@type\":\"CommentAction\",\"name\":\"Comment\",\"target\":[\"https:\/\/noti-america.com\/site\/repdom\/2020\/07\/26\/conciertos-virtuales-en-republica-dominicana\/#respond\"]}]},{\"@type\":\"WebPage\",\"@id\":\"https:\/\/noti-america.com\/site\/repdom\/2020\/07\/26\/conciertos-virtuales-en-republica-dominicana\/\",\"url\":\"https:\/\/noti-america.com\/site\/repdom\/2020\/07\/26\/conciertos-virtuales-en-republica-dominicana\/\",\"name\":\"Conciertos Virtuales en Rep\u00fablica Dominicana - Rep. Dominicana | Noti-America.com\",\"isPartOf\":{\"@id\":\"https:\/\/noti-america.com\/site\/repdom\/#website\"},\"primaryImageOfPage\":{\"@id\":\"https:\/\/noti-america.com\/site\/repdom\/2020\/07\/26\/conciertos-virtuales-en-republica-dominicana\/#primaryimage\"},\"image\":{\"@id\":\"https:\/\/noti-america.com\/site\/repdom\/2020\/07\/26\/conciertos-virtuales-en-republica-dominicana\/#primaryimage\"},\"thumbnailUrl\":\"https:\/\/noti-america.com\/site\/repdom\/wp-content\/uploads\/sites\/6\/2020\/07\/Imagen2.png\",\"datePublished\":\"2020-07-26T17:56:56+00:00\",\"dateModified\":\"2020-07-26T18:58:20+00:00\",\"breadcrumb\":{\"@id\":\"https:\/\/noti-america.com\/site\/repdom\/2020\/07\/26\/conciertos-virtuales-en-republica-dominicana\/#breadcrumb\"},\"inLanguage\":\"es\",\"potentialAction\":[{\"@type\":\"ReadAction\",\"target\":[\"https:\/\/noti-america.com\/site\/repdom\/2020\/07\/26\/conciertos-virtuales-en-republica-dominicana\/\"]}]},{\"@type\":\"ImageObject\",\"inLanguage\":\"es\",\"@id\":\"https:\/\/noti-america.com\/site\/repdom\/2020\/07\/26\/conciertos-virtuales-en-republica-dominicana\/#primaryimage\",\"url\":\"https:\/\/noti-america.com\/site\/repdom\/wp-content\/uploads\/sites\/6\/2020\/07\/Imagen2.png\",\"contentUrl\":\"https:\/\/noti-america.com\/site\/repdom\/wp-content\/uploads\/sites\/6\/2020\/07\/Imagen2.png\",\"width\":1500,\"height\":972},{\"@type\":\"BreadcrumbList\",\"@id\":\"https:\/\/noti-america.com\/site\/repdom\/2020\/07\/26\/conciertos-virtuales-en-republica-dominicana\/#breadcrumb\",\"itemListElement\":[{\"@type\":\"ListItem\",\"position\":1,\"name\":\"Portada\",\"item\":\"https:\/\/noti-america.com\/site\/repdom\/\"},{\"@type\":\"ListItem\",\"position\":2,\"name\":\"Conciertos Virtuales en Rep\u00fablica Dominicana\"}]},{\"@type\":\"WebSite\",\"@id\":\"https:\/\/noti-america.com\/site\/repdom\/#website\",\"url\":\"https:\/\/noti-america.com\/site\/repdom\/\",\"name\":\"Rep. Dominicana | Noti-America.com\",\"description\":\"\",\"publisher\":{\"@id\":\"https:\/\/noti-america.com\/site\/repdom\/#organization\"},\"potentialAction\":[{\"@type\":\"SearchAction\",\"target\":{\"@type\":\"EntryPoint\",\"urlTemplate\":\"https:\/\/noti-america.com\/site\/repdom\/?s={search_term_string}\"},\"query-input\":{\"@type\":\"PropertyValueSpecification\",\"valueRequired\":true,\"valueName\":\"search_term_string\"}}],\"inLanguage\":\"es\"},{\"@type\":\"Organization\",\"@id\":\"https:\/\/noti-america.com\/site\/repdom\/#organization\",\"name\":\"Noti-America LLC | Rep\u00fablica Dominicana\",\"url\":\"https:\/\/noti-america.com\/site\/repdom\/\",\"logo\":{\"@type\":\"ImageObject\",\"inLanguage\":\"es\",\"@id\":\"https:\/\/noti-america.com\/site\/repdom\/#\/schema\/logo\/image\/\",\"url\":\"https:\/\/noti-america.com\/site\/repdom\/wp-content\/uploads\/sites\/6\/2020\/07\/LogoNA-4x3-1.jpg\",\"contentUrl\":\"https:\/\/noti-america.com\/site\/repdom\/wp-content\/uploads\/sites\/6\/2020\/07\/LogoNA-4x3-1.jpg\",\"width\":1236,\"height\":1080,\"caption\":\"Noti-America LLC | Rep\u00fablica Dominicana\"},\"image\":{\"@id\":\"https:\/\/noti-america.com\/site\/repdom\/#\/schema\/logo\/image\/\"}},{\"@type\":\"Person\",\"@id\":\"https:\/\/noti-america.com\/site\/repdom\/#\/schema\/person\/5bde7c8614301322fd0fce621af68ac9\",\"name\":\"Danilka Mejia\",\"image\":{\"@type\":\"ImageObject\",\"inLanguage\":\"es\",\"@id\":\"https:\/\/secure.gravatar.com\/avatar\/9bcb08bb5654a80ea1803fd02d1cf7a6ae004f047558403ab4c074be762ba8d5?s=96&d=mm&r=g\",\"url\":\"https:\/\/secure.gravatar.com\/avatar\/9bcb08bb5654a80ea1803fd02d1cf7a6ae004f047558403ab4c074be762ba8d5?s=96&d=mm&r=g\",\"contentUrl\":\"https:\/\/secure.gravatar.com\/avatar\/9bcb08bb5654a80ea1803fd02d1cf7a6ae004f047558403ab4c074be762ba8d5?s=96&d=mm&r=g\",\"caption\":\"Danilka Mejia\"},\"description\":\"Soy Speaker del segmento: \u201cDescubre, Transforma y Decora\u201d , tambi\u00e9n formo parte del equipo del dise\u00f1o gr\u00e1fico del programa Juntos En Familia (Galardonado como mejor programa de emisora digital de la Rep. Dom.) .Arquitecta en Rodr\u00edguez Plumbing Contractors Internacional,LLC. Creadora de contenido para Redes Sociales . Soy asesora sobre Arquitectura, Dise\u00f1o, Orden y Limpieza.\",\"sameAs\":[\"https:\/\/x.com\/MejiaValdezRD\"],\"url\":\"https:\/\/noti-america.com\/site\/repdom\/author\/dmejia\/\"}]}<\/script>\n<!-- \/ Yoast SEO Premium plugin. -->","yoast_head_json":{"title":"Conciertos Virtuales en Rep\u00fablica Dominicana - Rep. Dominicana | Noti-America.com","robots":{"index":"index","follow":"follow","max-snippet":"max-snippet:-1","max-image-preview":"max-image-preview:large","max-video-preview":"max-video-preview:-1"},"canonical":"https:\/\/noti-america.com\/site\/repdom\/2020\/07\/26\/conciertos-virtuales-en-republica-dominicana\/","og_locale":"es_ES","og_type":"article","og_title":"Conciertos Virtuales en Rep\u00fablica Dominicana","og_description":"NOTI-AM\u00c9RICA REP\u00daBLICA DOMINICANA Por : Arq. Danilka Mej\u00eda Valdez. 26 Julio 2020. Gracias a la tecnolog\u00eda \u00a0la m\u00fasica se expande\u00a0 mediante distintas\u00a0 plataformas digitales, mostrando\u00a0 espect\u00e1culos en vivo y virtuales, a pesar de la&#46;&#46;&#46;","og_url":"https:\/\/noti-america.com\/site\/repdom\/2020\/07\/26\/conciertos-virtuales-en-republica-dominicana\/","og_site_name":"Rep. Dominicana | Noti-America.com","article_published_time":"2020-07-26T17:56:56+00:00","article_modified_time":"2020-07-26T18:58:20+00:00","og_image":[{"width":1500,"height":972,"url":"https:\/\/noti-america.com\/site\/repdom\/wp-content\/uploads\/sites\/6\/2020\/07\/Imagen2.png","type":"image\/png"}],"author":"Danilka Mejia","twitter_card":"summary_large_image","twitter_creator":"@MejiaValdezRD","twitter_misc":{"Escrito por":"Danilka Mejia","Tiempo estimado de lectura":"2 minutos"},"schema":{"@context":"https:\/\/schema.org","@graph":[{"@type":"Article","@id":"https:\/\/noti-america.com\/site\/repdom\/2020\/07\/26\/conciertos-virtuales-en-republica-dominicana\/#article","isPartOf":{"@id":"https:\/\/noti-america.com\/site\/repdom\/2020\/07\/26\/conciertos-virtuales-en-republica-dominicana\/"},"author":{"name":"Danilka Mejia","@id":"https:\/\/noti-america.com\/site\/repdom\/#\/schema\/person\/5bde7c8614301322fd0fce621af68ac9"},"headline":"Conciertos Virtuales en Rep\u00fablica Dominicana","datePublished":"2020-07-26T17:56:56+00:00","dateModified":"2020-07-26T18:58:20+00:00","mainEntityOfPage":{"@id":"https:\/\/noti-america.com\/site\/repdom\/2020\/07\/26\/conciertos-virtuales-en-republica-dominicana\/"},"wordCount":359,"commentCount":0,"publisher":{"@id":"https:\/\/noti-america.com\/site\/repdom\/#organization"},"image":{"@id":"https:\/\/noti-america.com\/site\/repdom\/2020\/07\/26\/conciertos-virtuales-en-republica-dominicana\/#primaryimage"},"thumbnailUrl":"https:\/\/noti-america.com\/site\/repdom\/wp-content\/uploads\/sites\/6\/2020\/07\/Imagen2.png","keywords":["Conciertos Virtuales","Rep\u00fablica Dominicana"],"articleSection":["Arte y Espect\u00e1culos"],"inLanguage":"es","potentialAction":[{"@type":"CommentAction","name":"Comment","target":["https:\/\/noti-america.com\/site\/repdom\/2020\/07\/26\/conciertos-virtuales-en-republica-dominicana\/#respond"]}]},{"@type":"WebPage","@id":"https:\/\/noti-america.com\/site\/repdom\/2020\/07\/26\/conciertos-virtuales-en-republica-dominicana\/","url":"https:\/\/noti-america.com\/site\/repdom\/2020\/07\/26\/conciertos-virtuales-en-republica-dominicana\/","name":"Conciertos Virtuales en Rep\u00fablica Dominicana - Rep. Dominicana | Noti-America.com","isPartOf":{"@id":"https:\/\/noti-america.com\/site\/repdom\/#website"},"primaryImageOfPage":{"@id":"https:\/\/noti-america.com\/site\/repdom\/2020\/07\/26\/conciertos-virtuales-en-republica-dominicana\/#primaryimage"},"image":{"@id":"https:\/\/noti-america.com\/site\/repdom\/2020\/07\/26\/conciertos-virtuales-en-republica-dominicana\/#primaryimage"},"thumbnailUrl":"https:\/\/noti-america.com\/site\/repdom\/wp-content\/uploads\/sites\/6\/2020\/07\/Imagen2.png","datePublished":"2020-07-26T17:56:56+00:00","dateModified":"2020-07-26T18:58:20+00:00","breadcrumb":{"@id":"https:\/\/noti-america.com\/site\/repdom\/2020\/07\/26\/conciertos-virtuales-en-republica-dominicana\/#breadcrumb"},"inLanguage":"es","potentialAction":[{"@type":"ReadAction","target":["https:\/\/noti-america.com\/site\/repdom\/2020\/07\/26\/conciertos-virtuales-en-republica-dominicana\/"]}]},{"@type":"ImageObject","inLanguage":"es","@id":"https:\/\/noti-america.com\/site\/repdom\/2020\/07\/26\/conciertos-virtuales-en-republica-dominicana\/#primaryimage","url":"https:\/\/noti-america.com\/site\/repdom\/wp-content\/uploads\/sites\/6\/2020\/07\/Imagen2.png","contentUrl":"https:\/\/noti-america.com\/site\/repdom\/wp-content\/uploads\/sites\/6\/2020\/07\/Imagen2.png","width":1500,"height":972},{"@type":"BreadcrumbList","@id":"https:\/\/noti-america.com\/site\/repdom\/2020\/07\/26\/conciertos-virtuales-en-republica-dominicana\/#breadcrumb","itemListElement":[{"@type":"ListItem","position":1,"name":"Portada","item":"https:\/\/noti-america.com\/site\/repdom\/"},{"@type":"ListItem","position":2,"name":"Conciertos Virtuales en Rep\u00fablica Dominicana"}]},{"@type":"WebSite","@id":"https:\/\/noti-america.com\/site\/repdom\/#website","url":"https:\/\/noti-america.com\/site\/repdom\/","name":"Rep. Dominicana | Noti-America.com","description":"","publisher":{"@id":"https:\/\/noti-america.com\/site\/repdom\/#organization"},"potentialAction":[{"@type":"SearchAction","target":{"@type":"EntryPoint","urlTemplate":"https:\/\/noti-america.com\/site\/repdom\/?s={search_term_string}"},"query-input":{"@type":"PropertyValueSpecification","valueRequired":true,"valueName":"search_term_string"}}],"inLanguage":"es"},{"@type":"Organization","@id":"https:\/\/noti-america.com\/site\/repdom\/#organization","name":"Noti-America LLC | Rep\u00fablica Dominicana","url":"https:\/\/noti-america.com\/site\/repdom\/","logo":{"@type":"ImageObject","inLanguage":"es","@id":"https:\/\/noti-america.com\/site\/repdom\/#\/schema\/logo\/image\/","url":"https:\/\/noti-america.com\/site\/repdom\/wp-content\/uploads\/sites\/6\/2020\/07\/LogoNA-4x3-1.jpg","contentUrl":"https:\/\/noti-america.com\/site\/repdom\/wp-content\/uploads\/sites\/6\/2020\/07\/LogoNA-4x3-1.jpg","width":1236,"height":1080,"caption":"Noti-America LLC | Rep\u00fablica Dominicana"},"image":{"@id":"https:\/\/noti-america.com\/site\/repdom\/#\/schema\/logo\/image\/"}},{"@type":"Person","@id":"https:\/\/noti-america.com\/site\/repdom\/#\/schema\/person\/5bde7c8614301322fd0fce621af68ac9","name":"Danilka Mejia","image":{"@type":"ImageObject","inLanguage":"es","@id":"https:\/\/secure.gravatar.com\/avatar\/9bcb08bb5654a80ea1803fd02d1cf7a6ae004f047558403ab4c074be762ba8d5?s=96&d=mm&r=g","url":"https:\/\/secure.gravatar.com\/avatar\/9bcb08bb5654a80ea1803fd02d1cf7a6ae004f047558403ab4c074be762ba8d5?s=96&d=mm&r=g","contentUrl":"https:\/\/secure.gravatar.com\/avatar\/9bcb08bb5654a80ea1803fd02d1cf7a6ae004f047558403ab4c074be762ba8d5?s=96&d=mm&r=g","caption":"Danilka Mejia"},"description":"Soy Speaker del segmento: \u201cDescubre, Transforma y Decora\u201d , tambi\u00e9n formo parte del equipo del dise\u00f1o gr\u00e1fico del programa Juntos En Familia (Galardonado como mejor programa de emisora digital de la Rep. Dom.) .Arquitecta en Rodr\u00edguez Plumbing Contractors Internacional,LLC. Creadora de contenido para Redes Sociales . Soy asesora sobre Arquitectura, Dise\u00f1o, Orden y Limpieza.","sameAs":["https:\/\/x.com\/MejiaValdezRD"],"url":"https:\/\/noti-america.com\/site\/repdom\/author\/dmejia\/"}]}},"_links":{"self":[{"href":"https:\/\/noti-america.com\/site\/repdom\/wp-json\/wp\/v2\/posts\/2378","targetHints":{"allow":["GET"]}}],"collection":[{"href":"https:\/\/noti-america.com\/site\/repdom\/wp-json\/wp\/v2\/posts"}],"about":[{"href":"https:\/\/noti-america.com\/site\/repdom\/wp-json\/wp\/v2\/types\/post"}],"author":[{"embeddable":true,"href":"https:\/\/noti-america.com\/site\/repdom\/wp-json\/wp\/v2\/users\/97"}],"replies":[{"embeddable":true,"href":"https:\/\/noti-america.com\/site\/repdom\/wp-json\/wp\/v2\/comments?post=2378"}],"version-history":[{"count":5,"href":"https:\/\/noti-america.com\/site\/repdom\/wp-json\/wp\/v2\/posts\/2378\/revisions"}],"predecessor-version":[{"id":2383,"href":"https:\/\/noti-america.com\/site\/repdom\/wp-json\/wp\/v2\/posts\/2378\/revisions\/2383"}],"wp:featuredmedia":[{"embeddable":true,"href":"https:\/\/noti-america.com\/site\/repdom\/wp-json\/wp\/v2\/media\/2384"}],"wp:attachment":[{"href":"https:\/\/noti-america.com\/site\/repdom\/wp-json\/wp\/v2\/media?parent=2378"}],"wp:term":[{"taxonomy":"category","embeddable":true,"href":"https:\/\/noti-america.com\/site\/repdom\/wp-json\/wp\/v2\/categories?post=2378"},{"taxonomy":"post_tag","embeddable":true,"href":"https:\/\/noti-america.com\/site\/repdom\/wp-json\/wp\/v2\/tags?post=2378"}],"curies":[{"name":"wp","href":"https:\/\/api.w.org\/{rel}","templated":true}]}}