{"id":23694,"date":"2023-08-22T15:04:54","date_gmt":"2023-08-22T15:04:54","guid":{"rendered":"https:\/\/noti-america.com\/site\/repdom\/?p=23694"},"modified":"2023-08-22T15:04:54","modified_gmt":"2023-08-22T15:04:54","slug":"ruben-blades-el-poeta-de-la-salsa-se-presenta-el-proximo-29-de-septiembre","status":"publish","type":"post","link":"https:\/\/noti-america.com\/site\/repdom\/2023\/08\/22\/ruben-blades-el-poeta-de-la-salsa-se-presenta-el-proximo-29-de-septiembre\/","title":{"rendered":"RUB\u00c9N BLADES, EL POETA DE LA SALSA SE PRESENTA EL PR\u00d3XIMO 29 DE SEPTIEMBRE"},"content":{"rendered":"<p><img loading=\"lazy\" decoding=\"async\" class=\"alignnone size-medium wp-image-23695\" src=\"https:\/\/noti-america.com\/site\/repdom\/wp-content\/uploads\/sites\/6\/2023\/08\/RB-por-Luis-Carlos-Garciia-207x300.jpg\" alt=\"\" width=\"207\" height=\"300\" srcset=\"https:\/\/noti-america.com\/site\/repdom\/wp-content\/uploads\/sites\/6\/2023\/08\/RB-por-Luis-Carlos-Garciia-207x300.jpg 207w, https:\/\/noti-america.com\/site\/repdom\/wp-content\/uploads\/sites\/6\/2023\/08\/RB-por-Luis-Carlos-Garciia-708x1024.jpg 708w, https:\/\/noti-america.com\/site\/repdom\/wp-content\/uploads\/sites\/6\/2023\/08\/RB-por-Luis-Carlos-Garciia-768x1111.jpg 768w, https:\/\/noti-america.com\/site\/repdom\/wp-content\/uploads\/sites\/6\/2023\/08\/RB-por-Luis-Carlos-Garciia-1062x1536.jpg 1062w, https:\/\/noti-america.com\/site\/repdom\/wp-content\/uploads\/sites\/6\/2023\/08\/RB-por-Luis-Carlos-Garciia-1416x2048.jpg 1416w, https:\/\/noti-america.com\/site\/repdom\/wp-content\/uploads\/sites\/6\/2023\/08\/RB-por-Luis-Carlos-Garciia-scaled.jpg 1770w\" sizes=\"auto, (max-width: 207px) 100vw, 207px\" \/><\/p>\n<p><em><span style=\"font-size: 14pt\">NOTI-AMERICA REP\u00daBLICA DOMINICANA<\/span><\/em><\/p>\n<p style=\"text-align: center\"><strong><em>El m\u00fasico paname\u00f1o se reencontrar\u00e1 con el p\u00fablico dominicano en el PABELL\u00d3N DE VOLLEYBALL, combinando sus \u00e9xitos de siempre con material de su laureado \u00e1lbum SALSWING!<\/em><\/strong><\/p>\n<div style=\"text-align: justify\"><strong><span style=\"font-size: 14pt\">Santo Domingo.-<\/span><\/strong>\u00a0El multifac\u00e9tico m\u00fasico, actor y activista paname\u00f1o, Rub\u00e9n Blades presentar\u00e1 su SALSWING TOUR!, junto a la Roberto Delgado y Orquesta, de Panam\u00e1, el pr\u00f3ximo 29 de agosto, en Pabell\u00f3n de Volleyball.<\/div>\n<div style=\"text-align: justify\"><\/div>\n<div style=\"text-align: justify\">La leyenda de la m\u00fasica latinoamericana, celebrar\u00e1 con el p\u00fablico dominicano sus m\u00e1s de 50 a\u00f1os de carrera musical, con una propuesta \u00fanica que incluir\u00e1 sus \u00e9xitos de siempre y temas de su premiada producci\u00f3n SALSWING! y que le da nombre a su Salswing Tour! que se inici\u00f3 en 2021 por Estados Unidos, continu\u00f3 en 2022 por Colombia, Puerto Rico, Catalunya y Panam\u00e1, con \u00e9xito absoluto, el show fue aclamado por el p\u00fablico, con escenarios llenos y con el favor de la cr\u00edtica.<\/div>\n<div style=\"text-align: justify\"><\/div>\n<div style=\"text-align: justify\">Luego del final de la producci\u00f3n, \u201cFear the Walking Dead\u201d, en donde protagoniz\u00f3 uno de los roles principales durante las 8 temporadas interrumpidas de la serie, Rub\u00e9n Blades retoma las giras en 2023, con su Salswing Tour!, llevando su repertorio musical a Buenas Aires, Santiago de Chile, Barcelona, Pirineos, Madrid, Jerez de la Frontera, Marbella, Cartagena, La Coru\u00f1a, Tenerife, Medell\u00edn, Bogot\u00e1, Cali, Barranquilla, Los \u00c1ngeles, Miami, New York, Houston, Orlando y M\u00e9xico, Costa Rica y Rep. Dominicana.<\/div>\n<div style=\"text-align: justify\"><\/div>\n<div style=\"text-align: justify\">Distinguido como \u201cPersona del A\u00f1o 2021\u201d y ganador de \u201cMejor \u00c1lbum del A\u00f1o\u201d y de \u201cMejor \u00c1lbum de Salsa\u201d, en la edici\u00f3n de ese mismo a\u00f1o de los Premios Latin Grammy, esta producci\u00f3n de Blades tambi\u00e9n fue reconocida en 2022 como mejor disco de salsa en la versi\u00f3n estadounidense de los premios Grammy.<\/div>\n<div style=\"text-align: justify\"><\/div>\n<div style=\"text-align: justify\">Cabe destacar que, en 2020, Blades fue condecorado con la Medalla de Oro al M\u00e9rito en las Bellas Artes otorgada por el Ministerio de Cultura de Espa\u00f1a y en 2021 con la Medalla de las Artes otorgada por la Universidad de Harvard (siendo el artista de origen primer latino en recibirla).<\/div>\n<div style=\"text-align: justify\"><\/div>\n<div style=\"text-align: justify\">Rub\u00e9n Blades es un artista polifac\u00e9tico que ha trascendido m\u00e1s all\u00e1 de la m\u00fasica, como actor de cine y series, como escritor, como activista pol\u00edtico y fungiendo como servidor p\u00fablico en el cargo de Ministro de Turismo de Panam\u00e1 (entre 2004 y 2009). \u00a0Sus escritos y art\u00edculos de opini\u00f3n, \u201cApuntes desde la Esquina\u201d y \u201cDiario de la Peste\u201d publicados en su p\u00e1gina web, son y han sido comentados y reproducidos en por diferentes medios y por agencias period\u00edsticas internacionales.<\/div>\n<div style=\"text-align: justify\"><\/div>\n<div style=\"text-align: justify\">Con 22 Premios Grammy (11 Grammy Latinos y 11 Grammy Anglos) y m\u00e1s de 50 discos publicados que han dejado una huella imborrable en la historia de la m\u00fasica, \u201cEl poeta de la salsa\u201d se presentar\u00e1 acompa\u00f1ado por Roberto Delgado Big Band conformada por de 20 incre\u00edbles m\u00fasicos paname\u00f1os, que desde el a\u00f1o 2010, vienen acompa\u00f1ando a Rub\u00e9n Blades en los m\u00e1s prestigiosos festivales y salas alrededor del mundo.<\/div>\n<div style=\"text-align: justify\"><\/div>\n<div style=\"text-align: justify\">Las boletas para este show estar\u00e1n en preventa exclusiva para tarjetas Banreservas con un 15% de descuento del 21 al 23 de agosto a trav\u00e9s de\u00a0<a href=\"http:\/\/tuboleta.com.do\/\" target=\"_blank\" rel=\"noopener\" data-saferedirecturl=\"https:\/\/www.google.com\/url?q=http:\/\/tuboleta.com.do&amp;source=gmail&amp;ust=1692799753022000&amp;usg=AOvVaw0mZ-ZkER0Ml48UF4kvk_VM\">tuboleta.com.do<\/a>\u00a0; La venta general para cualquier medio de pago estar\u00e1 disponible desde el 24 de agosto.<\/div>\n<p style=\"text-align: justify\"><img loading=\"lazy\" decoding=\"async\" class=\"alignnone size-medium wp-image-23696\" src=\"https:\/\/noti-america.com\/site\/repdom\/wp-content\/uploads\/sites\/6\/2023\/08\/POST-PREVENTA-300x300.png\" alt=\"\" width=\"300\" height=\"300\" srcset=\"https:\/\/noti-america.com\/site\/repdom\/wp-content\/uploads\/sites\/6\/2023\/08\/POST-PREVENTA-300x300.png 300w, https:\/\/noti-america.com\/site\/repdom\/wp-content\/uploads\/sites\/6\/2023\/08\/POST-PREVENTA-1024x1024.png 1024w, https:\/\/noti-america.com\/site\/repdom\/wp-content\/uploads\/sites\/6\/2023\/08\/POST-PREVENTA-150x150.png 150w, https:\/\/noti-america.com\/site\/repdom\/wp-content\/uploads\/sites\/6\/2023\/08\/POST-PREVENTA-768x768.png 768w, https:\/\/noti-america.com\/site\/repdom\/wp-content\/uploads\/sites\/6\/2023\/08\/POST-PREVENTA-80x80.png 80w, https:\/\/noti-america.com\/site\/repdom\/wp-content\/uploads\/sites\/6\/2023\/08\/POST-PREVENTA-320x320.png 320w, https:\/\/noti-america.com\/site\/repdom\/wp-content\/uploads\/sites\/6\/2023\/08\/POST-PREVENTA.png 1500w\" sizes=\"auto, (max-width: 300px) 100vw, 300px\" \/><\/p>\n","protected":false},"excerpt":{"rendered":"<p>NOTI-AMERICA REP\u00daBLICA DOMINICANA El m\u00fasico paname\u00f1o se reencontrar\u00e1 con el p\u00fablico dominicano en el PABELL\u00d3N DE VOLLEYBALL, combinando sus \u00e9xitos de siempre con material de su laureado \u00e1lbum SALSWING! Santo Domingo.-\u00a0El multifac\u00e9tico m\u00fasico, actor&#46;&#46;&#46;<\/p>\n","protected":false},"author":92,"featured_media":23695,"comment_status":"open","ping_status":"open","sticky":false,"template":"","format":"gallery","meta":{"_acf_changed":false,"rop_custom_images_group":[],"rop_custom_messages_group":[],"rop_publish_now":"initial","rop_publish_now_accounts":[],"rop_publish_now_history":[],"rop_publish_now_status":"pending","footnotes":""},"categories":[277,8],"tags":[3403],"class_list":["post-23694","post","type-post","status-publish","format-gallery","has-post-thumbnail","hentry","category-acturalidad","category-arte-y-espectaculos","tag-rubenblades-concierto-santodomingo","post_format-post-format-gallery"],"acf":[],"yoast_head":"<!-- This site is optimized with the Yoast SEO Premium plugin v24.9 (Yoast SEO v27.2) - https:\/\/yoast.com\/product\/yoast-seo-premium-wordpress\/ -->\n<title>RUB\u00c9N BLADES, EL POETA DE LA SALSA SE PRESENTA EL PR\u00d3XIMO 29 DE SEPTIEMBRE - Rep. Dominicana | Noti-America.com<\/title>\n<meta name=\"robots\" content=\"index, follow, max-snippet:-1, max-image-preview:large, max-video-preview:-1\" \/>\n<link rel=\"canonical\" href=\"https:\/\/noti-america.com\/site\/repdom\/2023\/08\/22\/ruben-blades-el-poeta-de-la-salsa-se-presenta-el-proximo-29-de-septiembre\/\" \/>\n<meta property=\"og:locale\" content=\"es_ES\" \/>\n<meta property=\"og:type\" content=\"article\" \/>\n<meta property=\"og:title\" content=\"RUB\u00c9N BLADES, EL POETA DE LA SALSA SE PRESENTA EL PR\u00d3XIMO 29 DE SEPTIEMBRE\" \/>\n<meta property=\"og:description\" content=\"NOTI-AMERICA REP\u00daBLICA DOMINICANA El m\u00fasico paname\u00f1o se reencontrar\u00e1 con el p\u00fablico dominicano en el PABELL\u00d3N DE VOLLEYBALL, combinando sus \u00e9xitos de siempre con material de su laureado \u00e1lbum SALSWING! Santo Domingo.-\u00a0El multifac\u00e9tico m\u00fasico, actor&#046;&#046;&#046;\" \/>\n<meta property=\"og:url\" content=\"https:\/\/noti-america.com\/site\/repdom\/2023\/08\/22\/ruben-blades-el-poeta-de-la-salsa-se-presenta-el-proximo-29-de-septiembre\/\" \/>\n<meta property=\"og:site_name\" content=\"Rep. Dominicana | Noti-America.com\" \/>\n<meta property=\"article:published_time\" content=\"2023-08-22T15:04:54+00:00\" \/>\n<meta property=\"og:image\" content=\"https:\/\/noti-america.com\/site\/repdom\/wp-content\/uploads\/sites\/6\/2023\/08\/RB-por-Luis-Carlos-Garciia-scaled.jpg\" \/>\n\t<meta property=\"og:image:width\" content=\"1770\" \/>\n\t<meta property=\"og:image:height\" content=\"2560\" \/>\n\t<meta property=\"og:image:type\" content=\"image\/jpeg\" \/>\n<meta name=\"author\" content=\"Sueanny Guzm\u00e1n\" \/>\n<meta name=\"twitter:card\" content=\"summary_large_image\" \/>\n<meta name=\"twitter:creator\" content=\"@sueannyguzmanrd\" \/>\n<meta name=\"twitter:label1\" content=\"Escrito por\" \/>\n\t<meta name=\"twitter:data1\" content=\"Sueanny Guzm\u00e1n\" \/>\n\t<meta name=\"twitter:label2\" content=\"Tiempo estimado de lectura\" \/>\n\t<meta name=\"twitter:data2\" content=\"3 minutos\" \/>\n<script type=\"application\/ld+json\" class=\"yoast-schema-graph\">{\"@context\":\"https:\/\/schema.org\",\"@graph\":[{\"@type\":\"Article\",\"@id\":\"https:\/\/noti-america.com\/site\/repdom\/2023\/08\/22\/ruben-blades-el-poeta-de-la-salsa-se-presenta-el-proximo-29-de-septiembre\/#article\",\"isPartOf\":{\"@id\":\"https:\/\/noti-america.com\/site\/repdom\/2023\/08\/22\/ruben-blades-el-poeta-de-la-salsa-se-presenta-el-proximo-29-de-septiembre\/\"},\"author\":{\"name\":\"Sueanny Guzm\u00e1n\",\"@id\":\"https:\/\/noti-america.com\/site\/repdom\/#\/schema\/person\/3e41f2e0a88de2dbfa74310de6e08c3b\"},\"headline\":\"RUB\u00c9N BLADES, EL POETA DE LA SALSA SE PRESENTA EL PR\u00d3XIMO 29 DE SEPTIEMBRE\",\"datePublished\":\"2023-08-22T15:04:54+00:00\",\"mainEntityOfPage\":{\"@id\":\"https:\/\/noti-america.com\/site\/repdom\/2023\/08\/22\/ruben-blades-el-poeta-de-la-salsa-se-presenta-el-proximo-29-de-septiembre\/\"},\"wordCount\":566,\"commentCount\":0,\"publisher\":{\"@id\":\"https:\/\/noti-america.com\/site\/repdom\/#organization\"},\"image\":{\"@id\":\"https:\/\/noti-america.com\/site\/repdom\/2023\/08\/22\/ruben-blades-el-poeta-de-la-salsa-se-presenta-el-proximo-29-de-septiembre\/#primaryimage\"},\"thumbnailUrl\":\"https:\/\/noti-america.com\/site\/repdom\/wp-content\/uploads\/sites\/6\/2023\/08\/RB-por-Luis-Carlos-Garciia-scaled.jpg\",\"keywords\":[\"#RubenBlades #Concierto #SantoDomingo\"],\"articleSection\":[\"Actualidad\",\"Arte y Espect\u00e1culos\"],\"inLanguage\":\"es\",\"potentialAction\":[{\"@type\":\"CommentAction\",\"name\":\"Comment\",\"target\":[\"https:\/\/noti-america.com\/site\/repdom\/2023\/08\/22\/ruben-blades-el-poeta-de-la-salsa-se-presenta-el-proximo-29-de-septiembre\/#respond\"]}]},{\"@type\":\"WebPage\",\"@id\":\"https:\/\/noti-america.com\/site\/repdom\/2023\/08\/22\/ruben-blades-el-poeta-de-la-salsa-se-presenta-el-proximo-29-de-septiembre\/\",\"url\":\"https:\/\/noti-america.com\/site\/repdom\/2023\/08\/22\/ruben-blades-el-poeta-de-la-salsa-se-presenta-el-proximo-29-de-septiembre\/\",\"name\":\"RUB\u00c9N BLADES, EL POETA DE LA SALSA SE PRESENTA EL PR\u00d3XIMO 29 DE SEPTIEMBRE - Rep. Dominicana | Noti-America.com\",\"isPartOf\":{\"@id\":\"https:\/\/noti-america.com\/site\/repdom\/#website\"},\"primaryImageOfPage\":{\"@id\":\"https:\/\/noti-america.com\/site\/repdom\/2023\/08\/22\/ruben-blades-el-poeta-de-la-salsa-se-presenta-el-proximo-29-de-septiembre\/#primaryimage\"},\"image\":{\"@id\":\"https:\/\/noti-america.com\/site\/repdom\/2023\/08\/22\/ruben-blades-el-poeta-de-la-salsa-se-presenta-el-proximo-29-de-septiembre\/#primaryimage\"},\"thumbnailUrl\":\"https:\/\/noti-america.com\/site\/repdom\/wp-content\/uploads\/sites\/6\/2023\/08\/RB-por-Luis-Carlos-Garciia-scaled.jpg\",\"datePublished\":\"2023-08-22T15:04:54+00:00\",\"breadcrumb\":{\"@id\":\"https:\/\/noti-america.com\/site\/repdom\/2023\/08\/22\/ruben-blades-el-poeta-de-la-salsa-se-presenta-el-proximo-29-de-septiembre\/#breadcrumb\"},\"inLanguage\":\"es\",\"potentialAction\":[{\"@type\":\"ReadAction\",\"target\":[\"https:\/\/noti-america.com\/site\/repdom\/2023\/08\/22\/ruben-blades-el-poeta-de-la-salsa-se-presenta-el-proximo-29-de-septiembre\/\"]}]},{\"@type\":\"ImageObject\",\"inLanguage\":\"es\",\"@id\":\"https:\/\/noti-america.com\/site\/repdom\/2023\/08\/22\/ruben-blades-el-poeta-de-la-salsa-se-presenta-el-proximo-29-de-septiembre\/#primaryimage\",\"url\":\"https:\/\/noti-america.com\/site\/repdom\/wp-content\/uploads\/sites\/6\/2023\/08\/RB-por-Luis-Carlos-Garciia-scaled.jpg\",\"contentUrl\":\"https:\/\/noti-america.com\/site\/repdom\/wp-content\/uploads\/sites\/6\/2023\/08\/RB-por-Luis-Carlos-Garciia-scaled.jpg\",\"width\":1770,\"height\":2560},{\"@type\":\"BreadcrumbList\",\"@id\":\"https:\/\/noti-america.com\/site\/repdom\/2023\/08\/22\/ruben-blades-el-poeta-de-la-salsa-se-presenta-el-proximo-29-de-septiembre\/#breadcrumb\",\"itemListElement\":[{\"@type\":\"ListItem\",\"position\":1,\"name\":\"Portada\",\"item\":\"https:\/\/noti-america.com\/site\/repdom\/\"},{\"@type\":\"ListItem\",\"position\":2,\"name\":\"RUB\u00c9N BLADES, EL POETA DE LA SALSA SE PRESENTA EL PR\u00d3XIMO 29 DE SEPTIEMBRE\"}]},{\"@type\":\"WebSite\",\"@id\":\"https:\/\/noti-america.com\/site\/repdom\/#website\",\"url\":\"https:\/\/noti-america.com\/site\/repdom\/\",\"name\":\"Rep. Dominicana | Noti-America.com\",\"description\":\"\",\"publisher\":{\"@id\":\"https:\/\/noti-america.com\/site\/repdom\/#organization\"},\"potentialAction\":[{\"@type\":\"SearchAction\",\"target\":{\"@type\":\"EntryPoint\",\"urlTemplate\":\"https:\/\/noti-america.com\/site\/repdom\/?s={search_term_string}\"},\"query-input\":{\"@type\":\"PropertyValueSpecification\",\"valueRequired\":true,\"valueName\":\"search_term_string\"}}],\"inLanguage\":\"es\"},{\"@type\":\"Organization\",\"@id\":\"https:\/\/noti-america.com\/site\/repdom\/#organization\",\"name\":\"Noti-America LLC | Rep\u00fablica Dominicana\",\"url\":\"https:\/\/noti-america.com\/site\/repdom\/\",\"logo\":{\"@type\":\"ImageObject\",\"inLanguage\":\"es\",\"@id\":\"https:\/\/noti-america.com\/site\/repdom\/#\/schema\/logo\/image\/\",\"url\":\"https:\/\/noti-america.com\/site\/repdom\/wp-content\/uploads\/sites\/6\/2020\/07\/LogoNA-4x3-1.jpg\",\"contentUrl\":\"https:\/\/noti-america.com\/site\/repdom\/wp-content\/uploads\/sites\/6\/2020\/07\/LogoNA-4x3-1.jpg\",\"width\":1236,\"height\":1080,\"caption\":\"Noti-America LLC | Rep\u00fablica Dominicana\"},\"image\":{\"@id\":\"https:\/\/noti-america.com\/site\/repdom\/#\/schema\/logo\/image\/\"}},{\"@type\":\"Person\",\"@id\":\"https:\/\/noti-america.com\/site\/repdom\/#\/schema\/person\/3e41f2e0a88de2dbfa74310de6e08c3b\",\"name\":\"Sueanny Guzm\u00e1n\",\"image\":{\"@type\":\"ImageObject\",\"inLanguage\":\"es\",\"@id\":\"https:\/\/secure.gravatar.com\/avatar\/743180685ef4657e50d4fb7ec792c2c316119f5a7db45e029570122e8cd05065?s=96&d=mm&r=g\",\"url\":\"https:\/\/secure.gravatar.com\/avatar\/743180685ef4657e50d4fb7ec792c2c316119f5a7db45e029570122e8cd05065?s=96&d=mm&r=g\",\"contentUrl\":\"https:\/\/secure.gravatar.com\/avatar\/743180685ef4657e50d4fb7ec792c2c316119f5a7db45e029570122e8cd05065?s=96&d=mm&r=g\",\"caption\":\"Sueanny Guzm\u00e1n\"},\"sameAs\":[\"https:\/\/x.com\/sueannyguzmanrd\"],\"url\":\"https:\/\/noti-america.com\/site\/repdom\/author\/sguzman\/\"}]}<\/script>\n<!-- \/ Yoast SEO Premium plugin. -->","yoast_head_json":{"title":"RUB\u00c9N BLADES, EL POETA DE LA SALSA SE PRESENTA EL PR\u00d3XIMO 29 DE SEPTIEMBRE - Rep. Dominicana | Noti-America.com","robots":{"index":"index","follow":"follow","max-snippet":"max-snippet:-1","max-image-preview":"max-image-preview:large","max-video-preview":"max-video-preview:-1"},"canonical":"https:\/\/noti-america.com\/site\/repdom\/2023\/08\/22\/ruben-blades-el-poeta-de-la-salsa-se-presenta-el-proximo-29-de-septiembre\/","og_locale":"es_ES","og_type":"article","og_title":"RUB\u00c9N BLADES, EL POETA DE LA SALSA SE PRESENTA EL PR\u00d3XIMO 29 DE SEPTIEMBRE","og_description":"NOTI-AMERICA REP\u00daBLICA DOMINICANA El m\u00fasico paname\u00f1o se reencontrar\u00e1 con el p\u00fablico dominicano en el PABELL\u00d3N DE VOLLEYBALL, combinando sus \u00e9xitos de siempre con material de su laureado \u00e1lbum SALSWING! Santo Domingo.-\u00a0El multifac\u00e9tico m\u00fasico, actor&#46;&#46;&#46;","og_url":"https:\/\/noti-america.com\/site\/repdom\/2023\/08\/22\/ruben-blades-el-poeta-de-la-salsa-se-presenta-el-proximo-29-de-septiembre\/","og_site_name":"Rep. Dominicana | Noti-America.com","article_published_time":"2023-08-22T15:04:54+00:00","og_image":[{"width":1770,"height":2560,"url":"https:\/\/noti-america.com\/site\/repdom\/wp-content\/uploads\/sites\/6\/2023\/08\/RB-por-Luis-Carlos-Garciia-scaled.jpg","type":"image\/jpeg"}],"author":"Sueanny Guzm\u00e1n","twitter_card":"summary_large_image","twitter_creator":"@sueannyguzmanrd","twitter_misc":{"Escrito por":"Sueanny Guzm\u00e1n","Tiempo estimado de lectura":"3 minutos"},"schema":{"@context":"https:\/\/schema.org","@graph":[{"@type":"Article","@id":"https:\/\/noti-america.com\/site\/repdom\/2023\/08\/22\/ruben-blades-el-poeta-de-la-salsa-se-presenta-el-proximo-29-de-septiembre\/#article","isPartOf":{"@id":"https:\/\/noti-america.com\/site\/repdom\/2023\/08\/22\/ruben-blades-el-poeta-de-la-salsa-se-presenta-el-proximo-29-de-septiembre\/"},"author":{"name":"Sueanny Guzm\u00e1n","@id":"https:\/\/noti-america.com\/site\/repdom\/#\/schema\/person\/3e41f2e0a88de2dbfa74310de6e08c3b"},"headline":"RUB\u00c9N BLADES, EL POETA DE LA SALSA SE PRESENTA EL PR\u00d3XIMO 29 DE SEPTIEMBRE","datePublished":"2023-08-22T15:04:54+00:00","mainEntityOfPage":{"@id":"https:\/\/noti-america.com\/site\/repdom\/2023\/08\/22\/ruben-blades-el-poeta-de-la-salsa-se-presenta-el-proximo-29-de-septiembre\/"},"wordCount":566,"commentCount":0,"publisher":{"@id":"https:\/\/noti-america.com\/site\/repdom\/#organization"},"image":{"@id":"https:\/\/noti-america.com\/site\/repdom\/2023\/08\/22\/ruben-blades-el-poeta-de-la-salsa-se-presenta-el-proximo-29-de-septiembre\/#primaryimage"},"thumbnailUrl":"https:\/\/noti-america.com\/site\/repdom\/wp-content\/uploads\/sites\/6\/2023\/08\/RB-por-Luis-Carlos-Garciia-scaled.jpg","keywords":["#RubenBlades #Concierto #SantoDomingo"],"articleSection":["Actualidad","Arte y Espect\u00e1culos"],"inLanguage":"es","potentialAction":[{"@type":"CommentAction","name":"Comment","target":["https:\/\/noti-america.com\/site\/repdom\/2023\/08\/22\/ruben-blades-el-poeta-de-la-salsa-se-presenta-el-proximo-29-de-septiembre\/#respond"]}]},{"@type":"WebPage","@id":"https:\/\/noti-america.com\/site\/repdom\/2023\/08\/22\/ruben-blades-el-poeta-de-la-salsa-se-presenta-el-proximo-29-de-septiembre\/","url":"https:\/\/noti-america.com\/site\/repdom\/2023\/08\/22\/ruben-blades-el-poeta-de-la-salsa-se-presenta-el-proximo-29-de-septiembre\/","name":"RUB\u00c9N BLADES, EL POETA DE LA SALSA SE PRESENTA EL PR\u00d3XIMO 29 DE SEPTIEMBRE - Rep. Dominicana | Noti-America.com","isPartOf":{"@id":"https:\/\/noti-america.com\/site\/repdom\/#website"},"primaryImageOfPage":{"@id":"https:\/\/noti-america.com\/site\/repdom\/2023\/08\/22\/ruben-blades-el-poeta-de-la-salsa-se-presenta-el-proximo-29-de-septiembre\/#primaryimage"},"image":{"@id":"https:\/\/noti-america.com\/site\/repdom\/2023\/08\/22\/ruben-blades-el-poeta-de-la-salsa-se-presenta-el-proximo-29-de-septiembre\/#primaryimage"},"thumbnailUrl":"https:\/\/noti-america.com\/site\/repdom\/wp-content\/uploads\/sites\/6\/2023\/08\/RB-por-Luis-Carlos-Garciia-scaled.jpg","datePublished":"2023-08-22T15:04:54+00:00","breadcrumb":{"@id":"https:\/\/noti-america.com\/site\/repdom\/2023\/08\/22\/ruben-blades-el-poeta-de-la-salsa-se-presenta-el-proximo-29-de-septiembre\/#breadcrumb"},"inLanguage":"es","potentialAction":[{"@type":"ReadAction","target":["https:\/\/noti-america.com\/site\/repdom\/2023\/08\/22\/ruben-blades-el-poeta-de-la-salsa-se-presenta-el-proximo-29-de-septiembre\/"]}]},{"@type":"ImageObject","inLanguage":"es","@id":"https:\/\/noti-america.com\/site\/repdom\/2023\/08\/22\/ruben-blades-el-poeta-de-la-salsa-se-presenta-el-proximo-29-de-septiembre\/#primaryimage","url":"https:\/\/noti-america.com\/site\/repdom\/wp-content\/uploads\/sites\/6\/2023\/08\/RB-por-Luis-Carlos-Garciia-scaled.jpg","contentUrl":"https:\/\/noti-america.com\/site\/repdom\/wp-content\/uploads\/sites\/6\/2023\/08\/RB-por-Luis-Carlos-Garciia-scaled.jpg","width":1770,"height":2560},{"@type":"BreadcrumbList","@id":"https:\/\/noti-america.com\/site\/repdom\/2023\/08\/22\/ruben-blades-el-poeta-de-la-salsa-se-presenta-el-proximo-29-de-septiembre\/#breadcrumb","itemListElement":[{"@type":"ListItem","position":1,"name":"Portada","item":"https:\/\/noti-america.com\/site\/repdom\/"},{"@type":"ListItem","position":2,"name":"RUB\u00c9N BLADES, EL POETA DE LA SALSA SE PRESENTA EL PR\u00d3XIMO 29 DE SEPTIEMBRE"}]},{"@type":"WebSite","@id":"https:\/\/noti-america.com\/site\/repdom\/#website","url":"https:\/\/noti-america.com\/site\/repdom\/","name":"Rep. Dominicana | Noti-America.com","description":"","publisher":{"@id":"https:\/\/noti-america.com\/site\/repdom\/#organization"},"potentialAction":[{"@type":"SearchAction","target":{"@type":"EntryPoint","urlTemplate":"https:\/\/noti-america.com\/site\/repdom\/?s={search_term_string}"},"query-input":{"@type":"PropertyValueSpecification","valueRequired":true,"valueName":"search_term_string"}}],"inLanguage":"es"},{"@type":"Organization","@id":"https:\/\/noti-america.com\/site\/repdom\/#organization","name":"Noti-America LLC | Rep\u00fablica Dominicana","url":"https:\/\/noti-america.com\/site\/repdom\/","logo":{"@type":"ImageObject","inLanguage":"es","@id":"https:\/\/noti-america.com\/site\/repdom\/#\/schema\/logo\/image\/","url":"https:\/\/noti-america.com\/site\/repdom\/wp-content\/uploads\/sites\/6\/2020\/07\/LogoNA-4x3-1.jpg","contentUrl":"https:\/\/noti-america.com\/site\/repdom\/wp-content\/uploads\/sites\/6\/2020\/07\/LogoNA-4x3-1.jpg","width":1236,"height":1080,"caption":"Noti-America LLC | Rep\u00fablica Dominicana"},"image":{"@id":"https:\/\/noti-america.com\/site\/repdom\/#\/schema\/logo\/image\/"}},{"@type":"Person","@id":"https:\/\/noti-america.com\/site\/repdom\/#\/schema\/person\/3e41f2e0a88de2dbfa74310de6e08c3b","name":"Sueanny Guzm\u00e1n","image":{"@type":"ImageObject","inLanguage":"es","@id":"https:\/\/secure.gravatar.com\/avatar\/743180685ef4657e50d4fb7ec792c2c316119f5a7db45e029570122e8cd05065?s=96&d=mm&r=g","url":"https:\/\/secure.gravatar.com\/avatar\/743180685ef4657e50d4fb7ec792c2c316119f5a7db45e029570122e8cd05065?s=96&d=mm&r=g","contentUrl":"https:\/\/secure.gravatar.com\/avatar\/743180685ef4657e50d4fb7ec792c2c316119f5a7db45e029570122e8cd05065?s=96&d=mm&r=g","caption":"Sueanny Guzm\u00e1n"},"sameAs":["https:\/\/x.com\/sueannyguzmanrd"],"url":"https:\/\/noti-america.com\/site\/repdom\/author\/sguzman\/"}]}},"_links":{"self":[{"href":"https:\/\/noti-america.com\/site\/repdom\/wp-json\/wp\/v2\/posts\/23694","targetHints":{"allow":["GET"]}}],"collection":[{"href":"https:\/\/noti-america.com\/site\/repdom\/wp-json\/wp\/v2\/posts"}],"about":[{"href":"https:\/\/noti-america.com\/site\/repdom\/wp-json\/wp\/v2\/types\/post"}],"author":[{"embeddable":true,"href":"https:\/\/noti-america.com\/site\/repdom\/wp-json\/wp\/v2\/users\/92"}],"replies":[{"embeddable":true,"href":"https:\/\/noti-america.com\/site\/repdom\/wp-json\/wp\/v2\/comments?post=23694"}],"version-history":[{"count":1,"href":"https:\/\/noti-america.com\/site\/repdom\/wp-json\/wp\/v2\/posts\/23694\/revisions"}],"predecessor-version":[{"id":23697,"href":"https:\/\/noti-america.com\/site\/repdom\/wp-json\/wp\/v2\/posts\/23694\/revisions\/23697"}],"wp:featuredmedia":[{"embeddable":true,"href":"https:\/\/noti-america.com\/site\/repdom\/wp-json\/wp\/v2\/media\/23695"}],"wp:attachment":[{"href":"https:\/\/noti-america.com\/site\/repdom\/wp-json\/wp\/v2\/media?parent=23694"}],"wp:term":[{"taxonomy":"category","embeddable":true,"href":"https:\/\/noti-america.com\/site\/repdom\/wp-json\/wp\/v2\/categories?post=23694"},{"taxonomy":"post_tag","embeddable":true,"href":"https:\/\/noti-america.com\/site\/repdom\/wp-json\/wp\/v2\/tags?post=23694"}],"curies":[{"name":"wp","href":"https:\/\/api.w.org\/{rel}","templated":true}]}}