{"id":2353,"date":"2020-07-25T03:27:36","date_gmt":"2020-07-25T03:27:36","guid":{"rendered":"https:\/\/noti-america.com\/site\/repdom\/2020\/07\/25\/camara-suiza-en-el-pais-ha-lanzado-plataforma-de-apoyo-a-la-agenda-electrica-nacional-2\/"},"modified":"2020-07-25T03:27:36","modified_gmt":"2020-07-25T03:27:36","slug":"camara-suiza-en-el-pais-ha-lanzado-plataforma-de-apoyo-a-la-agenda-electrica-nacional-2","status":"publish","type":"post","link":"https:\/\/noti-america.com\/site\/repdom\/2020\/07\/25\/camara-suiza-en-el-pais-ha-lanzado-plataforma-de-apoyo-a-la-agenda-electrica-nacional-2\/","title":{"rendered":"C\u00e1mara Suiza en el pa\u00eds ha lanzado plataforma de apoyo a la agenda el\u00e9ctrica nacional"},"content":{"rendered":"<p><img loading=\"lazy\" decoding=\"async\" class=\"alignnone size-medium wp-image-2351\" src=\"https:\/\/noti-america.com\/site\/repdom\/wp-content\/uploads\/sites\/6\/2020\/07\/image-200x300.png\" alt=\"\" width=\"200\" height=\"300\" srcset=\"https:\/\/noti-america.com\/site\/repdom\/wp-content\/uploads\/sites\/6\/2020\/07\/image-200x300.png 200w, https:\/\/noti-america.com\/site\/repdom\/wp-content\/uploads\/sites\/6\/2020\/07\/image.png 683w\" sizes=\"auto, (max-width: 200px) 100vw, 200px\" \/><\/p>\n<p><b>Por: Sueanny Guzm\u00e1n \u00a0<\/b><\/p>\n<p style=\"text-align: justify\">NOTI-AM\u00c9RICA REP\u00daBLICA DOMINICANA<\/p>\n<p style=\"font-weight: 400;text-align: justify\"><strong><u>Evento anual THINK ENERGY dar\u00e1 enfoque a las alianzas p\u00fablica-privadas para el desarrollo energ\u00e9tico sostenible en Rep\u00fablica Dominicana.<\/u><\/strong><\/p>\n<p style=\"font-weight: 400;text-align: justify\"><strong>Santo Domingo.-<\/strong>\u00a0La C\u00e1mara de Comercio y Turismo Dom\u00ednico-Suiza ha lanzado una plataforma de apoyo a la agenda el\u00e9ctrica nacional. Su nuevo evento anual, THINK ENERGY, dar\u00e1 enfoque a las alianzas p\u00fablico-privados para el desarrollo energ\u00e9tico sostenible de Rep\u00fablica Dominicana.<\/p>\n<p style=\"font-weight: 400;text-align: justify\">En su primera edici\u00f3n, que se realiz\u00f3 a trav\u00e9s de un webinar,\u00a0expertos internacionales y locales en el sector energ\u00e9tico, analizaron c\u00f3mo est\u00e1 avanzando la transici\u00f3n energ\u00e9tica global y en Rep\u00fablica Dominicana, el impacto de la crisis de COVID-19 en este proceso, as\u00ed como la evoluci\u00f3n hacia el mundo de la automoci\u00f3n el\u00e9ctrica.<\/p>\n<p>\u201cLa C\u00e1mara de Comercio y Turismo Dominico Suiza est\u00e1 convencida de la necesidad de darle prioridad a las estrategias energ\u00e9ticas del pa\u00eds, con el fin de incrementar la proporci\u00f3n de las energ\u00edas renovables dentro de la matriz energ\u00e9tica en miras a equilibrar el reciente desarrollo de plantas de carb\u00f3n en el pa\u00eds, coincidiendo con el plan estrat\u00e9gico energ\u00e9tico del presidente electo Luis Abinader\u201d, explic\u00f3 Gaetan Bucher, presidente de la CCTDS.<\/p>\n<p style=\"font-weight: 400;text-align: justify\">Gabriela Elizondo, L\u00edder Global de Energ\u00eda Renovable en el Banco Mundial participando desde Washington D.C., se\u00f1al\u00f3 que la elecci\u00f3n de pol\u00edticas y regulaciones debe adaptarse a las condiciones del sistema energ\u00e9tico del pa\u00eds, tipo de mercado, volumen, naturaleza de riesgos y capacidad institucional.\u00a0<em>\u201cLos<\/em>\u00a0marcos reglamentarios deben estar en su lugar\u00a0<em>antes de que<\/em>\u00a0se introduzcan incentivos de ER como las tarifas de alimentaci\u00f3n o RPS. De igual manera, las pol\u00edticas e incentivos deben ser consistentes y alineados\u201d.<\/p>\n<p style=\"font-weight: 400;text-align: justify\">El Gerente General de CEPM e InterEnergy Systems, \u00d3scar San Mart\u00edn, destac\u00f3 durante su intervenci\u00f3n que el pa\u00eds contar\u00e1 para el a\u00f1o 2021, con la red m\u00e1s extensa y sofisticada de estaciones de carga el\u00e9ctrica en la regi\u00f3n, compuesta por 500 cargadores, de nivel 2 y 3, en todo el territorio nacional. \u00abActualmente, entre instalados y en proceso de instalaci\u00f3n, sumamos ya 150 en la red de Evergo, lo cual garantiza que las empresas y particulares migren a la movilidad el\u00e9ctrica desde ya sin ninguna preocupaci\u00f3n\u201d, se\u00f1al\u00f3 San Mart\u00edn.<\/p>\n<p style=\"font-weight: 400;text-align: justify\">Luis Mej\u00eda Brache, CEO de EGE Haina, explic\u00f3 que el sistema el\u00e9ctrico dominicano ha crecido y se ha fortalecido con inversiones p\u00fablicas, mixtas y privadas superiores a US$ 6,000 millones en los \u00faltimos veinte a\u00f1os. \u201cEsas inversiones han permitido aumentar sustancialmente la capacidad instalada, aprovechar mejor la existente convirti\u00e9ndolas a combustibles m\u00e1s limpios, mejorar la eficiencia y reducir el precio promedio en el mercado spot. De cara al futuro, lo fundamental es maximizar la energ\u00eda renovable en la mezcla de generaci\u00f3n nacional, de manera que la electrificaci\u00f3n provenga de fuentes sostenibles\u201d, dijo.<\/p>\n<p style=\"font-weight: 400;text-align: justify\">El Director General Comisi\u00f3n Nacional de Energ\u00eda CNE, \u00c1ngel Can\u00f3, expres\u00f3 que la capacidad instalada en Rep\u00fablica Dominicana a junio 2020 es de 4,921 MW, de los cuales 1,184 MW corresponden a energ\u00eda renovable, representando un 24.1% de la matriz de generaci\u00f3n.<\/p>\n<p style=\"font-weight: 400;text-align: justify\">En tanto, Rafael Velazco, CEO Raveza Associated &amp; Services, puntualiz\u00f3 que 45.7% de la energ\u00eda servida en el SENI durante todo junio 2020 provino, de manera combinada, de generaci\u00f3n en base a Gas Natural, Hidroel\u00e9ctricas (agua), Biomasa, Viento y Solar.<\/p>\n<p style=\"font-weight: 400;text-align: justify\">Charles S\u00e1nchez, presidente de la Asociaci\u00f3n de Movilidad El\u00e9ctrica Dominicana, inform\u00f3 que a junio del 2020 se han importado 1327 unidades de autos h\u00edbridos y el\u00e9ctricos en la Rep\u00fablica Dominicana.<\/p>\n","protected":false},"excerpt":{"rendered":"<p>Por: Sueanny Guzm\u00e1n \u00a0 NOTI-AM\u00c9RICA REP\u00daBLICA DOMINICANA Evento anual THINK ENERGY dar\u00e1 enfoque a las alianzas p\u00fablica-privadas para el desarrollo energ\u00e9tico sostenible en Rep\u00fablica Dominicana. Santo Domingo.-\u00a0La C\u00e1mara de Comercio y Turismo Dom\u00ednico-Suiza ha&#46;&#46;&#46;<\/p>\n","protected":false},"author":92,"featured_media":2354,"comment_status":"open","ping_status":"open","sticky":false,"template":"","format":"gallery","meta":{"_acf_changed":false,"rop_custom_images_group":[],"rop_custom_messages_group":[],"rop_publish_now":"initial","rop_publish_now_accounts":[],"rop_publish_now_history":[],"rop_publish_now_status":"pending","footnotes":""},"categories":[105],"tags":[],"class_list":["post-2353","post","type-post","status-publish","format-gallery","has-post-thumbnail","hentry","category-noticias","post_format-post-format-gallery"],"acf":[],"yoast_head":"<!-- This site is optimized with the Yoast SEO Premium plugin v24.9 (Yoast SEO v27.2) - https:\/\/yoast.com\/product\/yoast-seo-premium-wordpress\/ -->\n<title>C\u00e1mara Suiza en el pa\u00eds ha lanzado plataforma de apoyo a la agenda el\u00e9ctrica nacional - Rep. Dominicana | Noti-America.com<\/title>\n<meta name=\"robots\" content=\"index, follow, max-snippet:-1, max-image-preview:large, max-video-preview:-1\" \/>\n<link rel=\"canonical\" href=\"https:\/\/noti-america.com\/site\/repdom\/2020\/07\/25\/camara-suiza-en-el-pais-ha-lanzado-plataforma-de-apoyo-a-la-agenda-electrica-nacional-2\/\" \/>\n<meta property=\"og:locale\" content=\"es_ES\" \/>\n<meta property=\"og:type\" content=\"article\" \/>\n<meta property=\"og:title\" content=\"C\u00e1mara Suiza en el pa\u00eds ha lanzado plataforma de apoyo a la agenda el\u00e9ctrica nacional\" \/>\n<meta property=\"og:description\" content=\"Por: Sueanny Guzm\u00e1n \u00a0 NOTI-AM\u00c9RICA REP\u00daBLICA DOMINICANA Evento anual THINK ENERGY dar\u00e1 enfoque a las alianzas p\u00fablica-privadas para el desarrollo energ\u00e9tico sostenible en Rep\u00fablica Dominicana. Santo Domingo.-\u00a0La C\u00e1mara de Comercio y Turismo Dom\u00ednico-Suiza ha&#046;&#046;&#046;\" \/>\n<meta property=\"og:url\" content=\"https:\/\/noti-america.com\/site\/repdom\/2020\/07\/25\/camara-suiza-en-el-pais-ha-lanzado-plataforma-de-apoyo-a-la-agenda-electrica-nacional-2\/\" \/>\n<meta property=\"og:site_name\" content=\"Rep. Dominicana | Noti-America.com\" \/>\n<meta property=\"article:published_time\" content=\"2020-07-25T03:27:36+00:00\" \/>\n<meta property=\"og:image\" content=\"https:\/\/noti-america.com\/site\/repdom\/wp-content\/uploads\/sites\/6\/2020\/07\/image.png\" \/>\n\t<meta property=\"og:image:width\" content=\"683\" \/>\n\t<meta property=\"og:image:height\" content=\"1024\" \/>\n\t<meta property=\"og:image:type\" content=\"image\/png\" \/>\n<meta name=\"author\" content=\"Sueanny Guzm\u00e1n\" \/>\n<meta name=\"twitter:card\" content=\"summary_large_image\" \/>\n<meta name=\"twitter:creator\" content=\"@sueannyguzmanrd\" \/>\n<meta name=\"twitter:label1\" content=\"Escrito por\" \/>\n\t<meta name=\"twitter:data1\" content=\"Sueanny Guzm\u00e1n\" \/>\n\t<meta name=\"twitter:label2\" content=\"Tiempo estimado de lectura\" \/>\n\t<meta name=\"twitter:data2\" content=\"3 minutos\" \/>\n<script type=\"application\/ld+json\" class=\"yoast-schema-graph\">{\"@context\":\"https:\/\/schema.org\",\"@graph\":[{\"@type\":\"Article\",\"@id\":\"https:\/\/noti-america.com\/site\/repdom\/2020\/07\/25\/camara-suiza-en-el-pais-ha-lanzado-plataforma-de-apoyo-a-la-agenda-electrica-nacional-2\/#article\",\"isPartOf\":{\"@id\":\"https:\/\/noti-america.com\/site\/repdom\/2020\/07\/25\/camara-suiza-en-el-pais-ha-lanzado-plataforma-de-apoyo-a-la-agenda-electrica-nacional-2\/\"},\"author\":{\"name\":\"Sueanny Guzm\u00e1n\",\"@id\":\"https:\/\/noti-america.com\/site\/repdom\/#\/schema\/person\/3e41f2e0a88de2dbfa74310de6e08c3b\"},\"headline\":\"C\u00e1mara Suiza en el pa\u00eds ha lanzado plataforma de apoyo a la agenda el\u00e9ctrica nacional\",\"datePublished\":\"2020-07-25T03:27:36+00:00\",\"mainEntityOfPage\":{\"@id\":\"https:\/\/noti-america.com\/site\/repdom\/2020\/07\/25\/camara-suiza-en-el-pais-ha-lanzado-plataforma-de-apoyo-a-la-agenda-electrica-nacional-2\/\"},\"wordCount\":640,\"commentCount\":0,\"publisher\":{\"@id\":\"https:\/\/noti-america.com\/site\/repdom\/#organization\"},\"image\":{\"@id\":\"https:\/\/noti-america.com\/site\/repdom\/2020\/07\/25\/camara-suiza-en-el-pais-ha-lanzado-plataforma-de-apoyo-a-la-agenda-electrica-nacional-2\/#primaryimage\"},\"thumbnailUrl\":\"https:\/\/noti-america.com\/site\/repdom\/wp-content\/uploads\/sites\/6\/2020\/07\/image.png\",\"articleSection\":[\"Noticias\"],\"inLanguage\":\"es\",\"potentialAction\":[{\"@type\":\"CommentAction\",\"name\":\"Comment\",\"target\":[\"https:\/\/noti-america.com\/site\/repdom\/2020\/07\/25\/camara-suiza-en-el-pais-ha-lanzado-plataforma-de-apoyo-a-la-agenda-electrica-nacional-2\/#respond\"]}]},{\"@type\":\"WebPage\",\"@id\":\"https:\/\/noti-america.com\/site\/repdom\/2020\/07\/25\/camara-suiza-en-el-pais-ha-lanzado-plataforma-de-apoyo-a-la-agenda-electrica-nacional-2\/\",\"url\":\"https:\/\/noti-america.com\/site\/repdom\/2020\/07\/25\/camara-suiza-en-el-pais-ha-lanzado-plataforma-de-apoyo-a-la-agenda-electrica-nacional-2\/\",\"name\":\"C\u00e1mara Suiza en el pa\u00eds ha lanzado plataforma de apoyo a la agenda el\u00e9ctrica nacional - Rep. Dominicana | Noti-America.com\",\"isPartOf\":{\"@id\":\"https:\/\/noti-america.com\/site\/repdom\/#website\"},\"primaryImageOfPage\":{\"@id\":\"https:\/\/noti-america.com\/site\/repdom\/2020\/07\/25\/camara-suiza-en-el-pais-ha-lanzado-plataforma-de-apoyo-a-la-agenda-electrica-nacional-2\/#primaryimage\"},\"image\":{\"@id\":\"https:\/\/noti-america.com\/site\/repdom\/2020\/07\/25\/camara-suiza-en-el-pais-ha-lanzado-plataforma-de-apoyo-a-la-agenda-electrica-nacional-2\/#primaryimage\"},\"thumbnailUrl\":\"https:\/\/noti-america.com\/site\/repdom\/wp-content\/uploads\/sites\/6\/2020\/07\/image.png\",\"datePublished\":\"2020-07-25T03:27:36+00:00\",\"breadcrumb\":{\"@id\":\"https:\/\/noti-america.com\/site\/repdom\/2020\/07\/25\/camara-suiza-en-el-pais-ha-lanzado-plataforma-de-apoyo-a-la-agenda-electrica-nacional-2\/#breadcrumb\"},\"inLanguage\":\"es\",\"potentialAction\":[{\"@type\":\"ReadAction\",\"target\":[\"https:\/\/noti-america.com\/site\/repdom\/2020\/07\/25\/camara-suiza-en-el-pais-ha-lanzado-plataforma-de-apoyo-a-la-agenda-electrica-nacional-2\/\"]}]},{\"@type\":\"ImageObject\",\"inLanguage\":\"es\",\"@id\":\"https:\/\/noti-america.com\/site\/repdom\/2020\/07\/25\/camara-suiza-en-el-pais-ha-lanzado-plataforma-de-apoyo-a-la-agenda-electrica-nacional-2\/#primaryimage\",\"url\":\"https:\/\/noti-america.com\/site\/repdom\/wp-content\/uploads\/sites\/6\/2020\/07\/image.png\",\"contentUrl\":\"https:\/\/noti-america.com\/site\/repdom\/wp-content\/uploads\/sites\/6\/2020\/07\/image.png\",\"width\":683,\"height\":1024},{\"@type\":\"BreadcrumbList\",\"@id\":\"https:\/\/noti-america.com\/site\/repdom\/2020\/07\/25\/camara-suiza-en-el-pais-ha-lanzado-plataforma-de-apoyo-a-la-agenda-electrica-nacional-2\/#breadcrumb\",\"itemListElement\":[{\"@type\":\"ListItem\",\"position\":1,\"name\":\"Portada\",\"item\":\"https:\/\/noti-america.com\/site\/repdom\/\"},{\"@type\":\"ListItem\",\"position\":2,\"name\":\"C\u00e1mara Suiza en el pa\u00eds ha lanzado plataforma de apoyo a la agenda el\u00e9ctrica nacional\"}]},{\"@type\":\"WebSite\",\"@id\":\"https:\/\/noti-america.com\/site\/repdom\/#website\",\"url\":\"https:\/\/noti-america.com\/site\/repdom\/\",\"name\":\"Rep. Dominicana | Noti-America.com\",\"description\":\"\",\"publisher\":{\"@id\":\"https:\/\/noti-america.com\/site\/repdom\/#organization\"},\"potentialAction\":[{\"@type\":\"SearchAction\",\"target\":{\"@type\":\"EntryPoint\",\"urlTemplate\":\"https:\/\/noti-america.com\/site\/repdom\/?s={search_term_string}\"},\"query-input\":{\"@type\":\"PropertyValueSpecification\",\"valueRequired\":true,\"valueName\":\"search_term_string\"}}],\"inLanguage\":\"es\"},{\"@type\":\"Organization\",\"@id\":\"https:\/\/noti-america.com\/site\/repdom\/#organization\",\"name\":\"Noti-America LLC | Rep\u00fablica Dominicana\",\"url\":\"https:\/\/noti-america.com\/site\/repdom\/\",\"logo\":{\"@type\":\"ImageObject\",\"inLanguage\":\"es\",\"@id\":\"https:\/\/noti-america.com\/site\/repdom\/#\/schema\/logo\/image\/\",\"url\":\"https:\/\/noti-america.com\/site\/repdom\/wp-content\/uploads\/sites\/6\/2020\/07\/LogoNA-4x3-1.jpg\",\"contentUrl\":\"https:\/\/noti-america.com\/site\/repdom\/wp-content\/uploads\/sites\/6\/2020\/07\/LogoNA-4x3-1.jpg\",\"width\":1236,\"height\":1080,\"caption\":\"Noti-America LLC | Rep\u00fablica Dominicana\"},\"image\":{\"@id\":\"https:\/\/noti-america.com\/site\/repdom\/#\/schema\/logo\/image\/\"}},{\"@type\":\"Person\",\"@id\":\"https:\/\/noti-america.com\/site\/repdom\/#\/schema\/person\/3e41f2e0a88de2dbfa74310de6e08c3b\",\"name\":\"Sueanny Guzm\u00e1n\",\"image\":{\"@type\":\"ImageObject\",\"inLanguage\":\"es\",\"@id\":\"https:\/\/secure.gravatar.com\/avatar\/743180685ef4657e50d4fb7ec792c2c316119f5a7db45e029570122e8cd05065?s=96&d=mm&r=g\",\"url\":\"https:\/\/secure.gravatar.com\/avatar\/743180685ef4657e50d4fb7ec792c2c316119f5a7db45e029570122e8cd05065?s=96&d=mm&r=g\",\"contentUrl\":\"https:\/\/secure.gravatar.com\/avatar\/743180685ef4657e50d4fb7ec792c2c316119f5a7db45e029570122e8cd05065?s=96&d=mm&r=g\",\"caption\":\"Sueanny Guzm\u00e1n\"},\"sameAs\":[\"https:\/\/x.com\/sueannyguzmanrd\"],\"url\":\"https:\/\/noti-america.com\/site\/repdom\/author\/sguzman\/\"}]}<\/script>\n<!-- \/ Yoast SEO Premium plugin. -->","yoast_head_json":{"title":"C\u00e1mara Suiza en el pa\u00eds ha lanzado plataforma de apoyo a la agenda el\u00e9ctrica nacional - Rep. Dominicana | Noti-America.com","robots":{"index":"index","follow":"follow","max-snippet":"max-snippet:-1","max-image-preview":"max-image-preview:large","max-video-preview":"max-video-preview:-1"},"canonical":"https:\/\/noti-america.com\/site\/repdom\/2020\/07\/25\/camara-suiza-en-el-pais-ha-lanzado-plataforma-de-apoyo-a-la-agenda-electrica-nacional-2\/","og_locale":"es_ES","og_type":"article","og_title":"C\u00e1mara Suiza en el pa\u00eds ha lanzado plataforma de apoyo a la agenda el\u00e9ctrica nacional","og_description":"Por: Sueanny Guzm\u00e1n \u00a0 NOTI-AM\u00c9RICA REP\u00daBLICA DOMINICANA Evento anual THINK ENERGY dar\u00e1 enfoque a las alianzas p\u00fablica-privadas para el desarrollo energ\u00e9tico sostenible en Rep\u00fablica Dominicana. Santo Domingo.-\u00a0La C\u00e1mara de Comercio y Turismo Dom\u00ednico-Suiza ha&#46;&#46;&#46;","og_url":"https:\/\/noti-america.com\/site\/repdom\/2020\/07\/25\/camara-suiza-en-el-pais-ha-lanzado-plataforma-de-apoyo-a-la-agenda-electrica-nacional-2\/","og_site_name":"Rep. Dominicana | Noti-America.com","article_published_time":"2020-07-25T03:27:36+00:00","og_image":[{"width":683,"height":1024,"url":"https:\/\/noti-america.com\/site\/repdom\/wp-content\/uploads\/sites\/6\/2020\/07\/image.png","type":"image\/png"}],"author":"Sueanny Guzm\u00e1n","twitter_card":"summary_large_image","twitter_creator":"@sueannyguzmanrd","twitter_misc":{"Escrito por":"Sueanny Guzm\u00e1n","Tiempo estimado de lectura":"3 minutos"},"schema":{"@context":"https:\/\/schema.org","@graph":[{"@type":"Article","@id":"https:\/\/noti-america.com\/site\/repdom\/2020\/07\/25\/camara-suiza-en-el-pais-ha-lanzado-plataforma-de-apoyo-a-la-agenda-electrica-nacional-2\/#article","isPartOf":{"@id":"https:\/\/noti-america.com\/site\/repdom\/2020\/07\/25\/camara-suiza-en-el-pais-ha-lanzado-plataforma-de-apoyo-a-la-agenda-electrica-nacional-2\/"},"author":{"name":"Sueanny Guzm\u00e1n","@id":"https:\/\/noti-america.com\/site\/repdom\/#\/schema\/person\/3e41f2e0a88de2dbfa74310de6e08c3b"},"headline":"C\u00e1mara Suiza en el pa\u00eds ha lanzado plataforma de apoyo a la agenda el\u00e9ctrica nacional","datePublished":"2020-07-25T03:27:36+00:00","mainEntityOfPage":{"@id":"https:\/\/noti-america.com\/site\/repdom\/2020\/07\/25\/camara-suiza-en-el-pais-ha-lanzado-plataforma-de-apoyo-a-la-agenda-electrica-nacional-2\/"},"wordCount":640,"commentCount":0,"publisher":{"@id":"https:\/\/noti-america.com\/site\/repdom\/#organization"},"image":{"@id":"https:\/\/noti-america.com\/site\/repdom\/2020\/07\/25\/camara-suiza-en-el-pais-ha-lanzado-plataforma-de-apoyo-a-la-agenda-electrica-nacional-2\/#primaryimage"},"thumbnailUrl":"https:\/\/noti-america.com\/site\/repdom\/wp-content\/uploads\/sites\/6\/2020\/07\/image.png","articleSection":["Noticias"],"inLanguage":"es","potentialAction":[{"@type":"CommentAction","name":"Comment","target":["https:\/\/noti-america.com\/site\/repdom\/2020\/07\/25\/camara-suiza-en-el-pais-ha-lanzado-plataforma-de-apoyo-a-la-agenda-electrica-nacional-2\/#respond"]}]},{"@type":"WebPage","@id":"https:\/\/noti-america.com\/site\/repdom\/2020\/07\/25\/camara-suiza-en-el-pais-ha-lanzado-plataforma-de-apoyo-a-la-agenda-electrica-nacional-2\/","url":"https:\/\/noti-america.com\/site\/repdom\/2020\/07\/25\/camara-suiza-en-el-pais-ha-lanzado-plataforma-de-apoyo-a-la-agenda-electrica-nacional-2\/","name":"C\u00e1mara Suiza en el pa\u00eds ha lanzado plataforma de apoyo a la agenda el\u00e9ctrica nacional - Rep. Dominicana | Noti-America.com","isPartOf":{"@id":"https:\/\/noti-america.com\/site\/repdom\/#website"},"primaryImageOfPage":{"@id":"https:\/\/noti-america.com\/site\/repdom\/2020\/07\/25\/camara-suiza-en-el-pais-ha-lanzado-plataforma-de-apoyo-a-la-agenda-electrica-nacional-2\/#primaryimage"},"image":{"@id":"https:\/\/noti-america.com\/site\/repdom\/2020\/07\/25\/camara-suiza-en-el-pais-ha-lanzado-plataforma-de-apoyo-a-la-agenda-electrica-nacional-2\/#primaryimage"},"thumbnailUrl":"https:\/\/noti-america.com\/site\/repdom\/wp-content\/uploads\/sites\/6\/2020\/07\/image.png","datePublished":"2020-07-25T03:27:36+00:00","breadcrumb":{"@id":"https:\/\/noti-america.com\/site\/repdom\/2020\/07\/25\/camara-suiza-en-el-pais-ha-lanzado-plataforma-de-apoyo-a-la-agenda-electrica-nacional-2\/#breadcrumb"},"inLanguage":"es","potentialAction":[{"@type":"ReadAction","target":["https:\/\/noti-america.com\/site\/repdom\/2020\/07\/25\/camara-suiza-en-el-pais-ha-lanzado-plataforma-de-apoyo-a-la-agenda-electrica-nacional-2\/"]}]},{"@type":"ImageObject","inLanguage":"es","@id":"https:\/\/noti-america.com\/site\/repdom\/2020\/07\/25\/camara-suiza-en-el-pais-ha-lanzado-plataforma-de-apoyo-a-la-agenda-electrica-nacional-2\/#primaryimage","url":"https:\/\/noti-america.com\/site\/repdom\/wp-content\/uploads\/sites\/6\/2020\/07\/image.png","contentUrl":"https:\/\/noti-america.com\/site\/repdom\/wp-content\/uploads\/sites\/6\/2020\/07\/image.png","width":683,"height":1024},{"@type":"BreadcrumbList","@id":"https:\/\/noti-america.com\/site\/repdom\/2020\/07\/25\/camara-suiza-en-el-pais-ha-lanzado-plataforma-de-apoyo-a-la-agenda-electrica-nacional-2\/#breadcrumb","itemListElement":[{"@type":"ListItem","position":1,"name":"Portada","item":"https:\/\/noti-america.com\/site\/repdom\/"},{"@type":"ListItem","position":2,"name":"C\u00e1mara Suiza en el pa\u00eds ha lanzado plataforma de apoyo a la agenda el\u00e9ctrica nacional"}]},{"@type":"WebSite","@id":"https:\/\/noti-america.com\/site\/repdom\/#website","url":"https:\/\/noti-america.com\/site\/repdom\/","name":"Rep. Dominicana | Noti-America.com","description":"","publisher":{"@id":"https:\/\/noti-america.com\/site\/repdom\/#organization"},"potentialAction":[{"@type":"SearchAction","target":{"@type":"EntryPoint","urlTemplate":"https:\/\/noti-america.com\/site\/repdom\/?s={search_term_string}"},"query-input":{"@type":"PropertyValueSpecification","valueRequired":true,"valueName":"search_term_string"}}],"inLanguage":"es"},{"@type":"Organization","@id":"https:\/\/noti-america.com\/site\/repdom\/#organization","name":"Noti-America LLC | Rep\u00fablica Dominicana","url":"https:\/\/noti-america.com\/site\/repdom\/","logo":{"@type":"ImageObject","inLanguage":"es","@id":"https:\/\/noti-america.com\/site\/repdom\/#\/schema\/logo\/image\/","url":"https:\/\/noti-america.com\/site\/repdom\/wp-content\/uploads\/sites\/6\/2020\/07\/LogoNA-4x3-1.jpg","contentUrl":"https:\/\/noti-america.com\/site\/repdom\/wp-content\/uploads\/sites\/6\/2020\/07\/LogoNA-4x3-1.jpg","width":1236,"height":1080,"caption":"Noti-America LLC | Rep\u00fablica Dominicana"},"image":{"@id":"https:\/\/noti-america.com\/site\/repdom\/#\/schema\/logo\/image\/"}},{"@type":"Person","@id":"https:\/\/noti-america.com\/site\/repdom\/#\/schema\/person\/3e41f2e0a88de2dbfa74310de6e08c3b","name":"Sueanny Guzm\u00e1n","image":{"@type":"ImageObject","inLanguage":"es","@id":"https:\/\/secure.gravatar.com\/avatar\/743180685ef4657e50d4fb7ec792c2c316119f5a7db45e029570122e8cd05065?s=96&d=mm&r=g","url":"https:\/\/secure.gravatar.com\/avatar\/743180685ef4657e50d4fb7ec792c2c316119f5a7db45e029570122e8cd05065?s=96&d=mm&r=g","contentUrl":"https:\/\/secure.gravatar.com\/avatar\/743180685ef4657e50d4fb7ec792c2c316119f5a7db45e029570122e8cd05065?s=96&d=mm&r=g","caption":"Sueanny Guzm\u00e1n"},"sameAs":["https:\/\/x.com\/sueannyguzmanrd"],"url":"https:\/\/noti-america.com\/site\/repdom\/author\/sguzman\/"}]}},"_links":{"self":[{"href":"https:\/\/noti-america.com\/site\/repdom\/wp-json\/wp\/v2\/posts\/2353","targetHints":{"allow":["GET"]}}],"collection":[{"href":"https:\/\/noti-america.com\/site\/repdom\/wp-json\/wp\/v2\/posts"}],"about":[{"href":"https:\/\/noti-america.com\/site\/repdom\/wp-json\/wp\/v2\/types\/post"}],"author":[{"embeddable":true,"href":"https:\/\/noti-america.com\/site\/repdom\/wp-json\/wp\/v2\/users\/92"}],"replies":[{"embeddable":true,"href":"https:\/\/noti-america.com\/site\/repdom\/wp-json\/wp\/v2\/comments?post=2353"}],"version-history":[{"count":0,"href":"https:\/\/noti-america.com\/site\/repdom\/wp-json\/wp\/v2\/posts\/2353\/revisions"}],"wp:featuredmedia":[{"embeddable":true,"href":"https:\/\/noti-america.com\/site\/repdom\/wp-json\/wp\/v2\/media\/2354"}],"wp:attachment":[{"href":"https:\/\/noti-america.com\/site\/repdom\/wp-json\/wp\/v2\/media?parent=2353"}],"wp:term":[{"taxonomy":"category","embeddable":true,"href":"https:\/\/noti-america.com\/site\/repdom\/wp-json\/wp\/v2\/categories?post=2353"},{"taxonomy":"post_tag","embeddable":true,"href":"https:\/\/noti-america.com\/site\/repdom\/wp-json\/wp\/v2\/tags?post=2353"}],"curies":[{"name":"wp","href":"https:\/\/api.w.org\/{rel}","templated":true}]}}