{"id":22900,"date":"2023-05-29T13:37:31","date_gmt":"2023-05-29T13:37:31","guid":{"rendered":"https:\/\/noti-america.com\/site\/repdom\/?p=22900"},"modified":"2023-05-29T13:37:31","modified_gmt":"2023-05-29T13:37:31","slug":"hollis-y-ferreiras-lideran-victoria-de-los-indios-sobre-los-marineros","status":"publish","type":"post","link":"https:\/\/noti-america.com\/site\/repdom\/2023\/05\/29\/hollis-y-ferreiras-lideran-victoria-de-los-indios-sobre-los-marineros\/","title":{"rendered":"Hollis y Ferreiras lideran victoria de los Indios sobre los Marineros"},"content":{"rendered":"<p style=\"text-align: justify\">PUERTO PLATA &#8211; Curtis Hollis y Luismal Ferreiras guiaron a los Indios de San Francisco de Macor\u00eds a una victoria 84-71 sobre los Marineros de Puerto Plata, en el partido celebrado en el polideportivo Fabio Rafael Gonz\u00e1lez correspondiente a La S\u00faper Liga de la LNB.<\/p>\n<p style=\"text-align: justify\">Hollis encest\u00f3 22 puntos, atrap\u00f3 7 rebotes, dio 4 asistencias y rob\u00f3 5 balones, mientras que Ferreiras hizo un doble-doble de 16 unidades y 13 rebotes. Yeikson Montero y J.D. Miller tambi\u00e9n aportaron 14 tantos cada uno para los Indios, quienes ahora tienen marca de 5-4.<\/p>\n<p style=\"text-align: justify\">Por los Marineros, cuyo r\u00e9cord ahora es de 0-9, Rakeen Christmas anot\u00f3 19 puntos y Luis Feliz agreg\u00f3 14 con 4 rebotes y 5 asistencias.<\/p>\n<p style=\"text-align: justify\">El primer cuarto fue ganado 19-18 por los Indios y en el segundo faltando 20 segundos Michael Moore anot\u00f3 un triple que dio ventaja de 4 (40-36) a los francomacorisanos, en la que fue la mayor diferencia en los primeros 20 minutos. As\u00ed qued\u00f3 la primera mitad.<\/p>\n<p style=\"text-align: justify\">Ferreiras anot\u00f3 11 puntos y captur\u00f3 8 rebotes para encabezar al descanso a los Indios, que tambi\u00e9n contaron con 8 unidades tanto de Montero como de Miller. Christmas encest\u00f3 10 y Feliz 8 para sacar la cara por los Marineros.<\/p>\n<p style=\"text-align: justify\">La ventaja de los Indios aument\u00f3 a 12 (58-46) con 3:14 del tercer tiempo, tras un triple de Hollis y un donqueo de Moore. La pizarra marc\u00f3 65-55 luego de 30 minutos de acci\u00f3n.<\/p>\n<p style=\"text-align: justify\">Los de San Francisco de Macor\u00eds no cedieron en el \u00faltimo cuarto y con un triple de Montero elevaron su dominio a 16 (78-62) con 3:36 por jugar. En el resto del camino no hubo amenaza alguna de los Marineros.<\/p>\n<p style=\"text-align: justify\">Los parciales concluyeron 19-18, 21-18, 25-19 y 19-16 para los Indios.<\/p>\n<p style=\"text-align: justify\"><strong>Pr\u00f3ximos partidos<\/strong><\/p>\n<p style=\"text-align: justify\">La S\u00faper Liga de la LNB descansar\u00e1 este lunes, pero regresar\u00e1 el martes con los Leones de Santo Domingo visitando a los Soles de Santo Domingo Este a las 7:00 de la noche en el polideportivo Sim\u00f3n Orozco de Invivienda, mientras que a las 8:00 de la noche los Indios de San Francisco de Macor\u00eds visitar\u00e1n a los Titanes del Distrito Nacional en el polideportivo \u00c1ngel Gonz\u00e1lez de San Crist\u00f3bal.<\/p>\n<p style=\"text-align: justify\"><strong>Fuente: Prensa LNB<\/strong><\/p>\n","protected":false},"excerpt":{"rendered":"<p>PUERTO PLATA &#8211; Curtis Hollis y Luismal Ferreiras guiaron a los Indios de San Francisco de Macor\u00eds a una victoria 84-71 sobre los Marineros de Puerto Plata, en el partido celebrado en el polideportivo&#46;&#46;&#46;<\/p>\n","protected":false},"author":89,"featured_media":22901,"comment_status":"open","ping_status":"open","sticky":false,"template":"","format":"standard","meta":{"_acf_changed":false,"rop_custom_images_group":[],"rop_custom_messages_group":[],"rop_publish_now":"initial","rop_publish_now_accounts":[],"rop_publish_now_history":[],"rop_publish_now_status":"pending","footnotes":""},"categories":[16],"tags":[212,1898,1242,3180,1244,2696],"class_list":["post-22900","post","type-post","status-publish","format-standard","has-post-thumbnail","hentry","category-deportes","tag-baloncesto-dominicano","tag-curtis-hollis","tag-indios-de-san-francisco-de-macoris","tag-la-super-liga","tag-liga-nacional-de-baloncesto","tag-luismal-ferreiras"],"acf":[],"yoast_head":"<!-- This site is optimized with the Yoast SEO Premium plugin v24.9 (Yoast SEO v27.2) - https:\/\/yoast.com\/product\/yoast-seo-premium-wordpress\/ -->\n<title>Hollis y Ferreiras lideran victoria de los Indios sobre los Marineros - Rep. Dominicana | Noti-America.com<\/title>\n<meta name=\"robots\" content=\"index, follow, max-snippet:-1, max-image-preview:large, max-video-preview:-1\" \/>\n<link rel=\"canonical\" href=\"https:\/\/noti-america.com\/site\/repdom\/2023\/05\/29\/hollis-y-ferreiras-lideran-victoria-de-los-indios-sobre-los-marineros\/\" \/>\n<meta property=\"og:locale\" content=\"es_ES\" \/>\n<meta property=\"og:type\" content=\"article\" \/>\n<meta property=\"og:title\" content=\"Hollis y Ferreiras lideran victoria de los Indios sobre los Marineros\" \/>\n<meta property=\"og:description\" content=\"PUERTO PLATA &#8211; Curtis Hollis y Luismal Ferreiras guiaron a los Indios de San Francisco de Macor\u00eds a una victoria 84-71 sobre los Marineros de Puerto Plata, en el partido celebrado en el polideportivo&#046;&#046;&#046;\" \/>\n<meta property=\"og:url\" content=\"https:\/\/noti-america.com\/site\/repdom\/2023\/05\/29\/hollis-y-ferreiras-lideran-victoria-de-los-indios-sobre-los-marineros\/\" \/>\n<meta property=\"og:site_name\" content=\"Rep. Dominicana | Noti-America.com\" \/>\n<meta property=\"article:published_time\" content=\"2023-05-29T13:37:31+00:00\" \/>\n<meta property=\"og:image\" content=\"https:\/\/noti-america.com\/site\/repdom\/wp-content\/uploads\/sites\/6\/2023\/05\/Indios-1-scaled.jpg\" \/>\n\t<meta property=\"og:image:width\" content=\"2560\" \/>\n\t<meta property=\"og:image:height\" content=\"1495\" \/>\n\t<meta property=\"og:image:type\" content=\"image\/jpeg\" \/>\n<meta name=\"author\" content=\"Ad\u00e1n Soriano\" \/>\n<meta name=\"twitter:card\" content=\"summary_large_image\" \/>\n<meta name=\"twitter:creator\" content=\"@adansoriano\" \/>\n<meta name=\"twitter:label1\" content=\"Escrito por\" \/>\n\t<meta name=\"twitter:data1\" content=\"Ad\u00e1n Soriano\" \/>\n\t<meta name=\"twitter:label2\" content=\"Tiempo estimado de lectura\" \/>\n\t<meta name=\"twitter:data2\" content=\"2 minutos\" \/>\n<script type=\"application\/ld+json\" class=\"yoast-schema-graph\">{\"@context\":\"https:\/\/schema.org\",\"@graph\":[{\"@type\":\"Article\",\"@id\":\"https:\/\/noti-america.com\/site\/repdom\/2023\/05\/29\/hollis-y-ferreiras-lideran-victoria-de-los-indios-sobre-los-marineros\/#article\",\"isPartOf\":{\"@id\":\"https:\/\/noti-america.com\/site\/repdom\/2023\/05\/29\/hollis-y-ferreiras-lideran-victoria-de-los-indios-sobre-los-marineros\/\"},\"author\":{\"name\":\"Ad\u00e1n Soriano\",\"@id\":\"https:\/\/noti-america.com\/site\/repdom\/#\/schema\/person\/fd0092c1530d275fabaa5cffcbc2b976\"},\"headline\":\"Hollis y Ferreiras lideran victoria de los Indios sobre los Marineros\",\"datePublished\":\"2023-05-29T13:37:31+00:00\",\"mainEntityOfPage\":{\"@id\":\"https:\/\/noti-america.com\/site\/repdom\/2023\/05\/29\/hollis-y-ferreiras-lideran-victoria-de-los-indios-sobre-los-marineros\/\"},\"wordCount\":364,\"commentCount\":0,\"publisher\":{\"@id\":\"https:\/\/noti-america.com\/site\/repdom\/#organization\"},\"image\":{\"@id\":\"https:\/\/noti-america.com\/site\/repdom\/2023\/05\/29\/hollis-y-ferreiras-lideran-victoria-de-los-indios-sobre-los-marineros\/#primaryimage\"},\"thumbnailUrl\":\"https:\/\/noti-america.com\/site\/repdom\/wp-content\/uploads\/sites\/6\/2023\/05\/Indios-1-scaled.jpg\",\"keywords\":[\"Baloncesto Dominicano\",\"Curtis Hollis\",\"Indios de San Francisco de Macor\u00eds\",\"La S\u00faper Liga\",\"Liga Nacional de Baloncesto\",\"Luismal Ferreiras\"],\"articleSection\":[\"Deportes\"],\"inLanguage\":\"es\",\"potentialAction\":[{\"@type\":\"CommentAction\",\"name\":\"Comment\",\"target\":[\"https:\/\/noti-america.com\/site\/repdom\/2023\/05\/29\/hollis-y-ferreiras-lideran-victoria-de-los-indios-sobre-los-marineros\/#respond\"]}]},{\"@type\":\"WebPage\",\"@id\":\"https:\/\/noti-america.com\/site\/repdom\/2023\/05\/29\/hollis-y-ferreiras-lideran-victoria-de-los-indios-sobre-los-marineros\/\",\"url\":\"https:\/\/noti-america.com\/site\/repdom\/2023\/05\/29\/hollis-y-ferreiras-lideran-victoria-de-los-indios-sobre-los-marineros\/\",\"name\":\"Hollis y Ferreiras lideran victoria de los Indios sobre los Marineros - Rep. Dominicana | Noti-America.com\",\"isPartOf\":{\"@id\":\"https:\/\/noti-america.com\/site\/repdom\/#website\"},\"primaryImageOfPage\":{\"@id\":\"https:\/\/noti-america.com\/site\/repdom\/2023\/05\/29\/hollis-y-ferreiras-lideran-victoria-de-los-indios-sobre-los-marineros\/#primaryimage\"},\"image\":{\"@id\":\"https:\/\/noti-america.com\/site\/repdom\/2023\/05\/29\/hollis-y-ferreiras-lideran-victoria-de-los-indios-sobre-los-marineros\/#primaryimage\"},\"thumbnailUrl\":\"https:\/\/noti-america.com\/site\/repdom\/wp-content\/uploads\/sites\/6\/2023\/05\/Indios-1-scaled.jpg\",\"datePublished\":\"2023-05-29T13:37:31+00:00\",\"breadcrumb\":{\"@id\":\"https:\/\/noti-america.com\/site\/repdom\/2023\/05\/29\/hollis-y-ferreiras-lideran-victoria-de-los-indios-sobre-los-marineros\/#breadcrumb\"},\"inLanguage\":\"es\",\"potentialAction\":[{\"@type\":\"ReadAction\",\"target\":[\"https:\/\/noti-america.com\/site\/repdom\/2023\/05\/29\/hollis-y-ferreiras-lideran-victoria-de-los-indios-sobre-los-marineros\/\"]}]},{\"@type\":\"ImageObject\",\"inLanguage\":\"es\",\"@id\":\"https:\/\/noti-america.com\/site\/repdom\/2023\/05\/29\/hollis-y-ferreiras-lideran-victoria-de-los-indios-sobre-los-marineros\/#primaryimage\",\"url\":\"https:\/\/noti-america.com\/site\/repdom\/wp-content\/uploads\/sites\/6\/2023\/05\/Indios-1-scaled.jpg\",\"contentUrl\":\"https:\/\/noti-america.com\/site\/repdom\/wp-content\/uploads\/sites\/6\/2023\/05\/Indios-1-scaled.jpg\",\"width\":2560,\"height\":1495},{\"@type\":\"BreadcrumbList\",\"@id\":\"https:\/\/noti-america.com\/site\/repdom\/2023\/05\/29\/hollis-y-ferreiras-lideran-victoria-de-los-indios-sobre-los-marineros\/#breadcrumb\",\"itemListElement\":[{\"@type\":\"ListItem\",\"position\":1,\"name\":\"Portada\",\"item\":\"https:\/\/noti-america.com\/site\/repdom\/\"},{\"@type\":\"ListItem\",\"position\":2,\"name\":\"Hollis y Ferreiras lideran victoria de los Indios sobre los Marineros\"}]},{\"@type\":\"WebSite\",\"@id\":\"https:\/\/noti-america.com\/site\/repdom\/#website\",\"url\":\"https:\/\/noti-america.com\/site\/repdom\/\",\"name\":\"Rep. Dominicana | Noti-America.com\",\"description\":\"\",\"publisher\":{\"@id\":\"https:\/\/noti-america.com\/site\/repdom\/#organization\"},\"potentialAction\":[{\"@type\":\"SearchAction\",\"target\":{\"@type\":\"EntryPoint\",\"urlTemplate\":\"https:\/\/noti-america.com\/site\/repdom\/?s={search_term_string}\"},\"query-input\":{\"@type\":\"PropertyValueSpecification\",\"valueRequired\":true,\"valueName\":\"search_term_string\"}}],\"inLanguage\":\"es\"},{\"@type\":\"Organization\",\"@id\":\"https:\/\/noti-america.com\/site\/repdom\/#organization\",\"name\":\"Noti-America LLC | Rep\u00fablica Dominicana\",\"url\":\"https:\/\/noti-america.com\/site\/repdom\/\",\"logo\":{\"@type\":\"ImageObject\",\"inLanguage\":\"es\",\"@id\":\"https:\/\/noti-america.com\/site\/repdom\/#\/schema\/logo\/image\/\",\"url\":\"https:\/\/noti-america.com\/site\/repdom\/wp-content\/uploads\/sites\/6\/2020\/07\/LogoNA-4x3-1.jpg\",\"contentUrl\":\"https:\/\/noti-america.com\/site\/repdom\/wp-content\/uploads\/sites\/6\/2020\/07\/LogoNA-4x3-1.jpg\",\"width\":1236,\"height\":1080,\"caption\":\"Noti-America LLC | Rep\u00fablica Dominicana\"},\"image\":{\"@id\":\"https:\/\/noti-america.com\/site\/repdom\/#\/schema\/logo\/image\/\"}},{\"@type\":\"Person\",\"@id\":\"https:\/\/noti-america.com\/site\/repdom\/#\/schema\/person\/fd0092c1530d275fabaa5cffcbc2b976\",\"name\":\"Ad\u00e1n Soriano\",\"image\":{\"@type\":\"ImageObject\",\"inLanguage\":\"es\",\"@id\":\"https:\/\/secure.gravatar.com\/avatar\/ecf97ff3aee7ff9efdae670d7e976f3e7e8acc1077e510d73707999a8bfd4467?s=96&d=mm&r=g\",\"url\":\"https:\/\/secure.gravatar.com\/avatar\/ecf97ff3aee7ff9efdae670d7e976f3e7e8acc1077e510d73707999a8bfd4467?s=96&d=mm&r=g\",\"contentUrl\":\"https:\/\/secure.gravatar.com\/avatar\/ecf97ff3aee7ff9efdae670d7e976f3e7e8acc1077e510d73707999a8bfd4467?s=96&d=mm&r=g\",\"caption\":\"Ad\u00e1n Soriano\"},\"description\":\"Soy cronista deportivo con 10 a\u00f1os de experiencia en varios espacios, y conduzco el podcast deportivo llamado Mezcla Deportiva\",\"sameAs\":[\"https:\/\/x.com\/adansoriano\"],\"url\":\"https:\/\/noti-america.com\/site\/repdom\/author\/asoriano\/\"}]}<\/script>\n<!-- \/ Yoast SEO Premium plugin. -->","yoast_head_json":{"title":"Hollis y Ferreiras lideran victoria de los Indios sobre los Marineros - Rep. Dominicana | Noti-America.com","robots":{"index":"index","follow":"follow","max-snippet":"max-snippet:-1","max-image-preview":"max-image-preview:large","max-video-preview":"max-video-preview:-1"},"canonical":"https:\/\/noti-america.com\/site\/repdom\/2023\/05\/29\/hollis-y-ferreiras-lideran-victoria-de-los-indios-sobre-los-marineros\/","og_locale":"es_ES","og_type":"article","og_title":"Hollis y Ferreiras lideran victoria de los Indios sobre los Marineros","og_description":"PUERTO PLATA &#8211; Curtis Hollis y Luismal Ferreiras guiaron a los Indios de San Francisco de Macor\u00eds a una victoria 84-71 sobre los Marineros de Puerto Plata, en el partido celebrado en el polideportivo&#46;&#46;&#46;","og_url":"https:\/\/noti-america.com\/site\/repdom\/2023\/05\/29\/hollis-y-ferreiras-lideran-victoria-de-los-indios-sobre-los-marineros\/","og_site_name":"Rep. Dominicana | Noti-America.com","article_published_time":"2023-05-29T13:37:31+00:00","og_image":[{"width":2560,"height":1495,"url":"https:\/\/noti-america.com\/site\/repdom\/wp-content\/uploads\/sites\/6\/2023\/05\/Indios-1-scaled.jpg","type":"image\/jpeg"}],"author":"Ad\u00e1n Soriano","twitter_card":"summary_large_image","twitter_creator":"@adansoriano","twitter_misc":{"Escrito por":"Ad\u00e1n Soriano","Tiempo estimado de lectura":"2 minutos"},"schema":{"@context":"https:\/\/schema.org","@graph":[{"@type":"Article","@id":"https:\/\/noti-america.com\/site\/repdom\/2023\/05\/29\/hollis-y-ferreiras-lideran-victoria-de-los-indios-sobre-los-marineros\/#article","isPartOf":{"@id":"https:\/\/noti-america.com\/site\/repdom\/2023\/05\/29\/hollis-y-ferreiras-lideran-victoria-de-los-indios-sobre-los-marineros\/"},"author":{"name":"Ad\u00e1n Soriano","@id":"https:\/\/noti-america.com\/site\/repdom\/#\/schema\/person\/fd0092c1530d275fabaa5cffcbc2b976"},"headline":"Hollis y Ferreiras lideran victoria de los Indios sobre los Marineros","datePublished":"2023-05-29T13:37:31+00:00","mainEntityOfPage":{"@id":"https:\/\/noti-america.com\/site\/repdom\/2023\/05\/29\/hollis-y-ferreiras-lideran-victoria-de-los-indios-sobre-los-marineros\/"},"wordCount":364,"commentCount":0,"publisher":{"@id":"https:\/\/noti-america.com\/site\/repdom\/#organization"},"image":{"@id":"https:\/\/noti-america.com\/site\/repdom\/2023\/05\/29\/hollis-y-ferreiras-lideran-victoria-de-los-indios-sobre-los-marineros\/#primaryimage"},"thumbnailUrl":"https:\/\/noti-america.com\/site\/repdom\/wp-content\/uploads\/sites\/6\/2023\/05\/Indios-1-scaled.jpg","keywords":["Baloncesto Dominicano","Curtis Hollis","Indios de San Francisco de Macor\u00eds","La S\u00faper Liga","Liga Nacional de Baloncesto","Luismal Ferreiras"],"articleSection":["Deportes"],"inLanguage":"es","potentialAction":[{"@type":"CommentAction","name":"Comment","target":["https:\/\/noti-america.com\/site\/repdom\/2023\/05\/29\/hollis-y-ferreiras-lideran-victoria-de-los-indios-sobre-los-marineros\/#respond"]}]},{"@type":"WebPage","@id":"https:\/\/noti-america.com\/site\/repdom\/2023\/05\/29\/hollis-y-ferreiras-lideran-victoria-de-los-indios-sobre-los-marineros\/","url":"https:\/\/noti-america.com\/site\/repdom\/2023\/05\/29\/hollis-y-ferreiras-lideran-victoria-de-los-indios-sobre-los-marineros\/","name":"Hollis y Ferreiras lideran victoria de los Indios sobre los Marineros - Rep. Dominicana | Noti-America.com","isPartOf":{"@id":"https:\/\/noti-america.com\/site\/repdom\/#website"},"primaryImageOfPage":{"@id":"https:\/\/noti-america.com\/site\/repdom\/2023\/05\/29\/hollis-y-ferreiras-lideran-victoria-de-los-indios-sobre-los-marineros\/#primaryimage"},"image":{"@id":"https:\/\/noti-america.com\/site\/repdom\/2023\/05\/29\/hollis-y-ferreiras-lideran-victoria-de-los-indios-sobre-los-marineros\/#primaryimage"},"thumbnailUrl":"https:\/\/noti-america.com\/site\/repdom\/wp-content\/uploads\/sites\/6\/2023\/05\/Indios-1-scaled.jpg","datePublished":"2023-05-29T13:37:31+00:00","breadcrumb":{"@id":"https:\/\/noti-america.com\/site\/repdom\/2023\/05\/29\/hollis-y-ferreiras-lideran-victoria-de-los-indios-sobre-los-marineros\/#breadcrumb"},"inLanguage":"es","potentialAction":[{"@type":"ReadAction","target":["https:\/\/noti-america.com\/site\/repdom\/2023\/05\/29\/hollis-y-ferreiras-lideran-victoria-de-los-indios-sobre-los-marineros\/"]}]},{"@type":"ImageObject","inLanguage":"es","@id":"https:\/\/noti-america.com\/site\/repdom\/2023\/05\/29\/hollis-y-ferreiras-lideran-victoria-de-los-indios-sobre-los-marineros\/#primaryimage","url":"https:\/\/noti-america.com\/site\/repdom\/wp-content\/uploads\/sites\/6\/2023\/05\/Indios-1-scaled.jpg","contentUrl":"https:\/\/noti-america.com\/site\/repdom\/wp-content\/uploads\/sites\/6\/2023\/05\/Indios-1-scaled.jpg","width":2560,"height":1495},{"@type":"BreadcrumbList","@id":"https:\/\/noti-america.com\/site\/repdom\/2023\/05\/29\/hollis-y-ferreiras-lideran-victoria-de-los-indios-sobre-los-marineros\/#breadcrumb","itemListElement":[{"@type":"ListItem","position":1,"name":"Portada","item":"https:\/\/noti-america.com\/site\/repdom\/"},{"@type":"ListItem","position":2,"name":"Hollis y Ferreiras lideran victoria de los Indios sobre los Marineros"}]},{"@type":"WebSite","@id":"https:\/\/noti-america.com\/site\/repdom\/#website","url":"https:\/\/noti-america.com\/site\/repdom\/","name":"Rep. Dominicana | Noti-America.com","description":"","publisher":{"@id":"https:\/\/noti-america.com\/site\/repdom\/#organization"},"potentialAction":[{"@type":"SearchAction","target":{"@type":"EntryPoint","urlTemplate":"https:\/\/noti-america.com\/site\/repdom\/?s={search_term_string}"},"query-input":{"@type":"PropertyValueSpecification","valueRequired":true,"valueName":"search_term_string"}}],"inLanguage":"es"},{"@type":"Organization","@id":"https:\/\/noti-america.com\/site\/repdom\/#organization","name":"Noti-America LLC | Rep\u00fablica Dominicana","url":"https:\/\/noti-america.com\/site\/repdom\/","logo":{"@type":"ImageObject","inLanguage":"es","@id":"https:\/\/noti-america.com\/site\/repdom\/#\/schema\/logo\/image\/","url":"https:\/\/noti-america.com\/site\/repdom\/wp-content\/uploads\/sites\/6\/2020\/07\/LogoNA-4x3-1.jpg","contentUrl":"https:\/\/noti-america.com\/site\/repdom\/wp-content\/uploads\/sites\/6\/2020\/07\/LogoNA-4x3-1.jpg","width":1236,"height":1080,"caption":"Noti-America LLC | Rep\u00fablica Dominicana"},"image":{"@id":"https:\/\/noti-america.com\/site\/repdom\/#\/schema\/logo\/image\/"}},{"@type":"Person","@id":"https:\/\/noti-america.com\/site\/repdom\/#\/schema\/person\/fd0092c1530d275fabaa5cffcbc2b976","name":"Ad\u00e1n Soriano","image":{"@type":"ImageObject","inLanguage":"es","@id":"https:\/\/secure.gravatar.com\/avatar\/ecf97ff3aee7ff9efdae670d7e976f3e7e8acc1077e510d73707999a8bfd4467?s=96&d=mm&r=g","url":"https:\/\/secure.gravatar.com\/avatar\/ecf97ff3aee7ff9efdae670d7e976f3e7e8acc1077e510d73707999a8bfd4467?s=96&d=mm&r=g","contentUrl":"https:\/\/secure.gravatar.com\/avatar\/ecf97ff3aee7ff9efdae670d7e976f3e7e8acc1077e510d73707999a8bfd4467?s=96&d=mm&r=g","caption":"Ad\u00e1n Soriano"},"description":"Soy cronista deportivo con 10 a\u00f1os de experiencia en varios espacios, y conduzco el podcast deportivo llamado Mezcla Deportiva","sameAs":["https:\/\/x.com\/adansoriano"],"url":"https:\/\/noti-america.com\/site\/repdom\/author\/asoriano\/"}]}},"_links":{"self":[{"href":"https:\/\/noti-america.com\/site\/repdom\/wp-json\/wp\/v2\/posts\/22900","targetHints":{"allow":["GET"]}}],"collection":[{"href":"https:\/\/noti-america.com\/site\/repdom\/wp-json\/wp\/v2\/posts"}],"about":[{"href":"https:\/\/noti-america.com\/site\/repdom\/wp-json\/wp\/v2\/types\/post"}],"author":[{"embeddable":true,"href":"https:\/\/noti-america.com\/site\/repdom\/wp-json\/wp\/v2\/users\/89"}],"replies":[{"embeddable":true,"href":"https:\/\/noti-america.com\/site\/repdom\/wp-json\/wp\/v2\/comments?post=22900"}],"version-history":[{"count":1,"href":"https:\/\/noti-america.com\/site\/repdom\/wp-json\/wp\/v2\/posts\/22900\/revisions"}],"predecessor-version":[{"id":22902,"href":"https:\/\/noti-america.com\/site\/repdom\/wp-json\/wp\/v2\/posts\/22900\/revisions\/22902"}],"wp:featuredmedia":[{"embeddable":true,"href":"https:\/\/noti-america.com\/site\/repdom\/wp-json\/wp\/v2\/media\/22901"}],"wp:attachment":[{"href":"https:\/\/noti-america.com\/site\/repdom\/wp-json\/wp\/v2\/media?parent=22900"}],"wp:term":[{"taxonomy":"category","embeddable":true,"href":"https:\/\/noti-america.com\/site\/repdom\/wp-json\/wp\/v2\/categories?post=22900"},{"taxonomy":"post_tag","embeddable":true,"href":"https:\/\/noti-america.com\/site\/repdom\/wp-json\/wp\/v2\/tags?post=22900"}],"curies":[{"name":"wp","href":"https:\/\/api.w.org\/{rel}","templated":true}]}}