{"id":22134,"date":"2023-03-16T22:01:35","date_gmt":"2023-03-16T22:01:35","guid":{"rendered":"https:\/\/noti-america.com\/site\/repdom\/2023\/03\/16\/el-salvador-extiende-una-vez-mas-el-regimen-de-excepcion-2\/"},"modified":"2023-03-16T22:01:35","modified_gmt":"2023-03-16T22:01:35","slug":"el-salvador-extiende-una-vez-mas-el-regimen-de-excepcion-2","status":"publish","type":"post","link":"https:\/\/noti-america.com\/site\/repdom\/2023\/03\/16\/el-salvador-extiende-una-vez-mas-el-regimen-de-excepcion-2\/","title":{"rendered":"&#8220;El Salvador extiende una vez m\u00e1s el r\u00e9gimen de excepci\u00f3n&#8221;"},"content":{"rendered":"<p style=\"text-align: justify\"><strong>NOTIAMERICA-REPUBLICA DOMINICANA\u00a0<\/strong><\/p>\n<p style=\"text-align: justify\"><strong>EL SALVADOR_ <\/strong>La medida que intenta frenar la criminalidad desatada por las pandillas, fue aprobada sin debate ni estudio por la mayor\u00eda oficialista en parlamento.<\/p>\n<div>\n<p class=\"article__paragraph\" style=\"text-align: justify\">La Asamblea Legislativa de El Salvador, de amplia mayor\u00eda oficialista, aprob\u00f3 la noche del mi\u00e9rcoles (15.03.2023) la duod\u00e9cima ampliaci\u00f3n de un r\u00e9gimen de excepci\u00f3n, con lo que el pa\u00eds superar\u00e1 el a\u00f1o con esta medida pedida por el gobierno de Nayib Bukele y con la que se ha declarado una \u00abguerra contra las pandillas\u00bb.<\/p>\n<p class=\"article__paragraph\" style=\"text-align: justify\">El r\u00e9gimen de excepci\u00f3n, que suspende garant\u00edas constitucionales, se aprob\u00f3 originalmente a finales de marzo de 2022 tras una escalada de asesinatos atribuida a las pandillas y que se cobr\u00f3 la vida de m\u00e1s de 80 personas en tres d\u00edas.<\/p>\n<p class=\"article__paragraph\" style=\"text-align: justify\">La solicitud de ampliaci\u00f3n fue presentada por el ministro de Seguridad, Gustavo Villatoro, y fue aprobada por los legisladores del partido oficialista Nuevas Ideas (NI) y sus aliados con 67 votos de los 84 diputados.<\/p>\n<p class=\"article__paragraph\" style=\"text-align: justify\">La extensi\u00f3n de la medida, a la que el Gobierno de Bukele llama \u00abguerra contra las pandillas\u00bb, se aprob\u00f3 sin estudio o debate legislativo.<\/p>\n<p class=\"article__paragraph\" style=\"text-align: justify\">El r\u00e9gimen de excepci\u00f3n, que suspende garant\u00edas constitucionales, se aprob\u00f3 originalmente a finales de marzo de 2022 tras una escalada de asesinatos atribuida a las pandillas y que se cobr\u00f3 la vida de m\u00e1s de 80 personas en tres d\u00edas.<\/p>\n<p class=\"article__paragraph\" style=\"text-align: justify\">La solicitud de ampliaci\u00f3n fue presentada por el ministro de Seguridad, Gustavo Villatoro, y fue aprobada por los legisladores del partido oficialista Nuevas Ideas (NI) y sus aliados con 67 votos de los 84 diputados.<\/p>\n<p class=\"article__paragraph\" style=\"text-align: justify\">La extensi\u00f3n de la medida, a la que el Gobierno de Bukele llama \u00abguerra contra las pandillas\u00bb, se aprob\u00f3 sin estudio o debate legislativo.<\/p>\n<p class=\"article__paragraph\" style=\"text-align: justify\">Las garant\u00edas constitucionales suspendidas son el derecho a la defensa de las personas detenidas, la inviolabilidad de las telecomunicaciones y el plazo m\u00e1ximo de detenci\u00f3n provisional de 72 horas.<\/p>\n<h2 class=\"article__subheadline\" style=\"text-align: justify\">\u00abTrasladan a 2.000 pandilleros a megac\u00e1rcel\u00bb<\/h2>\n<p class=\"article__paragraph\" style=\"text-align: justify\">Antes de la aprobaci\u00f3n, el presidente Bukele anunci\u00f3 en Twitter el traslado de 2.000 pandilleros a una nueva prisi\u00f3n de m\u00e1xima seguridad, con lo que suman 4.000 reos en el recinto que, seg\u00fan el mandatario, es la \u00abm\u00e1s grande de toda Am\u00e9rica\u00bb.<\/p>\n<p class=\"article__paragraph\" style=\"text-align: justify\">\u00abEste d\u00eda, en un nuevo operativo, trasladamos al segundo grupo de 2.000 pandilleros al Centro de Confinamiento del Terrorismo (Cecot)\u00bb, public\u00f3 el mandatario en Twitter.<\/p>\n<p class=\"article__paragraph\" style=\"text-align: justify\">De acuerdo con las cifras oficiales, son cerca de 66.000 personas detenidas, a las que el Gobierno acusa de ser pandilleros, y habr\u00edan sido puestas en libertad condicional unas 3.300.<\/p>\n<p class=\"article__paragraph\" style=\"text-align: justify\">Las organizaciones humanitarias salvadore\u00f1as y la Procuradur\u00eda para la Defensa de los Derechos Humanos (PDDH) han recibido m\u00e1s de 7.900 denuncias de atropellos, la mayor\u00eda por\u00a0<a class=\"article__linkcolor\" href=\"https:\/\/m.dw.com\/es\/denuncian-a-el-salvador-en-cidh-por-arrestos-arbitrarios-en-r%C3%A9gimen-de-excepci%C3%B3n\/a-64953043\">detenciones arbitrarias.<\/a><\/p>\n<p class=\"article__paragraph\" style=\"text-align: justify\">Las autoridades atribuyen a esta medida y al Plan Control Territorial la ca\u00edda de los homicidios, que seg\u00fan las cuentas oficiales fueron 496 en 2022, un 57 % menos que en 2021.<\/p>\n<p style=\"text-align: justify\">La mitad de la poblaci\u00f3n salvadore\u00f1a considera que el r\u00e9gimen de excepci\u00f3n \u00abno resolver\u00e1 el problema\u00bb de las pandillas en El Salvador, aunque el 75,9 % de los ciudadanos aprueba la medida, seg\u00fan un sondeo del Instituto Universitario de Opini\u00f3n P\u00fablica (Iudop) de la Universidad Centroamericana (UCA) divulgado en octubre de 2022.<\/p>\n<p style=\"text-align: justify\">Fuente: m.dw.com<\/p>\n<p style=\"text-align: justify\">Facebook\u00a0 Cerso Felipe Castillo Carri\u00f3n<\/p>\n<p style=\"text-align: justify\">Instagram\u00a0 @cersocastillo<\/p>\n<p style=\"text-align: justify\">\n<\/div>\n","protected":false},"excerpt":{"rendered":"<p>NOTIAMERICA-REPUBLICA DOMINICANA\u00a0 EL SALVADOR_ La medida que intenta frenar la criminalidad desatada por las pandillas, fue aprobada sin debate ni estudio por la mayor\u00eda oficialista en parlamento. La Asamblea Legislativa de El Salvador, de&#46;&#46;&#46;<\/p>\n","protected":false},"author":90,"featured_media":22135,"comment_status":"open","ping_status":"open","sticky":false,"template":"","format":"image","meta":{"_acf_changed":false,"rop_custom_images_group":[],"rop_custom_messages_group":[],"rop_publish_now":"initial","rop_publish_now_accounts":[],"rop_publish_now_history":[],"rop_publish_now_status":"pending","footnotes":""},"categories":[4],"tags":[],"class_list":["post-22134","post","type-post","status-publish","format-image","has-post-thumbnail","hentry","category-internacionales","post_format-post-format-image"],"acf":[],"yoast_head":"<!-- This site is optimized with the Yoast SEO Premium plugin v24.9 (Yoast SEO v27.2) - https:\/\/yoast.com\/product\/yoast-seo-premium-wordpress\/ -->\n<title>&#8220;El Salvador extiende una vez m\u00e1s el r\u00e9gimen de excepci\u00f3n&#8221; - Rep. Dominicana | Noti-America.com<\/title>\n<meta name=\"robots\" content=\"index, follow, max-snippet:-1, max-image-preview:large, max-video-preview:-1\" \/>\n<link rel=\"canonical\" href=\"https:\/\/noti-america.com\/site\/repdom\/2023\/03\/16\/el-salvador-extiende-una-vez-mas-el-regimen-de-excepcion-2\/\" \/>\n<meta property=\"og:locale\" content=\"es_ES\" \/>\n<meta property=\"og:type\" content=\"article\" \/>\n<meta property=\"og:title\" content=\"&#8220;El Salvador extiende una vez m\u00e1s el r\u00e9gimen de excepci\u00f3n&#8221;\" \/>\n<meta property=\"og:description\" content=\"NOTIAMERICA-REPUBLICA DOMINICANA\u00a0 EL SALVADOR_ La medida que intenta frenar la criminalidad desatada por las pandillas, fue aprobada sin debate ni estudio por la mayor\u00eda oficialista en parlamento. La Asamblea Legislativa de El Salvador, de&#046;&#046;&#046;\" \/>\n<meta property=\"og:url\" content=\"https:\/\/noti-america.com\/site\/repdom\/2023\/03\/16\/el-salvador-extiende-una-vez-mas-el-regimen-de-excepcion-2\/\" \/>\n<meta property=\"og:site_name\" content=\"Rep. Dominicana | Noti-America.com\" \/>\n<meta property=\"article:published_time\" content=\"2023-03-16T22:01:35+00:00\" \/>\n<meta property=\"og:image\" content=\"https:\/\/noti-america.com\/site\/repdom\/wp-content\/uploads\/sites\/6\/2023\/03\/65003729_507.jpg\" \/>\n\t<meta property=\"og:image:width\" content=\"992\" \/>\n\t<meta property=\"og:image:height\" content=\"558\" \/>\n\t<meta property=\"og:image:type\" content=\"image\/jpeg\" \/>\n<meta name=\"author\" content=\"Cerso Castillo\" \/>\n<meta name=\"twitter:card\" content=\"summary_large_image\" \/>\n<meta name=\"twitter:label1\" content=\"Escrito por\" \/>\n\t<meta name=\"twitter:data1\" content=\"Cerso Castillo\" \/>\n\t<meta name=\"twitter:label2\" content=\"Tiempo estimado de lectura\" \/>\n\t<meta name=\"twitter:data2\" content=\"3 minutos\" \/>\n<script type=\"application\/ld+json\" class=\"yoast-schema-graph\">{\"@context\":\"https:\/\/schema.org\",\"@graph\":[{\"@type\":\"Article\",\"@id\":\"https:\/\/noti-america.com\/site\/repdom\/2023\/03\/16\/el-salvador-extiende-una-vez-mas-el-regimen-de-excepcion-2\/#article\",\"isPartOf\":{\"@id\":\"https:\/\/noti-america.com\/site\/repdom\/2023\/03\/16\/el-salvador-extiende-una-vez-mas-el-regimen-de-excepcion-2\/\"},\"author\":{\"name\":\"Cerso Castillo\",\"@id\":\"https:\/\/noti-america.com\/site\/repdom\/#\/schema\/person\/408e10184d87f571c50942f1d952011d\"},\"headline\":\"&#8220;El Salvador extiende una vez m\u00e1s el r\u00e9gimen de excepci\u00f3n&#8221;\",\"datePublished\":\"2023-03-16T22:01:35+00:00\",\"mainEntityOfPage\":{\"@id\":\"https:\/\/noti-america.com\/site\/repdom\/2023\/03\/16\/el-salvador-extiende-una-vez-mas-el-regimen-de-excepcion-2\/\"},\"wordCount\":571,\"commentCount\":0,\"publisher\":{\"@id\":\"https:\/\/noti-america.com\/site\/repdom\/#organization\"},\"image\":{\"@id\":\"https:\/\/noti-america.com\/site\/repdom\/2023\/03\/16\/el-salvador-extiende-una-vez-mas-el-regimen-de-excepcion-2\/#primaryimage\"},\"thumbnailUrl\":\"https:\/\/noti-america.com\/site\/repdom\/wp-content\/uploads\/sites\/6\/2023\/03\/65003729_507.jpg\",\"articleSection\":[\"Internacionales\"],\"inLanguage\":\"es\",\"potentialAction\":[{\"@type\":\"CommentAction\",\"name\":\"Comment\",\"target\":[\"https:\/\/noti-america.com\/site\/repdom\/2023\/03\/16\/el-salvador-extiende-una-vez-mas-el-regimen-de-excepcion-2\/#respond\"]}]},{\"@type\":\"WebPage\",\"@id\":\"https:\/\/noti-america.com\/site\/repdom\/2023\/03\/16\/el-salvador-extiende-una-vez-mas-el-regimen-de-excepcion-2\/\",\"url\":\"https:\/\/noti-america.com\/site\/repdom\/2023\/03\/16\/el-salvador-extiende-una-vez-mas-el-regimen-de-excepcion-2\/\",\"name\":\"&#8220;El Salvador extiende una vez m\u00e1s el r\u00e9gimen de excepci\u00f3n&#8221; - Rep. Dominicana | Noti-America.com\",\"isPartOf\":{\"@id\":\"https:\/\/noti-america.com\/site\/repdom\/#website\"},\"primaryImageOfPage\":{\"@id\":\"https:\/\/noti-america.com\/site\/repdom\/2023\/03\/16\/el-salvador-extiende-una-vez-mas-el-regimen-de-excepcion-2\/#primaryimage\"},\"image\":{\"@id\":\"https:\/\/noti-america.com\/site\/repdom\/2023\/03\/16\/el-salvador-extiende-una-vez-mas-el-regimen-de-excepcion-2\/#primaryimage\"},\"thumbnailUrl\":\"https:\/\/noti-america.com\/site\/repdom\/wp-content\/uploads\/sites\/6\/2023\/03\/65003729_507.jpg\",\"datePublished\":\"2023-03-16T22:01:35+00:00\",\"breadcrumb\":{\"@id\":\"https:\/\/noti-america.com\/site\/repdom\/2023\/03\/16\/el-salvador-extiende-una-vez-mas-el-regimen-de-excepcion-2\/#breadcrumb\"},\"inLanguage\":\"es\",\"potentialAction\":[{\"@type\":\"ReadAction\",\"target\":[\"https:\/\/noti-america.com\/site\/repdom\/2023\/03\/16\/el-salvador-extiende-una-vez-mas-el-regimen-de-excepcion-2\/\"]}]},{\"@type\":\"ImageObject\",\"inLanguage\":\"es\",\"@id\":\"https:\/\/noti-america.com\/site\/repdom\/2023\/03\/16\/el-salvador-extiende-una-vez-mas-el-regimen-de-excepcion-2\/#primaryimage\",\"url\":\"https:\/\/noti-america.com\/site\/repdom\/wp-content\/uploads\/sites\/6\/2023\/03\/65003729_507.jpg\",\"contentUrl\":\"https:\/\/noti-america.com\/site\/repdom\/wp-content\/uploads\/sites\/6\/2023\/03\/65003729_507.jpg\",\"width\":992,\"height\":558},{\"@type\":\"BreadcrumbList\",\"@id\":\"https:\/\/noti-america.com\/site\/repdom\/2023\/03\/16\/el-salvador-extiende-una-vez-mas-el-regimen-de-excepcion-2\/#breadcrumb\",\"itemListElement\":[{\"@type\":\"ListItem\",\"position\":1,\"name\":\"Portada\",\"item\":\"https:\/\/noti-america.com\/site\/repdom\/\"},{\"@type\":\"ListItem\",\"position\":2,\"name\":\"&#8220;El Salvador extiende una vez m\u00e1s el r\u00e9gimen de excepci\u00f3n&#8221;\"}]},{\"@type\":\"WebSite\",\"@id\":\"https:\/\/noti-america.com\/site\/repdom\/#website\",\"url\":\"https:\/\/noti-america.com\/site\/repdom\/\",\"name\":\"Rep. Dominicana | Noti-America.com\",\"description\":\"\",\"publisher\":{\"@id\":\"https:\/\/noti-america.com\/site\/repdom\/#organization\"},\"potentialAction\":[{\"@type\":\"SearchAction\",\"target\":{\"@type\":\"EntryPoint\",\"urlTemplate\":\"https:\/\/noti-america.com\/site\/repdom\/?s={search_term_string}\"},\"query-input\":{\"@type\":\"PropertyValueSpecification\",\"valueRequired\":true,\"valueName\":\"search_term_string\"}}],\"inLanguage\":\"es\"},{\"@type\":\"Organization\",\"@id\":\"https:\/\/noti-america.com\/site\/repdom\/#organization\",\"name\":\"Noti-America LLC | Rep\u00fablica Dominicana\",\"url\":\"https:\/\/noti-america.com\/site\/repdom\/\",\"logo\":{\"@type\":\"ImageObject\",\"inLanguage\":\"es\",\"@id\":\"https:\/\/noti-america.com\/site\/repdom\/#\/schema\/logo\/image\/\",\"url\":\"https:\/\/noti-america.com\/site\/repdom\/wp-content\/uploads\/sites\/6\/2020\/07\/LogoNA-4x3-1.jpg\",\"contentUrl\":\"https:\/\/noti-america.com\/site\/repdom\/wp-content\/uploads\/sites\/6\/2020\/07\/LogoNA-4x3-1.jpg\",\"width\":1236,\"height\":1080,\"caption\":\"Noti-America LLC | Rep\u00fablica Dominicana\"},\"image\":{\"@id\":\"https:\/\/noti-america.com\/site\/repdom\/#\/schema\/logo\/image\/\"}},{\"@type\":\"Person\",\"@id\":\"https:\/\/noti-america.com\/site\/repdom\/#\/schema\/person\/408e10184d87f571c50942f1d952011d\",\"name\":\"Cerso Castillo\",\"image\":{\"@type\":\"ImageObject\",\"inLanguage\":\"es\",\"@id\":\"https:\/\/secure.gravatar.com\/avatar\/cdbd3acf34ce68a34b34df99954821070986715ab3e264b63c5395bd1ddd529d?s=96&d=mm&r=g\",\"url\":\"https:\/\/secure.gravatar.com\/avatar\/cdbd3acf34ce68a34b34df99954821070986715ab3e264b63c5395bd1ddd529d?s=96&d=mm&r=g\",\"contentUrl\":\"https:\/\/secure.gravatar.com\/avatar\/cdbd3acf34ce68a34b34df99954821070986715ab3e264b63c5395bd1ddd529d?s=96&d=mm&r=g\",\"caption\":\"Cerso Castillo\"},\"description\":\"Comunicador &amp; Periodista, Locutor, Maestro de Ceremonias, Animador, Orador, Dominio Escenico, Productor de Tv &amp; Radio, Lider Consejero de Camp., Mentor Honorifico, Coach Comunicacional, Manejo de Paq. De Office, Dominio del Portugues, manejo del Ingles Intermedio &amp; Productor General del Programa Digital Conexi\u00f3n Sin Limites RD.\",\"sameAs\":[\"https:\/\/www.facebook.com\/conexionsinlimitesrd\/\"],\"url\":\"https:\/\/noti-america.com\/site\/repdom\/author\/ccastillo\/\"}]}<\/script>\n<!-- \/ Yoast SEO Premium plugin. -->","yoast_head_json":{"title":"&#8220;El Salvador extiende una vez m\u00e1s el r\u00e9gimen de excepci\u00f3n&#8221; - Rep. Dominicana | Noti-America.com","robots":{"index":"index","follow":"follow","max-snippet":"max-snippet:-1","max-image-preview":"max-image-preview:large","max-video-preview":"max-video-preview:-1"},"canonical":"https:\/\/noti-america.com\/site\/repdom\/2023\/03\/16\/el-salvador-extiende-una-vez-mas-el-regimen-de-excepcion-2\/","og_locale":"es_ES","og_type":"article","og_title":"&#8220;El Salvador extiende una vez m\u00e1s el r\u00e9gimen de excepci\u00f3n&#8221;","og_description":"NOTIAMERICA-REPUBLICA DOMINICANA\u00a0 EL SALVADOR_ La medida que intenta frenar la criminalidad desatada por las pandillas, fue aprobada sin debate ni estudio por la mayor\u00eda oficialista en parlamento. La Asamblea Legislativa de El Salvador, de&#46;&#46;&#46;","og_url":"https:\/\/noti-america.com\/site\/repdom\/2023\/03\/16\/el-salvador-extiende-una-vez-mas-el-regimen-de-excepcion-2\/","og_site_name":"Rep. Dominicana | Noti-America.com","article_published_time":"2023-03-16T22:01:35+00:00","og_image":[{"width":992,"height":558,"url":"https:\/\/noti-america.com\/site\/repdom\/wp-content\/uploads\/sites\/6\/2023\/03\/65003729_507.jpg","type":"image\/jpeg"}],"author":"Cerso Castillo","twitter_card":"summary_large_image","twitter_misc":{"Escrito por":"Cerso Castillo","Tiempo estimado de lectura":"3 minutos"},"schema":{"@context":"https:\/\/schema.org","@graph":[{"@type":"Article","@id":"https:\/\/noti-america.com\/site\/repdom\/2023\/03\/16\/el-salvador-extiende-una-vez-mas-el-regimen-de-excepcion-2\/#article","isPartOf":{"@id":"https:\/\/noti-america.com\/site\/repdom\/2023\/03\/16\/el-salvador-extiende-una-vez-mas-el-regimen-de-excepcion-2\/"},"author":{"name":"Cerso Castillo","@id":"https:\/\/noti-america.com\/site\/repdom\/#\/schema\/person\/408e10184d87f571c50942f1d952011d"},"headline":"&#8220;El Salvador extiende una vez m\u00e1s el r\u00e9gimen de excepci\u00f3n&#8221;","datePublished":"2023-03-16T22:01:35+00:00","mainEntityOfPage":{"@id":"https:\/\/noti-america.com\/site\/repdom\/2023\/03\/16\/el-salvador-extiende-una-vez-mas-el-regimen-de-excepcion-2\/"},"wordCount":571,"commentCount":0,"publisher":{"@id":"https:\/\/noti-america.com\/site\/repdom\/#organization"},"image":{"@id":"https:\/\/noti-america.com\/site\/repdom\/2023\/03\/16\/el-salvador-extiende-una-vez-mas-el-regimen-de-excepcion-2\/#primaryimage"},"thumbnailUrl":"https:\/\/noti-america.com\/site\/repdom\/wp-content\/uploads\/sites\/6\/2023\/03\/65003729_507.jpg","articleSection":["Internacionales"],"inLanguage":"es","potentialAction":[{"@type":"CommentAction","name":"Comment","target":["https:\/\/noti-america.com\/site\/repdom\/2023\/03\/16\/el-salvador-extiende-una-vez-mas-el-regimen-de-excepcion-2\/#respond"]}]},{"@type":"WebPage","@id":"https:\/\/noti-america.com\/site\/repdom\/2023\/03\/16\/el-salvador-extiende-una-vez-mas-el-regimen-de-excepcion-2\/","url":"https:\/\/noti-america.com\/site\/repdom\/2023\/03\/16\/el-salvador-extiende-una-vez-mas-el-regimen-de-excepcion-2\/","name":"&#8220;El Salvador extiende una vez m\u00e1s el r\u00e9gimen de excepci\u00f3n&#8221; - Rep. Dominicana | Noti-America.com","isPartOf":{"@id":"https:\/\/noti-america.com\/site\/repdom\/#website"},"primaryImageOfPage":{"@id":"https:\/\/noti-america.com\/site\/repdom\/2023\/03\/16\/el-salvador-extiende-una-vez-mas-el-regimen-de-excepcion-2\/#primaryimage"},"image":{"@id":"https:\/\/noti-america.com\/site\/repdom\/2023\/03\/16\/el-salvador-extiende-una-vez-mas-el-regimen-de-excepcion-2\/#primaryimage"},"thumbnailUrl":"https:\/\/noti-america.com\/site\/repdom\/wp-content\/uploads\/sites\/6\/2023\/03\/65003729_507.jpg","datePublished":"2023-03-16T22:01:35+00:00","breadcrumb":{"@id":"https:\/\/noti-america.com\/site\/repdom\/2023\/03\/16\/el-salvador-extiende-una-vez-mas-el-regimen-de-excepcion-2\/#breadcrumb"},"inLanguage":"es","potentialAction":[{"@type":"ReadAction","target":["https:\/\/noti-america.com\/site\/repdom\/2023\/03\/16\/el-salvador-extiende-una-vez-mas-el-regimen-de-excepcion-2\/"]}]},{"@type":"ImageObject","inLanguage":"es","@id":"https:\/\/noti-america.com\/site\/repdom\/2023\/03\/16\/el-salvador-extiende-una-vez-mas-el-regimen-de-excepcion-2\/#primaryimage","url":"https:\/\/noti-america.com\/site\/repdom\/wp-content\/uploads\/sites\/6\/2023\/03\/65003729_507.jpg","contentUrl":"https:\/\/noti-america.com\/site\/repdom\/wp-content\/uploads\/sites\/6\/2023\/03\/65003729_507.jpg","width":992,"height":558},{"@type":"BreadcrumbList","@id":"https:\/\/noti-america.com\/site\/repdom\/2023\/03\/16\/el-salvador-extiende-una-vez-mas-el-regimen-de-excepcion-2\/#breadcrumb","itemListElement":[{"@type":"ListItem","position":1,"name":"Portada","item":"https:\/\/noti-america.com\/site\/repdom\/"},{"@type":"ListItem","position":2,"name":"&#8220;El Salvador extiende una vez m\u00e1s el r\u00e9gimen de excepci\u00f3n&#8221;"}]},{"@type":"WebSite","@id":"https:\/\/noti-america.com\/site\/repdom\/#website","url":"https:\/\/noti-america.com\/site\/repdom\/","name":"Rep. Dominicana | Noti-America.com","description":"","publisher":{"@id":"https:\/\/noti-america.com\/site\/repdom\/#organization"},"potentialAction":[{"@type":"SearchAction","target":{"@type":"EntryPoint","urlTemplate":"https:\/\/noti-america.com\/site\/repdom\/?s={search_term_string}"},"query-input":{"@type":"PropertyValueSpecification","valueRequired":true,"valueName":"search_term_string"}}],"inLanguage":"es"},{"@type":"Organization","@id":"https:\/\/noti-america.com\/site\/repdom\/#organization","name":"Noti-America LLC | Rep\u00fablica Dominicana","url":"https:\/\/noti-america.com\/site\/repdom\/","logo":{"@type":"ImageObject","inLanguage":"es","@id":"https:\/\/noti-america.com\/site\/repdom\/#\/schema\/logo\/image\/","url":"https:\/\/noti-america.com\/site\/repdom\/wp-content\/uploads\/sites\/6\/2020\/07\/LogoNA-4x3-1.jpg","contentUrl":"https:\/\/noti-america.com\/site\/repdom\/wp-content\/uploads\/sites\/6\/2020\/07\/LogoNA-4x3-1.jpg","width":1236,"height":1080,"caption":"Noti-America LLC | Rep\u00fablica Dominicana"},"image":{"@id":"https:\/\/noti-america.com\/site\/repdom\/#\/schema\/logo\/image\/"}},{"@type":"Person","@id":"https:\/\/noti-america.com\/site\/repdom\/#\/schema\/person\/408e10184d87f571c50942f1d952011d","name":"Cerso Castillo","image":{"@type":"ImageObject","inLanguage":"es","@id":"https:\/\/secure.gravatar.com\/avatar\/cdbd3acf34ce68a34b34df99954821070986715ab3e264b63c5395bd1ddd529d?s=96&d=mm&r=g","url":"https:\/\/secure.gravatar.com\/avatar\/cdbd3acf34ce68a34b34df99954821070986715ab3e264b63c5395bd1ddd529d?s=96&d=mm&r=g","contentUrl":"https:\/\/secure.gravatar.com\/avatar\/cdbd3acf34ce68a34b34df99954821070986715ab3e264b63c5395bd1ddd529d?s=96&d=mm&r=g","caption":"Cerso Castillo"},"description":"Comunicador &amp; Periodista, Locutor, Maestro de Ceremonias, Animador, Orador, Dominio Escenico, Productor de Tv &amp; Radio, Lider Consejero de Camp., Mentor Honorifico, Coach Comunicacional, Manejo de Paq. De Office, Dominio del Portugues, manejo del Ingles Intermedio &amp; Productor General del Programa Digital Conexi\u00f3n Sin Limites RD.","sameAs":["https:\/\/www.facebook.com\/conexionsinlimitesrd\/"],"url":"https:\/\/noti-america.com\/site\/repdom\/author\/ccastillo\/"}]}},"_links":{"self":[{"href":"https:\/\/noti-america.com\/site\/repdom\/wp-json\/wp\/v2\/posts\/22134","targetHints":{"allow":["GET"]}}],"collection":[{"href":"https:\/\/noti-america.com\/site\/repdom\/wp-json\/wp\/v2\/posts"}],"about":[{"href":"https:\/\/noti-america.com\/site\/repdom\/wp-json\/wp\/v2\/types\/post"}],"author":[{"embeddable":true,"href":"https:\/\/noti-america.com\/site\/repdom\/wp-json\/wp\/v2\/users\/90"}],"replies":[{"embeddable":true,"href":"https:\/\/noti-america.com\/site\/repdom\/wp-json\/wp\/v2\/comments?post=22134"}],"version-history":[{"count":0,"href":"https:\/\/noti-america.com\/site\/repdom\/wp-json\/wp\/v2\/posts\/22134\/revisions"}],"wp:featuredmedia":[{"embeddable":true,"href":"https:\/\/noti-america.com\/site\/repdom\/wp-json\/wp\/v2\/media\/22135"}],"wp:attachment":[{"href":"https:\/\/noti-america.com\/site\/repdom\/wp-json\/wp\/v2\/media?parent=22134"}],"wp:term":[{"taxonomy":"category","embeddable":true,"href":"https:\/\/noti-america.com\/site\/repdom\/wp-json\/wp\/v2\/categories?post=22134"},{"taxonomy":"post_tag","embeddable":true,"href":"https:\/\/noti-america.com\/site\/repdom\/wp-json\/wp\/v2\/tags?post=22134"}],"curies":[{"name":"wp","href":"https:\/\/api.w.org\/{rel}","templated":true}]}}