{"id":2207,"date":"2020-07-22T15:29:43","date_gmt":"2020-07-22T15:29:43","guid":{"rendered":"https:\/\/noti-america.com\/site\/repdom\/?p=2207"},"modified":"2020-07-22T15:36:16","modified_gmt":"2020-07-22T15:36:16","slug":"alberto-rodriguez-se-reune-con-vitelio-mejia-en-respaldo-a-la-lidom-y-la-liga-de-verano","status":"publish","type":"post","link":"https:\/\/noti-america.com\/site\/repdom\/2020\/07\/22\/alberto-rodriguez-se-reune-con-vitelio-mejia-en-respaldo-a-la-lidom-y-la-liga-de-verano\/","title":{"rendered":"Alberto Rodr\u00edguez se re\u00fane con Vitelio Mej\u00eda en respaldo a la LIDOM y la Liga de Verano"},"content":{"rendered":"<p style=\"text-align: justify\">SANTO DOMINGO &#8211; El dirigente pol\u00edtico y comunicador Alberto Rodr\u00edguez visit\u00f3 este martes al presidente de la Liga Dominicana de B\u00e9isbol (LIDOM), Vitelio Mej\u00eda, para discutir sobre diferentes temas de b\u00e9isbol, entre ellos la nueva liga de verano que entrar\u00eda en funci\u00f3n el pr\u00f3ximo a\u00f1o con el respaldo de la liga.<\/p>\n<p style=\"text-align: justify\">Rodr\u00edguez, que ha estado ligado muy de cerca al b\u00e9isbol dominicano en diferentes roles, trabajando en operaciones de b\u00e9isbol, comercializaci\u00f3n y transmisi\u00f3n de diferentes organizaciones de la pelota dominicana, ha respaldado desde hace un tiempo la celebraci\u00f3n de una liga de verano que incluya a provincias de todas las regiones del pa\u00eds.<\/p>\n<p style=\"text-align: justify\">\u201cUna liga de verano fuerte traer\u00eda cientos de empleos, pero no s\u00f3lo por los jugadores. Tambi\u00e9n t\u00e9cnicos, periodistas y el personal que trabajar\u00eda en la liga se ver\u00eda grandemente beneficiado\u201d, dijo Rodr\u00edguez.<\/p>\n<p style=\"text-align: justify\">El propio Rodr\u00edguez present\u00f3 recientemente como parte de su proyecto deportivo, varias propuestas para beneficiar al b\u00e9isbol a nivel nacional que incluyen, adem\u00e1s del respaldo a la liga de verano, un proyecto de remozamiento del Estadio Quisqueya, el rescate de instalaciones de b\u00e9isbol abandonadas en la Rep\u00fablica Dominicana y el impulso del b\u00e9isbol recreativo en el pa\u00eds.<\/p>\n<p style=\"text-align: justify\">Adem\u00e1s, el comunicador estuvo presente en el encuentro que el presidente electo de la Rep\u00fablica Dominicana, Luis Abinader, sostuvo con Mej\u00eda y LIDOM para dar su respaldo a la celebraci\u00f3n del torneo invernal 2020-21 ante una eventual victoria electoral.<\/p>\n<p style=\"text-align: justify\">Para Vitelio Mej\u00eda, la realizaci\u00f3n de una liga de verano de LIDOM, junto a la Federaci\u00f3n Dominicana de B\u00e9isbol, ha sido uno de sus grandes proyectos como presidente de la liga y as\u00ed lo ha afirmado en varias ocasiones.<\/p>\n<p style=\"text-align: justify\">Se espera que el pr\u00f3ximo a\u00f1o esa liga de verano comience a operar con la participaci\u00f3n de los seis equipos de Lidom y otras franquicias de diferentes puntos del pa\u00eds.<\/p>\n","protected":false},"excerpt":{"rendered":"<p>SANTO DOMINGO &#8211; El dirigente pol\u00edtico y comunicador Alberto Rodr\u00edguez visit\u00f3 este martes al presidente de la Liga Dominicana de B\u00e9isbol (LIDOM), Vitelio Mej\u00eda, para discutir sobre diferentes temas de b\u00e9isbol, entre ellos la&#46;&#46;&#46;<\/p>\n","protected":false},"author":89,"featured_media":2208,"comment_status":"open","ping_status":"open","sticky":false,"template":"","format":"standard","meta":{"_acf_changed":false,"rop_custom_images_group":[],"rop_custom_messages_group":[],"rop_publish_now":"initial","rop_publish_now_accounts":[],"rop_publish_now_history":[],"rop_publish_now_status":"pending","footnotes":""},"categories":[16],"tags":[180,119,134,122,135,108,181],"class_list":["post-2207","post","type-post","status-publish","format-standard","has-post-thumbnail","hentry","category-deportes","tag-alberto-rodriguez","tag-beisbol-dominicano","tag-federacion-dominicana-de-beisbol","tag-liga-dominicana-de-beisbol-profesional","tag-liga-profesional-de-verano","tag-republica-dominicana","tag-vitelio-mejia"],"acf":[],"yoast_head":"<!-- This site is optimized with the Yoast SEO Premium plugin v24.9 (Yoast SEO v27.2) - https:\/\/yoast.com\/product\/yoast-seo-premium-wordpress\/ -->\n<title>Alberto Rodr\u00edguez se re\u00fane con Vitelio Mej\u00eda en respaldo a la LIDOM y la Liga de Verano - Rep. Dominicana | Noti-America.com<\/title>\n<meta name=\"robots\" content=\"index, follow, max-snippet:-1, max-image-preview:large, max-video-preview:-1\" \/>\n<link rel=\"canonical\" href=\"https:\/\/noti-america.com\/site\/repdom\/2020\/07\/22\/alberto-rodriguez-se-reune-con-vitelio-mejia-en-respaldo-a-la-lidom-y-la-liga-de-verano\/\" \/>\n<meta property=\"og:locale\" content=\"es_ES\" \/>\n<meta property=\"og:type\" content=\"article\" \/>\n<meta property=\"og:title\" content=\"Alberto Rodr\u00edguez se re\u00fane con Vitelio Mej\u00eda en respaldo a la LIDOM y la Liga de Verano\" \/>\n<meta property=\"og:description\" content=\"SANTO DOMINGO &#8211; El dirigente pol\u00edtico y comunicador Alberto Rodr\u00edguez visit\u00f3 este martes al presidente de la Liga Dominicana de B\u00e9isbol (LIDOM), Vitelio Mej\u00eda, para discutir sobre diferentes temas de b\u00e9isbol, entre ellos la&#046;&#046;&#046;\" \/>\n<meta property=\"og:url\" content=\"https:\/\/noti-america.com\/site\/repdom\/2020\/07\/22\/alberto-rodriguez-se-reune-con-vitelio-mejia-en-respaldo-a-la-lidom-y-la-liga-de-verano\/\" \/>\n<meta property=\"og:site_name\" content=\"Rep. Dominicana | Noti-America.com\" \/>\n<meta property=\"article:published_time\" content=\"2020-07-22T15:29:43+00:00\" \/>\n<meta property=\"article:modified_time\" content=\"2020-07-22T15:36:16+00:00\" \/>\n<meta property=\"og:image\" content=\"https:\/\/noti-america.com\/site\/repdom\/wp-content\/uploads\/sites\/6\/2020\/07\/Alberto-Rodr\u00edguez-Vitelio-Mej\u00eda.jpg\" \/>\n\t<meta property=\"og:image:width\" content=\"768\" \/>\n\t<meta property=\"og:image:height\" content=\"576\" \/>\n\t<meta property=\"og:image:type\" content=\"image\/jpeg\" \/>\n<meta name=\"author\" content=\"Ad\u00e1n Soriano\" \/>\n<meta name=\"twitter:card\" content=\"summary_large_image\" \/>\n<meta name=\"twitter:creator\" content=\"@adansoriano\" \/>\n<meta name=\"twitter:label1\" content=\"Escrito por\" \/>\n\t<meta name=\"twitter:data1\" content=\"Ad\u00e1n Soriano\" \/>\n\t<meta name=\"twitter:label2\" content=\"Tiempo estimado de lectura\" \/>\n\t<meta name=\"twitter:data2\" content=\"2 minutos\" \/>\n<script type=\"application\/ld+json\" class=\"yoast-schema-graph\">{\"@context\":\"https:\/\/schema.org\",\"@graph\":[{\"@type\":\"Article\",\"@id\":\"https:\/\/noti-america.com\/site\/repdom\/2020\/07\/22\/alberto-rodriguez-se-reune-con-vitelio-mejia-en-respaldo-a-la-lidom-y-la-liga-de-verano\/#article\",\"isPartOf\":{\"@id\":\"https:\/\/noti-america.com\/site\/repdom\/2020\/07\/22\/alberto-rodriguez-se-reune-con-vitelio-mejia-en-respaldo-a-la-lidom-y-la-liga-de-verano\/\"},\"author\":{\"name\":\"Ad\u00e1n Soriano\",\"@id\":\"https:\/\/noti-america.com\/site\/repdom\/#\/schema\/person\/fd0092c1530d275fabaa5cffcbc2b976\"},\"headline\":\"Alberto Rodr\u00edguez se re\u00fane con Vitelio Mej\u00eda en respaldo a la LIDOM y la Liga de Verano\",\"datePublished\":\"2020-07-22T15:29:43+00:00\",\"dateModified\":\"2020-07-22T15:36:16+00:00\",\"mainEntityOfPage\":{\"@id\":\"https:\/\/noti-america.com\/site\/repdom\/2020\/07\/22\/alberto-rodriguez-se-reune-con-vitelio-mejia-en-respaldo-a-la-lidom-y-la-liga-de-verano\/\"},\"wordCount\":362,\"commentCount\":0,\"publisher\":{\"@id\":\"https:\/\/noti-america.com\/site\/repdom\/#organization\"},\"image\":{\"@id\":\"https:\/\/noti-america.com\/site\/repdom\/2020\/07\/22\/alberto-rodriguez-se-reune-con-vitelio-mejia-en-respaldo-a-la-lidom-y-la-liga-de-verano\/#primaryimage\"},\"thumbnailUrl\":\"https:\/\/noti-america.com\/site\/repdom\/wp-content\/uploads\/sites\/6\/2020\/07\/Alberto-Rodr\u00edguez-Vitelio-Mej\u00eda.jpg\",\"keywords\":[\"Alberto Rodr\u00edguez\",\"B\u00e9isbol Dominicano\",\"Federaci\u00f3n Dominicana de B\u00e9isbol\",\"Liga Dominicana de B\u00e9isbol Profesional\",\"Liga Profesional de Verano\",\"Rep\u00fablica Dominicana\",\"Vitelio Mej\u00eda\"],\"articleSection\":[\"Deportes\"],\"inLanguage\":\"es\",\"potentialAction\":[{\"@type\":\"CommentAction\",\"name\":\"Comment\",\"target\":[\"https:\/\/noti-america.com\/site\/repdom\/2020\/07\/22\/alberto-rodriguez-se-reune-con-vitelio-mejia-en-respaldo-a-la-lidom-y-la-liga-de-verano\/#respond\"]}]},{\"@type\":\"WebPage\",\"@id\":\"https:\/\/noti-america.com\/site\/repdom\/2020\/07\/22\/alberto-rodriguez-se-reune-con-vitelio-mejia-en-respaldo-a-la-lidom-y-la-liga-de-verano\/\",\"url\":\"https:\/\/noti-america.com\/site\/repdom\/2020\/07\/22\/alberto-rodriguez-se-reune-con-vitelio-mejia-en-respaldo-a-la-lidom-y-la-liga-de-verano\/\",\"name\":\"Alberto Rodr\u00edguez se re\u00fane con Vitelio Mej\u00eda en respaldo a la LIDOM y la Liga de Verano - Rep. Dominicana | Noti-America.com\",\"isPartOf\":{\"@id\":\"https:\/\/noti-america.com\/site\/repdom\/#website\"},\"primaryImageOfPage\":{\"@id\":\"https:\/\/noti-america.com\/site\/repdom\/2020\/07\/22\/alberto-rodriguez-se-reune-con-vitelio-mejia-en-respaldo-a-la-lidom-y-la-liga-de-verano\/#primaryimage\"},\"image\":{\"@id\":\"https:\/\/noti-america.com\/site\/repdom\/2020\/07\/22\/alberto-rodriguez-se-reune-con-vitelio-mejia-en-respaldo-a-la-lidom-y-la-liga-de-verano\/#primaryimage\"},\"thumbnailUrl\":\"https:\/\/noti-america.com\/site\/repdom\/wp-content\/uploads\/sites\/6\/2020\/07\/Alberto-Rodr\u00edguez-Vitelio-Mej\u00eda.jpg\",\"datePublished\":\"2020-07-22T15:29:43+00:00\",\"dateModified\":\"2020-07-22T15:36:16+00:00\",\"breadcrumb\":{\"@id\":\"https:\/\/noti-america.com\/site\/repdom\/2020\/07\/22\/alberto-rodriguez-se-reune-con-vitelio-mejia-en-respaldo-a-la-lidom-y-la-liga-de-verano\/#breadcrumb\"},\"inLanguage\":\"es\",\"potentialAction\":[{\"@type\":\"ReadAction\",\"target\":[\"https:\/\/noti-america.com\/site\/repdom\/2020\/07\/22\/alberto-rodriguez-se-reune-con-vitelio-mejia-en-respaldo-a-la-lidom-y-la-liga-de-verano\/\"]}]},{\"@type\":\"ImageObject\",\"inLanguage\":\"es\",\"@id\":\"https:\/\/noti-america.com\/site\/repdom\/2020\/07\/22\/alberto-rodriguez-se-reune-con-vitelio-mejia-en-respaldo-a-la-lidom-y-la-liga-de-verano\/#primaryimage\",\"url\":\"https:\/\/noti-america.com\/site\/repdom\/wp-content\/uploads\/sites\/6\/2020\/07\/Alberto-Rodr\u00edguez-Vitelio-Mej\u00eda.jpg\",\"contentUrl\":\"https:\/\/noti-america.com\/site\/repdom\/wp-content\/uploads\/sites\/6\/2020\/07\/Alberto-Rodr\u00edguez-Vitelio-Mej\u00eda.jpg\",\"width\":768,\"height\":576},{\"@type\":\"BreadcrumbList\",\"@id\":\"https:\/\/noti-america.com\/site\/repdom\/2020\/07\/22\/alberto-rodriguez-se-reune-con-vitelio-mejia-en-respaldo-a-la-lidom-y-la-liga-de-verano\/#breadcrumb\",\"itemListElement\":[{\"@type\":\"ListItem\",\"position\":1,\"name\":\"Portada\",\"item\":\"https:\/\/noti-america.com\/site\/repdom\/\"},{\"@type\":\"ListItem\",\"position\":2,\"name\":\"Alberto Rodr\u00edguez se re\u00fane con Vitelio Mej\u00eda en respaldo a la LIDOM y la Liga de Verano\"}]},{\"@type\":\"WebSite\",\"@id\":\"https:\/\/noti-america.com\/site\/repdom\/#website\",\"url\":\"https:\/\/noti-america.com\/site\/repdom\/\",\"name\":\"Rep. Dominicana | Noti-America.com\",\"description\":\"\",\"publisher\":{\"@id\":\"https:\/\/noti-america.com\/site\/repdom\/#organization\"},\"potentialAction\":[{\"@type\":\"SearchAction\",\"target\":{\"@type\":\"EntryPoint\",\"urlTemplate\":\"https:\/\/noti-america.com\/site\/repdom\/?s={search_term_string}\"},\"query-input\":{\"@type\":\"PropertyValueSpecification\",\"valueRequired\":true,\"valueName\":\"search_term_string\"}}],\"inLanguage\":\"es\"},{\"@type\":\"Organization\",\"@id\":\"https:\/\/noti-america.com\/site\/repdom\/#organization\",\"name\":\"Noti-America LLC | Rep\u00fablica Dominicana\",\"url\":\"https:\/\/noti-america.com\/site\/repdom\/\",\"logo\":{\"@type\":\"ImageObject\",\"inLanguage\":\"es\",\"@id\":\"https:\/\/noti-america.com\/site\/repdom\/#\/schema\/logo\/image\/\",\"url\":\"https:\/\/noti-america.com\/site\/repdom\/wp-content\/uploads\/sites\/6\/2020\/07\/LogoNA-4x3-1.jpg\",\"contentUrl\":\"https:\/\/noti-america.com\/site\/repdom\/wp-content\/uploads\/sites\/6\/2020\/07\/LogoNA-4x3-1.jpg\",\"width\":1236,\"height\":1080,\"caption\":\"Noti-America LLC | Rep\u00fablica Dominicana\"},\"image\":{\"@id\":\"https:\/\/noti-america.com\/site\/repdom\/#\/schema\/logo\/image\/\"}},{\"@type\":\"Person\",\"@id\":\"https:\/\/noti-america.com\/site\/repdom\/#\/schema\/person\/fd0092c1530d275fabaa5cffcbc2b976\",\"name\":\"Ad\u00e1n Soriano\",\"image\":{\"@type\":\"ImageObject\",\"inLanguage\":\"es\",\"@id\":\"https:\/\/secure.gravatar.com\/avatar\/ecf97ff3aee7ff9efdae670d7e976f3e7e8acc1077e510d73707999a8bfd4467?s=96&d=mm&r=g\",\"url\":\"https:\/\/secure.gravatar.com\/avatar\/ecf97ff3aee7ff9efdae670d7e976f3e7e8acc1077e510d73707999a8bfd4467?s=96&d=mm&r=g\",\"contentUrl\":\"https:\/\/secure.gravatar.com\/avatar\/ecf97ff3aee7ff9efdae670d7e976f3e7e8acc1077e510d73707999a8bfd4467?s=96&d=mm&r=g\",\"caption\":\"Ad\u00e1n Soriano\"},\"description\":\"Soy cronista deportivo con 10 a\u00f1os de experiencia en varios espacios, y conduzco el podcast deportivo llamado Mezcla Deportiva\",\"sameAs\":[\"https:\/\/x.com\/adansoriano\"],\"url\":\"https:\/\/noti-america.com\/site\/repdom\/author\/asoriano\/\"}]}<\/script>\n<!-- \/ Yoast SEO Premium plugin. -->","yoast_head_json":{"title":"Alberto Rodr\u00edguez se re\u00fane con Vitelio Mej\u00eda en respaldo a la LIDOM y la Liga de Verano - Rep. Dominicana | Noti-America.com","robots":{"index":"index","follow":"follow","max-snippet":"max-snippet:-1","max-image-preview":"max-image-preview:large","max-video-preview":"max-video-preview:-1"},"canonical":"https:\/\/noti-america.com\/site\/repdom\/2020\/07\/22\/alberto-rodriguez-se-reune-con-vitelio-mejia-en-respaldo-a-la-lidom-y-la-liga-de-verano\/","og_locale":"es_ES","og_type":"article","og_title":"Alberto Rodr\u00edguez se re\u00fane con Vitelio Mej\u00eda en respaldo a la LIDOM y la Liga de Verano","og_description":"SANTO DOMINGO &#8211; El dirigente pol\u00edtico y comunicador Alberto Rodr\u00edguez visit\u00f3 este martes al presidente de la Liga Dominicana de B\u00e9isbol (LIDOM), Vitelio Mej\u00eda, para discutir sobre diferentes temas de b\u00e9isbol, entre ellos la&#46;&#46;&#46;","og_url":"https:\/\/noti-america.com\/site\/repdom\/2020\/07\/22\/alberto-rodriguez-se-reune-con-vitelio-mejia-en-respaldo-a-la-lidom-y-la-liga-de-verano\/","og_site_name":"Rep. Dominicana | Noti-America.com","article_published_time":"2020-07-22T15:29:43+00:00","article_modified_time":"2020-07-22T15:36:16+00:00","og_image":[{"width":768,"height":576,"url":"https:\/\/noti-america.com\/site\/repdom\/wp-content\/uploads\/sites\/6\/2020\/07\/Alberto-Rodr\u00edguez-Vitelio-Mej\u00eda.jpg","type":"image\/jpeg"}],"author":"Ad\u00e1n Soriano","twitter_card":"summary_large_image","twitter_creator":"@adansoriano","twitter_misc":{"Escrito por":"Ad\u00e1n Soriano","Tiempo estimado de lectura":"2 minutos"},"schema":{"@context":"https:\/\/schema.org","@graph":[{"@type":"Article","@id":"https:\/\/noti-america.com\/site\/repdom\/2020\/07\/22\/alberto-rodriguez-se-reune-con-vitelio-mejia-en-respaldo-a-la-lidom-y-la-liga-de-verano\/#article","isPartOf":{"@id":"https:\/\/noti-america.com\/site\/repdom\/2020\/07\/22\/alberto-rodriguez-se-reune-con-vitelio-mejia-en-respaldo-a-la-lidom-y-la-liga-de-verano\/"},"author":{"name":"Ad\u00e1n Soriano","@id":"https:\/\/noti-america.com\/site\/repdom\/#\/schema\/person\/fd0092c1530d275fabaa5cffcbc2b976"},"headline":"Alberto Rodr\u00edguez se re\u00fane con Vitelio Mej\u00eda en respaldo a la LIDOM y la Liga de Verano","datePublished":"2020-07-22T15:29:43+00:00","dateModified":"2020-07-22T15:36:16+00:00","mainEntityOfPage":{"@id":"https:\/\/noti-america.com\/site\/repdom\/2020\/07\/22\/alberto-rodriguez-se-reune-con-vitelio-mejia-en-respaldo-a-la-lidom-y-la-liga-de-verano\/"},"wordCount":362,"commentCount":0,"publisher":{"@id":"https:\/\/noti-america.com\/site\/repdom\/#organization"},"image":{"@id":"https:\/\/noti-america.com\/site\/repdom\/2020\/07\/22\/alberto-rodriguez-se-reune-con-vitelio-mejia-en-respaldo-a-la-lidom-y-la-liga-de-verano\/#primaryimage"},"thumbnailUrl":"https:\/\/noti-america.com\/site\/repdom\/wp-content\/uploads\/sites\/6\/2020\/07\/Alberto-Rodr\u00edguez-Vitelio-Mej\u00eda.jpg","keywords":["Alberto Rodr\u00edguez","B\u00e9isbol Dominicano","Federaci\u00f3n Dominicana de B\u00e9isbol","Liga Dominicana de B\u00e9isbol Profesional","Liga Profesional de Verano","Rep\u00fablica Dominicana","Vitelio Mej\u00eda"],"articleSection":["Deportes"],"inLanguage":"es","potentialAction":[{"@type":"CommentAction","name":"Comment","target":["https:\/\/noti-america.com\/site\/repdom\/2020\/07\/22\/alberto-rodriguez-se-reune-con-vitelio-mejia-en-respaldo-a-la-lidom-y-la-liga-de-verano\/#respond"]}]},{"@type":"WebPage","@id":"https:\/\/noti-america.com\/site\/repdom\/2020\/07\/22\/alberto-rodriguez-se-reune-con-vitelio-mejia-en-respaldo-a-la-lidom-y-la-liga-de-verano\/","url":"https:\/\/noti-america.com\/site\/repdom\/2020\/07\/22\/alberto-rodriguez-se-reune-con-vitelio-mejia-en-respaldo-a-la-lidom-y-la-liga-de-verano\/","name":"Alberto Rodr\u00edguez se re\u00fane con Vitelio Mej\u00eda en respaldo a la LIDOM y la Liga de Verano - Rep. Dominicana | Noti-America.com","isPartOf":{"@id":"https:\/\/noti-america.com\/site\/repdom\/#website"},"primaryImageOfPage":{"@id":"https:\/\/noti-america.com\/site\/repdom\/2020\/07\/22\/alberto-rodriguez-se-reune-con-vitelio-mejia-en-respaldo-a-la-lidom-y-la-liga-de-verano\/#primaryimage"},"image":{"@id":"https:\/\/noti-america.com\/site\/repdom\/2020\/07\/22\/alberto-rodriguez-se-reune-con-vitelio-mejia-en-respaldo-a-la-lidom-y-la-liga-de-verano\/#primaryimage"},"thumbnailUrl":"https:\/\/noti-america.com\/site\/repdom\/wp-content\/uploads\/sites\/6\/2020\/07\/Alberto-Rodr\u00edguez-Vitelio-Mej\u00eda.jpg","datePublished":"2020-07-22T15:29:43+00:00","dateModified":"2020-07-22T15:36:16+00:00","breadcrumb":{"@id":"https:\/\/noti-america.com\/site\/repdom\/2020\/07\/22\/alberto-rodriguez-se-reune-con-vitelio-mejia-en-respaldo-a-la-lidom-y-la-liga-de-verano\/#breadcrumb"},"inLanguage":"es","potentialAction":[{"@type":"ReadAction","target":["https:\/\/noti-america.com\/site\/repdom\/2020\/07\/22\/alberto-rodriguez-se-reune-con-vitelio-mejia-en-respaldo-a-la-lidom-y-la-liga-de-verano\/"]}]},{"@type":"ImageObject","inLanguage":"es","@id":"https:\/\/noti-america.com\/site\/repdom\/2020\/07\/22\/alberto-rodriguez-se-reune-con-vitelio-mejia-en-respaldo-a-la-lidom-y-la-liga-de-verano\/#primaryimage","url":"https:\/\/noti-america.com\/site\/repdom\/wp-content\/uploads\/sites\/6\/2020\/07\/Alberto-Rodr\u00edguez-Vitelio-Mej\u00eda.jpg","contentUrl":"https:\/\/noti-america.com\/site\/repdom\/wp-content\/uploads\/sites\/6\/2020\/07\/Alberto-Rodr\u00edguez-Vitelio-Mej\u00eda.jpg","width":768,"height":576},{"@type":"BreadcrumbList","@id":"https:\/\/noti-america.com\/site\/repdom\/2020\/07\/22\/alberto-rodriguez-se-reune-con-vitelio-mejia-en-respaldo-a-la-lidom-y-la-liga-de-verano\/#breadcrumb","itemListElement":[{"@type":"ListItem","position":1,"name":"Portada","item":"https:\/\/noti-america.com\/site\/repdom\/"},{"@type":"ListItem","position":2,"name":"Alberto Rodr\u00edguez se re\u00fane con Vitelio Mej\u00eda en respaldo a la LIDOM y la Liga de Verano"}]},{"@type":"WebSite","@id":"https:\/\/noti-america.com\/site\/repdom\/#website","url":"https:\/\/noti-america.com\/site\/repdom\/","name":"Rep. Dominicana | Noti-America.com","description":"","publisher":{"@id":"https:\/\/noti-america.com\/site\/repdom\/#organization"},"potentialAction":[{"@type":"SearchAction","target":{"@type":"EntryPoint","urlTemplate":"https:\/\/noti-america.com\/site\/repdom\/?s={search_term_string}"},"query-input":{"@type":"PropertyValueSpecification","valueRequired":true,"valueName":"search_term_string"}}],"inLanguage":"es"},{"@type":"Organization","@id":"https:\/\/noti-america.com\/site\/repdom\/#organization","name":"Noti-America LLC | Rep\u00fablica Dominicana","url":"https:\/\/noti-america.com\/site\/repdom\/","logo":{"@type":"ImageObject","inLanguage":"es","@id":"https:\/\/noti-america.com\/site\/repdom\/#\/schema\/logo\/image\/","url":"https:\/\/noti-america.com\/site\/repdom\/wp-content\/uploads\/sites\/6\/2020\/07\/LogoNA-4x3-1.jpg","contentUrl":"https:\/\/noti-america.com\/site\/repdom\/wp-content\/uploads\/sites\/6\/2020\/07\/LogoNA-4x3-1.jpg","width":1236,"height":1080,"caption":"Noti-America LLC | Rep\u00fablica Dominicana"},"image":{"@id":"https:\/\/noti-america.com\/site\/repdom\/#\/schema\/logo\/image\/"}},{"@type":"Person","@id":"https:\/\/noti-america.com\/site\/repdom\/#\/schema\/person\/fd0092c1530d275fabaa5cffcbc2b976","name":"Ad\u00e1n Soriano","image":{"@type":"ImageObject","inLanguage":"es","@id":"https:\/\/secure.gravatar.com\/avatar\/ecf97ff3aee7ff9efdae670d7e976f3e7e8acc1077e510d73707999a8bfd4467?s=96&d=mm&r=g","url":"https:\/\/secure.gravatar.com\/avatar\/ecf97ff3aee7ff9efdae670d7e976f3e7e8acc1077e510d73707999a8bfd4467?s=96&d=mm&r=g","contentUrl":"https:\/\/secure.gravatar.com\/avatar\/ecf97ff3aee7ff9efdae670d7e976f3e7e8acc1077e510d73707999a8bfd4467?s=96&d=mm&r=g","caption":"Ad\u00e1n Soriano"},"description":"Soy cronista deportivo con 10 a\u00f1os de experiencia en varios espacios, y conduzco el podcast deportivo llamado Mezcla Deportiva","sameAs":["https:\/\/x.com\/adansoriano"],"url":"https:\/\/noti-america.com\/site\/repdom\/author\/asoriano\/"}]}},"_links":{"self":[{"href":"https:\/\/noti-america.com\/site\/repdom\/wp-json\/wp\/v2\/posts\/2207","targetHints":{"allow":["GET"]}}],"collection":[{"href":"https:\/\/noti-america.com\/site\/repdom\/wp-json\/wp\/v2\/posts"}],"about":[{"href":"https:\/\/noti-america.com\/site\/repdom\/wp-json\/wp\/v2\/types\/post"}],"author":[{"embeddable":true,"href":"https:\/\/noti-america.com\/site\/repdom\/wp-json\/wp\/v2\/users\/89"}],"replies":[{"embeddable":true,"href":"https:\/\/noti-america.com\/site\/repdom\/wp-json\/wp\/v2\/comments?post=2207"}],"version-history":[{"count":1,"href":"https:\/\/noti-america.com\/site\/repdom\/wp-json\/wp\/v2\/posts\/2207\/revisions"}],"predecessor-version":[{"id":2209,"href":"https:\/\/noti-america.com\/site\/repdom\/wp-json\/wp\/v2\/posts\/2207\/revisions\/2209"}],"wp:featuredmedia":[{"embeddable":true,"href":"https:\/\/noti-america.com\/site\/repdom\/wp-json\/wp\/v2\/media\/2208"}],"wp:attachment":[{"href":"https:\/\/noti-america.com\/site\/repdom\/wp-json\/wp\/v2\/media?parent=2207"}],"wp:term":[{"taxonomy":"category","embeddable":true,"href":"https:\/\/noti-america.com\/site\/repdom\/wp-json\/wp\/v2\/categories?post=2207"},{"taxonomy":"post_tag","embeddable":true,"href":"https:\/\/noti-america.com\/site\/repdom\/wp-json\/wp\/v2\/tags?post=2207"}],"curies":[{"name":"wp","href":"https:\/\/api.w.org\/{rel}","templated":true}]}}