{"id":2185,"date":"2020-07-22T05:42:49","date_gmt":"2020-07-22T05:42:49","guid":{"rendered":"https:\/\/noti-america.com\/site\/repdom\/?p=2185"},"modified":"2020-07-22T05:46:46","modified_gmt":"2020-07-22T05:46:46","slug":"seminario-inteligencia-vibracional","status":"publish","type":"post","link":"https:\/\/noti-america.com\/site\/repdom\/2020\/07\/22\/seminario-inteligencia-vibracional\/","title":{"rendered":"Seminario Inteligencia Vibracional"},"content":{"rendered":"<p>NOTI-AM\u00c9RICA (REP\u00daBLICA DOMINICANA)<\/p>\n<p>&nbsp;<\/p>\n<p style=\"text-align: justify\">El Arte de vivir bien!!!<\/p>\n<p style=\"text-align: justify\">Es el Seminario m\u00e1s vanguardista de Desarrollo Humano, con una duraci\u00f3n de cuatro horas donde capacitamos a las personas a incorporar a sus vidas las 7 actitudes de la Inteligencia Vibracional.<\/p>\n<p style=\"text-align: justify\">Este m\u00e9todo de crecimiento personal, nace en Venezuela para el mundo, su creador es Francisco Gim\u00e9nez, y se fundamenta en la pr\u00e1ctica constante de 7 actitudes que se conectan con la esencia de lo que es el SER; Paz, Luz, Amor, lo que lleva a vivir una vida en total plenitud y Bienestar interno que atraer\u00e1 igual cantidad de Bienestar externo y por ende los beneficios f\u00edsicos y materiales se incrementan de manera exponencial.<\/p>\n<p style=\"text-align: justify\">Este Seminario de Inteligencia Vibracional brinda la oportunidad de un nuevo estilo de crecimiento personal con el cual, podemos elevar y mantener alta vibraci\u00f3n por mucho m\u00e1s tiempo, lo cual no lo garantizan los cursos o formaciones tradicionales los cuales si bien es cierto son muy buenos, est\u00e1n dise\u00f1ados para hacer sentir emociones intensas, con efecto temporal, pues en el transcurso de los d\u00edas esa energ\u00eda o motivaci\u00f3n va disminuyendo.<\/p>\n<p style=\"text-align: justify\">Cuando entrenamos nuestra Inteligencia Vibracional, podemos retornar con facilidad, acierto y rapidez a nuestro estado de Bienestar interno y externo.<\/p>\n<p style=\"text-align: justify\">Cada participante recibe su Certificado Digital de Practicante de Inteligencia Vibracional, tiene acceso durante tres d\u00edas a la grabaci\u00f3n del Seminario para que repase cualquier punto o se actualice por s\u00ed perdi\u00f3 alguna parte por falta de conexi\u00f3n, tambi\u00e9n acompa\u00f1amiento por medio de exclusivo grupo de WhatsApp durante los primeros d\u00edas para apoyar la pr\u00e1ctica de las 7 actitudes de Inteligencia Vibracional.<\/p>\n<p style=\"text-align: justify\">Esta formaci\u00f3n tiene una duraci\u00f3n de cuatro horas y la inversi\u00f3n es de 20$.<br \/>\nPara mayor informaci\u00f3n puedes acceder a la p\u00e1gina web de Inteligencia Vibracional.<\/p>\n<p><a href=\"http:\/\/www.inteligenciavibracional.com.ve\/?fbclid=IwAR2-HYjlWKqr5hEP3_EmVp5ZLgZD3qmzrtVRNEsUK3RkDPCBiK6o0i63N8Y\" target=\"_blank\" rel=\"nofollow noopener noreferrer\" data-lynx-mode=\"hover\" data-lynx-uri=\"https:\/\/l.facebook.com\/l.php?u=http%3A%2F%2Fwww.inteligenciavibracional.com.ve%2F%3Ffbclid%3DIwAR2-HYjlWKqr5hEP3_EmVp5ZLgZD3qmzrtVRNEsUK3RkDPCBiK6o0i63N8Y&amp;h=AT2Uzk1SKgmcUGxY9vT1htio5yWp5_Dnvy-b436R5GAkkahcn_1U_XM4eVhQZQhdwpMY6wLJfGql2SsXbxjMUYWIE9cqcKNiR53gTmBDwwvTZQPlaKDNgr3uQmNVYbD_7cmkUA\">www.inteligenciavibracional.com.ve <\/a><\/p>\n","protected":false},"excerpt":{"rendered":"<p>NOTI-AM\u00c9RICA (REP\u00daBLICA DOMINICANA) &nbsp; El Arte de vivir bien!!! Es el Seminario m\u00e1s vanguardista de Desarrollo Humano, con una duraci\u00f3n de cuatro horas donde capacitamos a las personas a incorporar a sus vidas las&#46;&#46;&#46;<\/p>\n","protected":false},"author":87,"featured_media":2186,"comment_status":"open","ping_status":"open","sticky":false,"template":"","format":"gallery","meta":{"_acf_changed":false,"rop_custom_images_group":[],"rop_custom_messages_group":[],"rop_publish_now":"initial","rop_publish_now_accounts":[],"rop_publish_now_history":[],"rop_publish_now_status":"pending","footnotes":""},"categories":[175],"tags":[],"class_list":["post-2185","post","type-post","status-publish","format-gallery","has-post-thumbnail","hentry","category-formaciones","post_format-post-format-gallery"],"acf":[],"yoast_head":"<!-- This site is optimized with the Yoast SEO Premium plugin v24.9 (Yoast SEO v27.2) - https:\/\/yoast.com\/product\/yoast-seo-premium-wordpress\/ -->\n<title>Seminario Inteligencia Vibracional - Rep. Dominicana | Noti-America.com<\/title>\n<meta name=\"robots\" content=\"index, follow, max-snippet:-1, max-image-preview:large, max-video-preview:-1\" \/>\n<link rel=\"canonical\" href=\"https:\/\/noti-america.com\/site\/repdom\/2020\/07\/22\/seminario-inteligencia-vibracional\/\" \/>\n<meta property=\"og:locale\" content=\"es_ES\" \/>\n<meta property=\"og:type\" content=\"article\" \/>\n<meta property=\"og:title\" content=\"Seminario Inteligencia Vibracional\" \/>\n<meta property=\"og:description\" content=\"NOTI-AM\u00c9RICA (REP\u00daBLICA DOMINICANA) &nbsp; El Arte de vivir bien!!! Es el Seminario m\u00e1s vanguardista de Desarrollo Humano, con una duraci\u00f3n de cuatro horas donde capacitamos a las personas a incorporar a sus vidas las&#046;&#046;&#046;\" \/>\n<meta property=\"og:url\" content=\"https:\/\/noti-america.com\/site\/repdom\/2020\/07\/22\/seminario-inteligencia-vibracional\/\" \/>\n<meta property=\"og:site_name\" content=\"Rep. Dominicana | Noti-America.com\" \/>\n<meta property=\"article:published_time\" content=\"2020-07-22T05:42:49+00:00\" \/>\n<meta property=\"article:modified_time\" content=\"2020-07-22T05:46:46+00:00\" \/>\n<meta property=\"og:image\" content=\"https:\/\/noti-america.com\/site\/repdom\/wp-content\/uploads\/sites\/6\/2020\/07\/109343445_1213967455618255_4659564881453734106_n.jpg\" \/>\n\t<meta property=\"og:image:width\" content=\"728\" \/>\n\t<meta property=\"og:image:height\" content=\"720\" \/>\n\t<meta property=\"og:image:type\" content=\"image\/jpeg\" \/>\n<meta name=\"author\" content=\"CAMH\" \/>\n<meta name=\"twitter:card\" content=\"summary_large_image\" \/>\n<meta name=\"twitter:label1\" content=\"Escrito por\" \/>\n\t<meta name=\"twitter:data1\" content=\"CAMH\" \/>\n\t<meta name=\"twitter:label2\" content=\"Tiempo estimado de lectura\" \/>\n\t<meta name=\"twitter:data2\" content=\"2 minutos\" \/>\n<script type=\"application\/ld+json\" class=\"yoast-schema-graph\">{\"@context\":\"https:\/\/schema.org\",\"@graph\":[{\"@type\":\"Article\",\"@id\":\"https:\/\/noti-america.com\/site\/repdom\/2020\/07\/22\/seminario-inteligencia-vibracional\/#article\",\"isPartOf\":{\"@id\":\"https:\/\/noti-america.com\/site\/repdom\/2020\/07\/22\/seminario-inteligencia-vibracional\/\"},\"author\":{\"name\":\"CAMH\",\"@id\":\"https:\/\/noti-america.com\/site\/repdom\/#\/schema\/person\/e13880b4308eea6926b271284605ef72\"},\"headline\":\"Seminario Inteligencia Vibracional\",\"datePublished\":\"2020-07-22T05:42:49+00:00\",\"dateModified\":\"2020-07-22T05:46:46+00:00\",\"mainEntityOfPage\":{\"@id\":\"https:\/\/noti-america.com\/site\/repdom\/2020\/07\/22\/seminario-inteligencia-vibracional\/\"},\"wordCount\":322,\"commentCount\":0,\"publisher\":{\"@id\":\"https:\/\/noti-america.com\/site\/repdom\/#organization\"},\"image\":{\"@id\":\"https:\/\/noti-america.com\/site\/repdom\/2020\/07\/22\/seminario-inteligencia-vibracional\/#primaryimage\"},\"thumbnailUrl\":\"https:\/\/noti-america.com\/site\/repdom\/wp-content\/uploads\/sites\/6\/2020\/07\/109343445_1213967455618255_4659564881453734106_n.jpg\",\"articleSection\":[\"Formaciones\"],\"inLanguage\":\"es\",\"potentialAction\":[{\"@type\":\"CommentAction\",\"name\":\"Comment\",\"target\":[\"https:\/\/noti-america.com\/site\/repdom\/2020\/07\/22\/seminario-inteligencia-vibracional\/#respond\"]}]},{\"@type\":\"WebPage\",\"@id\":\"https:\/\/noti-america.com\/site\/repdom\/2020\/07\/22\/seminario-inteligencia-vibracional\/\",\"url\":\"https:\/\/noti-america.com\/site\/repdom\/2020\/07\/22\/seminario-inteligencia-vibracional\/\",\"name\":\"Seminario Inteligencia Vibracional - Rep. Dominicana | Noti-America.com\",\"isPartOf\":{\"@id\":\"https:\/\/noti-america.com\/site\/repdom\/#website\"},\"primaryImageOfPage\":{\"@id\":\"https:\/\/noti-america.com\/site\/repdom\/2020\/07\/22\/seminario-inteligencia-vibracional\/#primaryimage\"},\"image\":{\"@id\":\"https:\/\/noti-america.com\/site\/repdom\/2020\/07\/22\/seminario-inteligencia-vibracional\/#primaryimage\"},\"thumbnailUrl\":\"https:\/\/noti-america.com\/site\/repdom\/wp-content\/uploads\/sites\/6\/2020\/07\/109343445_1213967455618255_4659564881453734106_n.jpg\",\"datePublished\":\"2020-07-22T05:42:49+00:00\",\"dateModified\":\"2020-07-22T05:46:46+00:00\",\"breadcrumb\":{\"@id\":\"https:\/\/noti-america.com\/site\/repdom\/2020\/07\/22\/seminario-inteligencia-vibracional\/#breadcrumb\"},\"inLanguage\":\"es\",\"potentialAction\":[{\"@type\":\"ReadAction\",\"target\":[\"https:\/\/noti-america.com\/site\/repdom\/2020\/07\/22\/seminario-inteligencia-vibracional\/\"]}]},{\"@type\":\"ImageObject\",\"inLanguage\":\"es\",\"@id\":\"https:\/\/noti-america.com\/site\/repdom\/2020\/07\/22\/seminario-inteligencia-vibracional\/#primaryimage\",\"url\":\"https:\/\/noti-america.com\/site\/repdom\/wp-content\/uploads\/sites\/6\/2020\/07\/109343445_1213967455618255_4659564881453734106_n.jpg\",\"contentUrl\":\"https:\/\/noti-america.com\/site\/repdom\/wp-content\/uploads\/sites\/6\/2020\/07\/109343445_1213967455618255_4659564881453734106_n.jpg\",\"width\":728,\"height\":720},{\"@type\":\"BreadcrumbList\",\"@id\":\"https:\/\/noti-america.com\/site\/repdom\/2020\/07\/22\/seminario-inteligencia-vibracional\/#breadcrumb\",\"itemListElement\":[{\"@type\":\"ListItem\",\"position\":1,\"name\":\"Portada\",\"item\":\"https:\/\/noti-america.com\/site\/repdom\/\"},{\"@type\":\"ListItem\",\"position\":2,\"name\":\"Seminario Inteligencia Vibracional\"}]},{\"@type\":\"WebSite\",\"@id\":\"https:\/\/noti-america.com\/site\/repdom\/#website\",\"url\":\"https:\/\/noti-america.com\/site\/repdom\/\",\"name\":\"Rep. Dominicana | Noti-America.com\",\"description\":\"\",\"publisher\":{\"@id\":\"https:\/\/noti-america.com\/site\/repdom\/#organization\"},\"potentialAction\":[{\"@type\":\"SearchAction\",\"target\":{\"@type\":\"EntryPoint\",\"urlTemplate\":\"https:\/\/noti-america.com\/site\/repdom\/?s={search_term_string}\"},\"query-input\":{\"@type\":\"PropertyValueSpecification\",\"valueRequired\":true,\"valueName\":\"search_term_string\"}}],\"inLanguage\":\"es\"},{\"@type\":\"Organization\",\"@id\":\"https:\/\/noti-america.com\/site\/repdom\/#organization\",\"name\":\"Noti-America LLC | Rep\u00fablica Dominicana\",\"url\":\"https:\/\/noti-america.com\/site\/repdom\/\",\"logo\":{\"@type\":\"ImageObject\",\"inLanguage\":\"es\",\"@id\":\"https:\/\/noti-america.com\/site\/repdom\/#\/schema\/logo\/image\/\",\"url\":\"https:\/\/noti-america.com\/site\/repdom\/wp-content\/uploads\/sites\/6\/2020\/07\/LogoNA-4x3-1.jpg\",\"contentUrl\":\"https:\/\/noti-america.com\/site\/repdom\/wp-content\/uploads\/sites\/6\/2020\/07\/LogoNA-4x3-1.jpg\",\"width\":1236,\"height\":1080,\"caption\":\"Noti-America LLC | Rep\u00fablica Dominicana\"},\"image\":{\"@id\":\"https:\/\/noti-america.com\/site\/repdom\/#\/schema\/logo\/image\/\"}},{\"@type\":\"Person\",\"@id\":\"https:\/\/noti-america.com\/site\/repdom\/#\/schema\/person\/e13880b4308eea6926b271284605ef72\",\"name\":\"CAMH\",\"image\":{\"@type\":\"ImageObject\",\"inLanguage\":\"es\",\"@id\":\"https:\/\/secure.gravatar.com\/avatar\/82aa99c723cbed2b304797bc218a5542b5a94d7f5d0ba3b39650aef53c28ecf5?s=96&d=mm&r=g\",\"url\":\"https:\/\/secure.gravatar.com\/avatar\/82aa99c723cbed2b304797bc218a5542b5a94d7f5d0ba3b39650aef53c28ecf5?s=96&d=mm&r=g\",\"contentUrl\":\"https:\/\/secure.gravatar.com\/avatar\/82aa99c723cbed2b304797bc218a5542b5a94d7f5d0ba3b39650aef53c28ecf5?s=96&d=mm&r=g\",\"caption\":\"CAMH\"},\"url\":\"https:\/\/noti-america.com\/site\/repdom\/author\/cmitchell\/\"}]}<\/script>\n<!-- \/ Yoast SEO Premium plugin. -->","yoast_head_json":{"title":"Seminario Inteligencia Vibracional - Rep. Dominicana | Noti-America.com","robots":{"index":"index","follow":"follow","max-snippet":"max-snippet:-1","max-image-preview":"max-image-preview:large","max-video-preview":"max-video-preview:-1"},"canonical":"https:\/\/noti-america.com\/site\/repdom\/2020\/07\/22\/seminario-inteligencia-vibracional\/","og_locale":"es_ES","og_type":"article","og_title":"Seminario Inteligencia Vibracional","og_description":"NOTI-AM\u00c9RICA (REP\u00daBLICA DOMINICANA) &nbsp; El Arte de vivir bien!!! Es el Seminario m\u00e1s vanguardista de Desarrollo Humano, con una duraci\u00f3n de cuatro horas donde capacitamos a las personas a incorporar a sus vidas las&#46;&#46;&#46;","og_url":"https:\/\/noti-america.com\/site\/repdom\/2020\/07\/22\/seminario-inteligencia-vibracional\/","og_site_name":"Rep. Dominicana | Noti-America.com","article_published_time":"2020-07-22T05:42:49+00:00","article_modified_time":"2020-07-22T05:46:46+00:00","og_image":[{"width":728,"height":720,"url":"https:\/\/noti-america.com\/site\/repdom\/wp-content\/uploads\/sites\/6\/2020\/07\/109343445_1213967455618255_4659564881453734106_n.jpg","type":"image\/jpeg"}],"author":"CAMH","twitter_card":"summary_large_image","twitter_misc":{"Escrito por":"CAMH","Tiempo estimado de lectura":"2 minutos"},"schema":{"@context":"https:\/\/schema.org","@graph":[{"@type":"Article","@id":"https:\/\/noti-america.com\/site\/repdom\/2020\/07\/22\/seminario-inteligencia-vibracional\/#article","isPartOf":{"@id":"https:\/\/noti-america.com\/site\/repdom\/2020\/07\/22\/seminario-inteligencia-vibracional\/"},"author":{"name":"CAMH","@id":"https:\/\/noti-america.com\/site\/repdom\/#\/schema\/person\/e13880b4308eea6926b271284605ef72"},"headline":"Seminario Inteligencia Vibracional","datePublished":"2020-07-22T05:42:49+00:00","dateModified":"2020-07-22T05:46:46+00:00","mainEntityOfPage":{"@id":"https:\/\/noti-america.com\/site\/repdom\/2020\/07\/22\/seminario-inteligencia-vibracional\/"},"wordCount":322,"commentCount":0,"publisher":{"@id":"https:\/\/noti-america.com\/site\/repdom\/#organization"},"image":{"@id":"https:\/\/noti-america.com\/site\/repdom\/2020\/07\/22\/seminario-inteligencia-vibracional\/#primaryimage"},"thumbnailUrl":"https:\/\/noti-america.com\/site\/repdom\/wp-content\/uploads\/sites\/6\/2020\/07\/109343445_1213967455618255_4659564881453734106_n.jpg","articleSection":["Formaciones"],"inLanguage":"es","potentialAction":[{"@type":"CommentAction","name":"Comment","target":["https:\/\/noti-america.com\/site\/repdom\/2020\/07\/22\/seminario-inteligencia-vibracional\/#respond"]}]},{"@type":"WebPage","@id":"https:\/\/noti-america.com\/site\/repdom\/2020\/07\/22\/seminario-inteligencia-vibracional\/","url":"https:\/\/noti-america.com\/site\/repdom\/2020\/07\/22\/seminario-inteligencia-vibracional\/","name":"Seminario Inteligencia Vibracional - Rep. Dominicana | Noti-America.com","isPartOf":{"@id":"https:\/\/noti-america.com\/site\/repdom\/#website"},"primaryImageOfPage":{"@id":"https:\/\/noti-america.com\/site\/repdom\/2020\/07\/22\/seminario-inteligencia-vibracional\/#primaryimage"},"image":{"@id":"https:\/\/noti-america.com\/site\/repdom\/2020\/07\/22\/seminario-inteligencia-vibracional\/#primaryimage"},"thumbnailUrl":"https:\/\/noti-america.com\/site\/repdom\/wp-content\/uploads\/sites\/6\/2020\/07\/109343445_1213967455618255_4659564881453734106_n.jpg","datePublished":"2020-07-22T05:42:49+00:00","dateModified":"2020-07-22T05:46:46+00:00","breadcrumb":{"@id":"https:\/\/noti-america.com\/site\/repdom\/2020\/07\/22\/seminario-inteligencia-vibracional\/#breadcrumb"},"inLanguage":"es","potentialAction":[{"@type":"ReadAction","target":["https:\/\/noti-america.com\/site\/repdom\/2020\/07\/22\/seminario-inteligencia-vibracional\/"]}]},{"@type":"ImageObject","inLanguage":"es","@id":"https:\/\/noti-america.com\/site\/repdom\/2020\/07\/22\/seminario-inteligencia-vibracional\/#primaryimage","url":"https:\/\/noti-america.com\/site\/repdom\/wp-content\/uploads\/sites\/6\/2020\/07\/109343445_1213967455618255_4659564881453734106_n.jpg","contentUrl":"https:\/\/noti-america.com\/site\/repdom\/wp-content\/uploads\/sites\/6\/2020\/07\/109343445_1213967455618255_4659564881453734106_n.jpg","width":728,"height":720},{"@type":"BreadcrumbList","@id":"https:\/\/noti-america.com\/site\/repdom\/2020\/07\/22\/seminario-inteligencia-vibracional\/#breadcrumb","itemListElement":[{"@type":"ListItem","position":1,"name":"Portada","item":"https:\/\/noti-america.com\/site\/repdom\/"},{"@type":"ListItem","position":2,"name":"Seminario Inteligencia Vibracional"}]},{"@type":"WebSite","@id":"https:\/\/noti-america.com\/site\/repdom\/#website","url":"https:\/\/noti-america.com\/site\/repdom\/","name":"Rep. Dominicana | Noti-America.com","description":"","publisher":{"@id":"https:\/\/noti-america.com\/site\/repdom\/#organization"},"potentialAction":[{"@type":"SearchAction","target":{"@type":"EntryPoint","urlTemplate":"https:\/\/noti-america.com\/site\/repdom\/?s={search_term_string}"},"query-input":{"@type":"PropertyValueSpecification","valueRequired":true,"valueName":"search_term_string"}}],"inLanguage":"es"},{"@type":"Organization","@id":"https:\/\/noti-america.com\/site\/repdom\/#organization","name":"Noti-America LLC | Rep\u00fablica Dominicana","url":"https:\/\/noti-america.com\/site\/repdom\/","logo":{"@type":"ImageObject","inLanguage":"es","@id":"https:\/\/noti-america.com\/site\/repdom\/#\/schema\/logo\/image\/","url":"https:\/\/noti-america.com\/site\/repdom\/wp-content\/uploads\/sites\/6\/2020\/07\/LogoNA-4x3-1.jpg","contentUrl":"https:\/\/noti-america.com\/site\/repdom\/wp-content\/uploads\/sites\/6\/2020\/07\/LogoNA-4x3-1.jpg","width":1236,"height":1080,"caption":"Noti-America LLC | Rep\u00fablica Dominicana"},"image":{"@id":"https:\/\/noti-america.com\/site\/repdom\/#\/schema\/logo\/image\/"}},{"@type":"Person","@id":"https:\/\/noti-america.com\/site\/repdom\/#\/schema\/person\/e13880b4308eea6926b271284605ef72","name":"CAMH","image":{"@type":"ImageObject","inLanguage":"es","@id":"https:\/\/secure.gravatar.com\/avatar\/82aa99c723cbed2b304797bc218a5542b5a94d7f5d0ba3b39650aef53c28ecf5?s=96&d=mm&r=g","url":"https:\/\/secure.gravatar.com\/avatar\/82aa99c723cbed2b304797bc218a5542b5a94d7f5d0ba3b39650aef53c28ecf5?s=96&d=mm&r=g","contentUrl":"https:\/\/secure.gravatar.com\/avatar\/82aa99c723cbed2b304797bc218a5542b5a94d7f5d0ba3b39650aef53c28ecf5?s=96&d=mm&r=g","caption":"CAMH"},"url":"https:\/\/noti-america.com\/site\/repdom\/author\/cmitchell\/"}]}},"_links":{"self":[{"href":"https:\/\/noti-america.com\/site\/repdom\/wp-json\/wp\/v2\/posts\/2185","targetHints":{"allow":["GET"]}}],"collection":[{"href":"https:\/\/noti-america.com\/site\/repdom\/wp-json\/wp\/v2\/posts"}],"about":[{"href":"https:\/\/noti-america.com\/site\/repdom\/wp-json\/wp\/v2\/types\/post"}],"author":[{"embeddable":true,"href":"https:\/\/noti-america.com\/site\/repdom\/wp-json\/wp\/v2\/users\/87"}],"replies":[{"embeddable":true,"href":"https:\/\/noti-america.com\/site\/repdom\/wp-json\/wp\/v2\/comments?post=2185"}],"version-history":[{"count":2,"href":"https:\/\/noti-america.com\/site\/repdom\/wp-json\/wp\/v2\/posts\/2185\/revisions"}],"predecessor-version":[{"id":2191,"href":"https:\/\/noti-america.com\/site\/repdom\/wp-json\/wp\/v2\/posts\/2185\/revisions\/2191"}],"wp:featuredmedia":[{"embeddable":true,"href":"https:\/\/noti-america.com\/site\/repdom\/wp-json\/wp\/v2\/media\/2186"}],"wp:attachment":[{"href":"https:\/\/noti-america.com\/site\/repdom\/wp-json\/wp\/v2\/media?parent=2185"}],"wp:term":[{"taxonomy":"category","embeddable":true,"href":"https:\/\/noti-america.com\/site\/repdom\/wp-json\/wp\/v2\/categories?post=2185"},{"taxonomy":"post_tag","embeddable":true,"href":"https:\/\/noti-america.com\/site\/repdom\/wp-json\/wp\/v2\/tags?post=2185"}],"curies":[{"name":"wp","href":"https:\/\/api.w.org\/{rel}","templated":true}]}}