{"id":21363,"date":"2023-01-02T19:44:08","date_gmt":"2023-01-02T19:44:08","guid":{"rendered":"https:\/\/noti-america.com\/site\/repdom\/?p=21363"},"modified":"2023-01-02T19:44:08","modified_gmt":"2023-01-02T19:44:08","slug":"alcalde-carlos-guzman-declarara-2023-como-el-ano-de-la-iluminacion","status":"publish","type":"post","link":"https:\/\/noti-america.com\/site\/repdom\/2023\/01\/02\/alcalde-carlos-guzman-declarara-2023-como-el-ano-de-la-iluminacion\/","title":{"rendered":"Alcalde Carlos Guzm\u00e1n declarar\u00e1 2023 como \u201cEl a\u00f1o de la iluminaci\u00f3n\u201d"},"content":{"rendered":"<div style=\"width: 848px;\" class=\"wp-video\"><video class=\"wp-video-shortcode\" id=\"video-21363-1\" width=\"848\" height=\"480\" preload=\"metadata\" controls=\"controls\"><source type=\"video\/mp4\" src=\"https:\/\/noti-america.com\/site\/repdom\/wp-content\/uploads\/sites\/6\/2023\/01\/WhatsApp-Video-2023-01-02-at-9.05.16-AM.mp4?_=1\" \/><a href=\"https:\/\/noti-america.com\/site\/repdom\/wp-content\/uploads\/sites\/6\/2023\/01\/WhatsApp-Video-2023-01-02-at-9.05.16-AM.mp4\">https:\/\/noti-america.com\/site\/repdom\/wp-content\/uploads\/sites\/6\/2023\/01\/WhatsApp-Video-2023-01-02-at-9.05.16-AM.mp4<\/a><\/video><\/div>\n<p style=\"text-align: justify\">SANTO DOMINGO &#8211; El alcalde de Santo Domingo Norte (SDN), Carlos Guzm\u00e1n, inform\u00f3 que motivar\u00e1 al Concejo de Regidores a declarar este 2023 como: \u201cEl a\u00f1o de la iluminaci\u00f3n\u201d, con el objetivo de enfocar todos los esfuerzos en mejorar la seguridad ciudadana en todo el municipio.<\/p>\n<p style=\"text-align: justify\">A trav\u00e9s de un comunicado de prensa, Carlos Guzm\u00e1n indic\u00f3 que durante este nuevo a\u00f1o, la Alcald\u00eda de Santo Domingo Norte (ASDN) impactar\u00e1 con trabajos de instalaci\u00f3n de l\u00e1mparas led de alta calidad los barrios, calles y avenidas de la demarcaci\u00f3n, fortaleciendo la seguridad ciudadan\u00eda.<\/p>\n<p style=\"text-align: justify\">\u201cA trav\u00e9s de la Unidad de Electrificaci\u00f3n del cabildo, se inici\u00f3 hace unos meses la instalaci\u00f3n de luminarias en barrios y avenidas de Villa Mella, Los Guaricanos y Sabana Perdida. Y no nos detendremos hasta llevar iluminaci\u00f3n a todo el municipio Santo Domingo Norte (SDN)\u201d, declar\u00f3 Guzm\u00e1n.<\/p>\n<p style=\"text-align: justify\">Agreg\u00f3 que con la disposici\u00f3n buscar\u00e1n aplacar los niveles de inseguridad en algunas zonas y sectores, evitando la criminalidad y delincuencia.<\/p>\n<p style=\"text-align: justify\">Hasta la fecha, la ASDN ha colocado 800 l\u00e1mparas en importantes avenidas y barrios de Villa Mella, Los Guaricanos y Sabana Perdida.<\/p>\n<p style=\"text-align: justify\">En ese orden, Carlos Guzm\u00e1n envi\u00f3 los m\u00e1s sinceros deseos para este nuevo a\u00f1o 2023 a toda la familia dominicana, en especial a los residentes del municipio Santo Domingo Norte, con quien se comprometi\u00f3 a seguir trabajando juntos por un nuevo norte.<\/p>\n<p style=\"text-align: justify\">Al desear un pr\u00f3spero y venturoso A\u00f1o Nuevo, expres\u00f3 que continuar\u00e1 manteniendo la limpieza, la seguridad y la organizaci\u00f3n en el municipio, por la salud y el bienestar de la gente.<\/p>\n<p style=\"text-align: justify\"><strong>Fuente: Direcci\u00f3n de Comunicaciones ASDN<\/strong><\/p>\n","protected":false},"excerpt":{"rendered":"<p>SANTO DOMINGO &#8211; El alcalde de Santo Domingo Norte (SDN), Carlos Guzm\u00e1n, inform\u00f3 que motivar\u00e1 al Concejo de Regidores a declarar este 2023 como: \u201cEl a\u00f1o de la iluminaci\u00f3n\u201d, con el objetivo de enfocar&#46;&#46;&#46;<\/p>\n","protected":false},"author":89,"featured_media":21365,"comment_status":"open","ping_status":"open","sticky":false,"template":"","format":"standard","meta":{"_acf_changed":false,"rop_custom_images_group":[],"rop_custom_messages_group":[],"rop_publish_now":"initial","rop_publish_now_accounts":[],"rop_publish_now_history":[],"rop_publish_now_status":"pending","footnotes":""},"categories":[338],"tags":[1710,1713],"class_list":["post-21363","post","type-post","status-publish","format-standard","has-post-thumbnail","hentry","category-nacionales","tag-alcaldia-de-santo-domingo-norte","tag-carlos-guzman"],"acf":[],"yoast_head":"<!-- This site is optimized with the Yoast SEO Premium plugin v24.9 (Yoast SEO v27.2) - https:\/\/yoast.com\/product\/yoast-seo-premium-wordpress\/ -->\n<title>Alcalde Carlos Guzm\u00e1n declarar\u00e1 2023 como \u201cEl a\u00f1o de la iluminaci\u00f3n\u201d - Rep. Dominicana | Noti-America.com<\/title>\n<meta name=\"robots\" content=\"index, follow, max-snippet:-1, max-image-preview:large, max-video-preview:-1\" \/>\n<link rel=\"canonical\" href=\"https:\/\/noti-america.com\/site\/repdom\/2023\/01\/02\/alcalde-carlos-guzman-declarara-2023-como-el-ano-de-la-iluminacion\/\" \/>\n<meta property=\"og:locale\" content=\"es_ES\" \/>\n<meta property=\"og:type\" content=\"article\" \/>\n<meta property=\"og:title\" content=\"Alcalde Carlos Guzm\u00e1n declarar\u00e1 2023 como \u201cEl a\u00f1o de la iluminaci\u00f3n\u201d\" \/>\n<meta property=\"og:description\" content=\"SANTO DOMINGO &#8211; El alcalde de Santo Domingo Norte (SDN), Carlos Guzm\u00e1n, inform\u00f3 que motivar\u00e1 al Concejo de Regidores a declarar este 2023 como: \u201cEl a\u00f1o de la iluminaci\u00f3n\u201d, con el objetivo de enfocar&#046;&#046;&#046;\" \/>\n<meta property=\"og:url\" content=\"https:\/\/noti-america.com\/site\/repdom\/2023\/01\/02\/alcalde-carlos-guzman-declarara-2023-como-el-ano-de-la-iluminacion\/\" \/>\n<meta property=\"og:site_name\" content=\"Rep. Dominicana | Noti-America.com\" \/>\n<meta property=\"article:published_time\" content=\"2023-01-02T19:44:08+00:00\" \/>\n<meta property=\"og:image\" content=\"https:\/\/noti-america.com\/site\/repdom\/wp-content\/uploads\/sites\/6\/2023\/01\/Alcalde-Carlos-Guzman.jpg\" \/>\n\t<meta property=\"og:image:width\" content=\"1280\" \/>\n\t<meta property=\"og:image:height\" content=\"853\" \/>\n\t<meta property=\"og:image:type\" content=\"image\/jpeg\" \/>\n<meta name=\"author\" content=\"Ad\u00e1n Soriano\" \/>\n<meta name=\"twitter:card\" content=\"summary_large_image\" \/>\n<meta name=\"twitter:creator\" content=\"@adansoriano\" \/>\n<meta name=\"twitter:label1\" content=\"Escrito por\" \/>\n\t<meta name=\"twitter:data1\" content=\"Ad\u00e1n Soriano\" \/>\n\t<meta name=\"twitter:label2\" content=\"Tiempo estimado de lectura\" \/>\n\t<meta name=\"twitter:data2\" content=\"2 minutos\" \/>\n<script type=\"application\/ld+json\" class=\"yoast-schema-graph\">{\"@context\":\"https:\/\/schema.org\",\"@graph\":[{\"@type\":\"Article\",\"@id\":\"https:\/\/noti-america.com\/site\/repdom\/2023\/01\/02\/alcalde-carlos-guzman-declarara-2023-como-el-ano-de-la-iluminacion\/#article\",\"isPartOf\":{\"@id\":\"https:\/\/noti-america.com\/site\/repdom\/2023\/01\/02\/alcalde-carlos-guzman-declarara-2023-como-el-ano-de-la-iluminacion\/\"},\"author\":{\"name\":\"Ad\u00e1n Soriano\",\"@id\":\"https:\/\/noti-america.com\/site\/repdom\/#\/schema\/person\/fd0092c1530d275fabaa5cffcbc2b976\"},\"headline\":\"Alcalde Carlos Guzm\u00e1n declarar\u00e1 2023 como \u201cEl a\u00f1o de la iluminaci\u00f3n\u201d\",\"datePublished\":\"2023-01-02T19:44:08+00:00\",\"mainEntityOfPage\":{\"@id\":\"https:\/\/noti-america.com\/site\/repdom\/2023\/01\/02\/alcalde-carlos-guzman-declarara-2023-como-el-ano-de-la-iluminacion\/\"},\"wordCount\":314,\"commentCount\":0,\"publisher\":{\"@id\":\"https:\/\/noti-america.com\/site\/repdom\/#organization\"},\"image\":{\"@id\":\"https:\/\/noti-america.com\/site\/repdom\/2023\/01\/02\/alcalde-carlos-guzman-declarara-2023-como-el-ano-de-la-iluminacion\/#primaryimage\"},\"thumbnailUrl\":\"https:\/\/noti-america.com\/site\/repdom\/wp-content\/uploads\/sites\/6\/2023\/01\/Alcalde-Carlos-Guzman.jpg\",\"keywords\":[\"Alcald\u00eda de Santo Domingo Norte\",\"Carlos Guzm\u00e1n\"],\"articleSection\":[\"Nacionales\"],\"inLanguage\":\"es\",\"potentialAction\":[{\"@type\":\"CommentAction\",\"name\":\"Comment\",\"target\":[\"https:\/\/noti-america.com\/site\/repdom\/2023\/01\/02\/alcalde-carlos-guzman-declarara-2023-como-el-ano-de-la-iluminacion\/#respond\"]}]},{\"@type\":\"WebPage\",\"@id\":\"https:\/\/noti-america.com\/site\/repdom\/2023\/01\/02\/alcalde-carlos-guzman-declarara-2023-como-el-ano-de-la-iluminacion\/\",\"url\":\"https:\/\/noti-america.com\/site\/repdom\/2023\/01\/02\/alcalde-carlos-guzman-declarara-2023-como-el-ano-de-la-iluminacion\/\",\"name\":\"Alcalde Carlos Guzm\u00e1n declarar\u00e1 2023 como \u201cEl a\u00f1o de la iluminaci\u00f3n\u201d - Rep. Dominicana | Noti-America.com\",\"isPartOf\":{\"@id\":\"https:\/\/noti-america.com\/site\/repdom\/#website\"},\"primaryImageOfPage\":{\"@id\":\"https:\/\/noti-america.com\/site\/repdom\/2023\/01\/02\/alcalde-carlos-guzman-declarara-2023-como-el-ano-de-la-iluminacion\/#primaryimage\"},\"image\":{\"@id\":\"https:\/\/noti-america.com\/site\/repdom\/2023\/01\/02\/alcalde-carlos-guzman-declarara-2023-como-el-ano-de-la-iluminacion\/#primaryimage\"},\"thumbnailUrl\":\"https:\/\/noti-america.com\/site\/repdom\/wp-content\/uploads\/sites\/6\/2023\/01\/Alcalde-Carlos-Guzman.jpg\",\"datePublished\":\"2023-01-02T19:44:08+00:00\",\"breadcrumb\":{\"@id\":\"https:\/\/noti-america.com\/site\/repdom\/2023\/01\/02\/alcalde-carlos-guzman-declarara-2023-como-el-ano-de-la-iluminacion\/#breadcrumb\"},\"inLanguage\":\"es\",\"potentialAction\":[{\"@type\":\"ReadAction\",\"target\":[\"https:\/\/noti-america.com\/site\/repdom\/2023\/01\/02\/alcalde-carlos-guzman-declarara-2023-como-el-ano-de-la-iluminacion\/\"]}]},{\"@type\":\"ImageObject\",\"inLanguage\":\"es\",\"@id\":\"https:\/\/noti-america.com\/site\/repdom\/2023\/01\/02\/alcalde-carlos-guzman-declarara-2023-como-el-ano-de-la-iluminacion\/#primaryimage\",\"url\":\"https:\/\/noti-america.com\/site\/repdom\/wp-content\/uploads\/sites\/6\/2023\/01\/Alcalde-Carlos-Guzman.jpg\",\"contentUrl\":\"https:\/\/noti-america.com\/site\/repdom\/wp-content\/uploads\/sites\/6\/2023\/01\/Alcalde-Carlos-Guzman.jpg\",\"width\":1280,\"height\":853},{\"@type\":\"BreadcrumbList\",\"@id\":\"https:\/\/noti-america.com\/site\/repdom\/2023\/01\/02\/alcalde-carlos-guzman-declarara-2023-como-el-ano-de-la-iluminacion\/#breadcrumb\",\"itemListElement\":[{\"@type\":\"ListItem\",\"position\":1,\"name\":\"Portada\",\"item\":\"https:\/\/noti-america.com\/site\/repdom\/\"},{\"@type\":\"ListItem\",\"position\":2,\"name\":\"Alcalde Carlos Guzm\u00e1n declarar\u00e1 2023 como \u201cEl a\u00f1o de la iluminaci\u00f3n\u201d\"}]},{\"@type\":\"WebSite\",\"@id\":\"https:\/\/noti-america.com\/site\/repdom\/#website\",\"url\":\"https:\/\/noti-america.com\/site\/repdom\/\",\"name\":\"Rep. Dominicana | Noti-America.com\",\"description\":\"\",\"publisher\":{\"@id\":\"https:\/\/noti-america.com\/site\/repdom\/#organization\"},\"potentialAction\":[{\"@type\":\"SearchAction\",\"target\":{\"@type\":\"EntryPoint\",\"urlTemplate\":\"https:\/\/noti-america.com\/site\/repdom\/?s={search_term_string}\"},\"query-input\":{\"@type\":\"PropertyValueSpecification\",\"valueRequired\":true,\"valueName\":\"search_term_string\"}}],\"inLanguage\":\"es\"},{\"@type\":\"Organization\",\"@id\":\"https:\/\/noti-america.com\/site\/repdom\/#organization\",\"name\":\"Noti-America LLC | Rep\u00fablica Dominicana\",\"url\":\"https:\/\/noti-america.com\/site\/repdom\/\",\"logo\":{\"@type\":\"ImageObject\",\"inLanguage\":\"es\",\"@id\":\"https:\/\/noti-america.com\/site\/repdom\/#\/schema\/logo\/image\/\",\"url\":\"https:\/\/noti-america.com\/site\/repdom\/wp-content\/uploads\/sites\/6\/2020\/07\/LogoNA-4x3-1.jpg\",\"contentUrl\":\"https:\/\/noti-america.com\/site\/repdom\/wp-content\/uploads\/sites\/6\/2020\/07\/LogoNA-4x3-1.jpg\",\"width\":1236,\"height\":1080,\"caption\":\"Noti-America LLC | Rep\u00fablica Dominicana\"},\"image\":{\"@id\":\"https:\/\/noti-america.com\/site\/repdom\/#\/schema\/logo\/image\/\"}},{\"@type\":\"Person\",\"@id\":\"https:\/\/noti-america.com\/site\/repdom\/#\/schema\/person\/fd0092c1530d275fabaa5cffcbc2b976\",\"name\":\"Ad\u00e1n Soriano\",\"image\":{\"@type\":\"ImageObject\",\"inLanguage\":\"es\",\"@id\":\"https:\/\/secure.gravatar.com\/avatar\/ecf97ff3aee7ff9efdae670d7e976f3e7e8acc1077e510d73707999a8bfd4467?s=96&d=mm&r=g\",\"url\":\"https:\/\/secure.gravatar.com\/avatar\/ecf97ff3aee7ff9efdae670d7e976f3e7e8acc1077e510d73707999a8bfd4467?s=96&d=mm&r=g\",\"contentUrl\":\"https:\/\/secure.gravatar.com\/avatar\/ecf97ff3aee7ff9efdae670d7e976f3e7e8acc1077e510d73707999a8bfd4467?s=96&d=mm&r=g\",\"caption\":\"Ad\u00e1n Soriano\"},\"description\":\"Soy cronista deportivo con 10 a\u00f1os de experiencia en varios espacios, y conduzco el podcast deportivo llamado Mezcla Deportiva\",\"sameAs\":[\"https:\/\/x.com\/adansoriano\"],\"url\":\"https:\/\/noti-america.com\/site\/repdom\/author\/asoriano\/\"}]}<\/script>\n<!-- \/ Yoast SEO Premium plugin. -->","yoast_head_json":{"title":"Alcalde Carlos Guzm\u00e1n declarar\u00e1 2023 como \u201cEl a\u00f1o de la iluminaci\u00f3n\u201d - Rep. Dominicana | Noti-America.com","robots":{"index":"index","follow":"follow","max-snippet":"max-snippet:-1","max-image-preview":"max-image-preview:large","max-video-preview":"max-video-preview:-1"},"canonical":"https:\/\/noti-america.com\/site\/repdom\/2023\/01\/02\/alcalde-carlos-guzman-declarara-2023-como-el-ano-de-la-iluminacion\/","og_locale":"es_ES","og_type":"article","og_title":"Alcalde Carlos Guzm\u00e1n declarar\u00e1 2023 como \u201cEl a\u00f1o de la iluminaci\u00f3n\u201d","og_description":"SANTO DOMINGO &#8211; El alcalde de Santo Domingo Norte (SDN), Carlos Guzm\u00e1n, inform\u00f3 que motivar\u00e1 al Concejo de Regidores a declarar este 2023 como: \u201cEl a\u00f1o de la iluminaci\u00f3n\u201d, con el objetivo de enfocar&#46;&#46;&#46;","og_url":"https:\/\/noti-america.com\/site\/repdom\/2023\/01\/02\/alcalde-carlos-guzman-declarara-2023-como-el-ano-de-la-iluminacion\/","og_site_name":"Rep. Dominicana | Noti-America.com","article_published_time":"2023-01-02T19:44:08+00:00","og_image":[{"width":1280,"height":853,"url":"https:\/\/noti-america.com\/site\/repdom\/wp-content\/uploads\/sites\/6\/2023\/01\/Alcalde-Carlos-Guzman.jpg","type":"image\/jpeg"}],"author":"Ad\u00e1n Soriano","twitter_card":"summary_large_image","twitter_creator":"@adansoriano","twitter_misc":{"Escrito por":"Ad\u00e1n Soriano","Tiempo estimado de lectura":"2 minutos"},"schema":{"@context":"https:\/\/schema.org","@graph":[{"@type":"Article","@id":"https:\/\/noti-america.com\/site\/repdom\/2023\/01\/02\/alcalde-carlos-guzman-declarara-2023-como-el-ano-de-la-iluminacion\/#article","isPartOf":{"@id":"https:\/\/noti-america.com\/site\/repdom\/2023\/01\/02\/alcalde-carlos-guzman-declarara-2023-como-el-ano-de-la-iluminacion\/"},"author":{"name":"Ad\u00e1n Soriano","@id":"https:\/\/noti-america.com\/site\/repdom\/#\/schema\/person\/fd0092c1530d275fabaa5cffcbc2b976"},"headline":"Alcalde Carlos Guzm\u00e1n declarar\u00e1 2023 como \u201cEl a\u00f1o de la iluminaci\u00f3n\u201d","datePublished":"2023-01-02T19:44:08+00:00","mainEntityOfPage":{"@id":"https:\/\/noti-america.com\/site\/repdom\/2023\/01\/02\/alcalde-carlos-guzman-declarara-2023-como-el-ano-de-la-iluminacion\/"},"wordCount":314,"commentCount":0,"publisher":{"@id":"https:\/\/noti-america.com\/site\/repdom\/#organization"},"image":{"@id":"https:\/\/noti-america.com\/site\/repdom\/2023\/01\/02\/alcalde-carlos-guzman-declarara-2023-como-el-ano-de-la-iluminacion\/#primaryimage"},"thumbnailUrl":"https:\/\/noti-america.com\/site\/repdom\/wp-content\/uploads\/sites\/6\/2023\/01\/Alcalde-Carlos-Guzman.jpg","keywords":["Alcald\u00eda de Santo Domingo Norte","Carlos Guzm\u00e1n"],"articleSection":["Nacionales"],"inLanguage":"es","potentialAction":[{"@type":"CommentAction","name":"Comment","target":["https:\/\/noti-america.com\/site\/repdom\/2023\/01\/02\/alcalde-carlos-guzman-declarara-2023-como-el-ano-de-la-iluminacion\/#respond"]}]},{"@type":"WebPage","@id":"https:\/\/noti-america.com\/site\/repdom\/2023\/01\/02\/alcalde-carlos-guzman-declarara-2023-como-el-ano-de-la-iluminacion\/","url":"https:\/\/noti-america.com\/site\/repdom\/2023\/01\/02\/alcalde-carlos-guzman-declarara-2023-como-el-ano-de-la-iluminacion\/","name":"Alcalde Carlos Guzm\u00e1n declarar\u00e1 2023 como \u201cEl a\u00f1o de la iluminaci\u00f3n\u201d - Rep. Dominicana | Noti-America.com","isPartOf":{"@id":"https:\/\/noti-america.com\/site\/repdom\/#website"},"primaryImageOfPage":{"@id":"https:\/\/noti-america.com\/site\/repdom\/2023\/01\/02\/alcalde-carlos-guzman-declarara-2023-como-el-ano-de-la-iluminacion\/#primaryimage"},"image":{"@id":"https:\/\/noti-america.com\/site\/repdom\/2023\/01\/02\/alcalde-carlos-guzman-declarara-2023-como-el-ano-de-la-iluminacion\/#primaryimage"},"thumbnailUrl":"https:\/\/noti-america.com\/site\/repdom\/wp-content\/uploads\/sites\/6\/2023\/01\/Alcalde-Carlos-Guzman.jpg","datePublished":"2023-01-02T19:44:08+00:00","breadcrumb":{"@id":"https:\/\/noti-america.com\/site\/repdom\/2023\/01\/02\/alcalde-carlos-guzman-declarara-2023-como-el-ano-de-la-iluminacion\/#breadcrumb"},"inLanguage":"es","potentialAction":[{"@type":"ReadAction","target":["https:\/\/noti-america.com\/site\/repdom\/2023\/01\/02\/alcalde-carlos-guzman-declarara-2023-como-el-ano-de-la-iluminacion\/"]}]},{"@type":"ImageObject","inLanguage":"es","@id":"https:\/\/noti-america.com\/site\/repdom\/2023\/01\/02\/alcalde-carlos-guzman-declarara-2023-como-el-ano-de-la-iluminacion\/#primaryimage","url":"https:\/\/noti-america.com\/site\/repdom\/wp-content\/uploads\/sites\/6\/2023\/01\/Alcalde-Carlos-Guzman.jpg","contentUrl":"https:\/\/noti-america.com\/site\/repdom\/wp-content\/uploads\/sites\/6\/2023\/01\/Alcalde-Carlos-Guzman.jpg","width":1280,"height":853},{"@type":"BreadcrumbList","@id":"https:\/\/noti-america.com\/site\/repdom\/2023\/01\/02\/alcalde-carlos-guzman-declarara-2023-como-el-ano-de-la-iluminacion\/#breadcrumb","itemListElement":[{"@type":"ListItem","position":1,"name":"Portada","item":"https:\/\/noti-america.com\/site\/repdom\/"},{"@type":"ListItem","position":2,"name":"Alcalde Carlos Guzm\u00e1n declarar\u00e1 2023 como \u201cEl a\u00f1o de la iluminaci\u00f3n\u201d"}]},{"@type":"WebSite","@id":"https:\/\/noti-america.com\/site\/repdom\/#website","url":"https:\/\/noti-america.com\/site\/repdom\/","name":"Rep. Dominicana | Noti-America.com","description":"","publisher":{"@id":"https:\/\/noti-america.com\/site\/repdom\/#organization"},"potentialAction":[{"@type":"SearchAction","target":{"@type":"EntryPoint","urlTemplate":"https:\/\/noti-america.com\/site\/repdom\/?s={search_term_string}"},"query-input":{"@type":"PropertyValueSpecification","valueRequired":true,"valueName":"search_term_string"}}],"inLanguage":"es"},{"@type":"Organization","@id":"https:\/\/noti-america.com\/site\/repdom\/#organization","name":"Noti-America LLC | Rep\u00fablica Dominicana","url":"https:\/\/noti-america.com\/site\/repdom\/","logo":{"@type":"ImageObject","inLanguage":"es","@id":"https:\/\/noti-america.com\/site\/repdom\/#\/schema\/logo\/image\/","url":"https:\/\/noti-america.com\/site\/repdom\/wp-content\/uploads\/sites\/6\/2020\/07\/LogoNA-4x3-1.jpg","contentUrl":"https:\/\/noti-america.com\/site\/repdom\/wp-content\/uploads\/sites\/6\/2020\/07\/LogoNA-4x3-1.jpg","width":1236,"height":1080,"caption":"Noti-America LLC | Rep\u00fablica Dominicana"},"image":{"@id":"https:\/\/noti-america.com\/site\/repdom\/#\/schema\/logo\/image\/"}},{"@type":"Person","@id":"https:\/\/noti-america.com\/site\/repdom\/#\/schema\/person\/fd0092c1530d275fabaa5cffcbc2b976","name":"Ad\u00e1n Soriano","image":{"@type":"ImageObject","inLanguage":"es","@id":"https:\/\/secure.gravatar.com\/avatar\/ecf97ff3aee7ff9efdae670d7e976f3e7e8acc1077e510d73707999a8bfd4467?s=96&d=mm&r=g","url":"https:\/\/secure.gravatar.com\/avatar\/ecf97ff3aee7ff9efdae670d7e976f3e7e8acc1077e510d73707999a8bfd4467?s=96&d=mm&r=g","contentUrl":"https:\/\/secure.gravatar.com\/avatar\/ecf97ff3aee7ff9efdae670d7e976f3e7e8acc1077e510d73707999a8bfd4467?s=96&d=mm&r=g","caption":"Ad\u00e1n Soriano"},"description":"Soy cronista deportivo con 10 a\u00f1os de experiencia en varios espacios, y conduzco el podcast deportivo llamado Mezcla Deportiva","sameAs":["https:\/\/x.com\/adansoriano"],"url":"https:\/\/noti-america.com\/site\/repdom\/author\/asoriano\/"}]}},"_links":{"self":[{"href":"https:\/\/noti-america.com\/site\/repdom\/wp-json\/wp\/v2\/posts\/21363","targetHints":{"allow":["GET"]}}],"collection":[{"href":"https:\/\/noti-america.com\/site\/repdom\/wp-json\/wp\/v2\/posts"}],"about":[{"href":"https:\/\/noti-america.com\/site\/repdom\/wp-json\/wp\/v2\/types\/post"}],"author":[{"embeddable":true,"href":"https:\/\/noti-america.com\/site\/repdom\/wp-json\/wp\/v2\/users\/89"}],"replies":[{"embeddable":true,"href":"https:\/\/noti-america.com\/site\/repdom\/wp-json\/wp\/v2\/comments?post=21363"}],"version-history":[{"count":1,"href":"https:\/\/noti-america.com\/site\/repdom\/wp-json\/wp\/v2\/posts\/21363\/revisions"}],"predecessor-version":[{"id":21366,"href":"https:\/\/noti-america.com\/site\/repdom\/wp-json\/wp\/v2\/posts\/21363\/revisions\/21366"}],"wp:featuredmedia":[{"embeddable":true,"href":"https:\/\/noti-america.com\/site\/repdom\/wp-json\/wp\/v2\/media\/21365"}],"wp:attachment":[{"href":"https:\/\/noti-america.com\/site\/repdom\/wp-json\/wp\/v2\/media?parent=21363"}],"wp:term":[{"taxonomy":"category","embeddable":true,"href":"https:\/\/noti-america.com\/site\/repdom\/wp-json\/wp\/v2\/categories?post=21363"},{"taxonomy":"post_tag","embeddable":true,"href":"https:\/\/noti-america.com\/site\/repdom\/wp-json\/wp\/v2\/tags?post=21363"}],"curies":[{"name":"wp","href":"https:\/\/api.w.org\/{rel}","templated":true}]}}