{"id":21296,"date":"2022-12-27T17:51:56","date_gmt":"2022-12-27T17:51:56","guid":{"rendered":"https:\/\/noti-america.com\/site\/repdom\/?p=21296"},"modified":"2022-12-27T17:51:56","modified_gmt":"2022-12-27T17:51:56","slug":"jose-offerman-es-el-dirigente-del-ano-en-el-torneo-2022-23-de-lidom","status":"publish","type":"post","link":"https:\/\/noti-america.com\/site\/repdom\/2022\/12\/27\/jose-offerman-es-el-dirigente-del-ano-en-el-torneo-2022-23-de-lidom\/","title":{"rendered":"Jos\u00e9 Offerman es el Dirigente del A\u00f1o en el torneo 2022-23 de LIDOM"},"content":{"rendered":"<p style=\"text-align: justify\"><span data-contrast=\"none\">SANTO DOMINGO &#8211; Jos\u00e9 Antonio Offerman Dono, el estratega de los Tigres del Licey, fue seleccionado este martes como M\u00e1nager del A\u00f1o correspondiente al campeonato 2022-23 en la premiaci\u00f3n oficial de la Liga de B\u00e9isbol Profesional de la Rep\u00fablica Dominicana (LIDOM), MVP de la Semana Santo Domingo Motors.<\/span><\/p>\n<p style=\"text-align: justify\"><span data-contrast=\"none\">El jurado de comunicadores deportivos, compuesto por 69 miembros a nivel nacional, favoreci\u00f3 a Offerman con 37 votos, contra 32 sufragios del piloto Jos\u00e9 Leger, de las \u00c1guilas Cibae\u00f1as, anunci\u00f3 la liga en un comunicado de prensa.<\/span><\/p>\n<p style=\"text-align: justify\"><span data-contrast=\"none\">Offerman llev\u00f3 a los Tigres a una temporada en la que igualaron la marca de victorias para una campa\u00f1a de 50 partidos con los Toros del Este, escuadra que obtuvo 34 triunfos en la campa\u00f1a de 2019-20.<\/span><\/p>\n<p style=\"text-align: justify\"><span data-contrast=\"none\">Licey gan\u00f3 la vuelta regular del torneo dedicado a la memoria del comunicador don Tom\u00e1s Troncoso Cuesta al cerrar con una foja de 34-16, a dos encuentros por arriba de las \u00c1guilas.<\/span><\/p>\n<p style=\"text-align: justify\"><span data-contrast=\"none\">Offerman recibir\u00e1 un premio en met\u00e1lico que concede LIDOM por haber ganado la distinci\u00f3n, una que le hab\u00eda sido esquiva durante sus anteriores presentaciones como estratega. El ex-pelotero afronta su sexta oportunidad con el Licey, franquicia con la que ha sido campe\u00f3n en dos ocasiones.<\/span><\/p>\n<p style=\"text-align: justify\"><span data-contrast=\"none\">El piloto lice\u00edsta se uni\u00f3 al novato de las Estrellas Orientales, Rainer N\u00fa\u00f1ez, como los miembros de LIDOM que han sido galardonados por sus destacadas actuaciones en la vuelta regular del certamen que disputa la Copa Banreservas.<\/span><\/p>\n<p style=\"text-align: justify\"><span data-contrast=\"none\">Este mi\u00e9rcoles al mediod\u00eda la liga anunciar\u00e1 a los recipientes de las distinciones de Gerente y Caballero del A\u00f1o.<\/span><\/p>\n<p style=\"text-align: justify\"><span data-contrast=\"none\">Esta \u00faltima estatuilla se entregar\u00e1 al pelotero que mejor enarbole los principios de caballerosidad, compa\u00f1erismo, respeto al juego y al rival. Los propios jugadores votaron para esta distinci\u00f3n.<\/span><\/p>\n<p style=\"text-align: justify\"><strong>Fuente: Prensa LIDOM<\/strong><\/p>\n","protected":false},"excerpt":{"rendered":"<p>SANTO DOMINGO &#8211; Jos\u00e9 Antonio Offerman Dono, el estratega de los Tigres del Licey, fue seleccionado este martes como M\u00e1nager del A\u00f1o correspondiente al campeonato 2022-23 en la premiaci\u00f3n oficial de la Liga de&#46;&#46;&#46;<\/p>\n","protected":false},"author":89,"featured_media":16827,"comment_status":"open","ping_status":"open","sticky":false,"template":"","format":"standard","meta":{"_acf_changed":false,"rop_custom_images_group":[],"rop_custom_messages_group":[],"rop_publish_now":"initial","rop_publish_now_accounts":[],"rop_publish_now_history":[],"rop_publish_now_status":"pending","footnotes":""},"categories":[1726,16],"tags":[119,574,120,122,296],"class_list":["post-21296","post","type-post","status-publish","format-standard","has-post-thumbnail","hentry","category-beisbol","category-deportes","tag-beisbol-dominicano","tag-jose-offerman","tag-lidom","tag-liga-dominicana-de-beisbol-profesional","tag-tigres-del-licey"],"acf":[],"yoast_head":"<!-- This site is optimized with the Yoast SEO Premium plugin v24.9 (Yoast SEO v27.2) - https:\/\/yoast.com\/product\/yoast-seo-premium-wordpress\/ -->\n<title>Jos\u00e9 Offerman es el Dirigente del A\u00f1o en el torneo 2022-23 de LIDOM - Rep. Dominicana | Noti-America.com<\/title>\n<meta name=\"robots\" content=\"index, follow, max-snippet:-1, max-image-preview:large, max-video-preview:-1\" \/>\n<link rel=\"canonical\" href=\"https:\/\/noti-america.com\/site\/repdom\/2022\/12\/27\/jose-offerman-es-el-dirigente-del-ano-en-el-torneo-2022-23-de-lidom\/\" \/>\n<meta property=\"og:locale\" content=\"es_ES\" \/>\n<meta property=\"og:type\" content=\"article\" \/>\n<meta property=\"og:title\" content=\"Jos\u00e9 Offerman es el Dirigente del A\u00f1o en el torneo 2022-23 de LIDOM\" \/>\n<meta property=\"og:description\" content=\"SANTO DOMINGO &#8211; Jos\u00e9 Antonio Offerman Dono, el estratega de los Tigres del Licey, fue seleccionado este martes como M\u00e1nager del A\u00f1o correspondiente al campeonato 2022-23 en la premiaci\u00f3n oficial de la Liga de&#046;&#046;&#046;\" \/>\n<meta property=\"og:url\" content=\"https:\/\/noti-america.com\/site\/repdom\/2022\/12\/27\/jose-offerman-es-el-dirigente-del-ano-en-el-torneo-2022-23-de-lidom\/\" \/>\n<meta property=\"og:site_name\" content=\"Rep. Dominicana | Noti-America.com\" \/>\n<meta property=\"article:published_time\" content=\"2022-12-27T17:51:56+00:00\" \/>\n<meta property=\"og:image\" content=\"https:\/\/noti-america.com\/site\/repdom\/wp-content\/uploads\/sites\/6\/2022\/03\/Jose-Offerman.jpg\" \/>\n\t<meta property=\"og:image:width\" content=\"1080\" \/>\n\t<meta property=\"og:image:height\" content=\"720\" \/>\n\t<meta property=\"og:image:type\" content=\"image\/jpeg\" \/>\n<meta name=\"author\" content=\"Ad\u00e1n Soriano\" \/>\n<meta name=\"twitter:card\" content=\"summary_large_image\" \/>\n<meta name=\"twitter:creator\" content=\"@adansoriano\" \/>\n<meta name=\"twitter:label1\" content=\"Escrito por\" \/>\n\t<meta name=\"twitter:data1\" content=\"Ad\u00e1n Soriano\" \/>\n\t<meta name=\"twitter:label2\" content=\"Tiempo estimado de lectura\" \/>\n\t<meta name=\"twitter:data2\" content=\"2 minutos\" \/>\n<script type=\"application\/ld+json\" class=\"yoast-schema-graph\">{\"@context\":\"https:\/\/schema.org\",\"@graph\":[{\"@type\":\"Article\",\"@id\":\"https:\/\/noti-america.com\/site\/repdom\/2022\/12\/27\/jose-offerman-es-el-dirigente-del-ano-en-el-torneo-2022-23-de-lidom\/#article\",\"isPartOf\":{\"@id\":\"https:\/\/noti-america.com\/site\/repdom\/2022\/12\/27\/jose-offerman-es-el-dirigente-del-ano-en-el-torneo-2022-23-de-lidom\/\"},\"author\":{\"name\":\"Ad\u00e1n Soriano\",\"@id\":\"https:\/\/noti-america.com\/site\/repdom\/#\/schema\/person\/fd0092c1530d275fabaa5cffcbc2b976\"},\"headline\":\"Jos\u00e9 Offerman es el Dirigente del A\u00f1o en el torneo 2022-23 de LIDOM\",\"datePublished\":\"2022-12-27T17:51:56+00:00\",\"mainEntityOfPage\":{\"@id\":\"https:\/\/noti-america.com\/site\/repdom\/2022\/12\/27\/jose-offerman-es-el-dirigente-del-ano-en-el-torneo-2022-23-de-lidom\/\"},\"wordCount\":315,\"commentCount\":0,\"publisher\":{\"@id\":\"https:\/\/noti-america.com\/site\/repdom\/#organization\"},\"image\":{\"@id\":\"https:\/\/noti-america.com\/site\/repdom\/2022\/12\/27\/jose-offerman-es-el-dirigente-del-ano-en-el-torneo-2022-23-de-lidom\/#primaryimage\"},\"thumbnailUrl\":\"https:\/\/noti-america.com\/site\/repdom\/wp-content\/uploads\/sites\/6\/2022\/03\/Jose-Offerman.jpg\",\"keywords\":[\"B\u00e9isbol Dominicano\",\"Jos\u00e9 Offerman\",\"LIDOM\",\"Liga Dominicana de B\u00e9isbol Profesional\",\"Tigres del Licey\"],\"articleSection\":[\"Beisbol\",\"Deportes\"],\"inLanguage\":\"es\",\"potentialAction\":[{\"@type\":\"CommentAction\",\"name\":\"Comment\",\"target\":[\"https:\/\/noti-america.com\/site\/repdom\/2022\/12\/27\/jose-offerman-es-el-dirigente-del-ano-en-el-torneo-2022-23-de-lidom\/#respond\"]}]},{\"@type\":\"WebPage\",\"@id\":\"https:\/\/noti-america.com\/site\/repdom\/2022\/12\/27\/jose-offerman-es-el-dirigente-del-ano-en-el-torneo-2022-23-de-lidom\/\",\"url\":\"https:\/\/noti-america.com\/site\/repdom\/2022\/12\/27\/jose-offerman-es-el-dirigente-del-ano-en-el-torneo-2022-23-de-lidom\/\",\"name\":\"Jos\u00e9 Offerman es el Dirigente del A\u00f1o en el torneo 2022-23 de LIDOM - Rep. Dominicana | Noti-America.com\",\"isPartOf\":{\"@id\":\"https:\/\/noti-america.com\/site\/repdom\/#website\"},\"primaryImageOfPage\":{\"@id\":\"https:\/\/noti-america.com\/site\/repdom\/2022\/12\/27\/jose-offerman-es-el-dirigente-del-ano-en-el-torneo-2022-23-de-lidom\/#primaryimage\"},\"image\":{\"@id\":\"https:\/\/noti-america.com\/site\/repdom\/2022\/12\/27\/jose-offerman-es-el-dirigente-del-ano-en-el-torneo-2022-23-de-lidom\/#primaryimage\"},\"thumbnailUrl\":\"https:\/\/noti-america.com\/site\/repdom\/wp-content\/uploads\/sites\/6\/2022\/03\/Jose-Offerman.jpg\",\"datePublished\":\"2022-12-27T17:51:56+00:00\",\"breadcrumb\":{\"@id\":\"https:\/\/noti-america.com\/site\/repdom\/2022\/12\/27\/jose-offerman-es-el-dirigente-del-ano-en-el-torneo-2022-23-de-lidom\/#breadcrumb\"},\"inLanguage\":\"es\",\"potentialAction\":[{\"@type\":\"ReadAction\",\"target\":[\"https:\/\/noti-america.com\/site\/repdom\/2022\/12\/27\/jose-offerman-es-el-dirigente-del-ano-en-el-torneo-2022-23-de-lidom\/\"]}]},{\"@type\":\"ImageObject\",\"inLanguage\":\"es\",\"@id\":\"https:\/\/noti-america.com\/site\/repdom\/2022\/12\/27\/jose-offerman-es-el-dirigente-del-ano-en-el-torneo-2022-23-de-lidom\/#primaryimage\",\"url\":\"https:\/\/noti-america.com\/site\/repdom\/wp-content\/uploads\/sites\/6\/2022\/03\/Jose-Offerman.jpg\",\"contentUrl\":\"https:\/\/noti-america.com\/site\/repdom\/wp-content\/uploads\/sites\/6\/2022\/03\/Jose-Offerman.jpg\",\"width\":1080,\"height\":720},{\"@type\":\"BreadcrumbList\",\"@id\":\"https:\/\/noti-america.com\/site\/repdom\/2022\/12\/27\/jose-offerman-es-el-dirigente-del-ano-en-el-torneo-2022-23-de-lidom\/#breadcrumb\",\"itemListElement\":[{\"@type\":\"ListItem\",\"position\":1,\"name\":\"Portada\",\"item\":\"https:\/\/noti-america.com\/site\/repdom\/\"},{\"@type\":\"ListItem\",\"position\":2,\"name\":\"Jos\u00e9 Offerman es el Dirigente del A\u00f1o en el torneo 2022-23 de LIDOM\"}]},{\"@type\":\"WebSite\",\"@id\":\"https:\/\/noti-america.com\/site\/repdom\/#website\",\"url\":\"https:\/\/noti-america.com\/site\/repdom\/\",\"name\":\"Rep. Dominicana | Noti-America.com\",\"description\":\"\",\"publisher\":{\"@id\":\"https:\/\/noti-america.com\/site\/repdom\/#organization\"},\"potentialAction\":[{\"@type\":\"SearchAction\",\"target\":{\"@type\":\"EntryPoint\",\"urlTemplate\":\"https:\/\/noti-america.com\/site\/repdom\/?s={search_term_string}\"},\"query-input\":{\"@type\":\"PropertyValueSpecification\",\"valueRequired\":true,\"valueName\":\"search_term_string\"}}],\"inLanguage\":\"es\"},{\"@type\":\"Organization\",\"@id\":\"https:\/\/noti-america.com\/site\/repdom\/#organization\",\"name\":\"Noti-America LLC | Rep\u00fablica Dominicana\",\"url\":\"https:\/\/noti-america.com\/site\/repdom\/\",\"logo\":{\"@type\":\"ImageObject\",\"inLanguage\":\"es\",\"@id\":\"https:\/\/noti-america.com\/site\/repdom\/#\/schema\/logo\/image\/\",\"url\":\"https:\/\/noti-america.com\/site\/repdom\/wp-content\/uploads\/sites\/6\/2020\/07\/LogoNA-4x3-1.jpg\",\"contentUrl\":\"https:\/\/noti-america.com\/site\/repdom\/wp-content\/uploads\/sites\/6\/2020\/07\/LogoNA-4x3-1.jpg\",\"width\":1236,\"height\":1080,\"caption\":\"Noti-America LLC | Rep\u00fablica Dominicana\"},\"image\":{\"@id\":\"https:\/\/noti-america.com\/site\/repdom\/#\/schema\/logo\/image\/\"}},{\"@type\":\"Person\",\"@id\":\"https:\/\/noti-america.com\/site\/repdom\/#\/schema\/person\/fd0092c1530d275fabaa5cffcbc2b976\",\"name\":\"Ad\u00e1n Soriano\",\"image\":{\"@type\":\"ImageObject\",\"inLanguage\":\"es\",\"@id\":\"https:\/\/secure.gravatar.com\/avatar\/ecf97ff3aee7ff9efdae670d7e976f3e7e8acc1077e510d73707999a8bfd4467?s=96&d=mm&r=g\",\"url\":\"https:\/\/secure.gravatar.com\/avatar\/ecf97ff3aee7ff9efdae670d7e976f3e7e8acc1077e510d73707999a8bfd4467?s=96&d=mm&r=g\",\"contentUrl\":\"https:\/\/secure.gravatar.com\/avatar\/ecf97ff3aee7ff9efdae670d7e976f3e7e8acc1077e510d73707999a8bfd4467?s=96&d=mm&r=g\",\"caption\":\"Ad\u00e1n Soriano\"},\"description\":\"Soy cronista deportivo con 10 a\u00f1os de experiencia en varios espacios, y conduzco el podcast deportivo llamado Mezcla Deportiva\",\"sameAs\":[\"https:\/\/x.com\/adansoriano\"],\"url\":\"https:\/\/noti-america.com\/site\/repdom\/author\/asoriano\/\"}]}<\/script>\n<!-- \/ Yoast SEO Premium plugin. -->","yoast_head_json":{"title":"Jos\u00e9 Offerman es el Dirigente del A\u00f1o en el torneo 2022-23 de LIDOM - Rep. Dominicana | Noti-America.com","robots":{"index":"index","follow":"follow","max-snippet":"max-snippet:-1","max-image-preview":"max-image-preview:large","max-video-preview":"max-video-preview:-1"},"canonical":"https:\/\/noti-america.com\/site\/repdom\/2022\/12\/27\/jose-offerman-es-el-dirigente-del-ano-en-el-torneo-2022-23-de-lidom\/","og_locale":"es_ES","og_type":"article","og_title":"Jos\u00e9 Offerman es el Dirigente del A\u00f1o en el torneo 2022-23 de LIDOM","og_description":"SANTO DOMINGO &#8211; Jos\u00e9 Antonio Offerman Dono, el estratega de los Tigres del Licey, fue seleccionado este martes como M\u00e1nager del A\u00f1o correspondiente al campeonato 2022-23 en la premiaci\u00f3n oficial de la Liga de&#46;&#46;&#46;","og_url":"https:\/\/noti-america.com\/site\/repdom\/2022\/12\/27\/jose-offerman-es-el-dirigente-del-ano-en-el-torneo-2022-23-de-lidom\/","og_site_name":"Rep. Dominicana | Noti-America.com","article_published_time":"2022-12-27T17:51:56+00:00","og_image":[{"width":1080,"height":720,"url":"https:\/\/noti-america.com\/site\/repdom\/wp-content\/uploads\/sites\/6\/2022\/03\/Jose-Offerman.jpg","type":"image\/jpeg"}],"author":"Ad\u00e1n Soriano","twitter_card":"summary_large_image","twitter_creator":"@adansoriano","twitter_misc":{"Escrito por":"Ad\u00e1n Soriano","Tiempo estimado de lectura":"2 minutos"},"schema":{"@context":"https:\/\/schema.org","@graph":[{"@type":"Article","@id":"https:\/\/noti-america.com\/site\/repdom\/2022\/12\/27\/jose-offerman-es-el-dirigente-del-ano-en-el-torneo-2022-23-de-lidom\/#article","isPartOf":{"@id":"https:\/\/noti-america.com\/site\/repdom\/2022\/12\/27\/jose-offerman-es-el-dirigente-del-ano-en-el-torneo-2022-23-de-lidom\/"},"author":{"name":"Ad\u00e1n Soriano","@id":"https:\/\/noti-america.com\/site\/repdom\/#\/schema\/person\/fd0092c1530d275fabaa5cffcbc2b976"},"headline":"Jos\u00e9 Offerman es el Dirigente del A\u00f1o en el torneo 2022-23 de LIDOM","datePublished":"2022-12-27T17:51:56+00:00","mainEntityOfPage":{"@id":"https:\/\/noti-america.com\/site\/repdom\/2022\/12\/27\/jose-offerman-es-el-dirigente-del-ano-en-el-torneo-2022-23-de-lidom\/"},"wordCount":315,"commentCount":0,"publisher":{"@id":"https:\/\/noti-america.com\/site\/repdom\/#organization"},"image":{"@id":"https:\/\/noti-america.com\/site\/repdom\/2022\/12\/27\/jose-offerman-es-el-dirigente-del-ano-en-el-torneo-2022-23-de-lidom\/#primaryimage"},"thumbnailUrl":"https:\/\/noti-america.com\/site\/repdom\/wp-content\/uploads\/sites\/6\/2022\/03\/Jose-Offerman.jpg","keywords":["B\u00e9isbol Dominicano","Jos\u00e9 Offerman","LIDOM","Liga Dominicana de B\u00e9isbol Profesional","Tigres del Licey"],"articleSection":["Beisbol","Deportes"],"inLanguage":"es","potentialAction":[{"@type":"CommentAction","name":"Comment","target":["https:\/\/noti-america.com\/site\/repdom\/2022\/12\/27\/jose-offerman-es-el-dirigente-del-ano-en-el-torneo-2022-23-de-lidom\/#respond"]}]},{"@type":"WebPage","@id":"https:\/\/noti-america.com\/site\/repdom\/2022\/12\/27\/jose-offerman-es-el-dirigente-del-ano-en-el-torneo-2022-23-de-lidom\/","url":"https:\/\/noti-america.com\/site\/repdom\/2022\/12\/27\/jose-offerman-es-el-dirigente-del-ano-en-el-torneo-2022-23-de-lidom\/","name":"Jos\u00e9 Offerman es el Dirigente del A\u00f1o en el torneo 2022-23 de LIDOM - Rep. Dominicana | Noti-America.com","isPartOf":{"@id":"https:\/\/noti-america.com\/site\/repdom\/#website"},"primaryImageOfPage":{"@id":"https:\/\/noti-america.com\/site\/repdom\/2022\/12\/27\/jose-offerman-es-el-dirigente-del-ano-en-el-torneo-2022-23-de-lidom\/#primaryimage"},"image":{"@id":"https:\/\/noti-america.com\/site\/repdom\/2022\/12\/27\/jose-offerman-es-el-dirigente-del-ano-en-el-torneo-2022-23-de-lidom\/#primaryimage"},"thumbnailUrl":"https:\/\/noti-america.com\/site\/repdom\/wp-content\/uploads\/sites\/6\/2022\/03\/Jose-Offerman.jpg","datePublished":"2022-12-27T17:51:56+00:00","breadcrumb":{"@id":"https:\/\/noti-america.com\/site\/repdom\/2022\/12\/27\/jose-offerman-es-el-dirigente-del-ano-en-el-torneo-2022-23-de-lidom\/#breadcrumb"},"inLanguage":"es","potentialAction":[{"@type":"ReadAction","target":["https:\/\/noti-america.com\/site\/repdom\/2022\/12\/27\/jose-offerman-es-el-dirigente-del-ano-en-el-torneo-2022-23-de-lidom\/"]}]},{"@type":"ImageObject","inLanguage":"es","@id":"https:\/\/noti-america.com\/site\/repdom\/2022\/12\/27\/jose-offerman-es-el-dirigente-del-ano-en-el-torneo-2022-23-de-lidom\/#primaryimage","url":"https:\/\/noti-america.com\/site\/repdom\/wp-content\/uploads\/sites\/6\/2022\/03\/Jose-Offerman.jpg","contentUrl":"https:\/\/noti-america.com\/site\/repdom\/wp-content\/uploads\/sites\/6\/2022\/03\/Jose-Offerman.jpg","width":1080,"height":720},{"@type":"BreadcrumbList","@id":"https:\/\/noti-america.com\/site\/repdom\/2022\/12\/27\/jose-offerman-es-el-dirigente-del-ano-en-el-torneo-2022-23-de-lidom\/#breadcrumb","itemListElement":[{"@type":"ListItem","position":1,"name":"Portada","item":"https:\/\/noti-america.com\/site\/repdom\/"},{"@type":"ListItem","position":2,"name":"Jos\u00e9 Offerman es el Dirigente del A\u00f1o en el torneo 2022-23 de LIDOM"}]},{"@type":"WebSite","@id":"https:\/\/noti-america.com\/site\/repdom\/#website","url":"https:\/\/noti-america.com\/site\/repdom\/","name":"Rep. Dominicana | Noti-America.com","description":"","publisher":{"@id":"https:\/\/noti-america.com\/site\/repdom\/#organization"},"potentialAction":[{"@type":"SearchAction","target":{"@type":"EntryPoint","urlTemplate":"https:\/\/noti-america.com\/site\/repdom\/?s={search_term_string}"},"query-input":{"@type":"PropertyValueSpecification","valueRequired":true,"valueName":"search_term_string"}}],"inLanguage":"es"},{"@type":"Organization","@id":"https:\/\/noti-america.com\/site\/repdom\/#organization","name":"Noti-America LLC | Rep\u00fablica Dominicana","url":"https:\/\/noti-america.com\/site\/repdom\/","logo":{"@type":"ImageObject","inLanguage":"es","@id":"https:\/\/noti-america.com\/site\/repdom\/#\/schema\/logo\/image\/","url":"https:\/\/noti-america.com\/site\/repdom\/wp-content\/uploads\/sites\/6\/2020\/07\/LogoNA-4x3-1.jpg","contentUrl":"https:\/\/noti-america.com\/site\/repdom\/wp-content\/uploads\/sites\/6\/2020\/07\/LogoNA-4x3-1.jpg","width":1236,"height":1080,"caption":"Noti-America LLC | Rep\u00fablica Dominicana"},"image":{"@id":"https:\/\/noti-america.com\/site\/repdom\/#\/schema\/logo\/image\/"}},{"@type":"Person","@id":"https:\/\/noti-america.com\/site\/repdom\/#\/schema\/person\/fd0092c1530d275fabaa5cffcbc2b976","name":"Ad\u00e1n Soriano","image":{"@type":"ImageObject","inLanguage":"es","@id":"https:\/\/secure.gravatar.com\/avatar\/ecf97ff3aee7ff9efdae670d7e976f3e7e8acc1077e510d73707999a8bfd4467?s=96&d=mm&r=g","url":"https:\/\/secure.gravatar.com\/avatar\/ecf97ff3aee7ff9efdae670d7e976f3e7e8acc1077e510d73707999a8bfd4467?s=96&d=mm&r=g","contentUrl":"https:\/\/secure.gravatar.com\/avatar\/ecf97ff3aee7ff9efdae670d7e976f3e7e8acc1077e510d73707999a8bfd4467?s=96&d=mm&r=g","caption":"Ad\u00e1n Soriano"},"description":"Soy cronista deportivo con 10 a\u00f1os de experiencia en varios espacios, y conduzco el podcast deportivo llamado Mezcla Deportiva","sameAs":["https:\/\/x.com\/adansoriano"],"url":"https:\/\/noti-america.com\/site\/repdom\/author\/asoriano\/"}]}},"_links":{"self":[{"href":"https:\/\/noti-america.com\/site\/repdom\/wp-json\/wp\/v2\/posts\/21296","targetHints":{"allow":["GET"]}}],"collection":[{"href":"https:\/\/noti-america.com\/site\/repdom\/wp-json\/wp\/v2\/posts"}],"about":[{"href":"https:\/\/noti-america.com\/site\/repdom\/wp-json\/wp\/v2\/types\/post"}],"author":[{"embeddable":true,"href":"https:\/\/noti-america.com\/site\/repdom\/wp-json\/wp\/v2\/users\/89"}],"replies":[{"embeddable":true,"href":"https:\/\/noti-america.com\/site\/repdom\/wp-json\/wp\/v2\/comments?post=21296"}],"version-history":[{"count":1,"href":"https:\/\/noti-america.com\/site\/repdom\/wp-json\/wp\/v2\/posts\/21296\/revisions"}],"predecessor-version":[{"id":21297,"href":"https:\/\/noti-america.com\/site\/repdom\/wp-json\/wp\/v2\/posts\/21296\/revisions\/21297"}],"wp:featuredmedia":[{"embeddable":true,"href":"https:\/\/noti-america.com\/site\/repdom\/wp-json\/wp\/v2\/media\/16827"}],"wp:attachment":[{"href":"https:\/\/noti-america.com\/site\/repdom\/wp-json\/wp\/v2\/media?parent=21296"}],"wp:term":[{"taxonomy":"category","embeddable":true,"href":"https:\/\/noti-america.com\/site\/repdom\/wp-json\/wp\/v2\/categories?post=21296"},{"taxonomy":"post_tag","embeddable":true,"href":"https:\/\/noti-america.com\/site\/repdom\/wp-json\/wp\/v2\/tags?post=21296"}],"curies":[{"name":"wp","href":"https:\/\/api.w.org\/{rel}","templated":true}]}}