{"id":20719,"date":"2022-11-17T20:19:57","date_gmt":"2022-11-17T20:19:57","guid":{"rendered":"https:\/\/noti-america.com\/site\/repdom\/2022\/11\/17\/que-es-la-nomofobia-el-trastorno-que-cada-vez-mas-personas-padecen-2\/"},"modified":"2022-11-17T20:19:57","modified_gmt":"2022-11-17T20:19:57","slug":"que-es-la-nomofobia-el-trastorno-que-cada-vez-mas-personas-padecen-2","status":"publish","type":"post","link":"https:\/\/noti-america.com\/site\/repdom\/2022\/11\/17\/que-es-la-nomofobia-el-trastorno-que-cada-vez-mas-personas-padecen-2\/","title":{"rendered":"\u00abQu\u00e9 es la nomofobia: el trastorno que cada vez m\u00e1s personas padecen\u00bb"},"content":{"rendered":"<p style=\"text-align: justify\"><strong>NOTIAMERICA &#8211; REPUBLICA DOMINICANA\u00a0<\/strong><\/p>\n<p style=\"text-align: justify\"><strong>ESPA\u00d1A_ <\/strong>El 81% de los j\u00f3venes espa\u00f1oles sufren de ella. Esta adicci\u00f3n nos hace estar todo el rato conectados con el mundo de manera virtual.<\/p>\n<p style=\"text-align: justify\">All\u00e1 donde mires, veras un smartphone. Esto se ha convertido en una realidad en casi cualquier lugar del mundo debido a todos los usos que se le pueden dar, sin embargo, \u00bfqu\u00e9 ocurre cuando no llevamos nuestro tel\u00e9fono encima? A algunos les puede dar igual, mientras que a otros esta situaci\u00f3n les produce ansiedad, miedo y malestar entre otras cosas.<\/p>\n<p style=\"text-align: justify\">Esta sensaci\u00f3n de que\u00a0<b>nos falta algo vital cuando no tenemos o no nos funciona el m\u00f3vil es denominada como nomofobia,<\/b>\u00a0un trastorno que cada vez m\u00e1s personas, sobre todo los j\u00f3venes sufren.<\/p>\n<p style=\"text-align: justify\">Este t\u00e9rmino fue acu\u00f1ado despu\u00e9s de una encuesta realizada por la Oficina de Correo de Espa\u00f1a para evaluar el grado de ansiedad que sufr\u00edan las personas cuando no ten\u00edan sus smartphones activos porque se lo han dejado en casa, no tienen bater\u00eda o cobertura, o porque se les ha estropeado o robado.<\/p>\n<p style=\"text-align: justify\">A pesar de que la nomofobia no est\u00e1 considera como un trastorno de manera oficial, tiene todos los elementos que indican que es una. Esto es porque\u00a0<b>se genera a partir de una adicci\u00f3n a los dispositivos m\u00f3viles y la necesidad de estar en constante contacto con el mundo<\/b>\u00a0(ya sea por WhatsApp u otras redes sociales).<\/p>\n<h2 style=\"text-align: justify\">\u00abRasgos para reconocerlo\u00bb<\/h2>\n<p style=\"text-align: justify\">El problema es que la nomofobia est\u00e1 mucho m\u00e1s extendida de lo que nosotros pensamos, ya que patrones como\u00a0<b>mirar constantemente el m\u00f3vil\u00a0<\/b>para ver si tenemos notificaciones,\u00a0<b>perder horas de sue\u00f1o<\/b>\u00a0por navegar en redes sociales, no ir a sitios donde\u00a0<b>no hay cobertura\u00a0<\/b>o\u00a0<b>siempre estar buscando un enchufe\u00a0<\/b>para no quedarse sin bater\u00eda, son algunas de las se\u00f1ales de las que se padece este trastorno.<\/p>\n<p style=\"text-align: justify\">Es m\u00e1s que normal que te veas reflejado en estas actitudes, ya que\u00a0<b>vivir pegado a un smartphone se ha convertido en algo que todos hacemos<\/b>\u00a0y el primer paso (y el m\u00e1s importante) es darse cuenta del apego y comenzar a tratarlo.<\/p>\n<p style=\"text-align: justify\">Pero sin duda quienes m\u00e1s a sufrir este problema son las nuevas generaciones, que ya reconocen que los smartphones son algo fundamental en sus vidas. Un estudio realizado por OnePlus, desvel\u00f3 que el\u00a0<b>81% de los j\u00f3venes espa\u00f1oles (entre 18 y 35 a\u00f1os) padecen de nomofobia<\/b>, al igual que el\u00a0<b>89% de los j\u00f3venes espa\u00f1oles<\/b>\u00a0reconoci\u00f3 que necesitaba tener siempre cerca su m\u00f3vil.<\/p>\n<p style=\"text-align: justify\">En la encuesta, los j\u00f3venes espa\u00f1oles incluso llegaron a decir que\u00a0<b>prefer\u00edan renunciar a quedarse sin bebidas alcoh\u00f3licas (43%), patatas fritas (33%) o chocolate (23%) antes que quedarse sin su m\u00f3vil<\/b>. No podemos dejar que un dispositivo marque si estamos bien o mal, es necesario afrontar este creciente problema de adicci\u00f3n a los tel\u00e9fonos m\u00f3viles y todo lo que los rodea.<\/p>\n<p style=\"text-align: justify\">Fuente: eleconomista.es<\/p>\n<p style=\"text-align: justify\">Facebook\u00a0 \u00a0Cerso Felipe Castillo Carri\u00f3n<\/p>\n<blockquote>\n<p style=\"text-align: justify\">Instagram\u00a0 \u00a0@cersocastillo<\/p>\n<\/blockquote>\n","protected":false},"excerpt":{"rendered":"<p>NOTIAMERICA &#8211; REPUBLICA DOMINICANA\u00a0 ESPA\u00d1A_ El 81% de los j\u00f3venes espa\u00f1oles sufren de ella. Esta adicci\u00f3n nos hace estar todo el rato conectados con el mundo de manera virtual. All\u00e1 donde mires, veras un&#46;&#46;&#46;<\/p>\n","protected":false},"author":90,"featured_media":20720,"comment_status":"open","ping_status":"open","sticky":false,"template":"","format":"image","meta":{"_acf_changed":false,"rop_custom_images_group":[],"rop_custom_messages_group":[],"rop_publish_now":"initial","rop_publish_now_accounts":[],"rop_publish_now_history":[],"rop_publish_now_status":"pending","footnotes":""},"categories":[4],"tags":[],"class_list":["post-20719","post","type-post","status-publish","format-image","has-post-thumbnail","hentry","category-internacionales","post_format-post-format-image"],"acf":[],"yoast_head":"<!-- This site is optimized with the Yoast SEO Premium plugin v24.9 (Yoast SEO v27.2) - https:\/\/yoast.com\/product\/yoast-seo-premium-wordpress\/ -->\n<title>\u00abQu\u00e9 es la nomofobia: el trastorno que cada vez m\u00e1s personas padecen\u00bb - Rep. Dominicana | Noti-America.com<\/title>\n<meta name=\"robots\" content=\"index, follow, max-snippet:-1, max-image-preview:large, max-video-preview:-1\" \/>\n<link rel=\"canonical\" href=\"https:\/\/noti-america.com\/site\/repdom\/2022\/11\/17\/que-es-la-nomofobia-el-trastorno-que-cada-vez-mas-personas-padecen-2\/\" \/>\n<meta property=\"og:locale\" content=\"es_ES\" \/>\n<meta property=\"og:type\" content=\"article\" \/>\n<meta property=\"og:title\" content=\"\u00abQu\u00e9 es la nomofobia: el trastorno que cada vez m\u00e1s personas padecen\u00bb\" \/>\n<meta property=\"og:description\" content=\"NOTIAMERICA &#8211; REPUBLICA DOMINICANA\u00a0 ESPA\u00d1A_ El 81% de los j\u00f3venes espa\u00f1oles sufren de ella. Esta adicci\u00f3n nos hace estar todo el rato conectados con el mundo de manera virtual. All\u00e1 donde mires, veras un&#046;&#046;&#046;\" \/>\n<meta property=\"og:url\" content=\"https:\/\/noti-america.com\/site\/repdom\/2022\/11\/17\/que-es-la-nomofobia-el-trastorno-que-cada-vez-mas-personas-padecen-2\/\" \/>\n<meta property=\"og:site_name\" content=\"Rep. Dominicana | Noti-America.com\" \/>\n<meta property=\"article:published_time\" content=\"2022-11-17T20:19:57+00:00\" \/>\n<meta property=\"og:image\" content=\"https:\/\/noti-america.com\/site\/repdom\/wp-content\/uploads\/sites\/6\/2022\/11\/Nomofobia.png\" \/>\n\t<meta property=\"og:image:width\" content=\"960\" \/>\n\t<meta property=\"og:image:height\" content=\"720\" \/>\n\t<meta property=\"og:image:type\" content=\"image\/png\" \/>\n<meta name=\"author\" content=\"Cerso Castillo\" \/>\n<meta name=\"twitter:card\" content=\"summary_large_image\" \/>\n<meta name=\"twitter:label1\" content=\"Escrito por\" \/>\n\t<meta name=\"twitter:data1\" content=\"Cerso Castillo\" \/>\n\t<meta name=\"twitter:label2\" content=\"Tiempo estimado de lectura\" \/>\n\t<meta name=\"twitter:data2\" content=\"3 minutos\" \/>\n<script type=\"application\/ld+json\" class=\"yoast-schema-graph\">{\"@context\":\"https:\/\/schema.org\",\"@graph\":[{\"@type\":\"Article\",\"@id\":\"https:\/\/noti-america.com\/site\/repdom\/2022\/11\/17\/que-es-la-nomofobia-el-trastorno-que-cada-vez-mas-personas-padecen-2\/#article\",\"isPartOf\":{\"@id\":\"https:\/\/noti-america.com\/site\/repdom\/2022\/11\/17\/que-es-la-nomofobia-el-trastorno-que-cada-vez-mas-personas-padecen-2\/\"},\"author\":{\"name\":\"Cerso Castillo\",\"@id\":\"https:\/\/noti-america.com\/site\/repdom\/#\/schema\/person\/408e10184d87f571c50942f1d952011d\"},\"headline\":\"\u00abQu\u00e9 es la nomofobia: el trastorno que cada vez m\u00e1s personas padecen\u00bb\",\"datePublished\":\"2022-11-17T20:19:57+00:00\",\"mainEntityOfPage\":{\"@id\":\"https:\/\/noti-america.com\/site\/repdom\/2022\/11\/17\/que-es-la-nomofobia-el-trastorno-que-cada-vez-mas-personas-padecen-2\/\"},\"wordCount\":526,\"commentCount\":0,\"publisher\":{\"@id\":\"https:\/\/noti-america.com\/site\/repdom\/#organization\"},\"image\":{\"@id\":\"https:\/\/noti-america.com\/site\/repdom\/2022\/11\/17\/que-es-la-nomofobia-el-trastorno-que-cada-vez-mas-personas-padecen-2\/#primaryimage\"},\"thumbnailUrl\":\"https:\/\/noti-america.com\/site\/repdom\/wp-content\/uploads\/sites\/6\/2022\/11\/Nomofobia.png\",\"articleSection\":[\"Internacionales\"],\"inLanguage\":\"es\",\"potentialAction\":[{\"@type\":\"CommentAction\",\"name\":\"Comment\",\"target\":[\"https:\/\/noti-america.com\/site\/repdom\/2022\/11\/17\/que-es-la-nomofobia-el-trastorno-que-cada-vez-mas-personas-padecen-2\/#respond\"]}]},{\"@type\":\"WebPage\",\"@id\":\"https:\/\/noti-america.com\/site\/repdom\/2022\/11\/17\/que-es-la-nomofobia-el-trastorno-que-cada-vez-mas-personas-padecen-2\/\",\"url\":\"https:\/\/noti-america.com\/site\/repdom\/2022\/11\/17\/que-es-la-nomofobia-el-trastorno-que-cada-vez-mas-personas-padecen-2\/\",\"name\":\"\u00abQu\u00e9 es la nomofobia: el trastorno que cada vez m\u00e1s personas padecen\u00bb - Rep. Dominicana | Noti-America.com\",\"isPartOf\":{\"@id\":\"https:\/\/noti-america.com\/site\/repdom\/#website\"},\"primaryImageOfPage\":{\"@id\":\"https:\/\/noti-america.com\/site\/repdom\/2022\/11\/17\/que-es-la-nomofobia-el-trastorno-que-cada-vez-mas-personas-padecen-2\/#primaryimage\"},\"image\":{\"@id\":\"https:\/\/noti-america.com\/site\/repdom\/2022\/11\/17\/que-es-la-nomofobia-el-trastorno-que-cada-vez-mas-personas-padecen-2\/#primaryimage\"},\"thumbnailUrl\":\"https:\/\/noti-america.com\/site\/repdom\/wp-content\/uploads\/sites\/6\/2022\/11\/Nomofobia.png\",\"datePublished\":\"2022-11-17T20:19:57+00:00\",\"breadcrumb\":{\"@id\":\"https:\/\/noti-america.com\/site\/repdom\/2022\/11\/17\/que-es-la-nomofobia-el-trastorno-que-cada-vez-mas-personas-padecen-2\/#breadcrumb\"},\"inLanguage\":\"es\",\"potentialAction\":[{\"@type\":\"ReadAction\",\"target\":[\"https:\/\/noti-america.com\/site\/repdom\/2022\/11\/17\/que-es-la-nomofobia-el-trastorno-que-cada-vez-mas-personas-padecen-2\/\"]}]},{\"@type\":\"ImageObject\",\"inLanguage\":\"es\",\"@id\":\"https:\/\/noti-america.com\/site\/repdom\/2022\/11\/17\/que-es-la-nomofobia-el-trastorno-que-cada-vez-mas-personas-padecen-2\/#primaryimage\",\"url\":\"https:\/\/noti-america.com\/site\/repdom\/wp-content\/uploads\/sites\/6\/2022\/11\/Nomofobia.png\",\"contentUrl\":\"https:\/\/noti-america.com\/site\/repdom\/wp-content\/uploads\/sites\/6\/2022\/11\/Nomofobia.png\",\"width\":960,\"height\":720},{\"@type\":\"BreadcrumbList\",\"@id\":\"https:\/\/noti-america.com\/site\/repdom\/2022\/11\/17\/que-es-la-nomofobia-el-trastorno-que-cada-vez-mas-personas-padecen-2\/#breadcrumb\",\"itemListElement\":[{\"@type\":\"ListItem\",\"position\":1,\"name\":\"Portada\",\"item\":\"https:\/\/noti-america.com\/site\/repdom\/\"},{\"@type\":\"ListItem\",\"position\":2,\"name\":\"\u00abQu\u00e9 es la nomofobia: el trastorno que cada vez m\u00e1s personas padecen\u00bb\"}]},{\"@type\":\"WebSite\",\"@id\":\"https:\/\/noti-america.com\/site\/repdom\/#website\",\"url\":\"https:\/\/noti-america.com\/site\/repdom\/\",\"name\":\"Rep. Dominicana | Noti-America.com\",\"description\":\"\",\"publisher\":{\"@id\":\"https:\/\/noti-america.com\/site\/repdom\/#organization\"},\"potentialAction\":[{\"@type\":\"SearchAction\",\"target\":{\"@type\":\"EntryPoint\",\"urlTemplate\":\"https:\/\/noti-america.com\/site\/repdom\/?s={search_term_string}\"},\"query-input\":{\"@type\":\"PropertyValueSpecification\",\"valueRequired\":true,\"valueName\":\"search_term_string\"}}],\"inLanguage\":\"es\"},{\"@type\":\"Organization\",\"@id\":\"https:\/\/noti-america.com\/site\/repdom\/#organization\",\"name\":\"Noti-America LLC | Rep\u00fablica Dominicana\",\"url\":\"https:\/\/noti-america.com\/site\/repdom\/\",\"logo\":{\"@type\":\"ImageObject\",\"inLanguage\":\"es\",\"@id\":\"https:\/\/noti-america.com\/site\/repdom\/#\/schema\/logo\/image\/\",\"url\":\"https:\/\/noti-america.com\/site\/repdom\/wp-content\/uploads\/sites\/6\/2020\/07\/LogoNA-4x3-1.jpg\",\"contentUrl\":\"https:\/\/noti-america.com\/site\/repdom\/wp-content\/uploads\/sites\/6\/2020\/07\/LogoNA-4x3-1.jpg\",\"width\":1236,\"height\":1080,\"caption\":\"Noti-America LLC | Rep\u00fablica Dominicana\"},\"image\":{\"@id\":\"https:\/\/noti-america.com\/site\/repdom\/#\/schema\/logo\/image\/\"}},{\"@type\":\"Person\",\"@id\":\"https:\/\/noti-america.com\/site\/repdom\/#\/schema\/person\/408e10184d87f571c50942f1d952011d\",\"name\":\"Cerso Castillo\",\"image\":{\"@type\":\"ImageObject\",\"inLanguage\":\"es\",\"@id\":\"https:\/\/secure.gravatar.com\/avatar\/cdbd3acf34ce68a34b34df99954821070986715ab3e264b63c5395bd1ddd529d?s=96&d=mm&r=g\",\"url\":\"https:\/\/secure.gravatar.com\/avatar\/cdbd3acf34ce68a34b34df99954821070986715ab3e264b63c5395bd1ddd529d?s=96&d=mm&r=g\",\"contentUrl\":\"https:\/\/secure.gravatar.com\/avatar\/cdbd3acf34ce68a34b34df99954821070986715ab3e264b63c5395bd1ddd529d?s=96&d=mm&r=g\",\"caption\":\"Cerso Castillo\"},\"description\":\"Comunicador &amp; Periodista, Locutor, Maestro de Ceremonias, Animador, Orador, Dominio Escenico, Productor de Tv &amp; Radio, Lider Consejero de Camp., Mentor Honorifico, Coach Comunicacional, Manejo de Paq. De Office, Dominio del Portugues, manejo del Ingles Intermedio &amp; Productor General del Programa Digital Conexi\u00f3n Sin Limites RD.\",\"sameAs\":[\"https:\/\/www.facebook.com\/conexionsinlimitesrd\/\"],\"url\":\"https:\/\/noti-america.com\/site\/repdom\/author\/ccastillo\/\"}]}<\/script>\n<!-- \/ Yoast SEO Premium plugin. -->","yoast_head_json":{"title":"\u00abQu\u00e9 es la nomofobia: el trastorno que cada vez m\u00e1s personas padecen\u00bb - Rep. Dominicana | Noti-America.com","robots":{"index":"index","follow":"follow","max-snippet":"max-snippet:-1","max-image-preview":"max-image-preview:large","max-video-preview":"max-video-preview:-1"},"canonical":"https:\/\/noti-america.com\/site\/repdom\/2022\/11\/17\/que-es-la-nomofobia-el-trastorno-que-cada-vez-mas-personas-padecen-2\/","og_locale":"es_ES","og_type":"article","og_title":"\u00abQu\u00e9 es la nomofobia: el trastorno que cada vez m\u00e1s personas padecen\u00bb","og_description":"NOTIAMERICA &#8211; REPUBLICA DOMINICANA\u00a0 ESPA\u00d1A_ El 81% de los j\u00f3venes espa\u00f1oles sufren de ella. Esta adicci\u00f3n nos hace estar todo el rato conectados con el mundo de manera virtual. All\u00e1 donde mires, veras un&#46;&#46;&#46;","og_url":"https:\/\/noti-america.com\/site\/repdom\/2022\/11\/17\/que-es-la-nomofobia-el-trastorno-que-cada-vez-mas-personas-padecen-2\/","og_site_name":"Rep. Dominicana | Noti-America.com","article_published_time":"2022-11-17T20:19:57+00:00","og_image":[{"width":960,"height":720,"url":"https:\/\/noti-america.com\/site\/repdom\/wp-content\/uploads\/sites\/6\/2022\/11\/Nomofobia.png","type":"image\/png"}],"author":"Cerso Castillo","twitter_card":"summary_large_image","twitter_misc":{"Escrito por":"Cerso Castillo","Tiempo estimado de lectura":"3 minutos"},"schema":{"@context":"https:\/\/schema.org","@graph":[{"@type":"Article","@id":"https:\/\/noti-america.com\/site\/repdom\/2022\/11\/17\/que-es-la-nomofobia-el-trastorno-que-cada-vez-mas-personas-padecen-2\/#article","isPartOf":{"@id":"https:\/\/noti-america.com\/site\/repdom\/2022\/11\/17\/que-es-la-nomofobia-el-trastorno-que-cada-vez-mas-personas-padecen-2\/"},"author":{"name":"Cerso Castillo","@id":"https:\/\/noti-america.com\/site\/repdom\/#\/schema\/person\/408e10184d87f571c50942f1d952011d"},"headline":"\u00abQu\u00e9 es la nomofobia: el trastorno que cada vez m\u00e1s personas padecen\u00bb","datePublished":"2022-11-17T20:19:57+00:00","mainEntityOfPage":{"@id":"https:\/\/noti-america.com\/site\/repdom\/2022\/11\/17\/que-es-la-nomofobia-el-trastorno-que-cada-vez-mas-personas-padecen-2\/"},"wordCount":526,"commentCount":0,"publisher":{"@id":"https:\/\/noti-america.com\/site\/repdom\/#organization"},"image":{"@id":"https:\/\/noti-america.com\/site\/repdom\/2022\/11\/17\/que-es-la-nomofobia-el-trastorno-que-cada-vez-mas-personas-padecen-2\/#primaryimage"},"thumbnailUrl":"https:\/\/noti-america.com\/site\/repdom\/wp-content\/uploads\/sites\/6\/2022\/11\/Nomofobia.png","articleSection":["Internacionales"],"inLanguage":"es","potentialAction":[{"@type":"CommentAction","name":"Comment","target":["https:\/\/noti-america.com\/site\/repdom\/2022\/11\/17\/que-es-la-nomofobia-el-trastorno-que-cada-vez-mas-personas-padecen-2\/#respond"]}]},{"@type":"WebPage","@id":"https:\/\/noti-america.com\/site\/repdom\/2022\/11\/17\/que-es-la-nomofobia-el-trastorno-que-cada-vez-mas-personas-padecen-2\/","url":"https:\/\/noti-america.com\/site\/repdom\/2022\/11\/17\/que-es-la-nomofobia-el-trastorno-que-cada-vez-mas-personas-padecen-2\/","name":"\u00abQu\u00e9 es la nomofobia: el trastorno que cada vez m\u00e1s personas padecen\u00bb - Rep. Dominicana | Noti-America.com","isPartOf":{"@id":"https:\/\/noti-america.com\/site\/repdom\/#website"},"primaryImageOfPage":{"@id":"https:\/\/noti-america.com\/site\/repdom\/2022\/11\/17\/que-es-la-nomofobia-el-trastorno-que-cada-vez-mas-personas-padecen-2\/#primaryimage"},"image":{"@id":"https:\/\/noti-america.com\/site\/repdom\/2022\/11\/17\/que-es-la-nomofobia-el-trastorno-que-cada-vez-mas-personas-padecen-2\/#primaryimage"},"thumbnailUrl":"https:\/\/noti-america.com\/site\/repdom\/wp-content\/uploads\/sites\/6\/2022\/11\/Nomofobia.png","datePublished":"2022-11-17T20:19:57+00:00","breadcrumb":{"@id":"https:\/\/noti-america.com\/site\/repdom\/2022\/11\/17\/que-es-la-nomofobia-el-trastorno-que-cada-vez-mas-personas-padecen-2\/#breadcrumb"},"inLanguage":"es","potentialAction":[{"@type":"ReadAction","target":["https:\/\/noti-america.com\/site\/repdom\/2022\/11\/17\/que-es-la-nomofobia-el-trastorno-que-cada-vez-mas-personas-padecen-2\/"]}]},{"@type":"ImageObject","inLanguage":"es","@id":"https:\/\/noti-america.com\/site\/repdom\/2022\/11\/17\/que-es-la-nomofobia-el-trastorno-que-cada-vez-mas-personas-padecen-2\/#primaryimage","url":"https:\/\/noti-america.com\/site\/repdom\/wp-content\/uploads\/sites\/6\/2022\/11\/Nomofobia.png","contentUrl":"https:\/\/noti-america.com\/site\/repdom\/wp-content\/uploads\/sites\/6\/2022\/11\/Nomofobia.png","width":960,"height":720},{"@type":"BreadcrumbList","@id":"https:\/\/noti-america.com\/site\/repdom\/2022\/11\/17\/que-es-la-nomofobia-el-trastorno-que-cada-vez-mas-personas-padecen-2\/#breadcrumb","itemListElement":[{"@type":"ListItem","position":1,"name":"Portada","item":"https:\/\/noti-america.com\/site\/repdom\/"},{"@type":"ListItem","position":2,"name":"\u00abQu\u00e9 es la nomofobia: el trastorno que cada vez m\u00e1s personas padecen\u00bb"}]},{"@type":"WebSite","@id":"https:\/\/noti-america.com\/site\/repdom\/#website","url":"https:\/\/noti-america.com\/site\/repdom\/","name":"Rep. Dominicana | Noti-America.com","description":"","publisher":{"@id":"https:\/\/noti-america.com\/site\/repdom\/#organization"},"potentialAction":[{"@type":"SearchAction","target":{"@type":"EntryPoint","urlTemplate":"https:\/\/noti-america.com\/site\/repdom\/?s={search_term_string}"},"query-input":{"@type":"PropertyValueSpecification","valueRequired":true,"valueName":"search_term_string"}}],"inLanguage":"es"},{"@type":"Organization","@id":"https:\/\/noti-america.com\/site\/repdom\/#organization","name":"Noti-America LLC | Rep\u00fablica Dominicana","url":"https:\/\/noti-america.com\/site\/repdom\/","logo":{"@type":"ImageObject","inLanguage":"es","@id":"https:\/\/noti-america.com\/site\/repdom\/#\/schema\/logo\/image\/","url":"https:\/\/noti-america.com\/site\/repdom\/wp-content\/uploads\/sites\/6\/2020\/07\/LogoNA-4x3-1.jpg","contentUrl":"https:\/\/noti-america.com\/site\/repdom\/wp-content\/uploads\/sites\/6\/2020\/07\/LogoNA-4x3-1.jpg","width":1236,"height":1080,"caption":"Noti-America LLC | Rep\u00fablica Dominicana"},"image":{"@id":"https:\/\/noti-america.com\/site\/repdom\/#\/schema\/logo\/image\/"}},{"@type":"Person","@id":"https:\/\/noti-america.com\/site\/repdom\/#\/schema\/person\/408e10184d87f571c50942f1d952011d","name":"Cerso Castillo","image":{"@type":"ImageObject","inLanguage":"es","@id":"https:\/\/secure.gravatar.com\/avatar\/cdbd3acf34ce68a34b34df99954821070986715ab3e264b63c5395bd1ddd529d?s=96&d=mm&r=g","url":"https:\/\/secure.gravatar.com\/avatar\/cdbd3acf34ce68a34b34df99954821070986715ab3e264b63c5395bd1ddd529d?s=96&d=mm&r=g","contentUrl":"https:\/\/secure.gravatar.com\/avatar\/cdbd3acf34ce68a34b34df99954821070986715ab3e264b63c5395bd1ddd529d?s=96&d=mm&r=g","caption":"Cerso Castillo"},"description":"Comunicador &amp; Periodista, Locutor, Maestro de Ceremonias, Animador, Orador, Dominio Escenico, Productor de Tv &amp; Radio, Lider Consejero de Camp., Mentor Honorifico, Coach Comunicacional, Manejo de Paq. De Office, Dominio del Portugues, manejo del Ingles Intermedio &amp; Productor General del Programa Digital Conexi\u00f3n Sin Limites RD.","sameAs":["https:\/\/www.facebook.com\/conexionsinlimitesrd\/"],"url":"https:\/\/noti-america.com\/site\/repdom\/author\/ccastillo\/"}]}},"_links":{"self":[{"href":"https:\/\/noti-america.com\/site\/repdom\/wp-json\/wp\/v2\/posts\/20719","targetHints":{"allow":["GET"]}}],"collection":[{"href":"https:\/\/noti-america.com\/site\/repdom\/wp-json\/wp\/v2\/posts"}],"about":[{"href":"https:\/\/noti-america.com\/site\/repdom\/wp-json\/wp\/v2\/types\/post"}],"author":[{"embeddable":true,"href":"https:\/\/noti-america.com\/site\/repdom\/wp-json\/wp\/v2\/users\/90"}],"replies":[{"embeddable":true,"href":"https:\/\/noti-america.com\/site\/repdom\/wp-json\/wp\/v2\/comments?post=20719"}],"version-history":[{"count":0,"href":"https:\/\/noti-america.com\/site\/repdom\/wp-json\/wp\/v2\/posts\/20719\/revisions"}],"wp:featuredmedia":[{"embeddable":true,"href":"https:\/\/noti-america.com\/site\/repdom\/wp-json\/wp\/v2\/media\/20720"}],"wp:attachment":[{"href":"https:\/\/noti-america.com\/site\/repdom\/wp-json\/wp\/v2\/media?parent=20719"}],"wp:term":[{"taxonomy":"category","embeddable":true,"href":"https:\/\/noti-america.com\/site\/repdom\/wp-json\/wp\/v2\/categories?post=20719"},{"taxonomy":"post_tag","embeddable":true,"href":"https:\/\/noti-america.com\/site\/repdom\/wp-json\/wp\/v2\/tags?post=20719"}],"curies":[{"name":"wp","href":"https:\/\/api.w.org\/{rel}","templated":true}]}}